{"id":73871,"date":"2025-02-10T12:05:07","date_gmt":"2025-02-10T11:05:07","guid":{"rendered":"https:\/\/vosgesinfo.fr\/saintdieinfo\/?p=73871"},"modified":"2025-02-10T11:56:57","modified_gmt":"2025-02-10T10:56:57","slug":"bilan-satisfaisant-pour-la-deuxieme-grande-collecte-alimentaire-de-saint-die-des-vosges","status":"publish","type":"post","link":"https:\/\/vosgesinfo.fr\/saintdieinfo\/2025\/02\/bilan-satisfaisant-pour-la-deuxieme-grande-collecte-alimentaire-de-saint-die-des-vosges\/","title":{"rendered":"Bilan satisfaisant pour la deuxi\u00e8me grande collecte alimentaire de Saint-Di\u00e9-des-Vosges"},"content":{"rendered":"<p><iframe loading=\"lazy\" style=\"border: none; overflow: hidden;\" src=\"https:\/\/www.facebook.com\/plugins\/video.php?height=476&amp;href=https%3A%2F%2Fwww.facebook.com%2Freel%2F1021543946667554%2F&amp;show_text=false&amp;width=267&amp;t=0\" width=\"267\" height=\"476\" frameborder=\"0\" scrolling=\"no\" allowfullscreen=\"allowfullscreen\"><\/iframe><\/p>\n<h2><a href=\"https:\/\/vosgesinfo.fr\/saintdieinfo\/2025\/01\/cest-parti-pour-la-deuxieme-grande-collecte-alimentaire-solidaire-de-saint-die-des-vosges\/\" target=\"_blank\" rel=\"noopener\"><strong>La deuxi\u00e8me grande collecte alimentaire de Saint-Di\u00e9-des-Vosges<\/strong><\/a> s&rsquo;est d\u00e9roul\u00e9e du vendredi <strong>31 janvier<\/strong> au vendredi <strong>7 f\u00e9vrier<\/strong>, avec pour objectif de r\u00e9colter au moins <strong>10 tonnes<\/strong> de denr\u00e9es alimentaires et de produits d&rsquo;hygi\u00e8ne et pour b\u00e9b\u00e9. Ce lundi matin, l&rsquo;heure \u00e9tait au bilan du c\u00f4t\u00e9 de la <b>salle <\/b><strong><b>Carbonnar<\/b><\/strong>, lieu central de la collecte.<\/h2>\n<p><!--more--><\/p>\n<h3 class=\"western\">8,3 tonnes au profit des D\u00e9odatiens les plus d\u00e9munis<\/h3>\n<p>Si l&rsquo;objectif initial n&rsquo;a pas \u00e9t\u00e9 atteint, <strong>cet \u00e9lan<\/strong> de solidarit\u00e9 a permis de r\u00e9colter <strong>8,3 tonnes<\/strong> au profit des <strong>D\u00e9odatiennes et D\u00e9odatiens<\/strong> les plus d\u00e9munis. <strong>Soit un poids total similaire \u00e0 l&rsquo;an dernier.<\/strong> P\u00e2tes, conserves, compotes, <strong>c\u00e9r\u00e9ales<\/strong>, caf\u00e9, couches, savons et autres shampoings&#8230; les produits collect\u00e9s durant les <strong>8 jours<\/strong> de l&rsquo;op\u00e9ration, qui a mobilis\u00e9 <strong>300 b\u00e9n\u00e9voles<\/strong>, ont \u00e9t\u00e9 r\u00e9partis entre l&rsquo;\u00e9picerie solidaire du <strong>CCAS<\/strong>, l&rsquo;association <strong>Selia<\/strong> et les antennes locales de la <strong>Croix-Rouge<\/strong>, des <strong>Restos du C\u0153ur<\/strong> et du <strong>Secours Populaire<\/strong>.<\/p>\n<p><a href=\"https:\/\/vosgesinfo.fr\/app\/uploads\/sites\/4\/2025\/02\/bilan-deuxieme-collecte-alimentaire-sddv-3-scaled.jpg\"><img decoding=\"async\" class=\"alignnone size-large wp-image-73874\" src=\"https:\/\/vosgesinfo.fr\/app\/uploads\/sites\/4\/2025\/02\/bilan-deuxieme-collecte-alimentaire-sddv-3-1024x771.jpg\" alt=\"\" width=\"1024\" height=\"771\" srcset=\"https:\/\/vosgesinfo.fr\/app\/uploads\/sites\/4\/2025\/02\/bilan-deuxieme-collecte-alimentaire-sddv-3-1024x771.jpg 1024w, https:\/\/vosgesinfo.fr\/app\/uploads\/sites\/4\/2025\/02\/bilan-deuxieme-collecte-alimentaire-sddv-3-300x226.jpg 300w, https:\/\/vosgesinfo.fr\/app\/uploads\/sites\/4\/2025\/02\/bilan-deuxieme-collecte-alimentaire-sddv-3-768x578.jpg 768w, https:\/\/vosgesinfo.fr\/app\/uploads\/sites\/4\/2025\/02\/bilan-deuxieme-collecte-alimentaire-sddv-3-1536x1157.jpg 1536w, https:\/\/vosgesinfo.fr\/app\/uploads\/sites\/4\/2025\/02\/bilan-deuxieme-collecte-alimentaire-sddv-3-2048x1542.jpg 2048w\" sizes=\"(max-width: 1024px) 100vw, 1024px\" \/><\/a><\/p>\n<h3 class=\"western\">Une troisi\u00e8me \u00e9dition en 2026<\/h3>\n<p>\u00ab Je tiens \u00e9norm\u00e9ment \u00e0 ce qu&rsquo;on aide les habitants qui n&rsquo;arrivent pas <strong>\u00e0 s&rsquo;en sortir<\/strong>. Dans certaines familles, les enfants n&rsquo;ont qu&rsquo;un <b>repas chaud par jour.<\/b> Dans d&rsquo;autres, on a des parents qui travaillent et qui n&rsquo;arrivent pas \u00e0 <b>boucler les fins de mois<\/b>. Il y a donc un <strong>r\u00e9el besoin<\/strong> de cette aide annuelle. <strong>Un grand merci<\/strong> \u00e0 tout le monde, \u00e0 tous les b\u00e9n\u00e9voles et \u00e0 toutes celles et ceux ayant contribu\u00e9 \u00e0 la collecte \u00bb, a d\u00e9clar\u00e9 le maire <strong>Bruno Toussaint<\/strong> ce matin, satisfait du bilan de la collecte.<\/p>\n<p>Le maire a \u00e9galement annonc\u00e9 qu&rsquo;une <strong>troisi\u00e8me \u00e9dition<\/strong> sera organis\u00e9e en <strong>2026<\/strong>, aux m\u00eames dates que cette ann\u00e9e. L&rsquo;objectif sera \u00e0 nouveau fix\u00e9 \u00e0 10 tonnes. \u00ab Le point central sera toujours la salle <strong>Carbonnar<\/strong>. <strong>On va am\u00e9liorer la signal\u00e9tique<\/strong> pour une meilleure visibilit\u00e9. \u00bb<\/p>\n<p><a href=\"https:\/\/vosgesinfo.fr\/app\/uploads\/sites\/4\/2025\/02\/bilan-deuxieme-collecte-alimentaire-sddv-4-scaled.jpg\"><img decoding=\"async\" class=\"alignnone size-large wp-image-73875\" src=\"https:\/\/vosgesinfo.fr\/app\/uploads\/sites\/4\/2025\/02\/bilan-deuxieme-collecte-alimentaire-sddv-4-1024x771.jpg\" alt=\"\" width=\"1024\" height=\"771\" srcset=\"https:\/\/vosgesinfo.fr\/app\/uploads\/sites\/4\/2025\/02\/bilan-deuxieme-collecte-alimentaire-sddv-4-1024x771.jpg 1024w, https:\/\/vosgesinfo.fr\/app\/uploads\/sites\/4\/2025\/02\/bilan-deuxieme-collecte-alimentaire-sddv-4-300x226.jpg 300w, https:\/\/vosgesinfo.fr\/app\/uploads\/sites\/4\/2025\/02\/bilan-deuxieme-collecte-alimentaire-sddv-4-768x578.jpg 768w, https:\/\/vosgesinfo.fr\/app\/uploads\/sites\/4\/2025\/02\/bilan-deuxieme-collecte-alimentaire-sddv-4-1536x1157.jpg 1536w, https:\/\/vosgesinfo.fr\/app\/uploads\/sites\/4\/2025\/02\/bilan-deuxieme-collecte-alimentaire-sddv-4-2048x1542.jpg 2048w\" sizes=\"(max-width: 1024px) 100vw, 1024px\" \/><\/a><\/p>\n<h3 class=\"western\">La pr\u00e9carit\u00e9 en hausse \u00e0 Saint-Di\u00e9-des-Vosges<\/h3>\n<p>Cette <strong>grande collecte alimentaire annuelle<\/strong> s&rsquo;inscrit dans un contexte o\u00f9 <strong>la pr\u00e9carit\u00e9 est en hausse<\/strong> \u00e0 <strong>Saint-Di\u00e9-des-Vosges<\/strong>, notamment chez les <strong>familles monoparentales<\/strong>. Ce qu&rsquo;ont encore confirm\u00e9 ce lundi les <strong>associations concern\u00e9es<\/strong>.<\/p>\n<p>J.J.<\/p>\n\n\t\t<style type=\"text\/css\">\n\t\t\t#gallery-1 {\n\t\t\t\tmargin: auto;\n\t\t\t}\n\t\t\t#gallery-1 .gallery-item {\n\t\t\t\tfloat: left;\n\t\t\t\tmargin-top: 10px;\n\t\t\t\ttext-align: center;\n\t\t\t\twidth: 33%;\n\t\t\t}\n\t\t\t#gallery-1 img {\n\t\t\t\tborder: 2px solid #cfcfcf;\n\t\t\t}\n\t\t\t#gallery-1 .gallery-caption {\n\t\t\t\tmargin-left: 0;\n\t\t\t}\n\t\t\t\/* see gallery_shortcode() in wp-includes\/media.php *\/\n\t\t<\/style>\n\t\t<div id='gallery-1' class='gallery galleryid-73871 gallery-columns-3 gallery-size-thumbnail'><dl class='gallery-item'>\n\t\t\t<dt class='gallery-icon landscape'>\n\t\t\t\t<a href='https:\/\/vosgesinfo.fr\/app\/uploads\/sites\/4\/2025\/02\/bilan-deuxieme-collecte-alimentaire-sddv-5-scaled.jpg'><img decoding=\"async\" width=\"150\" height=\"150\" src=\"https:\/\/vosgesinfo.fr\/app\/uploads\/sites\/4\/2025\/02\/bilan-deuxieme-collecte-alimentaire-sddv-5-150x150.jpg\" class=\"attachment-thumbnail size-thumbnail\" alt=\"\" \/><\/a>\n\t\t\t<\/dt><\/dl><dl class='gallery-item'>\n\t\t\t<dt class='gallery-icon landscape'>\n\t\t\t\t<a href='https:\/\/vosgesinfo.fr\/app\/uploads\/sites\/4\/2025\/02\/bilan-deuxieme-collecte-alimentaire-sddv-1-scaled.jpg'><img decoding=\"async\" width=\"150\" height=\"150\" src=\"https:\/\/vosgesinfo.fr\/app\/uploads\/sites\/4\/2025\/02\/bilan-deuxieme-collecte-alimentaire-sddv-1-150x150.jpg\" class=\"attachment-thumbnail size-thumbnail\" alt=\"\" \/><\/a>\n\t\t\t<\/dt><\/dl><dl class='gallery-item'>\n\t\t\t<dt class='gallery-icon landscape'>\n\t\t\t\t<a href='https:\/\/vosgesinfo.fr\/app\/uploads\/sites\/4\/2025\/02\/bilan-deuxieme-collecte-alimentaire-sddv-2-scaled.jpg'><img decoding=\"async\" width=\"150\" height=\"150\" src=\"https:\/\/vosgesinfo.fr\/app\/uploads\/sites\/4\/2025\/02\/bilan-deuxieme-collecte-alimentaire-sddv-2-150x150.jpg\" class=\"attachment-thumbnail size-thumbnail\" alt=\"\" \/><\/a>\n\t\t\t<\/dt><\/dl><br style=\"clear: both\" \/><dl class='gallery-item'>\n\t\t\t<dt class='gallery-icon landscape'>\n\t\t\t\t<a href='https:\/\/vosgesinfo.fr\/app\/uploads\/sites\/4\/2025\/02\/bilan-deuxieme-collecte-alimentaire-sddv-6-scaled.jpg'><img decoding=\"async\" width=\"150\" height=\"150\" src=\"https:\/\/vosgesinfo.fr\/app\/uploads\/sites\/4\/2025\/02\/bilan-deuxieme-collecte-alimentaire-sddv-6-150x150.jpg\" class=\"attachment-thumbnail size-thumbnail\" alt=\"\" \/><\/a>\n\t\t\t<\/dt><\/dl><dl class='gallery-item'>\n\t\t\t<dt class='gallery-icon landscape'>\n\t\t\t\t<a href='https:\/\/vosgesinfo.fr\/app\/uploads\/sites\/4\/2025\/02\/bilan-deuxieme-collecte-alimentaire-sddv-7-scaled.jpg'><img decoding=\"async\" width=\"150\" height=\"150\" src=\"https:\/\/vosgesinfo.fr\/app\/uploads\/sites\/4\/2025\/02\/bilan-deuxieme-collecte-alimentaire-sddv-7-150x150.jpg\" class=\"attachment-thumbnail size-thumbnail\" alt=\"\" aria-describedby=\"gallery-1-73878\" \/><\/a>\n\t\t\t<\/dt>\n\t\t\t\t<dd class='wp-caption-text gallery-caption' id='gallery-1-73878'>\n\t\t\t\t(Archive)\n\t\t\t\t<\/dd><\/dl><dl class='gallery-item'>\n\t\t\t<dt class='gallery-icon landscape'>\n\t\t\t\t<a href='https:\/\/vosgesinfo.fr\/app\/uploads\/sites\/4\/2025\/02\/bilan-deuxieme-collecte-alimentaire-sddv-8-scaled.jpg'><img decoding=\"async\" width=\"150\" height=\"150\" src=\"https:\/\/vosgesinfo.fr\/app\/uploads\/sites\/4\/2025\/02\/bilan-deuxieme-collecte-alimentaire-sddv-8-150x150.jpg\" class=\"attachment-thumbnail size-thumbnail\" alt=\"\" \/><\/a>\n\t\t\t<\/dt><\/dl><br style=\"clear: both\" \/>\n\t\t<\/div>\n\n","protected":false},"excerpt":{"rendered":"<p>La deuxi\u00e8me grande collecte alimentaire de Saint-Di\u00e9-des-Vosges s&rsquo;est d\u00e9roul\u00e9e du vendredi 31 janvier au vendredi 7 f\u00e9vrier, avec pour objectif [&hellip;]<\/p>\n","protected":false},"author":46,"featured_media":73874,"comment_status":"open","ping_status":"open","sticky":false,"template":"","format":"standard","meta":{"footnotes":""},"categories":[460,167,29],"tags":[3787,3788,3789,6230,3342,15904,3571,3240],"class_list":["post-73871","post","type-post","status-publish","format-standard","has-post-thumbnail","hentry","category-a-la-une","category-saint-die-des-vosges","category-solidarite","tag-antenne-de-saint-die-des-vosges-de-la-croix-rouge","tag-antenne-de-saint-die-des-vosges-des-restos-du-coeur","tag-antenne-de-saint-die-des-vosges-du-secours-populaire","tag-association-selia","tag-ccas-de-saint-die-des-vosges","tag-deuxieme-grande-collecte-alimentaire-solidaire-de-saint-die-des-vosges","tag-salle-carbonnar","tag-ville-de-saint-die-des-vosges"],"acf":[],"yoast_head":"<!-- This site is optimized with the Yoast SEO plugin v22.5 - https:\/\/yoast.com\/wordpress\/plugins\/seo\/ -->\n<title>Bilan satisfaisant pour la deuxi\u00e8me grande collecte alimentaire de Saint-Di\u00e9-des-Vosges - Saint Die Info<\/title>\n<meta name=\"robots\" content=\"index, follow, max-snippet:-1, max-image-preview:large, max-video-preview:-1\" \/>\n<link rel=\"canonical\" href=\"https:\/\/vosgesinfo.fr\/saintdieinfo\/2025\/02\/bilan-satisfaisant-pour-la-deuxieme-grande-collecte-alimentaire-de-saint-die-des-vosges\/\" \/>\n<meta name=\"twitter:card\" content=\"summary_large_image\" \/>\n<meta name=\"twitter:title\" content=\"Bilan satisfaisant pour la deuxi\u00e8me grande collecte alimentaire de Saint-Di\u00e9-des-Vosges - Saint Die Info\" \/>\n<meta name=\"twitter:description\" content=\"La deuxi\u00e8me grande collecte alimentaire de Saint-Di\u00e9-des-Vosges s&rsquo;est d\u00e9roul\u00e9e du vendredi 31 janvier au vendredi 7 f\u00e9vrier, avec pour objectif [&hellip;]\" \/>\n<meta name=\"twitter:image\" content=\"https:\/\/vosgesinfo.fr\/app\/uploads\/sites\/4\/2025\/02\/bilan-deuxieme-collecte-alimentaire-sddv-3-scaled.jpg\" \/>\n<meta name=\"twitter:creator\" content=\"@VosgesInfo88\" \/>\n<meta name=\"twitter:site\" content=\"@VosgesInfo88\" \/>\n<meta name=\"twitter:label1\" content=\"\u00c9crit par\" \/>\n\t<meta name=\"twitter:data1\" content=\"J.J.\" \/>\n\t<meta name=\"twitter:label2\" content=\"Dur\u00e9e de lecture estim\u00e9e\" \/>\n\t<meta name=\"twitter:data2\" content=\"3 minutes\" \/>\n<script type=\"application\/ld+json\" class=\"yoast-schema-graph\">{\"@context\":\"https:\/\/schema.org\",\"@graph\":[{\"@type\":\"Article\",\"@id\":\"https:\/\/vosgesinfo.fr\/saintdieinfo\/2025\/02\/bilan-satisfaisant-pour-la-deuxieme-grande-collecte-alimentaire-de-saint-die-des-vosges\/#article\",\"isPartOf\":{\"@id\":\"https:\/\/vosgesinfo.fr\/saintdieinfo\/2025\/02\/bilan-satisfaisant-pour-la-deuxieme-grande-collecte-alimentaire-de-saint-die-des-vosges\/\"},\"author\":{\"name\":\"J.J.\",\"@id\":\"https:\/\/vosgesinfo.fr\/saintdieinfo\/#\/schema\/person\/fa73e9f726d67bb88f46d5b7943cb572\"},\"headline\":\"Bilan satisfaisant pour la deuxi\u00e8me grande collecte alimentaire de Saint-Di\u00e9-des-Vosges\",\"datePublished\":\"2025-02-10T11:05:07+00:00\",\"dateModified\":\"2025-02-10T10:56:57+00:00\",\"mainEntityOfPage\":{\"@id\":\"https:\/\/vosgesinfo.fr\/saintdieinfo\/2025\/02\/bilan-satisfaisant-pour-la-deuxieme-grande-collecte-alimentaire-de-saint-die-des-vosges\/\"},\"wordCount\":380,\"commentCount\":0,\"publisher\":{\"@id\":\"https:\/\/vosgesinfo.fr\/saintdieinfo\/#organization\"},\"image\":{\"@id\":\"https:\/\/vosgesinfo.fr\/saintdieinfo\/2025\/02\/bilan-satisfaisant-pour-la-deuxieme-grande-collecte-alimentaire-de-saint-die-des-vosges\/#primaryimage\"},\"thumbnailUrl\":\"https:\/\/vosgesinfo.fr\/app\/uploads\/sites\/4\/2025\/02\/bilan-deuxieme-collecte-alimentaire-sddv-3-scaled.jpg\",\"keywords\":[\"Antenne de Saint-Di\u00e9-des-Vosges de la Croix Rouge\",\"Antenne de Saint-Di\u00e9-des-Vosges des Restos du Coeur\",\"Antenne de Saint-Di\u00e9-des-Vosges du Secours Populaire\",\"Association S\u00e9lia\",\"CCAS de Saint-Di\u00e9-des-Vosges\",\"Deuxi\u00e8me grande collecte alimentaire solidaire de Saint-Di\u00e9-des-Vosges\",\"Salle Carbonnar\",\"Ville de Saint-Di\u00e9-des-Vosges\"],\"articleSection\":[\"A la Une\",\"Saint-Di\u00e9-des-Vosges\",\"Solidarit\u00e9\"],\"inLanguage\":\"fr-FR\",\"potentialAction\":[{\"@type\":\"CommentAction\",\"name\":\"Comment\",\"target\":[\"https:\/\/vosgesinfo.fr\/saintdieinfo\/2025\/02\/bilan-satisfaisant-pour-la-deuxieme-grande-collecte-alimentaire-de-saint-die-des-vosges\/#respond\"]}]},{\"@type\":\"WebPage\",\"@id\":\"https:\/\/vosgesinfo.fr\/saintdieinfo\/2025\/02\/bilan-satisfaisant-pour-la-deuxieme-grande-collecte-alimentaire-de-saint-die-des-vosges\/\",\"url\":\"https:\/\/vosgesinfo.fr\/saintdieinfo\/2025\/02\/bilan-satisfaisant-pour-la-deuxieme-grande-collecte-alimentaire-de-saint-die-des-vosges\/\",\"name\":\"Bilan satisfaisant pour la deuxi\u00e8me grande collecte alimentaire de Saint-Di\u00e9-des-Vosges - Saint Die Info\",\"isPartOf\":{\"@id\":\"https:\/\/vosgesinfo.fr\/saintdieinfo\/#website\"},\"primaryImageOfPage\":{\"@id\":\"https:\/\/vosgesinfo.fr\/saintdieinfo\/2025\/02\/bilan-satisfaisant-pour-la-deuxieme-grande-collecte-alimentaire-de-saint-die-des-vosges\/#primaryimage\"},\"image\":{\"@id\":\"https:\/\/vosgesinfo.fr\/saintdieinfo\/2025\/02\/bilan-satisfaisant-pour-la-deuxieme-grande-collecte-alimentaire-de-saint-die-des-vosges\/#primaryimage\"},\"thumbnailUrl\":\"https:\/\/vosgesinfo.fr\/app\/uploads\/sites\/4\/2025\/02\/bilan-deuxieme-collecte-alimentaire-sddv-3-scaled.jpg\",\"datePublished\":\"2025-02-10T11:05:07+00:00\",\"dateModified\":\"2025-02-10T10:56:57+00:00\",\"breadcrumb\":{\"@id\":\"https:\/\/vosgesinfo.fr\/saintdieinfo\/2025\/02\/bilan-satisfaisant-pour-la-deuxieme-grande-collecte-alimentaire-de-saint-die-des-vosges\/#breadcrumb\"},\"inLanguage\":\"fr-FR\",\"potentialAction\":[{\"@type\":\"ReadAction\",\"target\":[\"https:\/\/vosgesinfo.fr\/saintdieinfo\/2025\/02\/bilan-satisfaisant-pour-la-deuxieme-grande-collecte-alimentaire-de-saint-die-des-vosges\/\"]}]},{\"@type\":\"ImageObject\",\"inLanguage\":\"fr-FR\",\"@id\":\"https:\/\/vosgesinfo.fr\/saintdieinfo\/2025\/02\/bilan-satisfaisant-pour-la-deuxieme-grande-collecte-alimentaire-de-saint-die-des-vosges\/#primaryimage\",\"url\":\"https:\/\/vosgesinfo.fr\/app\/uploads\/sites\/4\/2025\/02\/bilan-deuxieme-collecte-alimentaire-sddv-3-scaled.jpg\",\"contentUrl\":\"https:\/\/vosgesinfo.fr\/app\/uploads\/sites\/4\/2025\/02\/bilan-deuxieme-collecte-alimentaire-sddv-3-scaled.jpg\",\"width\":2560,\"height\":1928},{\"@type\":\"BreadcrumbList\",\"@id\":\"https:\/\/vosgesinfo.fr\/saintdieinfo\/2025\/02\/bilan-satisfaisant-pour-la-deuxieme-grande-collecte-alimentaire-de-saint-die-des-vosges\/#breadcrumb\",\"itemListElement\":[{\"@type\":\"ListItem\",\"position\":1,\"name\":\"Home\",\"item\":\"https:\/\/vosgesinfo.fr\/saintdieinfo\/\"},{\"@type\":\"ListItem\",\"position\":2,\"name\":\"Bilan satisfaisant pour la deuxi\u00e8me grande collecte alimentaire de Saint-Di\u00e9-des-Vosges\"}]},{\"@type\":\"WebSite\",\"@id\":\"https:\/\/vosgesinfo.fr\/saintdieinfo\/#website\",\"url\":\"https:\/\/vosgesinfo.fr\/saintdieinfo\/\",\"name\":\"Saint Die Info\",\"description\":\"Toute l&#039;actualit\u00e9 de Saint-Di\u00e9-Des-Vosges\",\"publisher\":{\"@id\":\"https:\/\/vosgesinfo.fr\/saintdieinfo\/#organization\"},\"alternateName\":\"Toute l'actualit\u00e9 de Saint-Di\u00e9-Des-Vosges\",\"potentialAction\":[{\"@type\":\"SearchAction\",\"target\":{\"@type\":\"EntryPoint\",\"urlTemplate\":\"https:\/\/vosgesinfo.fr\/saintdieinfo\/?s={search_term_string}\"},\"query-input\":\"required name=search_term_string\"}],\"inLanguage\":\"fr-FR\"},{\"@type\":\"Organization\",\"@id\":\"https:\/\/vosgesinfo.fr\/saintdieinfo\/#organization\",\"name\":\"Saint Die Info\",\"url\":\"https:\/\/vosgesinfo.fr\/saintdieinfo\/\",\"logo\":{\"@type\":\"ImageObject\",\"inLanguage\":\"fr-FR\",\"@id\":\"https:\/\/vosgesinfo.fr\/saintdieinfo\/#\/schema\/logo\/image\/\",\"url\":\"https:\/\/vosgesinfo.fr\/app\/uploads\/sites\/4\/2024\/02\/logo-sdi.jpg\",\"contentUrl\":\"https:\/\/vosgesinfo.fr\/app\/uploads\/sites\/4\/2024\/02\/logo-sdi.jpg\",\"width\":600,\"height\":600,\"caption\":\"Saint Die Info\"},\"image\":{\"@id\":\"https:\/\/vosgesinfo.fr\/saintdieinfo\/#\/schema\/logo\/image\/\"},\"sameAs\":[\"https:\/\/www.facebook.com\/Saintdieinfofr\",\"https:\/\/x.com\/VosgesInfo88\",\"https:\/\/www.youtube.com\/@vosgesinfo\"]},{\"@type\":\"Person\",\"@id\":\"https:\/\/vosgesinfo.fr\/saintdieinfo\/#\/schema\/person\/fa73e9f726d67bb88f46d5b7943cb572\",\"name\":\"J.J.\",\"image\":{\"@type\":\"ImageObject\",\"inLanguage\":\"fr-FR\",\"@id\":\"https:\/\/vosgesinfo.fr\/saintdieinfo\/#\/schema\/person\/image\/\",\"url\":\"https:\/\/secure.gravatar.com\/avatar\/219e749e47ffbcca018a360ae4add7d4cdf1cdaaf8bc7676b27efade3fe65615?s=96&d=mm&r=g\",\"contentUrl\":\"https:\/\/secure.gravatar.com\/avatar\/219e749e47ffbcca018a360ae4add7d4cdf1cdaaf8bc7676b27efade3fe65615?s=96&d=mm&r=g\",\"caption\":\"J.J.\"},\"url\":\"https:\/\/vosgesinfo.fr\/saintdieinfo\/author\/j-j\/\"}]}<\/script>\n<!-- \/ Yoast SEO plugin. -->","yoast_head_json":{"title":"Bilan satisfaisant pour la deuxi\u00e8me grande collecte alimentaire de Saint-Di\u00e9-des-Vosges - Saint Die Info","robots":{"index":"index","follow":"follow","max-snippet":"max-snippet:-1","max-image-preview":"max-image-preview:large","max-video-preview":"max-video-preview:-1"},"canonical":"https:\/\/vosgesinfo.fr\/saintdieinfo\/2025\/02\/bilan-satisfaisant-pour-la-deuxieme-grande-collecte-alimentaire-de-saint-die-des-vosges\/","twitter_card":"summary_large_image","twitter_title":"Bilan satisfaisant pour la deuxi\u00e8me grande collecte alimentaire de Saint-Di\u00e9-des-Vosges - Saint Die Info","twitter_description":"La deuxi\u00e8me grande collecte alimentaire de Saint-Di\u00e9-des-Vosges s&rsquo;est d\u00e9roul\u00e9e du vendredi 31 janvier au vendredi 7 f\u00e9vrier, avec pour objectif [&hellip;]","twitter_image":"https:\/\/vosgesinfo.fr\/app\/uploads\/sites\/4\/2025\/02\/bilan-deuxieme-collecte-alimentaire-sddv-3-scaled.jpg","twitter_creator":"@VosgesInfo88","twitter_site":"@VosgesInfo88","twitter_misc":{"\u00c9crit par":"J.J.","Dur\u00e9e de lecture estim\u00e9e":"3 minutes"},"schema":{"@context":"https:\/\/schema.org","@graph":[{"@type":"Article","@id":"https:\/\/vosgesinfo.fr\/saintdieinfo\/2025\/02\/bilan-satisfaisant-pour-la-deuxieme-grande-collecte-alimentaire-de-saint-die-des-vosges\/#article","isPartOf":{"@id":"https:\/\/vosgesinfo.fr\/saintdieinfo\/2025\/02\/bilan-satisfaisant-pour-la-deuxieme-grande-collecte-alimentaire-de-saint-die-des-vosges\/"},"author":{"name":"J.J.","@id":"https:\/\/vosgesinfo.fr\/saintdieinfo\/#\/schema\/person\/fa73e9f726d67bb88f46d5b7943cb572"},"headline":"Bilan satisfaisant pour la deuxi\u00e8me grande collecte alimentaire de Saint-Di\u00e9-des-Vosges","datePublished":"2025-02-10T11:05:07+00:00","dateModified":"2025-02-10T10:56:57+00:00","mainEntityOfPage":{"@id":"https:\/\/vosgesinfo.fr\/saintdieinfo\/2025\/02\/bilan-satisfaisant-pour-la-deuxieme-grande-collecte-alimentaire-de-saint-die-des-vosges\/"},"wordCount":380,"commentCount":0,"publisher":{"@id":"https:\/\/vosgesinfo.fr\/saintdieinfo\/#organization"},"image":{"@id":"https:\/\/vosgesinfo.fr\/saintdieinfo\/2025\/02\/bilan-satisfaisant-pour-la-deuxieme-grande-collecte-alimentaire-de-saint-die-des-vosges\/#primaryimage"},"thumbnailUrl":"https:\/\/vosgesinfo.fr\/app\/uploads\/sites\/4\/2025\/02\/bilan-deuxieme-collecte-alimentaire-sddv-3-scaled.jpg","keywords":["Antenne de Saint-Di\u00e9-des-Vosges de la Croix Rouge","Antenne de Saint-Di\u00e9-des-Vosges des Restos du Coeur","Antenne de Saint-Di\u00e9-des-Vosges du Secours Populaire","Association S\u00e9lia","CCAS de Saint-Di\u00e9-des-Vosges","Deuxi\u00e8me grande collecte alimentaire solidaire de Saint-Di\u00e9-des-Vosges","Salle Carbonnar","Ville de Saint-Di\u00e9-des-Vosges"],"articleSection":["A la Une","Saint-Di\u00e9-des-Vosges","Solidarit\u00e9"],"inLanguage":"fr-FR","potentialAction":[{"@type":"CommentAction","name":"Comment","target":["https:\/\/vosgesinfo.fr\/saintdieinfo\/2025\/02\/bilan-satisfaisant-pour-la-deuxieme-grande-collecte-alimentaire-de-saint-die-des-vosges\/#respond"]}]},{"@type":"WebPage","@id":"https:\/\/vosgesinfo.fr\/saintdieinfo\/2025\/02\/bilan-satisfaisant-pour-la-deuxieme-grande-collecte-alimentaire-de-saint-die-des-vosges\/","url":"https:\/\/vosgesinfo.fr\/saintdieinfo\/2025\/02\/bilan-satisfaisant-pour-la-deuxieme-grande-collecte-alimentaire-de-saint-die-des-vosges\/","name":"Bilan satisfaisant pour la deuxi\u00e8me grande collecte alimentaire de Saint-Di\u00e9-des-Vosges - Saint Die Info","isPartOf":{"@id":"https:\/\/vosgesinfo.fr\/saintdieinfo\/#website"},"primaryImageOfPage":{"@id":"https:\/\/vosgesinfo.fr\/saintdieinfo\/2025\/02\/bilan-satisfaisant-pour-la-deuxieme-grande-collecte-alimentaire-de-saint-die-des-vosges\/#primaryimage"},"image":{"@id":"https:\/\/vosgesinfo.fr\/saintdieinfo\/2025\/02\/bilan-satisfaisant-pour-la-deuxieme-grande-collecte-alimentaire-de-saint-die-des-vosges\/#primaryimage"},"thumbnailUrl":"https:\/\/vosgesinfo.fr\/app\/uploads\/sites\/4\/2025\/02\/bilan-deuxieme-collecte-alimentaire-sddv-3-scaled.jpg","datePublished":"2025-02-10T11:05:07+00:00","dateModified":"2025-02-10T10:56:57+00:00","breadcrumb":{"@id":"https:\/\/vosgesinfo.fr\/saintdieinfo\/2025\/02\/bilan-satisfaisant-pour-la-deuxieme-grande-collecte-alimentaire-de-saint-die-des-vosges\/#breadcrumb"},"inLanguage":"fr-FR","potentialAction":[{"@type":"ReadAction","target":["https:\/\/vosgesinfo.fr\/saintdieinfo\/2025\/02\/bilan-satisfaisant-pour-la-deuxieme-grande-collecte-alimentaire-de-saint-die-des-vosges\/"]}]},{"@type":"ImageObject","inLanguage":"fr-FR","@id":"https:\/\/vosgesinfo.fr\/saintdieinfo\/2025\/02\/bilan-satisfaisant-pour-la-deuxieme-grande-collecte-alimentaire-de-saint-die-des-vosges\/#primaryimage","url":"https:\/\/vosgesinfo.fr\/app\/uploads\/sites\/4\/2025\/02\/bilan-deuxieme-collecte-alimentaire-sddv-3-scaled.jpg","contentUrl":"https:\/\/vosgesinfo.fr\/app\/uploads\/sites\/4\/2025\/02\/bilan-deuxieme-collecte-alimentaire-sddv-3-scaled.jpg","width":2560,"height":1928},{"@type":"BreadcrumbList","@id":"https:\/\/vosgesinfo.fr\/saintdieinfo\/2025\/02\/bilan-satisfaisant-pour-la-deuxieme-grande-collecte-alimentaire-de-saint-die-des-vosges\/#breadcrumb","itemListElement":[{"@type":"ListItem","position":1,"name":"Home","item":"https:\/\/vosgesinfo.fr\/saintdieinfo\/"},{"@type":"ListItem","position":2,"name":"Bilan satisfaisant pour la deuxi\u00e8me grande collecte alimentaire de Saint-Di\u00e9-des-Vosges"}]},{"@type":"WebSite","@id":"https:\/\/vosgesinfo.fr\/saintdieinfo\/#website","url":"https:\/\/vosgesinfo.fr\/saintdieinfo\/","name":"Saint Die Info","description":"Toute l&#039;actualit\u00e9 de Saint-Di\u00e9-Des-Vosges","publisher":{"@id":"https:\/\/vosgesinfo.fr\/saintdieinfo\/#organization"},"alternateName":"Toute l'actualit\u00e9 de Saint-Di\u00e9-Des-Vosges","potentialAction":[{"@type":"SearchAction","target":{"@type":"EntryPoint","urlTemplate":"https:\/\/vosgesinfo.fr\/saintdieinfo\/?s={search_term_string}"},"query-input":"required name=search_term_string"}],"inLanguage":"fr-FR"},{"@type":"Organization","@id":"https:\/\/vosgesinfo.fr\/saintdieinfo\/#organization","name":"Saint Die Info","url":"https:\/\/vosgesinfo.fr\/saintdieinfo\/","logo":{"@type":"ImageObject","inLanguage":"fr-FR","@id":"https:\/\/vosgesinfo.fr\/saintdieinfo\/#\/schema\/logo\/image\/","url":"https:\/\/vosgesinfo.fr\/app\/uploads\/sites\/4\/2024\/02\/logo-sdi.jpg","contentUrl":"https:\/\/vosgesinfo.fr\/app\/uploads\/sites\/4\/2024\/02\/logo-sdi.jpg","width":600,"height":600,"caption":"Saint Die Info"},"image":{"@id":"https:\/\/vosgesinfo.fr\/saintdieinfo\/#\/schema\/logo\/image\/"},"sameAs":["https:\/\/www.facebook.com\/Saintdieinfofr","https:\/\/x.com\/VosgesInfo88","https:\/\/www.youtube.com\/@vosgesinfo"]},{"@type":"Person","@id":"https:\/\/vosgesinfo.fr\/saintdieinfo\/#\/schema\/person\/fa73e9f726d67bb88f46d5b7943cb572","name":"J.J.","image":{"@type":"ImageObject","inLanguage":"fr-FR","@id":"https:\/\/vosgesinfo.fr\/saintdieinfo\/#\/schema\/person\/image\/","url":"https:\/\/secure.gravatar.com\/avatar\/219e749e47ffbcca018a360ae4add7d4cdf1cdaaf8bc7676b27efade3fe65615?s=96&d=mm&r=g","contentUrl":"https:\/\/secure.gravatar.com\/avatar\/219e749e47ffbcca018a360ae4add7d4cdf1cdaaf8bc7676b27efade3fe65615?s=96&d=mm&r=g","caption":"J.J."},"url":"https:\/\/vosgesinfo.fr\/saintdieinfo\/author\/j-j\/"}]}},"_links":{"self":[{"href":"https:\/\/vosgesinfo.fr\/saintdieinfo\/wp-json\/wp\/v2\/posts\/73871","targetHints":{"allow":["GET"]}}],"collection":[{"href":"https:\/\/vosgesinfo.fr\/saintdieinfo\/wp-json\/wp\/v2\/posts"}],"about":[{"href":"https:\/\/vosgesinfo.fr\/saintdieinfo\/wp-json\/wp\/v2\/types\/post"}],"author":[{"embeddable":true,"href":"https:\/\/vosgesinfo.fr\/saintdieinfo\/wp-json\/wp\/v2\/users\/46"}],"replies":[{"embeddable":true,"href":"https:\/\/vosgesinfo.fr\/saintdieinfo\/wp-json\/wp\/v2\/comments?post=73871"}],"version-history":[{"count":4,"href":"https:\/\/vosgesinfo.fr\/saintdieinfo\/wp-json\/wp\/v2\/posts\/73871\/revisions"}],"predecessor-version":[{"id":73883,"href":"https:\/\/vosgesinfo.fr\/saintdieinfo\/wp-json\/wp\/v2\/posts\/73871\/revisions\/73883"}],"wp:featuredmedia":[{"embeddable":true,"href":"https:\/\/vosgesinfo.fr\/saintdieinfo\/wp-json\/wp\/v2\/media\/73874"}],"wp:attachment":[{"href":"https:\/\/vosgesinfo.fr\/saintdieinfo\/wp-json\/wp\/v2\/media?parent=73871"}],"wp:term":[{"taxonomy":"category","embeddable":true,"href":"https:\/\/vosgesinfo.fr\/saintdieinfo\/wp-json\/wp\/v2\/categories?post=73871"},{"taxonomy":"post_tag","embeddable":true,"href":"https:\/\/vosgesinfo.fr\/saintdieinfo\/wp-json\/wp\/v2\/tags?post=73871"}],"curies":[{"name":"wp","href":"https:\/\/api.w.org\/{rel}","templated":true}]}}