{"id":73887,"date":"2025-02-10T17:26:00","date_gmt":"2025-02-10T16:26:00","guid":{"rendered":"https:\/\/vosgesinfo.fr\/saintdieinfo\/?p=73887"},"modified":"2025-02-10T17:15:56","modified_gmt":"2025-02-10T16:15:56","slug":"apiculture-le-conseil-regional-signe-un-contrat-de-filiere","status":"publish","type":"post","link":"https:\/\/vosgesinfo.fr\/saintdieinfo\/2025\/02\/apiculture-le-conseil-regional-signe-un-contrat-de-filiere\/","title":{"rendered":"Apiculture\u00a0: le Conseil R\u00e9gional signe un contrat de fili\u00e8re"},"content":{"rendered":"<div id=\"attachment_32331\" style=\"width: 1034px\" class=\"wp-caption alignnone\"><a href=\"https:\/\/vosgesinfo.fr\/app\/uploads\/sites\/4\/2024\/04\/abeille-il-est-encore-temps-deodatie.jpg\"><img decoding=\"async\" aria-describedby=\"caption-attachment-32331\" class=\"size-large wp-image-32331\" src=\"https:\/\/vosgesinfo.fr\/app\/uploads\/sites\/4\/2024\/04\/abeille-il-est-encore-temps-deodatie-1024x739.jpg\" alt=\"\" width=\"1024\" height=\"739\" srcset=\"https:\/\/vosgesinfo.fr\/app\/uploads\/sites\/4\/2024\/04\/abeille-il-est-encore-temps-deodatie-1024x739.jpg 1024w, https:\/\/vosgesinfo.fr\/app\/uploads\/sites\/4\/2024\/04\/abeille-il-est-encore-temps-deodatie-300x216.jpg 300w, https:\/\/vosgesinfo.fr\/app\/uploads\/sites\/4\/2024\/04\/abeille-il-est-encore-temps-deodatie-768x554.jpg 768w, https:\/\/vosgesinfo.fr\/app\/uploads\/sites\/4\/2024\/04\/abeille-il-est-encore-temps-deodatie-1536x1108.jpg 1536w, https:\/\/vosgesinfo.fr\/app\/uploads\/sites\/4\/2024\/04\/abeille-il-est-encore-temps-deodatie.jpg 2002w\" sizes=\"(max-width: 1024px) 100vw, 1024px\" \/><\/a><p id=\"caption-attachment-32331\" class=\"wp-caption-text\">(Illustration)<\/p><\/div>\n<h2>Le secteur de <strong>l&rsquo;apiculture<\/strong>, marqu\u00e9 par une <strong>baisse de production<\/strong>, se trouve en grande difficult\u00e9 dans le <strong>Grand Est<\/strong>. C&rsquo;est pour aider les quelque <strong>8000 apiculteurs<\/strong> de la r\u00e9gion que le <strong>Conseil R\u00e9gional<\/strong> a renouvel\u00e9 un <strong>contrat de fili\u00e8re<\/strong>, apr\u00e8s une <strong>premi\u00e8re tentative<\/strong> en <strong>2018 et 2022<\/strong>.<\/h2>\n<p><!--more--><\/p>\n<h3 class=\"western\"><strong>2 millions d&rsquo;\u20ac pour soutenir la profession<\/strong><\/h3>\n<p>Comme le pr\u00e9cisent nos confr\u00e8res de <strong>Ici Sud Lorraine<\/strong>, ce contrat de pr\u00e8s de <strong>2 millions d&rsquo;\u20ac<\/strong> vise \u00e0 <strong>structurer<\/strong> la profession, <strong>maintenir<\/strong> les exploitations et les <strong>adapter<\/strong> au <strong>changement climatique<\/strong>.<\/p>\n<h3 class=\"western\"><strong>De nombreux facteurs aggravent la crise<\/strong><\/h3>\n<p><strong>Conditions m\u00e9t\u00e9orologiques<\/strong>, notamment l&rsquo;<strong>exc\u00e9dent de pluie<\/strong> et les <strong>gel\u00e9es printani\u00e8res<\/strong>, le <strong>frelon asiatique<\/strong>, le <strong>varroa<\/strong> et l&rsquo;<strong>artificialisation des sols<\/strong>&#8230; sont autant de facteurs qui viennent aggraver la crise des apiculteurs du Grand Est. Faute de solutions <strong>m\u00e9dicamenteuses<\/strong> efficaces, un nombre d&rsquo;entre eux \u00e9l\u00e8ve davantage de colonies pour compenser la <strong>mortalit\u00e9 des essaims.<\/strong><\/p>\n<h3 class=\"western\"><strong>Un contrat vital pour la fili\u00e8re<\/strong><\/h3>\n<p>Concr\u00e8tement, le contrat de fili\u00e8re aide \u00e0 <strong>financer certains traitements<\/strong>. Une aide <strong>essentielle<\/strong>, car sans ce coup de pouce de la R\u00e9gion, les abeilles et, par extension, les apiculteurs seraient vou\u00e9s \u00e0 <strong>dispara\u00eetre<\/strong>. Selon le Conseil R\u00e9gional, cette profession est jug\u00e9e <strong>indispensable<\/strong>, car elle repr\u00e9sente <strong>14% du miel fran\u00e7ais<\/strong> et joue un r\u00f4le cl\u00e9 dans la <strong>pollinisation<\/strong>.<\/p>\n<h3 class=\"western\"><strong>Des perspectives d&rsquo;avenir malgr\u00e9 la crise<\/strong><\/h3>\n<p>Malgr\u00e9 le contexte, certains apiculteurs voient des perspectives de <strong>croissance<\/strong>, avec par exemple la production de <strong>miel d&rsquo;acacia<\/strong>. Ce qui \u00e9tait <strong>inenvisageable<\/strong> encore r\u00e9cemment.<\/p>\n","protected":false},"excerpt":{"rendered":"<p>Le secteur de l&rsquo;apiculture, marqu\u00e9 par une baisse de production, se trouve en grande difficult\u00e9 dans le Grand Est. C&rsquo;est [&hellip;]<\/p>\n","protected":false},"author":46,"featured_media":32331,"comment_status":"open","ping_status":"open","sticky":false,"template":"","format":"standard","meta":{"footnotes":""},"categories":[460,7,5392,5391,5389,3628,4099,2915,18],"tags":[97,16129,6378,3199,4636,16128,16130],"class_list":["post-73887","post","type-post","status-publish","format-standard","has-post-thumbnail","hentry","category-a-la-une","category-environnement","category-epinal","category-gerardmer","category-la-plaine-des-vosges","category-region-grand-est","category-remiremont","category-saint-die-son-canton","category-vosges","tag-abeilles","tag-apiculteurs-du-grand-est","tag-apiculture","tag-biodiversite","tag-conseil-regional-du-grand-est","tag-contrat-de-filiere-avec-les-apiculteurs-du-grand-est","tag-pollinisation"],"acf":[],"yoast_head":"<!-- This site is optimized with the Yoast SEO plugin v22.5 - https:\/\/yoast.com\/wordpress\/plugins\/seo\/ -->\n<title>Apiculture\u00a0: le Conseil R\u00e9gional signe un contrat de fili\u00e8re - Saint Die Info<\/title>\n<meta name=\"robots\" content=\"index, follow, max-snippet:-1, max-image-preview:large, max-video-preview:-1\" \/>\n<link rel=\"canonical\" href=\"https:\/\/vosgesinfo.fr\/saintdieinfo\/2025\/02\/apiculture-le-conseil-regional-signe-un-contrat-de-filiere\/\" \/>\n<meta name=\"twitter:card\" content=\"summary_large_image\" \/>\n<meta name=\"twitter:title\" content=\"Apiculture\u00a0: le Conseil R\u00e9gional signe un contrat de fili\u00e8re - Saint Die Info\" \/>\n<meta name=\"twitter:description\" content=\"Le secteur de l&rsquo;apiculture, marqu\u00e9 par une baisse de production, se trouve en grande difficult\u00e9 dans le Grand Est. C&rsquo;est [&hellip;]\" \/>\n<meta name=\"twitter:image\" content=\"https:\/\/vosgesinfo.fr\/app\/uploads\/sites\/4\/2024\/04\/abeille-il-est-encore-temps-deodatie.jpg\" \/>\n<meta name=\"twitter:creator\" content=\"@VosgesInfo88\" \/>\n<meta name=\"twitter:site\" content=\"@VosgesInfo88\" \/>\n<meta name=\"twitter:label1\" content=\"\u00c9crit par\" \/>\n\t<meta name=\"twitter:data1\" content=\"J.J.\" \/>\n\t<meta name=\"twitter:label2\" content=\"Dur\u00e9e de lecture estim\u00e9e\" \/>\n\t<meta name=\"twitter:data2\" content=\"1 minute\" \/>\n<script type=\"application\/ld+json\" class=\"yoast-schema-graph\">{\"@context\":\"https:\/\/schema.org\",\"@graph\":[{\"@type\":\"Article\",\"@id\":\"https:\/\/vosgesinfo.fr\/saintdieinfo\/2025\/02\/apiculture-le-conseil-regional-signe-un-contrat-de-filiere\/#article\",\"isPartOf\":{\"@id\":\"https:\/\/vosgesinfo.fr\/saintdieinfo\/2025\/02\/apiculture-le-conseil-regional-signe-un-contrat-de-filiere\/\"},\"author\":{\"name\":\"J.J.\",\"@id\":\"https:\/\/vosgesinfo.fr\/saintdieinfo\/#\/schema\/person\/fa73e9f726d67bb88f46d5b7943cb572\"},\"headline\":\"Apiculture\u00a0: le Conseil R\u00e9gional signe un contrat de fili\u00e8re\",\"datePublished\":\"2025-02-10T16:26:00+00:00\",\"dateModified\":\"2025-02-10T16:15:56+00:00\",\"mainEntityOfPage\":{\"@id\":\"https:\/\/vosgesinfo.fr\/saintdieinfo\/2025\/02\/apiculture-le-conseil-regional-signe-un-contrat-de-filiere\/\"},\"wordCount\":280,\"commentCount\":0,\"publisher\":{\"@id\":\"https:\/\/vosgesinfo.fr\/saintdieinfo\/#organization\"},\"image\":{\"@id\":\"https:\/\/vosgesinfo.fr\/saintdieinfo\/2025\/02\/apiculture-le-conseil-regional-signe-un-contrat-de-filiere\/#primaryimage\"},\"thumbnailUrl\":\"https:\/\/vosgesinfo.fr\/app\/uploads\/sites\/4\/2024\/04\/abeille-il-est-encore-temps-deodatie.jpg\",\"keywords\":[\"abeilles\",\"Apiculteurs du Grand Est\",\"Apiculture\",\"Biodiversit\u00e9\",\"Conseil R\u00e9gional du Grand Est\",\"Contrat de fili\u00e8re avec les apiculteurs du Grand Est\",\"Pollinisation\"],\"articleSection\":[\"A la Une\",\"Environnement\",\"Epinal\",\"Gerardmer\",\"La plaine des vosges\",\"R\u00e9gion Grand Est\",\"Remiremont\",\"Saint-Di\u00e9-des-Vosges et son Agglom\u00e9ration\",\"Vosges\"],\"inLanguage\":\"fr-FR\",\"potentialAction\":[{\"@type\":\"CommentAction\",\"name\":\"Comment\",\"target\":[\"https:\/\/vosgesinfo.fr\/saintdieinfo\/2025\/02\/apiculture-le-conseil-regional-signe-un-contrat-de-filiere\/#respond\"]}]},{\"@type\":\"WebPage\",\"@id\":\"https:\/\/vosgesinfo.fr\/saintdieinfo\/2025\/02\/apiculture-le-conseil-regional-signe-un-contrat-de-filiere\/\",\"url\":\"https:\/\/vosgesinfo.fr\/saintdieinfo\/2025\/02\/apiculture-le-conseil-regional-signe-un-contrat-de-filiere\/\",\"name\":\"Apiculture\u00a0: le Conseil R\u00e9gional signe un contrat de fili\u00e8re - Saint Die Info\",\"isPartOf\":{\"@id\":\"https:\/\/vosgesinfo.fr\/saintdieinfo\/#website\"},\"primaryImageOfPage\":{\"@id\":\"https:\/\/vosgesinfo.fr\/saintdieinfo\/2025\/02\/apiculture-le-conseil-regional-signe-un-contrat-de-filiere\/#primaryimage\"},\"image\":{\"@id\":\"https:\/\/vosgesinfo.fr\/saintdieinfo\/2025\/02\/apiculture-le-conseil-regional-signe-un-contrat-de-filiere\/#primaryimage\"},\"thumbnailUrl\":\"https:\/\/vosgesinfo.fr\/app\/uploads\/sites\/4\/2024\/04\/abeille-il-est-encore-temps-deodatie.jpg\",\"datePublished\":\"2025-02-10T16:26:00+00:00\",\"dateModified\":\"2025-02-10T16:15:56+00:00\",\"breadcrumb\":{\"@id\":\"https:\/\/vosgesinfo.fr\/saintdieinfo\/2025\/02\/apiculture-le-conseil-regional-signe-un-contrat-de-filiere\/#breadcrumb\"},\"inLanguage\":\"fr-FR\",\"potentialAction\":[{\"@type\":\"ReadAction\",\"target\":[\"https:\/\/vosgesinfo.fr\/saintdieinfo\/2025\/02\/apiculture-le-conseil-regional-signe-un-contrat-de-filiere\/\"]}]},{\"@type\":\"ImageObject\",\"inLanguage\":\"fr-FR\",\"@id\":\"https:\/\/vosgesinfo.fr\/saintdieinfo\/2025\/02\/apiculture-le-conseil-regional-signe-un-contrat-de-filiere\/#primaryimage\",\"url\":\"https:\/\/vosgesinfo.fr\/app\/uploads\/sites\/4\/2024\/04\/abeille-il-est-encore-temps-deodatie.jpg\",\"contentUrl\":\"https:\/\/vosgesinfo.fr\/app\/uploads\/sites\/4\/2024\/04\/abeille-il-est-encore-temps-deodatie.jpg\",\"width\":2002,\"height\":1444,\"caption\":\"(Illustration)\"},{\"@type\":\"BreadcrumbList\",\"@id\":\"https:\/\/vosgesinfo.fr\/saintdieinfo\/2025\/02\/apiculture-le-conseil-regional-signe-un-contrat-de-filiere\/#breadcrumb\",\"itemListElement\":[{\"@type\":\"ListItem\",\"position\":1,\"name\":\"Home\",\"item\":\"https:\/\/vosgesinfo.fr\/saintdieinfo\/\"},{\"@type\":\"ListItem\",\"position\":2,\"name\":\"Apiculture\u00a0: le Conseil R\u00e9gional signe un contrat de fili\u00e8re\"}]},{\"@type\":\"WebSite\",\"@id\":\"https:\/\/vosgesinfo.fr\/saintdieinfo\/#website\",\"url\":\"https:\/\/vosgesinfo.fr\/saintdieinfo\/\",\"name\":\"Saint Die Info\",\"description\":\"Toute l&#039;actualit\u00e9 de Saint-Di\u00e9-Des-Vosges\",\"publisher\":{\"@id\":\"https:\/\/vosgesinfo.fr\/saintdieinfo\/#organization\"},\"alternateName\":\"Toute l'actualit\u00e9 de Saint-Di\u00e9-Des-Vosges\",\"potentialAction\":[{\"@type\":\"SearchAction\",\"target\":{\"@type\":\"EntryPoint\",\"urlTemplate\":\"https:\/\/vosgesinfo.fr\/saintdieinfo\/?s={search_term_string}\"},\"query-input\":\"required name=search_term_string\"}],\"inLanguage\":\"fr-FR\"},{\"@type\":\"Organization\",\"@id\":\"https:\/\/vosgesinfo.fr\/saintdieinfo\/#organization\",\"name\":\"Saint Die Info\",\"url\":\"https:\/\/vosgesinfo.fr\/saintdieinfo\/\",\"logo\":{\"@type\":\"ImageObject\",\"inLanguage\":\"fr-FR\",\"@id\":\"https:\/\/vosgesinfo.fr\/saintdieinfo\/#\/schema\/logo\/image\/\",\"url\":\"https:\/\/vosgesinfo.fr\/app\/uploads\/sites\/4\/2024\/02\/logo-sdi.jpg\",\"contentUrl\":\"https:\/\/vosgesinfo.fr\/app\/uploads\/sites\/4\/2024\/02\/logo-sdi.jpg\",\"width\":600,\"height\":600,\"caption\":\"Saint Die Info\"},\"image\":{\"@id\":\"https:\/\/vosgesinfo.fr\/saintdieinfo\/#\/schema\/logo\/image\/\"},\"sameAs\":[\"https:\/\/www.facebook.com\/Saintdieinfofr\",\"https:\/\/x.com\/VosgesInfo88\",\"https:\/\/www.youtube.com\/@vosgesinfo\"]},{\"@type\":\"Person\",\"@id\":\"https:\/\/vosgesinfo.fr\/saintdieinfo\/#\/schema\/person\/fa73e9f726d67bb88f46d5b7943cb572\",\"name\":\"J.J.\",\"image\":{\"@type\":\"ImageObject\",\"inLanguage\":\"fr-FR\",\"@id\":\"https:\/\/vosgesinfo.fr\/saintdieinfo\/#\/schema\/person\/image\/\",\"url\":\"https:\/\/secure.gravatar.com\/avatar\/219e749e47ffbcca018a360ae4add7d4cdf1cdaaf8bc7676b27efade3fe65615?s=96&d=mm&r=g\",\"contentUrl\":\"https:\/\/secure.gravatar.com\/avatar\/219e749e47ffbcca018a360ae4add7d4cdf1cdaaf8bc7676b27efade3fe65615?s=96&d=mm&r=g\",\"caption\":\"J.J.\"},\"url\":\"https:\/\/vosgesinfo.fr\/saintdieinfo\/author\/j-j\/\"}]}<\/script>\n<!-- \/ Yoast SEO plugin. -->","yoast_head_json":{"title":"Apiculture\u00a0: le Conseil R\u00e9gional signe un contrat de fili\u00e8re - Saint Die Info","robots":{"index":"index","follow":"follow","max-snippet":"max-snippet:-1","max-image-preview":"max-image-preview:large","max-video-preview":"max-video-preview:-1"},"canonical":"https:\/\/vosgesinfo.fr\/saintdieinfo\/2025\/02\/apiculture-le-conseil-regional-signe-un-contrat-de-filiere\/","twitter_card":"summary_large_image","twitter_title":"Apiculture\u00a0: le Conseil R\u00e9gional signe un contrat de fili\u00e8re - Saint Die Info","twitter_description":"Le secteur de l&rsquo;apiculture, marqu\u00e9 par une baisse de production, se trouve en grande difficult\u00e9 dans le Grand Est. C&rsquo;est [&hellip;]","twitter_image":"https:\/\/vosgesinfo.fr\/app\/uploads\/sites\/4\/2024\/04\/abeille-il-est-encore-temps-deodatie.jpg","twitter_creator":"@VosgesInfo88","twitter_site":"@VosgesInfo88","twitter_misc":{"\u00c9crit par":"J.J.","Dur\u00e9e de lecture estim\u00e9e":"1 minute"},"schema":{"@context":"https:\/\/schema.org","@graph":[{"@type":"Article","@id":"https:\/\/vosgesinfo.fr\/saintdieinfo\/2025\/02\/apiculture-le-conseil-regional-signe-un-contrat-de-filiere\/#article","isPartOf":{"@id":"https:\/\/vosgesinfo.fr\/saintdieinfo\/2025\/02\/apiculture-le-conseil-regional-signe-un-contrat-de-filiere\/"},"author":{"name":"J.J.","@id":"https:\/\/vosgesinfo.fr\/saintdieinfo\/#\/schema\/person\/fa73e9f726d67bb88f46d5b7943cb572"},"headline":"Apiculture\u00a0: le Conseil R\u00e9gional signe un contrat de fili\u00e8re","datePublished":"2025-02-10T16:26:00+00:00","dateModified":"2025-02-10T16:15:56+00:00","mainEntityOfPage":{"@id":"https:\/\/vosgesinfo.fr\/saintdieinfo\/2025\/02\/apiculture-le-conseil-regional-signe-un-contrat-de-filiere\/"},"wordCount":280,"commentCount":0,"publisher":{"@id":"https:\/\/vosgesinfo.fr\/saintdieinfo\/#organization"},"image":{"@id":"https:\/\/vosgesinfo.fr\/saintdieinfo\/2025\/02\/apiculture-le-conseil-regional-signe-un-contrat-de-filiere\/#primaryimage"},"thumbnailUrl":"https:\/\/vosgesinfo.fr\/app\/uploads\/sites\/4\/2024\/04\/abeille-il-est-encore-temps-deodatie.jpg","keywords":["abeilles","Apiculteurs du Grand Est","Apiculture","Biodiversit\u00e9","Conseil R\u00e9gional du Grand Est","Contrat de fili\u00e8re avec les apiculteurs du Grand Est","Pollinisation"],"articleSection":["A la Une","Environnement","Epinal","Gerardmer","La plaine des vosges","R\u00e9gion Grand Est","Remiremont","Saint-Di\u00e9-des-Vosges et son Agglom\u00e9ration","Vosges"],"inLanguage":"fr-FR","potentialAction":[{"@type":"CommentAction","name":"Comment","target":["https:\/\/vosgesinfo.fr\/saintdieinfo\/2025\/02\/apiculture-le-conseil-regional-signe-un-contrat-de-filiere\/#respond"]}]},{"@type":"WebPage","@id":"https:\/\/vosgesinfo.fr\/saintdieinfo\/2025\/02\/apiculture-le-conseil-regional-signe-un-contrat-de-filiere\/","url":"https:\/\/vosgesinfo.fr\/saintdieinfo\/2025\/02\/apiculture-le-conseil-regional-signe-un-contrat-de-filiere\/","name":"Apiculture\u00a0: le Conseil R\u00e9gional signe un contrat de fili\u00e8re - Saint Die Info","isPartOf":{"@id":"https:\/\/vosgesinfo.fr\/saintdieinfo\/#website"},"primaryImageOfPage":{"@id":"https:\/\/vosgesinfo.fr\/saintdieinfo\/2025\/02\/apiculture-le-conseil-regional-signe-un-contrat-de-filiere\/#primaryimage"},"image":{"@id":"https:\/\/vosgesinfo.fr\/saintdieinfo\/2025\/02\/apiculture-le-conseil-regional-signe-un-contrat-de-filiere\/#primaryimage"},"thumbnailUrl":"https:\/\/vosgesinfo.fr\/app\/uploads\/sites\/4\/2024\/04\/abeille-il-est-encore-temps-deodatie.jpg","datePublished":"2025-02-10T16:26:00+00:00","dateModified":"2025-02-10T16:15:56+00:00","breadcrumb":{"@id":"https:\/\/vosgesinfo.fr\/saintdieinfo\/2025\/02\/apiculture-le-conseil-regional-signe-un-contrat-de-filiere\/#breadcrumb"},"inLanguage":"fr-FR","potentialAction":[{"@type":"ReadAction","target":["https:\/\/vosgesinfo.fr\/saintdieinfo\/2025\/02\/apiculture-le-conseil-regional-signe-un-contrat-de-filiere\/"]}]},{"@type":"ImageObject","inLanguage":"fr-FR","@id":"https:\/\/vosgesinfo.fr\/saintdieinfo\/2025\/02\/apiculture-le-conseil-regional-signe-un-contrat-de-filiere\/#primaryimage","url":"https:\/\/vosgesinfo.fr\/app\/uploads\/sites\/4\/2024\/04\/abeille-il-est-encore-temps-deodatie.jpg","contentUrl":"https:\/\/vosgesinfo.fr\/app\/uploads\/sites\/4\/2024\/04\/abeille-il-est-encore-temps-deodatie.jpg","width":2002,"height":1444,"caption":"(Illustration)"},{"@type":"BreadcrumbList","@id":"https:\/\/vosgesinfo.fr\/saintdieinfo\/2025\/02\/apiculture-le-conseil-regional-signe-un-contrat-de-filiere\/#breadcrumb","itemListElement":[{"@type":"ListItem","position":1,"name":"Home","item":"https:\/\/vosgesinfo.fr\/saintdieinfo\/"},{"@type":"ListItem","position":2,"name":"Apiculture\u00a0: le Conseil R\u00e9gional signe un contrat de fili\u00e8re"}]},{"@type":"WebSite","@id":"https:\/\/vosgesinfo.fr\/saintdieinfo\/#website","url":"https:\/\/vosgesinfo.fr\/saintdieinfo\/","name":"Saint Die Info","description":"Toute l&#039;actualit\u00e9 de Saint-Di\u00e9-Des-Vosges","publisher":{"@id":"https:\/\/vosgesinfo.fr\/saintdieinfo\/#organization"},"alternateName":"Toute l'actualit\u00e9 de Saint-Di\u00e9-Des-Vosges","potentialAction":[{"@type":"SearchAction","target":{"@type":"EntryPoint","urlTemplate":"https:\/\/vosgesinfo.fr\/saintdieinfo\/?s={search_term_string}"},"query-input":"required name=search_term_string"}],"inLanguage":"fr-FR"},{"@type":"Organization","@id":"https:\/\/vosgesinfo.fr\/saintdieinfo\/#organization","name":"Saint Die Info","url":"https:\/\/vosgesinfo.fr\/saintdieinfo\/","logo":{"@type":"ImageObject","inLanguage":"fr-FR","@id":"https:\/\/vosgesinfo.fr\/saintdieinfo\/#\/schema\/logo\/image\/","url":"https:\/\/vosgesinfo.fr\/app\/uploads\/sites\/4\/2024\/02\/logo-sdi.jpg","contentUrl":"https:\/\/vosgesinfo.fr\/app\/uploads\/sites\/4\/2024\/02\/logo-sdi.jpg","width":600,"height":600,"caption":"Saint Die Info"},"image":{"@id":"https:\/\/vosgesinfo.fr\/saintdieinfo\/#\/schema\/logo\/image\/"},"sameAs":["https:\/\/www.facebook.com\/Saintdieinfofr","https:\/\/x.com\/VosgesInfo88","https:\/\/www.youtube.com\/@vosgesinfo"]},{"@type":"Person","@id":"https:\/\/vosgesinfo.fr\/saintdieinfo\/#\/schema\/person\/fa73e9f726d67bb88f46d5b7943cb572","name":"J.J.","image":{"@type":"ImageObject","inLanguage":"fr-FR","@id":"https:\/\/vosgesinfo.fr\/saintdieinfo\/#\/schema\/person\/image\/","url":"https:\/\/secure.gravatar.com\/avatar\/219e749e47ffbcca018a360ae4add7d4cdf1cdaaf8bc7676b27efade3fe65615?s=96&d=mm&r=g","contentUrl":"https:\/\/secure.gravatar.com\/avatar\/219e749e47ffbcca018a360ae4add7d4cdf1cdaaf8bc7676b27efade3fe65615?s=96&d=mm&r=g","caption":"J.J."},"url":"https:\/\/vosgesinfo.fr\/saintdieinfo\/author\/j-j\/"}]}},"_links":{"self":[{"href":"https:\/\/vosgesinfo.fr\/saintdieinfo\/wp-json\/wp\/v2\/posts\/73887","targetHints":{"allow":["GET"]}}],"collection":[{"href":"https:\/\/vosgesinfo.fr\/saintdieinfo\/wp-json\/wp\/v2\/posts"}],"about":[{"href":"https:\/\/vosgesinfo.fr\/saintdieinfo\/wp-json\/wp\/v2\/types\/post"}],"author":[{"embeddable":true,"href":"https:\/\/vosgesinfo.fr\/saintdieinfo\/wp-json\/wp\/v2\/users\/46"}],"replies":[{"embeddable":true,"href":"https:\/\/vosgesinfo.fr\/saintdieinfo\/wp-json\/wp\/v2\/comments?post=73887"}],"version-history":[{"count":1,"href":"https:\/\/vosgesinfo.fr\/saintdieinfo\/wp-json\/wp\/v2\/posts\/73887\/revisions"}],"predecessor-version":[{"id":73890,"href":"https:\/\/vosgesinfo.fr\/saintdieinfo\/wp-json\/wp\/v2\/posts\/73887\/revisions\/73890"}],"wp:featuredmedia":[{"embeddable":true,"href":"https:\/\/vosgesinfo.fr\/saintdieinfo\/wp-json\/wp\/v2\/media\/32331"}],"wp:attachment":[{"href":"https:\/\/vosgesinfo.fr\/saintdieinfo\/wp-json\/wp\/v2\/media?parent=73887"}],"wp:term":[{"taxonomy":"category","embeddable":true,"href":"https:\/\/vosgesinfo.fr\/saintdieinfo\/wp-json\/wp\/v2\/categories?post=73887"},{"taxonomy":"post_tag","embeddable":true,"href":"https:\/\/vosgesinfo.fr\/saintdieinfo\/wp-json\/wp\/v2\/tags?post=73887"}],"curies":[{"name":"wp","href":"https:\/\/api.w.org\/{rel}","templated":true}]}}