{"id":74050,"date":"2025-02-15T22:22:35","date_gmt":"2025-02-15T21:22:35","guid":{"rendered":"https:\/\/vosgesinfo.fr\/saintdieinfo\/?p=74050"},"modified":"2025-02-15T22:12:00","modified_gmt":"2025-02-15T21:12:00","slug":"24-apneistes-reunis-a-saint-die-des-vosges-dont-le-champion-du-monde-eric-marchal","status":"publish","type":"post","link":"https:\/\/vosgesinfo.fr\/saintdieinfo\/2025\/02\/24-apneistes-reunis-a-saint-die-des-vosges-dont-le-champion-du-monde-eric-marchal\/","title":{"rendered":"24 apn\u00e9istes r\u00e9unis \u00e0 Saint-Di\u00e9-des-Vosges, dont le champion du monde Eric Marchal"},"content":{"rendered":"<div id=\"attachment_74053\" style=\"width: 1034px\" class=\"wp-caption alignnone\"><a href=\"https:\/\/vosgesinfo.fr\/app\/uploads\/sites\/4\/2025\/02\/8e-coupe-americapnee-4.jpg\"><img decoding=\"async\" aria-describedby=\"caption-attachment-74053\" class=\"size-large wp-image-74053\" src=\"https:\/\/vosgesinfo.fr\/app\/uploads\/sites\/4\/2025\/02\/8e-coupe-americapnee-4-1024x683.jpg\" alt=\"\" width=\"1024\" height=\"683\" srcset=\"https:\/\/vosgesinfo.fr\/app\/uploads\/sites\/4\/2025\/02\/8e-coupe-americapnee-4-1024x683.jpg 1024w, https:\/\/vosgesinfo.fr\/app\/uploads\/sites\/4\/2025\/02\/8e-coupe-americapnee-4-300x200.jpg 300w, https:\/\/vosgesinfo.fr\/app\/uploads\/sites\/4\/2025\/02\/8e-coupe-americapnee-4-768x512.jpg 768w, https:\/\/vosgesinfo.fr\/app\/uploads\/sites\/4\/2025\/02\/8e-coupe-americapnee-4.jpg 1200w\" sizes=\"(max-width: 1024px) 100vw, 1024px\" \/><\/a><p id=\"caption-attachment-74053\" class=\"wp-caption-text\">Eric Marchal, champion du monde d&rsquo;apn\u00e9e statique en 2021, \u00e9tait pr\u00e9sent \u00e0 Saint-Di\u00e9-des-Vosges ce samedi. (Photographies Marc Fourniquet)<\/p><\/div>\n<h2><strong>23 apn\u00e9istes du Grand Est et un apn\u00e9iste de Belgique<\/strong> se sont retrouv\u00e9s \u00e0 <strong>AquaNova America<\/strong> ce samedi 15 f\u00e9vrier, \u00e0 l&rsquo;occasion de la <strong>8e coupe Am\u00e9ric\u2019Apn\u00e9e<\/strong>.<\/h2>\n<p><!--more--><\/p>\n<h3 class=\"western\"><strong>Une comp\u00e9tition organis\u00e9e par le club de plong\u00e9e d\u00e9odatien<\/strong><\/h3>\n<p>Une huiti\u00e8me \u00e9dition toujours organis\u00e9e par le <strong>club de plong\u00e9e de Saint-Di\u00e9-des-Vosges<\/strong>, en partenariat avec la <strong>F\u00e9d\u00e9ration d&rsquo;Apn\u00e9e du Grand Est<\/strong>, la <strong>Ville<\/strong> et <strong>AquaNova America<\/strong>.<\/p>\n<h3 class=\"western\"><strong>Des \u00e9preuves qualificatives pour la Coupe de France<\/strong><\/h3>\n<p>Trois disciplines \u00e9taient repr\u00e9sent\u00e9es au fil de la comp\u00e9tition qui, pour rappel, <strong>est qualificative pour la finale de la Coupe de France d&rsquo;apn\u00e9e<\/strong> : <strong>apn\u00e9e statique<\/strong>, <strong>apn\u00e9e dynamique mono,<\/strong> <strong>apn\u00e9e dynamique bi et apn\u00e9e dynamique sans palme<\/strong>. Les diff\u00e9rentes \u00e9preuves se sont encha\u00een\u00e9es tout au long de la journ\u00e9e, de <strong>9h \u00e0 18h.<\/strong><strong> A noter la pr\u00e9sence exceptionnelle d&rsquo;Eric Marchal, champion du monde d&rsquo;apn\u00e9e statique en 2021.<\/strong><\/p>\n<h3 class=\"western\"><strong>L&rsquo;apn\u00e9e, un sport qui gagne des adeptes<\/strong><\/h3>\n<p>Si l&rsquo;apn\u00e9e reste encore aujourd&rsquo;hui un <strong>sport discret<\/strong>, son nombre de pratiquants est en <strong>constante augmentation<\/strong> en France. En 2022, le nombre de licenci\u00e9s \u00e9tait de plus de 20 000 dans l&rsquo;Hexagone, contre 1000 moins de 10 ans plus t\u00f4t. Au-del\u00e0 de sa dimension purement physique, l&rsquo;apn\u00e9e est \u00e9galement une <strong>exp\u00e9rience introspective<\/strong>, qui demande <strong>concentration<\/strong> et <strong>ma\u00eetrise de soi<\/strong>.<\/p>\n<h3 class=\"western\"><strong>Comment s&rsquo;initier \u00e0 l&rsquo;apn\u00e9e \u00e0 Saint-Di\u00e9-des-Vosges ?<\/strong><\/h3>\n<p>Pour celles et ceux qui souhaiteraient d\u00e9couvrir cette discipline, le <strong>club d\u00e9odatien s&rsquo;entra\u00eene \u00e0 AquaNova America chaque mercredi soir, de 20h30 \u00e0 21h45<\/strong>.<\/p>\n<p>J.J.<\/p>\n\n\t\t<style type=\"text\/css\">\n\t\t\t#gallery-1 {\n\t\t\t\tmargin: auto;\n\t\t\t}\n\t\t\t#gallery-1 .gallery-item {\n\t\t\t\tfloat: left;\n\t\t\t\tmargin-top: 10px;\n\t\t\t\ttext-align: center;\n\t\t\t\twidth: 50%;\n\t\t\t}\n\t\t\t#gallery-1 img {\n\t\t\t\tborder: 2px solid #cfcfcf;\n\t\t\t}\n\t\t\t#gallery-1 .gallery-caption {\n\t\t\t\tmargin-left: 0;\n\t\t\t}\n\t\t\t\/* see gallery_shortcode() in wp-includes\/media.php *\/\n\t\t<\/style>\n\t\t<div id='gallery-1' class='gallery galleryid-74050 gallery-columns-2 gallery-size-thumbnail'><dl class='gallery-item'>\n\t\t\t<dt class='gallery-icon landscape'>\n\t\t\t\t<a href='https:\/\/vosgesinfo.fr\/app\/uploads\/sites\/4\/2025\/02\/8e-coupe-americapnee-2.jpg'><img decoding=\"async\" width=\"150\" height=\"150\" src=\"https:\/\/vosgesinfo.fr\/app\/uploads\/sites\/4\/2025\/02\/8e-coupe-americapnee-2-150x150.jpg\" class=\"attachment-thumbnail size-thumbnail\" alt=\"\" \/><\/a>\n\t\t\t<\/dt><\/dl><dl class='gallery-item'>\n\t\t\t<dt class='gallery-icon landscape'>\n\t\t\t\t<a href='https:\/\/vosgesinfo.fr\/app\/uploads\/sites\/4\/2025\/02\/8e-coupe-americapnee-3.jpg'><img decoding=\"async\" width=\"150\" height=\"150\" src=\"https:\/\/vosgesinfo.fr\/app\/uploads\/sites\/4\/2025\/02\/8e-coupe-americapnee-3-150x150.jpg\" class=\"attachment-thumbnail size-thumbnail\" alt=\"\" \/><\/a>\n\t\t\t<\/dt><\/dl><br style=\"clear: both\" \/><dl class='gallery-item'>\n\t\t\t<dt class='gallery-icon landscape'>\n\t\t\t\t<a href='https:\/\/vosgesinfo.fr\/app\/uploads\/sites\/4\/2025\/02\/8e-coupe-americapnee-1.jpg'><img decoding=\"async\" width=\"150\" height=\"150\" src=\"https:\/\/vosgesinfo.fr\/app\/uploads\/sites\/4\/2025\/02\/8e-coupe-americapnee-1-150x150.jpg\" class=\"attachment-thumbnail size-thumbnail\" alt=\"\" \/><\/a>\n\t\t\t<\/dt><\/dl><dl class='gallery-item'>\n\t\t\t<dt class='gallery-icon landscape'>\n\t\t\t\t<a href='https:\/\/vosgesinfo.fr\/app\/uploads\/sites\/4\/2025\/02\/8e-coupe-americapnee-5.jpg'><img decoding=\"async\" width=\"150\" height=\"150\" src=\"https:\/\/vosgesinfo.fr\/app\/uploads\/sites\/4\/2025\/02\/8e-coupe-americapnee-5-150x150.jpg\" class=\"attachment-thumbnail size-thumbnail\" alt=\"\" \/><\/a>\n\t\t\t<\/dt><\/dl><br style=\"clear: both\" \/>\n\t\t<\/div>\n\n","protected":false},"excerpt":{"rendered":"<p>23 apn\u00e9istes du Grand Est et un apn\u00e9iste de Belgique se sont retrouv\u00e9s \u00e0 AquaNova America ce samedi 15 f\u00e9vrier, [&hellip;]<\/p>\n","protected":false},"author":46,"featured_media":74053,"comment_status":"open","ping_status":"open","sticky":false,"template":"","format":"standard","meta":{"footnotes":""},"categories":[460,5392,5391,5389,4099,167,14,18],"tags":[16187,3422,4046,4045,13612],"class_list":["post-74050","post","type-post","status-publish","format-standard","has-post-thumbnail","hentry","category-a-la-une","category-epinal","category-gerardmer","category-la-plaine-des-vosges","category-remiremont","category-saint-die-des-vosges","category-sport","category-vosges","tag-8e-coupe-americapnee","tag-aquanova-america","tag-club-de-plongee-de-saint-die-des-vosges","tag-competition-dapnee","tag-eric-marchal"],"acf":[],"yoast_head":"<!-- This site is optimized with the Yoast SEO plugin v22.5 - https:\/\/yoast.com\/wordpress\/plugins\/seo\/ -->\n<title>24 apn\u00e9istes r\u00e9unis \u00e0 Saint-Di\u00e9-des-Vosges, dont le champion du monde Eric Marchal - Saint Die Info<\/title>\n<meta name=\"robots\" content=\"index, follow, max-snippet:-1, max-image-preview:large, max-video-preview:-1\" \/>\n<link rel=\"canonical\" href=\"https:\/\/vosgesinfo.fr\/saintdieinfo\/2025\/02\/24-apneistes-reunis-a-saint-die-des-vosges-dont-le-champion-du-monde-eric-marchal\/\" \/>\n<meta name=\"twitter:card\" content=\"summary_large_image\" \/>\n<meta name=\"twitter:title\" content=\"24 apn\u00e9istes r\u00e9unis \u00e0 Saint-Di\u00e9-des-Vosges, dont le champion du monde Eric Marchal - Saint Die Info\" \/>\n<meta name=\"twitter:description\" content=\"23 apn\u00e9istes du Grand Est et un apn\u00e9iste de Belgique se sont retrouv\u00e9s \u00e0 AquaNova America ce samedi 15 f\u00e9vrier, [&hellip;]\" \/>\n<meta name=\"twitter:image\" content=\"https:\/\/vosgesinfo.fr\/app\/uploads\/sites\/4\/2025\/02\/8e-coupe-americapnee-4.jpg\" \/>\n<meta name=\"twitter:creator\" content=\"@VosgesInfo88\" \/>\n<meta name=\"twitter:site\" content=\"@VosgesInfo88\" \/>\n<meta name=\"twitter:label1\" content=\"\u00c9crit par\" \/>\n\t<meta name=\"twitter:data1\" content=\"J.J.\" \/>\n\t<meta name=\"twitter:label2\" content=\"Dur\u00e9e de lecture estim\u00e9e\" \/>\n\t<meta name=\"twitter:data2\" content=\"1 minute\" \/>\n<script type=\"application\/ld+json\" class=\"yoast-schema-graph\">{\"@context\":\"https:\/\/schema.org\",\"@graph\":[{\"@type\":\"Article\",\"@id\":\"https:\/\/vosgesinfo.fr\/saintdieinfo\/2025\/02\/24-apneistes-reunis-a-saint-die-des-vosges-dont-le-champion-du-monde-eric-marchal\/#article\",\"isPartOf\":{\"@id\":\"https:\/\/vosgesinfo.fr\/saintdieinfo\/2025\/02\/24-apneistes-reunis-a-saint-die-des-vosges-dont-le-champion-du-monde-eric-marchal\/\"},\"author\":{\"name\":\"J.J.\",\"@id\":\"https:\/\/vosgesinfo.fr\/saintdieinfo\/#\/schema\/person\/fa73e9f726d67bb88f46d5b7943cb572\"},\"headline\":\"24 apn\u00e9istes r\u00e9unis \u00e0 Saint-Di\u00e9-des-Vosges, dont le champion du monde Eric Marchal\",\"datePublished\":\"2025-02-15T21:22:35+00:00\",\"dateModified\":\"2025-02-15T21:12:00+00:00\",\"mainEntityOfPage\":{\"@id\":\"https:\/\/vosgesinfo.fr\/saintdieinfo\/2025\/02\/24-apneistes-reunis-a-saint-die-des-vosges-dont-le-champion-du-monde-eric-marchal\/\"},\"wordCount\":320,\"commentCount\":0,\"publisher\":{\"@id\":\"https:\/\/vosgesinfo.fr\/saintdieinfo\/#organization\"},\"image\":{\"@id\":\"https:\/\/vosgesinfo.fr\/saintdieinfo\/2025\/02\/24-apneistes-reunis-a-saint-die-des-vosges-dont-le-champion-du-monde-eric-marchal\/#primaryimage\"},\"thumbnailUrl\":\"https:\/\/vosgesinfo.fr\/app\/uploads\/sites\/4\/2025\/02\/8e-coupe-americapnee-4.jpg\",\"keywords\":[\"8e coupe Am\u00e9ric'Apn\u00e9e\",\"AquaNova America\",\"Club de plong\u00e9e de Saint-Di\u00e9-des-Vosges\",\"Comp\u00e9tition d'apn\u00e9\u00e9\",\"Eric Marchal\"],\"articleSection\":[\"A la Une\",\"Epinal\",\"Gerardmer\",\"La plaine des vosges\",\"Remiremont\",\"Saint-Di\u00e9-des-Vosges\",\"Sport\",\"Vosges\"],\"inLanguage\":\"fr-FR\",\"potentialAction\":[{\"@type\":\"CommentAction\",\"name\":\"Comment\",\"target\":[\"https:\/\/vosgesinfo.fr\/saintdieinfo\/2025\/02\/24-apneistes-reunis-a-saint-die-des-vosges-dont-le-champion-du-monde-eric-marchal\/#respond\"]}]},{\"@type\":\"WebPage\",\"@id\":\"https:\/\/vosgesinfo.fr\/saintdieinfo\/2025\/02\/24-apneistes-reunis-a-saint-die-des-vosges-dont-le-champion-du-monde-eric-marchal\/\",\"url\":\"https:\/\/vosgesinfo.fr\/saintdieinfo\/2025\/02\/24-apneistes-reunis-a-saint-die-des-vosges-dont-le-champion-du-monde-eric-marchal\/\",\"name\":\"24 apn\u00e9istes r\u00e9unis \u00e0 Saint-Di\u00e9-des-Vosges, dont le champion du monde Eric Marchal - Saint Die Info\",\"isPartOf\":{\"@id\":\"https:\/\/vosgesinfo.fr\/saintdieinfo\/#website\"},\"primaryImageOfPage\":{\"@id\":\"https:\/\/vosgesinfo.fr\/saintdieinfo\/2025\/02\/24-apneistes-reunis-a-saint-die-des-vosges-dont-le-champion-du-monde-eric-marchal\/#primaryimage\"},\"image\":{\"@id\":\"https:\/\/vosgesinfo.fr\/saintdieinfo\/2025\/02\/24-apneistes-reunis-a-saint-die-des-vosges-dont-le-champion-du-monde-eric-marchal\/#primaryimage\"},\"thumbnailUrl\":\"https:\/\/vosgesinfo.fr\/app\/uploads\/sites\/4\/2025\/02\/8e-coupe-americapnee-4.jpg\",\"datePublished\":\"2025-02-15T21:22:35+00:00\",\"dateModified\":\"2025-02-15T21:12:00+00:00\",\"breadcrumb\":{\"@id\":\"https:\/\/vosgesinfo.fr\/saintdieinfo\/2025\/02\/24-apneistes-reunis-a-saint-die-des-vosges-dont-le-champion-du-monde-eric-marchal\/#breadcrumb\"},\"inLanguage\":\"fr-FR\",\"potentialAction\":[{\"@type\":\"ReadAction\",\"target\":[\"https:\/\/vosgesinfo.fr\/saintdieinfo\/2025\/02\/24-apneistes-reunis-a-saint-die-des-vosges-dont-le-champion-du-monde-eric-marchal\/\"]}]},{\"@type\":\"ImageObject\",\"inLanguage\":\"fr-FR\",\"@id\":\"https:\/\/vosgesinfo.fr\/saintdieinfo\/2025\/02\/24-apneistes-reunis-a-saint-die-des-vosges-dont-le-champion-du-monde-eric-marchal\/#primaryimage\",\"url\":\"https:\/\/vosgesinfo.fr\/app\/uploads\/sites\/4\/2025\/02\/8e-coupe-americapnee-4.jpg\",\"contentUrl\":\"https:\/\/vosgesinfo.fr\/app\/uploads\/sites\/4\/2025\/02\/8e-coupe-americapnee-4.jpg\",\"width\":1200,\"height\":800,\"caption\":\"Eric Marchal, champion du monde d'apn\u00e9e statique en 2021, \u00e9tait pr\u00e9sent \u00e0 Saint-Di\u00e9-des-Vosges ce samedi. (Photographies Marc Fourniquet)\"},{\"@type\":\"BreadcrumbList\",\"@id\":\"https:\/\/vosgesinfo.fr\/saintdieinfo\/2025\/02\/24-apneistes-reunis-a-saint-die-des-vosges-dont-le-champion-du-monde-eric-marchal\/#breadcrumb\",\"itemListElement\":[{\"@type\":\"ListItem\",\"position\":1,\"name\":\"Home\",\"item\":\"https:\/\/vosgesinfo.fr\/saintdieinfo\/\"},{\"@type\":\"ListItem\",\"position\":2,\"name\":\"24 apn\u00e9istes r\u00e9unis \u00e0 Saint-Di\u00e9-des-Vosges, dont le champion du monde Eric Marchal\"}]},{\"@type\":\"WebSite\",\"@id\":\"https:\/\/vosgesinfo.fr\/saintdieinfo\/#website\",\"url\":\"https:\/\/vosgesinfo.fr\/saintdieinfo\/\",\"name\":\"Saint Die Info\",\"description\":\"Toute l&#039;actualit\u00e9 de Saint-Di\u00e9-Des-Vosges\",\"publisher\":{\"@id\":\"https:\/\/vosgesinfo.fr\/saintdieinfo\/#organization\"},\"alternateName\":\"Toute l'actualit\u00e9 de Saint-Di\u00e9-Des-Vosges\",\"potentialAction\":[{\"@type\":\"SearchAction\",\"target\":{\"@type\":\"EntryPoint\",\"urlTemplate\":\"https:\/\/vosgesinfo.fr\/saintdieinfo\/?s={search_term_string}\"},\"query-input\":\"required name=search_term_string\"}],\"inLanguage\":\"fr-FR\"},{\"@type\":\"Organization\",\"@id\":\"https:\/\/vosgesinfo.fr\/saintdieinfo\/#organization\",\"name\":\"Saint Die Info\",\"url\":\"https:\/\/vosgesinfo.fr\/saintdieinfo\/\",\"logo\":{\"@type\":\"ImageObject\",\"inLanguage\":\"fr-FR\",\"@id\":\"https:\/\/vosgesinfo.fr\/saintdieinfo\/#\/schema\/logo\/image\/\",\"url\":\"https:\/\/vosgesinfo.fr\/app\/uploads\/sites\/4\/2024\/02\/logo-sdi.jpg\",\"contentUrl\":\"https:\/\/vosgesinfo.fr\/app\/uploads\/sites\/4\/2024\/02\/logo-sdi.jpg\",\"width\":600,\"height\":600,\"caption\":\"Saint Die Info\"},\"image\":{\"@id\":\"https:\/\/vosgesinfo.fr\/saintdieinfo\/#\/schema\/logo\/image\/\"},\"sameAs\":[\"https:\/\/www.facebook.com\/Saintdieinfofr\",\"https:\/\/x.com\/VosgesInfo88\",\"https:\/\/www.youtube.com\/@vosgesinfo\"]},{\"@type\":\"Person\",\"@id\":\"https:\/\/vosgesinfo.fr\/saintdieinfo\/#\/schema\/person\/fa73e9f726d67bb88f46d5b7943cb572\",\"name\":\"J.J.\",\"image\":{\"@type\":\"ImageObject\",\"inLanguage\":\"fr-FR\",\"@id\":\"https:\/\/vosgesinfo.fr\/saintdieinfo\/#\/schema\/person\/image\/\",\"url\":\"https:\/\/secure.gravatar.com\/avatar\/219e749e47ffbcca018a360ae4add7d4cdf1cdaaf8bc7676b27efade3fe65615?s=96&d=mm&r=g\",\"contentUrl\":\"https:\/\/secure.gravatar.com\/avatar\/219e749e47ffbcca018a360ae4add7d4cdf1cdaaf8bc7676b27efade3fe65615?s=96&d=mm&r=g\",\"caption\":\"J.J.\"},\"url\":\"https:\/\/vosgesinfo.fr\/saintdieinfo\/author\/j-j\/\"}]}<\/script>\n<!-- \/ Yoast SEO plugin. -->","yoast_head_json":{"title":"24 apn\u00e9istes r\u00e9unis \u00e0 Saint-Di\u00e9-des-Vosges, dont le champion du monde Eric Marchal - Saint Die Info","robots":{"index":"index","follow":"follow","max-snippet":"max-snippet:-1","max-image-preview":"max-image-preview:large","max-video-preview":"max-video-preview:-1"},"canonical":"https:\/\/vosgesinfo.fr\/saintdieinfo\/2025\/02\/24-apneistes-reunis-a-saint-die-des-vosges-dont-le-champion-du-monde-eric-marchal\/","twitter_card":"summary_large_image","twitter_title":"24 apn\u00e9istes r\u00e9unis \u00e0 Saint-Di\u00e9-des-Vosges, dont le champion du monde Eric Marchal - Saint Die Info","twitter_description":"23 apn\u00e9istes du Grand Est et un apn\u00e9iste de Belgique se sont retrouv\u00e9s \u00e0 AquaNova America ce samedi 15 f\u00e9vrier, [&hellip;]","twitter_image":"https:\/\/vosgesinfo.fr\/app\/uploads\/sites\/4\/2025\/02\/8e-coupe-americapnee-4.jpg","twitter_creator":"@VosgesInfo88","twitter_site":"@VosgesInfo88","twitter_misc":{"\u00c9crit par":"J.J.","Dur\u00e9e de lecture estim\u00e9e":"1 minute"},"schema":{"@context":"https:\/\/schema.org","@graph":[{"@type":"Article","@id":"https:\/\/vosgesinfo.fr\/saintdieinfo\/2025\/02\/24-apneistes-reunis-a-saint-die-des-vosges-dont-le-champion-du-monde-eric-marchal\/#article","isPartOf":{"@id":"https:\/\/vosgesinfo.fr\/saintdieinfo\/2025\/02\/24-apneistes-reunis-a-saint-die-des-vosges-dont-le-champion-du-monde-eric-marchal\/"},"author":{"name":"J.J.","@id":"https:\/\/vosgesinfo.fr\/saintdieinfo\/#\/schema\/person\/fa73e9f726d67bb88f46d5b7943cb572"},"headline":"24 apn\u00e9istes r\u00e9unis \u00e0 Saint-Di\u00e9-des-Vosges, dont le champion du monde Eric Marchal","datePublished":"2025-02-15T21:22:35+00:00","dateModified":"2025-02-15T21:12:00+00:00","mainEntityOfPage":{"@id":"https:\/\/vosgesinfo.fr\/saintdieinfo\/2025\/02\/24-apneistes-reunis-a-saint-die-des-vosges-dont-le-champion-du-monde-eric-marchal\/"},"wordCount":320,"commentCount":0,"publisher":{"@id":"https:\/\/vosgesinfo.fr\/saintdieinfo\/#organization"},"image":{"@id":"https:\/\/vosgesinfo.fr\/saintdieinfo\/2025\/02\/24-apneistes-reunis-a-saint-die-des-vosges-dont-le-champion-du-monde-eric-marchal\/#primaryimage"},"thumbnailUrl":"https:\/\/vosgesinfo.fr\/app\/uploads\/sites\/4\/2025\/02\/8e-coupe-americapnee-4.jpg","keywords":["8e coupe Am\u00e9ric'Apn\u00e9e","AquaNova America","Club de plong\u00e9e de Saint-Di\u00e9-des-Vosges","Comp\u00e9tition d'apn\u00e9\u00e9","Eric Marchal"],"articleSection":["A la Une","Epinal","Gerardmer","La plaine des vosges","Remiremont","Saint-Di\u00e9-des-Vosges","Sport","Vosges"],"inLanguage":"fr-FR","potentialAction":[{"@type":"CommentAction","name":"Comment","target":["https:\/\/vosgesinfo.fr\/saintdieinfo\/2025\/02\/24-apneistes-reunis-a-saint-die-des-vosges-dont-le-champion-du-monde-eric-marchal\/#respond"]}]},{"@type":"WebPage","@id":"https:\/\/vosgesinfo.fr\/saintdieinfo\/2025\/02\/24-apneistes-reunis-a-saint-die-des-vosges-dont-le-champion-du-monde-eric-marchal\/","url":"https:\/\/vosgesinfo.fr\/saintdieinfo\/2025\/02\/24-apneistes-reunis-a-saint-die-des-vosges-dont-le-champion-du-monde-eric-marchal\/","name":"24 apn\u00e9istes r\u00e9unis \u00e0 Saint-Di\u00e9-des-Vosges, dont le champion du monde Eric Marchal - Saint Die Info","isPartOf":{"@id":"https:\/\/vosgesinfo.fr\/saintdieinfo\/#website"},"primaryImageOfPage":{"@id":"https:\/\/vosgesinfo.fr\/saintdieinfo\/2025\/02\/24-apneistes-reunis-a-saint-die-des-vosges-dont-le-champion-du-monde-eric-marchal\/#primaryimage"},"image":{"@id":"https:\/\/vosgesinfo.fr\/saintdieinfo\/2025\/02\/24-apneistes-reunis-a-saint-die-des-vosges-dont-le-champion-du-monde-eric-marchal\/#primaryimage"},"thumbnailUrl":"https:\/\/vosgesinfo.fr\/app\/uploads\/sites\/4\/2025\/02\/8e-coupe-americapnee-4.jpg","datePublished":"2025-02-15T21:22:35+00:00","dateModified":"2025-02-15T21:12:00+00:00","breadcrumb":{"@id":"https:\/\/vosgesinfo.fr\/saintdieinfo\/2025\/02\/24-apneistes-reunis-a-saint-die-des-vosges-dont-le-champion-du-monde-eric-marchal\/#breadcrumb"},"inLanguage":"fr-FR","potentialAction":[{"@type":"ReadAction","target":["https:\/\/vosgesinfo.fr\/saintdieinfo\/2025\/02\/24-apneistes-reunis-a-saint-die-des-vosges-dont-le-champion-du-monde-eric-marchal\/"]}]},{"@type":"ImageObject","inLanguage":"fr-FR","@id":"https:\/\/vosgesinfo.fr\/saintdieinfo\/2025\/02\/24-apneistes-reunis-a-saint-die-des-vosges-dont-le-champion-du-monde-eric-marchal\/#primaryimage","url":"https:\/\/vosgesinfo.fr\/app\/uploads\/sites\/4\/2025\/02\/8e-coupe-americapnee-4.jpg","contentUrl":"https:\/\/vosgesinfo.fr\/app\/uploads\/sites\/4\/2025\/02\/8e-coupe-americapnee-4.jpg","width":1200,"height":800,"caption":"Eric Marchal, champion du monde d'apn\u00e9e statique en 2021, \u00e9tait pr\u00e9sent \u00e0 Saint-Di\u00e9-des-Vosges ce samedi. (Photographies Marc Fourniquet)"},{"@type":"BreadcrumbList","@id":"https:\/\/vosgesinfo.fr\/saintdieinfo\/2025\/02\/24-apneistes-reunis-a-saint-die-des-vosges-dont-le-champion-du-monde-eric-marchal\/#breadcrumb","itemListElement":[{"@type":"ListItem","position":1,"name":"Home","item":"https:\/\/vosgesinfo.fr\/saintdieinfo\/"},{"@type":"ListItem","position":2,"name":"24 apn\u00e9istes r\u00e9unis \u00e0 Saint-Di\u00e9-des-Vosges, dont le champion du monde Eric Marchal"}]},{"@type":"WebSite","@id":"https:\/\/vosgesinfo.fr\/saintdieinfo\/#website","url":"https:\/\/vosgesinfo.fr\/saintdieinfo\/","name":"Saint Die Info","description":"Toute l&#039;actualit\u00e9 de Saint-Di\u00e9-Des-Vosges","publisher":{"@id":"https:\/\/vosgesinfo.fr\/saintdieinfo\/#organization"},"alternateName":"Toute l'actualit\u00e9 de Saint-Di\u00e9-Des-Vosges","potentialAction":[{"@type":"SearchAction","target":{"@type":"EntryPoint","urlTemplate":"https:\/\/vosgesinfo.fr\/saintdieinfo\/?s={search_term_string}"},"query-input":"required name=search_term_string"}],"inLanguage":"fr-FR"},{"@type":"Organization","@id":"https:\/\/vosgesinfo.fr\/saintdieinfo\/#organization","name":"Saint Die Info","url":"https:\/\/vosgesinfo.fr\/saintdieinfo\/","logo":{"@type":"ImageObject","inLanguage":"fr-FR","@id":"https:\/\/vosgesinfo.fr\/saintdieinfo\/#\/schema\/logo\/image\/","url":"https:\/\/vosgesinfo.fr\/app\/uploads\/sites\/4\/2024\/02\/logo-sdi.jpg","contentUrl":"https:\/\/vosgesinfo.fr\/app\/uploads\/sites\/4\/2024\/02\/logo-sdi.jpg","width":600,"height":600,"caption":"Saint Die Info"},"image":{"@id":"https:\/\/vosgesinfo.fr\/saintdieinfo\/#\/schema\/logo\/image\/"},"sameAs":["https:\/\/www.facebook.com\/Saintdieinfofr","https:\/\/x.com\/VosgesInfo88","https:\/\/www.youtube.com\/@vosgesinfo"]},{"@type":"Person","@id":"https:\/\/vosgesinfo.fr\/saintdieinfo\/#\/schema\/person\/fa73e9f726d67bb88f46d5b7943cb572","name":"J.J.","image":{"@type":"ImageObject","inLanguage":"fr-FR","@id":"https:\/\/vosgesinfo.fr\/saintdieinfo\/#\/schema\/person\/image\/","url":"https:\/\/secure.gravatar.com\/avatar\/219e749e47ffbcca018a360ae4add7d4cdf1cdaaf8bc7676b27efade3fe65615?s=96&d=mm&r=g","contentUrl":"https:\/\/secure.gravatar.com\/avatar\/219e749e47ffbcca018a360ae4add7d4cdf1cdaaf8bc7676b27efade3fe65615?s=96&d=mm&r=g","caption":"J.J."},"url":"https:\/\/vosgesinfo.fr\/saintdieinfo\/author\/j-j\/"}]}},"_links":{"self":[{"href":"https:\/\/vosgesinfo.fr\/saintdieinfo\/wp-json\/wp\/v2\/posts\/74050","targetHints":{"allow":["GET"]}}],"collection":[{"href":"https:\/\/vosgesinfo.fr\/saintdieinfo\/wp-json\/wp\/v2\/posts"}],"about":[{"href":"https:\/\/vosgesinfo.fr\/saintdieinfo\/wp-json\/wp\/v2\/types\/post"}],"author":[{"embeddable":true,"href":"https:\/\/vosgesinfo.fr\/saintdieinfo\/wp-json\/wp\/v2\/users\/46"}],"replies":[{"embeddable":true,"href":"https:\/\/vosgesinfo.fr\/saintdieinfo\/wp-json\/wp\/v2\/comments?post=74050"}],"version-history":[{"count":1,"href":"https:\/\/vosgesinfo.fr\/saintdieinfo\/wp-json\/wp\/v2\/posts\/74050\/revisions"}],"predecessor-version":[{"id":74056,"href":"https:\/\/vosgesinfo.fr\/saintdieinfo\/wp-json\/wp\/v2\/posts\/74050\/revisions\/74056"}],"wp:featuredmedia":[{"embeddable":true,"href":"https:\/\/vosgesinfo.fr\/saintdieinfo\/wp-json\/wp\/v2\/media\/74053"}],"wp:attachment":[{"href":"https:\/\/vosgesinfo.fr\/saintdieinfo\/wp-json\/wp\/v2\/media?parent=74050"}],"wp:term":[{"taxonomy":"category","embeddable":true,"href":"https:\/\/vosgesinfo.fr\/saintdieinfo\/wp-json\/wp\/v2\/categories?post=74050"},{"taxonomy":"post_tag","embeddable":true,"href":"https:\/\/vosgesinfo.fr\/saintdieinfo\/wp-json\/wp\/v2\/tags?post=74050"}],"curies":[{"name":"wp","href":"https:\/\/api.w.org\/{rel}","templated":true}]}}