{"id":74057,"date":"2025-02-15T22:40:50","date_gmt":"2025-02-15T21:40:50","guid":{"rendered":"https:\/\/vosgesinfo.fr\/saintdieinfo\/?p=74057"},"modified":"2025-02-15T22:27:48","modified_gmt":"2025-02-15T21:27:48","slug":"78-diplomes-a-liut-de-saint-die-des-vosges","status":"publish","type":"post","link":"https:\/\/vosgesinfo.fr\/saintdieinfo\/2025\/02\/78-diplomes-a-liut-de-saint-die-des-vosges\/","title":{"rendered":"78 dipl\u00f4m\u00e9s \u00e0 l&rsquo;IUT de Saint-Di\u00e9-des-Vosges"},"content":{"rendered":"<div id=\"attachment_74060\" style=\"width: 1034px\" class=\"wp-caption alignnone\"><a href=\"https:\/\/vosgesinfo.fr\/app\/uploads\/sites\/4\/2025\/02\/ceremonie-remise-diplomes-iut-sddv-5.jpg\"><img decoding=\"async\" aria-describedby=\"caption-attachment-74060\" class=\"size-large wp-image-74060\" src=\"https:\/\/vosgesinfo.fr\/app\/uploads\/sites\/4\/2025\/02\/ceremonie-remise-diplomes-iut-sddv-5-1024x683.jpg\" alt=\"\" width=\"1024\" height=\"683\" srcset=\"https:\/\/vosgesinfo.fr\/app\/uploads\/sites\/4\/2025\/02\/ceremonie-remise-diplomes-iut-sddv-5-1024x683.jpg 1024w, https:\/\/vosgesinfo.fr\/app\/uploads\/sites\/4\/2025\/02\/ceremonie-remise-diplomes-iut-sddv-5-300x200.jpg 300w, https:\/\/vosgesinfo.fr\/app\/uploads\/sites\/4\/2025\/02\/ceremonie-remise-diplomes-iut-sddv-5-768x512.jpg 768w, https:\/\/vosgesinfo.fr\/app\/uploads\/sites\/4\/2025\/02\/ceremonie-remise-diplomes-iut-sddv-5.jpg 1200w\" sizes=\"(max-width: 1024px) 100vw, 1024px\" \/><\/a><p id=\"caption-attachment-74060\" class=\"wp-caption-text\">(Photographies Marc Fourniquet)<\/p><\/div>\n<h2>L&rsquo;<strong>IUT de Saint-Di\u00e9-des-Vosges<\/strong> organisait, ce samedi en fin de journ\u00e9e, une <strong>c\u00e9r\u00e9monie de remise des dipl\u00f4mes<\/strong> \u00e0 l&rsquo;<strong>Espace Georges-Sadoul. <\/strong>Cette c\u00e9r\u00e9monie \u00e9tait la <strong>premi\u00e8re organis\u00e9e sous cette forme<\/strong>, car elle mettait en lumi\u00e8re les <strong>premiers dipl\u00f4m\u00e9s des nouveaux BUT \u2013 Bachelor Universitaire Technologique \u2013 <\/strong>qui int\u00e8grent le DUT et la Licence Professionnelle.<\/h2>\n<p><!--more--><\/p>\n<p>Apr\u00e8s les <strong>allocutions des officiels<\/strong>, dont le <strong>directeur de l&rsquo;\u00e9tablissement Fran\u00e7ois Devillard<\/strong>, les <strong>remises des dipl\u00f4mes<\/strong> se sont encha\u00een\u00e9es. Avec, dans un premier temps, la <strong>Licence Professionnelle MTL \u2013 M\u00e9tiers du Tourisme et des Loisirs<\/strong>, puis, respectivement, les <strong>BUT GEII \u2013 G\u00e9nie \u00c9lectrique et Informatique Industrielle<\/strong>, <strong>INFO \u2013 Informatique<\/strong> et <strong>MMI \u2013 M\u00e9tiers du Multim\u00e9dia et de l&rsquo;Internet<\/strong>.<\/p>\n<p>Au total, <strong>78 \u00e9tudiants<\/strong> sont sortis dipl\u00f4m\u00e9s des derni\u00e8res promotions de l&rsquo;<strong>IUT d\u00e9odatien<\/strong>. <strong>64 d&rsquo;entre eux<\/strong> \u00e9taient pr\u00e9sents lors de la c\u00e9r\u00e9monie, qui s&rsquo;est conclue par une <strong>photo collective<\/strong> et un <strong>buffet convivial<\/strong>.<\/p>\n<p>Pour cette<strong> rentr\u00e9e 2024-2025<\/strong>, l&rsquo;IUT de Saint-Di\u00e9-des-Vosges accueille <strong>362 \u00e9tudiants<\/strong> au total.<\/p>\n\n\t\t<style type=\"text\/css\">\n\t\t\t#gallery-1 {\n\t\t\t\tmargin: auto;\n\t\t\t}\n\t\t\t#gallery-1 .gallery-item {\n\t\t\t\tfloat: left;\n\t\t\t\tmargin-top: 10px;\n\t\t\t\ttext-align: center;\n\t\t\t\twidth: 50%;\n\t\t\t}\n\t\t\t#gallery-1 img {\n\t\t\t\tborder: 2px solid #cfcfcf;\n\t\t\t}\n\t\t\t#gallery-1 .gallery-caption {\n\t\t\t\tmargin-left: 0;\n\t\t\t}\n\t\t\t\/* see gallery_shortcode() in wp-includes\/media.php *\/\n\t\t<\/style>\n\t\t<div id='gallery-1' class='gallery galleryid-74057 gallery-columns-2 gallery-size-thumbnail'><dl class='gallery-item'>\n\t\t\t<dt class='gallery-icon landscape'>\n\t\t\t\t<a href='https:\/\/vosgesinfo.fr\/app\/uploads\/sites\/4\/2025\/02\/ceremonie-remise-diplomes-iut-sddv-1.jpg'><img decoding=\"async\" width=\"150\" height=\"150\" src=\"https:\/\/vosgesinfo.fr\/app\/uploads\/sites\/4\/2025\/02\/ceremonie-remise-diplomes-iut-sddv-1-150x150.jpg\" class=\"attachment-thumbnail size-thumbnail\" alt=\"\" \/><\/a>\n\t\t\t<\/dt><\/dl><dl class='gallery-item'>\n\t\t\t<dt class='gallery-icon landscape'>\n\t\t\t\t<a href='https:\/\/vosgesinfo.fr\/app\/uploads\/sites\/4\/2025\/02\/ceremonie-remise-diplomes-iut-sddv-4.jpg'><img decoding=\"async\" width=\"150\" height=\"150\" src=\"https:\/\/vosgesinfo.fr\/app\/uploads\/sites\/4\/2025\/02\/ceremonie-remise-diplomes-iut-sddv-4-150x150.jpg\" class=\"attachment-thumbnail size-thumbnail\" alt=\"\" \/><\/a>\n\t\t\t<\/dt><\/dl><br style=\"clear: both\" \/><dl class='gallery-item'>\n\t\t\t<dt class='gallery-icon landscape'>\n\t\t\t\t<a href='https:\/\/vosgesinfo.fr\/app\/uploads\/sites\/4\/2025\/02\/ceremonie-remise-diplomes-iut-sddv-3.jpg'><img decoding=\"async\" width=\"150\" height=\"150\" src=\"https:\/\/vosgesinfo.fr\/app\/uploads\/sites\/4\/2025\/02\/ceremonie-remise-diplomes-iut-sddv-3-150x150.jpg\" class=\"attachment-thumbnail size-thumbnail\" alt=\"\" \/><\/a>\n\t\t\t<\/dt><\/dl><dl class='gallery-item'>\n\t\t\t<dt class='gallery-icon landscape'>\n\t\t\t\t<a href='https:\/\/vosgesinfo.fr\/app\/uploads\/sites\/4\/2025\/02\/ceremonie-remise-diplomes-iut-sddv-2.jpg'><img decoding=\"async\" width=\"150\" height=\"150\" src=\"https:\/\/vosgesinfo.fr\/app\/uploads\/sites\/4\/2025\/02\/ceremonie-remise-diplomes-iut-sddv-2-150x150.jpg\" class=\"attachment-thumbnail size-thumbnail\" alt=\"\" \/><\/a>\n\t\t\t<\/dt><\/dl><br style=\"clear: both\" \/>\n\t\t<\/div>\n\n<h3><b>La liste des dipl\u00f4m\u00e9s pr\u00e9sents\u00a0:<\/b><\/h3>\n<h4>LP MTL \u2013 3 dipl\u00f4m\u00e9s<\/h4>\n<ul>\n<li>Julien LALEVEE<\/li>\n<li>Fr\u00e9d\u00e9rique LIDDELL<\/li>\n<li>Tom SIAUD<\/li>\n<\/ul>\n<h4>BUT GEII \u2013 9 dipl\u00f4m\u00e9s<\/h4>\n<ul>\n<li>Moustapha BADIANE<\/li>\n<li>Quentin BARDOT<\/li>\n<li>Joey BIACCHI<\/li>\n<li>Matteo CIRELLI<\/li>\n<li>Harouna KANE<\/li>\n<li>Antonin LECOMPTE<\/li>\n<li>Mohamed NIASS<\/li>\n<li>Esteban PIERSON<\/li>\n<li>Lucas WEHR<\/li>\n<\/ul>\n<h4>BUT INFO \u2013 18 dipl\u00f4m\u00e9s<\/h4>\n<ul>\n<li>Adrien AUBERT<\/li>\n<li>Loris BELGERI<\/li>\n<li>Nathan BERTHAUD<\/li>\n<li>Maximilien BLEEKER<\/li>\n<li>Ahmed CHOKUEV<\/li>\n<li>Ugo CLAUS<\/li>\n<li>Camille DUCHATEAU<\/li>\n<li>Lucas EDOUARD<\/li>\n<li>Evan FERROLI TOUITI<\/li>\n<li>Victor GASSMANN<\/li>\n<li>Jules GOUEREC<\/li>\n<li>Baptiste LAMBEY<\/li>\n<li>Lucas MARCHAL<\/li>\n<li>Flavien MARCK<\/li>\n<li>Lucas POIROT<\/li>\n<li>Tom ROUILLON<\/li>\n<li>Amadou SOW<\/li>\n<li>Gregory WITTMANN<\/li>\n<\/ul>\n<h4>BUT MMI \u2013 34 dipl\u00f4m\u00e9s<\/h4>\n<ul>\n<li>Axel AMBERT<\/li>\n<li>M\u00e9gane BAZIN<\/li>\n<li>Max BELLO<\/li>\n<li>Cyril BENDER<\/li>\n<li>Lison BLANCHARD<\/li>\n<li>David BRIOT<\/li>\n<li>Emanuel BRUN<\/li>\n<li>Margot CABLEY<\/li>\n<li>Julie CLEMENT<\/li>\n<li>Cl\u00e9mentine CONREAU<\/li>\n<li>Ethan DA SILVA<\/li>\n<li>Mathilde DAULY-CHEVREL<\/li>\n<li>Beno\u00eet DIETRICH<\/li>\n<li>Ninon DORIATH<\/li>\n<li>S\u00e9bastien FREIHAUT<\/li>\n<li>Mathilde GREMY LAURENSON<\/li>\n<li>J\u00e9r\u00e9my HALTER<\/li>\n<li>Arthur HEIDRICH<\/li>\n<li>Sabri KACED<\/li>\n<li>Lucas MAUJEAN<\/li>\n<li>Lisa MINERY<\/li>\n<li>Paul-Lou MINUTELLO<\/li>\n<li>Julien PAULA<\/li>\n<li>Pierre REIN<\/li>\n<li>Maxime RISTORI<\/li>\n<li>Fileas ROCH<\/li>\n<li>Nathan STENGER<\/li>\n<li>Th\u00e9o SUBTIL-KLEIN<\/li>\n<li>Sarah TERKOWSKY<\/li>\n<li>Lino THEBAULT<\/li>\n<li>Colin VALLERY<\/li>\n<li>Loane WALTZER<\/li>\n<li>Alan WILHELM<\/li>\n<li>Samuel WITZ<\/li>\n<\/ul>\n<p>J.J.<\/p>\n","protected":false},"excerpt":{"rendered":"<p>L&rsquo;IUT de Saint-Di\u00e9-des-Vosges organisait, ce samedi en fin de journ\u00e9e, une c\u00e9r\u00e9monie de remise des dipl\u00f4mes \u00e0 l&rsquo;Espace Georges-Sadoul. Cette [&hellip;]<\/p>\n","protected":false},"author":46,"featured_media":74060,"comment_status":"open","ping_status":"open","sticky":false,"template":"","format":"standard","meta":{"footnotes":""},"categories":[460,6,167],"tags":[16188,3559,3205],"class_list":["post-74057","post","type-post","status-publish","format-standard","has-post-thumbnail","hentry","category-a-la-une","category-education","category-saint-die-des-vosges","tag-ceremonie-de-remise-des-diplomes-de-liut-de-saint-die-des-vosges","tag-espace-georges-sadoul","tag-iut-de-saint-die-des-vosges"],"acf":[],"yoast_head":"<!-- This site is optimized with the Yoast SEO plugin v22.5 - https:\/\/yoast.com\/wordpress\/plugins\/seo\/ -->\n<title>78 dipl\u00f4m\u00e9s \u00e0 l&#039;IUT de Saint-Di\u00e9-des-Vosges - Saint Die Info<\/title>\n<meta name=\"robots\" content=\"index, follow, max-snippet:-1, max-image-preview:large, max-video-preview:-1\" \/>\n<link rel=\"canonical\" href=\"https:\/\/vosgesinfo.fr\/saintdieinfo\/2025\/02\/78-diplomes-a-liut-de-saint-die-des-vosges\/\" \/>\n<meta name=\"twitter:card\" content=\"summary_large_image\" \/>\n<meta name=\"twitter:title\" content=\"78 dipl\u00f4m\u00e9s \u00e0 l&#039;IUT de Saint-Di\u00e9-des-Vosges - Saint Die Info\" \/>\n<meta name=\"twitter:description\" content=\"L&rsquo;IUT de Saint-Di\u00e9-des-Vosges organisait, ce samedi en fin de journ\u00e9e, une c\u00e9r\u00e9monie de remise des dipl\u00f4mes \u00e0 l&rsquo;Espace Georges-Sadoul. Cette [&hellip;]\" \/>\n<meta name=\"twitter:image\" content=\"https:\/\/vosgesinfo.fr\/app\/uploads\/sites\/4\/2025\/02\/ceremonie-remise-diplomes-iut-sddv-5.jpg\" \/>\n<meta name=\"twitter:creator\" content=\"@VosgesInfo88\" \/>\n<meta name=\"twitter:site\" content=\"@VosgesInfo88\" \/>\n<meta name=\"twitter:label1\" content=\"\u00c9crit par\" \/>\n\t<meta name=\"twitter:data1\" content=\"J.J.\" \/>\n\t<meta name=\"twitter:label2\" content=\"Dur\u00e9e de lecture estim\u00e9e\" \/>\n\t<meta name=\"twitter:data2\" content=\"2 minutes\" \/>\n<script type=\"application\/ld+json\" class=\"yoast-schema-graph\">{\"@context\":\"https:\/\/schema.org\",\"@graph\":[{\"@type\":\"Article\",\"@id\":\"https:\/\/vosgesinfo.fr\/saintdieinfo\/2025\/02\/78-diplomes-a-liut-de-saint-die-des-vosges\/#article\",\"isPartOf\":{\"@id\":\"https:\/\/vosgesinfo.fr\/saintdieinfo\/2025\/02\/78-diplomes-a-liut-de-saint-die-des-vosges\/\"},\"author\":{\"name\":\"J.J.\",\"@id\":\"https:\/\/vosgesinfo.fr\/saintdieinfo\/#\/schema\/person\/fa73e9f726d67bb88f46d5b7943cb572\"},\"headline\":\"78 dipl\u00f4m\u00e9s \u00e0 l&rsquo;IUT de Saint-Di\u00e9-des-Vosges\",\"datePublished\":\"2025-02-15T21:40:50+00:00\",\"dateModified\":\"2025-02-15T21:27:48+00:00\",\"mainEntityOfPage\":{\"@id\":\"https:\/\/vosgesinfo.fr\/saintdieinfo\/2025\/02\/78-diplomes-a-liut-de-saint-die-des-vosges\/\"},\"wordCount\":377,\"commentCount\":0,\"publisher\":{\"@id\":\"https:\/\/vosgesinfo.fr\/saintdieinfo\/#organization\"},\"image\":{\"@id\":\"https:\/\/vosgesinfo.fr\/saintdieinfo\/2025\/02\/78-diplomes-a-liut-de-saint-die-des-vosges\/#primaryimage\"},\"thumbnailUrl\":\"https:\/\/vosgesinfo.fr\/app\/uploads\/sites\/4\/2025\/02\/ceremonie-remise-diplomes-iut-sddv-5.jpg\",\"keywords\":[\"C\u00e9r\u00e9monie de remise des dipl\u00f4mes de l'IUT de Saint-Di\u00e9-des-Vosges\",\"Espace Georges-Sadoul\",\"IUT de Saint-Di\u00e9-des-Vosges\"],\"articleSection\":[\"A la Une\",\"\u00c9ducation\",\"Saint-Di\u00e9-des-Vosges\"],\"inLanguage\":\"fr-FR\",\"potentialAction\":[{\"@type\":\"CommentAction\",\"name\":\"Comment\",\"target\":[\"https:\/\/vosgesinfo.fr\/saintdieinfo\/2025\/02\/78-diplomes-a-liut-de-saint-die-des-vosges\/#respond\"]}]},{\"@type\":\"WebPage\",\"@id\":\"https:\/\/vosgesinfo.fr\/saintdieinfo\/2025\/02\/78-diplomes-a-liut-de-saint-die-des-vosges\/\",\"url\":\"https:\/\/vosgesinfo.fr\/saintdieinfo\/2025\/02\/78-diplomes-a-liut-de-saint-die-des-vosges\/\",\"name\":\"78 dipl\u00f4m\u00e9s \u00e0 l'IUT de Saint-Di\u00e9-des-Vosges - Saint Die Info\",\"isPartOf\":{\"@id\":\"https:\/\/vosgesinfo.fr\/saintdieinfo\/#website\"},\"primaryImageOfPage\":{\"@id\":\"https:\/\/vosgesinfo.fr\/saintdieinfo\/2025\/02\/78-diplomes-a-liut-de-saint-die-des-vosges\/#primaryimage\"},\"image\":{\"@id\":\"https:\/\/vosgesinfo.fr\/saintdieinfo\/2025\/02\/78-diplomes-a-liut-de-saint-die-des-vosges\/#primaryimage\"},\"thumbnailUrl\":\"https:\/\/vosgesinfo.fr\/app\/uploads\/sites\/4\/2025\/02\/ceremonie-remise-diplomes-iut-sddv-5.jpg\",\"datePublished\":\"2025-02-15T21:40:50+00:00\",\"dateModified\":\"2025-02-15T21:27:48+00:00\",\"breadcrumb\":{\"@id\":\"https:\/\/vosgesinfo.fr\/saintdieinfo\/2025\/02\/78-diplomes-a-liut-de-saint-die-des-vosges\/#breadcrumb\"},\"inLanguage\":\"fr-FR\",\"potentialAction\":[{\"@type\":\"ReadAction\",\"target\":[\"https:\/\/vosgesinfo.fr\/saintdieinfo\/2025\/02\/78-diplomes-a-liut-de-saint-die-des-vosges\/\"]}]},{\"@type\":\"ImageObject\",\"inLanguage\":\"fr-FR\",\"@id\":\"https:\/\/vosgesinfo.fr\/saintdieinfo\/2025\/02\/78-diplomes-a-liut-de-saint-die-des-vosges\/#primaryimage\",\"url\":\"https:\/\/vosgesinfo.fr\/app\/uploads\/sites\/4\/2025\/02\/ceremonie-remise-diplomes-iut-sddv-5.jpg\",\"contentUrl\":\"https:\/\/vosgesinfo.fr\/app\/uploads\/sites\/4\/2025\/02\/ceremonie-remise-diplomes-iut-sddv-5.jpg\",\"width\":1200,\"height\":800,\"caption\":\"(Photographies Marc Fourniquet)\"},{\"@type\":\"BreadcrumbList\",\"@id\":\"https:\/\/vosgesinfo.fr\/saintdieinfo\/2025\/02\/78-diplomes-a-liut-de-saint-die-des-vosges\/#breadcrumb\",\"itemListElement\":[{\"@type\":\"ListItem\",\"position\":1,\"name\":\"Home\",\"item\":\"https:\/\/vosgesinfo.fr\/saintdieinfo\/\"},{\"@type\":\"ListItem\",\"position\":2,\"name\":\"78 dipl\u00f4m\u00e9s \u00e0 l&rsquo;IUT de Saint-Di\u00e9-des-Vosges\"}]},{\"@type\":\"WebSite\",\"@id\":\"https:\/\/vosgesinfo.fr\/saintdieinfo\/#website\",\"url\":\"https:\/\/vosgesinfo.fr\/saintdieinfo\/\",\"name\":\"Saint Die Info\",\"description\":\"Toute l&#039;actualit\u00e9 de Saint-Di\u00e9-Des-Vosges\",\"publisher\":{\"@id\":\"https:\/\/vosgesinfo.fr\/saintdieinfo\/#organization\"},\"alternateName\":\"Toute l'actualit\u00e9 de Saint-Di\u00e9-Des-Vosges\",\"potentialAction\":[{\"@type\":\"SearchAction\",\"target\":{\"@type\":\"EntryPoint\",\"urlTemplate\":\"https:\/\/vosgesinfo.fr\/saintdieinfo\/?s={search_term_string}\"},\"query-input\":\"required name=search_term_string\"}],\"inLanguage\":\"fr-FR\"},{\"@type\":\"Organization\",\"@id\":\"https:\/\/vosgesinfo.fr\/saintdieinfo\/#organization\",\"name\":\"Saint Die Info\",\"url\":\"https:\/\/vosgesinfo.fr\/saintdieinfo\/\",\"logo\":{\"@type\":\"ImageObject\",\"inLanguage\":\"fr-FR\",\"@id\":\"https:\/\/vosgesinfo.fr\/saintdieinfo\/#\/schema\/logo\/image\/\",\"url\":\"https:\/\/vosgesinfo.fr\/app\/uploads\/sites\/4\/2024\/02\/logo-sdi.jpg\",\"contentUrl\":\"https:\/\/vosgesinfo.fr\/app\/uploads\/sites\/4\/2024\/02\/logo-sdi.jpg\",\"width\":600,\"height\":600,\"caption\":\"Saint Die Info\"},\"image\":{\"@id\":\"https:\/\/vosgesinfo.fr\/saintdieinfo\/#\/schema\/logo\/image\/\"},\"sameAs\":[\"https:\/\/www.facebook.com\/Saintdieinfofr\",\"https:\/\/x.com\/VosgesInfo88\",\"https:\/\/www.youtube.com\/@vosgesinfo\"]},{\"@type\":\"Person\",\"@id\":\"https:\/\/vosgesinfo.fr\/saintdieinfo\/#\/schema\/person\/fa73e9f726d67bb88f46d5b7943cb572\",\"name\":\"J.J.\",\"image\":{\"@type\":\"ImageObject\",\"inLanguage\":\"fr-FR\",\"@id\":\"https:\/\/vosgesinfo.fr\/saintdieinfo\/#\/schema\/person\/image\/\",\"url\":\"https:\/\/secure.gravatar.com\/avatar\/219e749e47ffbcca018a360ae4add7d4cdf1cdaaf8bc7676b27efade3fe65615?s=96&d=mm&r=g\",\"contentUrl\":\"https:\/\/secure.gravatar.com\/avatar\/219e749e47ffbcca018a360ae4add7d4cdf1cdaaf8bc7676b27efade3fe65615?s=96&d=mm&r=g\",\"caption\":\"J.J.\"},\"url\":\"https:\/\/vosgesinfo.fr\/saintdieinfo\/author\/j-j\/\"}]}<\/script>\n<!-- \/ Yoast SEO plugin. -->","yoast_head_json":{"title":"78 dipl\u00f4m\u00e9s \u00e0 l'IUT de Saint-Di\u00e9-des-Vosges - Saint Die Info","robots":{"index":"index","follow":"follow","max-snippet":"max-snippet:-1","max-image-preview":"max-image-preview:large","max-video-preview":"max-video-preview:-1"},"canonical":"https:\/\/vosgesinfo.fr\/saintdieinfo\/2025\/02\/78-diplomes-a-liut-de-saint-die-des-vosges\/","twitter_card":"summary_large_image","twitter_title":"78 dipl\u00f4m\u00e9s \u00e0 l'IUT de Saint-Di\u00e9-des-Vosges - Saint Die Info","twitter_description":"L&rsquo;IUT de Saint-Di\u00e9-des-Vosges organisait, ce samedi en fin de journ\u00e9e, une c\u00e9r\u00e9monie de remise des dipl\u00f4mes \u00e0 l&rsquo;Espace Georges-Sadoul. Cette [&hellip;]","twitter_image":"https:\/\/vosgesinfo.fr\/app\/uploads\/sites\/4\/2025\/02\/ceremonie-remise-diplomes-iut-sddv-5.jpg","twitter_creator":"@VosgesInfo88","twitter_site":"@VosgesInfo88","twitter_misc":{"\u00c9crit par":"J.J.","Dur\u00e9e de lecture estim\u00e9e":"2 minutes"},"schema":{"@context":"https:\/\/schema.org","@graph":[{"@type":"Article","@id":"https:\/\/vosgesinfo.fr\/saintdieinfo\/2025\/02\/78-diplomes-a-liut-de-saint-die-des-vosges\/#article","isPartOf":{"@id":"https:\/\/vosgesinfo.fr\/saintdieinfo\/2025\/02\/78-diplomes-a-liut-de-saint-die-des-vosges\/"},"author":{"name":"J.J.","@id":"https:\/\/vosgesinfo.fr\/saintdieinfo\/#\/schema\/person\/fa73e9f726d67bb88f46d5b7943cb572"},"headline":"78 dipl\u00f4m\u00e9s \u00e0 l&rsquo;IUT de Saint-Di\u00e9-des-Vosges","datePublished":"2025-02-15T21:40:50+00:00","dateModified":"2025-02-15T21:27:48+00:00","mainEntityOfPage":{"@id":"https:\/\/vosgesinfo.fr\/saintdieinfo\/2025\/02\/78-diplomes-a-liut-de-saint-die-des-vosges\/"},"wordCount":377,"commentCount":0,"publisher":{"@id":"https:\/\/vosgesinfo.fr\/saintdieinfo\/#organization"},"image":{"@id":"https:\/\/vosgesinfo.fr\/saintdieinfo\/2025\/02\/78-diplomes-a-liut-de-saint-die-des-vosges\/#primaryimage"},"thumbnailUrl":"https:\/\/vosgesinfo.fr\/app\/uploads\/sites\/4\/2025\/02\/ceremonie-remise-diplomes-iut-sddv-5.jpg","keywords":["C\u00e9r\u00e9monie de remise des dipl\u00f4mes de l'IUT de Saint-Di\u00e9-des-Vosges","Espace Georges-Sadoul","IUT de Saint-Di\u00e9-des-Vosges"],"articleSection":["A la Une","\u00c9ducation","Saint-Di\u00e9-des-Vosges"],"inLanguage":"fr-FR","potentialAction":[{"@type":"CommentAction","name":"Comment","target":["https:\/\/vosgesinfo.fr\/saintdieinfo\/2025\/02\/78-diplomes-a-liut-de-saint-die-des-vosges\/#respond"]}]},{"@type":"WebPage","@id":"https:\/\/vosgesinfo.fr\/saintdieinfo\/2025\/02\/78-diplomes-a-liut-de-saint-die-des-vosges\/","url":"https:\/\/vosgesinfo.fr\/saintdieinfo\/2025\/02\/78-diplomes-a-liut-de-saint-die-des-vosges\/","name":"78 dipl\u00f4m\u00e9s \u00e0 l'IUT de Saint-Di\u00e9-des-Vosges - Saint Die Info","isPartOf":{"@id":"https:\/\/vosgesinfo.fr\/saintdieinfo\/#website"},"primaryImageOfPage":{"@id":"https:\/\/vosgesinfo.fr\/saintdieinfo\/2025\/02\/78-diplomes-a-liut-de-saint-die-des-vosges\/#primaryimage"},"image":{"@id":"https:\/\/vosgesinfo.fr\/saintdieinfo\/2025\/02\/78-diplomes-a-liut-de-saint-die-des-vosges\/#primaryimage"},"thumbnailUrl":"https:\/\/vosgesinfo.fr\/app\/uploads\/sites\/4\/2025\/02\/ceremonie-remise-diplomes-iut-sddv-5.jpg","datePublished":"2025-02-15T21:40:50+00:00","dateModified":"2025-02-15T21:27:48+00:00","breadcrumb":{"@id":"https:\/\/vosgesinfo.fr\/saintdieinfo\/2025\/02\/78-diplomes-a-liut-de-saint-die-des-vosges\/#breadcrumb"},"inLanguage":"fr-FR","potentialAction":[{"@type":"ReadAction","target":["https:\/\/vosgesinfo.fr\/saintdieinfo\/2025\/02\/78-diplomes-a-liut-de-saint-die-des-vosges\/"]}]},{"@type":"ImageObject","inLanguage":"fr-FR","@id":"https:\/\/vosgesinfo.fr\/saintdieinfo\/2025\/02\/78-diplomes-a-liut-de-saint-die-des-vosges\/#primaryimage","url":"https:\/\/vosgesinfo.fr\/app\/uploads\/sites\/4\/2025\/02\/ceremonie-remise-diplomes-iut-sddv-5.jpg","contentUrl":"https:\/\/vosgesinfo.fr\/app\/uploads\/sites\/4\/2025\/02\/ceremonie-remise-diplomes-iut-sddv-5.jpg","width":1200,"height":800,"caption":"(Photographies Marc Fourniquet)"},{"@type":"BreadcrumbList","@id":"https:\/\/vosgesinfo.fr\/saintdieinfo\/2025\/02\/78-diplomes-a-liut-de-saint-die-des-vosges\/#breadcrumb","itemListElement":[{"@type":"ListItem","position":1,"name":"Home","item":"https:\/\/vosgesinfo.fr\/saintdieinfo\/"},{"@type":"ListItem","position":2,"name":"78 dipl\u00f4m\u00e9s \u00e0 l&rsquo;IUT de Saint-Di\u00e9-des-Vosges"}]},{"@type":"WebSite","@id":"https:\/\/vosgesinfo.fr\/saintdieinfo\/#website","url":"https:\/\/vosgesinfo.fr\/saintdieinfo\/","name":"Saint Die Info","description":"Toute l&#039;actualit\u00e9 de Saint-Di\u00e9-Des-Vosges","publisher":{"@id":"https:\/\/vosgesinfo.fr\/saintdieinfo\/#organization"},"alternateName":"Toute l'actualit\u00e9 de Saint-Di\u00e9-Des-Vosges","potentialAction":[{"@type":"SearchAction","target":{"@type":"EntryPoint","urlTemplate":"https:\/\/vosgesinfo.fr\/saintdieinfo\/?s={search_term_string}"},"query-input":"required name=search_term_string"}],"inLanguage":"fr-FR"},{"@type":"Organization","@id":"https:\/\/vosgesinfo.fr\/saintdieinfo\/#organization","name":"Saint Die Info","url":"https:\/\/vosgesinfo.fr\/saintdieinfo\/","logo":{"@type":"ImageObject","inLanguage":"fr-FR","@id":"https:\/\/vosgesinfo.fr\/saintdieinfo\/#\/schema\/logo\/image\/","url":"https:\/\/vosgesinfo.fr\/app\/uploads\/sites\/4\/2024\/02\/logo-sdi.jpg","contentUrl":"https:\/\/vosgesinfo.fr\/app\/uploads\/sites\/4\/2024\/02\/logo-sdi.jpg","width":600,"height":600,"caption":"Saint Die Info"},"image":{"@id":"https:\/\/vosgesinfo.fr\/saintdieinfo\/#\/schema\/logo\/image\/"},"sameAs":["https:\/\/www.facebook.com\/Saintdieinfofr","https:\/\/x.com\/VosgesInfo88","https:\/\/www.youtube.com\/@vosgesinfo"]},{"@type":"Person","@id":"https:\/\/vosgesinfo.fr\/saintdieinfo\/#\/schema\/person\/fa73e9f726d67bb88f46d5b7943cb572","name":"J.J.","image":{"@type":"ImageObject","inLanguage":"fr-FR","@id":"https:\/\/vosgesinfo.fr\/saintdieinfo\/#\/schema\/person\/image\/","url":"https:\/\/secure.gravatar.com\/avatar\/219e749e47ffbcca018a360ae4add7d4cdf1cdaaf8bc7676b27efade3fe65615?s=96&d=mm&r=g","contentUrl":"https:\/\/secure.gravatar.com\/avatar\/219e749e47ffbcca018a360ae4add7d4cdf1cdaaf8bc7676b27efade3fe65615?s=96&d=mm&r=g","caption":"J.J."},"url":"https:\/\/vosgesinfo.fr\/saintdieinfo\/author\/j-j\/"}]}},"_links":{"self":[{"href":"https:\/\/vosgesinfo.fr\/saintdieinfo\/wp-json\/wp\/v2\/posts\/74057","targetHints":{"allow":["GET"]}}],"collection":[{"href":"https:\/\/vosgesinfo.fr\/saintdieinfo\/wp-json\/wp\/v2\/posts"}],"about":[{"href":"https:\/\/vosgesinfo.fr\/saintdieinfo\/wp-json\/wp\/v2\/types\/post"}],"author":[{"embeddable":true,"href":"https:\/\/vosgesinfo.fr\/saintdieinfo\/wp-json\/wp\/v2\/users\/46"}],"replies":[{"embeddable":true,"href":"https:\/\/vosgesinfo.fr\/saintdieinfo\/wp-json\/wp\/v2\/comments?post=74057"}],"version-history":[{"count":5,"href":"https:\/\/vosgesinfo.fr\/saintdieinfo\/wp-json\/wp\/v2\/posts\/74057\/revisions"}],"predecessor-version":[{"id":74067,"href":"https:\/\/vosgesinfo.fr\/saintdieinfo\/wp-json\/wp\/v2\/posts\/74057\/revisions\/74067"}],"wp:featuredmedia":[{"embeddable":true,"href":"https:\/\/vosgesinfo.fr\/saintdieinfo\/wp-json\/wp\/v2\/media\/74060"}],"wp:attachment":[{"href":"https:\/\/vosgesinfo.fr\/saintdieinfo\/wp-json\/wp\/v2\/media?parent=74057"}],"wp:term":[{"taxonomy":"category","embeddable":true,"href":"https:\/\/vosgesinfo.fr\/saintdieinfo\/wp-json\/wp\/v2\/categories?post=74057"},{"taxonomy":"post_tag","embeddable":true,"href":"https:\/\/vosgesinfo.fr\/saintdieinfo\/wp-json\/wp\/v2\/tags?post=74057"}],"curies":[{"name":"wp","href":"https:\/\/api.w.org\/{rel}","templated":true}]}}