{"id":74243,"date":"2025-02-20T19:02:32","date_gmt":"2025-02-20T18:02:32","guid":{"rendered":"https:\/\/vosgesinfo.fr\/saintdieinfo\/?p=74243"},"modified":"2025-02-20T18:49:25","modified_gmt":"2025-02-20T17:49:25","slug":"un-immeuble-de-la-rue-des-travailleurs-evacue-pour-des-risques-deffondrement","status":"publish","type":"post","link":"https:\/\/vosgesinfo.fr\/saintdieinfo\/2025\/02\/un-immeuble-de-la-rue-des-travailleurs-evacue-pour-des-risques-deffondrement\/","title":{"rendered":"Un immeuble de la rue des Travailleurs \u00e9vacu\u00e9 pour des risques d&rsquo;effondrement"},"content":{"rendered":"<p data-start=\"0\" data-end=\"262\"><a href=\"https:\/\/vosgesinfo.fr\/app\/uploads\/sites\/4\/2025\/02\/risques-effondrement-immeuble-rue-des-travailleurs-1-scaled.jpg\"><img decoding=\"async\" class=\"alignnone size-large wp-image-74244\" src=\"https:\/\/vosgesinfo.fr\/app\/uploads\/sites\/4\/2025\/02\/risques-effondrement-immeuble-rue-des-travailleurs-1-1024x771.jpg\" alt=\"\" width=\"1024\" height=\"771\" srcset=\"https:\/\/vosgesinfo.fr\/app\/uploads\/sites\/4\/2025\/02\/risques-effondrement-immeuble-rue-des-travailleurs-1-1024x771.jpg 1024w, https:\/\/vosgesinfo.fr\/app\/uploads\/sites\/4\/2025\/02\/risques-effondrement-immeuble-rue-des-travailleurs-1-300x226.jpg 300w, https:\/\/vosgesinfo.fr\/app\/uploads\/sites\/4\/2025\/02\/risques-effondrement-immeuble-rue-des-travailleurs-1-768x578.jpg 768w, https:\/\/vosgesinfo.fr\/app\/uploads\/sites\/4\/2025\/02\/risques-effondrement-immeuble-rue-des-travailleurs-1-1536x1157.jpg 1536w, https:\/\/vosgesinfo.fr\/app\/uploads\/sites\/4\/2025\/02\/risques-effondrement-immeuble-rue-des-travailleurs-1-2048x1542.jpg 2048w\" sizes=\"(max-width: 1024px) 100vw, 1024px\" \/><\/a><\/p>\n<h2 data-start=\"0\" data-end=\"262\">Ce <strong data-start=\"3\" data-end=\"23\">jeudi apr\u00e8s-midi<\/strong>, vers <strong data-start=\"30\" data-end=\"39\">16h30<\/strong>, en parall\u00e8le de l&rsquo;<a href=\"https:\/\/vosgesinfo.fr\/saintdieinfo\/2025\/02\/un-feu-de-matelas-a-lorigine-dun-incendie-rue-depinal\/\" target=\"_blank\" rel=\"noopener\"><strong data-start=\"59\" data-end=\"84\">incendie rue d&rsquo;\u00c9pinal<\/strong><\/a>, <strong data-start=\"86\" data-end=\"108\">5 sapeurs-pompiers<\/strong> sont intervenus au <strong data-start=\"128\" data-end=\"155\">6, rue des Travailleurs<\/strong>, c\u00f4t\u00e9 <strong data-start=\"162\" data-end=\"176\">Foucharupt<\/strong>, o\u00f9 les <strong data-start=\"185\" data-end=\"239\">habitants de l&rsquo;immeuble \u00ab L&rsquo;Union et l&rsquo;Esp\u00e9rance \u00bb<\/strong> ont \u00e9t\u00e9 <strong data-start=\"248\" data-end=\"259\">\u00e9vacu\u00e9s<\/strong>.<\/h2>\n<p data-start=\"0\" data-end=\"262\"><!--more--><\/p>\n<p data-start=\"264\" data-end=\"449\">Le <strong data-start=\"267\" data-end=\"279\">b\u00e2timent<\/strong>, qui appartient \u00e0 un <strong data-start=\"301\" data-end=\"319\">bailleur priv\u00e9<\/strong>, pr\u00e9sente des <strong data-start=\"334\" data-end=\"360\">risques d&rsquo;effondrement<\/strong> apr\u00e8s qu&rsquo;un <strong data-start=\"373\" data-end=\"417\">plafond au deuxi\u00e8me \u00e9tage s&rsquo;est affaiss\u00e9<\/strong> d&rsquo;une dizaine de centim\u00e8tres.<\/p>\n<p data-start=\"451\" data-end=\"823\">Pr\u00e9sent sur place, le <strong data-start=\"473\" data-end=\"498\">maire Bruno Toussaint<\/strong> a d\u00e9clar\u00e9 qu&rsquo;un <strong data-start=\"515\" data-end=\"535\">arr\u00eat\u00e9 municipal<\/strong> allait \u00eatre pris <strong data-start=\"553\" data-end=\"575\">tr\u00e8s prochainement<\/strong> pour <strong data-start=\"581\" data-end=\"614\">emp\u00eacher l&rsquo;acc\u00e8s \u00e0 l&rsquo;immeuble<\/strong>, qui pr\u00e9sente <strong data-start=\"629\" data-end=\"651\">plusieurs fissures<\/strong> et qui est d\u00e9sormais consid\u00e9r\u00e9 comme <strong data-start=\"689\" data-end=\"722\">trop dangereux pour y habiter<\/strong>. \u00ab On va murer et installer des gros blocs, comme ceux utilis\u00e9s dans le cadre de Vigipirate. \u00bb<\/p>\n<p data-start=\"825\" data-end=\"1089\">La <strong data-start=\"828\" data-end=\"852\">dizaine de personnes<\/strong> qui loge dans les <strong data-start=\"871\" data-end=\"887\">appartements<\/strong> du b\u00e2timent a \u00e9t\u00e9 <strong data-start=\"894\" data-end=\"935\">prise en charge par le CCAS d\u00e9odatien<\/strong>. Une partie d&rsquo;entre elles rejoindra ses <strong data-start=\"980\" data-end=\"1000\">familles ce soir<\/strong>, tandis que d&rsquo;autres <strong>dormiront \u00e0 l&rsquo;h\u00f4tel<\/strong>. Tous ont <strong data-start=\"1056\" data-end=\"1086\">rendez-vous demain au CCAS<\/strong>.<\/p>\n<p data-start=\"1091\" data-end=\"1332\" data-is-last-node=\"\" data-is-only-node=\"\">Durant l&rsquo;<strong data-start=\"1100\" data-end=\"1137\">intervention des sapeurs-pompiers<\/strong>, la <strong data-start=\"1142\" data-end=\"1166\">rue des Travailleurs<\/strong> a \u00e9t\u00e9 <strong data-start=\"1173\" data-end=\"1212\">totalement bloqu\u00e9e \u00e0 la circulation<\/strong> par la <strong data-start=\"1220\" data-end=\"1241\">Police Municipale<\/strong>, aux niveaux du <strong data-start=\"1258\" data-end=\"1301\">square de la 103e Division d&rsquo;Infanterie<\/strong> et de la <strong data-start=\"1311\" data-end=\"1331\">rue de la Grotte<\/strong>.<\/p>\n<p data-start=\"1091\" data-end=\"1332\" data-is-last-node=\"\" data-is-only-node=\"\">J.J.<\/p>\n<p data-start=\"1091\" data-end=\"1332\" data-is-last-node=\"\" data-is-only-node=\"\"><a href=\"https:\/\/vosgesinfo.fr\/app\/uploads\/sites\/4\/2025\/02\/risques-effondrement-immeuble-rue-des-travailleurs-2-scaled.jpg\"><img decoding=\"async\" class=\"alignnone size-large wp-image-74245\" src=\"https:\/\/vosgesinfo.fr\/app\/uploads\/sites\/4\/2025\/02\/risques-effondrement-immeuble-rue-des-travailleurs-2-1024x771.jpg\" alt=\"\" width=\"1024\" height=\"771\" srcset=\"https:\/\/vosgesinfo.fr\/app\/uploads\/sites\/4\/2025\/02\/risques-effondrement-immeuble-rue-des-travailleurs-2-1024x771.jpg 1024w, https:\/\/vosgesinfo.fr\/app\/uploads\/sites\/4\/2025\/02\/risques-effondrement-immeuble-rue-des-travailleurs-2-300x226.jpg 300w, https:\/\/vosgesinfo.fr\/app\/uploads\/sites\/4\/2025\/02\/risques-effondrement-immeuble-rue-des-travailleurs-2-768x578.jpg 768w, https:\/\/vosgesinfo.fr\/app\/uploads\/sites\/4\/2025\/02\/risques-effondrement-immeuble-rue-des-travailleurs-2-1536x1157.jpg 1536w, https:\/\/vosgesinfo.fr\/app\/uploads\/sites\/4\/2025\/02\/risques-effondrement-immeuble-rue-des-travailleurs-2-2048x1542.jpg 2048w\" sizes=\"(max-width: 1024px) 100vw, 1024px\" \/><\/a><\/p>\n","protected":false},"excerpt":{"rendered":"<p>Ce jeudi apr\u00e8s-midi, vers 16h30, en parall\u00e8le de l&rsquo;incendie rue d&rsquo;\u00c9pinal, 5 sapeurs-pompiers sont intervenus au 6, rue des Travailleurs, [&hellip;]<\/p>\n","protected":false},"author":46,"featured_media":74244,"comment_status":"open","ping_status":"open","sticky":false,"template":"","format":"standard","meta":{"footnotes":""},"categories":[460,2924,167],"tags":[16244,14561,1017,16245],"class_list":["post-74243","post","type-post","status-publish","format-standard","has-post-thumbnail","hentry","category-a-la-une","category-fait-divers","category-saint-die-des-vosges","tag-risques-deffondrement-dun-immeuble-de-la-rue-des-travailleurs","tag-rue-des-travailleurs","tag-sapeurs-pompiers-des-vosges","tag-un-immeuble-de-la-rue-des-travailleurs-evacue-pour-des-risques-deffondrement"],"acf":[],"yoast_head":"<!-- This site is optimized with the Yoast SEO plugin v22.5 - https:\/\/yoast.com\/wordpress\/plugins\/seo\/ -->\n<title>Un immeuble de la rue des Travailleurs \u00e9vacu\u00e9 pour des risques d&#039;effondrement - Saint Die Info<\/title>\n<meta name=\"robots\" content=\"index, follow, max-snippet:-1, max-image-preview:large, max-video-preview:-1\" \/>\n<link rel=\"canonical\" href=\"https:\/\/vosgesinfo.fr\/saintdieinfo\/2025\/02\/un-immeuble-de-la-rue-des-travailleurs-evacue-pour-des-risques-deffondrement\/\" \/>\n<meta name=\"twitter:card\" content=\"summary_large_image\" \/>\n<meta name=\"twitter:title\" content=\"Un immeuble de la rue des Travailleurs \u00e9vacu\u00e9 pour des risques d&#039;effondrement - Saint Die Info\" \/>\n<meta name=\"twitter:description\" content=\"Ce jeudi apr\u00e8s-midi, vers 16h30, en parall\u00e8le de l&rsquo;incendie rue d&rsquo;\u00c9pinal, 5 sapeurs-pompiers sont intervenus au 6, rue des Travailleurs, [&hellip;]\" \/>\n<meta name=\"twitter:image\" content=\"https:\/\/vosgesinfo.fr\/app\/uploads\/sites\/4\/2025\/02\/risques-effondrement-immeuble-rue-des-travailleurs-1-scaled.jpg\" \/>\n<meta name=\"twitter:creator\" content=\"@VosgesInfo88\" \/>\n<meta name=\"twitter:site\" content=\"@VosgesInfo88\" \/>\n<meta name=\"twitter:label1\" content=\"\u00c9crit par\" \/>\n\t<meta name=\"twitter:data1\" content=\"J.J.\" \/>\n\t<meta name=\"twitter:label2\" content=\"Dur\u00e9e de lecture estim\u00e9e\" \/>\n\t<meta name=\"twitter:data2\" content=\"1 minute\" \/>\n<script type=\"application\/ld+json\" class=\"yoast-schema-graph\">{\"@context\":\"https:\/\/schema.org\",\"@graph\":[{\"@type\":\"Article\",\"@id\":\"https:\/\/vosgesinfo.fr\/saintdieinfo\/2025\/02\/un-immeuble-de-la-rue-des-travailleurs-evacue-pour-des-risques-deffondrement\/#article\",\"isPartOf\":{\"@id\":\"https:\/\/vosgesinfo.fr\/saintdieinfo\/2025\/02\/un-immeuble-de-la-rue-des-travailleurs-evacue-pour-des-risques-deffondrement\/\"},\"author\":{\"name\":\"J.J.\",\"@id\":\"https:\/\/vosgesinfo.fr\/saintdieinfo\/#\/schema\/person\/fa73e9f726d67bb88f46d5b7943cb572\"},\"headline\":\"Un immeuble de la rue des Travailleurs \u00e9vacu\u00e9 pour des risques d&rsquo;effondrement\",\"datePublished\":\"2025-02-20T18:02:32+00:00\",\"dateModified\":\"2025-02-20T17:49:25+00:00\",\"mainEntityOfPage\":{\"@id\":\"https:\/\/vosgesinfo.fr\/saintdieinfo\/2025\/02\/un-immeuble-de-la-rue-des-travailleurs-evacue-pour-des-risques-deffondrement\/\"},\"wordCount\":236,\"commentCount\":3,\"publisher\":{\"@id\":\"https:\/\/vosgesinfo.fr\/saintdieinfo\/#organization\"},\"image\":{\"@id\":\"https:\/\/vosgesinfo.fr\/saintdieinfo\/2025\/02\/un-immeuble-de-la-rue-des-travailleurs-evacue-pour-des-risques-deffondrement\/#primaryimage\"},\"thumbnailUrl\":\"https:\/\/vosgesinfo.fr\/app\/uploads\/sites\/4\/2025\/02\/risques-effondrement-immeuble-rue-des-travailleurs-1-scaled.jpg\",\"keywords\":[\"Risques d'effondrement d'un immeuble de la rue des Travailleurs\",\"Rue des Travailleurs\",\"sapeurs-pompiers des Vosges\",\"Un immeuble de la rue des Travailleurs \u00e9vacu\u00e9 pour des risques d'effondrement\"],\"articleSection\":[\"A la Une\",\"Fait Divers\",\"Saint-Di\u00e9-des-Vosges\"],\"inLanguage\":\"fr-FR\",\"potentialAction\":[{\"@type\":\"CommentAction\",\"name\":\"Comment\",\"target\":[\"https:\/\/vosgesinfo.fr\/saintdieinfo\/2025\/02\/un-immeuble-de-la-rue-des-travailleurs-evacue-pour-des-risques-deffondrement\/#respond\"]}]},{\"@type\":\"WebPage\",\"@id\":\"https:\/\/vosgesinfo.fr\/saintdieinfo\/2025\/02\/un-immeuble-de-la-rue-des-travailleurs-evacue-pour-des-risques-deffondrement\/\",\"url\":\"https:\/\/vosgesinfo.fr\/saintdieinfo\/2025\/02\/un-immeuble-de-la-rue-des-travailleurs-evacue-pour-des-risques-deffondrement\/\",\"name\":\"Un immeuble de la rue des Travailleurs \u00e9vacu\u00e9 pour des risques d'effondrement - Saint Die Info\",\"isPartOf\":{\"@id\":\"https:\/\/vosgesinfo.fr\/saintdieinfo\/#website\"},\"primaryImageOfPage\":{\"@id\":\"https:\/\/vosgesinfo.fr\/saintdieinfo\/2025\/02\/un-immeuble-de-la-rue-des-travailleurs-evacue-pour-des-risques-deffondrement\/#primaryimage\"},\"image\":{\"@id\":\"https:\/\/vosgesinfo.fr\/saintdieinfo\/2025\/02\/un-immeuble-de-la-rue-des-travailleurs-evacue-pour-des-risques-deffondrement\/#primaryimage\"},\"thumbnailUrl\":\"https:\/\/vosgesinfo.fr\/app\/uploads\/sites\/4\/2025\/02\/risques-effondrement-immeuble-rue-des-travailleurs-1-scaled.jpg\",\"datePublished\":\"2025-02-20T18:02:32+00:00\",\"dateModified\":\"2025-02-20T17:49:25+00:00\",\"breadcrumb\":{\"@id\":\"https:\/\/vosgesinfo.fr\/saintdieinfo\/2025\/02\/un-immeuble-de-la-rue-des-travailleurs-evacue-pour-des-risques-deffondrement\/#breadcrumb\"},\"inLanguage\":\"fr-FR\",\"potentialAction\":[{\"@type\":\"ReadAction\",\"target\":[\"https:\/\/vosgesinfo.fr\/saintdieinfo\/2025\/02\/un-immeuble-de-la-rue-des-travailleurs-evacue-pour-des-risques-deffondrement\/\"]}]},{\"@type\":\"ImageObject\",\"inLanguage\":\"fr-FR\",\"@id\":\"https:\/\/vosgesinfo.fr\/saintdieinfo\/2025\/02\/un-immeuble-de-la-rue-des-travailleurs-evacue-pour-des-risques-deffondrement\/#primaryimage\",\"url\":\"https:\/\/vosgesinfo.fr\/app\/uploads\/sites\/4\/2025\/02\/risques-effondrement-immeuble-rue-des-travailleurs-1-scaled.jpg\",\"contentUrl\":\"https:\/\/vosgesinfo.fr\/app\/uploads\/sites\/4\/2025\/02\/risques-effondrement-immeuble-rue-des-travailleurs-1-scaled.jpg\",\"width\":2560,\"height\":1928},{\"@type\":\"BreadcrumbList\",\"@id\":\"https:\/\/vosgesinfo.fr\/saintdieinfo\/2025\/02\/un-immeuble-de-la-rue-des-travailleurs-evacue-pour-des-risques-deffondrement\/#breadcrumb\",\"itemListElement\":[{\"@type\":\"ListItem\",\"position\":1,\"name\":\"Home\",\"item\":\"https:\/\/vosgesinfo.fr\/saintdieinfo\/\"},{\"@type\":\"ListItem\",\"position\":2,\"name\":\"Un immeuble de la rue des Travailleurs \u00e9vacu\u00e9 pour des risques d&rsquo;effondrement\"}]},{\"@type\":\"WebSite\",\"@id\":\"https:\/\/vosgesinfo.fr\/saintdieinfo\/#website\",\"url\":\"https:\/\/vosgesinfo.fr\/saintdieinfo\/\",\"name\":\"Saint Die Info\",\"description\":\"Toute l&#039;actualit\u00e9 de Saint-Di\u00e9-Des-Vosges\",\"publisher\":{\"@id\":\"https:\/\/vosgesinfo.fr\/saintdieinfo\/#organization\"},\"alternateName\":\"Toute l'actualit\u00e9 de Saint-Di\u00e9-Des-Vosges\",\"potentialAction\":[{\"@type\":\"SearchAction\",\"target\":{\"@type\":\"EntryPoint\",\"urlTemplate\":\"https:\/\/vosgesinfo.fr\/saintdieinfo\/?s={search_term_string}\"},\"query-input\":\"required name=search_term_string\"}],\"inLanguage\":\"fr-FR\"},{\"@type\":\"Organization\",\"@id\":\"https:\/\/vosgesinfo.fr\/saintdieinfo\/#organization\",\"name\":\"Saint Die Info\",\"url\":\"https:\/\/vosgesinfo.fr\/saintdieinfo\/\",\"logo\":{\"@type\":\"ImageObject\",\"inLanguage\":\"fr-FR\",\"@id\":\"https:\/\/vosgesinfo.fr\/saintdieinfo\/#\/schema\/logo\/image\/\",\"url\":\"https:\/\/vosgesinfo.fr\/app\/uploads\/sites\/4\/2024\/02\/logo-sdi.jpg\",\"contentUrl\":\"https:\/\/vosgesinfo.fr\/app\/uploads\/sites\/4\/2024\/02\/logo-sdi.jpg\",\"width\":600,\"height\":600,\"caption\":\"Saint Die Info\"},\"image\":{\"@id\":\"https:\/\/vosgesinfo.fr\/saintdieinfo\/#\/schema\/logo\/image\/\"},\"sameAs\":[\"https:\/\/www.facebook.com\/Saintdieinfofr\",\"https:\/\/x.com\/VosgesInfo88\",\"https:\/\/www.youtube.com\/@vosgesinfo\"]},{\"@type\":\"Person\",\"@id\":\"https:\/\/vosgesinfo.fr\/saintdieinfo\/#\/schema\/person\/fa73e9f726d67bb88f46d5b7943cb572\",\"name\":\"J.J.\",\"image\":{\"@type\":\"ImageObject\",\"inLanguage\":\"fr-FR\",\"@id\":\"https:\/\/vosgesinfo.fr\/saintdieinfo\/#\/schema\/person\/image\/\",\"url\":\"https:\/\/secure.gravatar.com\/avatar\/219e749e47ffbcca018a360ae4add7d4cdf1cdaaf8bc7676b27efade3fe65615?s=96&d=mm&r=g\",\"contentUrl\":\"https:\/\/secure.gravatar.com\/avatar\/219e749e47ffbcca018a360ae4add7d4cdf1cdaaf8bc7676b27efade3fe65615?s=96&d=mm&r=g\",\"caption\":\"J.J.\"},\"url\":\"https:\/\/vosgesinfo.fr\/saintdieinfo\/author\/j-j\/\"}]}<\/script>\n<!-- \/ Yoast SEO plugin. -->","yoast_head_json":{"title":"Un immeuble de la rue des Travailleurs \u00e9vacu\u00e9 pour des risques d'effondrement - Saint Die Info","robots":{"index":"index","follow":"follow","max-snippet":"max-snippet:-1","max-image-preview":"max-image-preview:large","max-video-preview":"max-video-preview:-1"},"canonical":"https:\/\/vosgesinfo.fr\/saintdieinfo\/2025\/02\/un-immeuble-de-la-rue-des-travailleurs-evacue-pour-des-risques-deffondrement\/","twitter_card":"summary_large_image","twitter_title":"Un immeuble de la rue des Travailleurs \u00e9vacu\u00e9 pour des risques d'effondrement - Saint Die Info","twitter_description":"Ce jeudi apr\u00e8s-midi, vers 16h30, en parall\u00e8le de l&rsquo;incendie rue d&rsquo;\u00c9pinal, 5 sapeurs-pompiers sont intervenus au 6, rue des Travailleurs, [&hellip;]","twitter_image":"https:\/\/vosgesinfo.fr\/app\/uploads\/sites\/4\/2025\/02\/risques-effondrement-immeuble-rue-des-travailleurs-1-scaled.jpg","twitter_creator":"@VosgesInfo88","twitter_site":"@VosgesInfo88","twitter_misc":{"\u00c9crit par":"J.J.","Dur\u00e9e de lecture estim\u00e9e":"1 minute"},"schema":{"@context":"https:\/\/schema.org","@graph":[{"@type":"Article","@id":"https:\/\/vosgesinfo.fr\/saintdieinfo\/2025\/02\/un-immeuble-de-la-rue-des-travailleurs-evacue-pour-des-risques-deffondrement\/#article","isPartOf":{"@id":"https:\/\/vosgesinfo.fr\/saintdieinfo\/2025\/02\/un-immeuble-de-la-rue-des-travailleurs-evacue-pour-des-risques-deffondrement\/"},"author":{"name":"J.J.","@id":"https:\/\/vosgesinfo.fr\/saintdieinfo\/#\/schema\/person\/fa73e9f726d67bb88f46d5b7943cb572"},"headline":"Un immeuble de la rue des Travailleurs \u00e9vacu\u00e9 pour des risques d&rsquo;effondrement","datePublished":"2025-02-20T18:02:32+00:00","dateModified":"2025-02-20T17:49:25+00:00","mainEntityOfPage":{"@id":"https:\/\/vosgesinfo.fr\/saintdieinfo\/2025\/02\/un-immeuble-de-la-rue-des-travailleurs-evacue-pour-des-risques-deffondrement\/"},"wordCount":236,"commentCount":3,"publisher":{"@id":"https:\/\/vosgesinfo.fr\/saintdieinfo\/#organization"},"image":{"@id":"https:\/\/vosgesinfo.fr\/saintdieinfo\/2025\/02\/un-immeuble-de-la-rue-des-travailleurs-evacue-pour-des-risques-deffondrement\/#primaryimage"},"thumbnailUrl":"https:\/\/vosgesinfo.fr\/app\/uploads\/sites\/4\/2025\/02\/risques-effondrement-immeuble-rue-des-travailleurs-1-scaled.jpg","keywords":["Risques d'effondrement d'un immeuble de la rue des Travailleurs","Rue des Travailleurs","sapeurs-pompiers des Vosges","Un immeuble de la rue des Travailleurs \u00e9vacu\u00e9 pour des risques d'effondrement"],"articleSection":["A la Une","Fait Divers","Saint-Di\u00e9-des-Vosges"],"inLanguage":"fr-FR","potentialAction":[{"@type":"CommentAction","name":"Comment","target":["https:\/\/vosgesinfo.fr\/saintdieinfo\/2025\/02\/un-immeuble-de-la-rue-des-travailleurs-evacue-pour-des-risques-deffondrement\/#respond"]}]},{"@type":"WebPage","@id":"https:\/\/vosgesinfo.fr\/saintdieinfo\/2025\/02\/un-immeuble-de-la-rue-des-travailleurs-evacue-pour-des-risques-deffondrement\/","url":"https:\/\/vosgesinfo.fr\/saintdieinfo\/2025\/02\/un-immeuble-de-la-rue-des-travailleurs-evacue-pour-des-risques-deffondrement\/","name":"Un immeuble de la rue des Travailleurs \u00e9vacu\u00e9 pour des risques d'effondrement - Saint Die Info","isPartOf":{"@id":"https:\/\/vosgesinfo.fr\/saintdieinfo\/#website"},"primaryImageOfPage":{"@id":"https:\/\/vosgesinfo.fr\/saintdieinfo\/2025\/02\/un-immeuble-de-la-rue-des-travailleurs-evacue-pour-des-risques-deffondrement\/#primaryimage"},"image":{"@id":"https:\/\/vosgesinfo.fr\/saintdieinfo\/2025\/02\/un-immeuble-de-la-rue-des-travailleurs-evacue-pour-des-risques-deffondrement\/#primaryimage"},"thumbnailUrl":"https:\/\/vosgesinfo.fr\/app\/uploads\/sites\/4\/2025\/02\/risques-effondrement-immeuble-rue-des-travailleurs-1-scaled.jpg","datePublished":"2025-02-20T18:02:32+00:00","dateModified":"2025-02-20T17:49:25+00:00","breadcrumb":{"@id":"https:\/\/vosgesinfo.fr\/saintdieinfo\/2025\/02\/un-immeuble-de-la-rue-des-travailleurs-evacue-pour-des-risques-deffondrement\/#breadcrumb"},"inLanguage":"fr-FR","potentialAction":[{"@type":"ReadAction","target":["https:\/\/vosgesinfo.fr\/saintdieinfo\/2025\/02\/un-immeuble-de-la-rue-des-travailleurs-evacue-pour-des-risques-deffondrement\/"]}]},{"@type":"ImageObject","inLanguage":"fr-FR","@id":"https:\/\/vosgesinfo.fr\/saintdieinfo\/2025\/02\/un-immeuble-de-la-rue-des-travailleurs-evacue-pour-des-risques-deffondrement\/#primaryimage","url":"https:\/\/vosgesinfo.fr\/app\/uploads\/sites\/4\/2025\/02\/risques-effondrement-immeuble-rue-des-travailleurs-1-scaled.jpg","contentUrl":"https:\/\/vosgesinfo.fr\/app\/uploads\/sites\/4\/2025\/02\/risques-effondrement-immeuble-rue-des-travailleurs-1-scaled.jpg","width":2560,"height":1928},{"@type":"BreadcrumbList","@id":"https:\/\/vosgesinfo.fr\/saintdieinfo\/2025\/02\/un-immeuble-de-la-rue-des-travailleurs-evacue-pour-des-risques-deffondrement\/#breadcrumb","itemListElement":[{"@type":"ListItem","position":1,"name":"Home","item":"https:\/\/vosgesinfo.fr\/saintdieinfo\/"},{"@type":"ListItem","position":2,"name":"Un immeuble de la rue des Travailleurs \u00e9vacu\u00e9 pour des risques d&rsquo;effondrement"}]},{"@type":"WebSite","@id":"https:\/\/vosgesinfo.fr\/saintdieinfo\/#website","url":"https:\/\/vosgesinfo.fr\/saintdieinfo\/","name":"Saint Die Info","description":"Toute l&#039;actualit\u00e9 de Saint-Di\u00e9-Des-Vosges","publisher":{"@id":"https:\/\/vosgesinfo.fr\/saintdieinfo\/#organization"},"alternateName":"Toute l'actualit\u00e9 de Saint-Di\u00e9-Des-Vosges","potentialAction":[{"@type":"SearchAction","target":{"@type":"EntryPoint","urlTemplate":"https:\/\/vosgesinfo.fr\/saintdieinfo\/?s={search_term_string}"},"query-input":"required name=search_term_string"}],"inLanguage":"fr-FR"},{"@type":"Organization","@id":"https:\/\/vosgesinfo.fr\/saintdieinfo\/#organization","name":"Saint Die Info","url":"https:\/\/vosgesinfo.fr\/saintdieinfo\/","logo":{"@type":"ImageObject","inLanguage":"fr-FR","@id":"https:\/\/vosgesinfo.fr\/saintdieinfo\/#\/schema\/logo\/image\/","url":"https:\/\/vosgesinfo.fr\/app\/uploads\/sites\/4\/2024\/02\/logo-sdi.jpg","contentUrl":"https:\/\/vosgesinfo.fr\/app\/uploads\/sites\/4\/2024\/02\/logo-sdi.jpg","width":600,"height":600,"caption":"Saint Die Info"},"image":{"@id":"https:\/\/vosgesinfo.fr\/saintdieinfo\/#\/schema\/logo\/image\/"},"sameAs":["https:\/\/www.facebook.com\/Saintdieinfofr","https:\/\/x.com\/VosgesInfo88","https:\/\/www.youtube.com\/@vosgesinfo"]},{"@type":"Person","@id":"https:\/\/vosgesinfo.fr\/saintdieinfo\/#\/schema\/person\/fa73e9f726d67bb88f46d5b7943cb572","name":"J.J.","image":{"@type":"ImageObject","inLanguage":"fr-FR","@id":"https:\/\/vosgesinfo.fr\/saintdieinfo\/#\/schema\/person\/image\/","url":"https:\/\/secure.gravatar.com\/avatar\/219e749e47ffbcca018a360ae4add7d4cdf1cdaaf8bc7676b27efade3fe65615?s=96&d=mm&r=g","contentUrl":"https:\/\/secure.gravatar.com\/avatar\/219e749e47ffbcca018a360ae4add7d4cdf1cdaaf8bc7676b27efade3fe65615?s=96&d=mm&r=g","caption":"J.J."},"url":"https:\/\/vosgesinfo.fr\/saintdieinfo\/author\/j-j\/"}]}},"_links":{"self":[{"href":"https:\/\/vosgesinfo.fr\/saintdieinfo\/wp-json\/wp\/v2\/posts\/74243","targetHints":{"allow":["GET"]}}],"collection":[{"href":"https:\/\/vosgesinfo.fr\/saintdieinfo\/wp-json\/wp\/v2\/posts"}],"about":[{"href":"https:\/\/vosgesinfo.fr\/saintdieinfo\/wp-json\/wp\/v2\/types\/post"}],"author":[{"embeddable":true,"href":"https:\/\/vosgesinfo.fr\/saintdieinfo\/wp-json\/wp\/v2\/users\/46"}],"replies":[{"embeddable":true,"href":"https:\/\/vosgesinfo.fr\/saintdieinfo\/wp-json\/wp\/v2\/comments?post=74243"}],"version-history":[{"count":1,"href":"https:\/\/vosgesinfo.fr\/saintdieinfo\/wp-json\/wp\/v2\/posts\/74243\/revisions"}],"predecessor-version":[{"id":74246,"href":"https:\/\/vosgesinfo.fr\/saintdieinfo\/wp-json\/wp\/v2\/posts\/74243\/revisions\/74246"}],"wp:featuredmedia":[{"embeddable":true,"href":"https:\/\/vosgesinfo.fr\/saintdieinfo\/wp-json\/wp\/v2\/media\/74244"}],"wp:attachment":[{"href":"https:\/\/vosgesinfo.fr\/saintdieinfo\/wp-json\/wp\/v2\/media?parent=74243"}],"wp:term":[{"taxonomy":"category","embeddable":true,"href":"https:\/\/vosgesinfo.fr\/saintdieinfo\/wp-json\/wp\/v2\/categories?post=74243"},{"taxonomy":"post_tag","embeddable":true,"href":"https:\/\/vosgesinfo.fr\/saintdieinfo\/wp-json\/wp\/v2\/tags?post=74243"}],"curies":[{"name":"wp","href":"https:\/\/api.w.org\/{rel}","templated":true}]}}