{"id":74255,"date":"2025-02-20T20:11:13","date_gmt":"2025-02-20T19:11:13","guid":{"rendered":"https:\/\/vosgesinfo.fr\/saintdieinfo\/?p=74255"},"modified":"2025-02-20T20:05:14","modified_gmt":"2025-02-20T19:05:14","slug":"mgr-francois-gourdon-nomme-eveque-de-saint-die","status":"publish","type":"post","link":"https:\/\/vosgesinfo.fr\/saintdieinfo\/2025\/02\/mgr-francois-gourdon-nomme-eveque-de-saint-die\/","title":{"rendered":"Mgr Fran\u00e7ois Gourdon nomm\u00e9 \u00e9v\u00eaque de Saint-Di\u00e9"},"content":{"rendered":"<div id=\"attachment_74256\" style=\"width: 1034px\" class=\"wp-caption alignnone\"><a href=\"https:\/\/vosgesinfo.fr\/app\/uploads\/sites\/4\/2025\/02\/mgr-francois-gourdon-eveque-saint-die.jpg\"><img decoding=\"async\" aria-describedby=\"caption-attachment-74256\" class=\"size-large wp-image-74256\" src=\"https:\/\/vosgesinfo.fr\/app\/uploads\/sites\/4\/2025\/02\/mgr-francois-gourdon-eveque-saint-die-1024x858.jpg\" alt=\"\" width=\"1024\" height=\"858\" srcset=\"https:\/\/vosgesinfo.fr\/app\/uploads\/sites\/4\/2025\/02\/mgr-francois-gourdon-eveque-saint-die-1024x858.jpg 1024w, https:\/\/vosgesinfo.fr\/app\/uploads\/sites\/4\/2025\/02\/mgr-francois-gourdon-eveque-saint-die-300x252.jpg 300w, https:\/\/vosgesinfo.fr\/app\/uploads\/sites\/4\/2025\/02\/mgr-francois-gourdon-eveque-saint-die-768x644.jpg 768w, https:\/\/vosgesinfo.fr\/app\/uploads\/sites\/4\/2025\/02\/mgr-francois-gourdon-eveque-saint-die.jpg 1200w\" sizes=\"(max-width: 1024px) 100vw, 1024px\" \/><\/a><p id=\"caption-attachment-74256\" class=\"wp-caption-text\">(Photographie Dioc\u00e8se de Saint-Di\u00e9)<\/p><\/div>\n<h2>Ce <strong>jeudi 20 f\u00e9vrier,<\/strong> le <strong>pape Fran\u00e7ois<\/strong> a nomm\u00e9 <strong>Mgr Fran\u00e7ois Gourdon<\/strong> \u00e9v\u00eaque de <strong>Saint-Di\u00e9<\/strong>. Ce dernier \u00e9tait jusqu&rsquo;\u00e0 pr\u00e9sent <strong>cur\u00e9 de la paroisse cath\u00e9drale Saint-Maurice \u2013 Notre-Dame d\u2019Angers<\/strong>.<\/h2>\n<p><!--more--><\/p>\n<p>La <strong>messe d\u2019ordination \u00e9piscopale<\/strong> se tiendra le <strong>samedi 22 mars \u00e0 15h<\/strong><strong>, <\/strong>en l\u2019<strong>\u00e9glise Notre-Dame-au-Cierge \u00e0 \u00c9pinal<\/strong>. <b>Mgr Fran\u00e7ois Gourdon<\/b> prendra officiellement <strong>possession de la cath\u00e8dre<\/strong> le <strong>mardi 25 mars \u00e0 18h<\/strong> en la <strong>cath\u00e9drale de Saint-Di\u00e9-des-Vosges<\/strong>, \u00e0 l\u2019occasion de la <strong>solennit\u00e9 de l\u2019Annonciation<\/strong>.<\/p>\n<p>Avant son d\u00e9part, <strong>Mgr Gourdon<\/strong> fera ses adieux aux fid\u00e8les du <strong>dioc\u00e8se d\u2019Angers<\/strong> lors d\u2019une <strong>messe de gratitude<\/strong>, c\u00e9l\u00e9br\u00e9e le <strong>dimanche 16 mars \u00e0 18h30<\/strong> en la <strong>cath\u00e9drale Saint-Maurice d\u2019Angers<\/strong>.<\/p>\n<p data-start=\"60\" data-end=\"261\">N\u00e9 en <strong data-start=\"168\" data-end=\"205\">1968 \u00e0 Chanzeaux (Maine-et-Loire)<\/strong>, il succ\u00e8de \u00e0 <strong data-start=\"220\" data-end=\"242\">Mgr Didier Berthet<\/strong>, d\u00e9c\u00e9d\u00e9 en 2023. Ordonn\u00e9 pr\u00eatre en <strong data-start=\"281\" data-end=\"289\">1997<\/strong>, <strong data-start=\"291\" data-end=\"306\">Mgr Gourdon<\/strong> a exerc\u00e9 divers minist\u00e8res dans le dioc\u00e8se d\u2019<strong data-start=\"352\" data-end=\"362\">Angers<\/strong>, notamment comme <strong data-start=\"380\" data-end=\"432\">cur\u00e9 de la cath\u00e9drale Saint-Maurice \u2013 Notre-Dame<\/strong>, <strong data-start=\"434\" data-end=\"455\">vicaire \u00e9piscopal<\/strong> et <strong data-start=\"459\" data-end=\"503\">responsable de l\u2019Enseignement catholique<\/strong>. Il a \u00e9galement poursuivi des \u00e9tudes th\u00e9ologiques \u00e0 <strong data-start=\"556\" data-end=\"569\">Bruxelles<\/strong>.<\/p>\n","protected":false},"excerpt":{"rendered":"<p>Ce jeudi 20 f\u00e9vrier, le pape Fran\u00e7ois a nomm\u00e9 Mgr Fran\u00e7ois Gourdon \u00e9v\u00eaque de Saint-Di\u00e9. Ce dernier \u00e9tait jusqu&rsquo;\u00e0 pr\u00e9sent [&hellip;]<\/p>\n","protected":false},"author":46,"featured_media":74256,"comment_status":"open","ping_status":"open","sticky":false,"template":"","format":"standard","meta":{"footnotes":""},"categories":[460,5392,5391,5389,2979,4099,167,18],"tags":[12452,16249],"class_list":["post-74255","post","type-post","status-publish","format-standard","has-post-thumbnail","hentry","category-a-la-une","category-epinal","category-gerardmer","category-la-plaine-des-vosges","category-religion","category-remiremont","category-saint-die-des-vosges","category-vosges","tag-eveque-de-saint-die","tag-mgr-francois-gourdon"],"acf":[],"yoast_head":"<!-- This site is optimized with the Yoast SEO plugin v22.5 - https:\/\/yoast.com\/wordpress\/plugins\/seo\/ -->\n<title>Mgr Fran\u00e7ois Gourdon nomm\u00e9 \u00e9v\u00eaque de Saint-Di\u00e9 - Saint Die Info<\/title>\n<meta name=\"robots\" content=\"index, follow, max-snippet:-1, max-image-preview:large, max-video-preview:-1\" \/>\n<link rel=\"canonical\" href=\"https:\/\/vosgesinfo.fr\/saintdieinfo\/2025\/02\/mgr-francois-gourdon-nomme-eveque-de-saint-die\/\" \/>\n<meta name=\"twitter:card\" content=\"summary_large_image\" \/>\n<meta name=\"twitter:title\" content=\"Mgr Fran\u00e7ois Gourdon nomm\u00e9 \u00e9v\u00eaque de Saint-Di\u00e9 - Saint Die Info\" \/>\n<meta name=\"twitter:description\" content=\"Ce jeudi 20 f\u00e9vrier, le pape Fran\u00e7ois a nomm\u00e9 Mgr Fran\u00e7ois Gourdon \u00e9v\u00eaque de Saint-Di\u00e9. Ce dernier \u00e9tait jusqu&rsquo;\u00e0 pr\u00e9sent [&hellip;]\" \/>\n<meta name=\"twitter:image\" content=\"https:\/\/vosgesinfo.fr\/app\/uploads\/sites\/4\/2025\/02\/mgr-francois-gourdon-eveque-saint-die.jpg\" \/>\n<meta name=\"twitter:creator\" content=\"@VosgesInfo88\" \/>\n<meta name=\"twitter:site\" content=\"@VosgesInfo88\" \/>\n<meta name=\"twitter:label1\" content=\"\u00c9crit par\" \/>\n\t<meta name=\"twitter:data1\" content=\"J.J.\" \/>\n\t<meta name=\"twitter:label2\" content=\"Dur\u00e9e de lecture estim\u00e9e\" \/>\n\t<meta name=\"twitter:data2\" content=\"2 minutes\" \/>\n<script type=\"application\/ld+json\" class=\"yoast-schema-graph\">{\"@context\":\"https:\/\/schema.org\",\"@graph\":[{\"@type\":\"Article\",\"@id\":\"https:\/\/vosgesinfo.fr\/saintdieinfo\/2025\/02\/mgr-francois-gourdon-nomme-eveque-de-saint-die\/#article\",\"isPartOf\":{\"@id\":\"https:\/\/vosgesinfo.fr\/saintdieinfo\/2025\/02\/mgr-francois-gourdon-nomme-eveque-de-saint-die\/\"},\"author\":{\"name\":\"J.J.\",\"@id\":\"https:\/\/vosgesinfo.fr\/saintdieinfo\/#\/schema\/person\/fa73e9f726d67bb88f46d5b7943cb572\"},\"headline\":\"Mgr Fran\u00e7ois Gourdon nomm\u00e9 \u00e9v\u00eaque de Saint-Di\u00e9\",\"datePublished\":\"2025-02-20T19:11:13+00:00\",\"dateModified\":\"2025-02-20T19:05:14+00:00\",\"mainEntityOfPage\":{\"@id\":\"https:\/\/vosgesinfo.fr\/saintdieinfo\/2025\/02\/mgr-francois-gourdon-nomme-eveque-de-saint-die\/\"},\"wordCount\":196,\"commentCount\":1,\"publisher\":{\"@id\":\"https:\/\/vosgesinfo.fr\/saintdieinfo\/#organization\"},\"image\":{\"@id\":\"https:\/\/vosgesinfo.fr\/saintdieinfo\/2025\/02\/mgr-francois-gourdon-nomme-eveque-de-saint-die\/#primaryimage\"},\"thumbnailUrl\":\"https:\/\/vosgesinfo.fr\/app\/uploads\/sites\/4\/2025\/02\/mgr-francois-gourdon-eveque-saint-die.jpg\",\"keywords\":[\"Ev\u00eaque de Saint-Di\u00e9\",\"Mgr Fran\u00e7ois Gourdon\"],\"articleSection\":[\"A la Une\",\"Epinal\",\"Gerardmer\",\"La plaine des vosges\",\"Religion\",\"Remiremont\",\"Saint-Di\u00e9-des-Vosges\",\"Vosges\"],\"inLanguage\":\"fr-FR\",\"potentialAction\":[{\"@type\":\"CommentAction\",\"name\":\"Comment\",\"target\":[\"https:\/\/vosgesinfo.fr\/saintdieinfo\/2025\/02\/mgr-francois-gourdon-nomme-eveque-de-saint-die\/#respond\"]}]},{\"@type\":\"WebPage\",\"@id\":\"https:\/\/vosgesinfo.fr\/saintdieinfo\/2025\/02\/mgr-francois-gourdon-nomme-eveque-de-saint-die\/\",\"url\":\"https:\/\/vosgesinfo.fr\/saintdieinfo\/2025\/02\/mgr-francois-gourdon-nomme-eveque-de-saint-die\/\",\"name\":\"Mgr Fran\u00e7ois Gourdon nomm\u00e9 \u00e9v\u00eaque de Saint-Di\u00e9 - Saint Die Info\",\"isPartOf\":{\"@id\":\"https:\/\/vosgesinfo.fr\/saintdieinfo\/#website\"},\"primaryImageOfPage\":{\"@id\":\"https:\/\/vosgesinfo.fr\/saintdieinfo\/2025\/02\/mgr-francois-gourdon-nomme-eveque-de-saint-die\/#primaryimage\"},\"image\":{\"@id\":\"https:\/\/vosgesinfo.fr\/saintdieinfo\/2025\/02\/mgr-francois-gourdon-nomme-eveque-de-saint-die\/#primaryimage\"},\"thumbnailUrl\":\"https:\/\/vosgesinfo.fr\/app\/uploads\/sites\/4\/2025\/02\/mgr-francois-gourdon-eveque-saint-die.jpg\",\"datePublished\":\"2025-02-20T19:11:13+00:00\",\"dateModified\":\"2025-02-20T19:05:14+00:00\",\"breadcrumb\":{\"@id\":\"https:\/\/vosgesinfo.fr\/saintdieinfo\/2025\/02\/mgr-francois-gourdon-nomme-eveque-de-saint-die\/#breadcrumb\"},\"inLanguage\":\"fr-FR\",\"potentialAction\":[{\"@type\":\"ReadAction\",\"target\":[\"https:\/\/vosgesinfo.fr\/saintdieinfo\/2025\/02\/mgr-francois-gourdon-nomme-eveque-de-saint-die\/\"]}]},{\"@type\":\"ImageObject\",\"inLanguage\":\"fr-FR\",\"@id\":\"https:\/\/vosgesinfo.fr\/saintdieinfo\/2025\/02\/mgr-francois-gourdon-nomme-eveque-de-saint-die\/#primaryimage\",\"url\":\"https:\/\/vosgesinfo.fr\/app\/uploads\/sites\/4\/2025\/02\/mgr-francois-gourdon-eveque-saint-die.jpg\",\"contentUrl\":\"https:\/\/vosgesinfo.fr\/app\/uploads\/sites\/4\/2025\/02\/mgr-francois-gourdon-eveque-saint-die.jpg\",\"width\":1200,\"height\":1006,\"caption\":\"(Photographie Dioc\u00e8se de Saint-Di\u00e9)\"},{\"@type\":\"BreadcrumbList\",\"@id\":\"https:\/\/vosgesinfo.fr\/saintdieinfo\/2025\/02\/mgr-francois-gourdon-nomme-eveque-de-saint-die\/#breadcrumb\",\"itemListElement\":[{\"@type\":\"ListItem\",\"position\":1,\"name\":\"Home\",\"item\":\"https:\/\/vosgesinfo.fr\/saintdieinfo\/\"},{\"@type\":\"ListItem\",\"position\":2,\"name\":\"Mgr Fran\u00e7ois Gourdon nomm\u00e9 \u00e9v\u00eaque de Saint-Di\u00e9\"}]},{\"@type\":\"WebSite\",\"@id\":\"https:\/\/vosgesinfo.fr\/saintdieinfo\/#website\",\"url\":\"https:\/\/vosgesinfo.fr\/saintdieinfo\/\",\"name\":\"Saint Die Info\",\"description\":\"Toute l&#039;actualit\u00e9 de Saint-Di\u00e9-Des-Vosges\",\"publisher\":{\"@id\":\"https:\/\/vosgesinfo.fr\/saintdieinfo\/#organization\"},\"alternateName\":\"Toute l'actualit\u00e9 de Saint-Di\u00e9-Des-Vosges\",\"potentialAction\":[{\"@type\":\"SearchAction\",\"target\":{\"@type\":\"EntryPoint\",\"urlTemplate\":\"https:\/\/vosgesinfo.fr\/saintdieinfo\/?s={search_term_string}\"},\"query-input\":\"required name=search_term_string\"}],\"inLanguage\":\"fr-FR\"},{\"@type\":\"Organization\",\"@id\":\"https:\/\/vosgesinfo.fr\/saintdieinfo\/#organization\",\"name\":\"Saint Die Info\",\"url\":\"https:\/\/vosgesinfo.fr\/saintdieinfo\/\",\"logo\":{\"@type\":\"ImageObject\",\"inLanguage\":\"fr-FR\",\"@id\":\"https:\/\/vosgesinfo.fr\/saintdieinfo\/#\/schema\/logo\/image\/\",\"url\":\"https:\/\/vosgesinfo.fr\/app\/uploads\/sites\/4\/2024\/02\/logo-sdi.jpg\",\"contentUrl\":\"https:\/\/vosgesinfo.fr\/app\/uploads\/sites\/4\/2024\/02\/logo-sdi.jpg\",\"width\":600,\"height\":600,\"caption\":\"Saint Die Info\"},\"image\":{\"@id\":\"https:\/\/vosgesinfo.fr\/saintdieinfo\/#\/schema\/logo\/image\/\"},\"sameAs\":[\"https:\/\/www.facebook.com\/Saintdieinfofr\",\"https:\/\/x.com\/VosgesInfo88\",\"https:\/\/www.youtube.com\/@vosgesinfo\"]},{\"@type\":\"Person\",\"@id\":\"https:\/\/vosgesinfo.fr\/saintdieinfo\/#\/schema\/person\/fa73e9f726d67bb88f46d5b7943cb572\",\"name\":\"J.J.\",\"image\":{\"@type\":\"ImageObject\",\"inLanguage\":\"fr-FR\",\"@id\":\"https:\/\/vosgesinfo.fr\/saintdieinfo\/#\/schema\/person\/image\/\",\"url\":\"https:\/\/secure.gravatar.com\/avatar\/219e749e47ffbcca018a360ae4add7d4cdf1cdaaf8bc7676b27efade3fe65615?s=96&d=mm&r=g\",\"contentUrl\":\"https:\/\/secure.gravatar.com\/avatar\/219e749e47ffbcca018a360ae4add7d4cdf1cdaaf8bc7676b27efade3fe65615?s=96&d=mm&r=g\",\"caption\":\"J.J.\"},\"url\":\"https:\/\/vosgesinfo.fr\/saintdieinfo\/author\/j-j\/\"}]}<\/script>\n<!-- \/ Yoast SEO plugin. -->","yoast_head_json":{"title":"Mgr Fran\u00e7ois Gourdon nomm\u00e9 \u00e9v\u00eaque de Saint-Di\u00e9 - Saint Die Info","robots":{"index":"index","follow":"follow","max-snippet":"max-snippet:-1","max-image-preview":"max-image-preview:large","max-video-preview":"max-video-preview:-1"},"canonical":"https:\/\/vosgesinfo.fr\/saintdieinfo\/2025\/02\/mgr-francois-gourdon-nomme-eveque-de-saint-die\/","twitter_card":"summary_large_image","twitter_title":"Mgr Fran\u00e7ois Gourdon nomm\u00e9 \u00e9v\u00eaque de Saint-Di\u00e9 - Saint Die Info","twitter_description":"Ce jeudi 20 f\u00e9vrier, le pape Fran\u00e7ois a nomm\u00e9 Mgr Fran\u00e7ois Gourdon \u00e9v\u00eaque de Saint-Di\u00e9. Ce dernier \u00e9tait jusqu&rsquo;\u00e0 pr\u00e9sent [&hellip;]","twitter_image":"https:\/\/vosgesinfo.fr\/app\/uploads\/sites\/4\/2025\/02\/mgr-francois-gourdon-eveque-saint-die.jpg","twitter_creator":"@VosgesInfo88","twitter_site":"@VosgesInfo88","twitter_misc":{"\u00c9crit par":"J.J.","Dur\u00e9e de lecture estim\u00e9e":"2 minutes"},"schema":{"@context":"https:\/\/schema.org","@graph":[{"@type":"Article","@id":"https:\/\/vosgesinfo.fr\/saintdieinfo\/2025\/02\/mgr-francois-gourdon-nomme-eveque-de-saint-die\/#article","isPartOf":{"@id":"https:\/\/vosgesinfo.fr\/saintdieinfo\/2025\/02\/mgr-francois-gourdon-nomme-eveque-de-saint-die\/"},"author":{"name":"J.J.","@id":"https:\/\/vosgesinfo.fr\/saintdieinfo\/#\/schema\/person\/fa73e9f726d67bb88f46d5b7943cb572"},"headline":"Mgr Fran\u00e7ois Gourdon nomm\u00e9 \u00e9v\u00eaque de Saint-Di\u00e9","datePublished":"2025-02-20T19:11:13+00:00","dateModified":"2025-02-20T19:05:14+00:00","mainEntityOfPage":{"@id":"https:\/\/vosgesinfo.fr\/saintdieinfo\/2025\/02\/mgr-francois-gourdon-nomme-eveque-de-saint-die\/"},"wordCount":196,"commentCount":1,"publisher":{"@id":"https:\/\/vosgesinfo.fr\/saintdieinfo\/#organization"},"image":{"@id":"https:\/\/vosgesinfo.fr\/saintdieinfo\/2025\/02\/mgr-francois-gourdon-nomme-eveque-de-saint-die\/#primaryimage"},"thumbnailUrl":"https:\/\/vosgesinfo.fr\/app\/uploads\/sites\/4\/2025\/02\/mgr-francois-gourdon-eveque-saint-die.jpg","keywords":["Ev\u00eaque de Saint-Di\u00e9","Mgr Fran\u00e7ois Gourdon"],"articleSection":["A la Une","Epinal","Gerardmer","La plaine des vosges","Religion","Remiremont","Saint-Di\u00e9-des-Vosges","Vosges"],"inLanguage":"fr-FR","potentialAction":[{"@type":"CommentAction","name":"Comment","target":["https:\/\/vosgesinfo.fr\/saintdieinfo\/2025\/02\/mgr-francois-gourdon-nomme-eveque-de-saint-die\/#respond"]}]},{"@type":"WebPage","@id":"https:\/\/vosgesinfo.fr\/saintdieinfo\/2025\/02\/mgr-francois-gourdon-nomme-eveque-de-saint-die\/","url":"https:\/\/vosgesinfo.fr\/saintdieinfo\/2025\/02\/mgr-francois-gourdon-nomme-eveque-de-saint-die\/","name":"Mgr Fran\u00e7ois Gourdon nomm\u00e9 \u00e9v\u00eaque de Saint-Di\u00e9 - Saint Die Info","isPartOf":{"@id":"https:\/\/vosgesinfo.fr\/saintdieinfo\/#website"},"primaryImageOfPage":{"@id":"https:\/\/vosgesinfo.fr\/saintdieinfo\/2025\/02\/mgr-francois-gourdon-nomme-eveque-de-saint-die\/#primaryimage"},"image":{"@id":"https:\/\/vosgesinfo.fr\/saintdieinfo\/2025\/02\/mgr-francois-gourdon-nomme-eveque-de-saint-die\/#primaryimage"},"thumbnailUrl":"https:\/\/vosgesinfo.fr\/app\/uploads\/sites\/4\/2025\/02\/mgr-francois-gourdon-eveque-saint-die.jpg","datePublished":"2025-02-20T19:11:13+00:00","dateModified":"2025-02-20T19:05:14+00:00","breadcrumb":{"@id":"https:\/\/vosgesinfo.fr\/saintdieinfo\/2025\/02\/mgr-francois-gourdon-nomme-eveque-de-saint-die\/#breadcrumb"},"inLanguage":"fr-FR","potentialAction":[{"@type":"ReadAction","target":["https:\/\/vosgesinfo.fr\/saintdieinfo\/2025\/02\/mgr-francois-gourdon-nomme-eveque-de-saint-die\/"]}]},{"@type":"ImageObject","inLanguage":"fr-FR","@id":"https:\/\/vosgesinfo.fr\/saintdieinfo\/2025\/02\/mgr-francois-gourdon-nomme-eveque-de-saint-die\/#primaryimage","url":"https:\/\/vosgesinfo.fr\/app\/uploads\/sites\/4\/2025\/02\/mgr-francois-gourdon-eveque-saint-die.jpg","contentUrl":"https:\/\/vosgesinfo.fr\/app\/uploads\/sites\/4\/2025\/02\/mgr-francois-gourdon-eveque-saint-die.jpg","width":1200,"height":1006,"caption":"(Photographie Dioc\u00e8se de Saint-Di\u00e9)"},{"@type":"BreadcrumbList","@id":"https:\/\/vosgesinfo.fr\/saintdieinfo\/2025\/02\/mgr-francois-gourdon-nomme-eveque-de-saint-die\/#breadcrumb","itemListElement":[{"@type":"ListItem","position":1,"name":"Home","item":"https:\/\/vosgesinfo.fr\/saintdieinfo\/"},{"@type":"ListItem","position":2,"name":"Mgr Fran\u00e7ois Gourdon nomm\u00e9 \u00e9v\u00eaque de Saint-Di\u00e9"}]},{"@type":"WebSite","@id":"https:\/\/vosgesinfo.fr\/saintdieinfo\/#website","url":"https:\/\/vosgesinfo.fr\/saintdieinfo\/","name":"Saint Die Info","description":"Toute l&#039;actualit\u00e9 de Saint-Di\u00e9-Des-Vosges","publisher":{"@id":"https:\/\/vosgesinfo.fr\/saintdieinfo\/#organization"},"alternateName":"Toute l'actualit\u00e9 de Saint-Di\u00e9-Des-Vosges","potentialAction":[{"@type":"SearchAction","target":{"@type":"EntryPoint","urlTemplate":"https:\/\/vosgesinfo.fr\/saintdieinfo\/?s={search_term_string}"},"query-input":"required name=search_term_string"}],"inLanguage":"fr-FR"},{"@type":"Organization","@id":"https:\/\/vosgesinfo.fr\/saintdieinfo\/#organization","name":"Saint Die Info","url":"https:\/\/vosgesinfo.fr\/saintdieinfo\/","logo":{"@type":"ImageObject","inLanguage":"fr-FR","@id":"https:\/\/vosgesinfo.fr\/saintdieinfo\/#\/schema\/logo\/image\/","url":"https:\/\/vosgesinfo.fr\/app\/uploads\/sites\/4\/2024\/02\/logo-sdi.jpg","contentUrl":"https:\/\/vosgesinfo.fr\/app\/uploads\/sites\/4\/2024\/02\/logo-sdi.jpg","width":600,"height":600,"caption":"Saint Die Info"},"image":{"@id":"https:\/\/vosgesinfo.fr\/saintdieinfo\/#\/schema\/logo\/image\/"},"sameAs":["https:\/\/www.facebook.com\/Saintdieinfofr","https:\/\/x.com\/VosgesInfo88","https:\/\/www.youtube.com\/@vosgesinfo"]},{"@type":"Person","@id":"https:\/\/vosgesinfo.fr\/saintdieinfo\/#\/schema\/person\/fa73e9f726d67bb88f46d5b7943cb572","name":"J.J.","image":{"@type":"ImageObject","inLanguage":"fr-FR","@id":"https:\/\/vosgesinfo.fr\/saintdieinfo\/#\/schema\/person\/image\/","url":"https:\/\/secure.gravatar.com\/avatar\/219e749e47ffbcca018a360ae4add7d4cdf1cdaaf8bc7676b27efade3fe65615?s=96&d=mm&r=g","contentUrl":"https:\/\/secure.gravatar.com\/avatar\/219e749e47ffbcca018a360ae4add7d4cdf1cdaaf8bc7676b27efade3fe65615?s=96&d=mm&r=g","caption":"J.J."},"url":"https:\/\/vosgesinfo.fr\/saintdieinfo\/author\/j-j\/"}]}},"_links":{"self":[{"href":"https:\/\/vosgesinfo.fr\/saintdieinfo\/wp-json\/wp\/v2\/posts\/74255","targetHints":{"allow":["GET"]}}],"collection":[{"href":"https:\/\/vosgesinfo.fr\/saintdieinfo\/wp-json\/wp\/v2\/posts"}],"about":[{"href":"https:\/\/vosgesinfo.fr\/saintdieinfo\/wp-json\/wp\/v2\/types\/post"}],"author":[{"embeddable":true,"href":"https:\/\/vosgesinfo.fr\/saintdieinfo\/wp-json\/wp\/v2\/users\/46"}],"replies":[{"embeddable":true,"href":"https:\/\/vosgesinfo.fr\/saintdieinfo\/wp-json\/wp\/v2\/comments?post=74255"}],"version-history":[{"count":2,"href":"https:\/\/vosgesinfo.fr\/saintdieinfo\/wp-json\/wp\/v2\/posts\/74255\/revisions"}],"predecessor-version":[{"id":74259,"href":"https:\/\/vosgesinfo.fr\/saintdieinfo\/wp-json\/wp\/v2\/posts\/74255\/revisions\/74259"}],"wp:featuredmedia":[{"embeddable":true,"href":"https:\/\/vosgesinfo.fr\/saintdieinfo\/wp-json\/wp\/v2\/media\/74256"}],"wp:attachment":[{"href":"https:\/\/vosgesinfo.fr\/saintdieinfo\/wp-json\/wp\/v2\/media?parent=74255"}],"wp:term":[{"taxonomy":"category","embeddable":true,"href":"https:\/\/vosgesinfo.fr\/saintdieinfo\/wp-json\/wp\/v2\/categories?post=74255"},{"taxonomy":"post_tag","embeddable":true,"href":"https:\/\/vosgesinfo.fr\/saintdieinfo\/wp-json\/wp\/v2\/tags?post=74255"}],"curies":[{"name":"wp","href":"https:\/\/api.w.org\/{rel}","templated":true}]}}