{"id":74300,"date":"2025-02-22T10:15:50","date_gmt":"2025-02-22T09:15:50","guid":{"rendered":"https:\/\/vosgesinfo.fr\/saintdieinfo\/?p=74300"},"modified":"2025-02-24T14:26:57","modified_gmt":"2025-02-24T13:26:57","slug":"lamicale-des-donneurs-de-sang-de-saint-die-des-vosges-a-lheure-du-bilan","status":"publish","type":"post","link":"https:\/\/vosgesinfo.fr\/saintdieinfo\/2025\/02\/lamicale-des-donneurs-de-sang-de-saint-die-des-vosges-a-lheure-du-bilan\/","title":{"rendered":"L&rsquo;amicale des Donneurs de Sang de Saint-Di\u00e9-des-Vosges \u00e0 l&rsquo;heure du bilan"},"content":{"rendered":"<p><a href=\"https:\/\/vosgesinfo.fr\/app\/uploads\/sites\/4\/2025\/02\/ag-amicale-donneurs-de-sang-sddv-3-scaled.jpg\"><img decoding=\"async\" class=\"alignnone size-large wp-image-74303\" src=\"https:\/\/vosgesinfo.fr\/app\/uploads\/sites\/4\/2025\/02\/ag-amicale-donneurs-de-sang-sddv-3-1024x771.jpg\" alt=\"\" width=\"1024\" height=\"771\" srcset=\"https:\/\/vosgesinfo.fr\/app\/uploads\/sites\/4\/2025\/02\/ag-amicale-donneurs-de-sang-sddv-3-1024x771.jpg 1024w, https:\/\/vosgesinfo.fr\/app\/uploads\/sites\/4\/2025\/02\/ag-amicale-donneurs-de-sang-sddv-3-300x226.jpg 300w, https:\/\/vosgesinfo.fr\/app\/uploads\/sites\/4\/2025\/02\/ag-amicale-donneurs-de-sang-sddv-3-768x578.jpg 768w, https:\/\/vosgesinfo.fr\/app\/uploads\/sites\/4\/2025\/02\/ag-amicale-donneurs-de-sang-sddv-3-1536x1157.jpg 1536w, https:\/\/vosgesinfo.fr\/app\/uploads\/sites\/4\/2025\/02\/ag-amicale-donneurs-de-sang-sddv-3-2048x1542.jpg 2048w\" sizes=\"(max-width: 1024px) 100vw, 1024px\" \/><\/a><\/p>\n<h2>Ce vendredi soir \u00e0 la <strong>Tour de la Libert\u00e9<\/strong>, <strong>l&rsquo;Amicale de Saint-Di\u00e9-des-Vosges des Donneurs de Sang b\u00e9n\u00e9voles<\/strong> tenait son assembl\u00e9e g\u00e9n\u00e9rale annuelle, pr\u00e9sid\u00e9e par <strong>Sylvain Zanetti<\/strong> et en pr\u00e9sence du maire <strong>Bruno Toussaint<\/strong>.<\/h2>\n<p><!--more--><\/p>\n<h3 class=\"western\">Un nombre de donneurs en hausse en 2024<\/h3>\n<p>Les principaux \u00e9l\u00e9ments \u00e0 en retenir sont qu&rsquo;en 2024, <strong>19 collectes<\/strong> ont \u00e9t\u00e9 organis\u00e9es par l&rsquo;<strong>\u00c9tablissement Fran\u00e7ais du Sang \u2013 EFS \u2013 Grand Est<\/strong> en partenariat avec l&rsquo;amicale locale des <strong>Donneurs de Sang. A<\/strong> <strong>Saint-Di\u00e9-des-Vosges<\/strong>, mais aussi \u00e0 <strong>Sainte-Marguerite<\/strong> et <strong>Saint-Michel-sur-Meurthe<\/strong>.<\/p>\n<p>Au total, <strong>2 268 donneurs<\/strong> ont \u00e9t\u00e9 accueillis, dont <strong>1 966 ont \u00e9t\u00e9 pr\u00e9lev\u00e9s<\/strong>. Ce sont <strong>257 donneurs pr\u00e9lev\u00e9s de plus<\/strong> par rapport \u00e0 2023, soit une <strong>hausse de 9 %<\/strong>&#8230; et surtout une <strong>inversion de la tendance baissi\u00e8re<\/strong> observ\u00e9e en 2022 et 2023. Si <strong>Sylvain Zanetti<\/strong> s&rsquo;est f\u00e9licit\u00e9 de cette<strong> inversion de tendance<\/strong>, il a soulign\u00e9 qu&rsquo;elle \u00e9tait <strong>\u00ab le fruit d&rsquo;un gros travail de terrain \u00bb<\/strong>. Notamment gr\u00e2ce \u00e0 des <strong>collations de qualit\u00e9<\/strong> et une participation \u00e0 de nombreux <strong>temps forts de la ville<\/strong>.<\/p>\n<h3 class=\"western\">Un changement \u00e0 la pr\u00e9sidence de l&rsquo;amicale<\/h3>\n<p>C&rsquo;est \u00e0 ce moment que le pr\u00e9sident a annonc\u00e9 qu&rsquo;il <strong>ne briguerait pas de nouveau mandat<\/strong>. En sachant que le pr\u00e9sent mandat, entam\u00e9 le <strong>10 novembre 2022<\/strong>, touchait \u00e0 sa fin. \u00ab L&rsquo;\u00e9lection d&rsquo;un nouveau Bureau se tiendra ce mardi <strong>25 f\u00e9vrier<\/strong>. D\u00e8s mon arriv\u00e9e, j&rsquo;avais dit que mon mandat \u00e9tait un <strong>CDD et non un CDI<\/strong>. Je voulais insuffler une <strong>nouvelle dynamique<\/strong>, et c&rsquo;est chose faite. Mais il reste encore <strong>beaucoup de choses \u00e0 faire<\/strong>. Je formule le v\u0153u que la <strong>prochaine \u00e9quipe<\/strong> saura poursuivre sur cette voie, tout en apportant de <strong>nouvelles id\u00e9es<\/strong>. \u00bb<\/p>\n<p>Si <strong>Sylvain Zanetti<\/strong> passe la main \u00e0 l&rsquo;\u00e9chelle locale, il reste largement impliqu\u00e9 en faveur du <strong>don de sang b\u00e9n\u00e9vole<\/strong>, puisqu&rsquo;il est <strong>pr\u00e9sident r\u00e9gional<\/strong> pour la <strong>Lorraine-Champagne-Ardennes<\/strong>, tout en ayant r\u00e9cemment pris de <strong>nouvelles fonctions<\/strong> \u00e0 la <strong>f\u00e9d\u00e9ration nationale<\/strong>.<\/p>\n<h3 class=\"western\">Des donneurs r\u00e9compens\u00e9s pour leur mobilisation<\/h3>\n<p>On retiendra enfin de l&rsquo;assembl\u00e9e g\u00e9n\u00e9rale que l&rsquo;association <strong>\u00ab Les Soldats de Louis \u00bb<\/strong> et l&rsquo;<strong>IUT d\u00e9odatien<\/strong> ont \u00e9t\u00e9 <strong>r\u00e9compens\u00e9s pour leur mobilisation<\/strong>, dans le cadre du <strong>troisi\u00e8me \u00ab D\u00e9fi du Sang \u00bb<\/strong>. Ont \u00e9galement \u00e9t\u00e9 <strong>r\u00e9compens\u00e9s hier soir<\/strong> pour leur implication, par des <strong>m\u00e9dailles et dipl\u00f4mes<\/strong>, la <strong>secr\u00e9taire de l&rsquo;amicale Sylvie Leballeur<\/strong> ainsi que <strong>8 donneuses et donneurs<\/strong>, de sang ou de plasma. Il s&rsquo;agit, respectivement, de <strong>Francis Baderot, Claudine Huin, Martine Matte, J\u00e9r\u00f4me Welter, Anne-Lise Jeanpierre, \u00c9lisabeth Ferry, Ida Perrone et Danielle Esmiller<\/strong>.<\/p>\n<p>J.J.<\/p>\n\n\t\t<style type=\"text\/css\">\n\t\t\t#gallery-1 {\n\t\t\t\tmargin: auto;\n\t\t\t}\n\t\t\t#gallery-1 .gallery-item {\n\t\t\t\tfloat: left;\n\t\t\t\tmargin-top: 10px;\n\t\t\t\ttext-align: center;\n\t\t\t\twidth: 33%;\n\t\t\t}\n\t\t\t#gallery-1 img {\n\t\t\t\tborder: 2px solid #cfcfcf;\n\t\t\t}\n\t\t\t#gallery-1 .gallery-caption {\n\t\t\t\tmargin-left: 0;\n\t\t\t}\n\t\t\t\/* see gallery_shortcode() in wp-includes\/media.php *\/\n\t\t<\/style>\n\t\t<div id='gallery-1' class='gallery galleryid-74300 gallery-columns-3 gallery-size-thumbnail'><dl class='gallery-item'>\n\t\t\t<dt class='gallery-icon landscape'>\n\t\t\t\t<a href='https:\/\/vosgesinfo.fr\/app\/uploads\/sites\/4\/2025\/02\/ag-amicale-donneurs-de-sang-sddv-1-scaled.jpg'><img decoding=\"async\" width=\"150\" height=\"150\" src=\"https:\/\/vosgesinfo.fr\/app\/uploads\/sites\/4\/2025\/02\/ag-amicale-donneurs-de-sang-sddv-1-150x150.jpg\" class=\"attachment-thumbnail size-thumbnail\" alt=\"\" \/><\/a>\n\t\t\t<\/dt><\/dl><dl class='gallery-item'>\n\t\t\t<dt class='gallery-icon landscape'>\n\t\t\t\t<a href='https:\/\/vosgesinfo.fr\/app\/uploads\/sites\/4\/2025\/02\/ag-amicale-donneurs-de-sang-sddv-2-scaled.jpg'><img decoding=\"async\" width=\"150\" height=\"150\" src=\"https:\/\/vosgesinfo.fr\/app\/uploads\/sites\/4\/2025\/02\/ag-amicale-donneurs-de-sang-sddv-2-150x150.jpg\" class=\"attachment-thumbnail size-thumbnail\" alt=\"\" \/><\/a>\n\t\t\t<\/dt><\/dl><dl class='gallery-item'>\n\t\t\t<dt class='gallery-icon landscape'>\n\t\t\t\t<a href='https:\/\/vosgesinfo.fr\/app\/uploads\/sites\/4\/2025\/02\/ag-amicale-donneurs-de-sang-sddv-4-scaled.jpg'><img decoding=\"async\" width=\"150\" height=\"150\" src=\"https:\/\/vosgesinfo.fr\/app\/uploads\/sites\/4\/2025\/02\/ag-amicale-donneurs-de-sang-sddv-4-150x150.jpg\" class=\"attachment-thumbnail size-thumbnail\" alt=\"\" \/><\/a>\n\t\t\t<\/dt><\/dl><br style=\"clear: both\" \/><dl class='gallery-item'>\n\t\t\t<dt class='gallery-icon landscape'>\n\t\t\t\t<a href='https:\/\/vosgesinfo.fr\/app\/uploads\/sites\/4\/2025\/02\/ag-amicale-donneurs-de-sang-sddv-5-scaled.jpg'><img decoding=\"async\" width=\"150\" height=\"150\" src=\"https:\/\/vosgesinfo.fr\/app\/uploads\/sites\/4\/2025\/02\/ag-amicale-donneurs-de-sang-sddv-5-150x150.jpg\" class=\"attachment-thumbnail size-thumbnail\" alt=\"\" \/><\/a>\n\t\t\t<\/dt><\/dl><dl class='gallery-item'>\n\t\t\t<dt class='gallery-icon landscape'>\n\t\t\t\t<a href='https:\/\/vosgesinfo.fr\/app\/uploads\/sites\/4\/2025\/02\/ag-amicale-donneurs-de-sang-sddv-6-scaled.jpg'><img decoding=\"async\" width=\"150\" height=\"150\" src=\"https:\/\/vosgesinfo.fr\/app\/uploads\/sites\/4\/2025\/02\/ag-amicale-donneurs-de-sang-sddv-6-150x150.jpg\" class=\"attachment-thumbnail size-thumbnail\" alt=\"\" \/><\/a>\n\t\t\t<\/dt><\/dl><dl class='gallery-item'>\n\t\t\t<dt class='gallery-icon landscape'>\n\t\t\t\t<a href='https:\/\/vosgesinfo.fr\/app\/uploads\/sites\/4\/2025\/02\/ag-amicale-donneurs-de-sang-sddv-7-scaled.jpg'><img decoding=\"async\" width=\"150\" height=\"150\" src=\"https:\/\/vosgesinfo.fr\/app\/uploads\/sites\/4\/2025\/02\/ag-amicale-donneurs-de-sang-sddv-7-150x150.jpg\" class=\"attachment-thumbnail size-thumbnail\" alt=\"\" \/><\/a>\n\t\t\t<\/dt><\/dl><br style=\"clear: both\" \/><dl class='gallery-item'>\n\t\t\t<dt class='gallery-icon landscape'>\n\t\t\t\t<a href='https:\/\/vosgesinfo.fr\/app\/uploads\/sites\/4\/2025\/02\/ag-amicale-donneurs-de-sang-sddv-8-scaled.jpg'><img decoding=\"async\" width=\"150\" height=\"150\" src=\"https:\/\/vosgesinfo.fr\/app\/uploads\/sites\/4\/2025\/02\/ag-amicale-donneurs-de-sang-sddv-8-150x150.jpg\" class=\"attachment-thumbnail size-thumbnail\" alt=\"\" \/><\/a>\n\t\t\t<\/dt><\/dl>\n\t\t\t<br style='clear: both' \/>\n\t\t<\/div>\n\n","protected":false},"excerpt":{"rendered":"<p>Ce vendredi soir \u00e0 la Tour de la Libert\u00e9, l&rsquo;Amicale de Saint-Di\u00e9-des-Vosges des Donneurs de Sang b\u00e9n\u00e9voles tenait son assembl\u00e9e [&hellip;]<\/p>\n","protected":false},"author":46,"featured_media":74303,"comment_status":"open","ping_status":"open","sticky":false,"template":"","format":"standard","meta":{"footnotes":""},"categories":[460,167,4152,29,17],"tags":[3195,676,16265,118,2953],"class_list":["post-74300","post","type-post","status-publish","format-standard","has-post-thumbnail","hentry","category-a-la-une","category-saint-die-des-vosges","category-sante","category-solidarite","category-vie-associative","tag-amicale-des-donneurs-de-sang-benevoles-de-saint-die-des-vosges","tag-assemblee-generale","tag-assemblee-generale-de-lamicale-des-donneurs-de-sang-benevoles-de-saint-die-des-vosges","tag-don-du-sang","tag-tour-de-la-liberte"],"acf":[],"yoast_head":"<!-- This site is optimized with the Yoast SEO plugin v22.5 - https:\/\/yoast.com\/wordpress\/plugins\/seo\/ -->\n<title>L&#039;amicale des Donneurs de Sang de Saint-Di\u00e9-des-Vosges \u00e0 l&#039;heure du bilan - Saint Die Info<\/title>\n<meta name=\"robots\" content=\"index, follow, max-snippet:-1, max-image-preview:large, max-video-preview:-1\" \/>\n<link rel=\"canonical\" href=\"https:\/\/vosgesinfo.fr\/saintdieinfo\/2025\/02\/lamicale-des-donneurs-de-sang-de-saint-die-des-vosges-a-lheure-du-bilan\/\" \/>\n<meta name=\"twitter:card\" content=\"summary_large_image\" \/>\n<meta name=\"twitter:title\" content=\"L&#039;amicale des Donneurs de Sang de Saint-Di\u00e9-des-Vosges \u00e0 l&#039;heure du bilan - Saint Die Info\" \/>\n<meta name=\"twitter:description\" content=\"Ce vendredi soir \u00e0 la Tour de la Libert\u00e9, l&rsquo;Amicale de Saint-Di\u00e9-des-Vosges des Donneurs de Sang b\u00e9n\u00e9voles tenait son assembl\u00e9e [&hellip;]\" \/>\n<meta name=\"twitter:image\" content=\"https:\/\/vosgesinfo.fr\/app\/uploads\/sites\/4\/2025\/02\/ag-amicale-donneurs-de-sang-sddv-3-scaled.jpg\" \/>\n<meta name=\"twitter:creator\" content=\"@VosgesInfo88\" \/>\n<meta name=\"twitter:site\" content=\"@VosgesInfo88\" \/>\n<meta name=\"twitter:label1\" content=\"\u00c9crit par\" \/>\n\t<meta name=\"twitter:data1\" content=\"J.J.\" \/>\n\t<meta name=\"twitter:label2\" content=\"Dur\u00e9e de lecture estim\u00e9e\" \/>\n\t<meta name=\"twitter:data2\" content=\"3 minutes\" \/>\n<script type=\"application\/ld+json\" class=\"yoast-schema-graph\">{\"@context\":\"https:\/\/schema.org\",\"@graph\":[{\"@type\":\"Article\",\"@id\":\"https:\/\/vosgesinfo.fr\/saintdieinfo\/2025\/02\/lamicale-des-donneurs-de-sang-de-saint-die-des-vosges-a-lheure-du-bilan\/#article\",\"isPartOf\":{\"@id\":\"https:\/\/vosgesinfo.fr\/saintdieinfo\/2025\/02\/lamicale-des-donneurs-de-sang-de-saint-die-des-vosges-a-lheure-du-bilan\/\"},\"author\":{\"name\":\"J.J.\",\"@id\":\"https:\/\/vosgesinfo.fr\/saintdieinfo\/#\/schema\/person\/fa73e9f726d67bb88f46d5b7943cb572\"},\"headline\":\"L&rsquo;amicale des Donneurs de Sang de Saint-Di\u00e9-des-Vosges \u00e0 l&rsquo;heure du bilan\",\"datePublished\":\"2025-02-22T09:15:50+00:00\",\"dateModified\":\"2025-02-24T13:26:57+00:00\",\"mainEntityOfPage\":{\"@id\":\"https:\/\/vosgesinfo.fr\/saintdieinfo\/2025\/02\/lamicale-des-donneurs-de-sang-de-saint-die-des-vosges-a-lheure-du-bilan\/\"},\"wordCount\":455,\"commentCount\":0,\"publisher\":{\"@id\":\"https:\/\/vosgesinfo.fr\/saintdieinfo\/#organization\"},\"image\":{\"@id\":\"https:\/\/vosgesinfo.fr\/saintdieinfo\/2025\/02\/lamicale-des-donneurs-de-sang-de-saint-die-des-vosges-a-lheure-du-bilan\/#primaryimage\"},\"thumbnailUrl\":\"https:\/\/vosgesinfo.fr\/app\/uploads\/sites\/4\/2025\/02\/ag-amicale-donneurs-de-sang-sddv-3-scaled.jpg\",\"keywords\":[\"Amicale des Donneurs de Sang b\u00e9n\u00e9voles de Saint-Di\u00e9-des-Vosges\",\"assembl\u00e9e g\u00e9n\u00e9rale\",\"Assembl\u00e9e g\u00e9n\u00e9rale de l'Amicale des Donneurs de Sang b\u00e9n\u00e9voles de Saint-Di\u00e9-des-Vosges\",\"Don du sang\",\"Tour de la Libert\u00e9\"],\"articleSection\":[\"A la Une\",\"Saint-Di\u00e9-des-Vosges\",\"Sant\u00e9\",\"Solidarit\u00e9\",\"Vie Associative\"],\"inLanguage\":\"fr-FR\",\"potentialAction\":[{\"@type\":\"CommentAction\",\"name\":\"Comment\",\"target\":[\"https:\/\/vosgesinfo.fr\/saintdieinfo\/2025\/02\/lamicale-des-donneurs-de-sang-de-saint-die-des-vosges-a-lheure-du-bilan\/#respond\"]}]},{\"@type\":\"WebPage\",\"@id\":\"https:\/\/vosgesinfo.fr\/saintdieinfo\/2025\/02\/lamicale-des-donneurs-de-sang-de-saint-die-des-vosges-a-lheure-du-bilan\/\",\"url\":\"https:\/\/vosgesinfo.fr\/saintdieinfo\/2025\/02\/lamicale-des-donneurs-de-sang-de-saint-die-des-vosges-a-lheure-du-bilan\/\",\"name\":\"L'amicale des Donneurs de Sang de Saint-Di\u00e9-des-Vosges \u00e0 l'heure du bilan - Saint Die Info\",\"isPartOf\":{\"@id\":\"https:\/\/vosgesinfo.fr\/saintdieinfo\/#website\"},\"primaryImageOfPage\":{\"@id\":\"https:\/\/vosgesinfo.fr\/saintdieinfo\/2025\/02\/lamicale-des-donneurs-de-sang-de-saint-die-des-vosges-a-lheure-du-bilan\/#primaryimage\"},\"image\":{\"@id\":\"https:\/\/vosgesinfo.fr\/saintdieinfo\/2025\/02\/lamicale-des-donneurs-de-sang-de-saint-die-des-vosges-a-lheure-du-bilan\/#primaryimage\"},\"thumbnailUrl\":\"https:\/\/vosgesinfo.fr\/app\/uploads\/sites\/4\/2025\/02\/ag-amicale-donneurs-de-sang-sddv-3-scaled.jpg\",\"datePublished\":\"2025-02-22T09:15:50+00:00\",\"dateModified\":\"2025-02-24T13:26:57+00:00\",\"breadcrumb\":{\"@id\":\"https:\/\/vosgesinfo.fr\/saintdieinfo\/2025\/02\/lamicale-des-donneurs-de-sang-de-saint-die-des-vosges-a-lheure-du-bilan\/#breadcrumb\"},\"inLanguage\":\"fr-FR\",\"potentialAction\":[{\"@type\":\"ReadAction\",\"target\":[\"https:\/\/vosgesinfo.fr\/saintdieinfo\/2025\/02\/lamicale-des-donneurs-de-sang-de-saint-die-des-vosges-a-lheure-du-bilan\/\"]}]},{\"@type\":\"ImageObject\",\"inLanguage\":\"fr-FR\",\"@id\":\"https:\/\/vosgesinfo.fr\/saintdieinfo\/2025\/02\/lamicale-des-donneurs-de-sang-de-saint-die-des-vosges-a-lheure-du-bilan\/#primaryimage\",\"url\":\"https:\/\/vosgesinfo.fr\/app\/uploads\/sites\/4\/2025\/02\/ag-amicale-donneurs-de-sang-sddv-3-scaled.jpg\",\"contentUrl\":\"https:\/\/vosgesinfo.fr\/app\/uploads\/sites\/4\/2025\/02\/ag-amicale-donneurs-de-sang-sddv-3-scaled.jpg\",\"width\":2560,\"height\":1928},{\"@type\":\"BreadcrumbList\",\"@id\":\"https:\/\/vosgesinfo.fr\/saintdieinfo\/2025\/02\/lamicale-des-donneurs-de-sang-de-saint-die-des-vosges-a-lheure-du-bilan\/#breadcrumb\",\"itemListElement\":[{\"@type\":\"ListItem\",\"position\":1,\"name\":\"Home\",\"item\":\"https:\/\/vosgesinfo.fr\/saintdieinfo\/\"},{\"@type\":\"ListItem\",\"position\":2,\"name\":\"L&#8217;amicale des Donneurs de Sang de Saint-Di\u00e9-des-Vosges \u00e0 l&#8217;heure du bilan\"}]},{\"@type\":\"WebSite\",\"@id\":\"https:\/\/vosgesinfo.fr\/saintdieinfo\/#website\",\"url\":\"https:\/\/vosgesinfo.fr\/saintdieinfo\/\",\"name\":\"Saint Die Info\",\"description\":\"Toute l&#039;actualit\u00e9 de Saint-Di\u00e9-Des-Vosges\",\"publisher\":{\"@id\":\"https:\/\/vosgesinfo.fr\/saintdieinfo\/#organization\"},\"alternateName\":\"Toute l'actualit\u00e9 de Saint-Di\u00e9-Des-Vosges\",\"potentialAction\":[{\"@type\":\"SearchAction\",\"target\":{\"@type\":\"EntryPoint\",\"urlTemplate\":\"https:\/\/vosgesinfo.fr\/saintdieinfo\/?s={search_term_string}\"},\"query-input\":\"required name=search_term_string\"}],\"inLanguage\":\"fr-FR\"},{\"@type\":\"Organization\",\"@id\":\"https:\/\/vosgesinfo.fr\/saintdieinfo\/#organization\",\"name\":\"Saint Die Info\",\"url\":\"https:\/\/vosgesinfo.fr\/saintdieinfo\/\",\"logo\":{\"@type\":\"ImageObject\",\"inLanguage\":\"fr-FR\",\"@id\":\"https:\/\/vosgesinfo.fr\/saintdieinfo\/#\/schema\/logo\/image\/\",\"url\":\"https:\/\/vosgesinfo.fr\/app\/uploads\/sites\/4\/2024\/02\/logo-sdi.jpg\",\"contentUrl\":\"https:\/\/vosgesinfo.fr\/app\/uploads\/sites\/4\/2024\/02\/logo-sdi.jpg\",\"width\":600,\"height\":600,\"caption\":\"Saint Die Info\"},\"image\":{\"@id\":\"https:\/\/vosgesinfo.fr\/saintdieinfo\/#\/schema\/logo\/image\/\"},\"sameAs\":[\"https:\/\/www.facebook.com\/Saintdieinfofr\",\"https:\/\/x.com\/VosgesInfo88\",\"https:\/\/www.youtube.com\/@vosgesinfo\"]},{\"@type\":\"Person\",\"@id\":\"https:\/\/vosgesinfo.fr\/saintdieinfo\/#\/schema\/person\/fa73e9f726d67bb88f46d5b7943cb572\",\"name\":\"J.J.\",\"image\":{\"@type\":\"ImageObject\",\"inLanguage\":\"fr-FR\",\"@id\":\"https:\/\/vosgesinfo.fr\/saintdieinfo\/#\/schema\/person\/image\/\",\"url\":\"https:\/\/secure.gravatar.com\/avatar\/219e749e47ffbcca018a360ae4add7d4cdf1cdaaf8bc7676b27efade3fe65615?s=96&d=mm&r=g\",\"contentUrl\":\"https:\/\/secure.gravatar.com\/avatar\/219e749e47ffbcca018a360ae4add7d4cdf1cdaaf8bc7676b27efade3fe65615?s=96&d=mm&r=g\",\"caption\":\"J.J.\"},\"url\":\"https:\/\/vosgesinfo.fr\/saintdieinfo\/author\/j-j\/\"}]}<\/script>\n<!-- \/ Yoast SEO plugin. -->","yoast_head_json":{"title":"L'amicale des Donneurs de Sang de Saint-Di\u00e9-des-Vosges \u00e0 l'heure du bilan - Saint Die Info","robots":{"index":"index","follow":"follow","max-snippet":"max-snippet:-1","max-image-preview":"max-image-preview:large","max-video-preview":"max-video-preview:-1"},"canonical":"https:\/\/vosgesinfo.fr\/saintdieinfo\/2025\/02\/lamicale-des-donneurs-de-sang-de-saint-die-des-vosges-a-lheure-du-bilan\/","twitter_card":"summary_large_image","twitter_title":"L'amicale des Donneurs de Sang de Saint-Di\u00e9-des-Vosges \u00e0 l'heure du bilan - Saint Die Info","twitter_description":"Ce vendredi soir \u00e0 la Tour de la Libert\u00e9, l&rsquo;Amicale de Saint-Di\u00e9-des-Vosges des Donneurs de Sang b\u00e9n\u00e9voles tenait son assembl\u00e9e [&hellip;]","twitter_image":"https:\/\/vosgesinfo.fr\/app\/uploads\/sites\/4\/2025\/02\/ag-amicale-donneurs-de-sang-sddv-3-scaled.jpg","twitter_creator":"@VosgesInfo88","twitter_site":"@VosgesInfo88","twitter_misc":{"\u00c9crit par":"J.J.","Dur\u00e9e de lecture estim\u00e9e":"3 minutes"},"schema":{"@context":"https:\/\/schema.org","@graph":[{"@type":"Article","@id":"https:\/\/vosgesinfo.fr\/saintdieinfo\/2025\/02\/lamicale-des-donneurs-de-sang-de-saint-die-des-vosges-a-lheure-du-bilan\/#article","isPartOf":{"@id":"https:\/\/vosgesinfo.fr\/saintdieinfo\/2025\/02\/lamicale-des-donneurs-de-sang-de-saint-die-des-vosges-a-lheure-du-bilan\/"},"author":{"name":"J.J.","@id":"https:\/\/vosgesinfo.fr\/saintdieinfo\/#\/schema\/person\/fa73e9f726d67bb88f46d5b7943cb572"},"headline":"L&rsquo;amicale des Donneurs de Sang de Saint-Di\u00e9-des-Vosges \u00e0 l&rsquo;heure du bilan","datePublished":"2025-02-22T09:15:50+00:00","dateModified":"2025-02-24T13:26:57+00:00","mainEntityOfPage":{"@id":"https:\/\/vosgesinfo.fr\/saintdieinfo\/2025\/02\/lamicale-des-donneurs-de-sang-de-saint-die-des-vosges-a-lheure-du-bilan\/"},"wordCount":455,"commentCount":0,"publisher":{"@id":"https:\/\/vosgesinfo.fr\/saintdieinfo\/#organization"},"image":{"@id":"https:\/\/vosgesinfo.fr\/saintdieinfo\/2025\/02\/lamicale-des-donneurs-de-sang-de-saint-die-des-vosges-a-lheure-du-bilan\/#primaryimage"},"thumbnailUrl":"https:\/\/vosgesinfo.fr\/app\/uploads\/sites\/4\/2025\/02\/ag-amicale-donneurs-de-sang-sddv-3-scaled.jpg","keywords":["Amicale des Donneurs de Sang b\u00e9n\u00e9voles de Saint-Di\u00e9-des-Vosges","assembl\u00e9e g\u00e9n\u00e9rale","Assembl\u00e9e g\u00e9n\u00e9rale de l'Amicale des Donneurs de Sang b\u00e9n\u00e9voles de Saint-Di\u00e9-des-Vosges","Don du sang","Tour de la Libert\u00e9"],"articleSection":["A la Une","Saint-Di\u00e9-des-Vosges","Sant\u00e9","Solidarit\u00e9","Vie Associative"],"inLanguage":"fr-FR","potentialAction":[{"@type":"CommentAction","name":"Comment","target":["https:\/\/vosgesinfo.fr\/saintdieinfo\/2025\/02\/lamicale-des-donneurs-de-sang-de-saint-die-des-vosges-a-lheure-du-bilan\/#respond"]}]},{"@type":"WebPage","@id":"https:\/\/vosgesinfo.fr\/saintdieinfo\/2025\/02\/lamicale-des-donneurs-de-sang-de-saint-die-des-vosges-a-lheure-du-bilan\/","url":"https:\/\/vosgesinfo.fr\/saintdieinfo\/2025\/02\/lamicale-des-donneurs-de-sang-de-saint-die-des-vosges-a-lheure-du-bilan\/","name":"L'amicale des Donneurs de Sang de Saint-Di\u00e9-des-Vosges \u00e0 l'heure du bilan - Saint Die Info","isPartOf":{"@id":"https:\/\/vosgesinfo.fr\/saintdieinfo\/#website"},"primaryImageOfPage":{"@id":"https:\/\/vosgesinfo.fr\/saintdieinfo\/2025\/02\/lamicale-des-donneurs-de-sang-de-saint-die-des-vosges-a-lheure-du-bilan\/#primaryimage"},"image":{"@id":"https:\/\/vosgesinfo.fr\/saintdieinfo\/2025\/02\/lamicale-des-donneurs-de-sang-de-saint-die-des-vosges-a-lheure-du-bilan\/#primaryimage"},"thumbnailUrl":"https:\/\/vosgesinfo.fr\/app\/uploads\/sites\/4\/2025\/02\/ag-amicale-donneurs-de-sang-sddv-3-scaled.jpg","datePublished":"2025-02-22T09:15:50+00:00","dateModified":"2025-02-24T13:26:57+00:00","breadcrumb":{"@id":"https:\/\/vosgesinfo.fr\/saintdieinfo\/2025\/02\/lamicale-des-donneurs-de-sang-de-saint-die-des-vosges-a-lheure-du-bilan\/#breadcrumb"},"inLanguage":"fr-FR","potentialAction":[{"@type":"ReadAction","target":["https:\/\/vosgesinfo.fr\/saintdieinfo\/2025\/02\/lamicale-des-donneurs-de-sang-de-saint-die-des-vosges-a-lheure-du-bilan\/"]}]},{"@type":"ImageObject","inLanguage":"fr-FR","@id":"https:\/\/vosgesinfo.fr\/saintdieinfo\/2025\/02\/lamicale-des-donneurs-de-sang-de-saint-die-des-vosges-a-lheure-du-bilan\/#primaryimage","url":"https:\/\/vosgesinfo.fr\/app\/uploads\/sites\/4\/2025\/02\/ag-amicale-donneurs-de-sang-sddv-3-scaled.jpg","contentUrl":"https:\/\/vosgesinfo.fr\/app\/uploads\/sites\/4\/2025\/02\/ag-amicale-donneurs-de-sang-sddv-3-scaled.jpg","width":2560,"height":1928},{"@type":"BreadcrumbList","@id":"https:\/\/vosgesinfo.fr\/saintdieinfo\/2025\/02\/lamicale-des-donneurs-de-sang-de-saint-die-des-vosges-a-lheure-du-bilan\/#breadcrumb","itemListElement":[{"@type":"ListItem","position":1,"name":"Home","item":"https:\/\/vosgesinfo.fr\/saintdieinfo\/"},{"@type":"ListItem","position":2,"name":"L&#8217;amicale des Donneurs de Sang de Saint-Di\u00e9-des-Vosges \u00e0 l&#8217;heure du bilan"}]},{"@type":"WebSite","@id":"https:\/\/vosgesinfo.fr\/saintdieinfo\/#website","url":"https:\/\/vosgesinfo.fr\/saintdieinfo\/","name":"Saint Die Info","description":"Toute l&#039;actualit\u00e9 de Saint-Di\u00e9-Des-Vosges","publisher":{"@id":"https:\/\/vosgesinfo.fr\/saintdieinfo\/#organization"},"alternateName":"Toute l'actualit\u00e9 de Saint-Di\u00e9-Des-Vosges","potentialAction":[{"@type":"SearchAction","target":{"@type":"EntryPoint","urlTemplate":"https:\/\/vosgesinfo.fr\/saintdieinfo\/?s={search_term_string}"},"query-input":"required name=search_term_string"}],"inLanguage":"fr-FR"},{"@type":"Organization","@id":"https:\/\/vosgesinfo.fr\/saintdieinfo\/#organization","name":"Saint Die Info","url":"https:\/\/vosgesinfo.fr\/saintdieinfo\/","logo":{"@type":"ImageObject","inLanguage":"fr-FR","@id":"https:\/\/vosgesinfo.fr\/saintdieinfo\/#\/schema\/logo\/image\/","url":"https:\/\/vosgesinfo.fr\/app\/uploads\/sites\/4\/2024\/02\/logo-sdi.jpg","contentUrl":"https:\/\/vosgesinfo.fr\/app\/uploads\/sites\/4\/2024\/02\/logo-sdi.jpg","width":600,"height":600,"caption":"Saint Die Info"},"image":{"@id":"https:\/\/vosgesinfo.fr\/saintdieinfo\/#\/schema\/logo\/image\/"},"sameAs":["https:\/\/www.facebook.com\/Saintdieinfofr","https:\/\/x.com\/VosgesInfo88","https:\/\/www.youtube.com\/@vosgesinfo"]},{"@type":"Person","@id":"https:\/\/vosgesinfo.fr\/saintdieinfo\/#\/schema\/person\/fa73e9f726d67bb88f46d5b7943cb572","name":"J.J.","image":{"@type":"ImageObject","inLanguage":"fr-FR","@id":"https:\/\/vosgesinfo.fr\/saintdieinfo\/#\/schema\/person\/image\/","url":"https:\/\/secure.gravatar.com\/avatar\/219e749e47ffbcca018a360ae4add7d4cdf1cdaaf8bc7676b27efade3fe65615?s=96&d=mm&r=g","contentUrl":"https:\/\/secure.gravatar.com\/avatar\/219e749e47ffbcca018a360ae4add7d4cdf1cdaaf8bc7676b27efade3fe65615?s=96&d=mm&r=g","caption":"J.J."},"url":"https:\/\/vosgesinfo.fr\/saintdieinfo\/author\/j-j\/"}]}},"_links":{"self":[{"href":"https:\/\/vosgesinfo.fr\/saintdieinfo\/wp-json\/wp\/v2\/posts\/74300","targetHints":{"allow":["GET"]}}],"collection":[{"href":"https:\/\/vosgesinfo.fr\/saintdieinfo\/wp-json\/wp\/v2\/posts"}],"about":[{"href":"https:\/\/vosgesinfo.fr\/saintdieinfo\/wp-json\/wp\/v2\/types\/post"}],"author":[{"embeddable":true,"href":"https:\/\/vosgesinfo.fr\/saintdieinfo\/wp-json\/wp\/v2\/users\/46"}],"replies":[{"embeddable":true,"href":"https:\/\/vosgesinfo.fr\/saintdieinfo\/wp-json\/wp\/v2\/comments?post=74300"}],"version-history":[{"count":3,"href":"https:\/\/vosgesinfo.fr\/saintdieinfo\/wp-json\/wp\/v2\/posts\/74300\/revisions"}],"predecessor-version":[{"id":74359,"href":"https:\/\/vosgesinfo.fr\/saintdieinfo\/wp-json\/wp\/v2\/posts\/74300\/revisions\/74359"}],"wp:featuredmedia":[{"embeddable":true,"href":"https:\/\/vosgesinfo.fr\/saintdieinfo\/wp-json\/wp\/v2\/media\/74303"}],"wp:attachment":[{"href":"https:\/\/vosgesinfo.fr\/saintdieinfo\/wp-json\/wp\/v2\/media?parent=74300"}],"wp:term":[{"taxonomy":"category","embeddable":true,"href":"https:\/\/vosgesinfo.fr\/saintdieinfo\/wp-json\/wp\/v2\/categories?post=74300"},{"taxonomy":"post_tag","embeddable":true,"href":"https:\/\/vosgesinfo.fr\/saintdieinfo\/wp-json\/wp\/v2\/tags?post=74300"}],"curies":[{"name":"wp","href":"https:\/\/api.w.org\/{rel}","templated":true}]}}