{"id":74317,"date":"2025-02-22T13:50:17","date_gmt":"2025-02-22T12:50:17","guid":{"rendered":"https:\/\/vosgesinfo.fr\/saintdieinfo\/?p=74317"},"modified":"2025-02-22T13:36:09","modified_gmt":"2025-02-22T12:36:09","slug":"la-23e-grande-vente-de-livres-damnesty-saint-die-des-vosges-est-ouverte","status":"publish","type":"post","link":"https:\/\/vosgesinfo.fr\/saintdieinfo\/2025\/02\/la-23e-grande-vente-de-livres-damnesty-saint-die-des-vosges-est-ouverte\/","title":{"rendered":"La 23e grande vente de livres d&rsquo;Amnesty Saint-Di\u00e9-des-Vosges est ouverte\u00a0!"},"content":{"rendered":"<div id=\"attachment_74319\" style=\"width: 1034px\" class=\"wp-caption alignnone\"><a href=\"https:\/\/vosgesinfo.fr\/app\/uploads\/sites\/4\/2025\/02\/23e-grande-vente-livres-amnesty-sddv-2.jpg\"><img decoding=\"async\" aria-describedby=\"caption-attachment-74319\" class=\"size-large wp-image-74319\" src=\"https:\/\/vosgesinfo.fr\/app\/uploads\/sites\/4\/2025\/02\/23e-grande-vente-livres-amnesty-sddv-2-1024x683.jpg\" alt=\"\" width=\"1024\" height=\"683\" srcset=\"https:\/\/vosgesinfo.fr\/app\/uploads\/sites\/4\/2025\/02\/23e-grande-vente-livres-amnesty-sddv-2-1024x683.jpg 1024w, https:\/\/vosgesinfo.fr\/app\/uploads\/sites\/4\/2025\/02\/23e-grande-vente-livres-amnesty-sddv-2-300x200.jpg 300w, https:\/\/vosgesinfo.fr\/app\/uploads\/sites\/4\/2025\/02\/23e-grande-vente-livres-amnesty-sddv-2-768x512.jpg 768w, https:\/\/vosgesinfo.fr\/app\/uploads\/sites\/4\/2025\/02\/23e-grande-vente-livres-amnesty-sddv-2.jpg 1200w\" sizes=\"(max-width: 1024px) 100vw, 1024px\" \/><\/a><p id=\"caption-attachment-74319\" class=\"wp-caption-text\">(Photographies Marc Fourniquet)<\/p><\/div>\n<h2>La <strong>23e grande vente de livres<\/strong> du <strong>groupe 179 d&rsquo;Amnesty<\/strong> de <strong>Saint-Di\u00e9-des-Vosges<\/strong> s&rsquo;est ouverte ce <strong>samedi matin<\/strong> \u00e0 l&rsquo;<strong>Espace Fran\u00e7ois-Mitterrand<\/strong>.<\/h2>\n<p><!--more--><\/p>\n<h3 class=\"western\"><strong>Des milliers d&rsquo;ouvrages \u00e0 prix modiques<\/strong><\/h3>\n<p>Jusqu&rsquo;\u00e0 ce <strong>soir \u00e0 18h<\/strong>, puis <strong>demain dimanche de 9h \u00e0 17h<\/strong>, ce sont <strong>plusieurs milliers d&rsquo;ouvrages<\/strong> divers et vari\u00e9s qui sont vendus <strong>\u00e0 des prix modiques<\/strong>. Au moment de l&rsquo;ouverture, le nombre de livres propos\u00e9s \u00e9tait de <strong>15 000, minutieusement rang\u00e9s sur 132 tables<\/strong>. <strong>Romans, bandes dessin\u00e9es, livres d\u2019Histoire ou pratiques<\/strong>, il y en a pour tous les lecteurs.<\/p>\n<h3 class=\"western\"><strong>Un \u00e9v\u00e9nement au service des droits humains<\/strong><\/h3>\n<p>Comme le souligne <strong>l&rsquo;antenne d\u00e9odatienne d&rsquo;Amnesty<\/strong>, cette \u00e9dition <strong>2025 m\u00eale quantit\u00e9 et qualit\u00e9<\/strong>. Les <strong>b\u00e9n\u00e9fices du week-end<\/strong> seront, comme \u00e0 chacune des ventes annuelles, <strong>destin\u00e9s \u00e0 financer les actions d&rsquo;Amnesty<\/strong> <strong>en faveur des droits humains<\/strong>.<\/p>\n<h3 class=\"western\"><strong>Mobilisation pour C\u00e9cile Kohler et la protection des jeunes sur TikTok<\/strong><\/h3>\n<p>Cette ann\u00e9e, les b\u00e9n\u00e9voles de l&rsquo;ONG se mobilisent pour <strong>demander la lib\u00e9ration imm\u00e9diate<\/strong> de <strong>C\u00e9cile Kohler<\/strong>. <strong>Professeure de Lettres Modernes<\/strong>, cette <strong>Alsacienne de 40 ans<\/strong> est emprisonn\u00e9e <strong>en Iran depuis le 7 mai 2022<\/strong>. Une autre mobilisation du moment concerne <strong>l&rsquo;application TikTok<\/strong>, avec <strong>une p\u00e9tition pour que la plateforme soit plus s\u00fbre<\/strong> <strong>pour les enfants et les jeunes<\/strong>.<\/p>\n<p>J.J.<\/p>\n","protected":false},"excerpt":{"rendered":"<p>La 23e grande vente de livres du groupe 179 d&rsquo;Amnesty de Saint-Di\u00e9-des-Vosges s&rsquo;est ouverte ce samedi matin \u00e0 l&rsquo;Espace Fran\u00e7ois-Mitterrand.<\/p>\n","protected":false},"author":46,"featured_media":74319,"comment_status":"open","ping_status":"open","sticky":false,"template":"","format":"standard","meta":{"footnotes":""},"categories":[460,167,29,17,18],"tags":[16105,3089,3966,3964],"class_list":["post-74317","post","type-post","status-publish","format-standard","has-post-thumbnail","hentry","category-a-la-une","category-saint-die-des-vosges","category-solidarite","category-vie-associative","category-vosges","tag-23e-grande-vente-de-livres-damnesty-international-saint-die-des-vosges","tag-espace-francois-mitterrand","tag-grande-vente-de-livres-damnesty-international","tag-groupe-179-damnesty-international-de-saint-die-des-vosges"],"acf":[],"yoast_head":"<!-- This site is optimized with the Yoast SEO plugin v22.5 - https:\/\/yoast.com\/wordpress\/plugins\/seo\/ -->\n<title>La 23e grande vente de livres d&#039;Amnesty Saint-Di\u00e9-des-Vosges est ouverte\u00a0! - Saint Die Info<\/title>\n<meta name=\"robots\" content=\"index, follow, max-snippet:-1, max-image-preview:large, max-video-preview:-1\" \/>\n<link rel=\"canonical\" href=\"https:\/\/vosgesinfo.fr\/saintdieinfo\/2025\/02\/la-23e-grande-vente-de-livres-damnesty-saint-die-des-vosges-est-ouverte\/\" \/>\n<meta name=\"twitter:card\" content=\"summary_large_image\" \/>\n<meta name=\"twitter:title\" content=\"La 23e grande vente de livres d&#039;Amnesty Saint-Di\u00e9-des-Vosges est ouverte\u00a0! - Saint Die Info\" \/>\n<meta name=\"twitter:description\" content=\"La 23e grande vente de livres du groupe 179 d&rsquo;Amnesty de Saint-Di\u00e9-des-Vosges s&rsquo;est ouverte ce samedi matin \u00e0 l&rsquo;Espace Fran\u00e7ois-Mitterrand.\" \/>\n<meta name=\"twitter:image\" content=\"https:\/\/vosgesinfo.fr\/app\/uploads\/sites\/4\/2025\/02\/23e-grande-vente-livres-amnesty-sddv-2.jpg\" \/>\n<meta name=\"twitter:creator\" content=\"@VosgesInfo88\" \/>\n<meta name=\"twitter:site\" content=\"@VosgesInfo88\" \/>\n<meta name=\"twitter:label1\" content=\"\u00c9crit par\" \/>\n\t<meta name=\"twitter:data1\" content=\"J.J.\" \/>\n\t<meta name=\"twitter:label2\" content=\"Dur\u00e9e de lecture estim\u00e9e\" \/>\n\t<meta name=\"twitter:data2\" content=\"1 minute\" \/>\n<script type=\"application\/ld+json\" class=\"yoast-schema-graph\">{\"@context\":\"https:\/\/schema.org\",\"@graph\":[{\"@type\":\"Article\",\"@id\":\"https:\/\/vosgesinfo.fr\/saintdieinfo\/2025\/02\/la-23e-grande-vente-de-livres-damnesty-saint-die-des-vosges-est-ouverte\/#article\",\"isPartOf\":{\"@id\":\"https:\/\/vosgesinfo.fr\/saintdieinfo\/2025\/02\/la-23e-grande-vente-de-livres-damnesty-saint-die-des-vosges-est-ouverte\/\"},\"author\":{\"name\":\"J.J.\",\"@id\":\"https:\/\/vosgesinfo.fr\/saintdieinfo\/#\/schema\/person\/fa73e9f726d67bb88f46d5b7943cb572\"},\"headline\":\"La 23e grande vente de livres d&rsquo;Amnesty Saint-Di\u00e9-des-Vosges est ouverte\u00a0!\",\"datePublished\":\"2025-02-22T12:50:17+00:00\",\"dateModified\":\"2025-02-22T12:36:09+00:00\",\"mainEntityOfPage\":{\"@id\":\"https:\/\/vosgesinfo.fr\/saintdieinfo\/2025\/02\/la-23e-grande-vente-de-livres-damnesty-saint-die-des-vosges-est-ouverte\/\"},\"wordCount\":240,\"commentCount\":0,\"publisher\":{\"@id\":\"https:\/\/vosgesinfo.fr\/saintdieinfo\/#organization\"},\"image\":{\"@id\":\"https:\/\/vosgesinfo.fr\/saintdieinfo\/2025\/02\/la-23e-grande-vente-de-livres-damnesty-saint-die-des-vosges-est-ouverte\/#primaryimage\"},\"thumbnailUrl\":\"https:\/\/vosgesinfo.fr\/app\/uploads\/sites\/4\/2025\/02\/23e-grande-vente-livres-amnesty-sddv-2.jpg\",\"keywords\":[\"23e grande vente de livres d'Amnesty International Saint-Di\u00e9-des-Vosges\",\"Espace Fran\u00e7ois-Mitterrand\",\"Grande vente de livres d'Amnesty International\",\"Groupe 179 d'Amnesty International de Saint-Di\u00e9-des-Vosges\"],\"articleSection\":[\"A la Une\",\"Saint-Di\u00e9-des-Vosges\",\"Solidarit\u00e9\",\"Vie Associative\",\"Vosges\"],\"inLanguage\":\"fr-FR\",\"potentialAction\":[{\"@type\":\"CommentAction\",\"name\":\"Comment\",\"target\":[\"https:\/\/vosgesinfo.fr\/saintdieinfo\/2025\/02\/la-23e-grande-vente-de-livres-damnesty-saint-die-des-vosges-est-ouverte\/#respond\"]}]},{\"@type\":\"WebPage\",\"@id\":\"https:\/\/vosgesinfo.fr\/saintdieinfo\/2025\/02\/la-23e-grande-vente-de-livres-damnesty-saint-die-des-vosges-est-ouverte\/\",\"url\":\"https:\/\/vosgesinfo.fr\/saintdieinfo\/2025\/02\/la-23e-grande-vente-de-livres-damnesty-saint-die-des-vosges-est-ouverte\/\",\"name\":\"La 23e grande vente de livres d'Amnesty Saint-Di\u00e9-des-Vosges est ouverte\u00a0! - Saint Die Info\",\"isPartOf\":{\"@id\":\"https:\/\/vosgesinfo.fr\/saintdieinfo\/#website\"},\"primaryImageOfPage\":{\"@id\":\"https:\/\/vosgesinfo.fr\/saintdieinfo\/2025\/02\/la-23e-grande-vente-de-livres-damnesty-saint-die-des-vosges-est-ouverte\/#primaryimage\"},\"image\":{\"@id\":\"https:\/\/vosgesinfo.fr\/saintdieinfo\/2025\/02\/la-23e-grande-vente-de-livres-damnesty-saint-die-des-vosges-est-ouverte\/#primaryimage\"},\"thumbnailUrl\":\"https:\/\/vosgesinfo.fr\/app\/uploads\/sites\/4\/2025\/02\/23e-grande-vente-livres-amnesty-sddv-2.jpg\",\"datePublished\":\"2025-02-22T12:50:17+00:00\",\"dateModified\":\"2025-02-22T12:36:09+00:00\",\"breadcrumb\":{\"@id\":\"https:\/\/vosgesinfo.fr\/saintdieinfo\/2025\/02\/la-23e-grande-vente-de-livres-damnesty-saint-die-des-vosges-est-ouverte\/#breadcrumb\"},\"inLanguage\":\"fr-FR\",\"potentialAction\":[{\"@type\":\"ReadAction\",\"target\":[\"https:\/\/vosgesinfo.fr\/saintdieinfo\/2025\/02\/la-23e-grande-vente-de-livres-damnesty-saint-die-des-vosges-est-ouverte\/\"]}]},{\"@type\":\"ImageObject\",\"inLanguage\":\"fr-FR\",\"@id\":\"https:\/\/vosgesinfo.fr\/saintdieinfo\/2025\/02\/la-23e-grande-vente-de-livres-damnesty-saint-die-des-vosges-est-ouverte\/#primaryimage\",\"url\":\"https:\/\/vosgesinfo.fr\/app\/uploads\/sites\/4\/2025\/02\/23e-grande-vente-livres-amnesty-sddv-2.jpg\",\"contentUrl\":\"https:\/\/vosgesinfo.fr\/app\/uploads\/sites\/4\/2025\/02\/23e-grande-vente-livres-amnesty-sddv-2.jpg\",\"width\":1200,\"height\":800,\"caption\":\"Archive. (Photographie Marc Fourniquet)\"},{\"@type\":\"BreadcrumbList\",\"@id\":\"https:\/\/vosgesinfo.fr\/saintdieinfo\/2025\/02\/la-23e-grande-vente-de-livres-damnesty-saint-die-des-vosges-est-ouverte\/#breadcrumb\",\"itemListElement\":[{\"@type\":\"ListItem\",\"position\":1,\"name\":\"Home\",\"item\":\"https:\/\/vosgesinfo.fr\/saintdieinfo\/\"},{\"@type\":\"ListItem\",\"position\":2,\"name\":\"La 23e grande vente de livres d&rsquo;Amnesty Saint-Di\u00e9-des-Vosges est ouverte\u00a0!\"}]},{\"@type\":\"WebSite\",\"@id\":\"https:\/\/vosgesinfo.fr\/saintdieinfo\/#website\",\"url\":\"https:\/\/vosgesinfo.fr\/saintdieinfo\/\",\"name\":\"Saint Die Info\",\"description\":\"Toute l&#039;actualit\u00e9 de Saint-Di\u00e9-Des-Vosges\",\"publisher\":{\"@id\":\"https:\/\/vosgesinfo.fr\/saintdieinfo\/#organization\"},\"alternateName\":\"Toute l'actualit\u00e9 de Saint-Di\u00e9-Des-Vosges\",\"potentialAction\":[{\"@type\":\"SearchAction\",\"target\":{\"@type\":\"EntryPoint\",\"urlTemplate\":\"https:\/\/vosgesinfo.fr\/saintdieinfo\/?s={search_term_string}\"},\"query-input\":\"required name=search_term_string\"}],\"inLanguage\":\"fr-FR\"},{\"@type\":\"Organization\",\"@id\":\"https:\/\/vosgesinfo.fr\/saintdieinfo\/#organization\",\"name\":\"Saint Die Info\",\"url\":\"https:\/\/vosgesinfo.fr\/saintdieinfo\/\",\"logo\":{\"@type\":\"ImageObject\",\"inLanguage\":\"fr-FR\",\"@id\":\"https:\/\/vosgesinfo.fr\/saintdieinfo\/#\/schema\/logo\/image\/\",\"url\":\"https:\/\/vosgesinfo.fr\/app\/uploads\/sites\/4\/2024\/02\/logo-sdi.jpg\",\"contentUrl\":\"https:\/\/vosgesinfo.fr\/app\/uploads\/sites\/4\/2024\/02\/logo-sdi.jpg\",\"width\":600,\"height\":600,\"caption\":\"Saint Die Info\"},\"image\":{\"@id\":\"https:\/\/vosgesinfo.fr\/saintdieinfo\/#\/schema\/logo\/image\/\"},\"sameAs\":[\"https:\/\/www.facebook.com\/Saintdieinfofr\",\"https:\/\/x.com\/VosgesInfo88\",\"https:\/\/www.youtube.com\/@vosgesinfo\"]},{\"@type\":\"Person\",\"@id\":\"https:\/\/vosgesinfo.fr\/saintdieinfo\/#\/schema\/person\/fa73e9f726d67bb88f46d5b7943cb572\",\"name\":\"J.J.\",\"image\":{\"@type\":\"ImageObject\",\"inLanguage\":\"fr-FR\",\"@id\":\"https:\/\/vosgesinfo.fr\/saintdieinfo\/#\/schema\/person\/image\/\",\"url\":\"https:\/\/secure.gravatar.com\/avatar\/219e749e47ffbcca018a360ae4add7d4cdf1cdaaf8bc7676b27efade3fe65615?s=96&d=mm&r=g\",\"contentUrl\":\"https:\/\/secure.gravatar.com\/avatar\/219e749e47ffbcca018a360ae4add7d4cdf1cdaaf8bc7676b27efade3fe65615?s=96&d=mm&r=g\",\"caption\":\"J.J.\"},\"url\":\"https:\/\/vosgesinfo.fr\/saintdieinfo\/author\/j-j\/\"}]}<\/script>\n<!-- \/ Yoast SEO plugin. -->","yoast_head_json":{"title":"La 23e grande vente de livres d'Amnesty Saint-Di\u00e9-des-Vosges est ouverte\u00a0! - Saint Die Info","robots":{"index":"index","follow":"follow","max-snippet":"max-snippet:-1","max-image-preview":"max-image-preview:large","max-video-preview":"max-video-preview:-1"},"canonical":"https:\/\/vosgesinfo.fr\/saintdieinfo\/2025\/02\/la-23e-grande-vente-de-livres-damnesty-saint-die-des-vosges-est-ouverte\/","twitter_card":"summary_large_image","twitter_title":"La 23e grande vente de livres d'Amnesty Saint-Di\u00e9-des-Vosges est ouverte\u00a0! - Saint Die Info","twitter_description":"La 23e grande vente de livres du groupe 179 d&rsquo;Amnesty de Saint-Di\u00e9-des-Vosges s&rsquo;est ouverte ce samedi matin \u00e0 l&rsquo;Espace Fran\u00e7ois-Mitterrand.","twitter_image":"https:\/\/vosgesinfo.fr\/app\/uploads\/sites\/4\/2025\/02\/23e-grande-vente-livres-amnesty-sddv-2.jpg","twitter_creator":"@VosgesInfo88","twitter_site":"@VosgesInfo88","twitter_misc":{"\u00c9crit par":"J.J.","Dur\u00e9e de lecture estim\u00e9e":"1 minute"},"schema":{"@context":"https:\/\/schema.org","@graph":[{"@type":"Article","@id":"https:\/\/vosgesinfo.fr\/saintdieinfo\/2025\/02\/la-23e-grande-vente-de-livres-damnesty-saint-die-des-vosges-est-ouverte\/#article","isPartOf":{"@id":"https:\/\/vosgesinfo.fr\/saintdieinfo\/2025\/02\/la-23e-grande-vente-de-livres-damnesty-saint-die-des-vosges-est-ouverte\/"},"author":{"name":"J.J.","@id":"https:\/\/vosgesinfo.fr\/saintdieinfo\/#\/schema\/person\/fa73e9f726d67bb88f46d5b7943cb572"},"headline":"La 23e grande vente de livres d&rsquo;Amnesty Saint-Di\u00e9-des-Vosges est ouverte\u00a0!","datePublished":"2025-02-22T12:50:17+00:00","dateModified":"2025-02-22T12:36:09+00:00","mainEntityOfPage":{"@id":"https:\/\/vosgesinfo.fr\/saintdieinfo\/2025\/02\/la-23e-grande-vente-de-livres-damnesty-saint-die-des-vosges-est-ouverte\/"},"wordCount":240,"commentCount":0,"publisher":{"@id":"https:\/\/vosgesinfo.fr\/saintdieinfo\/#organization"},"image":{"@id":"https:\/\/vosgesinfo.fr\/saintdieinfo\/2025\/02\/la-23e-grande-vente-de-livres-damnesty-saint-die-des-vosges-est-ouverte\/#primaryimage"},"thumbnailUrl":"https:\/\/vosgesinfo.fr\/app\/uploads\/sites\/4\/2025\/02\/23e-grande-vente-livres-amnesty-sddv-2.jpg","keywords":["23e grande vente de livres d'Amnesty International Saint-Di\u00e9-des-Vosges","Espace Fran\u00e7ois-Mitterrand","Grande vente de livres d'Amnesty International","Groupe 179 d'Amnesty International de Saint-Di\u00e9-des-Vosges"],"articleSection":["A la Une","Saint-Di\u00e9-des-Vosges","Solidarit\u00e9","Vie Associative","Vosges"],"inLanguage":"fr-FR","potentialAction":[{"@type":"CommentAction","name":"Comment","target":["https:\/\/vosgesinfo.fr\/saintdieinfo\/2025\/02\/la-23e-grande-vente-de-livres-damnesty-saint-die-des-vosges-est-ouverte\/#respond"]}]},{"@type":"WebPage","@id":"https:\/\/vosgesinfo.fr\/saintdieinfo\/2025\/02\/la-23e-grande-vente-de-livres-damnesty-saint-die-des-vosges-est-ouverte\/","url":"https:\/\/vosgesinfo.fr\/saintdieinfo\/2025\/02\/la-23e-grande-vente-de-livres-damnesty-saint-die-des-vosges-est-ouverte\/","name":"La 23e grande vente de livres d'Amnesty Saint-Di\u00e9-des-Vosges est ouverte\u00a0! - Saint Die Info","isPartOf":{"@id":"https:\/\/vosgesinfo.fr\/saintdieinfo\/#website"},"primaryImageOfPage":{"@id":"https:\/\/vosgesinfo.fr\/saintdieinfo\/2025\/02\/la-23e-grande-vente-de-livres-damnesty-saint-die-des-vosges-est-ouverte\/#primaryimage"},"image":{"@id":"https:\/\/vosgesinfo.fr\/saintdieinfo\/2025\/02\/la-23e-grande-vente-de-livres-damnesty-saint-die-des-vosges-est-ouverte\/#primaryimage"},"thumbnailUrl":"https:\/\/vosgesinfo.fr\/app\/uploads\/sites\/4\/2025\/02\/23e-grande-vente-livres-amnesty-sddv-2.jpg","datePublished":"2025-02-22T12:50:17+00:00","dateModified":"2025-02-22T12:36:09+00:00","breadcrumb":{"@id":"https:\/\/vosgesinfo.fr\/saintdieinfo\/2025\/02\/la-23e-grande-vente-de-livres-damnesty-saint-die-des-vosges-est-ouverte\/#breadcrumb"},"inLanguage":"fr-FR","potentialAction":[{"@type":"ReadAction","target":["https:\/\/vosgesinfo.fr\/saintdieinfo\/2025\/02\/la-23e-grande-vente-de-livres-damnesty-saint-die-des-vosges-est-ouverte\/"]}]},{"@type":"ImageObject","inLanguage":"fr-FR","@id":"https:\/\/vosgesinfo.fr\/saintdieinfo\/2025\/02\/la-23e-grande-vente-de-livres-damnesty-saint-die-des-vosges-est-ouverte\/#primaryimage","url":"https:\/\/vosgesinfo.fr\/app\/uploads\/sites\/4\/2025\/02\/23e-grande-vente-livres-amnesty-sddv-2.jpg","contentUrl":"https:\/\/vosgesinfo.fr\/app\/uploads\/sites\/4\/2025\/02\/23e-grande-vente-livres-amnesty-sddv-2.jpg","width":1200,"height":800,"caption":"Archive. (Photographie Marc Fourniquet)"},{"@type":"BreadcrumbList","@id":"https:\/\/vosgesinfo.fr\/saintdieinfo\/2025\/02\/la-23e-grande-vente-de-livres-damnesty-saint-die-des-vosges-est-ouverte\/#breadcrumb","itemListElement":[{"@type":"ListItem","position":1,"name":"Home","item":"https:\/\/vosgesinfo.fr\/saintdieinfo\/"},{"@type":"ListItem","position":2,"name":"La 23e grande vente de livres d&rsquo;Amnesty Saint-Di\u00e9-des-Vosges est ouverte\u00a0!"}]},{"@type":"WebSite","@id":"https:\/\/vosgesinfo.fr\/saintdieinfo\/#website","url":"https:\/\/vosgesinfo.fr\/saintdieinfo\/","name":"Saint Die Info","description":"Toute l&#039;actualit\u00e9 de Saint-Di\u00e9-Des-Vosges","publisher":{"@id":"https:\/\/vosgesinfo.fr\/saintdieinfo\/#organization"},"alternateName":"Toute l'actualit\u00e9 de Saint-Di\u00e9-Des-Vosges","potentialAction":[{"@type":"SearchAction","target":{"@type":"EntryPoint","urlTemplate":"https:\/\/vosgesinfo.fr\/saintdieinfo\/?s={search_term_string}"},"query-input":"required name=search_term_string"}],"inLanguage":"fr-FR"},{"@type":"Organization","@id":"https:\/\/vosgesinfo.fr\/saintdieinfo\/#organization","name":"Saint Die Info","url":"https:\/\/vosgesinfo.fr\/saintdieinfo\/","logo":{"@type":"ImageObject","inLanguage":"fr-FR","@id":"https:\/\/vosgesinfo.fr\/saintdieinfo\/#\/schema\/logo\/image\/","url":"https:\/\/vosgesinfo.fr\/app\/uploads\/sites\/4\/2024\/02\/logo-sdi.jpg","contentUrl":"https:\/\/vosgesinfo.fr\/app\/uploads\/sites\/4\/2024\/02\/logo-sdi.jpg","width":600,"height":600,"caption":"Saint Die Info"},"image":{"@id":"https:\/\/vosgesinfo.fr\/saintdieinfo\/#\/schema\/logo\/image\/"},"sameAs":["https:\/\/www.facebook.com\/Saintdieinfofr","https:\/\/x.com\/VosgesInfo88","https:\/\/www.youtube.com\/@vosgesinfo"]},{"@type":"Person","@id":"https:\/\/vosgesinfo.fr\/saintdieinfo\/#\/schema\/person\/fa73e9f726d67bb88f46d5b7943cb572","name":"J.J.","image":{"@type":"ImageObject","inLanguage":"fr-FR","@id":"https:\/\/vosgesinfo.fr\/saintdieinfo\/#\/schema\/person\/image\/","url":"https:\/\/secure.gravatar.com\/avatar\/219e749e47ffbcca018a360ae4add7d4cdf1cdaaf8bc7676b27efade3fe65615?s=96&d=mm&r=g","contentUrl":"https:\/\/secure.gravatar.com\/avatar\/219e749e47ffbcca018a360ae4add7d4cdf1cdaaf8bc7676b27efade3fe65615?s=96&d=mm&r=g","caption":"J.J."},"url":"https:\/\/vosgesinfo.fr\/saintdieinfo\/author\/j-j\/"}]}},"_links":{"self":[{"href":"https:\/\/vosgesinfo.fr\/saintdieinfo\/wp-json\/wp\/v2\/posts\/74317","targetHints":{"allow":["GET"]}}],"collection":[{"href":"https:\/\/vosgesinfo.fr\/saintdieinfo\/wp-json\/wp\/v2\/posts"}],"about":[{"href":"https:\/\/vosgesinfo.fr\/saintdieinfo\/wp-json\/wp\/v2\/types\/post"}],"author":[{"embeddable":true,"href":"https:\/\/vosgesinfo.fr\/saintdieinfo\/wp-json\/wp\/v2\/users\/46"}],"replies":[{"embeddable":true,"href":"https:\/\/vosgesinfo.fr\/saintdieinfo\/wp-json\/wp\/v2\/comments?post=74317"}],"version-history":[{"count":1,"href":"https:\/\/vosgesinfo.fr\/saintdieinfo\/wp-json\/wp\/v2\/posts\/74317\/revisions"}],"predecessor-version":[{"id":74323,"href":"https:\/\/vosgesinfo.fr\/saintdieinfo\/wp-json\/wp\/v2\/posts\/74317\/revisions\/74323"}],"wp:featuredmedia":[{"embeddable":true,"href":"https:\/\/vosgesinfo.fr\/saintdieinfo\/wp-json\/wp\/v2\/media\/74319"}],"wp:attachment":[{"href":"https:\/\/vosgesinfo.fr\/saintdieinfo\/wp-json\/wp\/v2\/media?parent=74317"}],"wp:term":[{"taxonomy":"category","embeddable":true,"href":"https:\/\/vosgesinfo.fr\/saintdieinfo\/wp-json\/wp\/v2\/categories?post=74317"},{"taxonomy":"post_tag","embeddable":true,"href":"https:\/\/vosgesinfo.fr\/saintdieinfo\/wp-json\/wp\/v2\/tags?post=74317"}],"curies":[{"name":"wp","href":"https:\/\/api.w.org\/{rel}","templated":true}]}}