{"id":74461,"date":"2025-02-26T15:13:26","date_gmt":"2025-02-26T14:13:26","guid":{"rendered":"https:\/\/vosgesinfo.fr\/saintdieinfo\/2025\/02\/sas-moine-couronnee-dor-au-salon-de-lagriculture-pour-son-jus-de-pomme-petillant\/"},"modified":"2025-02-26T15:13:26","modified_gmt":"2025-02-26T14:13:26","slug":"sas-moine-couronnee-dor-au-salon-de-lagriculture-pour-son-jus-de-pomme-petillant","status":"publish","type":"post","link":"https:\/\/vosgesinfo.fr\/saintdieinfo\/2025\/02\/sas-moine-couronnee-dor-au-salon-de-lagriculture-pour-son-jus-de-pomme-petillant\/","title":{"rendered":"SAS Moine couronn\u00e9e d&rsquo;or au Salon de l&rsquo;Agriculture pour son jus de pomme p\u00e9tillant"},"content":{"rendered":"<div id=\"attachment_78967\" style=\"width: 443px\" class=\"wp-caption aligncenter\"><a href=\"https:\/\/vosgesinfo.fr\/app\/uploads\/sites\/5\/2025\/02\/maison-moine-vin-de-rhubarbe-20.jpg.webp\"><img decoding=\"async\" aria-describedby=\"caption-attachment-78967\" class=\"size-full wp-image-78967\" src=\"https:\/\/vosgesinfo.fr\/app\/uploads\/sites\/5\/2025\/02\/maison-moine-vin-de-rhubarbe-20.jpg.webp\" alt=\"\" width=\"433\" height=\"650\" \/><\/a><p id=\"caption-attachment-78967\" class=\"wp-caption-text\">Photographie : Site Internet SAS Moine.<\/p><\/div>\n<p data-start=\"90\" data-end=\"430\"><strong>L\u2019entreprise SAS Moine, Damien et Yannick Moine \u00e0 Xertigny, s\u2019est une nouvelle fois distingu\u00e9e au Salon de l&rsquo;Agriculture 2025 en d\u00e9crochant une m\u00e9daille d\u2019or. Cette r\u00e9compense vient saluer l\u2019excellence de leur jus de pomme p\u00e9tillant, prim\u00e9 dans la cat\u00e9gorie Jus de fruits artisanaux ou industriels.<\/strong><\/p>\n<p data-start=\"432\" data-end=\"617\">Ce n&rsquo;est pas une premi\u00e8re pour l&rsquo;entreprise, qui accumule les distinctions depuis 2008, t\u00e9moignant d\u2019un savoir-faire artisanal reconnu et d\u2019un engagement constant pour la qualit\u00e9.<\/p>\n<p data-start=\"886\" data-end=\"1189\" data-is-last-node=\"\" data-is-only-node=\"\">Cette m\u00e9daille confirme la place de SAS Moine parmi les r\u00e9f\u00e9rences en mati\u00e8re de jus de fruits et valorise le terroir vosgien \u00e0 travers un produit authentique et gourmand. Une belle reconnaissance pour cette entreprise familiale qui ne cesse d\u2019innover tout en pr\u00e9servant l\u2019excellence de ses productions.<\/p>\n","protected":false},"excerpt":{"rendered":"<p>L\u2019entreprise SAS Moine, Damien et Yannick Moine \u00e0 Xertigny, s\u2019est une nouvelle fois distingu\u00e9e au Salon de l&rsquo;Agriculture 2025 en [&hellip;]<\/p>\n","protected":false},"author":418,"featured_media":74462,"comment_status":"open","ping_status":"open","sticky":false,"template":"","format":"standard","meta":{"footnotes":""},"categories":[460,128,5392,5391,5389,4099,4100],"tags":[16332,959,16333],"class_list":["post-74461","post","type-post","status-publish","format-standard","has-post-thumbnail","hentry","category-a-la-une","category-agriculture","category-epinal","category-gerardmer","category-la-plaine-des-vosges","category-remiremont","category-saint-die","tag-jus-de-pomme","tag-salon-de-lagriculture","tag-sas-moine"],"acf":[],"yoast_head":"<!-- This site is optimized with the Yoast SEO plugin v22.5 - https:\/\/yoast.com\/wordpress\/plugins\/seo\/ -->\n<title>SAS Moine couronn\u00e9e d&#039;or au Salon de l&#039;Agriculture pour son jus de pomme p\u00e9tillant - Saint Die Info<\/title>\n<meta name=\"robots\" content=\"index, follow, max-snippet:-1, max-image-preview:large, max-video-preview:-1\" \/>\n<link rel=\"canonical\" href=\"https:\/\/vosgesinfo.fr\/saintdieinfo\/2025\/02\/sas-moine-couronnee-dor-au-salon-de-lagriculture-pour-son-jus-de-pomme-petillant\/\" \/>\n<meta name=\"twitter:card\" content=\"summary_large_image\" \/>\n<meta name=\"twitter:title\" content=\"SAS Moine couronn\u00e9e d&#039;or au Salon de l&#039;Agriculture pour son jus de pomme p\u00e9tillant - Saint Die Info\" \/>\n<meta name=\"twitter:description\" content=\"L\u2019entreprise SAS Moine, Damien et Yannick Moine \u00e0 Xertigny, s\u2019est une nouvelle fois distingu\u00e9e au Salon de l&rsquo;Agriculture 2025 en [&hellip;]\" \/>\n<meta name=\"twitter:image\" content=\"https:\/\/vosgesinfo.fr\/app\/uploads\/sites\/4\/2025\/02\/maison-moine-vin-de-rhubarbe-20.jpg.webp\" \/>\n<meta name=\"twitter:creator\" content=\"@VosgesInfo88\" \/>\n<meta name=\"twitter:site\" content=\"@VosgesInfo88\" \/>\n<meta name=\"twitter:label1\" content=\"\u00c9crit par\" \/>\n\t<meta name=\"twitter:data1\" content=\"C.M\" \/>\n\t<meta name=\"twitter:label2\" content=\"Dur\u00e9e de lecture estim\u00e9e\" \/>\n\t<meta name=\"twitter:data2\" content=\"1 minute\" \/>\n<script type=\"application\/ld+json\" class=\"yoast-schema-graph\">{\"@context\":\"https:\/\/schema.org\",\"@graph\":[{\"@type\":\"Article\",\"@id\":\"https:\/\/vosgesinfo.fr\/saintdieinfo\/2025\/02\/sas-moine-couronnee-dor-au-salon-de-lagriculture-pour-son-jus-de-pomme-petillant\/#article\",\"isPartOf\":{\"@id\":\"https:\/\/vosgesinfo.fr\/saintdieinfo\/2025\/02\/sas-moine-couronnee-dor-au-salon-de-lagriculture-pour-son-jus-de-pomme-petillant\/\"},\"author\":{\"name\":\"C.M\",\"@id\":\"https:\/\/vosgesinfo.fr\/saintdieinfo\/#\/schema\/person\/4f38cd3068e342935b7304695c797d08\"},\"headline\":\"SAS Moine couronn\u00e9e d&rsquo;or au Salon de l&rsquo;Agriculture pour son jus de pomme p\u00e9tillant\",\"datePublished\":\"2025-02-26T14:13:26+00:00\",\"dateModified\":\"2025-02-26T14:13:26+00:00\",\"mainEntityOfPage\":{\"@id\":\"https:\/\/vosgesinfo.fr\/saintdieinfo\/2025\/02\/sas-moine-couronnee-dor-au-salon-de-lagriculture-pour-son-jus-de-pomme-petillant\/\"},\"wordCount\":167,\"commentCount\":0,\"publisher\":{\"@id\":\"https:\/\/vosgesinfo.fr\/saintdieinfo\/#organization\"},\"image\":{\"@id\":\"https:\/\/vosgesinfo.fr\/saintdieinfo\/2025\/02\/sas-moine-couronnee-dor-au-salon-de-lagriculture-pour-son-jus-de-pomme-petillant\/#primaryimage\"},\"thumbnailUrl\":\"https:\/\/vosgesinfo.fr\/app\/uploads\/sites\/4\/2025\/02\/maison-moine-vin-de-rhubarbe-20.jpg.webp\",\"keywords\":[\"Jus de pomme\",\"salon de l'agriculture\",\"SAS Moine\"],\"articleSection\":[\"A la Une\",\"Agriculture\",\"Epinal\",\"Gerardmer\",\"La plaine des vosges\",\"Remiremont\",\"Saint-di\u00e9\"],\"inLanguage\":\"fr-FR\",\"potentialAction\":[{\"@type\":\"CommentAction\",\"name\":\"Comment\",\"target\":[\"https:\/\/vosgesinfo.fr\/saintdieinfo\/2025\/02\/sas-moine-couronnee-dor-au-salon-de-lagriculture-pour-son-jus-de-pomme-petillant\/#respond\"]}]},{\"@type\":\"WebPage\",\"@id\":\"https:\/\/vosgesinfo.fr\/saintdieinfo\/2025\/02\/sas-moine-couronnee-dor-au-salon-de-lagriculture-pour-son-jus-de-pomme-petillant\/\",\"url\":\"https:\/\/vosgesinfo.fr\/saintdieinfo\/2025\/02\/sas-moine-couronnee-dor-au-salon-de-lagriculture-pour-son-jus-de-pomme-petillant\/\",\"name\":\"SAS Moine couronn\u00e9e d'or au Salon de l'Agriculture pour son jus de pomme p\u00e9tillant - Saint Die Info\",\"isPartOf\":{\"@id\":\"https:\/\/vosgesinfo.fr\/saintdieinfo\/#website\"},\"primaryImageOfPage\":{\"@id\":\"https:\/\/vosgesinfo.fr\/saintdieinfo\/2025\/02\/sas-moine-couronnee-dor-au-salon-de-lagriculture-pour-son-jus-de-pomme-petillant\/#primaryimage\"},\"image\":{\"@id\":\"https:\/\/vosgesinfo.fr\/saintdieinfo\/2025\/02\/sas-moine-couronnee-dor-au-salon-de-lagriculture-pour-son-jus-de-pomme-petillant\/#primaryimage\"},\"thumbnailUrl\":\"https:\/\/vosgesinfo.fr\/app\/uploads\/sites\/4\/2025\/02\/maison-moine-vin-de-rhubarbe-20.jpg.webp\",\"datePublished\":\"2025-02-26T14:13:26+00:00\",\"dateModified\":\"2025-02-26T14:13:26+00:00\",\"breadcrumb\":{\"@id\":\"https:\/\/vosgesinfo.fr\/saintdieinfo\/2025\/02\/sas-moine-couronnee-dor-au-salon-de-lagriculture-pour-son-jus-de-pomme-petillant\/#breadcrumb\"},\"inLanguage\":\"fr-FR\",\"potentialAction\":[{\"@type\":\"ReadAction\",\"target\":[\"https:\/\/vosgesinfo.fr\/saintdieinfo\/2025\/02\/sas-moine-couronnee-dor-au-salon-de-lagriculture-pour-son-jus-de-pomme-petillant\/\"]}]},{\"@type\":\"ImageObject\",\"inLanguage\":\"fr-FR\",\"@id\":\"https:\/\/vosgesinfo.fr\/saintdieinfo\/2025\/02\/sas-moine-couronnee-dor-au-salon-de-lagriculture-pour-son-jus-de-pomme-petillant\/#primaryimage\",\"url\":\"https:\/\/vosgesinfo.fr\/app\/uploads\/sites\/4\/2025\/02\/maison-moine-vin-de-rhubarbe-20.jpg.webp\",\"contentUrl\":\"https:\/\/vosgesinfo.fr\/app\/uploads\/sites\/4\/2025\/02\/maison-moine-vin-de-rhubarbe-20.jpg.webp\",\"width\":433,\"height\":650},{\"@type\":\"BreadcrumbList\",\"@id\":\"https:\/\/vosgesinfo.fr\/saintdieinfo\/2025\/02\/sas-moine-couronnee-dor-au-salon-de-lagriculture-pour-son-jus-de-pomme-petillant\/#breadcrumb\",\"itemListElement\":[{\"@type\":\"ListItem\",\"position\":1,\"name\":\"Home\",\"item\":\"https:\/\/vosgesinfo.fr\/saintdieinfo\/\"},{\"@type\":\"ListItem\",\"position\":2,\"name\":\"SAS Moine couronn\u00e9e d&rsquo;or au Salon de l&rsquo;Agriculture pour son jus de pomme p\u00e9tillant\"}]},{\"@type\":\"WebSite\",\"@id\":\"https:\/\/vosgesinfo.fr\/saintdieinfo\/#website\",\"url\":\"https:\/\/vosgesinfo.fr\/saintdieinfo\/\",\"name\":\"Saint Die Info\",\"description\":\"Toute l&#039;actualit\u00e9 de Saint-Di\u00e9-Des-Vosges\",\"publisher\":{\"@id\":\"https:\/\/vosgesinfo.fr\/saintdieinfo\/#organization\"},\"alternateName\":\"Toute l'actualit\u00e9 de Saint-Di\u00e9-Des-Vosges\",\"potentialAction\":[{\"@type\":\"SearchAction\",\"target\":{\"@type\":\"EntryPoint\",\"urlTemplate\":\"https:\/\/vosgesinfo.fr\/saintdieinfo\/?s={search_term_string}\"},\"query-input\":\"required name=search_term_string\"}],\"inLanguage\":\"fr-FR\"},{\"@type\":\"Organization\",\"@id\":\"https:\/\/vosgesinfo.fr\/saintdieinfo\/#organization\",\"name\":\"Saint Die Info\",\"url\":\"https:\/\/vosgesinfo.fr\/saintdieinfo\/\",\"logo\":{\"@type\":\"ImageObject\",\"inLanguage\":\"fr-FR\",\"@id\":\"https:\/\/vosgesinfo.fr\/saintdieinfo\/#\/schema\/logo\/image\/\",\"url\":\"https:\/\/vosgesinfo.fr\/app\/uploads\/sites\/4\/2024\/02\/logo-sdi.jpg\",\"contentUrl\":\"https:\/\/vosgesinfo.fr\/app\/uploads\/sites\/4\/2024\/02\/logo-sdi.jpg\",\"width\":600,\"height\":600,\"caption\":\"Saint Die Info\"},\"image\":{\"@id\":\"https:\/\/vosgesinfo.fr\/saintdieinfo\/#\/schema\/logo\/image\/\"},\"sameAs\":[\"https:\/\/www.facebook.com\/Saintdieinfofr\",\"https:\/\/x.com\/VosgesInfo88\",\"https:\/\/www.youtube.com\/@vosgesinfo\"]},{\"@type\":\"Person\",\"@id\":\"https:\/\/vosgesinfo.fr\/saintdieinfo\/#\/schema\/person\/4f38cd3068e342935b7304695c797d08\",\"name\":\"C.M\",\"image\":{\"@type\":\"ImageObject\",\"inLanguage\":\"fr-FR\",\"@id\":\"https:\/\/vosgesinfo.fr\/saintdieinfo\/#\/schema\/person\/image\/\",\"url\":\"https:\/\/secure.gravatar.com\/avatar\/fe9daaef0164d920717484172682f3c5c9bcf7d42aa8c7048c76c34f0eb6c8da?s=96&d=mm&r=g\",\"contentUrl\":\"https:\/\/secure.gravatar.com\/avatar\/fe9daaef0164d920717484172682f3c5c9bcf7d42aa8c7048c76c34f0eb6c8da?s=96&d=mm&r=g\",\"caption\":\"C.M\"},\"url\":\"https:\/\/vosgesinfo.fr\/saintdieinfo\/author\/cm88200\/\"}]}<\/script>\n<!-- \/ Yoast SEO plugin. -->","yoast_head_json":{"title":"SAS Moine couronn\u00e9e d'or au Salon de l'Agriculture pour son jus de pomme p\u00e9tillant - Saint Die Info","robots":{"index":"index","follow":"follow","max-snippet":"max-snippet:-1","max-image-preview":"max-image-preview:large","max-video-preview":"max-video-preview:-1"},"canonical":"https:\/\/vosgesinfo.fr\/saintdieinfo\/2025\/02\/sas-moine-couronnee-dor-au-salon-de-lagriculture-pour-son-jus-de-pomme-petillant\/","twitter_card":"summary_large_image","twitter_title":"SAS Moine couronn\u00e9e d'or au Salon de l'Agriculture pour son jus de pomme p\u00e9tillant - Saint Die Info","twitter_description":"L\u2019entreprise SAS Moine, Damien et Yannick Moine \u00e0 Xertigny, s\u2019est une nouvelle fois distingu\u00e9e au Salon de l&rsquo;Agriculture 2025 en [&hellip;]","twitter_image":"https:\/\/vosgesinfo.fr\/app\/uploads\/sites\/4\/2025\/02\/maison-moine-vin-de-rhubarbe-20.jpg.webp","twitter_creator":"@VosgesInfo88","twitter_site":"@VosgesInfo88","twitter_misc":{"\u00c9crit par":"C.M","Dur\u00e9e de lecture estim\u00e9e":"1 minute"},"schema":{"@context":"https:\/\/schema.org","@graph":[{"@type":"Article","@id":"https:\/\/vosgesinfo.fr\/saintdieinfo\/2025\/02\/sas-moine-couronnee-dor-au-salon-de-lagriculture-pour-son-jus-de-pomme-petillant\/#article","isPartOf":{"@id":"https:\/\/vosgesinfo.fr\/saintdieinfo\/2025\/02\/sas-moine-couronnee-dor-au-salon-de-lagriculture-pour-son-jus-de-pomme-petillant\/"},"author":{"name":"C.M","@id":"https:\/\/vosgesinfo.fr\/saintdieinfo\/#\/schema\/person\/4f38cd3068e342935b7304695c797d08"},"headline":"SAS Moine couronn\u00e9e d&rsquo;or au Salon de l&rsquo;Agriculture pour son jus de pomme p\u00e9tillant","datePublished":"2025-02-26T14:13:26+00:00","dateModified":"2025-02-26T14:13:26+00:00","mainEntityOfPage":{"@id":"https:\/\/vosgesinfo.fr\/saintdieinfo\/2025\/02\/sas-moine-couronnee-dor-au-salon-de-lagriculture-pour-son-jus-de-pomme-petillant\/"},"wordCount":167,"commentCount":0,"publisher":{"@id":"https:\/\/vosgesinfo.fr\/saintdieinfo\/#organization"},"image":{"@id":"https:\/\/vosgesinfo.fr\/saintdieinfo\/2025\/02\/sas-moine-couronnee-dor-au-salon-de-lagriculture-pour-son-jus-de-pomme-petillant\/#primaryimage"},"thumbnailUrl":"https:\/\/vosgesinfo.fr\/app\/uploads\/sites\/4\/2025\/02\/maison-moine-vin-de-rhubarbe-20.jpg.webp","keywords":["Jus de pomme","salon de l'agriculture","SAS Moine"],"articleSection":["A la Une","Agriculture","Epinal","Gerardmer","La plaine des vosges","Remiremont","Saint-di\u00e9"],"inLanguage":"fr-FR","potentialAction":[{"@type":"CommentAction","name":"Comment","target":["https:\/\/vosgesinfo.fr\/saintdieinfo\/2025\/02\/sas-moine-couronnee-dor-au-salon-de-lagriculture-pour-son-jus-de-pomme-petillant\/#respond"]}]},{"@type":"WebPage","@id":"https:\/\/vosgesinfo.fr\/saintdieinfo\/2025\/02\/sas-moine-couronnee-dor-au-salon-de-lagriculture-pour-son-jus-de-pomme-petillant\/","url":"https:\/\/vosgesinfo.fr\/saintdieinfo\/2025\/02\/sas-moine-couronnee-dor-au-salon-de-lagriculture-pour-son-jus-de-pomme-petillant\/","name":"SAS Moine couronn\u00e9e d'or au Salon de l'Agriculture pour son jus de pomme p\u00e9tillant - Saint Die Info","isPartOf":{"@id":"https:\/\/vosgesinfo.fr\/saintdieinfo\/#website"},"primaryImageOfPage":{"@id":"https:\/\/vosgesinfo.fr\/saintdieinfo\/2025\/02\/sas-moine-couronnee-dor-au-salon-de-lagriculture-pour-son-jus-de-pomme-petillant\/#primaryimage"},"image":{"@id":"https:\/\/vosgesinfo.fr\/saintdieinfo\/2025\/02\/sas-moine-couronnee-dor-au-salon-de-lagriculture-pour-son-jus-de-pomme-petillant\/#primaryimage"},"thumbnailUrl":"https:\/\/vosgesinfo.fr\/app\/uploads\/sites\/4\/2025\/02\/maison-moine-vin-de-rhubarbe-20.jpg.webp","datePublished":"2025-02-26T14:13:26+00:00","dateModified":"2025-02-26T14:13:26+00:00","breadcrumb":{"@id":"https:\/\/vosgesinfo.fr\/saintdieinfo\/2025\/02\/sas-moine-couronnee-dor-au-salon-de-lagriculture-pour-son-jus-de-pomme-petillant\/#breadcrumb"},"inLanguage":"fr-FR","potentialAction":[{"@type":"ReadAction","target":["https:\/\/vosgesinfo.fr\/saintdieinfo\/2025\/02\/sas-moine-couronnee-dor-au-salon-de-lagriculture-pour-son-jus-de-pomme-petillant\/"]}]},{"@type":"ImageObject","inLanguage":"fr-FR","@id":"https:\/\/vosgesinfo.fr\/saintdieinfo\/2025\/02\/sas-moine-couronnee-dor-au-salon-de-lagriculture-pour-son-jus-de-pomme-petillant\/#primaryimage","url":"https:\/\/vosgesinfo.fr\/app\/uploads\/sites\/4\/2025\/02\/maison-moine-vin-de-rhubarbe-20.jpg.webp","contentUrl":"https:\/\/vosgesinfo.fr\/app\/uploads\/sites\/4\/2025\/02\/maison-moine-vin-de-rhubarbe-20.jpg.webp","width":433,"height":650},{"@type":"BreadcrumbList","@id":"https:\/\/vosgesinfo.fr\/saintdieinfo\/2025\/02\/sas-moine-couronnee-dor-au-salon-de-lagriculture-pour-son-jus-de-pomme-petillant\/#breadcrumb","itemListElement":[{"@type":"ListItem","position":1,"name":"Home","item":"https:\/\/vosgesinfo.fr\/saintdieinfo\/"},{"@type":"ListItem","position":2,"name":"SAS Moine couronn\u00e9e d&rsquo;or au Salon de l&rsquo;Agriculture pour son jus de pomme p\u00e9tillant"}]},{"@type":"WebSite","@id":"https:\/\/vosgesinfo.fr\/saintdieinfo\/#website","url":"https:\/\/vosgesinfo.fr\/saintdieinfo\/","name":"Saint Die Info","description":"Toute l&#039;actualit\u00e9 de Saint-Di\u00e9-Des-Vosges","publisher":{"@id":"https:\/\/vosgesinfo.fr\/saintdieinfo\/#organization"},"alternateName":"Toute l'actualit\u00e9 de Saint-Di\u00e9-Des-Vosges","potentialAction":[{"@type":"SearchAction","target":{"@type":"EntryPoint","urlTemplate":"https:\/\/vosgesinfo.fr\/saintdieinfo\/?s={search_term_string}"},"query-input":"required name=search_term_string"}],"inLanguage":"fr-FR"},{"@type":"Organization","@id":"https:\/\/vosgesinfo.fr\/saintdieinfo\/#organization","name":"Saint Die Info","url":"https:\/\/vosgesinfo.fr\/saintdieinfo\/","logo":{"@type":"ImageObject","inLanguage":"fr-FR","@id":"https:\/\/vosgesinfo.fr\/saintdieinfo\/#\/schema\/logo\/image\/","url":"https:\/\/vosgesinfo.fr\/app\/uploads\/sites\/4\/2024\/02\/logo-sdi.jpg","contentUrl":"https:\/\/vosgesinfo.fr\/app\/uploads\/sites\/4\/2024\/02\/logo-sdi.jpg","width":600,"height":600,"caption":"Saint Die Info"},"image":{"@id":"https:\/\/vosgesinfo.fr\/saintdieinfo\/#\/schema\/logo\/image\/"},"sameAs":["https:\/\/www.facebook.com\/Saintdieinfofr","https:\/\/x.com\/VosgesInfo88","https:\/\/www.youtube.com\/@vosgesinfo"]},{"@type":"Person","@id":"https:\/\/vosgesinfo.fr\/saintdieinfo\/#\/schema\/person\/4f38cd3068e342935b7304695c797d08","name":"C.M","image":{"@type":"ImageObject","inLanguage":"fr-FR","@id":"https:\/\/vosgesinfo.fr\/saintdieinfo\/#\/schema\/person\/image\/","url":"https:\/\/secure.gravatar.com\/avatar\/fe9daaef0164d920717484172682f3c5c9bcf7d42aa8c7048c76c34f0eb6c8da?s=96&d=mm&r=g","contentUrl":"https:\/\/secure.gravatar.com\/avatar\/fe9daaef0164d920717484172682f3c5c9bcf7d42aa8c7048c76c34f0eb6c8da?s=96&d=mm&r=g","caption":"C.M"},"url":"https:\/\/vosgesinfo.fr\/saintdieinfo\/author\/cm88200\/"}]}},"_links":{"self":[{"href":"https:\/\/vosgesinfo.fr\/saintdieinfo\/wp-json\/wp\/v2\/posts\/74461","targetHints":{"allow":["GET"]}}],"collection":[{"href":"https:\/\/vosgesinfo.fr\/saintdieinfo\/wp-json\/wp\/v2\/posts"}],"about":[{"href":"https:\/\/vosgesinfo.fr\/saintdieinfo\/wp-json\/wp\/v2\/types\/post"}],"author":[{"embeddable":true,"href":"https:\/\/vosgesinfo.fr\/saintdieinfo\/wp-json\/wp\/v2\/users\/418"}],"replies":[{"embeddable":true,"href":"https:\/\/vosgesinfo.fr\/saintdieinfo\/wp-json\/wp\/v2\/comments?post=74461"}],"version-history":[{"count":0,"href":"https:\/\/vosgesinfo.fr\/saintdieinfo\/wp-json\/wp\/v2\/posts\/74461\/revisions"}],"wp:featuredmedia":[{"embeddable":true,"href":"https:\/\/vosgesinfo.fr\/saintdieinfo\/wp-json\/wp\/v2\/media\/74462"}],"wp:attachment":[{"href":"https:\/\/vosgesinfo.fr\/saintdieinfo\/wp-json\/wp\/v2\/media?parent=74461"}],"wp:term":[{"taxonomy":"category","embeddable":true,"href":"https:\/\/vosgesinfo.fr\/saintdieinfo\/wp-json\/wp\/v2\/categories?post=74461"},{"taxonomy":"post_tag","embeddable":true,"href":"https:\/\/vosgesinfo.fr\/saintdieinfo\/wp-json\/wp\/v2\/tags?post=74461"}],"curies":[{"name":"wp","href":"https:\/\/api.w.org\/{rel}","templated":true}]}}