{"id":74465,"date":"2025-02-26T17:03:54","date_gmt":"2025-02-26T16:03:54","guid":{"rendered":"https:\/\/vosgesinfo.fr\/saintdieinfo\/?p=74465"},"modified":"2025-02-26T17:02:01","modified_gmt":"2025-02-26T16:02:01","slug":"anould-plusieurs-medailles-pour-le-rucher-des-hautes-vosges-au-concours-general-agricole-2025","status":"publish","type":"post","link":"https:\/\/vosgesinfo.fr\/saintdieinfo\/2025\/02\/anould-plusieurs-medailles-pour-le-rucher-des-hautes-vosges-au-concours-general-agricole-2025\/","title":{"rendered":"Anould \u2013 Plusieurs m\u00e9dailles pour le Rucher des Hautes-Vosges au Concours G\u00e9n\u00e9ral Agricole 2025"},"content":{"rendered":"<div id=\"attachment_74476\" style=\"width: 760px\" class=\"wp-caption alignnone\"><a href=\"https:\/\/vosgesinfo.fr\/app\/uploads\/sites\/4\/2025\/02\/anould-le-rucher-des-hautes-vosges-bertrand-noel.jpg\"><img decoding=\"async\" aria-describedby=\"caption-attachment-74476\" class=\"size-full wp-image-74476\" src=\"https:\/\/vosgesinfo.fr\/app\/uploads\/sites\/4\/2025\/02\/anould-le-rucher-des-hautes-vosges-bertrand-noel.jpg\" alt=\"\" width=\"750\" height=\"750\" srcset=\"https:\/\/vosgesinfo.fr\/app\/uploads\/sites\/4\/2025\/02\/anould-le-rucher-des-hautes-vosges-bertrand-noel.jpg 750w, https:\/\/vosgesinfo.fr\/app\/uploads\/sites\/4\/2025\/02\/anould-le-rucher-des-hautes-vosges-bertrand-noel-300x300.jpg 300w, https:\/\/vosgesinfo.fr\/app\/uploads\/sites\/4\/2025\/02\/anould-le-rucher-des-hautes-vosges-bertrand-noel-150x150.jpg 150w\" sizes=\"(max-width: 750px) 100vw, 750px\" \/><\/a><p id=\"caption-attachment-74476\" class=\"wp-caption-text\">(Photographie page FB du Rucher des Hautes-Vosges)<\/p><\/div>\n<h2 data-start=\"0\" data-end=\"182\"><strong data-start=\"0\" data-end=\"31\">Le Rucher des Hautes-Vosges<\/strong>, situ\u00e9 \u00e0 <strong data-start=\"41\" data-end=\"51\" data-is-only-node=\"\">Anould<\/strong> et g\u00e9r\u00e9 par <strong data-start=\"64\" data-end=\"81\">Bertrand No\u00ebl<\/strong>, <strong data-start=\"83\" data-end=\"107\">apiculteur r\u00e9coltant<\/strong>, a obtenu plusieurs <strong data-start=\"128\" data-end=\"141\">m\u00e9dailles<\/strong> au <strong data-start=\"145\" data-end=\"179\">Concours G\u00e9n\u00e9ral Agricole 2025<\/strong>.<\/h2>\n<p data-start=\"0\" data-end=\"182\"><!--more--><\/p>\n<p data-start=\"184\" data-end=\"460\" data-is-last-node=\"\" data-is-only-node=\"\">Quatre m\u00e9dailles plus pr\u00e9cis\u00e9ment, avec une <strong data-start=\"228\" data-end=\"245\">m\u00e9daille d&rsquo;or<\/strong> dans la cat\u00e9gorie <strong data-start=\"264\" data-end=\"288\">\u00ab Miel de montagne \u00bb<\/strong>, deux <strong data-start=\"295\" data-end=\"317\">m\u00e9dailles d&rsquo;argent<\/strong> dans les cat\u00e9gories <strong data-start=\"338\" data-end=\"361\">\u00ab Miel de tilleul \u00bb<\/strong> et <strong data-start=\"365\" data-end=\"388\">\u00ab Miel polyfloral \u00bb<\/strong>, et une <strong data-start=\"397\" data-end=\"419\">m\u00e9daille de bronze<\/strong> dans la cat\u00e9gorie <strong data-start=\"438\" data-end=\"459\">\u00ab Miel de sapin \u00bb<\/strong>.<\/p>\n<p data-start=\"184\" data-end=\"460\" data-is-last-node=\"\" data-is-only-node=\"\">J.J.<\/p>\n","protected":false},"excerpt":{"rendered":"<p>Le Rucher des Hautes-Vosges, situ\u00e9 \u00e0 Anould et g\u00e9r\u00e9 par Bertrand No\u00ebl, apiculteur r\u00e9coltant, a obtenu plusieurs m\u00e9dailles au Concours [&hellip;]<\/p>\n","protected":false},"author":46,"featured_media":74477,"comment_status":"open","ping_status":"open","sticky":false,"template":"","format":"standard","meta":{"footnotes":""},"categories":[460,128,3903],"tags":[3927,16337,16331,16336,16148],"class_list":["post-74465","post","type-post","status-publish","format-standard","has-post-thumbnail","hentry","category-a-la-une","category-agriculture","category-deodatie","tag-anould","tag-bertrand-noel","tag-concours-general-agricole-2025","tag-le-rucher-des-hautes-vosges","tag-salon-international-de-lagriculture-2025"],"acf":[],"yoast_head":"<!-- This site is optimized with the Yoast SEO plugin v22.5 - https:\/\/yoast.com\/wordpress\/plugins\/seo\/ -->\n<title>Anould \u2013 Plusieurs m\u00e9dailles pour le Rucher des Hautes-Vosges au Concours G\u00e9n\u00e9ral Agricole 2025 - Saint Die Info<\/title>\n<meta name=\"robots\" content=\"index, follow, max-snippet:-1, max-image-preview:large, max-video-preview:-1\" \/>\n<link rel=\"canonical\" href=\"https:\/\/vosgesinfo.fr\/saintdieinfo\/2025\/02\/anould-plusieurs-medailles-pour-le-rucher-des-hautes-vosges-au-concours-general-agricole-2025\/\" \/>\n<meta name=\"twitter:card\" content=\"summary_large_image\" \/>\n<meta name=\"twitter:title\" content=\"Anould \u2013 Plusieurs m\u00e9dailles pour le Rucher des Hautes-Vosges au Concours G\u00e9n\u00e9ral Agricole 2025 - Saint Die Info\" \/>\n<meta name=\"twitter:description\" content=\"Le Rucher des Hautes-Vosges, situ\u00e9 \u00e0 Anould et g\u00e9r\u00e9 par Bertrand No\u00ebl, apiculteur r\u00e9coltant, a obtenu plusieurs m\u00e9dailles au Concours [&hellip;]\" \/>\n<meta name=\"twitter:image\" content=\"https:\/\/vosgesinfo.fr\/app\/uploads\/sites\/4\/2025\/02\/anould-le-rucher-des-hautes-vosges-bertrand-noel-01.jpg\" \/>\n<meta name=\"twitter:creator\" content=\"@VosgesInfo88\" \/>\n<meta name=\"twitter:site\" content=\"@VosgesInfo88\" \/>\n<meta name=\"twitter:label1\" content=\"\u00c9crit par\" \/>\n\t<meta name=\"twitter:data1\" content=\"J.J.\" \/>\n<script type=\"application\/ld+json\" class=\"yoast-schema-graph\">{\"@context\":\"https:\/\/schema.org\",\"@graph\":[{\"@type\":\"Article\",\"@id\":\"https:\/\/vosgesinfo.fr\/saintdieinfo\/2025\/02\/anould-plusieurs-medailles-pour-le-rucher-des-hautes-vosges-au-concours-general-agricole-2025\/#article\",\"isPartOf\":{\"@id\":\"https:\/\/vosgesinfo.fr\/saintdieinfo\/2025\/02\/anould-plusieurs-medailles-pour-le-rucher-des-hautes-vosges-au-concours-general-agricole-2025\/\"},\"author\":{\"name\":\"J.J.\",\"@id\":\"https:\/\/vosgesinfo.fr\/saintdieinfo\/#\/schema\/person\/fa73e9f726d67bb88f46d5b7943cb572\"},\"headline\":\"Anould \u2013 Plusieurs m\u00e9dailles pour le Rucher des Hautes-Vosges au Concours G\u00e9n\u00e9ral Agricole 2025\",\"datePublished\":\"2025-02-26T16:03:54+00:00\",\"dateModified\":\"2025-02-26T16:02:01+00:00\",\"mainEntityOfPage\":{\"@id\":\"https:\/\/vosgesinfo.fr\/saintdieinfo\/2025\/02\/anould-plusieurs-medailles-pour-le-rucher-des-hautes-vosges-au-concours-general-agricole-2025\/\"},\"wordCount\":106,\"commentCount\":2,\"publisher\":{\"@id\":\"https:\/\/vosgesinfo.fr\/saintdieinfo\/#organization\"},\"image\":{\"@id\":\"https:\/\/vosgesinfo.fr\/saintdieinfo\/2025\/02\/anould-plusieurs-medailles-pour-le-rucher-des-hautes-vosges-au-concours-general-agricole-2025\/#primaryimage\"},\"thumbnailUrl\":\"https:\/\/vosgesinfo.fr\/app\/uploads\/sites\/4\/2025\/02\/anould-le-rucher-des-hautes-vosges-bertrand-noel-01.jpg\",\"keywords\":[\"Anould\",\"Bertrand No\u00ebl\",\"Concours G\u00e9n\u00e9ral Agricole 2025\",\"Le Rucher des Hautes-Vosges\",\"Salon International de l'Agriculture 2025\"],\"articleSection\":[\"A la Une\",\"Agriculture\",\"D\u00e9odatie\"],\"inLanguage\":\"fr-FR\",\"potentialAction\":[{\"@type\":\"CommentAction\",\"name\":\"Comment\",\"target\":[\"https:\/\/vosgesinfo.fr\/saintdieinfo\/2025\/02\/anould-plusieurs-medailles-pour-le-rucher-des-hautes-vosges-au-concours-general-agricole-2025\/#respond\"]}]},{\"@type\":\"WebPage\",\"@id\":\"https:\/\/vosgesinfo.fr\/saintdieinfo\/2025\/02\/anould-plusieurs-medailles-pour-le-rucher-des-hautes-vosges-au-concours-general-agricole-2025\/\",\"url\":\"https:\/\/vosgesinfo.fr\/saintdieinfo\/2025\/02\/anould-plusieurs-medailles-pour-le-rucher-des-hautes-vosges-au-concours-general-agricole-2025\/\",\"name\":\"Anould \u2013 Plusieurs m\u00e9dailles pour le Rucher des Hautes-Vosges au Concours G\u00e9n\u00e9ral Agricole 2025 - Saint Die Info\",\"isPartOf\":{\"@id\":\"https:\/\/vosgesinfo.fr\/saintdieinfo\/#website\"},\"primaryImageOfPage\":{\"@id\":\"https:\/\/vosgesinfo.fr\/saintdieinfo\/2025\/02\/anould-plusieurs-medailles-pour-le-rucher-des-hautes-vosges-au-concours-general-agricole-2025\/#primaryimage\"},\"image\":{\"@id\":\"https:\/\/vosgesinfo.fr\/saintdieinfo\/2025\/02\/anould-plusieurs-medailles-pour-le-rucher-des-hautes-vosges-au-concours-general-agricole-2025\/#primaryimage\"},\"thumbnailUrl\":\"https:\/\/vosgesinfo.fr\/app\/uploads\/sites\/4\/2025\/02\/anould-le-rucher-des-hautes-vosges-bertrand-noel-01.jpg\",\"datePublished\":\"2025-02-26T16:03:54+00:00\",\"dateModified\":\"2025-02-26T16:02:01+00:00\",\"breadcrumb\":{\"@id\":\"https:\/\/vosgesinfo.fr\/saintdieinfo\/2025\/02\/anould-plusieurs-medailles-pour-le-rucher-des-hautes-vosges-au-concours-general-agricole-2025\/#breadcrumb\"},\"inLanguage\":\"fr-FR\",\"potentialAction\":[{\"@type\":\"ReadAction\",\"target\":[\"https:\/\/vosgesinfo.fr\/saintdieinfo\/2025\/02\/anould-plusieurs-medailles-pour-le-rucher-des-hautes-vosges-au-concours-general-agricole-2025\/\"]}]},{\"@type\":\"ImageObject\",\"inLanguage\":\"fr-FR\",\"@id\":\"https:\/\/vosgesinfo.fr\/saintdieinfo\/2025\/02\/anould-plusieurs-medailles-pour-le-rucher-des-hautes-vosges-au-concours-general-agricole-2025\/#primaryimage\",\"url\":\"https:\/\/vosgesinfo.fr\/app\/uploads\/sites\/4\/2025\/02\/anould-le-rucher-des-hautes-vosges-bertrand-noel-01.jpg\",\"contentUrl\":\"https:\/\/vosgesinfo.fr\/app\/uploads\/sites\/4\/2025\/02\/anould-le-rucher-des-hautes-vosges-bertrand-noel-01.jpg\",\"width\":750,\"height\":489},{\"@type\":\"BreadcrumbList\",\"@id\":\"https:\/\/vosgesinfo.fr\/saintdieinfo\/2025\/02\/anould-plusieurs-medailles-pour-le-rucher-des-hautes-vosges-au-concours-general-agricole-2025\/#breadcrumb\",\"itemListElement\":[{\"@type\":\"ListItem\",\"position\":1,\"name\":\"Home\",\"item\":\"https:\/\/vosgesinfo.fr\/saintdieinfo\/\"},{\"@type\":\"ListItem\",\"position\":2,\"name\":\"Anould \u2013 Plusieurs m\u00e9dailles pour le Rucher des Hautes-Vosges au Concours G\u00e9n\u00e9ral Agricole 2025\"}]},{\"@type\":\"WebSite\",\"@id\":\"https:\/\/vosgesinfo.fr\/saintdieinfo\/#website\",\"url\":\"https:\/\/vosgesinfo.fr\/saintdieinfo\/\",\"name\":\"Saint Die Info\",\"description\":\"Toute l&#039;actualit\u00e9 de Saint-Di\u00e9-Des-Vosges\",\"publisher\":{\"@id\":\"https:\/\/vosgesinfo.fr\/saintdieinfo\/#organization\"},\"alternateName\":\"Toute l'actualit\u00e9 de Saint-Di\u00e9-Des-Vosges\",\"potentialAction\":[{\"@type\":\"SearchAction\",\"target\":{\"@type\":\"EntryPoint\",\"urlTemplate\":\"https:\/\/vosgesinfo.fr\/saintdieinfo\/?s={search_term_string}\"},\"query-input\":\"required name=search_term_string\"}],\"inLanguage\":\"fr-FR\"},{\"@type\":\"Organization\",\"@id\":\"https:\/\/vosgesinfo.fr\/saintdieinfo\/#organization\",\"name\":\"Saint Die Info\",\"url\":\"https:\/\/vosgesinfo.fr\/saintdieinfo\/\",\"logo\":{\"@type\":\"ImageObject\",\"inLanguage\":\"fr-FR\",\"@id\":\"https:\/\/vosgesinfo.fr\/saintdieinfo\/#\/schema\/logo\/image\/\",\"url\":\"https:\/\/vosgesinfo.fr\/app\/uploads\/sites\/4\/2024\/02\/logo-sdi.jpg\",\"contentUrl\":\"https:\/\/vosgesinfo.fr\/app\/uploads\/sites\/4\/2024\/02\/logo-sdi.jpg\",\"width\":600,\"height\":600,\"caption\":\"Saint Die Info\"},\"image\":{\"@id\":\"https:\/\/vosgesinfo.fr\/saintdieinfo\/#\/schema\/logo\/image\/\"},\"sameAs\":[\"https:\/\/www.facebook.com\/Saintdieinfofr\",\"https:\/\/x.com\/VosgesInfo88\",\"https:\/\/www.youtube.com\/@vosgesinfo\"]},{\"@type\":\"Person\",\"@id\":\"https:\/\/vosgesinfo.fr\/saintdieinfo\/#\/schema\/person\/fa73e9f726d67bb88f46d5b7943cb572\",\"name\":\"J.J.\",\"image\":{\"@type\":\"ImageObject\",\"inLanguage\":\"fr-FR\",\"@id\":\"https:\/\/vosgesinfo.fr\/saintdieinfo\/#\/schema\/person\/image\/\",\"url\":\"https:\/\/secure.gravatar.com\/avatar\/219e749e47ffbcca018a360ae4add7d4cdf1cdaaf8bc7676b27efade3fe65615?s=96&d=mm&r=g\",\"contentUrl\":\"https:\/\/secure.gravatar.com\/avatar\/219e749e47ffbcca018a360ae4add7d4cdf1cdaaf8bc7676b27efade3fe65615?s=96&d=mm&r=g\",\"caption\":\"J.J.\"},\"url\":\"https:\/\/vosgesinfo.fr\/saintdieinfo\/author\/j-j\/\"}]}<\/script>\n<!-- \/ Yoast SEO plugin. -->","yoast_head_json":{"title":"Anould \u2013 Plusieurs m\u00e9dailles pour le Rucher des Hautes-Vosges au Concours G\u00e9n\u00e9ral Agricole 2025 - Saint Die Info","robots":{"index":"index","follow":"follow","max-snippet":"max-snippet:-1","max-image-preview":"max-image-preview:large","max-video-preview":"max-video-preview:-1"},"canonical":"https:\/\/vosgesinfo.fr\/saintdieinfo\/2025\/02\/anould-plusieurs-medailles-pour-le-rucher-des-hautes-vosges-au-concours-general-agricole-2025\/","twitter_card":"summary_large_image","twitter_title":"Anould \u2013 Plusieurs m\u00e9dailles pour le Rucher des Hautes-Vosges au Concours G\u00e9n\u00e9ral Agricole 2025 - Saint Die Info","twitter_description":"Le Rucher des Hautes-Vosges, situ\u00e9 \u00e0 Anould et g\u00e9r\u00e9 par Bertrand No\u00ebl, apiculteur r\u00e9coltant, a obtenu plusieurs m\u00e9dailles au Concours [&hellip;]","twitter_image":"https:\/\/vosgesinfo.fr\/app\/uploads\/sites\/4\/2025\/02\/anould-le-rucher-des-hautes-vosges-bertrand-noel-01.jpg","twitter_creator":"@VosgesInfo88","twitter_site":"@VosgesInfo88","twitter_misc":{"\u00c9crit par":"J.J."},"schema":{"@context":"https:\/\/schema.org","@graph":[{"@type":"Article","@id":"https:\/\/vosgesinfo.fr\/saintdieinfo\/2025\/02\/anould-plusieurs-medailles-pour-le-rucher-des-hautes-vosges-au-concours-general-agricole-2025\/#article","isPartOf":{"@id":"https:\/\/vosgesinfo.fr\/saintdieinfo\/2025\/02\/anould-plusieurs-medailles-pour-le-rucher-des-hautes-vosges-au-concours-general-agricole-2025\/"},"author":{"name":"J.J.","@id":"https:\/\/vosgesinfo.fr\/saintdieinfo\/#\/schema\/person\/fa73e9f726d67bb88f46d5b7943cb572"},"headline":"Anould \u2013 Plusieurs m\u00e9dailles pour le Rucher des Hautes-Vosges au Concours G\u00e9n\u00e9ral Agricole 2025","datePublished":"2025-02-26T16:03:54+00:00","dateModified":"2025-02-26T16:02:01+00:00","mainEntityOfPage":{"@id":"https:\/\/vosgesinfo.fr\/saintdieinfo\/2025\/02\/anould-plusieurs-medailles-pour-le-rucher-des-hautes-vosges-au-concours-general-agricole-2025\/"},"wordCount":106,"commentCount":2,"publisher":{"@id":"https:\/\/vosgesinfo.fr\/saintdieinfo\/#organization"},"image":{"@id":"https:\/\/vosgesinfo.fr\/saintdieinfo\/2025\/02\/anould-plusieurs-medailles-pour-le-rucher-des-hautes-vosges-au-concours-general-agricole-2025\/#primaryimage"},"thumbnailUrl":"https:\/\/vosgesinfo.fr\/app\/uploads\/sites\/4\/2025\/02\/anould-le-rucher-des-hautes-vosges-bertrand-noel-01.jpg","keywords":["Anould","Bertrand No\u00ebl","Concours G\u00e9n\u00e9ral Agricole 2025","Le Rucher des Hautes-Vosges","Salon International de l'Agriculture 2025"],"articleSection":["A la Une","Agriculture","D\u00e9odatie"],"inLanguage":"fr-FR","potentialAction":[{"@type":"CommentAction","name":"Comment","target":["https:\/\/vosgesinfo.fr\/saintdieinfo\/2025\/02\/anould-plusieurs-medailles-pour-le-rucher-des-hautes-vosges-au-concours-general-agricole-2025\/#respond"]}]},{"@type":"WebPage","@id":"https:\/\/vosgesinfo.fr\/saintdieinfo\/2025\/02\/anould-plusieurs-medailles-pour-le-rucher-des-hautes-vosges-au-concours-general-agricole-2025\/","url":"https:\/\/vosgesinfo.fr\/saintdieinfo\/2025\/02\/anould-plusieurs-medailles-pour-le-rucher-des-hautes-vosges-au-concours-general-agricole-2025\/","name":"Anould \u2013 Plusieurs m\u00e9dailles pour le Rucher des Hautes-Vosges au Concours G\u00e9n\u00e9ral Agricole 2025 - Saint Die Info","isPartOf":{"@id":"https:\/\/vosgesinfo.fr\/saintdieinfo\/#website"},"primaryImageOfPage":{"@id":"https:\/\/vosgesinfo.fr\/saintdieinfo\/2025\/02\/anould-plusieurs-medailles-pour-le-rucher-des-hautes-vosges-au-concours-general-agricole-2025\/#primaryimage"},"image":{"@id":"https:\/\/vosgesinfo.fr\/saintdieinfo\/2025\/02\/anould-plusieurs-medailles-pour-le-rucher-des-hautes-vosges-au-concours-general-agricole-2025\/#primaryimage"},"thumbnailUrl":"https:\/\/vosgesinfo.fr\/app\/uploads\/sites\/4\/2025\/02\/anould-le-rucher-des-hautes-vosges-bertrand-noel-01.jpg","datePublished":"2025-02-26T16:03:54+00:00","dateModified":"2025-02-26T16:02:01+00:00","breadcrumb":{"@id":"https:\/\/vosgesinfo.fr\/saintdieinfo\/2025\/02\/anould-plusieurs-medailles-pour-le-rucher-des-hautes-vosges-au-concours-general-agricole-2025\/#breadcrumb"},"inLanguage":"fr-FR","potentialAction":[{"@type":"ReadAction","target":["https:\/\/vosgesinfo.fr\/saintdieinfo\/2025\/02\/anould-plusieurs-medailles-pour-le-rucher-des-hautes-vosges-au-concours-general-agricole-2025\/"]}]},{"@type":"ImageObject","inLanguage":"fr-FR","@id":"https:\/\/vosgesinfo.fr\/saintdieinfo\/2025\/02\/anould-plusieurs-medailles-pour-le-rucher-des-hautes-vosges-au-concours-general-agricole-2025\/#primaryimage","url":"https:\/\/vosgesinfo.fr\/app\/uploads\/sites\/4\/2025\/02\/anould-le-rucher-des-hautes-vosges-bertrand-noel-01.jpg","contentUrl":"https:\/\/vosgesinfo.fr\/app\/uploads\/sites\/4\/2025\/02\/anould-le-rucher-des-hautes-vosges-bertrand-noel-01.jpg","width":750,"height":489},{"@type":"BreadcrumbList","@id":"https:\/\/vosgesinfo.fr\/saintdieinfo\/2025\/02\/anould-plusieurs-medailles-pour-le-rucher-des-hautes-vosges-au-concours-general-agricole-2025\/#breadcrumb","itemListElement":[{"@type":"ListItem","position":1,"name":"Home","item":"https:\/\/vosgesinfo.fr\/saintdieinfo\/"},{"@type":"ListItem","position":2,"name":"Anould \u2013 Plusieurs m\u00e9dailles pour le Rucher des Hautes-Vosges au Concours G\u00e9n\u00e9ral Agricole 2025"}]},{"@type":"WebSite","@id":"https:\/\/vosgesinfo.fr\/saintdieinfo\/#website","url":"https:\/\/vosgesinfo.fr\/saintdieinfo\/","name":"Saint Die Info","description":"Toute l&#039;actualit\u00e9 de Saint-Di\u00e9-Des-Vosges","publisher":{"@id":"https:\/\/vosgesinfo.fr\/saintdieinfo\/#organization"},"alternateName":"Toute l'actualit\u00e9 de Saint-Di\u00e9-Des-Vosges","potentialAction":[{"@type":"SearchAction","target":{"@type":"EntryPoint","urlTemplate":"https:\/\/vosgesinfo.fr\/saintdieinfo\/?s={search_term_string}"},"query-input":"required name=search_term_string"}],"inLanguage":"fr-FR"},{"@type":"Organization","@id":"https:\/\/vosgesinfo.fr\/saintdieinfo\/#organization","name":"Saint Die Info","url":"https:\/\/vosgesinfo.fr\/saintdieinfo\/","logo":{"@type":"ImageObject","inLanguage":"fr-FR","@id":"https:\/\/vosgesinfo.fr\/saintdieinfo\/#\/schema\/logo\/image\/","url":"https:\/\/vosgesinfo.fr\/app\/uploads\/sites\/4\/2024\/02\/logo-sdi.jpg","contentUrl":"https:\/\/vosgesinfo.fr\/app\/uploads\/sites\/4\/2024\/02\/logo-sdi.jpg","width":600,"height":600,"caption":"Saint Die Info"},"image":{"@id":"https:\/\/vosgesinfo.fr\/saintdieinfo\/#\/schema\/logo\/image\/"},"sameAs":["https:\/\/www.facebook.com\/Saintdieinfofr","https:\/\/x.com\/VosgesInfo88","https:\/\/www.youtube.com\/@vosgesinfo"]},{"@type":"Person","@id":"https:\/\/vosgesinfo.fr\/saintdieinfo\/#\/schema\/person\/fa73e9f726d67bb88f46d5b7943cb572","name":"J.J.","image":{"@type":"ImageObject","inLanguage":"fr-FR","@id":"https:\/\/vosgesinfo.fr\/saintdieinfo\/#\/schema\/person\/image\/","url":"https:\/\/secure.gravatar.com\/avatar\/219e749e47ffbcca018a360ae4add7d4cdf1cdaaf8bc7676b27efade3fe65615?s=96&d=mm&r=g","contentUrl":"https:\/\/secure.gravatar.com\/avatar\/219e749e47ffbcca018a360ae4add7d4cdf1cdaaf8bc7676b27efade3fe65615?s=96&d=mm&r=g","caption":"J.J."},"url":"https:\/\/vosgesinfo.fr\/saintdieinfo\/author\/j-j\/"}]}},"_links":{"self":[{"href":"https:\/\/vosgesinfo.fr\/saintdieinfo\/wp-json\/wp\/v2\/posts\/74465","targetHints":{"allow":["GET"]}}],"collection":[{"href":"https:\/\/vosgesinfo.fr\/saintdieinfo\/wp-json\/wp\/v2\/posts"}],"about":[{"href":"https:\/\/vosgesinfo.fr\/saintdieinfo\/wp-json\/wp\/v2\/types\/post"}],"author":[{"embeddable":true,"href":"https:\/\/vosgesinfo.fr\/saintdieinfo\/wp-json\/wp\/v2\/users\/46"}],"replies":[{"embeddable":true,"href":"https:\/\/vosgesinfo.fr\/saintdieinfo\/wp-json\/wp\/v2\/comments?post=74465"}],"version-history":[{"count":2,"href":"https:\/\/vosgesinfo.fr\/saintdieinfo\/wp-json\/wp\/v2\/posts\/74465\/revisions"}],"predecessor-version":[{"id":74479,"href":"https:\/\/vosgesinfo.fr\/saintdieinfo\/wp-json\/wp\/v2\/posts\/74465\/revisions\/74479"}],"wp:featuredmedia":[{"embeddable":true,"href":"https:\/\/vosgesinfo.fr\/saintdieinfo\/wp-json\/wp\/v2\/media\/74477"}],"wp:attachment":[{"href":"https:\/\/vosgesinfo.fr\/saintdieinfo\/wp-json\/wp\/v2\/media?parent=74465"}],"wp:term":[{"taxonomy":"category","embeddable":true,"href":"https:\/\/vosgesinfo.fr\/saintdieinfo\/wp-json\/wp\/v2\/categories?post=74465"},{"taxonomy":"post_tag","embeddable":true,"href":"https:\/\/vosgesinfo.fr\/saintdieinfo\/wp-json\/wp\/v2\/tags?post=74465"}],"curies":[{"name":"wp","href":"https:\/\/api.w.org\/{rel}","templated":true}]}}