{"id":74474,"date":"2025-03-05T07:35:14","date_gmt":"2025-03-05T06:35:14","guid":{"rendered":"https:\/\/vosgesinfo.fr\/saintdieinfo\/?p=74474"},"modified":"2025-03-05T07:35:14","modified_gmt":"2025-03-05T06:35:14","slug":"rupt-sur-moselle-la-141eme-foire-aux-harengs-et-le-22eme-salon-des-vins-et-du-terroir-une-tradition-incontournable","status":"publish","type":"post","link":"https:\/\/vosgesinfo.fr\/saintdieinfo\/2025\/03\/rupt-sur-moselle-la-141eme-foire-aux-harengs-et-le-22eme-salon-des-vins-et-du-terroir-une-tradition-incontournable\/","title":{"rendered":"Rupt-sur-Moselle : La 141\u00e8me Foire aux Harengs et le 22\u00e8me Salon des Vins et du Terroir, une tradition incontournable"},"content":{"rendered":"<div class=\"page\" title=\"Page 1\">\n<div class=\"layoutArea\">\n<div class=\"column\">\n<h2 style=\"text-align: center;\"><strong>Rupt-sur-Moselle : La 141e\u0300me Foire aux Harengs et le 22e\u0300me Salon des Vins et du Terroir, une tradition incontournable<\/strong><\/h2>\n<p>&nbsp;<\/p>\n<p><a href=\"https:\/\/vosgesinfo.fr\/app\/uploads\/sites\/5\/2025\/02\/rupt-foire-harengs-et-salon-vin-terroir-03-2023-37.jpg\"><img decoding=\"async\" class=\"aligncenter size-full wp-image-78986\" src=\"https:\/\/vosgesinfo.fr\/app\/uploads\/sites\/5\/2025\/02\/rupt-foire-harengs-et-salon-vin-terroir-03-2023-37.jpg\" alt=\"\" width=\"2133\" height=\"1548\" \/><\/a><br \/>\nBien loin des co\u0302tes, Rupt-sur-Moselle perpe\u0301tue une tradition se\u0301culaire avec sa ce\u0301le\u0300bre Foire aux Harengs. Chaque anne\u0301e, ce rendez-vous populaire rassemble des milliers de visiteurs. Pour cette 141e e\u0301dition, qui se tiendra les 15 et 16 mars 2025, la fe\u0302te s\u2019annonce plus anime\u0301e que jamais.<\/p>\n<p><strong>Une histoire ancre\u0301e dans les traditions<\/strong><\/p>\n<p>Remontons le temps jusqu\u2019en 1882, anne\u0301e ou\u0300 fut instaure\u0301e la premie\u0300re Foire aux Harengs a\u0300 Rupt-sur-Moselle. A\u0300 l\u2019e\u0301poque, cette manifestation re\u0301pondait a\u0300 un besoin essentiel : pallier la disette hivernale. Les habitants, confronte\u0301s a\u0300 une rarete\u0301 de le\u0301gumes frais et aux restrictions du Care\u0302me, conside\u0301raient le hareng sale\u0301 comme une alternative abordable pour se nourrir.<\/p>\n<p>Achemine\u0301 depuis les co\u0302tes maritime gra\u0302ce a\u0300 sa longue conservation dans le sel, ce poisson devint rapidement une denre\u0301e incontournable.<br \/>\nGra\u0302ce a\u0300 sa position strate\u0301gique entre Remiremont et Bussang, mais e\u0301galement proche de la Haute-Sao\u0302ne, Rupt-sur-Moselle s\u2019imposa naturellement comme un centre de distribution, donnant naissance a\u0300 une foire qui traverse les a\u0302ges sans prendre une ride. Si, autrefois, elle re\u0301pondait a\u0300 une ne\u0301cessite\u0301 alimentaire, elle est aujourd\u2019hui un e\u0301ve\u0301nement festif ou\u0300 se me\u0302lent tradition, convivialite\u0301 et plaisir gustatif.<\/p>\n\n\t\t<style type=\"text\/css\">\n\t\t\t#gallery-1 {\n\t\t\t\tmargin: auto;\n\t\t\t}\n\t\t\t#gallery-1 .gallery-item {\n\t\t\t\tfloat: left;\n\t\t\t\tmargin-top: 10px;\n\t\t\t\ttext-align: center;\n\t\t\t\twidth: 33%;\n\t\t\t}\n\t\t\t#gallery-1 img {\n\t\t\t\tborder: 2px solid #cfcfcf;\n\t\t\t}\n\t\t\t#gallery-1 .gallery-caption {\n\t\t\t\tmargin-left: 0;\n\t\t\t}\n\t\t\t\/* see gallery_shortcode() in wp-includes\/media.php *\/\n\t\t<\/style>\n\t\t<div id='gallery-1' class='gallery galleryid-74474 gallery-columns-3 gallery-size-thumbnail'><dl class='gallery-item'>\n\t\t\t<dt class='gallery-icon landscape'>\n\t\t\t\t<a href='https:\/\/vosgesinfo.fr\/app\/uploads\/sites\/4\/2025\/02\/rupt-foire-harengs-et-salon-vin-terroir-03-2023-25.jpg'><img decoding=\"async\" width=\"150\" height=\"150\" src=\"https:\/\/vosgesinfo.fr\/app\/uploads\/sites\/4\/2025\/02\/rupt-foire-harengs-et-salon-vin-terroir-03-2023-25-150x150.jpg\" class=\"attachment-thumbnail size-thumbnail\" alt=\"\" \/><\/a>\n\t\t\t<\/dt><\/dl><dl class='gallery-item'>\n\t\t\t<dt class='gallery-icon landscape'>\n\t\t\t\t<a href='https:\/\/vosgesinfo.fr\/app\/uploads\/sites\/4\/2025\/02\/rupt-foire-harengs-et-salon-vin-terroir-03-2023-16.jpg'><img decoding=\"async\" width=\"150\" height=\"150\" src=\"https:\/\/vosgesinfo.fr\/app\/uploads\/sites\/4\/2025\/02\/rupt-foire-harengs-et-salon-vin-terroir-03-2023-16-150x150.jpg\" class=\"attachment-thumbnail size-thumbnail\" alt=\"\" \/><\/a>\n\t\t\t<\/dt><\/dl><dl class='gallery-item'>\n\t\t\t<dt class='gallery-icon landscape'>\n\t\t\t\t<a href='https:\/\/vosgesinfo.fr\/app\/uploads\/sites\/4\/2025\/02\/rupt-140eme-foire-aux-harengs-2-.jpg'><img decoding=\"async\" width=\"150\" height=\"150\" src=\"https:\/\/vosgesinfo.fr\/app\/uploads\/sites\/4\/2025\/02\/rupt-140eme-foire-aux-harengs-2--150x150.jpg\" class=\"attachment-thumbnail size-thumbnail\" alt=\"\" \/><\/a>\n\t\t\t<\/dt><\/dl><br style=\"clear: both\" \/>\n\t\t<\/div>\n\n<\/div>\n<\/div>\n<\/div>\n<div class=\"page\" title=\"Page 2\">\n<div class=\"layoutArea\">\n<div class=\"column\">\n<p><strong>Une braderie et des animations pour tous<\/strong><\/p>\n<p>Cette anne\u0301e encore, la Foire aux Harengs re\u0301serve de belles surprises aux visiteurs le samedi 15 mars 2025 :<\/p>\n<p>\u2022 <strong>Grande braderie :<\/strong> les rues du centre-ville accueilleront une multitude de camelots proposant divers produits, de l\u2019artisanat aux ve\u0302tements en passant par les spe\u0301cialite\u0301s locales.<\/p>\n<p>\u2022 <strong>Fe\u0302te foraine :<\/strong> attractions pour petits et grands garantiront des moments de divertissement.<\/p>\n<p>\u2022 <strong>Vente de harengs frais :<\/strong> l\u2019incontournable star de l\u2019e\u0301ve\u0301nement sera a\u0300 l\u2019honneur avec des stands proposant du hareng frais ou en salade.<\/p>\n<p>\u2022 <strong>Restauration et buvettes :<\/strong> de nombreux stands offriront une pause gourmande au c\u0153ur de la fe\u0302te.<\/p>\n<p>\u2022 <strong>Animations musicales et spectacles :<\/strong> orchestres de rue, artistes en de\u0301ambulation, de\u0301monstrations de vieux me\u0301tiers (forgeron, re\u0301mouleur, sciage de long,&#8230;), orgue de barbarie et spectacle clownesque viendront animer la foire.<\/p>\n\n\t\t<style type=\"text\/css\">\n\t\t\t#gallery-2 {\n\t\t\t\tmargin: auto;\n\t\t\t}\n\t\t\t#gallery-2 .gallery-item {\n\t\t\t\tfloat: left;\n\t\t\t\tmargin-top: 10px;\n\t\t\t\ttext-align: center;\n\t\t\t\twidth: 33%;\n\t\t\t}\n\t\t\t#gallery-2 img {\n\t\t\t\tborder: 2px solid #cfcfcf;\n\t\t\t}\n\t\t\t#gallery-2 .gallery-caption {\n\t\t\t\tmargin-left: 0;\n\t\t\t}\n\t\t\t\/* see gallery_shortcode() in wp-includes\/media.php *\/\n\t\t<\/style>\n\t\t<div id='gallery-2' class='gallery galleryid-74474 gallery-columns-3 gallery-size-thumbnail'><dl class='gallery-item'>\n\t\t\t<dt class='gallery-icon landscape'>\n\t\t\t\t<a href='https:\/\/vosgesinfo.fr\/app\/uploads\/sites\/4\/2025\/02\/img-8257-scaled-1.jpg'><img decoding=\"async\" width=\"150\" height=\"150\" src=\"https:\/\/vosgesinfo.fr\/app\/uploads\/sites\/4\/2025\/02\/img-8257-scaled-1-150x150.jpg\" class=\"attachment-thumbnail size-thumbnail\" alt=\"\" \/><\/a>\n\t\t\t<\/dt><\/dl><dl class='gallery-item'>\n\t\t\t<dt class='gallery-icon landscape'>\n\t\t\t\t<a href='https:\/\/vosgesinfo.fr\/app\/uploads\/sites\/4\/2025\/02\/img-8253-scaled-1.jpg'><img decoding=\"async\" width=\"150\" height=\"150\" src=\"https:\/\/vosgesinfo.fr\/app\/uploads\/sites\/4\/2025\/02\/img-8253-scaled-1-150x150.jpg\" class=\"attachment-thumbnail size-thumbnail\" alt=\"\" \/><\/a>\n\t\t\t<\/dt><\/dl><dl class='gallery-item'>\n\t\t\t<dt class='gallery-icon landscape'>\n\t\t\t\t<a href='https:\/\/vosgesinfo.fr\/app\/uploads\/sites\/4\/2025\/02\/img-0827-scaled-1.jpg'><img decoding=\"async\" width=\"150\" height=\"150\" src=\"https:\/\/vosgesinfo.fr\/app\/uploads\/sites\/4\/2025\/02\/img-0827-scaled-1-150x150.jpg\" class=\"attachment-thumbnail size-thumbnail\" alt=\"\" \/><\/a>\n\t\t\t<\/dt><\/dl><br style=\"clear: both\" \/>\n\t\t<\/div>\n\n<p>Les festivite\u0301s incluront e\u0301galement un repas convivial, le samedi 15 mars, organise\u0301 par le CAHM, ou\u0300 les gourmands pourront savourer un menu autour de la carpe frite ou du jambon braise\u0301 (25\u20ac, sur re\u0301servation au 06 32 38 62 24 \/ 06 61 42 54 98).<\/p>\n<p>&nbsp;<\/p>\n<\/div>\n<\/div>\n<\/div>\n<div class=\"page\" title=\"Page 3\">\n<div class=\"layoutArea\">\n<div class=\"column\">\n<h3>Le 22e\u0300me Salon des Vins et du Terroir : une explosion de saveurs<\/h3>\n<\/div>\n<p><a href=\"https:\/\/vosgesinfo.fr\/app\/uploads\/sites\/5\/2025\/02\/rupt-140eme-foire-aux-harengs-5-.jpg\"><img decoding=\"async\" class=\"alignright size-full wp-image-78989\" src=\"https:\/\/vosgesinfo.fr\/app\/uploads\/sites\/5\/2025\/02\/rupt-140eme-foire-aux-harengs-5-.jpg\" alt=\"\" width=\"1610\" height=\"1031\" \/><\/a><\/p>\n<div class=\"column\">\n<p>En paralle\u0300le de la foire, le gymnase municipal accueillera le <strong>22e\u0300me Salon des Vins et du Terroir<\/strong>, un e\u0301ve\u0301nement attendu par tous les amateurs de bonne chair. Plus de 40 exposants venus des quatre coins de la France proposeront leurs meilleurs crus et produits du terroir.<\/p>\n<p>Horaires du salon :<\/p>\n<ul>\n<li><strong>Samedi 15 mars :<\/strong> de 09h30 a\u0300 20h00<\/li>\n<li><strong>Dimanche 16 mars :<\/strong> de 10h00 a\u0300 18h00\n<p>L\u2019entre\u0301e est fixe\u0301e a\u0300 3\u20ac, avec un verre de de\u0301gustation offert, permettant aux visiteurs de gou\u0302ter des vins et de de\u0301couvrir les richesses gastronomiques des re\u0301gions franc\u0327aises.<\/li>\n<\/ul>\n\n\t\t<style type=\"text\/css\">\n\t\t\t#gallery-3 {\n\t\t\t\tmargin: auto;\n\t\t\t}\n\t\t\t#gallery-3 .gallery-item {\n\t\t\t\tfloat: left;\n\t\t\t\tmargin-top: 10px;\n\t\t\t\ttext-align: center;\n\t\t\t\twidth: 33%;\n\t\t\t}\n\t\t\t#gallery-3 img {\n\t\t\t\tborder: 2px solid #cfcfcf;\n\t\t\t}\n\t\t\t#gallery-3 .gallery-caption {\n\t\t\t\tmargin-left: 0;\n\t\t\t}\n\t\t\t\/* see gallery_shortcode() in wp-includes\/media.php *\/\n\t\t<\/style>\n\t\t<div id='gallery-3' class='gallery galleryid-74474 gallery-columns-3 gallery-size-thumbnail'><dl class='gallery-item'>\n\t\t\t<dt class='gallery-icon landscape'>\n\t\t\t\t<a href='https:\/\/vosgesinfo.fr\/app\/uploads\/sites\/4\/2025\/02\/rupt-140eme-foire-aux-harengs-4-.jpg'><img decoding=\"async\" width=\"150\" height=\"150\" src=\"https:\/\/vosgesinfo.fr\/app\/uploads\/sites\/4\/2025\/02\/rupt-140eme-foire-aux-harengs-4--150x150.jpg\" class=\"attachment-thumbnail size-thumbnail\" alt=\"\" \/><\/a>\n\t\t\t<\/dt><\/dl><dl class='gallery-item'>\n\t\t\t<dt class='gallery-icon landscape'>\n\t\t\t\t<a href='https:\/\/vosgesinfo.fr\/app\/uploads\/sites\/4\/2025\/02\/rupt-140eme-foire-aux-harengs-7-.jpg'><img decoding=\"async\" width=\"150\" height=\"150\" src=\"https:\/\/vosgesinfo.fr\/app\/uploads\/sites\/4\/2025\/02\/rupt-140eme-foire-aux-harengs-7--150x150.jpg\" class=\"attachment-thumbnail size-thumbnail\" alt=\"\" \/><\/a>\n\t\t\t<\/dt><\/dl>\n\t\t\t<br style='clear: both' \/>\n\t\t<\/div>\n\n<h3><strong>Un week-end festif a\u0300 ne pas manquer<\/strong><\/h3>\n<p>Que vous soyez amateur de traditions, curieux de de\u0301couvrir des saveurs authentiques ou simplement en que\u0302te d\u2019une sortie conviviale, <strong>la 141e\u0300me Foire aux Harengs et le22e\u0300me Salon des Vins et du Terroir<\/strong> sauront vous se\u0301duire. Rendez-vous a\u0300 Rupt-sur-Moselle les <strong>15 et 16 mars 2025<\/strong> pour un week-end de fe\u0302te.<\/p>\n<p><a href=\"https:\/\/vosgesinfo.fr\/app\/uploads\/sites\/5\/2025\/02\/affiche-foire-2025-impression-page-0001-scaled.jpg\"><img decoding=\"async\" class=\"alignright size-full wp-image-78992\" src=\"https:\/\/vosgesinfo.fr\/app\/uploads\/sites\/5\/2025\/02\/affiche-foire-2025-impression-page-0001-scaled.jpg\" alt=\"\" width=\"1810\" height=\"2560\" \/><\/a><\/p>\n<\/div>\n<\/div>\n<p>&nbsp;<\/p>\n<\/div>\n","protected":false},"excerpt":{"rendered":"<p>Rupt-sur-Moselle : La 141e\u0300me Foire aux Harengs et le 22e\u0300me Salon des Vins et du Terroir, une tradition incontournable &nbsp; [&hellip;]<\/p>\n","protected":false},"author":391,"featured_media":74475,"comment_status":"open","ping_status":"open","sticky":false,"template":"","format":"standard","meta":{"footnotes":""},"categories":[460,5392,5391,5389,4099,4100],"tags":[16335,8792],"class_list":["post-74474","post","type-post","status-publish","format-standard","has-post-thumbnail","hentry","category-a-la-une","category-epinal","category-gerardmer","category-la-plaine-des-vosges","category-remiremont","category-saint-die","tag-foire-aux-harengs","tag-rupt-sur-moselle"],"acf":[],"yoast_head":"<!-- This site is optimized with the Yoast SEO plugin v22.5 - https:\/\/yoast.com\/wordpress\/plugins\/seo\/ -->\n<title>Rupt-sur-Moselle : La 141\u00e8me Foire aux Harengs et le 22\u00e8me Salon des Vins et du Terroir, une tradition incontournable - Saint Die Info<\/title>\n<meta name=\"robots\" content=\"index, follow, max-snippet:-1, max-image-preview:large, max-video-preview:-1\" \/>\n<link rel=\"canonical\" href=\"https:\/\/vosgesinfo.fr\/saintdieinfo\/2025\/03\/rupt-sur-moselle-la-141eme-foire-aux-harengs-et-le-22eme-salon-des-vins-et-du-terroir-une-tradition-incontournable\/\" \/>\n<meta name=\"twitter:card\" content=\"summary_large_image\" \/>\n<meta name=\"twitter:title\" content=\"Rupt-sur-Moselle : La 141\u00e8me Foire aux Harengs et le 22\u00e8me Salon des Vins et du Terroir, une tradition incontournable - Saint Die Info\" \/>\n<meta name=\"twitter:description\" content=\"Rupt-sur-Moselle : La 141e\u0300me Foire aux Harengs et le 22e\u0300me Salon des Vins et du Terroir, une tradition incontournable &nbsp; [&hellip;]\" \/>\n<meta name=\"twitter:image\" content=\"https:\/\/vosgesinfo.fr\/app\/uploads\/sites\/4\/2025\/02\/rupt-foire-harengs-et-salon-vin-terroir-03-2023-37.jpg\" \/>\n<meta name=\"twitter:creator\" content=\"@VosgesInfo88\" \/>\n<meta name=\"twitter:site\" content=\"@VosgesInfo88\" \/>\n<meta name=\"twitter:label1\" content=\"\u00c9crit par\" \/>\n\t<meta name=\"twitter:data1\" content=\"La redaction\" \/>\n\t<meta name=\"twitter:label2\" content=\"Dur\u00e9e de lecture estim\u00e9e\" \/>\n\t<meta name=\"twitter:data2\" content=\"3 minutes\" \/>\n<script type=\"application\/ld+json\" class=\"yoast-schema-graph\">{\"@context\":\"https:\/\/schema.org\",\"@graph\":[{\"@type\":\"Article\",\"@id\":\"https:\/\/vosgesinfo.fr\/saintdieinfo\/2025\/03\/rupt-sur-moselle-la-141eme-foire-aux-harengs-et-le-22eme-salon-des-vins-et-du-terroir-une-tradition-incontournable\/#article\",\"isPartOf\":{\"@id\":\"https:\/\/vosgesinfo.fr\/saintdieinfo\/2025\/03\/rupt-sur-moselle-la-141eme-foire-aux-harengs-et-le-22eme-salon-des-vins-et-du-terroir-une-tradition-incontournable\/\"},\"author\":{\"name\":\"La redaction\",\"@id\":\"https:\/\/vosgesinfo.fr\/saintdieinfo\/#\/schema\/person\/27a3695b06db98895b354c0765cdfc31\"},\"headline\":\"Rupt-sur-Moselle : La 141\u00e8me Foire aux Harengs et le 22\u00e8me Salon des Vins et du Terroir, une tradition incontournable\",\"datePublished\":\"2025-03-05T06:35:14+00:00\",\"dateModified\":\"2025-03-05T06:35:14+00:00\",\"mainEntityOfPage\":{\"@id\":\"https:\/\/vosgesinfo.fr\/saintdieinfo\/2025\/03\/rupt-sur-moselle-la-141eme-foire-aux-harengs-et-le-22eme-salon-des-vins-et-du-terroir-une-tradition-incontournable\/\"},\"wordCount\":619,\"commentCount\":0,\"publisher\":{\"@id\":\"https:\/\/vosgesinfo.fr\/saintdieinfo\/#organization\"},\"image\":{\"@id\":\"https:\/\/vosgesinfo.fr\/saintdieinfo\/2025\/03\/rupt-sur-moselle-la-141eme-foire-aux-harengs-et-le-22eme-salon-des-vins-et-du-terroir-une-tradition-incontournable\/#primaryimage\"},\"thumbnailUrl\":\"https:\/\/vosgesinfo.fr\/app\/uploads\/sites\/4\/2025\/02\/rupt-foire-harengs-et-salon-vin-terroir-03-2023-37.jpg\",\"keywords\":[\"foire aux harengs\",\"Rupt-sur-Moselle\"],\"articleSection\":[\"A la Une\",\"Epinal\",\"Gerardmer\",\"La plaine des vosges\",\"Remiremont\",\"Saint-di\u00e9\"],\"inLanguage\":\"fr-FR\",\"potentialAction\":[{\"@type\":\"CommentAction\",\"name\":\"Comment\",\"target\":[\"https:\/\/vosgesinfo.fr\/saintdieinfo\/2025\/03\/rupt-sur-moselle-la-141eme-foire-aux-harengs-et-le-22eme-salon-des-vins-et-du-terroir-une-tradition-incontournable\/#respond\"]}]},{\"@type\":\"WebPage\",\"@id\":\"https:\/\/vosgesinfo.fr\/saintdieinfo\/2025\/03\/rupt-sur-moselle-la-141eme-foire-aux-harengs-et-le-22eme-salon-des-vins-et-du-terroir-une-tradition-incontournable\/\",\"url\":\"https:\/\/vosgesinfo.fr\/saintdieinfo\/2025\/03\/rupt-sur-moselle-la-141eme-foire-aux-harengs-et-le-22eme-salon-des-vins-et-du-terroir-une-tradition-incontournable\/\",\"name\":\"Rupt-sur-Moselle : La 141\u00e8me Foire aux Harengs et le 22\u00e8me Salon des Vins et du Terroir, une tradition incontournable - Saint Die Info\",\"isPartOf\":{\"@id\":\"https:\/\/vosgesinfo.fr\/saintdieinfo\/#website\"},\"primaryImageOfPage\":{\"@id\":\"https:\/\/vosgesinfo.fr\/saintdieinfo\/2025\/03\/rupt-sur-moselle-la-141eme-foire-aux-harengs-et-le-22eme-salon-des-vins-et-du-terroir-une-tradition-incontournable\/#primaryimage\"},\"image\":{\"@id\":\"https:\/\/vosgesinfo.fr\/saintdieinfo\/2025\/03\/rupt-sur-moselle-la-141eme-foire-aux-harengs-et-le-22eme-salon-des-vins-et-du-terroir-une-tradition-incontournable\/#primaryimage\"},\"thumbnailUrl\":\"https:\/\/vosgesinfo.fr\/app\/uploads\/sites\/4\/2025\/02\/rupt-foire-harengs-et-salon-vin-terroir-03-2023-37.jpg\",\"datePublished\":\"2025-03-05T06:35:14+00:00\",\"dateModified\":\"2025-03-05T06:35:14+00:00\",\"breadcrumb\":{\"@id\":\"https:\/\/vosgesinfo.fr\/saintdieinfo\/2025\/03\/rupt-sur-moselle-la-141eme-foire-aux-harengs-et-le-22eme-salon-des-vins-et-du-terroir-une-tradition-incontournable\/#breadcrumb\"},\"inLanguage\":\"fr-FR\",\"potentialAction\":[{\"@type\":\"ReadAction\",\"target\":[\"https:\/\/vosgesinfo.fr\/saintdieinfo\/2025\/03\/rupt-sur-moselle-la-141eme-foire-aux-harengs-et-le-22eme-salon-des-vins-et-du-terroir-une-tradition-incontournable\/\"]}]},{\"@type\":\"ImageObject\",\"inLanguage\":\"fr-FR\",\"@id\":\"https:\/\/vosgesinfo.fr\/saintdieinfo\/2025\/03\/rupt-sur-moselle-la-141eme-foire-aux-harengs-et-le-22eme-salon-des-vins-et-du-terroir-une-tradition-incontournable\/#primaryimage\",\"url\":\"https:\/\/vosgesinfo.fr\/app\/uploads\/sites\/4\/2025\/02\/rupt-foire-harengs-et-salon-vin-terroir-03-2023-37.jpg\",\"contentUrl\":\"https:\/\/vosgesinfo.fr\/app\/uploads\/sites\/4\/2025\/02\/rupt-foire-harengs-et-salon-vin-terroir-03-2023-37.jpg\",\"width\":2133,\"height\":1548},{\"@type\":\"BreadcrumbList\",\"@id\":\"https:\/\/vosgesinfo.fr\/saintdieinfo\/2025\/03\/rupt-sur-moselle-la-141eme-foire-aux-harengs-et-le-22eme-salon-des-vins-et-du-terroir-une-tradition-incontournable\/#breadcrumb\",\"itemListElement\":[{\"@type\":\"ListItem\",\"position\":1,\"name\":\"Home\",\"item\":\"https:\/\/vosgesinfo.fr\/saintdieinfo\/\"},{\"@type\":\"ListItem\",\"position\":2,\"name\":\"Rupt-sur-Moselle : La 141\u00e8me Foire aux Harengs et le 22\u00e8me Salon des Vins et du Terroir, une tradition incontournable\"}]},{\"@type\":\"WebSite\",\"@id\":\"https:\/\/vosgesinfo.fr\/saintdieinfo\/#website\",\"url\":\"https:\/\/vosgesinfo.fr\/saintdieinfo\/\",\"name\":\"Saint Die Info\",\"description\":\"Toute l&#039;actualit\u00e9 de Saint-Di\u00e9-Des-Vosges\",\"publisher\":{\"@id\":\"https:\/\/vosgesinfo.fr\/saintdieinfo\/#organization\"},\"alternateName\":\"Toute l'actualit\u00e9 de Saint-Di\u00e9-Des-Vosges\",\"potentialAction\":[{\"@type\":\"SearchAction\",\"target\":{\"@type\":\"EntryPoint\",\"urlTemplate\":\"https:\/\/vosgesinfo.fr\/saintdieinfo\/?s={search_term_string}\"},\"query-input\":\"required name=search_term_string\"}],\"inLanguage\":\"fr-FR\"},{\"@type\":\"Organization\",\"@id\":\"https:\/\/vosgesinfo.fr\/saintdieinfo\/#organization\",\"name\":\"Saint Die Info\",\"url\":\"https:\/\/vosgesinfo.fr\/saintdieinfo\/\",\"logo\":{\"@type\":\"ImageObject\",\"inLanguage\":\"fr-FR\",\"@id\":\"https:\/\/vosgesinfo.fr\/saintdieinfo\/#\/schema\/logo\/image\/\",\"url\":\"https:\/\/vosgesinfo.fr\/app\/uploads\/sites\/4\/2024\/02\/logo-sdi.jpg\",\"contentUrl\":\"https:\/\/vosgesinfo.fr\/app\/uploads\/sites\/4\/2024\/02\/logo-sdi.jpg\",\"width\":600,\"height\":600,\"caption\":\"Saint Die Info\"},\"image\":{\"@id\":\"https:\/\/vosgesinfo.fr\/saintdieinfo\/#\/schema\/logo\/image\/\"},\"sameAs\":[\"https:\/\/www.facebook.com\/Saintdieinfofr\",\"https:\/\/x.com\/VosgesInfo88\",\"https:\/\/www.youtube.com\/@vosgesinfo\"]},{\"@type\":\"Person\",\"@id\":\"https:\/\/vosgesinfo.fr\/saintdieinfo\/#\/schema\/person\/27a3695b06db98895b354c0765cdfc31\",\"name\":\"La redaction\",\"image\":{\"@type\":\"ImageObject\",\"inLanguage\":\"fr-FR\",\"@id\":\"https:\/\/vosgesinfo.fr\/saintdieinfo\/#\/schema\/person\/image\/\",\"url\":\"https:\/\/secure.gravatar.com\/avatar\/64c76a78e501cedee55736f43f332df901e1896ae9cd8fad269ae2236dd0e8b6?s=96&d=mm&r=g\",\"contentUrl\":\"https:\/\/secure.gravatar.com\/avatar\/64c76a78e501cedee55736f43f332df901e1896ae9cd8fad269ae2236dd0e8b6?s=96&d=mm&r=g\",\"caption\":\"La redaction\"},\"url\":\"https:\/\/vosgesinfo.fr\/saintdieinfo\/author\/la-redaction\/\"}]}<\/script>\n<!-- \/ Yoast SEO plugin. -->","yoast_head_json":{"title":"Rupt-sur-Moselle : La 141\u00e8me Foire aux Harengs et le 22\u00e8me Salon des Vins et du Terroir, une tradition incontournable - Saint Die Info","robots":{"index":"index","follow":"follow","max-snippet":"max-snippet:-1","max-image-preview":"max-image-preview:large","max-video-preview":"max-video-preview:-1"},"canonical":"https:\/\/vosgesinfo.fr\/saintdieinfo\/2025\/03\/rupt-sur-moselle-la-141eme-foire-aux-harengs-et-le-22eme-salon-des-vins-et-du-terroir-une-tradition-incontournable\/","twitter_card":"summary_large_image","twitter_title":"Rupt-sur-Moselle : La 141\u00e8me Foire aux Harengs et le 22\u00e8me Salon des Vins et du Terroir, une tradition incontournable - Saint Die Info","twitter_description":"Rupt-sur-Moselle : La 141e\u0300me Foire aux Harengs et le 22e\u0300me Salon des Vins et du Terroir, une tradition incontournable &nbsp; [&hellip;]","twitter_image":"https:\/\/vosgesinfo.fr\/app\/uploads\/sites\/4\/2025\/02\/rupt-foire-harengs-et-salon-vin-terroir-03-2023-37.jpg","twitter_creator":"@VosgesInfo88","twitter_site":"@VosgesInfo88","twitter_misc":{"\u00c9crit par":"La redaction","Dur\u00e9e de lecture estim\u00e9e":"3 minutes"},"schema":{"@context":"https:\/\/schema.org","@graph":[{"@type":"Article","@id":"https:\/\/vosgesinfo.fr\/saintdieinfo\/2025\/03\/rupt-sur-moselle-la-141eme-foire-aux-harengs-et-le-22eme-salon-des-vins-et-du-terroir-une-tradition-incontournable\/#article","isPartOf":{"@id":"https:\/\/vosgesinfo.fr\/saintdieinfo\/2025\/03\/rupt-sur-moselle-la-141eme-foire-aux-harengs-et-le-22eme-salon-des-vins-et-du-terroir-une-tradition-incontournable\/"},"author":{"name":"La redaction","@id":"https:\/\/vosgesinfo.fr\/saintdieinfo\/#\/schema\/person\/27a3695b06db98895b354c0765cdfc31"},"headline":"Rupt-sur-Moselle : La 141\u00e8me Foire aux Harengs et le 22\u00e8me Salon des Vins et du Terroir, une tradition incontournable","datePublished":"2025-03-05T06:35:14+00:00","dateModified":"2025-03-05T06:35:14+00:00","mainEntityOfPage":{"@id":"https:\/\/vosgesinfo.fr\/saintdieinfo\/2025\/03\/rupt-sur-moselle-la-141eme-foire-aux-harengs-et-le-22eme-salon-des-vins-et-du-terroir-une-tradition-incontournable\/"},"wordCount":619,"commentCount":0,"publisher":{"@id":"https:\/\/vosgesinfo.fr\/saintdieinfo\/#organization"},"image":{"@id":"https:\/\/vosgesinfo.fr\/saintdieinfo\/2025\/03\/rupt-sur-moselle-la-141eme-foire-aux-harengs-et-le-22eme-salon-des-vins-et-du-terroir-une-tradition-incontournable\/#primaryimage"},"thumbnailUrl":"https:\/\/vosgesinfo.fr\/app\/uploads\/sites\/4\/2025\/02\/rupt-foire-harengs-et-salon-vin-terroir-03-2023-37.jpg","keywords":["foire aux harengs","Rupt-sur-Moselle"],"articleSection":["A la Une","Epinal","Gerardmer","La plaine des vosges","Remiremont","Saint-di\u00e9"],"inLanguage":"fr-FR","potentialAction":[{"@type":"CommentAction","name":"Comment","target":["https:\/\/vosgesinfo.fr\/saintdieinfo\/2025\/03\/rupt-sur-moselle-la-141eme-foire-aux-harengs-et-le-22eme-salon-des-vins-et-du-terroir-une-tradition-incontournable\/#respond"]}]},{"@type":"WebPage","@id":"https:\/\/vosgesinfo.fr\/saintdieinfo\/2025\/03\/rupt-sur-moselle-la-141eme-foire-aux-harengs-et-le-22eme-salon-des-vins-et-du-terroir-une-tradition-incontournable\/","url":"https:\/\/vosgesinfo.fr\/saintdieinfo\/2025\/03\/rupt-sur-moselle-la-141eme-foire-aux-harengs-et-le-22eme-salon-des-vins-et-du-terroir-une-tradition-incontournable\/","name":"Rupt-sur-Moselle : La 141\u00e8me Foire aux Harengs et le 22\u00e8me Salon des Vins et du Terroir, une tradition incontournable - Saint Die Info","isPartOf":{"@id":"https:\/\/vosgesinfo.fr\/saintdieinfo\/#website"},"primaryImageOfPage":{"@id":"https:\/\/vosgesinfo.fr\/saintdieinfo\/2025\/03\/rupt-sur-moselle-la-141eme-foire-aux-harengs-et-le-22eme-salon-des-vins-et-du-terroir-une-tradition-incontournable\/#primaryimage"},"image":{"@id":"https:\/\/vosgesinfo.fr\/saintdieinfo\/2025\/03\/rupt-sur-moselle-la-141eme-foire-aux-harengs-et-le-22eme-salon-des-vins-et-du-terroir-une-tradition-incontournable\/#primaryimage"},"thumbnailUrl":"https:\/\/vosgesinfo.fr\/app\/uploads\/sites\/4\/2025\/02\/rupt-foire-harengs-et-salon-vin-terroir-03-2023-37.jpg","datePublished":"2025-03-05T06:35:14+00:00","dateModified":"2025-03-05T06:35:14+00:00","breadcrumb":{"@id":"https:\/\/vosgesinfo.fr\/saintdieinfo\/2025\/03\/rupt-sur-moselle-la-141eme-foire-aux-harengs-et-le-22eme-salon-des-vins-et-du-terroir-une-tradition-incontournable\/#breadcrumb"},"inLanguage":"fr-FR","potentialAction":[{"@type":"ReadAction","target":["https:\/\/vosgesinfo.fr\/saintdieinfo\/2025\/03\/rupt-sur-moselle-la-141eme-foire-aux-harengs-et-le-22eme-salon-des-vins-et-du-terroir-une-tradition-incontournable\/"]}]},{"@type":"ImageObject","inLanguage":"fr-FR","@id":"https:\/\/vosgesinfo.fr\/saintdieinfo\/2025\/03\/rupt-sur-moselle-la-141eme-foire-aux-harengs-et-le-22eme-salon-des-vins-et-du-terroir-une-tradition-incontournable\/#primaryimage","url":"https:\/\/vosgesinfo.fr\/app\/uploads\/sites\/4\/2025\/02\/rupt-foire-harengs-et-salon-vin-terroir-03-2023-37.jpg","contentUrl":"https:\/\/vosgesinfo.fr\/app\/uploads\/sites\/4\/2025\/02\/rupt-foire-harengs-et-salon-vin-terroir-03-2023-37.jpg","width":2133,"height":1548},{"@type":"BreadcrumbList","@id":"https:\/\/vosgesinfo.fr\/saintdieinfo\/2025\/03\/rupt-sur-moselle-la-141eme-foire-aux-harengs-et-le-22eme-salon-des-vins-et-du-terroir-une-tradition-incontournable\/#breadcrumb","itemListElement":[{"@type":"ListItem","position":1,"name":"Home","item":"https:\/\/vosgesinfo.fr\/saintdieinfo\/"},{"@type":"ListItem","position":2,"name":"Rupt-sur-Moselle : La 141\u00e8me Foire aux Harengs et le 22\u00e8me Salon des Vins et du Terroir, une tradition incontournable"}]},{"@type":"WebSite","@id":"https:\/\/vosgesinfo.fr\/saintdieinfo\/#website","url":"https:\/\/vosgesinfo.fr\/saintdieinfo\/","name":"Saint Die Info","description":"Toute l&#039;actualit\u00e9 de Saint-Di\u00e9-Des-Vosges","publisher":{"@id":"https:\/\/vosgesinfo.fr\/saintdieinfo\/#organization"},"alternateName":"Toute l'actualit\u00e9 de Saint-Di\u00e9-Des-Vosges","potentialAction":[{"@type":"SearchAction","target":{"@type":"EntryPoint","urlTemplate":"https:\/\/vosgesinfo.fr\/saintdieinfo\/?s={search_term_string}"},"query-input":"required name=search_term_string"}],"inLanguage":"fr-FR"},{"@type":"Organization","@id":"https:\/\/vosgesinfo.fr\/saintdieinfo\/#organization","name":"Saint Die Info","url":"https:\/\/vosgesinfo.fr\/saintdieinfo\/","logo":{"@type":"ImageObject","inLanguage":"fr-FR","@id":"https:\/\/vosgesinfo.fr\/saintdieinfo\/#\/schema\/logo\/image\/","url":"https:\/\/vosgesinfo.fr\/app\/uploads\/sites\/4\/2024\/02\/logo-sdi.jpg","contentUrl":"https:\/\/vosgesinfo.fr\/app\/uploads\/sites\/4\/2024\/02\/logo-sdi.jpg","width":600,"height":600,"caption":"Saint Die Info"},"image":{"@id":"https:\/\/vosgesinfo.fr\/saintdieinfo\/#\/schema\/logo\/image\/"},"sameAs":["https:\/\/www.facebook.com\/Saintdieinfofr","https:\/\/x.com\/VosgesInfo88","https:\/\/www.youtube.com\/@vosgesinfo"]},{"@type":"Person","@id":"https:\/\/vosgesinfo.fr\/saintdieinfo\/#\/schema\/person\/27a3695b06db98895b354c0765cdfc31","name":"La redaction","image":{"@type":"ImageObject","inLanguage":"fr-FR","@id":"https:\/\/vosgesinfo.fr\/saintdieinfo\/#\/schema\/person\/image\/","url":"https:\/\/secure.gravatar.com\/avatar\/64c76a78e501cedee55736f43f332df901e1896ae9cd8fad269ae2236dd0e8b6?s=96&d=mm&r=g","contentUrl":"https:\/\/secure.gravatar.com\/avatar\/64c76a78e501cedee55736f43f332df901e1896ae9cd8fad269ae2236dd0e8b6?s=96&d=mm&r=g","caption":"La redaction"},"url":"https:\/\/vosgesinfo.fr\/saintdieinfo\/author\/la-redaction\/"}]}},"_links":{"self":[{"href":"https:\/\/vosgesinfo.fr\/saintdieinfo\/wp-json\/wp\/v2\/posts\/74474","targetHints":{"allow":["GET"]}}],"collection":[{"href":"https:\/\/vosgesinfo.fr\/saintdieinfo\/wp-json\/wp\/v2\/posts"}],"about":[{"href":"https:\/\/vosgesinfo.fr\/saintdieinfo\/wp-json\/wp\/v2\/types\/post"}],"author":[{"embeddable":true,"href":"https:\/\/vosgesinfo.fr\/saintdieinfo\/wp-json\/wp\/v2\/users\/391"}],"replies":[{"embeddable":true,"href":"https:\/\/vosgesinfo.fr\/saintdieinfo\/wp-json\/wp\/v2\/comments?post=74474"}],"version-history":[{"count":0,"href":"https:\/\/vosgesinfo.fr\/saintdieinfo\/wp-json\/wp\/v2\/posts\/74474\/revisions"}],"wp:featuredmedia":[{"embeddable":true,"href":"https:\/\/vosgesinfo.fr\/saintdieinfo\/wp-json\/wp\/v2\/media\/74475"}],"wp:attachment":[{"href":"https:\/\/vosgesinfo.fr\/saintdieinfo\/wp-json\/wp\/v2\/media?parent=74474"}],"wp:term":[{"taxonomy":"category","embeddable":true,"href":"https:\/\/vosgesinfo.fr\/saintdieinfo\/wp-json\/wp\/v2\/categories?post=74474"},{"taxonomy":"post_tag","embeddable":true,"href":"https:\/\/vosgesinfo.fr\/saintdieinfo\/wp-json\/wp\/v2\/tags?post=74474"}],"curies":[{"name":"wp","href":"https:\/\/api.w.org\/{rel}","templated":true}]}}