{"id":74520,"date":"2025-02-27T12:26:10","date_gmt":"2025-02-27T11:26:10","guid":{"rendered":"https:\/\/vosgesinfo.fr\/saintdieinfo\/?p=74520"},"modified":"2025-02-27T12:14:15","modified_gmt":"2025-02-27T11:14:15","slug":"vernissage-samedi-de-lexposition-de-catherine-gangloff-et-michel-dejean-au-cepagrap","status":"publish","type":"post","link":"https:\/\/vosgesinfo.fr\/saintdieinfo\/2025\/02\/vernissage-samedi-de-lexposition-de-catherine-gangloff-et-michel-dejean-au-cepagrap\/","title":{"rendered":"Vernissage samedi de l&rsquo;exposition de Catherine Gangloff et Michel Dejean au CEPAGRAP"},"content":{"rendered":"<p data-start=\"0\" data-end=\"345\"><a href=\"https:\/\/vosgesinfo.fr\/app\/uploads\/sites\/4\/2025\/02\/installation-exposition-couples-cepagrap.jpeg\"><img decoding=\"async\" class=\"alignnone size-large wp-image-74521\" src=\"https:\/\/vosgesinfo.fr\/app\/uploads\/sites\/4\/2025\/02\/installation-exposition-couples-cepagrap-585x1024.jpeg\" alt=\"\" width=\"585\" height=\"1024\" srcset=\"https:\/\/vosgesinfo.fr\/app\/uploads\/sites\/4\/2025\/02\/installation-exposition-couples-cepagrap-585x1024.jpeg 585w, https:\/\/vosgesinfo.fr\/app\/uploads\/sites\/4\/2025\/02\/installation-exposition-couples-cepagrap-171x300.jpeg 171w, https:\/\/vosgesinfo.fr\/app\/uploads\/sites\/4\/2025\/02\/installation-exposition-couples-cepagrap.jpeg 731w\" sizes=\"(max-width: 585px) 100vw, 585px\" \/><\/a><\/p>\n<h2 data-start=\"0\" data-end=\"345\">Les <strong data-start=\"4\" data-end=\"31\">artistes strasbourgeois<\/strong> <strong data-start=\"32\" data-end=\"53\">Catherine Gangloff<\/strong> et <strong data-start=\"57\" data-end=\"74\">Michel Dejean<\/strong> ont install\u00e9 leur exposition, <a href=\"https:\/\/vosgesinfo.fr\/saintdieinfo\/2025\/02\/couples-catherine-gangloff-et-michel-dejean-exposent-au-cepagrap\/\" target=\"_blank\" rel=\"noopener\">intitul\u00e9e <strong data-start=\"115\" data-end=\"132\">\u00ab Couple(s) \u00bb<\/strong><\/a>, qui sera \u00e0 d\u00e9couvrir <strong data-start=\"155\" data-end=\"181\">du 1er mars au 5 avril<\/strong> dans la <strong data-start=\"190\" data-end=\"232\">galerie d&rsquo;Art contemporain du CEPAGRAP<\/strong>. C&rsquo;est ce <strong data-start=\"243\" data-end=\"260\">samedi \u00e0 18 h<\/strong> qu&rsquo;aura lieu le <strong data-start=\"277\" data-end=\"291\">vernissage<\/strong> de cette <strong data-start=\"301\" data-end=\"342\">exposition gratuite et ouverte \u00e0 tous<\/strong>.<\/h2>\n<p data-start=\"0\" data-end=\"345\"><!--more--><\/p>\n<p data-start=\"347\" data-end=\"899\" data-is-last-node=\"\" data-is-only-node=\"\">\u00ab <strong data-start=\"349\" data-end=\"398\">Compos\u00e9e de pi\u00e8ces anciennes ou plus r\u00e9centes<\/strong>, faites \u00e0 <strong data-start=\"409\" data-end=\"435\">quatre ou \u00e0 deux mains<\/strong>, cette exposition regroupe de la <strong data-start=\"469\" data-end=\"535\">peinture, de la gravure, de la photographie et de la sculpture<\/strong>. La notion de <strong data-start=\"550\" data-end=\"560\">couple<\/strong> est explor\u00e9e \u00e0 travers des <strong data-start=\"588\" data-end=\"607\">\u0153uvres communes<\/strong>, mais aussi avec des travaux o\u00f9 l\u2019on retrouve des <strong data-start=\"658\" data-end=\"686\">bin\u00f4mes ou des diptyques<\/strong>. Une <strong data-start=\"692\" data-end=\"712\">belle exposition<\/strong>, pleine de <strong data-start=\"724\" data-end=\"748\">po\u00e9sie et de douceur<\/strong>, \u00e0 d\u00e9couvrir \u00bb, explique <strong data-start=\"774\" data-end=\"794\">Emmanuel Antoine<\/strong>, directeur du <strong data-start=\"809\" data-end=\"821\">CEPAGRAP<\/strong>, \u00e0 propos de cette exposition visible <strong data-start=\"860\" data-end=\"898\">de 15 h \u00e0 19 h, du mardi au samedi<\/strong>.<\/p>\n","protected":false},"excerpt":{"rendered":"<p>Les artistes strasbourgeois Catherine Gangloff et Michel Dejean ont install\u00e9 leur exposition, intitul\u00e9e \u00ab Couple(s) \u00bb, qui sera \u00e0 d\u00e9couvrir [&hellip;]<\/p>\n","protected":false},"author":46,"featured_media":74522,"comment_status":"open","ping_status":"open","sticky":false,"template":"","format":"standard","meta":{"footnotes":""},"categories":[460,8019,167],"tags":[5511,2459,5575,5512],"class_list":["post-74520","post","type-post","status-publish","format-standard","has-post-thumbnail","hentry","category-a-la-une","category-vie-artistique-art-culture","category-saint-die-des-vosges","tag-catherine-gangloff","tag-couples","tag-exposition-au-cepagrap","tag-michel-dejean"],"acf":[],"yoast_head":"<!-- This site is optimized with the Yoast SEO plugin v22.5 - https:\/\/yoast.com\/wordpress\/plugins\/seo\/ -->\n<title>Vernissage samedi de l&#039;exposition de Catherine Gangloff et Michel Dejean au CEPAGRAP - Saint Die Info<\/title>\n<meta name=\"robots\" content=\"index, follow, max-snippet:-1, max-image-preview:large, max-video-preview:-1\" \/>\n<link rel=\"canonical\" href=\"https:\/\/vosgesinfo.fr\/saintdieinfo\/2025\/02\/vernissage-samedi-de-lexposition-de-catherine-gangloff-et-michel-dejean-au-cepagrap\/\" \/>\n<meta name=\"twitter:card\" content=\"summary_large_image\" \/>\n<meta name=\"twitter:title\" content=\"Vernissage samedi de l&#039;exposition de Catherine Gangloff et Michel Dejean au CEPAGRAP - Saint Die Info\" \/>\n<meta name=\"twitter:description\" content=\"Les artistes strasbourgeois Catherine Gangloff et Michel Dejean ont install\u00e9 leur exposition, intitul\u00e9e \u00ab Couple(s) \u00bb, qui sera \u00e0 d\u00e9couvrir [&hellip;]\" \/>\n<meta name=\"twitter:image\" content=\"https:\/\/vosgesinfo.fr\/app\/uploads\/sites\/4\/2025\/02\/installation-exposition-couples-cepagrap-01.jpg\" \/>\n<meta name=\"twitter:creator\" content=\"@VosgesInfo88\" \/>\n<meta name=\"twitter:site\" content=\"@VosgesInfo88\" \/>\n<meta name=\"twitter:label1\" content=\"\u00c9crit par\" \/>\n\t<meta name=\"twitter:data1\" content=\"J.J.\" \/>\n\t<meta name=\"twitter:label2\" content=\"Dur\u00e9e de lecture estim\u00e9e\" \/>\n\t<meta name=\"twitter:data2\" content=\"1 minute\" \/>\n<script type=\"application\/ld+json\" class=\"yoast-schema-graph\">{\"@context\":\"https:\/\/schema.org\",\"@graph\":[{\"@type\":\"Article\",\"@id\":\"https:\/\/vosgesinfo.fr\/saintdieinfo\/2025\/02\/vernissage-samedi-de-lexposition-de-catherine-gangloff-et-michel-dejean-au-cepagrap\/#article\",\"isPartOf\":{\"@id\":\"https:\/\/vosgesinfo.fr\/saintdieinfo\/2025\/02\/vernissage-samedi-de-lexposition-de-catherine-gangloff-et-michel-dejean-au-cepagrap\/\"},\"author\":{\"name\":\"J.J.\",\"@id\":\"https:\/\/vosgesinfo.fr\/saintdieinfo\/#\/schema\/person\/fa73e9f726d67bb88f46d5b7943cb572\"},\"headline\":\"Vernissage samedi de l&rsquo;exposition de Catherine Gangloff et Michel Dejean au CEPAGRAP\",\"datePublished\":\"2025-02-27T11:26:10+00:00\",\"dateModified\":\"2025-02-27T11:14:15+00:00\",\"mainEntityOfPage\":{\"@id\":\"https:\/\/vosgesinfo.fr\/saintdieinfo\/2025\/02\/vernissage-samedi-de-lexposition-de-catherine-gangloff-et-michel-dejean-au-cepagrap\/\"},\"wordCount\":150,\"commentCount\":0,\"publisher\":{\"@id\":\"https:\/\/vosgesinfo.fr\/saintdieinfo\/#organization\"},\"image\":{\"@id\":\"https:\/\/vosgesinfo.fr\/saintdieinfo\/2025\/02\/vernissage-samedi-de-lexposition-de-catherine-gangloff-et-michel-dejean-au-cepagrap\/#primaryimage\"},\"thumbnailUrl\":\"https:\/\/vosgesinfo.fr\/app\/uploads\/sites\/4\/2025\/02\/installation-exposition-couples-cepagrap-01.jpg\",\"keywords\":[\"Catherine Gangloff\",\"couples\",\"Exposition au CEPAGRAP\",\"Michel Dejean\"],\"articleSection\":[\"A la Une\",\"Art\",\"Saint-Di\u00e9-des-Vosges\"],\"inLanguage\":\"fr-FR\",\"potentialAction\":[{\"@type\":\"CommentAction\",\"name\":\"Comment\",\"target\":[\"https:\/\/vosgesinfo.fr\/saintdieinfo\/2025\/02\/vernissage-samedi-de-lexposition-de-catherine-gangloff-et-michel-dejean-au-cepagrap\/#respond\"]}]},{\"@type\":\"WebPage\",\"@id\":\"https:\/\/vosgesinfo.fr\/saintdieinfo\/2025\/02\/vernissage-samedi-de-lexposition-de-catherine-gangloff-et-michel-dejean-au-cepagrap\/\",\"url\":\"https:\/\/vosgesinfo.fr\/saintdieinfo\/2025\/02\/vernissage-samedi-de-lexposition-de-catherine-gangloff-et-michel-dejean-au-cepagrap\/\",\"name\":\"Vernissage samedi de l'exposition de Catherine Gangloff et Michel Dejean au CEPAGRAP - Saint Die Info\",\"isPartOf\":{\"@id\":\"https:\/\/vosgesinfo.fr\/saintdieinfo\/#website\"},\"primaryImageOfPage\":{\"@id\":\"https:\/\/vosgesinfo.fr\/saintdieinfo\/2025\/02\/vernissage-samedi-de-lexposition-de-catherine-gangloff-et-michel-dejean-au-cepagrap\/#primaryimage\"},\"image\":{\"@id\":\"https:\/\/vosgesinfo.fr\/saintdieinfo\/2025\/02\/vernissage-samedi-de-lexposition-de-catherine-gangloff-et-michel-dejean-au-cepagrap\/#primaryimage\"},\"thumbnailUrl\":\"https:\/\/vosgesinfo.fr\/app\/uploads\/sites\/4\/2025\/02\/installation-exposition-couples-cepagrap-01.jpg\",\"datePublished\":\"2025-02-27T11:26:10+00:00\",\"dateModified\":\"2025-02-27T11:14:15+00:00\",\"breadcrumb\":{\"@id\":\"https:\/\/vosgesinfo.fr\/saintdieinfo\/2025\/02\/vernissage-samedi-de-lexposition-de-catherine-gangloff-et-michel-dejean-au-cepagrap\/#breadcrumb\"},\"inLanguage\":\"fr-FR\",\"potentialAction\":[{\"@type\":\"ReadAction\",\"target\":[\"https:\/\/vosgesinfo.fr\/saintdieinfo\/2025\/02\/vernissage-samedi-de-lexposition-de-catherine-gangloff-et-michel-dejean-au-cepagrap\/\"]}]},{\"@type\":\"ImageObject\",\"inLanguage\":\"fr-FR\",\"@id\":\"https:\/\/vosgesinfo.fr\/saintdieinfo\/2025\/02\/vernissage-samedi-de-lexposition-de-catherine-gangloff-et-michel-dejean-au-cepagrap\/#primaryimage\",\"url\":\"https:\/\/vosgesinfo.fr\/app\/uploads\/sites\/4\/2025\/02\/installation-exposition-couples-cepagrap-01.jpg\",\"contentUrl\":\"https:\/\/vosgesinfo.fr\/app\/uploads\/sites\/4\/2025\/02\/installation-exposition-couples-cepagrap-01.jpg\",\"width\":721,\"height\":564},{\"@type\":\"BreadcrumbList\",\"@id\":\"https:\/\/vosgesinfo.fr\/saintdieinfo\/2025\/02\/vernissage-samedi-de-lexposition-de-catherine-gangloff-et-michel-dejean-au-cepagrap\/#breadcrumb\",\"itemListElement\":[{\"@type\":\"ListItem\",\"position\":1,\"name\":\"Home\",\"item\":\"https:\/\/vosgesinfo.fr\/saintdieinfo\/\"},{\"@type\":\"ListItem\",\"position\":2,\"name\":\"Vernissage samedi de l&rsquo;exposition de Catherine Gangloff et Michel Dejean au CEPAGRAP\"}]},{\"@type\":\"WebSite\",\"@id\":\"https:\/\/vosgesinfo.fr\/saintdieinfo\/#website\",\"url\":\"https:\/\/vosgesinfo.fr\/saintdieinfo\/\",\"name\":\"Saint Die Info\",\"description\":\"Toute l&#039;actualit\u00e9 de Saint-Di\u00e9-Des-Vosges\",\"publisher\":{\"@id\":\"https:\/\/vosgesinfo.fr\/saintdieinfo\/#organization\"},\"alternateName\":\"Toute l'actualit\u00e9 de Saint-Di\u00e9-Des-Vosges\",\"potentialAction\":[{\"@type\":\"SearchAction\",\"target\":{\"@type\":\"EntryPoint\",\"urlTemplate\":\"https:\/\/vosgesinfo.fr\/saintdieinfo\/?s={search_term_string}\"},\"query-input\":\"required name=search_term_string\"}],\"inLanguage\":\"fr-FR\"},{\"@type\":\"Organization\",\"@id\":\"https:\/\/vosgesinfo.fr\/saintdieinfo\/#organization\",\"name\":\"Saint Die Info\",\"url\":\"https:\/\/vosgesinfo.fr\/saintdieinfo\/\",\"logo\":{\"@type\":\"ImageObject\",\"inLanguage\":\"fr-FR\",\"@id\":\"https:\/\/vosgesinfo.fr\/saintdieinfo\/#\/schema\/logo\/image\/\",\"url\":\"https:\/\/vosgesinfo.fr\/app\/uploads\/sites\/4\/2024\/02\/logo-sdi.jpg\",\"contentUrl\":\"https:\/\/vosgesinfo.fr\/app\/uploads\/sites\/4\/2024\/02\/logo-sdi.jpg\",\"width\":600,\"height\":600,\"caption\":\"Saint Die Info\"},\"image\":{\"@id\":\"https:\/\/vosgesinfo.fr\/saintdieinfo\/#\/schema\/logo\/image\/\"},\"sameAs\":[\"https:\/\/www.facebook.com\/Saintdieinfofr\",\"https:\/\/x.com\/VosgesInfo88\",\"https:\/\/www.youtube.com\/@vosgesinfo\"]},{\"@type\":\"Person\",\"@id\":\"https:\/\/vosgesinfo.fr\/saintdieinfo\/#\/schema\/person\/fa73e9f726d67bb88f46d5b7943cb572\",\"name\":\"J.J.\",\"image\":{\"@type\":\"ImageObject\",\"inLanguage\":\"fr-FR\",\"@id\":\"https:\/\/vosgesinfo.fr\/saintdieinfo\/#\/schema\/person\/image\/\",\"url\":\"https:\/\/secure.gravatar.com\/avatar\/219e749e47ffbcca018a360ae4add7d4cdf1cdaaf8bc7676b27efade3fe65615?s=96&d=mm&r=g\",\"contentUrl\":\"https:\/\/secure.gravatar.com\/avatar\/219e749e47ffbcca018a360ae4add7d4cdf1cdaaf8bc7676b27efade3fe65615?s=96&d=mm&r=g\",\"caption\":\"J.J.\"},\"url\":\"https:\/\/vosgesinfo.fr\/saintdieinfo\/author\/j-j\/\"}]}<\/script>\n<!-- \/ Yoast SEO plugin. -->","yoast_head_json":{"title":"Vernissage samedi de l'exposition de Catherine Gangloff et Michel Dejean au CEPAGRAP - Saint Die Info","robots":{"index":"index","follow":"follow","max-snippet":"max-snippet:-1","max-image-preview":"max-image-preview:large","max-video-preview":"max-video-preview:-1"},"canonical":"https:\/\/vosgesinfo.fr\/saintdieinfo\/2025\/02\/vernissage-samedi-de-lexposition-de-catherine-gangloff-et-michel-dejean-au-cepagrap\/","twitter_card":"summary_large_image","twitter_title":"Vernissage samedi de l'exposition de Catherine Gangloff et Michel Dejean au CEPAGRAP - Saint Die Info","twitter_description":"Les artistes strasbourgeois Catherine Gangloff et Michel Dejean ont install\u00e9 leur exposition, intitul\u00e9e \u00ab Couple(s) \u00bb, qui sera \u00e0 d\u00e9couvrir [&hellip;]","twitter_image":"https:\/\/vosgesinfo.fr\/app\/uploads\/sites\/4\/2025\/02\/installation-exposition-couples-cepagrap-01.jpg","twitter_creator":"@VosgesInfo88","twitter_site":"@VosgesInfo88","twitter_misc":{"\u00c9crit par":"J.J.","Dur\u00e9e de lecture estim\u00e9e":"1 minute"},"schema":{"@context":"https:\/\/schema.org","@graph":[{"@type":"Article","@id":"https:\/\/vosgesinfo.fr\/saintdieinfo\/2025\/02\/vernissage-samedi-de-lexposition-de-catherine-gangloff-et-michel-dejean-au-cepagrap\/#article","isPartOf":{"@id":"https:\/\/vosgesinfo.fr\/saintdieinfo\/2025\/02\/vernissage-samedi-de-lexposition-de-catherine-gangloff-et-michel-dejean-au-cepagrap\/"},"author":{"name":"J.J.","@id":"https:\/\/vosgesinfo.fr\/saintdieinfo\/#\/schema\/person\/fa73e9f726d67bb88f46d5b7943cb572"},"headline":"Vernissage samedi de l&rsquo;exposition de Catherine Gangloff et Michel Dejean au CEPAGRAP","datePublished":"2025-02-27T11:26:10+00:00","dateModified":"2025-02-27T11:14:15+00:00","mainEntityOfPage":{"@id":"https:\/\/vosgesinfo.fr\/saintdieinfo\/2025\/02\/vernissage-samedi-de-lexposition-de-catherine-gangloff-et-michel-dejean-au-cepagrap\/"},"wordCount":150,"commentCount":0,"publisher":{"@id":"https:\/\/vosgesinfo.fr\/saintdieinfo\/#organization"},"image":{"@id":"https:\/\/vosgesinfo.fr\/saintdieinfo\/2025\/02\/vernissage-samedi-de-lexposition-de-catherine-gangloff-et-michel-dejean-au-cepagrap\/#primaryimage"},"thumbnailUrl":"https:\/\/vosgesinfo.fr\/app\/uploads\/sites\/4\/2025\/02\/installation-exposition-couples-cepagrap-01.jpg","keywords":["Catherine Gangloff","couples","Exposition au CEPAGRAP","Michel Dejean"],"articleSection":["A la Une","Art","Saint-Di\u00e9-des-Vosges"],"inLanguage":"fr-FR","potentialAction":[{"@type":"CommentAction","name":"Comment","target":["https:\/\/vosgesinfo.fr\/saintdieinfo\/2025\/02\/vernissage-samedi-de-lexposition-de-catherine-gangloff-et-michel-dejean-au-cepagrap\/#respond"]}]},{"@type":"WebPage","@id":"https:\/\/vosgesinfo.fr\/saintdieinfo\/2025\/02\/vernissage-samedi-de-lexposition-de-catherine-gangloff-et-michel-dejean-au-cepagrap\/","url":"https:\/\/vosgesinfo.fr\/saintdieinfo\/2025\/02\/vernissage-samedi-de-lexposition-de-catherine-gangloff-et-michel-dejean-au-cepagrap\/","name":"Vernissage samedi de l'exposition de Catherine Gangloff et Michel Dejean au CEPAGRAP - Saint Die Info","isPartOf":{"@id":"https:\/\/vosgesinfo.fr\/saintdieinfo\/#website"},"primaryImageOfPage":{"@id":"https:\/\/vosgesinfo.fr\/saintdieinfo\/2025\/02\/vernissage-samedi-de-lexposition-de-catherine-gangloff-et-michel-dejean-au-cepagrap\/#primaryimage"},"image":{"@id":"https:\/\/vosgesinfo.fr\/saintdieinfo\/2025\/02\/vernissage-samedi-de-lexposition-de-catherine-gangloff-et-michel-dejean-au-cepagrap\/#primaryimage"},"thumbnailUrl":"https:\/\/vosgesinfo.fr\/app\/uploads\/sites\/4\/2025\/02\/installation-exposition-couples-cepagrap-01.jpg","datePublished":"2025-02-27T11:26:10+00:00","dateModified":"2025-02-27T11:14:15+00:00","breadcrumb":{"@id":"https:\/\/vosgesinfo.fr\/saintdieinfo\/2025\/02\/vernissage-samedi-de-lexposition-de-catherine-gangloff-et-michel-dejean-au-cepagrap\/#breadcrumb"},"inLanguage":"fr-FR","potentialAction":[{"@type":"ReadAction","target":["https:\/\/vosgesinfo.fr\/saintdieinfo\/2025\/02\/vernissage-samedi-de-lexposition-de-catherine-gangloff-et-michel-dejean-au-cepagrap\/"]}]},{"@type":"ImageObject","inLanguage":"fr-FR","@id":"https:\/\/vosgesinfo.fr\/saintdieinfo\/2025\/02\/vernissage-samedi-de-lexposition-de-catherine-gangloff-et-michel-dejean-au-cepagrap\/#primaryimage","url":"https:\/\/vosgesinfo.fr\/app\/uploads\/sites\/4\/2025\/02\/installation-exposition-couples-cepagrap-01.jpg","contentUrl":"https:\/\/vosgesinfo.fr\/app\/uploads\/sites\/4\/2025\/02\/installation-exposition-couples-cepagrap-01.jpg","width":721,"height":564},{"@type":"BreadcrumbList","@id":"https:\/\/vosgesinfo.fr\/saintdieinfo\/2025\/02\/vernissage-samedi-de-lexposition-de-catherine-gangloff-et-michel-dejean-au-cepagrap\/#breadcrumb","itemListElement":[{"@type":"ListItem","position":1,"name":"Home","item":"https:\/\/vosgesinfo.fr\/saintdieinfo\/"},{"@type":"ListItem","position":2,"name":"Vernissage samedi de l&rsquo;exposition de Catherine Gangloff et Michel Dejean au CEPAGRAP"}]},{"@type":"WebSite","@id":"https:\/\/vosgesinfo.fr\/saintdieinfo\/#website","url":"https:\/\/vosgesinfo.fr\/saintdieinfo\/","name":"Saint Die Info","description":"Toute l&#039;actualit\u00e9 de Saint-Di\u00e9-Des-Vosges","publisher":{"@id":"https:\/\/vosgesinfo.fr\/saintdieinfo\/#organization"},"alternateName":"Toute l'actualit\u00e9 de Saint-Di\u00e9-Des-Vosges","potentialAction":[{"@type":"SearchAction","target":{"@type":"EntryPoint","urlTemplate":"https:\/\/vosgesinfo.fr\/saintdieinfo\/?s={search_term_string}"},"query-input":"required name=search_term_string"}],"inLanguage":"fr-FR"},{"@type":"Organization","@id":"https:\/\/vosgesinfo.fr\/saintdieinfo\/#organization","name":"Saint Die Info","url":"https:\/\/vosgesinfo.fr\/saintdieinfo\/","logo":{"@type":"ImageObject","inLanguage":"fr-FR","@id":"https:\/\/vosgesinfo.fr\/saintdieinfo\/#\/schema\/logo\/image\/","url":"https:\/\/vosgesinfo.fr\/app\/uploads\/sites\/4\/2024\/02\/logo-sdi.jpg","contentUrl":"https:\/\/vosgesinfo.fr\/app\/uploads\/sites\/4\/2024\/02\/logo-sdi.jpg","width":600,"height":600,"caption":"Saint Die Info"},"image":{"@id":"https:\/\/vosgesinfo.fr\/saintdieinfo\/#\/schema\/logo\/image\/"},"sameAs":["https:\/\/www.facebook.com\/Saintdieinfofr","https:\/\/x.com\/VosgesInfo88","https:\/\/www.youtube.com\/@vosgesinfo"]},{"@type":"Person","@id":"https:\/\/vosgesinfo.fr\/saintdieinfo\/#\/schema\/person\/fa73e9f726d67bb88f46d5b7943cb572","name":"J.J.","image":{"@type":"ImageObject","inLanguage":"fr-FR","@id":"https:\/\/vosgesinfo.fr\/saintdieinfo\/#\/schema\/person\/image\/","url":"https:\/\/secure.gravatar.com\/avatar\/219e749e47ffbcca018a360ae4add7d4cdf1cdaaf8bc7676b27efade3fe65615?s=96&d=mm&r=g","contentUrl":"https:\/\/secure.gravatar.com\/avatar\/219e749e47ffbcca018a360ae4add7d4cdf1cdaaf8bc7676b27efade3fe65615?s=96&d=mm&r=g","caption":"J.J."},"url":"https:\/\/vosgesinfo.fr\/saintdieinfo\/author\/j-j\/"}]}},"_links":{"self":[{"href":"https:\/\/vosgesinfo.fr\/saintdieinfo\/wp-json\/wp\/v2\/posts\/74520","targetHints":{"allow":["GET"]}}],"collection":[{"href":"https:\/\/vosgesinfo.fr\/saintdieinfo\/wp-json\/wp\/v2\/posts"}],"about":[{"href":"https:\/\/vosgesinfo.fr\/saintdieinfo\/wp-json\/wp\/v2\/types\/post"}],"author":[{"embeddable":true,"href":"https:\/\/vosgesinfo.fr\/saintdieinfo\/wp-json\/wp\/v2\/users\/46"}],"replies":[{"embeddable":true,"href":"https:\/\/vosgesinfo.fr\/saintdieinfo\/wp-json\/wp\/v2\/comments?post=74520"}],"version-history":[{"count":1,"href":"https:\/\/vosgesinfo.fr\/saintdieinfo\/wp-json\/wp\/v2\/posts\/74520\/revisions"}],"predecessor-version":[{"id":74523,"href":"https:\/\/vosgesinfo.fr\/saintdieinfo\/wp-json\/wp\/v2\/posts\/74520\/revisions\/74523"}],"wp:featuredmedia":[{"embeddable":true,"href":"https:\/\/vosgesinfo.fr\/saintdieinfo\/wp-json\/wp\/v2\/media\/74522"}],"wp:attachment":[{"href":"https:\/\/vosgesinfo.fr\/saintdieinfo\/wp-json\/wp\/v2\/media?parent=74520"}],"wp:term":[{"taxonomy":"category","embeddable":true,"href":"https:\/\/vosgesinfo.fr\/saintdieinfo\/wp-json\/wp\/v2\/categories?post=74520"},{"taxonomy":"post_tag","embeddable":true,"href":"https:\/\/vosgesinfo.fr\/saintdieinfo\/wp-json\/wp\/v2\/tags?post=74520"}],"curies":[{"name":"wp","href":"https:\/\/api.w.org\/{rel}","templated":true}]}}