{"id":74524,"date":"2025-02-27T12:31:44","date_gmt":"2025-02-27T11:31:44","guid":{"rendered":"https:\/\/vosgesinfo.fr\/saintdieinfo\/?p=74524"},"modified":"2025-02-27T12:20:57","modified_gmt":"2025-02-27T11:20:57","slug":"lepanges-sur-vologne-conference-la-liberation-de-lepanges-et-environs-lavant-et-lapres-par-axel-balland","status":"publish","type":"post","link":"https:\/\/vosgesinfo.fr\/saintdieinfo\/2025\/02\/lepanges-sur-vologne-conference-la-liberation-de-lepanges-et-environs-lavant-et-lapres-par-axel-balland\/","title":{"rendered":"L\u00e9panges-sur-Vologne \u2013 Conf\u00e9rence \u00ab\u00a0La Lib\u00e9ration de L\u00e9panges et environs : l&rsquo;avant et l&rsquo;apr\u00e8s\u00a0\u00bb par Axel Balland"},"content":{"rendered":"<div id=\"attachment_74525\" style=\"width: 1034px\" class=\"wp-caption alignnone\"><a href=\"https:\/\/vosgesinfo.fr\/app\/uploads\/sites\/4\/2025\/02\/lepanges-sur-vologne-conference-axel-balland.jpg\"><img decoding=\"async\" aria-describedby=\"caption-attachment-74525\" class=\"size-large wp-image-74525\" src=\"https:\/\/vosgesinfo.fr\/app\/uploads\/sites\/4\/2025\/02\/lepanges-sur-vologne-conference-axel-balland-1024x580.jpg\" alt=\"\" width=\"1024\" height=\"580\" srcset=\"https:\/\/vosgesinfo.fr\/app\/uploads\/sites\/4\/2025\/02\/lepanges-sur-vologne-conference-axel-balland-1024x580.jpg 1024w, https:\/\/vosgesinfo.fr\/app\/uploads\/sites\/4\/2025\/02\/lepanges-sur-vologne-conference-axel-balland-300x170.jpg 300w, https:\/\/vosgesinfo.fr\/app\/uploads\/sites\/4\/2025\/02\/lepanges-sur-vologne-conference-axel-balland-768x435.jpg 768w, https:\/\/vosgesinfo.fr\/app\/uploads\/sites\/4\/2025\/02\/lepanges-sur-vologne-conference-axel-balland-1536x869.jpg 1536w, https:\/\/vosgesinfo.fr\/app\/uploads\/sites\/4\/2025\/02\/lepanges-sur-vologne-conference-axel-balland.jpg 2048w\" sizes=\"(max-width: 1024px) 100vw, 1024px\" \/><\/a><p id=\"caption-attachment-74525\" class=\"wp-caption-text\">Vue g\u00e9n\u00e9rale du village de Fays pr\u00e8s de L\u00e9panges-sur-Vologne. A droite, la ferme des anc\u00eatres de l&rsquo;historien.<\/p><\/div>\n<h2>Ce samedi <strong>1er mars \u00e0 15h<\/strong>, <strong>Axel Balland<\/strong>, historien et animateur de la commission <strong>Temps de Guerre<\/strong> de la Soci\u00e9t\u00e9 Philomatique Vosgienne, donnera une conf\u00e9rence intitul\u00e9e \u00ab\u202f<strong>La Lib\u00e9ration de L\u00e9panges et environs : l&rsquo;avant et l&rsquo;apr\u00e8s<\/strong>\u202f\u00bb, <strong>Au rendez-vous des villageois<\/strong> (2, rue du Stade \u00e0 L\u00e9panges-sur-Vologne). <strong>Entr\u00e9e libre.<\/strong><\/h2>\n<p><!--more--><\/p>\n<p>Les derniers mois de <strong>l&rsquo;occupation allemande<\/strong> \u00e0 L\u00e9panges, Fays, La Neuveville-devant-L\u00e9panges et Prey, puis la p\u00e9riode ayant suivi la <strong>Lib\u00e9ration jusqu&rsquo;au 8 mai 1945<\/strong>. Le conf\u00e9rencier reviendra sur la question de la <strong>reconstitution municipale<\/strong> suite \u00e0 la Lib\u00e9ration, <strong>l&rsquo;\u00e9puration<\/strong>, la pr\u00e9sence de la <strong>1\u00e8re Arm\u00e9e Fran\u00e7aise<\/strong>, en particulier de la <strong>5e Division Blind\u00e9e<\/strong> dans le canton de Bruy\u00e8res, et les derniers mois du conflit dans ces communes. Cette \u00e9tude s&rsquo;appuie sur des <strong>archives in\u00e9dites<\/strong>.<\/p>\n","protected":false},"excerpt":{"rendered":"<p>Ce samedi 1er mars \u00e0 15h, Axel Balland, historien et animateur de la commission Temps de Guerre de la Soci\u00e9t\u00e9 [&hellip;]<\/p>\n","protected":false},"author":46,"featured_media":74525,"comment_status":"open","ping_status":"open","sticky":false,"template":"","format":"standard","meta":{"footnotes":""},"categories":[3900,7847,5391,2915],"tags":[4352,4353,5230,3215],"class_list":["post-74524","post","type-post","status-publish","format-standard","has-post-thumbnail","hentry","category-breves","category-art-culture","category-gerardmer","category-saint-die-son-canton","tag-axel-balland","tag-conference-historique","tag-lepanges-sur-vologne","tag-societe-philomatique-vosgienne"],"acf":[],"yoast_head":"<!-- This site is optimized with the Yoast SEO plugin v22.5 - https:\/\/yoast.com\/wordpress\/plugins\/seo\/ -->\n<title>L\u00e9panges-sur-Vologne \u2013 Conf\u00e9rence \u00ab\u00a0La Lib\u00e9ration de L\u00e9panges et environs : l&#039;avant et l&#039;apr\u00e8s\u00a0\u00bb par Axel Balland - Saint Die Info<\/title>\n<meta name=\"robots\" content=\"index, follow, max-snippet:-1, max-image-preview:large, max-video-preview:-1\" \/>\n<link rel=\"canonical\" href=\"https:\/\/vosgesinfo.fr\/saintdieinfo\/2025\/02\/lepanges-sur-vologne-conference-la-liberation-de-lepanges-et-environs-lavant-et-lapres-par-axel-balland\/\" \/>\n<meta name=\"twitter:card\" content=\"summary_large_image\" \/>\n<meta name=\"twitter:title\" content=\"L\u00e9panges-sur-Vologne \u2013 Conf\u00e9rence \u00ab\u00a0La Lib\u00e9ration de L\u00e9panges et environs : l&#039;avant et l&#039;apr\u00e8s\u00a0\u00bb par Axel Balland - Saint Die Info\" \/>\n<meta name=\"twitter:description\" content=\"Ce samedi 1er mars \u00e0 15h, Axel Balland, historien et animateur de la commission Temps de Guerre de la Soci\u00e9t\u00e9 [&hellip;]\" \/>\n<meta name=\"twitter:image\" content=\"https:\/\/vosgesinfo.fr\/app\/uploads\/sites\/4\/2025\/02\/lepanges-sur-vologne-conference-axel-balland.jpg\" \/>\n<meta name=\"twitter:creator\" content=\"@VosgesInfo88\" \/>\n<meta name=\"twitter:site\" content=\"@VosgesInfo88\" \/>\n<meta name=\"twitter:label1\" content=\"\u00c9crit par\" \/>\n\t<meta name=\"twitter:data1\" content=\"J.J.\" \/>\n\t<meta name=\"twitter:label2\" content=\"Dur\u00e9e de lecture estim\u00e9e\" \/>\n\t<meta name=\"twitter:data2\" content=\"1 minute\" \/>\n<script type=\"application\/ld+json\" class=\"yoast-schema-graph\">{\"@context\":\"https:\/\/schema.org\",\"@graph\":[{\"@type\":\"Article\",\"@id\":\"https:\/\/vosgesinfo.fr\/saintdieinfo\/2025\/02\/lepanges-sur-vologne-conference-la-liberation-de-lepanges-et-environs-lavant-et-lapres-par-axel-balland\/#article\",\"isPartOf\":{\"@id\":\"https:\/\/vosgesinfo.fr\/saintdieinfo\/2025\/02\/lepanges-sur-vologne-conference-la-liberation-de-lepanges-et-environs-lavant-et-lapres-par-axel-balland\/\"},\"author\":{\"name\":\"J.J.\",\"@id\":\"https:\/\/vosgesinfo.fr\/saintdieinfo\/#\/schema\/person\/fa73e9f726d67bb88f46d5b7943cb572\"},\"headline\":\"L\u00e9panges-sur-Vologne \u2013 Conf\u00e9rence \u00ab\u00a0La Lib\u00e9ration de L\u00e9panges et environs : l&rsquo;avant et l&rsquo;apr\u00e8s\u00a0\u00bb par Axel Balland\",\"datePublished\":\"2025-02-27T11:31:44+00:00\",\"dateModified\":\"2025-02-27T11:20:57+00:00\",\"mainEntityOfPage\":{\"@id\":\"https:\/\/vosgesinfo.fr\/saintdieinfo\/2025\/02\/lepanges-sur-vologne-conference-la-liberation-de-lepanges-et-environs-lavant-et-lapres-par-axel-balland\/\"},\"wordCount\":191,\"commentCount\":0,\"publisher\":{\"@id\":\"https:\/\/vosgesinfo.fr\/saintdieinfo\/#organization\"},\"image\":{\"@id\":\"https:\/\/vosgesinfo.fr\/saintdieinfo\/2025\/02\/lepanges-sur-vologne-conference-la-liberation-de-lepanges-et-environs-lavant-et-lapres-par-axel-balland\/#primaryimage\"},\"thumbnailUrl\":\"https:\/\/vosgesinfo.fr\/app\/uploads\/sites\/4\/2025\/02\/lepanges-sur-vologne-conference-axel-balland.jpg\",\"keywords\":[\"Axel Balland\",\"Conf\u00e9rence historique\",\"L\u00e9panges-sur-Vologne\",\"Soci\u00e9t\u00e9 Philomatique Vosgienne\"],\"articleSection\":[\"Br\u00e8ves\",\"Culture\",\"Gerardmer\",\"Saint-Di\u00e9-des-Vosges et son Agglom\u00e9ration\"],\"inLanguage\":\"fr-FR\",\"potentialAction\":[{\"@type\":\"CommentAction\",\"name\":\"Comment\",\"target\":[\"https:\/\/vosgesinfo.fr\/saintdieinfo\/2025\/02\/lepanges-sur-vologne-conference-la-liberation-de-lepanges-et-environs-lavant-et-lapres-par-axel-balland\/#respond\"]}]},{\"@type\":\"WebPage\",\"@id\":\"https:\/\/vosgesinfo.fr\/saintdieinfo\/2025\/02\/lepanges-sur-vologne-conference-la-liberation-de-lepanges-et-environs-lavant-et-lapres-par-axel-balland\/\",\"url\":\"https:\/\/vosgesinfo.fr\/saintdieinfo\/2025\/02\/lepanges-sur-vologne-conference-la-liberation-de-lepanges-et-environs-lavant-et-lapres-par-axel-balland\/\",\"name\":\"L\u00e9panges-sur-Vologne \u2013 Conf\u00e9rence \u00ab\u00a0La Lib\u00e9ration de L\u00e9panges et environs : l'avant et l'apr\u00e8s\u00a0\u00bb par Axel Balland - Saint Die Info\",\"isPartOf\":{\"@id\":\"https:\/\/vosgesinfo.fr\/saintdieinfo\/#website\"},\"primaryImageOfPage\":{\"@id\":\"https:\/\/vosgesinfo.fr\/saintdieinfo\/2025\/02\/lepanges-sur-vologne-conference-la-liberation-de-lepanges-et-environs-lavant-et-lapres-par-axel-balland\/#primaryimage\"},\"image\":{\"@id\":\"https:\/\/vosgesinfo.fr\/saintdieinfo\/2025\/02\/lepanges-sur-vologne-conference-la-liberation-de-lepanges-et-environs-lavant-et-lapres-par-axel-balland\/#primaryimage\"},\"thumbnailUrl\":\"https:\/\/vosgesinfo.fr\/app\/uploads\/sites\/4\/2025\/02\/lepanges-sur-vologne-conference-axel-balland.jpg\",\"datePublished\":\"2025-02-27T11:31:44+00:00\",\"dateModified\":\"2025-02-27T11:20:57+00:00\",\"breadcrumb\":{\"@id\":\"https:\/\/vosgesinfo.fr\/saintdieinfo\/2025\/02\/lepanges-sur-vologne-conference-la-liberation-de-lepanges-et-environs-lavant-et-lapres-par-axel-balland\/#breadcrumb\"},\"inLanguage\":\"fr-FR\",\"potentialAction\":[{\"@type\":\"ReadAction\",\"target\":[\"https:\/\/vosgesinfo.fr\/saintdieinfo\/2025\/02\/lepanges-sur-vologne-conference-la-liberation-de-lepanges-et-environs-lavant-et-lapres-par-axel-balland\/\"]}]},{\"@type\":\"ImageObject\",\"inLanguage\":\"fr-FR\",\"@id\":\"https:\/\/vosgesinfo.fr\/saintdieinfo\/2025\/02\/lepanges-sur-vologne-conference-la-liberation-de-lepanges-et-environs-lavant-et-lapres-par-axel-balland\/#primaryimage\",\"url\":\"https:\/\/vosgesinfo.fr\/app\/uploads\/sites\/4\/2025\/02\/lepanges-sur-vologne-conference-axel-balland.jpg\",\"contentUrl\":\"https:\/\/vosgesinfo.fr\/app\/uploads\/sites\/4\/2025\/02\/lepanges-sur-vologne-conference-axel-balland.jpg\",\"width\":2048,\"height\":1159,\"caption\":\"Vue g\u00e9n\u00e9rale du village de Fays pr\u00e8s de L\u00e9panges-sur-Vologne. A droite, la ferme des anc\u00eatres de l'historien.\"},{\"@type\":\"BreadcrumbList\",\"@id\":\"https:\/\/vosgesinfo.fr\/saintdieinfo\/2025\/02\/lepanges-sur-vologne-conference-la-liberation-de-lepanges-et-environs-lavant-et-lapres-par-axel-balland\/#breadcrumb\",\"itemListElement\":[{\"@type\":\"ListItem\",\"position\":1,\"name\":\"Home\",\"item\":\"https:\/\/vosgesinfo.fr\/saintdieinfo\/\"},{\"@type\":\"ListItem\",\"position\":2,\"name\":\"L\u00e9panges-sur-Vologne \u2013 Conf\u00e9rence \u00ab\u00a0La Lib\u00e9ration de L\u00e9panges et environs : l&rsquo;avant et l&rsquo;apr\u00e8s\u00a0\u00bb par Axel Balland\"}]},{\"@type\":\"WebSite\",\"@id\":\"https:\/\/vosgesinfo.fr\/saintdieinfo\/#website\",\"url\":\"https:\/\/vosgesinfo.fr\/saintdieinfo\/\",\"name\":\"Saint Die Info\",\"description\":\"Toute l&#039;actualit\u00e9 de Saint-Di\u00e9-Des-Vosges\",\"publisher\":{\"@id\":\"https:\/\/vosgesinfo.fr\/saintdieinfo\/#organization\"},\"alternateName\":\"Toute l'actualit\u00e9 de Saint-Di\u00e9-Des-Vosges\",\"potentialAction\":[{\"@type\":\"SearchAction\",\"target\":{\"@type\":\"EntryPoint\",\"urlTemplate\":\"https:\/\/vosgesinfo.fr\/saintdieinfo\/?s={search_term_string}\"},\"query-input\":\"required name=search_term_string\"}],\"inLanguage\":\"fr-FR\"},{\"@type\":\"Organization\",\"@id\":\"https:\/\/vosgesinfo.fr\/saintdieinfo\/#organization\",\"name\":\"Saint Die Info\",\"url\":\"https:\/\/vosgesinfo.fr\/saintdieinfo\/\",\"logo\":{\"@type\":\"ImageObject\",\"inLanguage\":\"fr-FR\",\"@id\":\"https:\/\/vosgesinfo.fr\/saintdieinfo\/#\/schema\/logo\/image\/\",\"url\":\"https:\/\/vosgesinfo.fr\/app\/uploads\/sites\/4\/2024\/02\/logo-sdi.jpg\",\"contentUrl\":\"https:\/\/vosgesinfo.fr\/app\/uploads\/sites\/4\/2024\/02\/logo-sdi.jpg\",\"width\":600,\"height\":600,\"caption\":\"Saint Die Info\"},\"image\":{\"@id\":\"https:\/\/vosgesinfo.fr\/saintdieinfo\/#\/schema\/logo\/image\/\"},\"sameAs\":[\"https:\/\/www.facebook.com\/Saintdieinfofr\",\"https:\/\/x.com\/VosgesInfo88\",\"https:\/\/www.youtube.com\/@vosgesinfo\"]},{\"@type\":\"Person\",\"@id\":\"https:\/\/vosgesinfo.fr\/saintdieinfo\/#\/schema\/person\/fa73e9f726d67bb88f46d5b7943cb572\",\"name\":\"J.J.\",\"image\":{\"@type\":\"ImageObject\",\"inLanguage\":\"fr-FR\",\"@id\":\"https:\/\/vosgesinfo.fr\/saintdieinfo\/#\/schema\/person\/image\/\",\"url\":\"https:\/\/secure.gravatar.com\/avatar\/219e749e47ffbcca018a360ae4add7d4cdf1cdaaf8bc7676b27efade3fe65615?s=96&d=mm&r=g\",\"contentUrl\":\"https:\/\/secure.gravatar.com\/avatar\/219e749e47ffbcca018a360ae4add7d4cdf1cdaaf8bc7676b27efade3fe65615?s=96&d=mm&r=g\",\"caption\":\"J.J.\"},\"url\":\"https:\/\/vosgesinfo.fr\/saintdieinfo\/author\/j-j\/\"}]}<\/script>\n<!-- \/ Yoast SEO plugin. -->","yoast_head_json":{"title":"L\u00e9panges-sur-Vologne \u2013 Conf\u00e9rence \u00ab\u00a0La Lib\u00e9ration de L\u00e9panges et environs : l'avant et l'apr\u00e8s\u00a0\u00bb par Axel Balland - Saint Die Info","robots":{"index":"index","follow":"follow","max-snippet":"max-snippet:-1","max-image-preview":"max-image-preview:large","max-video-preview":"max-video-preview:-1"},"canonical":"https:\/\/vosgesinfo.fr\/saintdieinfo\/2025\/02\/lepanges-sur-vologne-conference-la-liberation-de-lepanges-et-environs-lavant-et-lapres-par-axel-balland\/","twitter_card":"summary_large_image","twitter_title":"L\u00e9panges-sur-Vologne \u2013 Conf\u00e9rence \u00ab\u00a0La Lib\u00e9ration de L\u00e9panges et environs : l'avant et l'apr\u00e8s\u00a0\u00bb par Axel Balland - Saint Die Info","twitter_description":"Ce samedi 1er mars \u00e0 15h, Axel Balland, historien et animateur de la commission Temps de Guerre de la Soci\u00e9t\u00e9 [&hellip;]","twitter_image":"https:\/\/vosgesinfo.fr\/app\/uploads\/sites\/4\/2025\/02\/lepanges-sur-vologne-conference-axel-balland.jpg","twitter_creator":"@VosgesInfo88","twitter_site":"@VosgesInfo88","twitter_misc":{"\u00c9crit par":"J.J.","Dur\u00e9e de lecture estim\u00e9e":"1 minute"},"schema":{"@context":"https:\/\/schema.org","@graph":[{"@type":"Article","@id":"https:\/\/vosgesinfo.fr\/saintdieinfo\/2025\/02\/lepanges-sur-vologne-conference-la-liberation-de-lepanges-et-environs-lavant-et-lapres-par-axel-balland\/#article","isPartOf":{"@id":"https:\/\/vosgesinfo.fr\/saintdieinfo\/2025\/02\/lepanges-sur-vologne-conference-la-liberation-de-lepanges-et-environs-lavant-et-lapres-par-axel-balland\/"},"author":{"name":"J.J.","@id":"https:\/\/vosgesinfo.fr\/saintdieinfo\/#\/schema\/person\/fa73e9f726d67bb88f46d5b7943cb572"},"headline":"L\u00e9panges-sur-Vologne \u2013 Conf\u00e9rence \u00ab\u00a0La Lib\u00e9ration de L\u00e9panges et environs : l&rsquo;avant et l&rsquo;apr\u00e8s\u00a0\u00bb par Axel Balland","datePublished":"2025-02-27T11:31:44+00:00","dateModified":"2025-02-27T11:20:57+00:00","mainEntityOfPage":{"@id":"https:\/\/vosgesinfo.fr\/saintdieinfo\/2025\/02\/lepanges-sur-vologne-conference-la-liberation-de-lepanges-et-environs-lavant-et-lapres-par-axel-balland\/"},"wordCount":191,"commentCount":0,"publisher":{"@id":"https:\/\/vosgesinfo.fr\/saintdieinfo\/#organization"},"image":{"@id":"https:\/\/vosgesinfo.fr\/saintdieinfo\/2025\/02\/lepanges-sur-vologne-conference-la-liberation-de-lepanges-et-environs-lavant-et-lapres-par-axel-balland\/#primaryimage"},"thumbnailUrl":"https:\/\/vosgesinfo.fr\/app\/uploads\/sites\/4\/2025\/02\/lepanges-sur-vologne-conference-axel-balland.jpg","keywords":["Axel Balland","Conf\u00e9rence historique","L\u00e9panges-sur-Vologne","Soci\u00e9t\u00e9 Philomatique Vosgienne"],"articleSection":["Br\u00e8ves","Culture","Gerardmer","Saint-Di\u00e9-des-Vosges et son Agglom\u00e9ration"],"inLanguage":"fr-FR","potentialAction":[{"@type":"CommentAction","name":"Comment","target":["https:\/\/vosgesinfo.fr\/saintdieinfo\/2025\/02\/lepanges-sur-vologne-conference-la-liberation-de-lepanges-et-environs-lavant-et-lapres-par-axel-balland\/#respond"]}]},{"@type":"WebPage","@id":"https:\/\/vosgesinfo.fr\/saintdieinfo\/2025\/02\/lepanges-sur-vologne-conference-la-liberation-de-lepanges-et-environs-lavant-et-lapres-par-axel-balland\/","url":"https:\/\/vosgesinfo.fr\/saintdieinfo\/2025\/02\/lepanges-sur-vologne-conference-la-liberation-de-lepanges-et-environs-lavant-et-lapres-par-axel-balland\/","name":"L\u00e9panges-sur-Vologne \u2013 Conf\u00e9rence \u00ab\u00a0La Lib\u00e9ration de L\u00e9panges et environs : l'avant et l'apr\u00e8s\u00a0\u00bb par Axel Balland - Saint Die Info","isPartOf":{"@id":"https:\/\/vosgesinfo.fr\/saintdieinfo\/#website"},"primaryImageOfPage":{"@id":"https:\/\/vosgesinfo.fr\/saintdieinfo\/2025\/02\/lepanges-sur-vologne-conference-la-liberation-de-lepanges-et-environs-lavant-et-lapres-par-axel-balland\/#primaryimage"},"image":{"@id":"https:\/\/vosgesinfo.fr\/saintdieinfo\/2025\/02\/lepanges-sur-vologne-conference-la-liberation-de-lepanges-et-environs-lavant-et-lapres-par-axel-balland\/#primaryimage"},"thumbnailUrl":"https:\/\/vosgesinfo.fr\/app\/uploads\/sites\/4\/2025\/02\/lepanges-sur-vologne-conference-axel-balland.jpg","datePublished":"2025-02-27T11:31:44+00:00","dateModified":"2025-02-27T11:20:57+00:00","breadcrumb":{"@id":"https:\/\/vosgesinfo.fr\/saintdieinfo\/2025\/02\/lepanges-sur-vologne-conference-la-liberation-de-lepanges-et-environs-lavant-et-lapres-par-axel-balland\/#breadcrumb"},"inLanguage":"fr-FR","potentialAction":[{"@type":"ReadAction","target":["https:\/\/vosgesinfo.fr\/saintdieinfo\/2025\/02\/lepanges-sur-vologne-conference-la-liberation-de-lepanges-et-environs-lavant-et-lapres-par-axel-balland\/"]}]},{"@type":"ImageObject","inLanguage":"fr-FR","@id":"https:\/\/vosgesinfo.fr\/saintdieinfo\/2025\/02\/lepanges-sur-vologne-conference-la-liberation-de-lepanges-et-environs-lavant-et-lapres-par-axel-balland\/#primaryimage","url":"https:\/\/vosgesinfo.fr\/app\/uploads\/sites\/4\/2025\/02\/lepanges-sur-vologne-conference-axel-balland.jpg","contentUrl":"https:\/\/vosgesinfo.fr\/app\/uploads\/sites\/4\/2025\/02\/lepanges-sur-vologne-conference-axel-balland.jpg","width":2048,"height":1159,"caption":"Vue g\u00e9n\u00e9rale du village de Fays pr\u00e8s de L\u00e9panges-sur-Vologne. A droite, la ferme des anc\u00eatres de l'historien."},{"@type":"BreadcrumbList","@id":"https:\/\/vosgesinfo.fr\/saintdieinfo\/2025\/02\/lepanges-sur-vologne-conference-la-liberation-de-lepanges-et-environs-lavant-et-lapres-par-axel-balland\/#breadcrumb","itemListElement":[{"@type":"ListItem","position":1,"name":"Home","item":"https:\/\/vosgesinfo.fr\/saintdieinfo\/"},{"@type":"ListItem","position":2,"name":"L\u00e9panges-sur-Vologne \u2013 Conf\u00e9rence \u00ab\u00a0La Lib\u00e9ration de L\u00e9panges et environs : l&rsquo;avant et l&rsquo;apr\u00e8s\u00a0\u00bb par Axel Balland"}]},{"@type":"WebSite","@id":"https:\/\/vosgesinfo.fr\/saintdieinfo\/#website","url":"https:\/\/vosgesinfo.fr\/saintdieinfo\/","name":"Saint Die Info","description":"Toute l&#039;actualit\u00e9 de Saint-Di\u00e9-Des-Vosges","publisher":{"@id":"https:\/\/vosgesinfo.fr\/saintdieinfo\/#organization"},"alternateName":"Toute l'actualit\u00e9 de Saint-Di\u00e9-Des-Vosges","potentialAction":[{"@type":"SearchAction","target":{"@type":"EntryPoint","urlTemplate":"https:\/\/vosgesinfo.fr\/saintdieinfo\/?s={search_term_string}"},"query-input":"required name=search_term_string"}],"inLanguage":"fr-FR"},{"@type":"Organization","@id":"https:\/\/vosgesinfo.fr\/saintdieinfo\/#organization","name":"Saint Die Info","url":"https:\/\/vosgesinfo.fr\/saintdieinfo\/","logo":{"@type":"ImageObject","inLanguage":"fr-FR","@id":"https:\/\/vosgesinfo.fr\/saintdieinfo\/#\/schema\/logo\/image\/","url":"https:\/\/vosgesinfo.fr\/app\/uploads\/sites\/4\/2024\/02\/logo-sdi.jpg","contentUrl":"https:\/\/vosgesinfo.fr\/app\/uploads\/sites\/4\/2024\/02\/logo-sdi.jpg","width":600,"height":600,"caption":"Saint Die Info"},"image":{"@id":"https:\/\/vosgesinfo.fr\/saintdieinfo\/#\/schema\/logo\/image\/"},"sameAs":["https:\/\/www.facebook.com\/Saintdieinfofr","https:\/\/x.com\/VosgesInfo88","https:\/\/www.youtube.com\/@vosgesinfo"]},{"@type":"Person","@id":"https:\/\/vosgesinfo.fr\/saintdieinfo\/#\/schema\/person\/fa73e9f726d67bb88f46d5b7943cb572","name":"J.J.","image":{"@type":"ImageObject","inLanguage":"fr-FR","@id":"https:\/\/vosgesinfo.fr\/saintdieinfo\/#\/schema\/person\/image\/","url":"https:\/\/secure.gravatar.com\/avatar\/219e749e47ffbcca018a360ae4add7d4cdf1cdaaf8bc7676b27efade3fe65615?s=96&d=mm&r=g","contentUrl":"https:\/\/secure.gravatar.com\/avatar\/219e749e47ffbcca018a360ae4add7d4cdf1cdaaf8bc7676b27efade3fe65615?s=96&d=mm&r=g","caption":"J.J."},"url":"https:\/\/vosgesinfo.fr\/saintdieinfo\/author\/j-j\/"}]}},"_links":{"self":[{"href":"https:\/\/vosgesinfo.fr\/saintdieinfo\/wp-json\/wp\/v2\/posts\/74524","targetHints":{"allow":["GET"]}}],"collection":[{"href":"https:\/\/vosgesinfo.fr\/saintdieinfo\/wp-json\/wp\/v2\/posts"}],"about":[{"href":"https:\/\/vosgesinfo.fr\/saintdieinfo\/wp-json\/wp\/v2\/types\/post"}],"author":[{"embeddable":true,"href":"https:\/\/vosgesinfo.fr\/saintdieinfo\/wp-json\/wp\/v2\/users\/46"}],"replies":[{"embeddable":true,"href":"https:\/\/vosgesinfo.fr\/saintdieinfo\/wp-json\/wp\/v2\/comments?post=74524"}],"version-history":[{"count":1,"href":"https:\/\/vosgesinfo.fr\/saintdieinfo\/wp-json\/wp\/v2\/posts\/74524\/revisions"}],"predecessor-version":[{"id":74526,"href":"https:\/\/vosgesinfo.fr\/saintdieinfo\/wp-json\/wp\/v2\/posts\/74524\/revisions\/74526"}],"wp:featuredmedia":[{"embeddable":true,"href":"https:\/\/vosgesinfo.fr\/saintdieinfo\/wp-json\/wp\/v2\/media\/74525"}],"wp:attachment":[{"href":"https:\/\/vosgesinfo.fr\/saintdieinfo\/wp-json\/wp\/v2\/media?parent=74524"}],"wp:term":[{"taxonomy":"category","embeddable":true,"href":"https:\/\/vosgesinfo.fr\/saintdieinfo\/wp-json\/wp\/v2\/categories?post=74524"},{"taxonomy":"post_tag","embeddable":true,"href":"https:\/\/vosgesinfo.fr\/saintdieinfo\/wp-json\/wp\/v2\/tags?post=74524"}],"curies":[{"name":"wp","href":"https:\/\/api.w.org\/{rel}","templated":true}]}}