{"id":74534,"date":"2025-02-27T15:45:20","date_gmt":"2025-02-27T14:45:20","guid":{"rendered":"https:\/\/vosgesinfo.fr\/saintdieinfo\/?p=74534"},"modified":"2025-02-27T15:32:15","modified_gmt":"2025-02-27T14:32:15","slug":"rn59-8-blesses-dans-un-accident-de-la-route-entre-moyenmoutier-et-raon-letape","status":"publish","type":"post","link":"https:\/\/vosgesinfo.fr\/saintdieinfo\/2025\/02\/rn59-8-blesses-dans-un-accident-de-la-route-entre-moyenmoutier-et-raon-letape\/","title":{"rendered":"RN59 \u2013 8 bless\u00e9s dans un accident de la route entre Moyenmoutier et Raon-l&rsquo;Etape"},"content":{"rendered":"<div id=\"attachment_74536\" style=\"width: 1034px\" class=\"wp-caption alignnone\"><a href=\"https:\/\/vosgesinfo.fr\/app\/uploads\/sites\/4\/2025\/02\/rn59-accident-7-voitures-scaled.jpg\"><img decoding=\"async\" aria-describedby=\"caption-attachment-74536\" class=\"size-large wp-image-74536\" src=\"https:\/\/vosgesinfo.fr\/app\/uploads\/sites\/4\/2025\/02\/rn59-accident-7-voitures-1024x634.jpg\" alt=\"\" width=\"1024\" height=\"634\" srcset=\"https:\/\/vosgesinfo.fr\/app\/uploads\/sites\/4\/2025\/02\/rn59-accident-7-voitures-1024x634.jpg 1024w, https:\/\/vosgesinfo.fr\/app\/uploads\/sites\/4\/2025\/02\/rn59-accident-7-voitures-300x186.jpg 300w, https:\/\/vosgesinfo.fr\/app\/uploads\/sites\/4\/2025\/02\/rn59-accident-7-voitures-768x475.jpg 768w, https:\/\/vosgesinfo.fr\/app\/uploads\/sites\/4\/2025\/02\/rn59-accident-7-voitures-1536x951.jpg 1536w, https:\/\/vosgesinfo.fr\/app\/uploads\/sites\/4\/2025\/02\/rn59-accident-7-voitures-2048x1267.jpg 2048w\" sizes=\"(max-width: 1024px) 100vw, 1024px\" \/><\/a><p id=\"caption-attachment-74536\" class=\"wp-caption-text\">L&rsquo;accident s&rsquo;est produit \u00e0 cet endroit. (Capture d&rsquo;\u00e9cran Google Maps)<\/p><\/div>\n<h2 data-start=\"0\" data-end=\"190\">Un <strong data-start=\"3\" data-end=\"37\">important accident de la route<\/strong> s&rsquo;est produit ce <strong data-start=\"55\" data-end=\"97\">jeudi en milieu de journ\u00e9e, vers 12h30<\/strong>, sur la <strong data-start=\"106\" data-end=\"140\">RN59 entre Moyenmoutier et Raon-l&rsquo;Etape<\/strong>, dans le sens <strong data-start=\"155\" data-end=\"187\">Saint-Di\u00e9-des-Vosges \u2013 Nancy<\/strong>.<\/h2>\n<p data-start=\"0\" data-end=\"190\"><!--more--><\/p>\n<p data-start=\"192\" data-end=\"579\"><strong data-start=\"192\" data-end=\"209\">Sept voitures<\/strong> sont entr\u00e9es en collision, impliquant <strong data-start=\"248\" data-end=\"266\">huit personnes<\/strong>. <strong data-start=\"268\" data-end=\"335\" data-is-only-node=\"\">Une personne a \u00e9t\u00e9 bless\u00e9e et s&rsquo;est trouv\u00e9e en urgence relative<\/strong>, tandis que <strong data-start=\"348\" data-end=\"395\">les sept autres ont \u00e9t\u00e9 l\u00e9g\u00e8rement bless\u00e9es<\/strong>. <strong data-start=\"397\" data-end=\"433\">Cinq bless\u00e9s ont \u00e9t\u00e9 transport\u00e9s<\/strong> vers les centres hospitaliers de <strong data-start=\"467\" data-end=\"504\">Saint-Di\u00e9-des-Vosges et Lun\u00e9ville<\/strong>, tandis que <strong data-start=\"517\" data-end=\"576\">trois personnes ont refus\u00e9 le transport vers un h\u00f4pital<\/strong>.<\/p>\n<p data-start=\"581\" data-end=\"832\" data-is-last-node=\"\" data-is-only-node=\"\">Une <strong data-start=\"585\" data-end=\"618\">vingtaine de sapeurs-pompiers<\/strong> sont intervenus sur cet accident, qui a entra\u00een\u00e9 <strong data-start=\"668\" data-end=\"745\">une coupure de la circulation<\/strong> sur les deux voies concern\u00e9es jusqu&rsquo;\u00e0 14h30. La circulation est actuellement<strong data-start=\"747\" data-end=\"832\" data-is-last-node=\"\"> r\u00e9tablie, <\/strong>mais sur <strong data-start=\"747\" data-end=\"832\" data-is-last-node=\"\">une seule voie<\/strong> pour l\u2019instant.<\/p>\n<p data-start=\"581\" data-end=\"832\" data-is-last-node=\"\" data-is-only-node=\"\">J.J.<\/p>\n","protected":false},"excerpt":{"rendered":"<p>Un important accident de la route s&rsquo;est produit ce jeudi en milieu de journ\u00e9e, vers 12h30, sur la RN59 entre [&hellip;]<\/p>\n","protected":false},"author":46,"featured_media":74536,"comment_status":"open","ping_status":"open","sticky":false,"template":"","format":"standard","meta":{"footnotes":""},"categories":[460,3903,2924],"tags":[16354,2002,3263,1017],"class_list":["post-74534","post","type-post","status-publish","format-standard","has-post-thumbnail","hentry","category-a-la-une","category-deodatie","category-fait-divers","tag-8-blesses-dans-un-accident-de-la-route-a-hauteur-a-moyenmoutier","tag-accident-de-la-route","tag-rn59","tag-sapeurs-pompiers-des-vosges"],"acf":[],"yoast_head":"<!-- This site is optimized with the Yoast SEO plugin v22.5 - https:\/\/yoast.com\/wordpress\/plugins\/seo\/ -->\n<title>RN59 \u2013 8 bless\u00e9s dans un accident de la route entre Moyenmoutier et Raon-l&#039;Etape - Saint Die Info<\/title>\n<meta name=\"robots\" content=\"index, follow, max-snippet:-1, max-image-preview:large, max-video-preview:-1\" \/>\n<link rel=\"canonical\" href=\"https:\/\/vosgesinfo.fr\/saintdieinfo\/2025\/02\/rn59-8-blesses-dans-un-accident-de-la-route-entre-moyenmoutier-et-raon-letape\/\" \/>\n<meta name=\"twitter:card\" content=\"summary_large_image\" \/>\n<meta name=\"twitter:title\" content=\"RN59 \u2013 8 bless\u00e9s dans un accident de la route entre Moyenmoutier et Raon-l&#039;Etape - Saint Die Info\" \/>\n<meta name=\"twitter:description\" content=\"Un important accident de la route s&rsquo;est produit ce jeudi en milieu de journ\u00e9e, vers 12h30, sur la RN59 entre [&hellip;]\" \/>\n<meta name=\"twitter:image\" content=\"https:\/\/vosgesinfo.fr\/app\/uploads\/sites\/4\/2025\/02\/rn59-accident-7-voitures-scaled.jpg\" \/>\n<meta name=\"twitter:creator\" content=\"@VosgesInfo88\" \/>\n<meta name=\"twitter:site\" content=\"@VosgesInfo88\" \/>\n<meta name=\"twitter:label1\" content=\"\u00c9crit par\" \/>\n\t<meta name=\"twitter:data1\" content=\"J.J.\" \/>\n\t<meta name=\"twitter:label2\" content=\"Dur\u00e9e de lecture estim\u00e9e\" \/>\n\t<meta name=\"twitter:data2\" content=\"1 minute\" \/>\n<script type=\"application\/ld+json\" class=\"yoast-schema-graph\">{\"@context\":\"https:\/\/schema.org\",\"@graph\":[{\"@type\":\"Article\",\"@id\":\"https:\/\/vosgesinfo.fr\/saintdieinfo\/2025\/02\/rn59-8-blesses-dans-un-accident-de-la-route-entre-moyenmoutier-et-raon-letape\/#article\",\"isPartOf\":{\"@id\":\"https:\/\/vosgesinfo.fr\/saintdieinfo\/2025\/02\/rn59-8-blesses-dans-un-accident-de-la-route-entre-moyenmoutier-et-raon-letape\/\"},\"author\":{\"name\":\"J.J.\",\"@id\":\"https:\/\/vosgesinfo.fr\/saintdieinfo\/#\/schema\/person\/fa73e9f726d67bb88f46d5b7943cb572\"},\"headline\":\"RN59 \u2013 8 bless\u00e9s dans un accident de la route entre Moyenmoutier et Raon-l&rsquo;Etape\",\"datePublished\":\"2025-02-27T14:45:20+00:00\",\"dateModified\":\"2025-02-27T14:32:15+00:00\",\"mainEntityOfPage\":{\"@id\":\"https:\/\/vosgesinfo.fr\/saintdieinfo\/2025\/02\/rn59-8-blesses-dans-un-accident-de-la-route-entre-moyenmoutier-et-raon-letape\/\"},\"wordCount\":172,\"commentCount\":0,\"publisher\":{\"@id\":\"https:\/\/vosgesinfo.fr\/saintdieinfo\/#organization\"},\"image\":{\"@id\":\"https:\/\/vosgesinfo.fr\/saintdieinfo\/2025\/02\/rn59-8-blesses-dans-un-accident-de-la-route-entre-moyenmoutier-et-raon-letape\/#primaryimage\"},\"thumbnailUrl\":\"https:\/\/vosgesinfo.fr\/app\/uploads\/sites\/4\/2025\/02\/rn59-accident-7-voitures-scaled.jpg\",\"keywords\":[\"8 bless\u00e9s dans un accident de la route \u00e0 hauteur \u00e0 Moyenmoutier\",\"accident de la route\",\"RN59\",\"sapeurs-pompiers des Vosges\"],\"articleSection\":[\"A la Une\",\"D\u00e9odatie\",\"Fait Divers\"],\"inLanguage\":\"fr-FR\",\"potentialAction\":[{\"@type\":\"CommentAction\",\"name\":\"Comment\",\"target\":[\"https:\/\/vosgesinfo.fr\/saintdieinfo\/2025\/02\/rn59-8-blesses-dans-un-accident-de-la-route-entre-moyenmoutier-et-raon-letape\/#respond\"]}]},{\"@type\":\"WebPage\",\"@id\":\"https:\/\/vosgesinfo.fr\/saintdieinfo\/2025\/02\/rn59-8-blesses-dans-un-accident-de-la-route-entre-moyenmoutier-et-raon-letape\/\",\"url\":\"https:\/\/vosgesinfo.fr\/saintdieinfo\/2025\/02\/rn59-8-blesses-dans-un-accident-de-la-route-entre-moyenmoutier-et-raon-letape\/\",\"name\":\"RN59 \u2013 8 bless\u00e9s dans un accident de la route entre Moyenmoutier et Raon-l'Etape - Saint Die Info\",\"isPartOf\":{\"@id\":\"https:\/\/vosgesinfo.fr\/saintdieinfo\/#website\"},\"primaryImageOfPage\":{\"@id\":\"https:\/\/vosgesinfo.fr\/saintdieinfo\/2025\/02\/rn59-8-blesses-dans-un-accident-de-la-route-entre-moyenmoutier-et-raon-letape\/#primaryimage\"},\"image\":{\"@id\":\"https:\/\/vosgesinfo.fr\/saintdieinfo\/2025\/02\/rn59-8-blesses-dans-un-accident-de-la-route-entre-moyenmoutier-et-raon-letape\/#primaryimage\"},\"thumbnailUrl\":\"https:\/\/vosgesinfo.fr\/app\/uploads\/sites\/4\/2025\/02\/rn59-accident-7-voitures-scaled.jpg\",\"datePublished\":\"2025-02-27T14:45:20+00:00\",\"dateModified\":\"2025-02-27T14:32:15+00:00\",\"breadcrumb\":{\"@id\":\"https:\/\/vosgesinfo.fr\/saintdieinfo\/2025\/02\/rn59-8-blesses-dans-un-accident-de-la-route-entre-moyenmoutier-et-raon-letape\/#breadcrumb\"},\"inLanguage\":\"fr-FR\",\"potentialAction\":[{\"@type\":\"ReadAction\",\"target\":[\"https:\/\/vosgesinfo.fr\/saintdieinfo\/2025\/02\/rn59-8-blesses-dans-un-accident-de-la-route-entre-moyenmoutier-et-raon-letape\/\"]}]},{\"@type\":\"ImageObject\",\"inLanguage\":\"fr-FR\",\"@id\":\"https:\/\/vosgesinfo.fr\/saintdieinfo\/2025\/02\/rn59-8-blesses-dans-un-accident-de-la-route-entre-moyenmoutier-et-raon-letape\/#primaryimage\",\"url\":\"https:\/\/vosgesinfo.fr\/app\/uploads\/sites\/4\/2025\/02\/rn59-accident-7-voitures-scaled.jpg\",\"contentUrl\":\"https:\/\/vosgesinfo.fr\/app\/uploads\/sites\/4\/2025\/02\/rn59-accident-7-voitures-scaled.jpg\",\"width\":2560,\"height\":1584,\"caption\":\"L'accident s'est produit \u00e0 cet endroit. (Capture d'\u00e9cran Google Maps)\"},{\"@type\":\"BreadcrumbList\",\"@id\":\"https:\/\/vosgesinfo.fr\/saintdieinfo\/2025\/02\/rn59-8-blesses-dans-un-accident-de-la-route-entre-moyenmoutier-et-raon-letape\/#breadcrumb\",\"itemListElement\":[{\"@type\":\"ListItem\",\"position\":1,\"name\":\"Home\",\"item\":\"https:\/\/vosgesinfo.fr\/saintdieinfo\/\"},{\"@type\":\"ListItem\",\"position\":2,\"name\":\"RN59 \u2013 8 bless\u00e9s dans un accident de la route entre Moyenmoutier et Raon-l&rsquo;Etape\"}]},{\"@type\":\"WebSite\",\"@id\":\"https:\/\/vosgesinfo.fr\/saintdieinfo\/#website\",\"url\":\"https:\/\/vosgesinfo.fr\/saintdieinfo\/\",\"name\":\"Saint Die Info\",\"description\":\"Toute l&#039;actualit\u00e9 de Saint-Di\u00e9-Des-Vosges\",\"publisher\":{\"@id\":\"https:\/\/vosgesinfo.fr\/saintdieinfo\/#organization\"},\"alternateName\":\"Toute l'actualit\u00e9 de Saint-Di\u00e9-Des-Vosges\",\"potentialAction\":[{\"@type\":\"SearchAction\",\"target\":{\"@type\":\"EntryPoint\",\"urlTemplate\":\"https:\/\/vosgesinfo.fr\/saintdieinfo\/?s={search_term_string}\"},\"query-input\":\"required name=search_term_string\"}],\"inLanguage\":\"fr-FR\"},{\"@type\":\"Organization\",\"@id\":\"https:\/\/vosgesinfo.fr\/saintdieinfo\/#organization\",\"name\":\"Saint Die Info\",\"url\":\"https:\/\/vosgesinfo.fr\/saintdieinfo\/\",\"logo\":{\"@type\":\"ImageObject\",\"inLanguage\":\"fr-FR\",\"@id\":\"https:\/\/vosgesinfo.fr\/saintdieinfo\/#\/schema\/logo\/image\/\",\"url\":\"https:\/\/vosgesinfo.fr\/app\/uploads\/sites\/4\/2024\/02\/logo-sdi.jpg\",\"contentUrl\":\"https:\/\/vosgesinfo.fr\/app\/uploads\/sites\/4\/2024\/02\/logo-sdi.jpg\",\"width\":600,\"height\":600,\"caption\":\"Saint Die Info\"},\"image\":{\"@id\":\"https:\/\/vosgesinfo.fr\/saintdieinfo\/#\/schema\/logo\/image\/\"},\"sameAs\":[\"https:\/\/www.facebook.com\/Saintdieinfofr\",\"https:\/\/x.com\/VosgesInfo88\",\"https:\/\/www.youtube.com\/@vosgesinfo\"]},{\"@type\":\"Person\",\"@id\":\"https:\/\/vosgesinfo.fr\/saintdieinfo\/#\/schema\/person\/fa73e9f726d67bb88f46d5b7943cb572\",\"name\":\"J.J.\",\"image\":{\"@type\":\"ImageObject\",\"inLanguage\":\"fr-FR\",\"@id\":\"https:\/\/vosgesinfo.fr\/saintdieinfo\/#\/schema\/person\/image\/\",\"url\":\"https:\/\/secure.gravatar.com\/avatar\/219e749e47ffbcca018a360ae4add7d4cdf1cdaaf8bc7676b27efade3fe65615?s=96&d=mm&r=g\",\"contentUrl\":\"https:\/\/secure.gravatar.com\/avatar\/219e749e47ffbcca018a360ae4add7d4cdf1cdaaf8bc7676b27efade3fe65615?s=96&d=mm&r=g\",\"caption\":\"J.J.\"},\"url\":\"https:\/\/vosgesinfo.fr\/saintdieinfo\/author\/j-j\/\"}]}<\/script>\n<!-- \/ Yoast SEO plugin. -->","yoast_head_json":{"title":"RN59 \u2013 8 bless\u00e9s dans un accident de la route entre Moyenmoutier et Raon-l'Etape - Saint Die Info","robots":{"index":"index","follow":"follow","max-snippet":"max-snippet:-1","max-image-preview":"max-image-preview:large","max-video-preview":"max-video-preview:-1"},"canonical":"https:\/\/vosgesinfo.fr\/saintdieinfo\/2025\/02\/rn59-8-blesses-dans-un-accident-de-la-route-entre-moyenmoutier-et-raon-letape\/","twitter_card":"summary_large_image","twitter_title":"RN59 \u2013 8 bless\u00e9s dans un accident de la route entre Moyenmoutier et Raon-l'Etape - Saint Die Info","twitter_description":"Un important accident de la route s&rsquo;est produit ce jeudi en milieu de journ\u00e9e, vers 12h30, sur la RN59 entre [&hellip;]","twitter_image":"https:\/\/vosgesinfo.fr\/app\/uploads\/sites\/4\/2025\/02\/rn59-accident-7-voitures-scaled.jpg","twitter_creator":"@VosgesInfo88","twitter_site":"@VosgesInfo88","twitter_misc":{"\u00c9crit par":"J.J.","Dur\u00e9e de lecture estim\u00e9e":"1 minute"},"schema":{"@context":"https:\/\/schema.org","@graph":[{"@type":"Article","@id":"https:\/\/vosgesinfo.fr\/saintdieinfo\/2025\/02\/rn59-8-blesses-dans-un-accident-de-la-route-entre-moyenmoutier-et-raon-letape\/#article","isPartOf":{"@id":"https:\/\/vosgesinfo.fr\/saintdieinfo\/2025\/02\/rn59-8-blesses-dans-un-accident-de-la-route-entre-moyenmoutier-et-raon-letape\/"},"author":{"name":"J.J.","@id":"https:\/\/vosgesinfo.fr\/saintdieinfo\/#\/schema\/person\/fa73e9f726d67bb88f46d5b7943cb572"},"headline":"RN59 \u2013 8 bless\u00e9s dans un accident de la route entre Moyenmoutier et Raon-l&rsquo;Etape","datePublished":"2025-02-27T14:45:20+00:00","dateModified":"2025-02-27T14:32:15+00:00","mainEntityOfPage":{"@id":"https:\/\/vosgesinfo.fr\/saintdieinfo\/2025\/02\/rn59-8-blesses-dans-un-accident-de-la-route-entre-moyenmoutier-et-raon-letape\/"},"wordCount":172,"commentCount":0,"publisher":{"@id":"https:\/\/vosgesinfo.fr\/saintdieinfo\/#organization"},"image":{"@id":"https:\/\/vosgesinfo.fr\/saintdieinfo\/2025\/02\/rn59-8-blesses-dans-un-accident-de-la-route-entre-moyenmoutier-et-raon-letape\/#primaryimage"},"thumbnailUrl":"https:\/\/vosgesinfo.fr\/app\/uploads\/sites\/4\/2025\/02\/rn59-accident-7-voitures-scaled.jpg","keywords":["8 bless\u00e9s dans un accident de la route \u00e0 hauteur \u00e0 Moyenmoutier","accident de la route","RN59","sapeurs-pompiers des Vosges"],"articleSection":["A la Une","D\u00e9odatie","Fait Divers"],"inLanguage":"fr-FR","potentialAction":[{"@type":"CommentAction","name":"Comment","target":["https:\/\/vosgesinfo.fr\/saintdieinfo\/2025\/02\/rn59-8-blesses-dans-un-accident-de-la-route-entre-moyenmoutier-et-raon-letape\/#respond"]}]},{"@type":"WebPage","@id":"https:\/\/vosgesinfo.fr\/saintdieinfo\/2025\/02\/rn59-8-blesses-dans-un-accident-de-la-route-entre-moyenmoutier-et-raon-letape\/","url":"https:\/\/vosgesinfo.fr\/saintdieinfo\/2025\/02\/rn59-8-blesses-dans-un-accident-de-la-route-entre-moyenmoutier-et-raon-letape\/","name":"RN59 \u2013 8 bless\u00e9s dans un accident de la route entre Moyenmoutier et Raon-l'Etape - Saint Die Info","isPartOf":{"@id":"https:\/\/vosgesinfo.fr\/saintdieinfo\/#website"},"primaryImageOfPage":{"@id":"https:\/\/vosgesinfo.fr\/saintdieinfo\/2025\/02\/rn59-8-blesses-dans-un-accident-de-la-route-entre-moyenmoutier-et-raon-letape\/#primaryimage"},"image":{"@id":"https:\/\/vosgesinfo.fr\/saintdieinfo\/2025\/02\/rn59-8-blesses-dans-un-accident-de-la-route-entre-moyenmoutier-et-raon-letape\/#primaryimage"},"thumbnailUrl":"https:\/\/vosgesinfo.fr\/app\/uploads\/sites\/4\/2025\/02\/rn59-accident-7-voitures-scaled.jpg","datePublished":"2025-02-27T14:45:20+00:00","dateModified":"2025-02-27T14:32:15+00:00","breadcrumb":{"@id":"https:\/\/vosgesinfo.fr\/saintdieinfo\/2025\/02\/rn59-8-blesses-dans-un-accident-de-la-route-entre-moyenmoutier-et-raon-letape\/#breadcrumb"},"inLanguage":"fr-FR","potentialAction":[{"@type":"ReadAction","target":["https:\/\/vosgesinfo.fr\/saintdieinfo\/2025\/02\/rn59-8-blesses-dans-un-accident-de-la-route-entre-moyenmoutier-et-raon-letape\/"]}]},{"@type":"ImageObject","inLanguage":"fr-FR","@id":"https:\/\/vosgesinfo.fr\/saintdieinfo\/2025\/02\/rn59-8-blesses-dans-un-accident-de-la-route-entre-moyenmoutier-et-raon-letape\/#primaryimage","url":"https:\/\/vosgesinfo.fr\/app\/uploads\/sites\/4\/2025\/02\/rn59-accident-7-voitures-scaled.jpg","contentUrl":"https:\/\/vosgesinfo.fr\/app\/uploads\/sites\/4\/2025\/02\/rn59-accident-7-voitures-scaled.jpg","width":2560,"height":1584,"caption":"L'accident s'est produit \u00e0 cet endroit. (Capture d'\u00e9cran Google Maps)"},{"@type":"BreadcrumbList","@id":"https:\/\/vosgesinfo.fr\/saintdieinfo\/2025\/02\/rn59-8-blesses-dans-un-accident-de-la-route-entre-moyenmoutier-et-raon-letape\/#breadcrumb","itemListElement":[{"@type":"ListItem","position":1,"name":"Home","item":"https:\/\/vosgesinfo.fr\/saintdieinfo\/"},{"@type":"ListItem","position":2,"name":"RN59 \u2013 8 bless\u00e9s dans un accident de la route entre Moyenmoutier et Raon-l&rsquo;Etape"}]},{"@type":"WebSite","@id":"https:\/\/vosgesinfo.fr\/saintdieinfo\/#website","url":"https:\/\/vosgesinfo.fr\/saintdieinfo\/","name":"Saint Die Info","description":"Toute l&#039;actualit\u00e9 de Saint-Di\u00e9-Des-Vosges","publisher":{"@id":"https:\/\/vosgesinfo.fr\/saintdieinfo\/#organization"},"alternateName":"Toute l'actualit\u00e9 de Saint-Di\u00e9-Des-Vosges","potentialAction":[{"@type":"SearchAction","target":{"@type":"EntryPoint","urlTemplate":"https:\/\/vosgesinfo.fr\/saintdieinfo\/?s={search_term_string}"},"query-input":"required name=search_term_string"}],"inLanguage":"fr-FR"},{"@type":"Organization","@id":"https:\/\/vosgesinfo.fr\/saintdieinfo\/#organization","name":"Saint Die Info","url":"https:\/\/vosgesinfo.fr\/saintdieinfo\/","logo":{"@type":"ImageObject","inLanguage":"fr-FR","@id":"https:\/\/vosgesinfo.fr\/saintdieinfo\/#\/schema\/logo\/image\/","url":"https:\/\/vosgesinfo.fr\/app\/uploads\/sites\/4\/2024\/02\/logo-sdi.jpg","contentUrl":"https:\/\/vosgesinfo.fr\/app\/uploads\/sites\/4\/2024\/02\/logo-sdi.jpg","width":600,"height":600,"caption":"Saint Die Info"},"image":{"@id":"https:\/\/vosgesinfo.fr\/saintdieinfo\/#\/schema\/logo\/image\/"},"sameAs":["https:\/\/www.facebook.com\/Saintdieinfofr","https:\/\/x.com\/VosgesInfo88","https:\/\/www.youtube.com\/@vosgesinfo"]},{"@type":"Person","@id":"https:\/\/vosgesinfo.fr\/saintdieinfo\/#\/schema\/person\/fa73e9f726d67bb88f46d5b7943cb572","name":"J.J.","image":{"@type":"ImageObject","inLanguage":"fr-FR","@id":"https:\/\/vosgesinfo.fr\/saintdieinfo\/#\/schema\/person\/image\/","url":"https:\/\/secure.gravatar.com\/avatar\/219e749e47ffbcca018a360ae4add7d4cdf1cdaaf8bc7676b27efade3fe65615?s=96&d=mm&r=g","contentUrl":"https:\/\/secure.gravatar.com\/avatar\/219e749e47ffbcca018a360ae4add7d4cdf1cdaaf8bc7676b27efade3fe65615?s=96&d=mm&r=g","caption":"J.J."},"url":"https:\/\/vosgesinfo.fr\/saintdieinfo\/author\/j-j\/"}]}},"_links":{"self":[{"href":"https:\/\/vosgesinfo.fr\/saintdieinfo\/wp-json\/wp\/v2\/posts\/74534","targetHints":{"allow":["GET"]}}],"collection":[{"href":"https:\/\/vosgesinfo.fr\/saintdieinfo\/wp-json\/wp\/v2\/posts"}],"about":[{"href":"https:\/\/vosgesinfo.fr\/saintdieinfo\/wp-json\/wp\/v2\/types\/post"}],"author":[{"embeddable":true,"href":"https:\/\/vosgesinfo.fr\/saintdieinfo\/wp-json\/wp\/v2\/users\/46"}],"replies":[{"embeddable":true,"href":"https:\/\/vosgesinfo.fr\/saintdieinfo\/wp-json\/wp\/v2\/comments?post=74534"}],"version-history":[{"count":2,"href":"https:\/\/vosgesinfo.fr\/saintdieinfo\/wp-json\/wp\/v2\/posts\/74534\/revisions"}],"predecessor-version":[{"id":74537,"href":"https:\/\/vosgesinfo.fr\/saintdieinfo\/wp-json\/wp\/v2\/posts\/74534\/revisions\/74537"}],"wp:featuredmedia":[{"embeddable":true,"href":"https:\/\/vosgesinfo.fr\/saintdieinfo\/wp-json\/wp\/v2\/media\/74536"}],"wp:attachment":[{"href":"https:\/\/vosgesinfo.fr\/saintdieinfo\/wp-json\/wp\/v2\/media?parent=74534"}],"wp:term":[{"taxonomy":"category","embeddable":true,"href":"https:\/\/vosgesinfo.fr\/saintdieinfo\/wp-json\/wp\/v2\/categories?post=74534"},{"taxonomy":"post_tag","embeddable":true,"href":"https:\/\/vosgesinfo.fr\/saintdieinfo\/wp-json\/wp\/v2\/tags?post=74534"}],"curies":[{"name":"wp","href":"https:\/\/api.w.org\/{rel}","templated":true}]}}