{"id":74720,"date":"2025-03-05T09:16:55","date_gmt":"2025-03-05T08:16:55","guid":{"rendered":"https:\/\/vosgesinfo.fr\/saintdieinfo\/?p=74720"},"modified":"2025-03-05T09:05:56","modified_gmt":"2025-03-05T08:05:56","slug":"quart-dheure-de-lecture-national-immersion-dans-un-texte-de-nicolas-mathieu-a-la-librairie-le-neuf","status":"publish","type":"post","link":"https:\/\/vosgesinfo.fr\/saintdieinfo\/2025\/03\/quart-dheure-de-lecture-national-immersion-dans-un-texte-de-nicolas-mathieu-a-la-librairie-le-neuf\/","title":{"rendered":"Quart d&rsquo;heure de lecture national\u00a0: immersion dans un texte de Nicolas Mathieu \u00e0 la Librairie Le Neuf"},"content":{"rendered":"<h2>Dans le cadre du <strong>Quart d\u2019heure de lecture national<\/strong>, du <strong>Centre National du Livre<\/strong>, et en amont du festival <strong>Polar sur Meurthe<\/strong>, la librairie <strong>Le Neuf<\/strong> propose une lecture publique d&rsquo;extraits du texte <strong>\u00ab Rose Royal \u00bb<\/strong>, du romancier vosgien et <strong>Prix Goncourt 2018<\/strong> <strong>Nicolas Mathieu<\/strong>.<\/h2>\n<p><!--more--><\/p>\n<p>Rendez-vous le <strong>mardi 11 mars<\/strong> prochain \u00e0 <strong>10h30<\/strong>, en ext\u00e9rieur <strong>si<\/strong> la m\u00e9t\u00e9o le permet ou, sinon, au premier \u00e9tage de la librairie d\u00e9odatienne. Durant <strong>quinze minutes<\/strong> de lecture et de partage, chacun pourra lire, dans l&rsquo;ordre ou dans le d\u00e9sordre, un extrait de <strong>\u00ab Rose Royal \u00bb<\/strong>. L&rsquo;occasion de d\u00e9couvrir \u2013 ou de red\u00e9couvrir \u2013 cette \u0153uvre litt\u00e9raire.<\/p>\n<h3>Rose Royal, de Nicolas Mathieu<\/h3>\n<p><em>Chaque soir apr\u00e8s le boulot, Rose se rend au Royal, un rade comme il y en a partout, o\u00f9 elle boit trop et trompe sa solitude avec quelques c\u0153urs f\u00eal\u00e9s du m\u00eame genre. Parce qu&rsquo;\u00e0 cinquante ans pass\u00e9s, Rose a bien morfl\u00e9. Dans sa vie, l&rsquo;amour sans doute a trop compt\u00e9 et, de tendresses exp\u00e9ditives en col\u00e8res interminables, a presque toujours fait mal. Alors, elle s&rsquo;est jur\u00e9 un truc : plus jamais on ne la fera souffrir. Dans son sac \u00e0 main, un r\u00e9volver leste cette promesse d&rsquo;un poids sans \u00e9quivoque. C&rsquo;\u00e9tait sans compter sur sa rencontre avec Luc, une nuit, au Royal&#8230;<\/em><\/p>\n<p><em>Chronique d&rsquo;une passion pi\u00e9g\u00e9e, de l&rsquo;asservissement et de la peau, Rose Royal retrace l&rsquo;histoire implacable d&rsquo;une femme d\u00e9cid\u00e9e \u00e0 rendre les coups. L&rsquo;histoire d&rsquo;un dernier amour, aussi, celui dont on ne revient pas.<\/em><\/p>\n<p><em>Cette novella noire est ici suivie d&rsquo;un texte in\u00e9dit, enti\u00e8rement revu par l&rsquo;auteur, portrait d&rsquo;un ancien magistrat abandonn\u00e9 par l&rsquo;appareil judiciaire, dans lequel Nicolas Mathieu d\u00e9peint avec toujours autant de justesse l&rsquo;affection entre un vieil homme d\u00e9pass\u00e9 par les ann\u00e9es et un m\u00f4me paum\u00e9 dans son \u00e9poque.<\/em><\/p>\n<p><a href=\"https:\/\/vosgesinfo.fr\/app\/uploads\/sites\/4\/2025\/03\/rose-royal-nicolas-mathieu.jpg\"><img decoding=\"async\" class=\"alignnone size-full wp-image-74722\" src=\"https:\/\/vosgesinfo.fr\/app\/uploads\/sites\/4\/2025\/03\/rose-royal-nicolas-mathieu.jpg\" alt=\"\" width=\"468\" height=\"749\" srcset=\"https:\/\/vosgesinfo.fr\/app\/uploads\/sites\/4\/2025\/03\/rose-royal-nicolas-mathieu.jpg 468w, https:\/\/vosgesinfo.fr\/app\/uploads\/sites\/4\/2025\/03\/rose-royal-nicolas-mathieu-187x300.jpg 187w\" sizes=\"(max-width: 468px) 100vw, 468px\" \/><\/a><\/p>\n","protected":false},"excerpt":{"rendered":"<p>Dans le cadre du Quart d\u2019heure de lecture national, du Centre National du Livre, et en amont du festival Polar [&hellip;]<\/p>\n","protected":false},"author":46,"featured_media":74721,"comment_status":"open","ping_status":"open","sticky":false,"template":"","format":"standard","meta":{"footnotes":""},"categories":[3900,8090,167],"tags":[6527,3192,3258,13914,16405],"class_list":["post-74720","post","type-post","status-publish","format-standard","has-post-thumbnail","hentry","category-breves","category-litterature","category-saint-die-des-vosges","tag-centre-national-du-livre","tag-librairie-le-neuf","tag-nicolas-mathieu","tag-quart-dheure-de-lecture-national","tag-rose-royal"],"acf":[],"yoast_head":"<!-- This site is optimized with the Yoast SEO plugin v22.5 - https:\/\/yoast.com\/wordpress\/plugins\/seo\/ -->\n<title>Quart d&#039;heure de lecture national\u00a0: immersion dans un texte de Nicolas Mathieu \u00e0 la Librairie Le Neuf - Saint Die Info<\/title>\n<meta name=\"robots\" content=\"index, follow, max-snippet:-1, max-image-preview:large, max-video-preview:-1\" \/>\n<link rel=\"canonical\" href=\"https:\/\/vosgesinfo.fr\/saintdieinfo\/2025\/03\/quart-dheure-de-lecture-national-immersion-dans-un-texte-de-nicolas-mathieu-a-la-librairie-le-neuf\/\" \/>\n<meta name=\"twitter:card\" content=\"summary_large_image\" \/>\n<meta name=\"twitter:title\" content=\"Quart d&#039;heure de lecture national\u00a0: immersion dans un texte de Nicolas Mathieu \u00e0 la Librairie Le Neuf - Saint Die Info\" \/>\n<meta name=\"twitter:description\" content=\"Dans le cadre du Quart d\u2019heure de lecture national, du Centre National du Livre, et en amont du festival Polar [&hellip;]\" \/>\n<meta name=\"twitter:image\" content=\"https:\/\/vosgesinfo.fr\/app\/uploads\/sites\/4\/2025\/03\/quart-dheure-lecture-librairie-le-neuf.jpg\" \/>\n<meta name=\"twitter:creator\" content=\"@VosgesInfo88\" \/>\n<meta name=\"twitter:site\" content=\"@VosgesInfo88\" \/>\n<meta name=\"twitter:label1\" content=\"\u00c9crit par\" \/>\n\t<meta name=\"twitter:data1\" content=\"J.J.\" \/>\n\t<meta name=\"twitter:label2\" content=\"Dur\u00e9e de lecture estim\u00e9e\" \/>\n\t<meta name=\"twitter:data2\" content=\"2 minutes\" \/>\n<script type=\"application\/ld+json\" class=\"yoast-schema-graph\">{\"@context\":\"https:\/\/schema.org\",\"@graph\":[{\"@type\":\"Article\",\"@id\":\"https:\/\/vosgesinfo.fr\/saintdieinfo\/2025\/03\/quart-dheure-de-lecture-national-immersion-dans-un-texte-de-nicolas-mathieu-a-la-librairie-le-neuf\/#article\",\"isPartOf\":{\"@id\":\"https:\/\/vosgesinfo.fr\/saintdieinfo\/2025\/03\/quart-dheure-de-lecture-national-immersion-dans-un-texte-de-nicolas-mathieu-a-la-librairie-le-neuf\/\"},\"author\":{\"name\":\"J.J.\",\"@id\":\"https:\/\/vosgesinfo.fr\/saintdieinfo\/#\/schema\/person\/fa73e9f726d67bb88f46d5b7943cb572\"},\"headline\":\"Quart d&rsquo;heure de lecture national\u00a0: immersion dans un texte de Nicolas Mathieu \u00e0 la Librairie Le Neuf\",\"datePublished\":\"2025-03-05T08:16:55+00:00\",\"dateModified\":\"2025-03-05T08:05:56+00:00\",\"mainEntityOfPage\":{\"@id\":\"https:\/\/vosgesinfo.fr\/saintdieinfo\/2025\/03\/quart-dheure-de-lecture-national-immersion-dans-un-texte-de-nicolas-mathieu-a-la-librairie-le-neuf\/\"},\"wordCount\":344,\"commentCount\":1,\"publisher\":{\"@id\":\"https:\/\/vosgesinfo.fr\/saintdieinfo\/#organization\"},\"image\":{\"@id\":\"https:\/\/vosgesinfo.fr\/saintdieinfo\/2025\/03\/quart-dheure-de-lecture-national-immersion-dans-un-texte-de-nicolas-mathieu-a-la-librairie-le-neuf\/#primaryimage\"},\"thumbnailUrl\":\"https:\/\/vosgesinfo.fr\/app\/uploads\/sites\/4\/2025\/03\/quart-dheure-lecture-librairie-le-neuf.jpg\",\"keywords\":[\"Centre National du Livre\",\"Librairie Le Neuf\",\"Nicolas Mathieu\",\"Quart d'heure de lecture national\",\"Rose Royal\"],\"articleSection\":[\"Br\u00e8ves\",\"Litt\u00e9rature\",\"Saint-Di\u00e9-des-Vosges\"],\"inLanguage\":\"fr-FR\",\"potentialAction\":[{\"@type\":\"CommentAction\",\"name\":\"Comment\",\"target\":[\"https:\/\/vosgesinfo.fr\/saintdieinfo\/2025\/03\/quart-dheure-de-lecture-national-immersion-dans-un-texte-de-nicolas-mathieu-a-la-librairie-le-neuf\/#respond\"]}]},{\"@type\":\"WebPage\",\"@id\":\"https:\/\/vosgesinfo.fr\/saintdieinfo\/2025\/03\/quart-dheure-de-lecture-national-immersion-dans-un-texte-de-nicolas-mathieu-a-la-librairie-le-neuf\/\",\"url\":\"https:\/\/vosgesinfo.fr\/saintdieinfo\/2025\/03\/quart-dheure-de-lecture-national-immersion-dans-un-texte-de-nicolas-mathieu-a-la-librairie-le-neuf\/\",\"name\":\"Quart d'heure de lecture national\u00a0: immersion dans un texte de Nicolas Mathieu \u00e0 la Librairie Le Neuf - Saint Die Info\",\"isPartOf\":{\"@id\":\"https:\/\/vosgesinfo.fr\/saintdieinfo\/#website\"},\"primaryImageOfPage\":{\"@id\":\"https:\/\/vosgesinfo.fr\/saintdieinfo\/2025\/03\/quart-dheure-de-lecture-national-immersion-dans-un-texte-de-nicolas-mathieu-a-la-librairie-le-neuf\/#primaryimage\"},\"image\":{\"@id\":\"https:\/\/vosgesinfo.fr\/saintdieinfo\/2025\/03\/quart-dheure-de-lecture-national-immersion-dans-un-texte-de-nicolas-mathieu-a-la-librairie-le-neuf\/#primaryimage\"},\"thumbnailUrl\":\"https:\/\/vosgesinfo.fr\/app\/uploads\/sites\/4\/2025\/03\/quart-dheure-lecture-librairie-le-neuf.jpg\",\"datePublished\":\"2025-03-05T08:16:55+00:00\",\"dateModified\":\"2025-03-05T08:05:56+00:00\",\"breadcrumb\":{\"@id\":\"https:\/\/vosgesinfo.fr\/saintdieinfo\/2025\/03\/quart-dheure-de-lecture-national-immersion-dans-un-texte-de-nicolas-mathieu-a-la-librairie-le-neuf\/#breadcrumb\"},\"inLanguage\":\"fr-FR\",\"potentialAction\":[{\"@type\":\"ReadAction\",\"target\":[\"https:\/\/vosgesinfo.fr\/saintdieinfo\/2025\/03\/quart-dheure-de-lecture-national-immersion-dans-un-texte-de-nicolas-mathieu-a-la-librairie-le-neuf\/\"]}]},{\"@type\":\"ImageObject\",\"inLanguage\":\"fr-FR\",\"@id\":\"https:\/\/vosgesinfo.fr\/saintdieinfo\/2025\/03\/quart-dheure-de-lecture-national-immersion-dans-un-texte-de-nicolas-mathieu-a-la-librairie-le-neuf\/#primaryimage\",\"url\":\"https:\/\/vosgesinfo.fr\/app\/uploads\/sites\/4\/2025\/03\/quart-dheure-lecture-librairie-le-neuf.jpg\",\"contentUrl\":\"https:\/\/vosgesinfo.fr\/app\/uploads\/sites\/4\/2025\/03\/quart-dheure-lecture-librairie-le-neuf.jpg\",\"width\":583,\"height\":556},{\"@type\":\"BreadcrumbList\",\"@id\":\"https:\/\/vosgesinfo.fr\/saintdieinfo\/2025\/03\/quart-dheure-de-lecture-national-immersion-dans-un-texte-de-nicolas-mathieu-a-la-librairie-le-neuf\/#breadcrumb\",\"itemListElement\":[{\"@type\":\"ListItem\",\"position\":1,\"name\":\"Home\",\"item\":\"https:\/\/vosgesinfo.fr\/saintdieinfo\/\"},{\"@type\":\"ListItem\",\"position\":2,\"name\":\"Quart d&rsquo;heure de lecture national\u00a0: immersion dans un texte de Nicolas Mathieu \u00e0 la Librairie Le Neuf\"}]},{\"@type\":\"WebSite\",\"@id\":\"https:\/\/vosgesinfo.fr\/saintdieinfo\/#website\",\"url\":\"https:\/\/vosgesinfo.fr\/saintdieinfo\/\",\"name\":\"Saint Die Info\",\"description\":\"Toute l&#039;actualit\u00e9 de Saint-Di\u00e9-Des-Vosges\",\"publisher\":{\"@id\":\"https:\/\/vosgesinfo.fr\/saintdieinfo\/#organization\"},\"alternateName\":\"Toute l'actualit\u00e9 de Saint-Di\u00e9-Des-Vosges\",\"potentialAction\":[{\"@type\":\"SearchAction\",\"target\":{\"@type\":\"EntryPoint\",\"urlTemplate\":\"https:\/\/vosgesinfo.fr\/saintdieinfo\/?s={search_term_string}\"},\"query-input\":\"required name=search_term_string\"}],\"inLanguage\":\"fr-FR\"},{\"@type\":\"Organization\",\"@id\":\"https:\/\/vosgesinfo.fr\/saintdieinfo\/#organization\",\"name\":\"Saint Die Info\",\"url\":\"https:\/\/vosgesinfo.fr\/saintdieinfo\/\",\"logo\":{\"@type\":\"ImageObject\",\"inLanguage\":\"fr-FR\",\"@id\":\"https:\/\/vosgesinfo.fr\/saintdieinfo\/#\/schema\/logo\/image\/\",\"url\":\"https:\/\/vosgesinfo.fr\/app\/uploads\/sites\/4\/2024\/02\/logo-sdi.jpg\",\"contentUrl\":\"https:\/\/vosgesinfo.fr\/app\/uploads\/sites\/4\/2024\/02\/logo-sdi.jpg\",\"width\":600,\"height\":600,\"caption\":\"Saint Die Info\"},\"image\":{\"@id\":\"https:\/\/vosgesinfo.fr\/saintdieinfo\/#\/schema\/logo\/image\/\"},\"sameAs\":[\"https:\/\/www.facebook.com\/Saintdieinfofr\",\"https:\/\/x.com\/VosgesInfo88\",\"https:\/\/www.youtube.com\/@vosgesinfo\"]},{\"@type\":\"Person\",\"@id\":\"https:\/\/vosgesinfo.fr\/saintdieinfo\/#\/schema\/person\/fa73e9f726d67bb88f46d5b7943cb572\",\"name\":\"J.J.\",\"image\":{\"@type\":\"ImageObject\",\"inLanguage\":\"fr-FR\",\"@id\":\"https:\/\/vosgesinfo.fr\/saintdieinfo\/#\/schema\/person\/image\/\",\"url\":\"https:\/\/secure.gravatar.com\/avatar\/219e749e47ffbcca018a360ae4add7d4cdf1cdaaf8bc7676b27efade3fe65615?s=96&d=mm&r=g\",\"contentUrl\":\"https:\/\/secure.gravatar.com\/avatar\/219e749e47ffbcca018a360ae4add7d4cdf1cdaaf8bc7676b27efade3fe65615?s=96&d=mm&r=g\",\"caption\":\"J.J.\"},\"url\":\"https:\/\/vosgesinfo.fr\/saintdieinfo\/author\/j-j\/\"}]}<\/script>\n<!-- \/ Yoast SEO plugin. -->","yoast_head_json":{"title":"Quart d'heure de lecture national\u00a0: immersion dans un texte de Nicolas Mathieu \u00e0 la Librairie Le Neuf - Saint Die Info","robots":{"index":"index","follow":"follow","max-snippet":"max-snippet:-1","max-image-preview":"max-image-preview:large","max-video-preview":"max-video-preview:-1"},"canonical":"https:\/\/vosgesinfo.fr\/saintdieinfo\/2025\/03\/quart-dheure-de-lecture-national-immersion-dans-un-texte-de-nicolas-mathieu-a-la-librairie-le-neuf\/","twitter_card":"summary_large_image","twitter_title":"Quart d'heure de lecture national\u00a0: immersion dans un texte de Nicolas Mathieu \u00e0 la Librairie Le Neuf - Saint Die Info","twitter_description":"Dans le cadre du Quart d\u2019heure de lecture national, du Centre National du Livre, et en amont du festival Polar [&hellip;]","twitter_image":"https:\/\/vosgesinfo.fr\/app\/uploads\/sites\/4\/2025\/03\/quart-dheure-lecture-librairie-le-neuf.jpg","twitter_creator":"@VosgesInfo88","twitter_site":"@VosgesInfo88","twitter_misc":{"\u00c9crit par":"J.J.","Dur\u00e9e de lecture estim\u00e9e":"2 minutes"},"schema":{"@context":"https:\/\/schema.org","@graph":[{"@type":"Article","@id":"https:\/\/vosgesinfo.fr\/saintdieinfo\/2025\/03\/quart-dheure-de-lecture-national-immersion-dans-un-texte-de-nicolas-mathieu-a-la-librairie-le-neuf\/#article","isPartOf":{"@id":"https:\/\/vosgesinfo.fr\/saintdieinfo\/2025\/03\/quart-dheure-de-lecture-national-immersion-dans-un-texte-de-nicolas-mathieu-a-la-librairie-le-neuf\/"},"author":{"name":"J.J.","@id":"https:\/\/vosgesinfo.fr\/saintdieinfo\/#\/schema\/person\/fa73e9f726d67bb88f46d5b7943cb572"},"headline":"Quart d&rsquo;heure de lecture national\u00a0: immersion dans un texte de Nicolas Mathieu \u00e0 la Librairie Le Neuf","datePublished":"2025-03-05T08:16:55+00:00","dateModified":"2025-03-05T08:05:56+00:00","mainEntityOfPage":{"@id":"https:\/\/vosgesinfo.fr\/saintdieinfo\/2025\/03\/quart-dheure-de-lecture-national-immersion-dans-un-texte-de-nicolas-mathieu-a-la-librairie-le-neuf\/"},"wordCount":344,"commentCount":1,"publisher":{"@id":"https:\/\/vosgesinfo.fr\/saintdieinfo\/#organization"},"image":{"@id":"https:\/\/vosgesinfo.fr\/saintdieinfo\/2025\/03\/quart-dheure-de-lecture-national-immersion-dans-un-texte-de-nicolas-mathieu-a-la-librairie-le-neuf\/#primaryimage"},"thumbnailUrl":"https:\/\/vosgesinfo.fr\/app\/uploads\/sites\/4\/2025\/03\/quart-dheure-lecture-librairie-le-neuf.jpg","keywords":["Centre National du Livre","Librairie Le Neuf","Nicolas Mathieu","Quart d'heure de lecture national","Rose Royal"],"articleSection":["Br\u00e8ves","Litt\u00e9rature","Saint-Di\u00e9-des-Vosges"],"inLanguage":"fr-FR","potentialAction":[{"@type":"CommentAction","name":"Comment","target":["https:\/\/vosgesinfo.fr\/saintdieinfo\/2025\/03\/quart-dheure-de-lecture-national-immersion-dans-un-texte-de-nicolas-mathieu-a-la-librairie-le-neuf\/#respond"]}]},{"@type":"WebPage","@id":"https:\/\/vosgesinfo.fr\/saintdieinfo\/2025\/03\/quart-dheure-de-lecture-national-immersion-dans-un-texte-de-nicolas-mathieu-a-la-librairie-le-neuf\/","url":"https:\/\/vosgesinfo.fr\/saintdieinfo\/2025\/03\/quart-dheure-de-lecture-national-immersion-dans-un-texte-de-nicolas-mathieu-a-la-librairie-le-neuf\/","name":"Quart d'heure de lecture national\u00a0: immersion dans un texte de Nicolas Mathieu \u00e0 la Librairie Le Neuf - Saint Die Info","isPartOf":{"@id":"https:\/\/vosgesinfo.fr\/saintdieinfo\/#website"},"primaryImageOfPage":{"@id":"https:\/\/vosgesinfo.fr\/saintdieinfo\/2025\/03\/quart-dheure-de-lecture-national-immersion-dans-un-texte-de-nicolas-mathieu-a-la-librairie-le-neuf\/#primaryimage"},"image":{"@id":"https:\/\/vosgesinfo.fr\/saintdieinfo\/2025\/03\/quart-dheure-de-lecture-national-immersion-dans-un-texte-de-nicolas-mathieu-a-la-librairie-le-neuf\/#primaryimage"},"thumbnailUrl":"https:\/\/vosgesinfo.fr\/app\/uploads\/sites\/4\/2025\/03\/quart-dheure-lecture-librairie-le-neuf.jpg","datePublished":"2025-03-05T08:16:55+00:00","dateModified":"2025-03-05T08:05:56+00:00","breadcrumb":{"@id":"https:\/\/vosgesinfo.fr\/saintdieinfo\/2025\/03\/quart-dheure-de-lecture-national-immersion-dans-un-texte-de-nicolas-mathieu-a-la-librairie-le-neuf\/#breadcrumb"},"inLanguage":"fr-FR","potentialAction":[{"@type":"ReadAction","target":["https:\/\/vosgesinfo.fr\/saintdieinfo\/2025\/03\/quart-dheure-de-lecture-national-immersion-dans-un-texte-de-nicolas-mathieu-a-la-librairie-le-neuf\/"]}]},{"@type":"ImageObject","inLanguage":"fr-FR","@id":"https:\/\/vosgesinfo.fr\/saintdieinfo\/2025\/03\/quart-dheure-de-lecture-national-immersion-dans-un-texte-de-nicolas-mathieu-a-la-librairie-le-neuf\/#primaryimage","url":"https:\/\/vosgesinfo.fr\/app\/uploads\/sites\/4\/2025\/03\/quart-dheure-lecture-librairie-le-neuf.jpg","contentUrl":"https:\/\/vosgesinfo.fr\/app\/uploads\/sites\/4\/2025\/03\/quart-dheure-lecture-librairie-le-neuf.jpg","width":583,"height":556},{"@type":"BreadcrumbList","@id":"https:\/\/vosgesinfo.fr\/saintdieinfo\/2025\/03\/quart-dheure-de-lecture-national-immersion-dans-un-texte-de-nicolas-mathieu-a-la-librairie-le-neuf\/#breadcrumb","itemListElement":[{"@type":"ListItem","position":1,"name":"Home","item":"https:\/\/vosgesinfo.fr\/saintdieinfo\/"},{"@type":"ListItem","position":2,"name":"Quart d&rsquo;heure de lecture national\u00a0: immersion dans un texte de Nicolas Mathieu \u00e0 la Librairie Le Neuf"}]},{"@type":"WebSite","@id":"https:\/\/vosgesinfo.fr\/saintdieinfo\/#website","url":"https:\/\/vosgesinfo.fr\/saintdieinfo\/","name":"Saint Die Info","description":"Toute l&#039;actualit\u00e9 de Saint-Di\u00e9-Des-Vosges","publisher":{"@id":"https:\/\/vosgesinfo.fr\/saintdieinfo\/#organization"},"alternateName":"Toute l'actualit\u00e9 de Saint-Di\u00e9-Des-Vosges","potentialAction":[{"@type":"SearchAction","target":{"@type":"EntryPoint","urlTemplate":"https:\/\/vosgesinfo.fr\/saintdieinfo\/?s={search_term_string}"},"query-input":"required name=search_term_string"}],"inLanguage":"fr-FR"},{"@type":"Organization","@id":"https:\/\/vosgesinfo.fr\/saintdieinfo\/#organization","name":"Saint Die Info","url":"https:\/\/vosgesinfo.fr\/saintdieinfo\/","logo":{"@type":"ImageObject","inLanguage":"fr-FR","@id":"https:\/\/vosgesinfo.fr\/saintdieinfo\/#\/schema\/logo\/image\/","url":"https:\/\/vosgesinfo.fr\/app\/uploads\/sites\/4\/2024\/02\/logo-sdi.jpg","contentUrl":"https:\/\/vosgesinfo.fr\/app\/uploads\/sites\/4\/2024\/02\/logo-sdi.jpg","width":600,"height":600,"caption":"Saint Die Info"},"image":{"@id":"https:\/\/vosgesinfo.fr\/saintdieinfo\/#\/schema\/logo\/image\/"},"sameAs":["https:\/\/www.facebook.com\/Saintdieinfofr","https:\/\/x.com\/VosgesInfo88","https:\/\/www.youtube.com\/@vosgesinfo"]},{"@type":"Person","@id":"https:\/\/vosgesinfo.fr\/saintdieinfo\/#\/schema\/person\/fa73e9f726d67bb88f46d5b7943cb572","name":"J.J.","image":{"@type":"ImageObject","inLanguage":"fr-FR","@id":"https:\/\/vosgesinfo.fr\/saintdieinfo\/#\/schema\/person\/image\/","url":"https:\/\/secure.gravatar.com\/avatar\/219e749e47ffbcca018a360ae4add7d4cdf1cdaaf8bc7676b27efade3fe65615?s=96&d=mm&r=g","contentUrl":"https:\/\/secure.gravatar.com\/avatar\/219e749e47ffbcca018a360ae4add7d4cdf1cdaaf8bc7676b27efade3fe65615?s=96&d=mm&r=g","caption":"J.J."},"url":"https:\/\/vosgesinfo.fr\/saintdieinfo\/author\/j-j\/"}]}},"_links":{"self":[{"href":"https:\/\/vosgesinfo.fr\/saintdieinfo\/wp-json\/wp\/v2\/posts\/74720","targetHints":{"allow":["GET"]}}],"collection":[{"href":"https:\/\/vosgesinfo.fr\/saintdieinfo\/wp-json\/wp\/v2\/posts"}],"about":[{"href":"https:\/\/vosgesinfo.fr\/saintdieinfo\/wp-json\/wp\/v2\/types\/post"}],"author":[{"embeddable":true,"href":"https:\/\/vosgesinfo.fr\/saintdieinfo\/wp-json\/wp\/v2\/users\/46"}],"replies":[{"embeddable":true,"href":"https:\/\/vosgesinfo.fr\/saintdieinfo\/wp-json\/wp\/v2\/comments?post=74720"}],"version-history":[{"count":1,"href":"https:\/\/vosgesinfo.fr\/saintdieinfo\/wp-json\/wp\/v2\/posts\/74720\/revisions"}],"predecessor-version":[{"id":74723,"href":"https:\/\/vosgesinfo.fr\/saintdieinfo\/wp-json\/wp\/v2\/posts\/74720\/revisions\/74723"}],"wp:featuredmedia":[{"embeddable":true,"href":"https:\/\/vosgesinfo.fr\/saintdieinfo\/wp-json\/wp\/v2\/media\/74721"}],"wp:attachment":[{"href":"https:\/\/vosgesinfo.fr\/saintdieinfo\/wp-json\/wp\/v2\/media?parent=74720"}],"wp:term":[{"taxonomy":"category","embeddable":true,"href":"https:\/\/vosgesinfo.fr\/saintdieinfo\/wp-json\/wp\/v2\/categories?post=74720"},{"taxonomy":"post_tag","embeddable":true,"href":"https:\/\/vosgesinfo.fr\/saintdieinfo\/wp-json\/wp\/v2\/tags?post=74720"}],"curies":[{"name":"wp","href":"https:\/\/api.w.org\/{rel}","templated":true}]}}