{"id":74734,"date":"2025-03-05T13:05:02","date_gmt":"2025-03-05T12:05:02","guid":{"rendered":"https:\/\/vosgesinfo.fr\/saintdieinfo\/?p=74734"},"modified":"2025-03-05T12:50:35","modified_gmt":"2025-03-05T11:50:35","slug":"poursuivre-ou-reprendre-des-etudes-a-distance-cest-possible-grace-au-campus-connecte-de-saint-die-des-vosges","status":"publish","type":"post","link":"https:\/\/vosgesinfo.fr\/saintdieinfo\/2025\/03\/poursuivre-ou-reprendre-des-etudes-a-distance-cest-possible-grace-au-campus-connecte-de-saint-die-des-vosges\/","title":{"rendered":"Poursuivre ou reprendre des \u00e9tudes \u00e0 distance, c&rsquo;est possible gr\u00e2ce au campus connect\u00e9 de Saint-Di\u00e9-des-Vosges"},"content":{"rendered":"<div id=\"attachment_60925\" style=\"width: 1034px\" class=\"wp-caption alignnone\"><a href=\"https:\/\/vosgesinfo.fr\/app\/uploads\/sites\/4\/2024\/08\/201811cite-scolaire-jules-ferry-01-3.jpg\"><img decoding=\"async\" aria-describedby=\"caption-attachment-60925\" class=\"size-full wp-image-60925\" src=\"https:\/\/vosgesinfo.fr\/app\/uploads\/sites\/4\/2024\/08\/201811cite-scolaire-jules-ferry-01-3.jpg\" alt=\"\" width=\"1024\" height=\"652\" srcset=\"https:\/\/vosgesinfo.fr\/app\/uploads\/sites\/4\/2024\/08\/201811cite-scolaire-jules-ferry-01-3.jpg 1024w, https:\/\/vosgesinfo.fr\/app\/uploads\/sites\/4\/2024\/08\/201811cite-scolaire-jules-ferry-01-3-300x191.jpg 300w, https:\/\/vosgesinfo.fr\/app\/uploads\/sites\/4\/2024\/08\/201811cite-scolaire-jules-ferry-01-3-768x489.jpg 768w\" sizes=\"(max-width: 1024px) 100vw, 1024px\" \/><\/a><p id=\"caption-attachment-60925\" class=\"wp-caption-text\">(Archive)<\/p><\/div>\n<h2>C&rsquo;est un dispositif qui va int\u00e9resser les personnes peu mobiles, qui souhaitent poursuivre ou reprendre des \u00e9tudes \u00e0 distance. La <strong>Communaut\u00e9 d&rsquo;Agglom\u00e9ration de Saint-Di\u00e9-des-Vosges<\/strong>, le <strong>minist\u00e8re de l&rsquo;Enseignement sup\u00e9rieur et de la recherche<\/strong>, et la <strong>R\u00e9gion Grand Est<\/strong> proposent depuis peu un <strong>campus connect\u00e9<\/strong> \u00e0 <strong>Saint-Di\u00e9-des-Vosges<\/strong>.<\/h2>\n<p><!--more--><\/p>\n<h3><strong>Suivre des formations de l&rsquo;enseignement sup\u00e9rieur \u00e0 distance<\/strong><\/h3>\n<p>Tourn\u00e9 vers les \u00e9tudiants <strong>post-bac<\/strong>, qui rencontrent des difficult\u00e9s \u00e0 suivre un enseignement loin de leur domicile, les <strong>salari\u00e9s<\/strong> pour une qualification et les <strong>demandeurs d&#8217;emploi<\/strong> en requalification professionnelle, le campus connect\u00e9 d\u00e9odatien permet de suivre toutes les formations de l&rsquo;<strong>enseignement sup\u00e9rieur<\/strong> s&rsquo;effectuant \u00e0 distance dans une <strong>Universit\u00e9<\/strong>. Et ce quel que soit le niveau ou le champ disciplinaire : <strong>Droit<\/strong>, <strong>\u00c9conomie<\/strong>, <strong>Environnement<\/strong>, <strong>Histoire<\/strong>, <strong>G\u00e9ographie<\/strong>, <strong>Lettres<\/strong>, etc.<\/p>\n<h3><strong>Des locaux et un accompagnement d\u00e9di\u00e9s<\/strong><\/h3>\n<p>Concr\u00e8tement, le cursus universitaire ou la formation \u2013 apr\u00e8s validation <strong>Parcoursup<\/strong> \u2013 est suivi \u00e0 distance, dans les locaux de la <strong>Cit\u00e9 Scolaire Jules-Ferry<\/strong>. Ces locaux sont \u00e9quip\u00e9s de <strong>postes informatiques<\/strong>, avec le soutien en pr\u00e9sentiel d&rsquo;un <strong>coach p\u00e9dagogique<\/strong>. Ce dernier proposant \u00e0 chaque \u00e9tudiant un suivi <strong>m\u00e9thodologique<\/strong>, <strong>administratif<\/strong> et <strong>motivant.<\/strong><\/p>\n<h3><strong>Conditions d\u2019acc\u00e8s et frais d&rsquo;inscription<\/strong><\/h3>\n<p>Se d\u00e9finissant comme \u00ab un dispositif d&rsquo;aide \u00e0 la r\u00e9ussite \u00bb, le campus connect\u00e9 de <strong>Saint-Di\u00e9-des-Vosges<\/strong> est accessible gratuitement. Comme tout \u00e9tudiant, des <strong>frais d&rsquo;inscription<\/strong> doivent \u00eatre acquitt\u00e9s aupr\u00e8s de l&rsquo;\u00e9tablissement qui assure la formation. Ces frais sont donc variables, en sachant que les <strong>\u00e9tudiants boursiers<\/strong> de l&rsquo;<strong>Enseignement Sup\u00e9rieur<\/strong> sont dispens\u00e9s de frais d&rsquo;inscription.<\/p>\n<p><strong>&#8211;<\/strong><br \/>\nPour tout renseignement compl\u00e9mentaire : <strong><a href=\"mailto:campus-connecte@saint-die-des-vosges.fr\" target=\"_blank\" rel=\"noopener\">campus-connecte@saint-die-des-vosges.fr<\/a>.<\/strong><\/p>\n<p>J.J.<\/p>\n","protected":false},"excerpt":{"rendered":"<p>C&rsquo;est un dispositif qui va int\u00e9resser les personnes peu mobiles, qui souhaitent poursuivre ou reprendre des \u00e9tudes \u00e0 distance. La [&hellip;]<\/p>\n","protected":false},"author":46,"featured_media":49029,"comment_status":"open","ping_status":"open","sticky":false,"template":"","format":"standard","meta":{"footnotes":""},"categories":[460,6,167,2915],"tags":[16411,3352,3282,16412,852],"class_list":["post-74734","post","type-post","status-publish","format-standard","has-post-thumbnail","hentry","category-a-la-une","category-education","category-saint-die-des-vosges","category-saint-die-son-canton","tag-campus-connecte-de-saint-die-des-vosges","tag-cite-scolaire-jules-ferry","tag-communaute-dagglomeration-de-saint-die-des-vosges","tag-ministere-de-lenseignement-superieur-et-de-la-recherche","tag-region-grand-est"],"acf":[],"yoast_head":"<!-- This site is optimized with the Yoast SEO plugin v22.5 - https:\/\/yoast.com\/wordpress\/plugins\/seo\/ -->\n<title>Poursuivre ou reprendre des \u00e9tudes \u00e0 distance, c&#039;est possible gr\u00e2ce au campus connect\u00e9 de Saint-Di\u00e9-des-Vosges - Saint Die Info<\/title>\n<meta name=\"robots\" content=\"index, follow, max-snippet:-1, max-image-preview:large, max-video-preview:-1\" \/>\n<link rel=\"canonical\" href=\"https:\/\/vosgesinfo.fr\/saintdieinfo\/2025\/03\/poursuivre-ou-reprendre-des-etudes-a-distance-cest-possible-grace-au-campus-connecte-de-saint-die-des-vosges\/\" \/>\n<meta name=\"twitter:card\" content=\"summary_large_image\" \/>\n<meta name=\"twitter:title\" content=\"Poursuivre ou reprendre des \u00e9tudes \u00e0 distance, c&#039;est possible gr\u00e2ce au campus connect\u00e9 de Saint-Di\u00e9-des-Vosges - Saint Die Info\" \/>\n<meta name=\"twitter:description\" content=\"C&rsquo;est un dispositif qui va int\u00e9resser les personnes peu mobiles, qui souhaitent poursuivre ou reprendre des \u00e9tudes \u00e0 distance. La [&hellip;]\" \/>\n<meta name=\"twitter:image\" content=\"https:\/\/vosgesinfo.fr\/app\/uploads\/sites\/4\/2024\/08\/201811cite-scolaire-jules-ferry-01-2.jpg\" \/>\n<meta name=\"twitter:creator\" content=\"@VosgesInfo88\" \/>\n<meta name=\"twitter:site\" content=\"@VosgesInfo88\" \/>\n<meta name=\"twitter:label1\" content=\"\u00c9crit par\" \/>\n\t<meta name=\"twitter:data1\" content=\"J.J.\" \/>\n\t<meta name=\"twitter:label2\" content=\"Dur\u00e9e de lecture estim\u00e9e\" \/>\n\t<meta name=\"twitter:data2\" content=\"2 minutes\" \/>\n<script type=\"application\/ld+json\" class=\"yoast-schema-graph\">{\"@context\":\"https:\/\/schema.org\",\"@graph\":[{\"@type\":\"Article\",\"@id\":\"https:\/\/vosgesinfo.fr\/saintdieinfo\/2025\/03\/poursuivre-ou-reprendre-des-etudes-a-distance-cest-possible-grace-au-campus-connecte-de-saint-die-des-vosges\/#article\",\"isPartOf\":{\"@id\":\"https:\/\/vosgesinfo.fr\/saintdieinfo\/2025\/03\/poursuivre-ou-reprendre-des-etudes-a-distance-cest-possible-grace-au-campus-connecte-de-saint-die-des-vosges\/\"},\"author\":{\"name\":\"J.J.\",\"@id\":\"https:\/\/vosgesinfo.fr\/saintdieinfo\/#\/schema\/person\/fa73e9f726d67bb88f46d5b7943cb572\"},\"headline\":\"Poursuivre ou reprendre des \u00e9tudes \u00e0 distance, c&rsquo;est possible gr\u00e2ce au campus connect\u00e9 de Saint-Di\u00e9-des-Vosges\",\"datePublished\":\"2025-03-05T12:05:02+00:00\",\"dateModified\":\"2025-03-05T11:50:35+00:00\",\"mainEntityOfPage\":{\"@id\":\"https:\/\/vosgesinfo.fr\/saintdieinfo\/2025\/03\/poursuivre-ou-reprendre-des-etudes-a-distance-cest-possible-grace-au-campus-connecte-de-saint-die-des-vosges\/\"},\"wordCount\":304,\"commentCount\":0,\"publisher\":{\"@id\":\"https:\/\/vosgesinfo.fr\/saintdieinfo\/#organization\"},\"image\":{\"@id\":\"https:\/\/vosgesinfo.fr\/saintdieinfo\/2025\/03\/poursuivre-ou-reprendre-des-etudes-a-distance-cest-possible-grace-au-campus-connecte-de-saint-die-des-vosges\/#primaryimage\"},\"thumbnailUrl\":\"https:\/\/vosgesinfo.fr\/app\/uploads\/sites\/4\/2024\/08\/201811cite-scolaire-jules-ferry-01-2.jpg\",\"keywords\":[\"Campus connect\u00e9 de Saint-Di\u00e9-des-Vosges\",\"Cit\u00e9 scolaire Jules-Ferry\",\"Communaut\u00e9 d'Agglom\u00e9ration de Saint-Di\u00e9-des-Vosges\",\"Minist\u00e8re de l'Enseignement sup\u00e9rieur et de la recherche\",\"R\u00e9gion Grand Est\"],\"articleSection\":[\"A la Une\",\"\u00c9ducation\",\"Saint-Di\u00e9-des-Vosges\",\"Saint-Di\u00e9-des-Vosges et son Agglom\u00e9ration\"],\"inLanguage\":\"fr-FR\",\"potentialAction\":[{\"@type\":\"CommentAction\",\"name\":\"Comment\",\"target\":[\"https:\/\/vosgesinfo.fr\/saintdieinfo\/2025\/03\/poursuivre-ou-reprendre-des-etudes-a-distance-cest-possible-grace-au-campus-connecte-de-saint-die-des-vosges\/#respond\"]}]},{\"@type\":\"WebPage\",\"@id\":\"https:\/\/vosgesinfo.fr\/saintdieinfo\/2025\/03\/poursuivre-ou-reprendre-des-etudes-a-distance-cest-possible-grace-au-campus-connecte-de-saint-die-des-vosges\/\",\"url\":\"https:\/\/vosgesinfo.fr\/saintdieinfo\/2025\/03\/poursuivre-ou-reprendre-des-etudes-a-distance-cest-possible-grace-au-campus-connecte-de-saint-die-des-vosges\/\",\"name\":\"Poursuivre ou reprendre des \u00e9tudes \u00e0 distance, c'est possible gr\u00e2ce au campus connect\u00e9 de Saint-Di\u00e9-des-Vosges - Saint Die Info\",\"isPartOf\":{\"@id\":\"https:\/\/vosgesinfo.fr\/saintdieinfo\/#website\"},\"primaryImageOfPage\":{\"@id\":\"https:\/\/vosgesinfo.fr\/saintdieinfo\/2025\/03\/poursuivre-ou-reprendre-des-etudes-a-distance-cest-possible-grace-au-campus-connecte-de-saint-die-des-vosges\/#primaryimage\"},\"image\":{\"@id\":\"https:\/\/vosgesinfo.fr\/saintdieinfo\/2025\/03\/poursuivre-ou-reprendre-des-etudes-a-distance-cest-possible-grace-au-campus-connecte-de-saint-die-des-vosges\/#primaryimage\"},\"thumbnailUrl\":\"https:\/\/vosgesinfo.fr\/app\/uploads\/sites\/4\/2024\/08\/201811cite-scolaire-jules-ferry-01-2.jpg\",\"datePublished\":\"2025-03-05T12:05:02+00:00\",\"dateModified\":\"2025-03-05T11:50:35+00:00\",\"breadcrumb\":{\"@id\":\"https:\/\/vosgesinfo.fr\/saintdieinfo\/2025\/03\/poursuivre-ou-reprendre-des-etudes-a-distance-cest-possible-grace-au-campus-connecte-de-saint-die-des-vosges\/#breadcrumb\"},\"inLanguage\":\"fr-FR\",\"potentialAction\":[{\"@type\":\"ReadAction\",\"target\":[\"https:\/\/vosgesinfo.fr\/saintdieinfo\/2025\/03\/poursuivre-ou-reprendre-des-etudes-a-distance-cest-possible-grace-au-campus-connecte-de-saint-die-des-vosges\/\"]}]},{\"@type\":\"ImageObject\",\"inLanguage\":\"fr-FR\",\"@id\":\"https:\/\/vosgesinfo.fr\/saintdieinfo\/2025\/03\/poursuivre-ou-reprendre-des-etudes-a-distance-cest-possible-grace-au-campus-connecte-de-saint-die-des-vosges\/#primaryimage\",\"url\":\"https:\/\/vosgesinfo.fr\/app\/uploads\/sites\/4\/2024\/08\/201811cite-scolaire-jules-ferry-01-2.jpg\",\"contentUrl\":\"https:\/\/vosgesinfo.fr\/app\/uploads\/sites\/4\/2024\/08\/201811cite-scolaire-jules-ferry-01-2.jpg\",\"width\":1024,\"height\":652},{\"@type\":\"BreadcrumbList\",\"@id\":\"https:\/\/vosgesinfo.fr\/saintdieinfo\/2025\/03\/poursuivre-ou-reprendre-des-etudes-a-distance-cest-possible-grace-au-campus-connecte-de-saint-die-des-vosges\/#breadcrumb\",\"itemListElement\":[{\"@type\":\"ListItem\",\"position\":1,\"name\":\"Home\",\"item\":\"https:\/\/vosgesinfo.fr\/saintdieinfo\/\"},{\"@type\":\"ListItem\",\"position\":2,\"name\":\"Poursuivre ou reprendre des \u00e9tudes \u00e0 distance, c&rsquo;est possible gr\u00e2ce au campus connect\u00e9 de Saint-Di\u00e9-des-Vosges\"}]},{\"@type\":\"WebSite\",\"@id\":\"https:\/\/vosgesinfo.fr\/saintdieinfo\/#website\",\"url\":\"https:\/\/vosgesinfo.fr\/saintdieinfo\/\",\"name\":\"Saint Die Info\",\"description\":\"Toute l&#039;actualit\u00e9 de Saint-Di\u00e9-Des-Vosges\",\"publisher\":{\"@id\":\"https:\/\/vosgesinfo.fr\/saintdieinfo\/#organization\"},\"alternateName\":\"Toute l'actualit\u00e9 de Saint-Di\u00e9-Des-Vosges\",\"potentialAction\":[{\"@type\":\"SearchAction\",\"target\":{\"@type\":\"EntryPoint\",\"urlTemplate\":\"https:\/\/vosgesinfo.fr\/saintdieinfo\/?s={search_term_string}\"},\"query-input\":\"required name=search_term_string\"}],\"inLanguage\":\"fr-FR\"},{\"@type\":\"Organization\",\"@id\":\"https:\/\/vosgesinfo.fr\/saintdieinfo\/#organization\",\"name\":\"Saint Die Info\",\"url\":\"https:\/\/vosgesinfo.fr\/saintdieinfo\/\",\"logo\":{\"@type\":\"ImageObject\",\"inLanguage\":\"fr-FR\",\"@id\":\"https:\/\/vosgesinfo.fr\/saintdieinfo\/#\/schema\/logo\/image\/\",\"url\":\"https:\/\/vosgesinfo.fr\/app\/uploads\/sites\/4\/2024\/02\/logo-sdi.jpg\",\"contentUrl\":\"https:\/\/vosgesinfo.fr\/app\/uploads\/sites\/4\/2024\/02\/logo-sdi.jpg\",\"width\":600,\"height\":600,\"caption\":\"Saint Die Info\"},\"image\":{\"@id\":\"https:\/\/vosgesinfo.fr\/saintdieinfo\/#\/schema\/logo\/image\/\"},\"sameAs\":[\"https:\/\/www.facebook.com\/Saintdieinfofr\",\"https:\/\/x.com\/VosgesInfo88\",\"https:\/\/www.youtube.com\/@vosgesinfo\"]},{\"@type\":\"Person\",\"@id\":\"https:\/\/vosgesinfo.fr\/saintdieinfo\/#\/schema\/person\/fa73e9f726d67bb88f46d5b7943cb572\",\"name\":\"J.J.\",\"image\":{\"@type\":\"ImageObject\",\"inLanguage\":\"fr-FR\",\"@id\":\"https:\/\/vosgesinfo.fr\/saintdieinfo\/#\/schema\/person\/image\/\",\"url\":\"https:\/\/secure.gravatar.com\/avatar\/219e749e47ffbcca018a360ae4add7d4cdf1cdaaf8bc7676b27efade3fe65615?s=96&d=mm&r=g\",\"contentUrl\":\"https:\/\/secure.gravatar.com\/avatar\/219e749e47ffbcca018a360ae4add7d4cdf1cdaaf8bc7676b27efade3fe65615?s=96&d=mm&r=g\",\"caption\":\"J.J.\"},\"url\":\"https:\/\/vosgesinfo.fr\/saintdieinfo\/author\/j-j\/\"}]}<\/script>\n<!-- \/ Yoast SEO plugin. -->","yoast_head_json":{"title":"Poursuivre ou reprendre des \u00e9tudes \u00e0 distance, c'est possible gr\u00e2ce au campus connect\u00e9 de Saint-Di\u00e9-des-Vosges - Saint Die Info","robots":{"index":"index","follow":"follow","max-snippet":"max-snippet:-1","max-image-preview":"max-image-preview:large","max-video-preview":"max-video-preview:-1"},"canonical":"https:\/\/vosgesinfo.fr\/saintdieinfo\/2025\/03\/poursuivre-ou-reprendre-des-etudes-a-distance-cest-possible-grace-au-campus-connecte-de-saint-die-des-vosges\/","twitter_card":"summary_large_image","twitter_title":"Poursuivre ou reprendre des \u00e9tudes \u00e0 distance, c'est possible gr\u00e2ce au campus connect\u00e9 de Saint-Di\u00e9-des-Vosges - Saint Die Info","twitter_description":"C&rsquo;est un dispositif qui va int\u00e9resser les personnes peu mobiles, qui souhaitent poursuivre ou reprendre des \u00e9tudes \u00e0 distance. La [&hellip;]","twitter_image":"https:\/\/vosgesinfo.fr\/app\/uploads\/sites\/4\/2024\/08\/201811cite-scolaire-jules-ferry-01-2.jpg","twitter_creator":"@VosgesInfo88","twitter_site":"@VosgesInfo88","twitter_misc":{"\u00c9crit par":"J.J.","Dur\u00e9e de lecture estim\u00e9e":"2 minutes"},"schema":{"@context":"https:\/\/schema.org","@graph":[{"@type":"Article","@id":"https:\/\/vosgesinfo.fr\/saintdieinfo\/2025\/03\/poursuivre-ou-reprendre-des-etudes-a-distance-cest-possible-grace-au-campus-connecte-de-saint-die-des-vosges\/#article","isPartOf":{"@id":"https:\/\/vosgesinfo.fr\/saintdieinfo\/2025\/03\/poursuivre-ou-reprendre-des-etudes-a-distance-cest-possible-grace-au-campus-connecte-de-saint-die-des-vosges\/"},"author":{"name":"J.J.","@id":"https:\/\/vosgesinfo.fr\/saintdieinfo\/#\/schema\/person\/fa73e9f726d67bb88f46d5b7943cb572"},"headline":"Poursuivre ou reprendre des \u00e9tudes \u00e0 distance, c&rsquo;est possible gr\u00e2ce au campus connect\u00e9 de Saint-Di\u00e9-des-Vosges","datePublished":"2025-03-05T12:05:02+00:00","dateModified":"2025-03-05T11:50:35+00:00","mainEntityOfPage":{"@id":"https:\/\/vosgesinfo.fr\/saintdieinfo\/2025\/03\/poursuivre-ou-reprendre-des-etudes-a-distance-cest-possible-grace-au-campus-connecte-de-saint-die-des-vosges\/"},"wordCount":304,"commentCount":0,"publisher":{"@id":"https:\/\/vosgesinfo.fr\/saintdieinfo\/#organization"},"image":{"@id":"https:\/\/vosgesinfo.fr\/saintdieinfo\/2025\/03\/poursuivre-ou-reprendre-des-etudes-a-distance-cest-possible-grace-au-campus-connecte-de-saint-die-des-vosges\/#primaryimage"},"thumbnailUrl":"https:\/\/vosgesinfo.fr\/app\/uploads\/sites\/4\/2024\/08\/201811cite-scolaire-jules-ferry-01-2.jpg","keywords":["Campus connect\u00e9 de Saint-Di\u00e9-des-Vosges","Cit\u00e9 scolaire Jules-Ferry","Communaut\u00e9 d'Agglom\u00e9ration de Saint-Di\u00e9-des-Vosges","Minist\u00e8re de l'Enseignement sup\u00e9rieur et de la recherche","R\u00e9gion Grand Est"],"articleSection":["A la Une","\u00c9ducation","Saint-Di\u00e9-des-Vosges","Saint-Di\u00e9-des-Vosges et son Agglom\u00e9ration"],"inLanguage":"fr-FR","potentialAction":[{"@type":"CommentAction","name":"Comment","target":["https:\/\/vosgesinfo.fr\/saintdieinfo\/2025\/03\/poursuivre-ou-reprendre-des-etudes-a-distance-cest-possible-grace-au-campus-connecte-de-saint-die-des-vosges\/#respond"]}]},{"@type":"WebPage","@id":"https:\/\/vosgesinfo.fr\/saintdieinfo\/2025\/03\/poursuivre-ou-reprendre-des-etudes-a-distance-cest-possible-grace-au-campus-connecte-de-saint-die-des-vosges\/","url":"https:\/\/vosgesinfo.fr\/saintdieinfo\/2025\/03\/poursuivre-ou-reprendre-des-etudes-a-distance-cest-possible-grace-au-campus-connecte-de-saint-die-des-vosges\/","name":"Poursuivre ou reprendre des \u00e9tudes \u00e0 distance, c'est possible gr\u00e2ce au campus connect\u00e9 de Saint-Di\u00e9-des-Vosges - Saint Die Info","isPartOf":{"@id":"https:\/\/vosgesinfo.fr\/saintdieinfo\/#website"},"primaryImageOfPage":{"@id":"https:\/\/vosgesinfo.fr\/saintdieinfo\/2025\/03\/poursuivre-ou-reprendre-des-etudes-a-distance-cest-possible-grace-au-campus-connecte-de-saint-die-des-vosges\/#primaryimage"},"image":{"@id":"https:\/\/vosgesinfo.fr\/saintdieinfo\/2025\/03\/poursuivre-ou-reprendre-des-etudes-a-distance-cest-possible-grace-au-campus-connecte-de-saint-die-des-vosges\/#primaryimage"},"thumbnailUrl":"https:\/\/vosgesinfo.fr\/app\/uploads\/sites\/4\/2024\/08\/201811cite-scolaire-jules-ferry-01-2.jpg","datePublished":"2025-03-05T12:05:02+00:00","dateModified":"2025-03-05T11:50:35+00:00","breadcrumb":{"@id":"https:\/\/vosgesinfo.fr\/saintdieinfo\/2025\/03\/poursuivre-ou-reprendre-des-etudes-a-distance-cest-possible-grace-au-campus-connecte-de-saint-die-des-vosges\/#breadcrumb"},"inLanguage":"fr-FR","potentialAction":[{"@type":"ReadAction","target":["https:\/\/vosgesinfo.fr\/saintdieinfo\/2025\/03\/poursuivre-ou-reprendre-des-etudes-a-distance-cest-possible-grace-au-campus-connecte-de-saint-die-des-vosges\/"]}]},{"@type":"ImageObject","inLanguage":"fr-FR","@id":"https:\/\/vosgesinfo.fr\/saintdieinfo\/2025\/03\/poursuivre-ou-reprendre-des-etudes-a-distance-cest-possible-grace-au-campus-connecte-de-saint-die-des-vosges\/#primaryimage","url":"https:\/\/vosgesinfo.fr\/app\/uploads\/sites\/4\/2024\/08\/201811cite-scolaire-jules-ferry-01-2.jpg","contentUrl":"https:\/\/vosgesinfo.fr\/app\/uploads\/sites\/4\/2024\/08\/201811cite-scolaire-jules-ferry-01-2.jpg","width":1024,"height":652},{"@type":"BreadcrumbList","@id":"https:\/\/vosgesinfo.fr\/saintdieinfo\/2025\/03\/poursuivre-ou-reprendre-des-etudes-a-distance-cest-possible-grace-au-campus-connecte-de-saint-die-des-vosges\/#breadcrumb","itemListElement":[{"@type":"ListItem","position":1,"name":"Home","item":"https:\/\/vosgesinfo.fr\/saintdieinfo\/"},{"@type":"ListItem","position":2,"name":"Poursuivre ou reprendre des \u00e9tudes \u00e0 distance, c&rsquo;est possible gr\u00e2ce au campus connect\u00e9 de Saint-Di\u00e9-des-Vosges"}]},{"@type":"WebSite","@id":"https:\/\/vosgesinfo.fr\/saintdieinfo\/#website","url":"https:\/\/vosgesinfo.fr\/saintdieinfo\/","name":"Saint Die Info","description":"Toute l&#039;actualit\u00e9 de Saint-Di\u00e9-Des-Vosges","publisher":{"@id":"https:\/\/vosgesinfo.fr\/saintdieinfo\/#organization"},"alternateName":"Toute l'actualit\u00e9 de Saint-Di\u00e9-Des-Vosges","potentialAction":[{"@type":"SearchAction","target":{"@type":"EntryPoint","urlTemplate":"https:\/\/vosgesinfo.fr\/saintdieinfo\/?s={search_term_string}"},"query-input":"required name=search_term_string"}],"inLanguage":"fr-FR"},{"@type":"Organization","@id":"https:\/\/vosgesinfo.fr\/saintdieinfo\/#organization","name":"Saint Die Info","url":"https:\/\/vosgesinfo.fr\/saintdieinfo\/","logo":{"@type":"ImageObject","inLanguage":"fr-FR","@id":"https:\/\/vosgesinfo.fr\/saintdieinfo\/#\/schema\/logo\/image\/","url":"https:\/\/vosgesinfo.fr\/app\/uploads\/sites\/4\/2024\/02\/logo-sdi.jpg","contentUrl":"https:\/\/vosgesinfo.fr\/app\/uploads\/sites\/4\/2024\/02\/logo-sdi.jpg","width":600,"height":600,"caption":"Saint Die Info"},"image":{"@id":"https:\/\/vosgesinfo.fr\/saintdieinfo\/#\/schema\/logo\/image\/"},"sameAs":["https:\/\/www.facebook.com\/Saintdieinfofr","https:\/\/x.com\/VosgesInfo88","https:\/\/www.youtube.com\/@vosgesinfo"]},{"@type":"Person","@id":"https:\/\/vosgesinfo.fr\/saintdieinfo\/#\/schema\/person\/fa73e9f726d67bb88f46d5b7943cb572","name":"J.J.","image":{"@type":"ImageObject","inLanguage":"fr-FR","@id":"https:\/\/vosgesinfo.fr\/saintdieinfo\/#\/schema\/person\/image\/","url":"https:\/\/secure.gravatar.com\/avatar\/219e749e47ffbcca018a360ae4add7d4cdf1cdaaf8bc7676b27efade3fe65615?s=96&d=mm&r=g","contentUrl":"https:\/\/secure.gravatar.com\/avatar\/219e749e47ffbcca018a360ae4add7d4cdf1cdaaf8bc7676b27efade3fe65615?s=96&d=mm&r=g","caption":"J.J."},"url":"https:\/\/vosgesinfo.fr\/saintdieinfo\/author\/j-j\/"}]}},"_links":{"self":[{"href":"https:\/\/vosgesinfo.fr\/saintdieinfo\/wp-json\/wp\/v2\/posts\/74734","targetHints":{"allow":["GET"]}}],"collection":[{"href":"https:\/\/vosgesinfo.fr\/saintdieinfo\/wp-json\/wp\/v2\/posts"}],"about":[{"href":"https:\/\/vosgesinfo.fr\/saintdieinfo\/wp-json\/wp\/v2\/types\/post"}],"author":[{"embeddable":true,"href":"https:\/\/vosgesinfo.fr\/saintdieinfo\/wp-json\/wp\/v2\/users\/46"}],"replies":[{"embeddable":true,"href":"https:\/\/vosgesinfo.fr\/saintdieinfo\/wp-json\/wp\/v2\/comments?post=74734"}],"version-history":[{"count":2,"href":"https:\/\/vosgesinfo.fr\/saintdieinfo\/wp-json\/wp\/v2\/posts\/74734\/revisions"}],"predecessor-version":[{"id":74736,"href":"https:\/\/vosgesinfo.fr\/saintdieinfo\/wp-json\/wp\/v2\/posts\/74734\/revisions\/74736"}],"wp:featuredmedia":[{"embeddable":true,"href":"https:\/\/vosgesinfo.fr\/saintdieinfo\/wp-json\/wp\/v2\/media\/49029"}],"wp:attachment":[{"href":"https:\/\/vosgesinfo.fr\/saintdieinfo\/wp-json\/wp\/v2\/media?parent=74734"}],"wp:term":[{"taxonomy":"category","embeddable":true,"href":"https:\/\/vosgesinfo.fr\/saintdieinfo\/wp-json\/wp\/v2\/categories?post=74734"},{"taxonomy":"post_tag","embeddable":true,"href":"https:\/\/vosgesinfo.fr\/saintdieinfo\/wp-json\/wp\/v2\/tags?post=74734"}],"curies":[{"name":"wp","href":"https:\/\/api.w.org\/{rel}","templated":true}]}}