{"id":74817,"date":"2025-03-06T12:10:56","date_gmt":"2025-03-06T11:10:56","guid":{"rendered":"https:\/\/vosgesinfo.fr\/saintdieinfo\/?p=74817"},"modified":"2025-03-06T11:54:00","modified_gmt":"2025-03-06T10:54:00","slug":"fraize-compte-rendu-du-conseil-municipal","status":"publish","type":"post","link":"https:\/\/vosgesinfo.fr\/saintdieinfo\/2025\/03\/fraize-compte-rendu-du-conseil-municipal\/","title":{"rendered":"Fraize \u2013 Compte-rendu du Conseil Municipal"},"content":{"rendered":"<div id=\"attachment_74818\" style=\"width: 1034px\" class=\"wp-caption alignnone\"><a href=\"https:\/\/vosgesinfo.fr\/app\/uploads\/sites\/4\/2025\/03\/fraize-cr-cm.jpg\"><img decoding=\"async\" aria-describedby=\"caption-attachment-74818\" class=\"size-large wp-image-74818\" src=\"https:\/\/vosgesinfo.fr\/app\/uploads\/sites\/4\/2025\/03\/fraize-cr-cm-1024x768.jpg\" alt=\"\" width=\"1024\" height=\"768\" srcset=\"https:\/\/vosgesinfo.fr\/app\/uploads\/sites\/4\/2025\/03\/fraize-cr-cm-1024x768.jpg 1024w, https:\/\/vosgesinfo.fr\/app\/uploads\/sites\/4\/2025\/03\/fraize-cr-cm-300x225.jpg 300w, https:\/\/vosgesinfo.fr\/app\/uploads\/sites\/4\/2025\/03\/fraize-cr-cm-768x576.jpg 768w, https:\/\/vosgesinfo.fr\/app\/uploads\/sites\/4\/2025\/03\/fraize-cr-cm-1536x1152.jpg 1536w, https:\/\/vosgesinfo.fr\/app\/uploads\/sites\/4\/2025\/03\/fraize-cr-cm.jpg 2048w\" sizes=\"(max-width: 1024px) 100vw, 1024px\" \/><\/a><p id=\"caption-attachment-74818\" class=\"wp-caption-text\">(Photographie Mairie de Fraize)<\/p><\/div>\n<h2 data-start=\"36\" data-end=\"62\"><strong>Le Conseil Municipal de Fraize<\/strong> s&rsquo;est r\u00e9uni hier mercredi 5 mars, \u00e0 19h30 sous la pr\u00e9sidence de <strong>la maire Caroline Lerognon<\/strong>. Lors de la s\u00e9ance, les \u00e9lus fraxiniens ont abord\u00e9 <strong>l&rsquo;ordre du jour<\/strong> suivant :<\/h2>\n<p data-start=\"36\" data-end=\"62\"><!--more--><\/p>\n<h3 data-start=\"36\" data-end=\"62\">POINTS D\u2019INFORMATION :<\/h3>\n<ul data-start=\"64\" data-end=\"2160\">\n<li data-start=\"64\" data-end=\"501\">\n<p data-start=\"66\" data-end=\"501\">Un <strong data-start=\"69\" data-end=\"93\">accord de subvention<\/strong> du Conseil D\u00e9partemental, d\u2019un montant de 8 240 \u20ac (15% de 54 931 \u20ac), a \u00e9t\u00e9 accord\u00e9 \u00e0 la Commune suite \u00e0 notre demande de subvention (d\u00e9lib\u00e9ration du 27\/09\/2024) pour les travaux de r\u00e9fection de voirie : <strong data-start=\"297\" data-end=\"314\">La Grand\u2019Voie<\/strong>, <strong data-start=\"316\" data-end=\"343\">Route du Col de Mandray<\/strong>, <strong data-start=\"345\" data-end=\"366\">Route de Bellevue<\/strong> et <strong data-start=\"370\" data-end=\"396\" data-is-only-node=\"\">Chemin de Ribeaupierre<\/strong> (acc\u00e8s au Stand de Tir). Ces travaux seront r\u00e9alis\u00e9s par l\u2019entreprise <strong data-start=\"467\" data-end=\"478\">BROGLIO<\/strong> du 10 au 22 mars 2025.<\/p>\n<\/li>\n<li data-start=\"505\" data-end=\"718\">\n<p data-start=\"507\" data-end=\"718\">Le <strong data-start=\"510\" data-end=\"571\">Pr\u00e9sident du Parc Naturel R\u00e9gional des Ballons des Vosges<\/strong> nous a communiqu\u00e9 un avis favorable concernant la proposition de d\u00e9finition des Zones d\u2019Acc\u00e9l\u00e9ration des Energies Renouvelables sur notre commune.<\/p>\n<\/li>\n<li data-start=\"722\" data-end=\"970\">\n<p data-start=\"724\" data-end=\"970\">Conform\u00e9ment \u00e0 la d\u00e9l\u00e9gation accord\u00e9e \u00e0 <strong data-start=\"764\" data-end=\"783\">Madame le Maire<\/strong> par d\u00e9lib\u00e9ration du conseil municipal en date du 22 janvier 2025, une <strong data-start=\"854\" data-end=\"881\">admission en non-valeur<\/strong> d\u2019une somme de 30 \u20ac a \u00e9t\u00e9 valid\u00e9e (\u00e9tat tr\u00e9sorerie du 27\/01\/2025 &#8211; liste n\u00b0 7243171933).<\/p>\n<\/li>\n<li data-start=\"974\" data-end=\"1139\">\n<p data-start=\"976\" data-end=\"1139\">Un <strong data-start=\"979\" data-end=\"1001\">accord a \u00e9t\u00e9 donn\u00e9<\/strong> pour la construction de toilettes au <strong data-start=\"1039\" data-end=\"1062\">Parc Nicolas G\u00e9liot<\/strong>. Les travaux seront r\u00e9alis\u00e9s par des entreprises fraxiniennes prochainement.<\/p>\n<\/li>\n<li data-start=\"1143\" data-end=\"1358\">\n<p data-start=\"1145\" data-end=\"1358\">La <strong data-start=\"1148\" data-end=\"1188\">proposition de la SARL GERARD Pascal<\/strong> de FRAIZE pour l\u2019exploitation de la parcelle communale bois\u00e9e cadastr\u00e9e section AO 483 situ\u00e9e sur la commune de <strong data-start=\"1301\" data-end=\"1315\">Plainfaing<\/strong> a \u00e9t\u00e9 accept\u00e9e pour un montant de 1 800 \u20ac.<\/p>\n<\/li>\n<li data-start=\"1362\" data-end=\"1470\">\n<p data-start=\"1364\" data-end=\"1470\">Une <strong data-start=\"1368\" data-end=\"1393\">amende administrative<\/strong> de 200 \u20ac a \u00e9t\u00e9 impos\u00e9e pour un d\u00e9p\u00f4t de d\u00e9tritus <strong data-start=\"1443\" data-end=\"1469\">Chemin de la Capitaine<\/strong>.<\/p>\n<\/li>\n<li data-start=\"1474\" data-end=\"1930\">\n<p data-start=\"1476\" data-end=\"1930\">Une op\u00e9ration de v\u00e9rification et de nettoyage de l\u2019ensemble du parc communal des poteaux incendie (35) a \u00e9t\u00e9 r\u00e9alis\u00e9e par <strong data-start=\"1598\" data-end=\"1615\">Laurent MAHEU<\/strong>, responsable des Services Techniques et sapeur-pompier, \u00e0 l\u2019aide du mat\u00e9riel mis \u00e0 disposition par le SDIS. Cette op\u00e9ration s&rsquo;inscrit dans le cadre du <strong data-start=\"1767\" data-end=\"1775\">DECI<\/strong> (D\u00e9fense Ext\u00e9rieure Contre l\u2019Incendie). Elle a occasionn\u00e9 une l\u00e9g\u00e8re modification de l\u2019aspect de l\u2019eau (trouble), sans incidence sur la qualit\u00e9 sanitaire.<\/p>\n<\/li>\n<li data-start=\"1934\" data-end=\"2045\">\n<p data-start=\"1936\" data-end=\"2045\">La <strong data-start=\"1939\" data-end=\"1978\">visite de la Commission de s\u00e9curit\u00e9<\/strong> (pour ERP) est programm\u00e9e demain \u00e0 partir de 10 heures \u00e0 l\u2019\u00e9glise.<\/p>\n<\/li>\n<li data-start=\"2049\" data-end=\"2101\">\n<p data-start=\"2051\" data-end=\"2101\"><strong data-start=\"2051\" data-end=\"2077\">Visite de M. Le D\u00e9put\u00e9<\/strong> : vendredi 7 mars 2025.<\/p>\n<\/li>\n<li data-start=\"2105\" data-end=\"2160\" data-is-only-node=\"\">\n<p data-start=\"2107\" data-end=\"2160\"><strong data-start=\"2107\" data-end=\"2138\">Visite de M. Le Sous-Pr\u00e9fet<\/strong> : jeudi 13 mars 2025.<\/p>\n<\/li>\n<\/ul>\n<h3 data-start=\"2167\" data-end=\"2228\">Le conseil municipal a vot\u00e9 les d\u00e9lib\u00e9rations suivantes :<\/h3>\n<ol data-start=\"2230\" data-end=\"6790\">\n<li data-start=\"2230\" data-end=\"2470\">\n<p data-start=\"2233\" data-end=\"2470\"><strong data-start=\"2233\" data-end=\"2264\">Approbation du compte rendu<\/strong> de la r\u00e9union du conseil municipal du 22 janvier 2025 : Le conseil municipal adopte le compte rendu de la s\u00e9ance du 22 janvier 2025, ce dernier n\u2019appelant aucune observation.<br data-start=\"2442\" data-end=\"2445\" \/><em data-start=\"2448\" data-end=\"2470\">(Vote \u00e0 l\u2019unanimit\u00e9)<\/em><\/p>\n<\/li>\n<li data-start=\"2472\" data-end=\"2742\">\n<p data-start=\"2475\" data-end=\"2742\"><strong data-start=\"2475\" data-end=\"2527\">Pr\u00e9sentation du D\u00e9bat d\u2019Orientations Budg\u00e9taires<\/strong> :<br data-start=\"2529\" data-end=\"2532\" \/>Le conseil municipal prend acte de la tenue du D\u00e9bat d\u2019Orientations Budg\u00e9taires (DOB) pour l\u2019exercice 2025, pr\u00e9sent\u00e9 par <strong data-start=\"2656\" data-end=\"2675\">Madame le Maire<\/strong> et <strong data-start=\"2679\" data-end=\"2708\">Monsieur Cl\u00e9ment ENDERLIN<\/strong>, conseiller aux D\u00e9cideurs Locaux.<\/p>\n<\/li>\n<li data-start=\"2744\" data-end=\"3195\">\n<p data-start=\"2747\" data-end=\"3195\"><strong data-start=\"2747\" data-end=\"2818\">Adoption du r\u00e8glement interne de soutien aux ravalements de fa\u00e7ades<\/strong> (hors p\u00e9rim\u00e8tre OPAH-RU) :<br data-start=\"2845\" data-end=\"2848\" \/>Le conseil municipal souhaite soutenir les habitants r\u00e9sidant en dehors du p\u00e9rim\u00e8tre d\u2019OPAH-RU en mettant en place une campagne de ravalement de fa\u00e7ades. Il approuve le r\u00e8glement d\u2019attribution des aides et la cr\u00e9ation d\u2019une commission d\u2019instruction des demandes dont la composition sera d\u00e9finie par arr\u00eat\u00e9 municipal.<br data-start=\"3167\" data-end=\"3170\" \/><em data-start=\"3173\" data-end=\"3195\">(Vote \u00e0 l\u2019unanimit\u00e9)<\/em><\/p>\n<\/li>\n<li data-start=\"3197\" data-end=\"3611\">\n<p data-start=\"3200\" data-end=\"3611\"><strong data-start=\"3200\" data-end=\"3294\">Demande de subvention pour l\u2019am\u00e9nagement de la cour arri\u00e8re du Centre Animation Jeunesse :<\/strong> actualisation du plan de financement.<br data-start=\"3332\" data-end=\"3335\" \/>Le conseil municipal approuve l\u2019actualisation du plan de financement relatif au projet d\u2019am\u00e9nagement de la cour arri\u00e8re du CAJ (montant du projet revu \u00e0 la baisse gr\u00e2ce \u00e0 des \u00e9quipements fournis gracieusement par le PETR du Pays de la D\u00e9odatie).<br data-start=\"3583\" data-end=\"3586\" \/><em data-start=\"3589\" data-end=\"3611\">(Vote \u00e0 l\u2019unanimit\u00e9)<\/em><\/p>\n<\/li>\n<li data-start=\"3613\" data-end=\"3971\">\n<p data-start=\"3616\" data-end=\"3971\"><strong data-start=\"3616\" data-end=\"3705\">Am\u00e9nagement du centre-bourg, aux abords de l\u2019ancienne boulangerie Rue Eug\u00e8ne Mathis :<\/strong><br data-start=\"3705\" data-end=\"3708\" \/>Actualisation du plan de financement : 80% de subventions. Le conseil municipal valide l\u2019actualisation du plan de financement du projet d\u2019am\u00e9nagement du centre-bourg de Fraize, aux abords de l\u2019ancienne boulangerie Rue Eug\u00e8ne Mathis.<br data-start=\"3943\" data-end=\"3946\" \/><em data-start=\"3949\" data-end=\"3971\">(Vote \u00e0 l\u2019unanimit\u00e9)<\/em><\/p>\n<\/li>\n<li data-start=\"3973\" data-end=\"4345\">\n<p data-start=\"3976\" data-end=\"4345\"><strong data-start=\"3976\" data-end=\"4065\">Am\u00e9nagement du centre-bourg : mission de ma\u00eetrise d\u2019\u0153uvre pour l\u2019ouvrage hydraulique.<\/strong><br data-start=\"4065\" data-end=\"4068\" \/>Le conseil municipal d\u00e9cide de confier la mission de ma\u00eetrise d\u2019\u0153uvre de l\u2019ouvrage hydraulique au Bureau d\u2019\u00c9tudes <strong data-start=\"4185\" data-end=\"4203\">SETEC-HYDRATEC<\/strong> de Strasbourg (ma\u00eetre d\u2019\u0153uvre ayant la comp\u00e9tence hydraulique), pour un montant de 37 000 \u20ac HT soit 44 400 \u20ac TTC.<br data-start=\"4317\" data-end=\"4320\" \/><em data-start=\"4323\" data-end=\"4345\">(Vote \u00e0 l\u2019unanimit\u00e9)<\/em><\/p>\n<\/li>\n<li data-start=\"4347\" data-end=\"4493\">\n<p data-start=\"4350\" data-end=\"4493\"><strong data-start=\"4350\" data-end=\"4471\">Am\u00e9nagement du centre-bourg : enfouissement des r\u00e9seaux secs par le Syndicat D\u00e9partemental d\u2019\u00c9lectricit\u00e9 des Vosges :<\/strong> d\u00e9lib\u00e9ration retir\u00e9e.<\/p>\n<\/li>\n<li data-start=\"4495\" data-end=\"4814\">\n<p data-start=\"4498\" data-end=\"4814\"><strong data-start=\"4498\" data-end=\"4555\">Remboursement de \u00ab Ch\u00e8ques Sport \u00bb aux associations :<\/strong><br data-start=\"4555\" data-end=\"4558\" \/>Le conseil municipal autorise le remboursement de trois ch\u00e8ques sport 2024 d\u2019un montant individuel de 10 \u20ac, soit 30 \u20ac, pour l\u2019inscription de 3 jeunes fraxiniens au sein de deux associations ayant particip\u00e9 \u00e0 la f\u00eate du sport.<br data-start=\"4786\" data-end=\"4789\" \/><em data-start=\"4792\" data-end=\"4814\">(Vote \u00e0 l\u2019unanimit\u00e9)<\/em><\/p>\n<\/li>\n<li data-start=\"4816\" data-end=\"5068\">\n<p data-start=\"4819\" data-end=\"5068\"><strong data-start=\"4819\" data-end=\"4875\">Admission en non-valeur de produits irr\u00e9couvrables :<\/strong><br data-start=\"4875\" data-end=\"4878\" \/>Le conseil municipal admet en non-valeur la somme de 996,94 \u20ac (impay\u00e9s de 2011 \u00e0 2023).<br data-start=\"4968\" data-end=\"4971\" \/><em data-start=\"4974\" data-end=\"5068\">(Vote \u00e0 la majorit\u00e9 : 3 contre &#8211; Gabrielle Moser, Christian Salier &amp; Fran\u00e7ois Fleurendidier)<\/em><\/p>\n<\/li>\n<li data-start=\"5070\" data-end=\"5440\" data-is-only-node=\"\">\n<p data-start=\"5074\" data-end=\"5440\"><strong data-start=\"5074\" data-end=\"5153\">Convention avec l\u2019association d\u2019insertion \u00ab les Chantiers Eau et Pierre \u00bb :<\/strong><br data-start=\"5153\" data-end=\"5156\" \/>Le conseil municipal autorise la signature d\u2019une convention d\u2019entretien du cimeti\u00e8re communal avec l\u2019association <strong data-start=\"5273\" data-end=\"5308\">\u00ab les Chantiers Eau et Pierre \u00bb<\/strong> de Corcieux, garantissant un \u00e9tat de propret\u00e9 des all\u00e9es et des espaces verts tout au long de l\u2019ann\u00e9e.<br data-start=\"5411\" data-end=\"5414\" \/><em data-start=\"5418\" data-end=\"5440\">(Vote \u00e0 l\u2019unanimit\u00e9)<\/em><\/p>\n<\/li>\n<li data-start=\"5442\" data-end=\"5832\">\n<p data-start=\"5446\" data-end=\"5676\"><strong data-start=\"5446\" data-end=\"5576\">Avis sur demande d\u2019adh\u00e9sions au Syndicat Mixte D\u00e9partemental pour l\u2019Informatisation communale dans le D\u00e9partement des Vosges :<\/strong><br data-start=\"5576\" data-end=\"5579\" \/>Le conseil municipal \u00e9met un avis favorable \u00e0 l\u2019adh\u00e9sion des deux collectivit\u00e9s suivantes :<\/p>\n<ul data-start=\"5681\" data-end=\"5832\">\n<li data-start=\"5681\" data-end=\"5745\">Le <strong data-start=\"5686\" data-end=\"5723\">Syndicat des Eaux du Haut du Mont<\/strong> (Si\u00e8ge : Flor\u00e9mont)<\/li>\n<li data-start=\"5750\" data-end=\"5832\">Le <strong data-start=\"5755\" data-end=\"5787\">Syndicat des Eaux de Bel-Air<\/strong> (Si\u00e8ge : Frain)<br data-start=\"5803\" data-end=\"5806\" \/><em data-start=\"5810\" data-end=\"5832\">(Vote \u00e0 l\u2019unanimit\u00e9)<\/em><\/li>\n<\/ul>\n<\/li>\n<li data-start=\"5834\" data-end=\"6349\">\n<p data-start=\"5838\" data-end=\"6349\"><strong data-start=\"5838\" data-end=\"5945\">Participation financi\u00e8re pour voyages scolaires organis\u00e9s par le Coll\u00e8ge de la Haute-Meurthe \u00e0 FRAIZE :<\/strong><br data-start=\"5945\" data-end=\"5948\" \/>Le conseil municipal d\u00e9cide d\u2019attribuer une subvention de 10 \u20ac par \u00e9l\u00e8ve fraxinien et par nuit\u00e9e, dans la limite de 5 nuit\u00e9es maximum pour l\u2019ensemble des voyages organis\u00e9s par le Coll\u00e8ge de la Haute-Meurthe. La subvention sera vers\u00e9e \u00e0 l\u2019issue de chaque sortie, sur pr\u00e9sentation du justificatif de participation fourni par le Coll\u00e8ge.<br data-start=\"6286\" data-end=\"6289\" \/><em data-start=\"6293\" data-end=\"6349\">(Vote \u00e0 l\u2019unanimit\u00e9 &#8211; 1 abstention : Christian Salier)<\/em><\/p>\n<\/li>\n<li data-start=\"6351\" data-end=\"6725\">\n<p data-start=\"6355\" data-end=\"6725\"><strong data-start=\"6355\" data-end=\"6458\">Participation financi\u00e8re pour voyage scolaire \u00e0 Paris organis\u00e9 par le Coll\u00e8ge de la Haute-Meurthe :<\/strong><br data-start=\"6458\" data-end=\"6461\" \/>Le conseil municipal d\u00e9cide de verser la subvention de 10 \u20ac aux 14 \u00e9l\u00e8ves fraxiniens ayant particip\u00e9 au voyage scolaire \u00e0 Paris, du 30 au 31 janvier 2025 (1 nuit\u00e9e), soit un montant total de 140 \u20ac.<br data-start=\"6662\" data-end=\"6665\" \/><em data-start=\"6669\" data-end=\"6725\">(Vote \u00e0 l\u2019unanimit\u00e9 &#8211; 1 abstention : Christian Salier)<\/em><\/p>\n<\/li>\n<li data-start=\"6727\" data-end=\"6790\">\n<p data-start=\"6731\" data-end=\"6790\"><strong data-start=\"6731\" data-end=\"6755\">Questions diverses :<\/strong><br data-start=\"6755\" data-end=\"6758\" \/>Aucun sujet n\u2019a \u00e9t\u00e9 abord\u00e9.<\/p>\n<\/li>\n<li data-start=\"6727\" data-end=\"6790\">&#8211;<\/li>\n<\/ol>\n<p data-start=\"6797\" data-end=\"6834\">La s\u00e9ance s\u2019est termin\u00e9e \u00e0 <strong data-start=\"6824\" data-end=\"6833\">20:25<\/strong>.<\/p>\n","protected":false},"excerpt":{"rendered":"<p>Le Conseil Municipal de Fraize s&rsquo;est r\u00e9uni hier mercredi 5 mars, \u00e0 19h30 sous la pr\u00e9sidence de la maire Caroline [&hellip;]<\/p>\n","protected":false},"author":46,"featured_media":74818,"comment_status":"open","ping_status":"open","sticky":false,"template":"","format":"standard","meta":{"footnotes":""},"categories":[460,3903,10],"tags":[7916,5244,2927],"class_list":["post-74817","post","type-post","status-publish","format-standard","has-post-thumbnail","hentry","category-a-la-une","category-deodatie","category-politique","tag-conseil-municipal","tag-conseil-municipal-de-fraize","tag-fraize"],"acf":[],"yoast_head":"<!-- This site is optimized with the Yoast SEO plugin v22.5 - https:\/\/yoast.com\/wordpress\/plugins\/seo\/ -->\n<title>Fraize \u2013 Compte-rendu du Conseil Municipal - Saint Die Info<\/title>\n<meta name=\"robots\" content=\"index, follow, max-snippet:-1, max-image-preview:large, max-video-preview:-1\" \/>\n<link rel=\"canonical\" href=\"https:\/\/vosgesinfo.fr\/saintdieinfo\/2025\/03\/fraize-compte-rendu-du-conseil-municipal\/\" \/>\n<meta name=\"twitter:card\" content=\"summary_large_image\" \/>\n<meta name=\"twitter:title\" content=\"Fraize \u2013 Compte-rendu du Conseil Municipal - Saint Die Info\" \/>\n<meta name=\"twitter:description\" content=\"Le Conseil Municipal de Fraize s&rsquo;est r\u00e9uni hier mercredi 5 mars, \u00e0 19h30 sous la pr\u00e9sidence de la maire Caroline [&hellip;]\" \/>\n<meta name=\"twitter:image\" content=\"https:\/\/vosgesinfo.fr\/app\/uploads\/sites\/4\/2025\/03\/fraize-cr-cm.jpg\" \/>\n<meta name=\"twitter:creator\" content=\"@VosgesInfo88\" \/>\n<meta name=\"twitter:site\" content=\"@VosgesInfo88\" \/>\n<meta name=\"twitter:label1\" content=\"\u00c9crit par\" \/>\n\t<meta name=\"twitter:data1\" content=\"J.J.\" \/>\n\t<meta name=\"twitter:label2\" content=\"Dur\u00e9e de lecture estim\u00e9e\" \/>\n\t<meta name=\"twitter:data2\" content=\"6 minutes\" \/>\n<script type=\"application\/ld+json\" class=\"yoast-schema-graph\">{\"@context\":\"https:\/\/schema.org\",\"@graph\":[{\"@type\":\"Article\",\"@id\":\"https:\/\/vosgesinfo.fr\/saintdieinfo\/2025\/03\/fraize-compte-rendu-du-conseil-municipal\/#article\",\"isPartOf\":{\"@id\":\"https:\/\/vosgesinfo.fr\/saintdieinfo\/2025\/03\/fraize-compte-rendu-du-conseil-municipal\/\"},\"author\":{\"name\":\"J.J.\",\"@id\":\"https:\/\/vosgesinfo.fr\/saintdieinfo\/#\/schema\/person\/fa73e9f726d67bb88f46d5b7943cb572\"},\"headline\":\"Fraize \u2013 Compte-rendu du Conseil Municipal\",\"datePublished\":\"2025-03-06T11:10:56+00:00\",\"dateModified\":\"2025-03-06T10:54:00+00:00\",\"mainEntityOfPage\":{\"@id\":\"https:\/\/vosgesinfo.fr\/saintdieinfo\/2025\/03\/fraize-compte-rendu-du-conseil-municipal\/\"},\"wordCount\":1116,\"commentCount\":0,\"publisher\":{\"@id\":\"https:\/\/vosgesinfo.fr\/saintdieinfo\/#organization\"},\"image\":{\"@id\":\"https:\/\/vosgesinfo.fr\/saintdieinfo\/2025\/03\/fraize-compte-rendu-du-conseil-municipal\/#primaryimage\"},\"thumbnailUrl\":\"https:\/\/vosgesinfo.fr\/app\/uploads\/sites\/4\/2025\/03\/fraize-cr-cm.jpg\",\"keywords\":[\"Conseil Municipal\",\"Conseil Municipal de Fraize\",\"Fraize\"],\"articleSection\":[\"A la Une\",\"D\u00e9odatie\",\"Politique\"],\"inLanguage\":\"fr-FR\",\"potentialAction\":[{\"@type\":\"CommentAction\",\"name\":\"Comment\",\"target\":[\"https:\/\/vosgesinfo.fr\/saintdieinfo\/2025\/03\/fraize-compte-rendu-du-conseil-municipal\/#respond\"]}]},{\"@type\":\"WebPage\",\"@id\":\"https:\/\/vosgesinfo.fr\/saintdieinfo\/2025\/03\/fraize-compte-rendu-du-conseil-municipal\/\",\"url\":\"https:\/\/vosgesinfo.fr\/saintdieinfo\/2025\/03\/fraize-compte-rendu-du-conseil-municipal\/\",\"name\":\"Fraize \u2013 Compte-rendu du Conseil Municipal - Saint Die Info\",\"isPartOf\":{\"@id\":\"https:\/\/vosgesinfo.fr\/saintdieinfo\/#website\"},\"primaryImageOfPage\":{\"@id\":\"https:\/\/vosgesinfo.fr\/saintdieinfo\/2025\/03\/fraize-compte-rendu-du-conseil-municipal\/#primaryimage\"},\"image\":{\"@id\":\"https:\/\/vosgesinfo.fr\/saintdieinfo\/2025\/03\/fraize-compte-rendu-du-conseil-municipal\/#primaryimage\"},\"thumbnailUrl\":\"https:\/\/vosgesinfo.fr\/app\/uploads\/sites\/4\/2025\/03\/fraize-cr-cm.jpg\",\"datePublished\":\"2025-03-06T11:10:56+00:00\",\"dateModified\":\"2025-03-06T10:54:00+00:00\",\"breadcrumb\":{\"@id\":\"https:\/\/vosgesinfo.fr\/saintdieinfo\/2025\/03\/fraize-compte-rendu-du-conseil-municipal\/#breadcrumb\"},\"inLanguage\":\"fr-FR\",\"potentialAction\":[{\"@type\":\"ReadAction\",\"target\":[\"https:\/\/vosgesinfo.fr\/saintdieinfo\/2025\/03\/fraize-compte-rendu-du-conseil-municipal\/\"]}]},{\"@type\":\"ImageObject\",\"inLanguage\":\"fr-FR\",\"@id\":\"https:\/\/vosgesinfo.fr\/saintdieinfo\/2025\/03\/fraize-compte-rendu-du-conseil-municipal\/#primaryimage\",\"url\":\"https:\/\/vosgesinfo.fr\/app\/uploads\/sites\/4\/2025\/03\/fraize-cr-cm.jpg\",\"contentUrl\":\"https:\/\/vosgesinfo.fr\/app\/uploads\/sites\/4\/2025\/03\/fraize-cr-cm.jpg\",\"width\":2048,\"height\":1536,\"caption\":\"(Photographie Mairie de Fraize)\"},{\"@type\":\"BreadcrumbList\",\"@id\":\"https:\/\/vosgesinfo.fr\/saintdieinfo\/2025\/03\/fraize-compte-rendu-du-conseil-municipal\/#breadcrumb\",\"itemListElement\":[{\"@type\":\"ListItem\",\"position\":1,\"name\":\"Home\",\"item\":\"https:\/\/vosgesinfo.fr\/saintdieinfo\/\"},{\"@type\":\"ListItem\",\"position\":2,\"name\":\"Fraize \u2013 Compte-rendu du Conseil Municipal\"}]},{\"@type\":\"WebSite\",\"@id\":\"https:\/\/vosgesinfo.fr\/saintdieinfo\/#website\",\"url\":\"https:\/\/vosgesinfo.fr\/saintdieinfo\/\",\"name\":\"Saint Die Info\",\"description\":\"Toute l&#039;actualit\u00e9 de Saint-Di\u00e9-Des-Vosges\",\"publisher\":{\"@id\":\"https:\/\/vosgesinfo.fr\/saintdieinfo\/#organization\"},\"alternateName\":\"Toute l'actualit\u00e9 de Saint-Di\u00e9-Des-Vosges\",\"potentialAction\":[{\"@type\":\"SearchAction\",\"target\":{\"@type\":\"EntryPoint\",\"urlTemplate\":\"https:\/\/vosgesinfo.fr\/saintdieinfo\/?s={search_term_string}\"},\"query-input\":\"required name=search_term_string\"}],\"inLanguage\":\"fr-FR\"},{\"@type\":\"Organization\",\"@id\":\"https:\/\/vosgesinfo.fr\/saintdieinfo\/#organization\",\"name\":\"Saint Die Info\",\"url\":\"https:\/\/vosgesinfo.fr\/saintdieinfo\/\",\"logo\":{\"@type\":\"ImageObject\",\"inLanguage\":\"fr-FR\",\"@id\":\"https:\/\/vosgesinfo.fr\/saintdieinfo\/#\/schema\/logo\/image\/\",\"url\":\"https:\/\/vosgesinfo.fr\/app\/uploads\/sites\/4\/2024\/02\/logo-sdi.jpg\",\"contentUrl\":\"https:\/\/vosgesinfo.fr\/app\/uploads\/sites\/4\/2024\/02\/logo-sdi.jpg\",\"width\":600,\"height\":600,\"caption\":\"Saint Die Info\"},\"image\":{\"@id\":\"https:\/\/vosgesinfo.fr\/saintdieinfo\/#\/schema\/logo\/image\/\"},\"sameAs\":[\"https:\/\/www.facebook.com\/Saintdieinfofr\",\"https:\/\/x.com\/VosgesInfo88\",\"https:\/\/www.youtube.com\/@vosgesinfo\"]},{\"@type\":\"Person\",\"@id\":\"https:\/\/vosgesinfo.fr\/saintdieinfo\/#\/schema\/person\/fa73e9f726d67bb88f46d5b7943cb572\",\"name\":\"J.J.\",\"image\":{\"@type\":\"ImageObject\",\"inLanguage\":\"fr-FR\",\"@id\":\"https:\/\/vosgesinfo.fr\/saintdieinfo\/#\/schema\/person\/image\/\",\"url\":\"https:\/\/secure.gravatar.com\/avatar\/219e749e47ffbcca018a360ae4add7d4cdf1cdaaf8bc7676b27efade3fe65615?s=96&d=mm&r=g\",\"contentUrl\":\"https:\/\/secure.gravatar.com\/avatar\/219e749e47ffbcca018a360ae4add7d4cdf1cdaaf8bc7676b27efade3fe65615?s=96&d=mm&r=g\",\"caption\":\"J.J.\"},\"url\":\"https:\/\/vosgesinfo.fr\/saintdieinfo\/author\/j-j\/\"}]}<\/script>\n<!-- \/ Yoast SEO plugin. -->","yoast_head_json":{"title":"Fraize \u2013 Compte-rendu du Conseil Municipal - Saint Die Info","robots":{"index":"index","follow":"follow","max-snippet":"max-snippet:-1","max-image-preview":"max-image-preview:large","max-video-preview":"max-video-preview:-1"},"canonical":"https:\/\/vosgesinfo.fr\/saintdieinfo\/2025\/03\/fraize-compte-rendu-du-conseil-municipal\/","twitter_card":"summary_large_image","twitter_title":"Fraize \u2013 Compte-rendu du Conseil Municipal - Saint Die Info","twitter_description":"Le Conseil Municipal de Fraize s&rsquo;est r\u00e9uni hier mercredi 5 mars, \u00e0 19h30 sous la pr\u00e9sidence de la maire Caroline [&hellip;]","twitter_image":"https:\/\/vosgesinfo.fr\/app\/uploads\/sites\/4\/2025\/03\/fraize-cr-cm.jpg","twitter_creator":"@VosgesInfo88","twitter_site":"@VosgesInfo88","twitter_misc":{"\u00c9crit par":"J.J.","Dur\u00e9e de lecture estim\u00e9e":"6 minutes"},"schema":{"@context":"https:\/\/schema.org","@graph":[{"@type":"Article","@id":"https:\/\/vosgesinfo.fr\/saintdieinfo\/2025\/03\/fraize-compte-rendu-du-conseil-municipal\/#article","isPartOf":{"@id":"https:\/\/vosgesinfo.fr\/saintdieinfo\/2025\/03\/fraize-compte-rendu-du-conseil-municipal\/"},"author":{"name":"J.J.","@id":"https:\/\/vosgesinfo.fr\/saintdieinfo\/#\/schema\/person\/fa73e9f726d67bb88f46d5b7943cb572"},"headline":"Fraize \u2013 Compte-rendu du Conseil Municipal","datePublished":"2025-03-06T11:10:56+00:00","dateModified":"2025-03-06T10:54:00+00:00","mainEntityOfPage":{"@id":"https:\/\/vosgesinfo.fr\/saintdieinfo\/2025\/03\/fraize-compte-rendu-du-conseil-municipal\/"},"wordCount":1116,"commentCount":0,"publisher":{"@id":"https:\/\/vosgesinfo.fr\/saintdieinfo\/#organization"},"image":{"@id":"https:\/\/vosgesinfo.fr\/saintdieinfo\/2025\/03\/fraize-compte-rendu-du-conseil-municipal\/#primaryimage"},"thumbnailUrl":"https:\/\/vosgesinfo.fr\/app\/uploads\/sites\/4\/2025\/03\/fraize-cr-cm.jpg","keywords":["Conseil Municipal","Conseil Municipal de Fraize","Fraize"],"articleSection":["A la Une","D\u00e9odatie","Politique"],"inLanguage":"fr-FR","potentialAction":[{"@type":"CommentAction","name":"Comment","target":["https:\/\/vosgesinfo.fr\/saintdieinfo\/2025\/03\/fraize-compte-rendu-du-conseil-municipal\/#respond"]}]},{"@type":"WebPage","@id":"https:\/\/vosgesinfo.fr\/saintdieinfo\/2025\/03\/fraize-compte-rendu-du-conseil-municipal\/","url":"https:\/\/vosgesinfo.fr\/saintdieinfo\/2025\/03\/fraize-compte-rendu-du-conseil-municipal\/","name":"Fraize \u2013 Compte-rendu du Conseil Municipal - Saint Die Info","isPartOf":{"@id":"https:\/\/vosgesinfo.fr\/saintdieinfo\/#website"},"primaryImageOfPage":{"@id":"https:\/\/vosgesinfo.fr\/saintdieinfo\/2025\/03\/fraize-compte-rendu-du-conseil-municipal\/#primaryimage"},"image":{"@id":"https:\/\/vosgesinfo.fr\/saintdieinfo\/2025\/03\/fraize-compte-rendu-du-conseil-municipal\/#primaryimage"},"thumbnailUrl":"https:\/\/vosgesinfo.fr\/app\/uploads\/sites\/4\/2025\/03\/fraize-cr-cm.jpg","datePublished":"2025-03-06T11:10:56+00:00","dateModified":"2025-03-06T10:54:00+00:00","breadcrumb":{"@id":"https:\/\/vosgesinfo.fr\/saintdieinfo\/2025\/03\/fraize-compte-rendu-du-conseil-municipal\/#breadcrumb"},"inLanguage":"fr-FR","potentialAction":[{"@type":"ReadAction","target":["https:\/\/vosgesinfo.fr\/saintdieinfo\/2025\/03\/fraize-compte-rendu-du-conseil-municipal\/"]}]},{"@type":"ImageObject","inLanguage":"fr-FR","@id":"https:\/\/vosgesinfo.fr\/saintdieinfo\/2025\/03\/fraize-compte-rendu-du-conseil-municipal\/#primaryimage","url":"https:\/\/vosgesinfo.fr\/app\/uploads\/sites\/4\/2025\/03\/fraize-cr-cm.jpg","contentUrl":"https:\/\/vosgesinfo.fr\/app\/uploads\/sites\/4\/2025\/03\/fraize-cr-cm.jpg","width":2048,"height":1536,"caption":"(Photographie Mairie de Fraize)"},{"@type":"BreadcrumbList","@id":"https:\/\/vosgesinfo.fr\/saintdieinfo\/2025\/03\/fraize-compte-rendu-du-conseil-municipal\/#breadcrumb","itemListElement":[{"@type":"ListItem","position":1,"name":"Home","item":"https:\/\/vosgesinfo.fr\/saintdieinfo\/"},{"@type":"ListItem","position":2,"name":"Fraize \u2013 Compte-rendu du Conseil Municipal"}]},{"@type":"WebSite","@id":"https:\/\/vosgesinfo.fr\/saintdieinfo\/#website","url":"https:\/\/vosgesinfo.fr\/saintdieinfo\/","name":"Saint Die Info","description":"Toute l&#039;actualit\u00e9 de Saint-Di\u00e9-Des-Vosges","publisher":{"@id":"https:\/\/vosgesinfo.fr\/saintdieinfo\/#organization"},"alternateName":"Toute l'actualit\u00e9 de Saint-Di\u00e9-Des-Vosges","potentialAction":[{"@type":"SearchAction","target":{"@type":"EntryPoint","urlTemplate":"https:\/\/vosgesinfo.fr\/saintdieinfo\/?s={search_term_string}"},"query-input":"required name=search_term_string"}],"inLanguage":"fr-FR"},{"@type":"Organization","@id":"https:\/\/vosgesinfo.fr\/saintdieinfo\/#organization","name":"Saint Die Info","url":"https:\/\/vosgesinfo.fr\/saintdieinfo\/","logo":{"@type":"ImageObject","inLanguage":"fr-FR","@id":"https:\/\/vosgesinfo.fr\/saintdieinfo\/#\/schema\/logo\/image\/","url":"https:\/\/vosgesinfo.fr\/app\/uploads\/sites\/4\/2024\/02\/logo-sdi.jpg","contentUrl":"https:\/\/vosgesinfo.fr\/app\/uploads\/sites\/4\/2024\/02\/logo-sdi.jpg","width":600,"height":600,"caption":"Saint Die Info"},"image":{"@id":"https:\/\/vosgesinfo.fr\/saintdieinfo\/#\/schema\/logo\/image\/"},"sameAs":["https:\/\/www.facebook.com\/Saintdieinfofr","https:\/\/x.com\/VosgesInfo88","https:\/\/www.youtube.com\/@vosgesinfo"]},{"@type":"Person","@id":"https:\/\/vosgesinfo.fr\/saintdieinfo\/#\/schema\/person\/fa73e9f726d67bb88f46d5b7943cb572","name":"J.J.","image":{"@type":"ImageObject","inLanguage":"fr-FR","@id":"https:\/\/vosgesinfo.fr\/saintdieinfo\/#\/schema\/person\/image\/","url":"https:\/\/secure.gravatar.com\/avatar\/219e749e47ffbcca018a360ae4add7d4cdf1cdaaf8bc7676b27efade3fe65615?s=96&d=mm&r=g","contentUrl":"https:\/\/secure.gravatar.com\/avatar\/219e749e47ffbcca018a360ae4add7d4cdf1cdaaf8bc7676b27efade3fe65615?s=96&d=mm&r=g","caption":"J.J."},"url":"https:\/\/vosgesinfo.fr\/saintdieinfo\/author\/j-j\/"}]}},"_links":{"self":[{"href":"https:\/\/vosgesinfo.fr\/saintdieinfo\/wp-json\/wp\/v2\/posts\/74817","targetHints":{"allow":["GET"]}}],"collection":[{"href":"https:\/\/vosgesinfo.fr\/saintdieinfo\/wp-json\/wp\/v2\/posts"}],"about":[{"href":"https:\/\/vosgesinfo.fr\/saintdieinfo\/wp-json\/wp\/v2\/types\/post"}],"author":[{"embeddable":true,"href":"https:\/\/vosgesinfo.fr\/saintdieinfo\/wp-json\/wp\/v2\/users\/46"}],"replies":[{"embeddable":true,"href":"https:\/\/vosgesinfo.fr\/saintdieinfo\/wp-json\/wp\/v2\/comments?post=74817"}],"version-history":[{"count":1,"href":"https:\/\/vosgesinfo.fr\/saintdieinfo\/wp-json\/wp\/v2\/posts\/74817\/revisions"}],"predecessor-version":[{"id":74819,"href":"https:\/\/vosgesinfo.fr\/saintdieinfo\/wp-json\/wp\/v2\/posts\/74817\/revisions\/74819"}],"wp:featuredmedia":[{"embeddable":true,"href":"https:\/\/vosgesinfo.fr\/saintdieinfo\/wp-json\/wp\/v2\/media\/74818"}],"wp:attachment":[{"href":"https:\/\/vosgesinfo.fr\/saintdieinfo\/wp-json\/wp\/v2\/media?parent=74817"}],"wp:term":[{"taxonomy":"category","embeddable":true,"href":"https:\/\/vosgesinfo.fr\/saintdieinfo\/wp-json\/wp\/v2\/categories?post=74817"},{"taxonomy":"post_tag","embeddable":true,"href":"https:\/\/vosgesinfo.fr\/saintdieinfo\/wp-json\/wp\/v2\/tags?post=74817"}],"curies":[{"name":"wp","href":"https:\/\/api.w.org\/{rel}","templated":true}]}}