{"id":74872,"date":"2025-03-08T10:50:59","date_gmt":"2025-03-08T09:50:59","guid":{"rendered":"https:\/\/vosgesinfo.fr\/saintdieinfo\/?p=74872"},"modified":"2025-03-08T10:38:51","modified_gmt":"2025-03-08T09:38:51","slug":"les-pecheurs-deodatiens-au-rendez-vous-de-louverture-de-la-peche-a-la-truite","status":"publish","type":"post","link":"https:\/\/vosgesinfo.fr\/saintdieinfo\/2025\/03\/les-pecheurs-deodatiens-au-rendez-vous-de-louverture-de-la-peche-a-la-truite\/","title":{"rendered":"Les p\u00eacheurs d\u00e9odatiens au rendez-vous de l&rsquo;ouverture de la p\u00eache \u00e0 la truite"},"content":{"rendered":"<div id=\"attachment_74875\" style=\"width: 1034px\" class=\"wp-caption alignnone\"><a href=\"https:\/\/vosgesinfo.fr\/app\/uploads\/sites\/4\/2025\/03\/ouverture-peche-premiere-categorie-5.jpg\"><img decoding=\"async\" aria-describedby=\"caption-attachment-74875\" class=\"size-large wp-image-74875\" src=\"https:\/\/vosgesinfo.fr\/app\/uploads\/sites\/4\/2025\/03\/ouverture-peche-premiere-categorie-5-1024x683.jpg\" alt=\"\" width=\"1024\" height=\"683\" srcset=\"https:\/\/vosgesinfo.fr\/app\/uploads\/sites\/4\/2025\/03\/ouverture-peche-premiere-categorie-5-1024x683.jpg 1024w, https:\/\/vosgesinfo.fr\/app\/uploads\/sites\/4\/2025\/03\/ouverture-peche-premiere-categorie-5-300x200.jpg 300w, https:\/\/vosgesinfo.fr\/app\/uploads\/sites\/4\/2025\/03\/ouverture-peche-premiere-categorie-5-768x512.jpg 768w, https:\/\/vosgesinfo.fr\/app\/uploads\/sites\/4\/2025\/03\/ouverture-peche-premiere-categorie-5.jpg 1200w\" sizes=\"(max-width: 1024px) 100vw, 1024px\" \/><\/a><p id=\"caption-attachment-74875\" class=\"wp-caption-text\">(Photographies Marc Fourniquet)<\/p><\/div>\n<h2>Le <strong>deuxi\u00e8me samedi du mois de mars<\/strong> marque l&rsquo;ouverture de la <strong>p\u00eache en eaux de premi\u00e8re cat\u00e9gorie<\/strong>. Un moment tr\u00e8s attendu des p\u00eacheurs, <strong>occasionnels comme chevronn\u00e9s<\/strong>, car cette journ\u00e9e est synonyme d&rsquo;<strong>ouverture de la p\u00eache \u00e0 la truite<\/strong>.<\/h2>\n<p><!--more--><\/p>\n<h3 class=\"western\"><strong>Une p\u00eache accessible \u00e0 tous<\/strong><\/h3>\n<p>Une p\u00eache <strong>accessible \u00e0 tous<\/strong>, mais n\u00e9anmoins <strong>exigeante<\/strong>, qui peut \u00eatre pratiqu\u00e9e en employant <strong>diff\u00e9rentes techniques<\/strong>, en fonction de la <strong>m\u00e9t\u00e9o<\/strong>, de la <strong>configuration du lieu<\/strong>&#8230; ou simplement des <strong>pr\u00e9f\u00e9rences personnelles<\/strong>.<\/p>\n<h3 class=\"western\"><strong>Le \u00ab toc \u00bb, une technique incontournable<\/strong><\/h3>\n<p>La technique la plus courante \u00e9tant celle du <strong>\u00ab toc \u00bb<\/strong>, tr\u00e8s simple, car elle n\u00e9cessite du <strong>mat\u00e9riel basique et peu co\u00fbteux<\/strong>. Elle consiste \u00e0 <strong>lancer sa ligne dans le courant<\/strong>, avec le fil de p\u00eache <strong>tendu sur l&rsquo;index<\/strong>. Au bout de l&rsquo;hame\u00e7on, l&rsquo;<strong>app\u00e2t<\/strong> est un <strong>ver de terre<\/strong> ou une <strong>teigne<\/strong>. Lorsque le p\u00eacheur ressent, au niveau de son <strong>index<\/strong>, une <strong>r\u00e9sistance inhabituelle<\/strong>, il suffit alors de <strong>ferrer<\/strong> pour capturer la truite qui s&rsquo;est <strong>faite leurrer<\/strong>.<\/p>\n<h3 class=\"western\"><strong>Les autres techniques populaires<\/strong><\/h3>\n<p>Les autres techniques populaires employ\u00e9es pour la <strong>p\u00eache \u00e0 la truite en rivi\u00e8re<\/strong> sont <strong>le lancer aux leurres<\/strong> \u2013 <strong>souples<\/strong> ou <strong>poissons nageurs<\/strong> \u2013, les <strong>cuill\u00e8res<\/strong> \u2013 <strong>tournantes<\/strong> ou <strong>ondulantes<\/strong> \u2013 et la <strong>ligne traditionnelle avec un bouchon<\/strong>, dans les endroits <strong>\u00e0 faible courant<\/strong>.<\/p>\n<h3 class=\"western\"><strong>860 kilos de truites alevin\u00e9es<\/strong><\/h3>\n<p>Pour cette <strong>ouverture 2025<\/strong>, l&rsquo;<strong>AAPPMA de Saint-Di\u00e9-des-Vosges et Saint-Michel-sur-Meurthe<\/strong> a rel\u00e2ch\u00e9 <strong>860 kilos de truites<\/strong> dans les rivi\u00e8res locales. Une <strong>vingtaine de b\u00e9n\u00e9voles<\/strong> ont proc\u00e9d\u00e9 \u00e0 cette <strong>op\u00e9ration d&rsquo;alevinage<\/strong> le week-end dernier. <strong>545 kilos de truites arc-en-ciel<\/strong> et <strong>315 kilos de truites fario<\/strong> ont ainsi rejoint les eaux de la <strong>Meurthe, du Robache, du Taintrou\u00e9 et de la Fave<\/strong>.<\/p>\n<h3 class=\"western\"><strong>Un quota de 6 truites maximum<\/strong><\/h3>\n<p>Rappel utile en guise de conclusion : le <strong>nombre de captures autoris\u00e9<\/strong> par jour et par p\u00eacheur est fix\u00e9 \u00e0 <strong>6 truites<\/strong>.<\/p>\n<p>J.J.<\/p>\n\n\t\t<style type=\"text\/css\">\n\t\t\t#gallery-1 {\n\t\t\t\tmargin: auto;\n\t\t\t}\n\t\t\t#gallery-1 .gallery-item {\n\t\t\t\tfloat: left;\n\t\t\t\tmargin-top: 10px;\n\t\t\t\ttext-align: center;\n\t\t\t\twidth: 50%;\n\t\t\t}\n\t\t\t#gallery-1 img {\n\t\t\t\tborder: 2px solid #cfcfcf;\n\t\t\t}\n\t\t\t#gallery-1 .gallery-caption {\n\t\t\t\tmargin-left: 0;\n\t\t\t}\n\t\t\t\/* see gallery_shortcode() in wp-includes\/media.php *\/\n\t\t<\/style>\n\t\t<div id='gallery-1' class='gallery galleryid-74872 gallery-columns-2 gallery-size-thumbnail'><dl class='gallery-item'>\n\t\t\t<dt class='gallery-icon landscape'>\n\t\t\t\t<a href='https:\/\/vosgesinfo.fr\/app\/uploads\/sites\/4\/2025\/03\/ouverture-peche-premiere-categorie-3.jpg'><img decoding=\"async\" width=\"150\" height=\"150\" src=\"https:\/\/vosgesinfo.fr\/app\/uploads\/sites\/4\/2025\/03\/ouverture-peche-premiere-categorie-3-150x150.jpg\" class=\"attachment-thumbnail size-thumbnail\" alt=\"\" \/><\/a>\n\t\t\t<\/dt><\/dl><dl class='gallery-item'>\n\t\t\t<dt class='gallery-icon landscape'>\n\t\t\t\t<a href='https:\/\/vosgesinfo.fr\/app\/uploads\/sites\/4\/2025\/03\/ouverture-peche-premiere-categorie-4.jpg'><img decoding=\"async\" width=\"150\" height=\"150\" src=\"https:\/\/vosgesinfo.fr\/app\/uploads\/sites\/4\/2025\/03\/ouverture-peche-premiere-categorie-4-150x150.jpg\" class=\"attachment-thumbnail size-thumbnail\" alt=\"\" \/><\/a>\n\t\t\t<\/dt><\/dl><br style=\"clear: both\" \/><dl class='gallery-item'>\n\t\t\t<dt class='gallery-icon landscape'>\n\t\t\t\t<a href='https:\/\/vosgesinfo.fr\/app\/uploads\/sites\/4\/2025\/03\/ouverture-peche-premiere-categorie-1.jpg'><img decoding=\"async\" width=\"150\" height=\"150\" src=\"https:\/\/vosgesinfo.fr\/app\/uploads\/sites\/4\/2025\/03\/ouverture-peche-premiere-categorie-1-150x150.jpg\" class=\"attachment-thumbnail size-thumbnail\" alt=\"\" \/><\/a>\n\t\t\t<\/dt><\/dl><dl class='gallery-item'>\n\t\t\t<dt class='gallery-icon landscape'>\n\t\t\t\t<a href='https:\/\/vosgesinfo.fr\/app\/uploads\/sites\/4\/2025\/03\/ouverture-peche-premiere-categorie-2.jpg'><img decoding=\"async\" width=\"150\" height=\"150\" src=\"https:\/\/vosgesinfo.fr\/app\/uploads\/sites\/4\/2025\/03\/ouverture-peche-premiere-categorie-2-150x150.jpg\" class=\"attachment-thumbnail size-thumbnail\" alt=\"\" \/><\/a>\n\t\t\t<\/dt><\/dl><br style=\"clear: both\" \/>\n\t\t<\/div>\n\n","protected":false},"excerpt":{"rendered":"<p>Le deuxi\u00e8me samedi du mois de mars marque l&rsquo;ouverture de la p\u00eache en eaux de premi\u00e8re cat\u00e9gorie. Un moment tr\u00e8s [&hellip;]<\/p>\n","protected":false},"author":46,"featured_media":74875,"comment_status":"open","ping_status":"open","sticky":false,"template":"","format":"standard","meta":{"footnotes":""},"categories":[460,20,167],"tags":[3979,16435,7960,4088],"class_list":["post-74872","post","type-post","status-publish","format-standard","has-post-thumbnail","hentry","category-a-la-une","category-loisirs","category-saint-die-des-vosges","tag-aappma-de-saint-die-des-vosges-et-saint-michel-sur-meurthe","tag-ouverture-de-la-peche-a-la-truite-2025","tag-ouverture-de-la-peche-en-eaux-de-premiere-categorie","tag-peche-a-la-truite"],"acf":[],"yoast_head":"<!-- This site is optimized with the Yoast SEO plugin v22.5 - https:\/\/yoast.com\/wordpress\/plugins\/seo\/ -->\n<title>Les p\u00eacheurs d\u00e9odatiens au rendez-vous de l&#039;ouverture de la p\u00eache \u00e0 la truite - Saint Die Info<\/title>\n<meta name=\"robots\" content=\"index, follow, max-snippet:-1, max-image-preview:large, max-video-preview:-1\" \/>\n<link rel=\"canonical\" href=\"https:\/\/vosgesinfo.fr\/saintdieinfo\/2025\/03\/les-pecheurs-deodatiens-au-rendez-vous-de-louverture-de-la-peche-a-la-truite\/\" \/>\n<meta name=\"twitter:card\" content=\"summary_large_image\" \/>\n<meta name=\"twitter:title\" content=\"Les p\u00eacheurs d\u00e9odatiens au rendez-vous de l&#039;ouverture de la p\u00eache \u00e0 la truite - Saint Die Info\" \/>\n<meta name=\"twitter:description\" content=\"Le deuxi\u00e8me samedi du mois de mars marque l&rsquo;ouverture de la p\u00eache en eaux de premi\u00e8re cat\u00e9gorie. Un moment tr\u00e8s [&hellip;]\" \/>\n<meta name=\"twitter:image\" content=\"https:\/\/vosgesinfo.fr\/app\/uploads\/sites\/4\/2025\/03\/ouverture-peche-premiere-categorie-5.jpg\" \/>\n<meta name=\"twitter:creator\" content=\"@VosgesInfo88\" \/>\n<meta name=\"twitter:site\" content=\"@VosgesInfo88\" \/>\n<meta name=\"twitter:label1\" content=\"\u00c9crit par\" \/>\n\t<meta name=\"twitter:data1\" content=\"J.J.\" \/>\n\t<meta name=\"twitter:label2\" content=\"Dur\u00e9e de lecture estim\u00e9e\" \/>\n\t<meta name=\"twitter:data2\" content=\"2 minutes\" \/>\n<script type=\"application\/ld+json\" class=\"yoast-schema-graph\">{\"@context\":\"https:\/\/schema.org\",\"@graph\":[{\"@type\":\"Article\",\"@id\":\"https:\/\/vosgesinfo.fr\/saintdieinfo\/2025\/03\/les-pecheurs-deodatiens-au-rendez-vous-de-louverture-de-la-peche-a-la-truite\/#article\",\"isPartOf\":{\"@id\":\"https:\/\/vosgesinfo.fr\/saintdieinfo\/2025\/03\/les-pecheurs-deodatiens-au-rendez-vous-de-louverture-de-la-peche-a-la-truite\/\"},\"author\":{\"name\":\"J.J.\",\"@id\":\"https:\/\/vosgesinfo.fr\/saintdieinfo\/#\/schema\/person\/fa73e9f726d67bb88f46d5b7943cb572\"},\"headline\":\"Les p\u00eacheurs d\u00e9odatiens au rendez-vous de l&rsquo;ouverture de la p\u00eache \u00e0 la truite\",\"datePublished\":\"2025-03-08T09:50:59+00:00\",\"dateModified\":\"2025-03-08T09:38:51+00:00\",\"mainEntityOfPage\":{\"@id\":\"https:\/\/vosgesinfo.fr\/saintdieinfo\/2025\/03\/les-pecheurs-deodatiens-au-rendez-vous-de-louverture-de-la-peche-a-la-truite\/\"},\"wordCount\":355,\"commentCount\":0,\"publisher\":{\"@id\":\"https:\/\/vosgesinfo.fr\/saintdieinfo\/#organization\"},\"image\":{\"@id\":\"https:\/\/vosgesinfo.fr\/saintdieinfo\/2025\/03\/les-pecheurs-deodatiens-au-rendez-vous-de-louverture-de-la-peche-a-la-truite\/#primaryimage\"},\"thumbnailUrl\":\"https:\/\/vosgesinfo.fr\/app\/uploads\/sites\/4\/2025\/03\/ouverture-peche-premiere-categorie-5.jpg\",\"keywords\":[\"AAPPMA de Saint-Di\u00e9-des-Vosges et Saint-Michel-sur-Meurthe\",\"Ouverture de la p\u00eache \u00e0 la truite 2025\",\"Ouverture de la p\u00eache en eaux de premi\u00e8re cat\u00e9gorie\",\"P\u00eache \u00e0 la truite\"],\"articleSection\":[\"A la Une\",\"Loisirs\",\"Saint-Di\u00e9-des-Vosges\"],\"inLanguage\":\"fr-FR\",\"potentialAction\":[{\"@type\":\"CommentAction\",\"name\":\"Comment\",\"target\":[\"https:\/\/vosgesinfo.fr\/saintdieinfo\/2025\/03\/les-pecheurs-deodatiens-au-rendez-vous-de-louverture-de-la-peche-a-la-truite\/#respond\"]}]},{\"@type\":\"WebPage\",\"@id\":\"https:\/\/vosgesinfo.fr\/saintdieinfo\/2025\/03\/les-pecheurs-deodatiens-au-rendez-vous-de-louverture-de-la-peche-a-la-truite\/\",\"url\":\"https:\/\/vosgesinfo.fr\/saintdieinfo\/2025\/03\/les-pecheurs-deodatiens-au-rendez-vous-de-louverture-de-la-peche-a-la-truite\/\",\"name\":\"Les p\u00eacheurs d\u00e9odatiens au rendez-vous de l'ouverture de la p\u00eache \u00e0 la truite - Saint Die Info\",\"isPartOf\":{\"@id\":\"https:\/\/vosgesinfo.fr\/saintdieinfo\/#website\"},\"primaryImageOfPage\":{\"@id\":\"https:\/\/vosgesinfo.fr\/saintdieinfo\/2025\/03\/les-pecheurs-deodatiens-au-rendez-vous-de-louverture-de-la-peche-a-la-truite\/#primaryimage\"},\"image\":{\"@id\":\"https:\/\/vosgesinfo.fr\/saintdieinfo\/2025\/03\/les-pecheurs-deodatiens-au-rendez-vous-de-louverture-de-la-peche-a-la-truite\/#primaryimage\"},\"thumbnailUrl\":\"https:\/\/vosgesinfo.fr\/app\/uploads\/sites\/4\/2025\/03\/ouverture-peche-premiere-categorie-5.jpg\",\"datePublished\":\"2025-03-08T09:50:59+00:00\",\"dateModified\":\"2025-03-08T09:38:51+00:00\",\"breadcrumb\":{\"@id\":\"https:\/\/vosgesinfo.fr\/saintdieinfo\/2025\/03\/les-pecheurs-deodatiens-au-rendez-vous-de-louverture-de-la-peche-a-la-truite\/#breadcrumb\"},\"inLanguage\":\"fr-FR\",\"potentialAction\":[{\"@type\":\"ReadAction\",\"target\":[\"https:\/\/vosgesinfo.fr\/saintdieinfo\/2025\/03\/les-pecheurs-deodatiens-au-rendez-vous-de-louverture-de-la-peche-a-la-truite\/\"]}]},{\"@type\":\"ImageObject\",\"inLanguage\":\"fr-FR\",\"@id\":\"https:\/\/vosgesinfo.fr\/saintdieinfo\/2025\/03\/les-pecheurs-deodatiens-au-rendez-vous-de-louverture-de-la-peche-a-la-truite\/#primaryimage\",\"url\":\"https:\/\/vosgesinfo.fr\/app\/uploads\/sites\/4\/2025\/03\/ouverture-peche-premiere-categorie-5.jpg\",\"contentUrl\":\"https:\/\/vosgesinfo.fr\/app\/uploads\/sites\/4\/2025\/03\/ouverture-peche-premiere-categorie-5.jpg\",\"width\":1200,\"height\":800,\"caption\":\"(Photographies Marc Fourniquet)\"},{\"@type\":\"BreadcrumbList\",\"@id\":\"https:\/\/vosgesinfo.fr\/saintdieinfo\/2025\/03\/les-pecheurs-deodatiens-au-rendez-vous-de-louverture-de-la-peche-a-la-truite\/#breadcrumb\",\"itemListElement\":[{\"@type\":\"ListItem\",\"position\":1,\"name\":\"Home\",\"item\":\"https:\/\/vosgesinfo.fr\/saintdieinfo\/\"},{\"@type\":\"ListItem\",\"position\":2,\"name\":\"Les p\u00eacheurs d\u00e9odatiens au rendez-vous de l&rsquo;ouverture de la p\u00eache \u00e0 la truite\"}]},{\"@type\":\"WebSite\",\"@id\":\"https:\/\/vosgesinfo.fr\/saintdieinfo\/#website\",\"url\":\"https:\/\/vosgesinfo.fr\/saintdieinfo\/\",\"name\":\"Saint Die Info\",\"description\":\"Toute l&#039;actualit\u00e9 de Saint-Di\u00e9-Des-Vosges\",\"publisher\":{\"@id\":\"https:\/\/vosgesinfo.fr\/saintdieinfo\/#organization\"},\"alternateName\":\"Toute l'actualit\u00e9 de Saint-Di\u00e9-Des-Vosges\",\"potentialAction\":[{\"@type\":\"SearchAction\",\"target\":{\"@type\":\"EntryPoint\",\"urlTemplate\":\"https:\/\/vosgesinfo.fr\/saintdieinfo\/?s={search_term_string}\"},\"query-input\":\"required name=search_term_string\"}],\"inLanguage\":\"fr-FR\"},{\"@type\":\"Organization\",\"@id\":\"https:\/\/vosgesinfo.fr\/saintdieinfo\/#organization\",\"name\":\"Saint Die Info\",\"url\":\"https:\/\/vosgesinfo.fr\/saintdieinfo\/\",\"logo\":{\"@type\":\"ImageObject\",\"inLanguage\":\"fr-FR\",\"@id\":\"https:\/\/vosgesinfo.fr\/saintdieinfo\/#\/schema\/logo\/image\/\",\"url\":\"https:\/\/vosgesinfo.fr\/app\/uploads\/sites\/4\/2024\/02\/logo-sdi.jpg\",\"contentUrl\":\"https:\/\/vosgesinfo.fr\/app\/uploads\/sites\/4\/2024\/02\/logo-sdi.jpg\",\"width\":600,\"height\":600,\"caption\":\"Saint Die Info\"},\"image\":{\"@id\":\"https:\/\/vosgesinfo.fr\/saintdieinfo\/#\/schema\/logo\/image\/\"},\"sameAs\":[\"https:\/\/www.facebook.com\/Saintdieinfofr\",\"https:\/\/x.com\/VosgesInfo88\",\"https:\/\/www.youtube.com\/@vosgesinfo\"]},{\"@type\":\"Person\",\"@id\":\"https:\/\/vosgesinfo.fr\/saintdieinfo\/#\/schema\/person\/fa73e9f726d67bb88f46d5b7943cb572\",\"name\":\"J.J.\",\"image\":{\"@type\":\"ImageObject\",\"inLanguage\":\"fr-FR\",\"@id\":\"https:\/\/vosgesinfo.fr\/saintdieinfo\/#\/schema\/person\/image\/\",\"url\":\"https:\/\/secure.gravatar.com\/avatar\/219e749e47ffbcca018a360ae4add7d4cdf1cdaaf8bc7676b27efade3fe65615?s=96&d=mm&r=g\",\"contentUrl\":\"https:\/\/secure.gravatar.com\/avatar\/219e749e47ffbcca018a360ae4add7d4cdf1cdaaf8bc7676b27efade3fe65615?s=96&d=mm&r=g\",\"caption\":\"J.J.\"},\"url\":\"https:\/\/vosgesinfo.fr\/saintdieinfo\/author\/j-j\/\"}]}<\/script>\n<!-- \/ Yoast SEO plugin. -->","yoast_head_json":{"title":"Les p\u00eacheurs d\u00e9odatiens au rendez-vous de l'ouverture de la p\u00eache \u00e0 la truite - Saint Die Info","robots":{"index":"index","follow":"follow","max-snippet":"max-snippet:-1","max-image-preview":"max-image-preview:large","max-video-preview":"max-video-preview:-1"},"canonical":"https:\/\/vosgesinfo.fr\/saintdieinfo\/2025\/03\/les-pecheurs-deodatiens-au-rendez-vous-de-louverture-de-la-peche-a-la-truite\/","twitter_card":"summary_large_image","twitter_title":"Les p\u00eacheurs d\u00e9odatiens au rendez-vous de l'ouverture de la p\u00eache \u00e0 la truite - Saint Die Info","twitter_description":"Le deuxi\u00e8me samedi du mois de mars marque l&rsquo;ouverture de la p\u00eache en eaux de premi\u00e8re cat\u00e9gorie. Un moment tr\u00e8s [&hellip;]","twitter_image":"https:\/\/vosgesinfo.fr\/app\/uploads\/sites\/4\/2025\/03\/ouverture-peche-premiere-categorie-5.jpg","twitter_creator":"@VosgesInfo88","twitter_site":"@VosgesInfo88","twitter_misc":{"\u00c9crit par":"J.J.","Dur\u00e9e de lecture estim\u00e9e":"2 minutes"},"schema":{"@context":"https:\/\/schema.org","@graph":[{"@type":"Article","@id":"https:\/\/vosgesinfo.fr\/saintdieinfo\/2025\/03\/les-pecheurs-deodatiens-au-rendez-vous-de-louverture-de-la-peche-a-la-truite\/#article","isPartOf":{"@id":"https:\/\/vosgesinfo.fr\/saintdieinfo\/2025\/03\/les-pecheurs-deodatiens-au-rendez-vous-de-louverture-de-la-peche-a-la-truite\/"},"author":{"name":"J.J.","@id":"https:\/\/vosgesinfo.fr\/saintdieinfo\/#\/schema\/person\/fa73e9f726d67bb88f46d5b7943cb572"},"headline":"Les p\u00eacheurs d\u00e9odatiens au rendez-vous de l&rsquo;ouverture de la p\u00eache \u00e0 la truite","datePublished":"2025-03-08T09:50:59+00:00","dateModified":"2025-03-08T09:38:51+00:00","mainEntityOfPage":{"@id":"https:\/\/vosgesinfo.fr\/saintdieinfo\/2025\/03\/les-pecheurs-deodatiens-au-rendez-vous-de-louverture-de-la-peche-a-la-truite\/"},"wordCount":355,"commentCount":0,"publisher":{"@id":"https:\/\/vosgesinfo.fr\/saintdieinfo\/#organization"},"image":{"@id":"https:\/\/vosgesinfo.fr\/saintdieinfo\/2025\/03\/les-pecheurs-deodatiens-au-rendez-vous-de-louverture-de-la-peche-a-la-truite\/#primaryimage"},"thumbnailUrl":"https:\/\/vosgesinfo.fr\/app\/uploads\/sites\/4\/2025\/03\/ouverture-peche-premiere-categorie-5.jpg","keywords":["AAPPMA de Saint-Di\u00e9-des-Vosges et Saint-Michel-sur-Meurthe","Ouverture de la p\u00eache \u00e0 la truite 2025","Ouverture de la p\u00eache en eaux de premi\u00e8re cat\u00e9gorie","P\u00eache \u00e0 la truite"],"articleSection":["A la Une","Loisirs","Saint-Di\u00e9-des-Vosges"],"inLanguage":"fr-FR","potentialAction":[{"@type":"CommentAction","name":"Comment","target":["https:\/\/vosgesinfo.fr\/saintdieinfo\/2025\/03\/les-pecheurs-deodatiens-au-rendez-vous-de-louverture-de-la-peche-a-la-truite\/#respond"]}]},{"@type":"WebPage","@id":"https:\/\/vosgesinfo.fr\/saintdieinfo\/2025\/03\/les-pecheurs-deodatiens-au-rendez-vous-de-louverture-de-la-peche-a-la-truite\/","url":"https:\/\/vosgesinfo.fr\/saintdieinfo\/2025\/03\/les-pecheurs-deodatiens-au-rendez-vous-de-louverture-de-la-peche-a-la-truite\/","name":"Les p\u00eacheurs d\u00e9odatiens au rendez-vous de l'ouverture de la p\u00eache \u00e0 la truite - Saint Die Info","isPartOf":{"@id":"https:\/\/vosgesinfo.fr\/saintdieinfo\/#website"},"primaryImageOfPage":{"@id":"https:\/\/vosgesinfo.fr\/saintdieinfo\/2025\/03\/les-pecheurs-deodatiens-au-rendez-vous-de-louverture-de-la-peche-a-la-truite\/#primaryimage"},"image":{"@id":"https:\/\/vosgesinfo.fr\/saintdieinfo\/2025\/03\/les-pecheurs-deodatiens-au-rendez-vous-de-louverture-de-la-peche-a-la-truite\/#primaryimage"},"thumbnailUrl":"https:\/\/vosgesinfo.fr\/app\/uploads\/sites\/4\/2025\/03\/ouverture-peche-premiere-categorie-5.jpg","datePublished":"2025-03-08T09:50:59+00:00","dateModified":"2025-03-08T09:38:51+00:00","breadcrumb":{"@id":"https:\/\/vosgesinfo.fr\/saintdieinfo\/2025\/03\/les-pecheurs-deodatiens-au-rendez-vous-de-louverture-de-la-peche-a-la-truite\/#breadcrumb"},"inLanguage":"fr-FR","potentialAction":[{"@type":"ReadAction","target":["https:\/\/vosgesinfo.fr\/saintdieinfo\/2025\/03\/les-pecheurs-deodatiens-au-rendez-vous-de-louverture-de-la-peche-a-la-truite\/"]}]},{"@type":"ImageObject","inLanguage":"fr-FR","@id":"https:\/\/vosgesinfo.fr\/saintdieinfo\/2025\/03\/les-pecheurs-deodatiens-au-rendez-vous-de-louverture-de-la-peche-a-la-truite\/#primaryimage","url":"https:\/\/vosgesinfo.fr\/app\/uploads\/sites\/4\/2025\/03\/ouverture-peche-premiere-categorie-5.jpg","contentUrl":"https:\/\/vosgesinfo.fr\/app\/uploads\/sites\/4\/2025\/03\/ouverture-peche-premiere-categorie-5.jpg","width":1200,"height":800,"caption":"(Photographies Marc Fourniquet)"},{"@type":"BreadcrumbList","@id":"https:\/\/vosgesinfo.fr\/saintdieinfo\/2025\/03\/les-pecheurs-deodatiens-au-rendez-vous-de-louverture-de-la-peche-a-la-truite\/#breadcrumb","itemListElement":[{"@type":"ListItem","position":1,"name":"Home","item":"https:\/\/vosgesinfo.fr\/saintdieinfo\/"},{"@type":"ListItem","position":2,"name":"Les p\u00eacheurs d\u00e9odatiens au rendez-vous de l&rsquo;ouverture de la p\u00eache \u00e0 la truite"}]},{"@type":"WebSite","@id":"https:\/\/vosgesinfo.fr\/saintdieinfo\/#website","url":"https:\/\/vosgesinfo.fr\/saintdieinfo\/","name":"Saint Die Info","description":"Toute l&#039;actualit\u00e9 de Saint-Di\u00e9-Des-Vosges","publisher":{"@id":"https:\/\/vosgesinfo.fr\/saintdieinfo\/#organization"},"alternateName":"Toute l'actualit\u00e9 de Saint-Di\u00e9-Des-Vosges","potentialAction":[{"@type":"SearchAction","target":{"@type":"EntryPoint","urlTemplate":"https:\/\/vosgesinfo.fr\/saintdieinfo\/?s={search_term_string}"},"query-input":"required name=search_term_string"}],"inLanguage":"fr-FR"},{"@type":"Organization","@id":"https:\/\/vosgesinfo.fr\/saintdieinfo\/#organization","name":"Saint Die Info","url":"https:\/\/vosgesinfo.fr\/saintdieinfo\/","logo":{"@type":"ImageObject","inLanguage":"fr-FR","@id":"https:\/\/vosgesinfo.fr\/saintdieinfo\/#\/schema\/logo\/image\/","url":"https:\/\/vosgesinfo.fr\/app\/uploads\/sites\/4\/2024\/02\/logo-sdi.jpg","contentUrl":"https:\/\/vosgesinfo.fr\/app\/uploads\/sites\/4\/2024\/02\/logo-sdi.jpg","width":600,"height":600,"caption":"Saint Die Info"},"image":{"@id":"https:\/\/vosgesinfo.fr\/saintdieinfo\/#\/schema\/logo\/image\/"},"sameAs":["https:\/\/www.facebook.com\/Saintdieinfofr","https:\/\/x.com\/VosgesInfo88","https:\/\/www.youtube.com\/@vosgesinfo"]},{"@type":"Person","@id":"https:\/\/vosgesinfo.fr\/saintdieinfo\/#\/schema\/person\/fa73e9f726d67bb88f46d5b7943cb572","name":"J.J.","image":{"@type":"ImageObject","inLanguage":"fr-FR","@id":"https:\/\/vosgesinfo.fr\/saintdieinfo\/#\/schema\/person\/image\/","url":"https:\/\/secure.gravatar.com\/avatar\/219e749e47ffbcca018a360ae4add7d4cdf1cdaaf8bc7676b27efade3fe65615?s=96&d=mm&r=g","contentUrl":"https:\/\/secure.gravatar.com\/avatar\/219e749e47ffbcca018a360ae4add7d4cdf1cdaaf8bc7676b27efade3fe65615?s=96&d=mm&r=g","caption":"J.J."},"url":"https:\/\/vosgesinfo.fr\/saintdieinfo\/author\/j-j\/"}]}},"_links":{"self":[{"href":"https:\/\/vosgesinfo.fr\/saintdieinfo\/wp-json\/wp\/v2\/posts\/74872","targetHints":{"allow":["GET"]}}],"collection":[{"href":"https:\/\/vosgesinfo.fr\/saintdieinfo\/wp-json\/wp\/v2\/posts"}],"about":[{"href":"https:\/\/vosgesinfo.fr\/saintdieinfo\/wp-json\/wp\/v2\/types\/post"}],"author":[{"embeddable":true,"href":"https:\/\/vosgesinfo.fr\/saintdieinfo\/wp-json\/wp\/v2\/users\/46"}],"replies":[{"embeddable":true,"href":"https:\/\/vosgesinfo.fr\/saintdieinfo\/wp-json\/wp\/v2\/comments?post=74872"}],"version-history":[{"count":1,"href":"https:\/\/vosgesinfo.fr\/saintdieinfo\/wp-json\/wp\/v2\/posts\/74872\/revisions"}],"predecessor-version":[{"id":74878,"href":"https:\/\/vosgesinfo.fr\/saintdieinfo\/wp-json\/wp\/v2\/posts\/74872\/revisions\/74878"}],"wp:featuredmedia":[{"embeddable":true,"href":"https:\/\/vosgesinfo.fr\/saintdieinfo\/wp-json\/wp\/v2\/media\/74875"}],"wp:attachment":[{"href":"https:\/\/vosgesinfo.fr\/saintdieinfo\/wp-json\/wp\/v2\/media?parent=74872"}],"wp:term":[{"taxonomy":"category","embeddable":true,"href":"https:\/\/vosgesinfo.fr\/saintdieinfo\/wp-json\/wp\/v2\/categories?post=74872"},{"taxonomy":"post_tag","embeddable":true,"href":"https:\/\/vosgesinfo.fr\/saintdieinfo\/wp-json\/wp\/v2\/tags?post=74872"}],"curies":[{"name":"wp","href":"https:\/\/api.w.org\/{rel}","templated":true}]}}