{"id":74910,"date":"2025-03-10T12:10:37","date_gmt":"2025-03-10T11:10:37","guid":{"rendered":"https:\/\/vosgesinfo.fr\/saintdieinfo\/?p=74910"},"modified":"2025-03-10T11:58:13","modified_gmt":"2025-03-10T10:58:13","slug":"saulcy-sur-meurthe-le-batiment-du-restaurant-le-salerno-en-proie-a-un-incendie-la-nuit-derniere","status":"publish","type":"post","link":"https:\/\/vosgesinfo.fr\/saintdieinfo\/2025\/03\/saulcy-sur-meurthe-le-batiment-du-restaurant-le-salerno-en-proie-a-un-incendie-la-nuit-derniere\/","title":{"rendered":"Saulcy-sur-Meurthe \u2013 Le b\u00e2timent du restaurant \u00ab\u00a0Le Salerno\u00a0\u00bb en proie \u00e0 un incendie la nuit derni\u00e8re"},"content":{"rendered":"<p><a href=\"https:\/\/vosgesinfo.fr\/app\/uploads\/sites\/4\/2025\/03\/saulcy-sur-meurthe-incendie-restaurant-le-salerno-8-scaled.jpg\"><img decoding=\"async\" class=\"alignnone size-large wp-image-74918\" src=\"https:\/\/vosgesinfo.fr\/app\/uploads\/sites\/4\/2025\/03\/saulcy-sur-meurthe-incendie-restaurant-le-salerno-8-1024x771.jpg\" alt=\"\" width=\"1024\" height=\"771\" srcset=\"https:\/\/vosgesinfo.fr\/app\/uploads\/sites\/4\/2025\/03\/saulcy-sur-meurthe-incendie-restaurant-le-salerno-8-1024x771.jpg 1024w, https:\/\/vosgesinfo.fr\/app\/uploads\/sites\/4\/2025\/03\/saulcy-sur-meurthe-incendie-restaurant-le-salerno-8-300x226.jpg 300w, https:\/\/vosgesinfo.fr\/app\/uploads\/sites\/4\/2025\/03\/saulcy-sur-meurthe-incendie-restaurant-le-salerno-8-768x578.jpg 768w, https:\/\/vosgesinfo.fr\/app\/uploads\/sites\/4\/2025\/03\/saulcy-sur-meurthe-incendie-restaurant-le-salerno-8-1536x1157.jpg 1536w, https:\/\/vosgesinfo.fr\/app\/uploads\/sites\/4\/2025\/03\/saulcy-sur-meurthe-incendie-restaurant-le-salerno-8-2048x1542.jpg 2048w\" sizes=\"(max-width: 1024px) 100vw, 1024px\" \/><\/a><\/p>\n<h2>La nuit derni\u00e8re, en toute fin de soir\u00e9e,<strong> sur les coups de 22h45<\/strong>, <strong>26 sapeurs-pompiers<\/strong> sont intervenus \u00e0 <strong>Saulcy-sur-Meurthe<\/strong>, o\u00f9 un incendie s&rsquo;est d\u00e9clar\u00e9 dans le b\u00e2timent du restaurant-pizzeria \u00ab\u202f<strong>Le Salerno<\/strong>\u202f\u00bb.<\/h2>\n<p><!--more--><\/p>\n<p>Situ\u00e9 au niveau du rond-point des rues <strong>Raymond-Panin, d&rsquo;Alsace, du Kemberg et Moulins-sur-Allier<\/strong>, ce b\u00e2timent de <strong>deux \u00e9tages<\/strong> a \u00e9t\u00e9 touch\u00e9 par les flammes au niveau de sa toiture, qui s&rsquo;est <strong>totalement embras\u00e9e<\/strong>. <strong>D&rsquo;importants moyens<\/strong> ont \u00e9t\u00e9 engag\u00e9s par les sapeurs-pompiers, notamment <strong>la grande \u00e9chelle<\/strong>. L&rsquo;incendie, qui n&rsquo;a fait <strong>aucune victime<\/strong>, a \u00e9t\u00e9 ma\u00eetris\u00e9 avant qu&rsquo;il <strong>n&rsquo;atteigne les locaux du \u00ab\u00a0Salerno\u00a0\u00bb<\/strong>. <strong>Une enqu\u00eate a \u00e9t\u00e9 ouverte<\/strong> afin de d\u00e9terminer les causes du sinistre.<\/p>\n<p>J.J.<\/p>\n\n\t\t<style type=\"text\/css\">\n\t\t\t#gallery-1 {\n\t\t\t\tmargin: auto;\n\t\t\t}\n\t\t\t#gallery-1 .gallery-item {\n\t\t\t\tfloat: left;\n\t\t\t\tmargin-top: 10px;\n\t\t\t\ttext-align: center;\n\t\t\t\twidth: 33%;\n\t\t\t}\n\t\t\t#gallery-1 img {\n\t\t\t\tborder: 2px solid #cfcfcf;\n\t\t\t}\n\t\t\t#gallery-1 .gallery-caption {\n\t\t\t\tmargin-left: 0;\n\t\t\t}\n\t\t\t\/* see gallery_shortcode() in wp-includes\/media.php *\/\n\t\t<\/style>\n\t\t<div id='gallery-1' class='gallery galleryid-74910 gallery-columns-3 gallery-size-thumbnail'><dl class='gallery-item'>\n\t\t\t<dt class='gallery-icon landscape'>\n\t\t\t\t<a href='https:\/\/vosgesinfo.fr\/app\/uploads\/sites\/4\/2025\/03\/saulcy-sur-meurthe-incendie-restaurant-le-salerno-1-scaled.jpg'><img decoding=\"async\" width=\"150\" height=\"150\" src=\"https:\/\/vosgesinfo.fr\/app\/uploads\/sites\/4\/2025\/03\/saulcy-sur-meurthe-incendie-restaurant-le-salerno-1-150x150.jpg\" class=\"attachment-thumbnail size-thumbnail\" alt=\"\" \/><\/a>\n\t\t\t<\/dt><\/dl><dl class='gallery-item'>\n\t\t\t<dt class='gallery-icon landscape'>\n\t\t\t\t<a href='https:\/\/vosgesinfo.fr\/app\/uploads\/sites\/4\/2025\/03\/saulcy-sur-meurthe-incendie-restaurant-le-salerno-2-scaled.jpg'><img decoding=\"async\" width=\"150\" height=\"150\" src=\"https:\/\/vosgesinfo.fr\/app\/uploads\/sites\/4\/2025\/03\/saulcy-sur-meurthe-incendie-restaurant-le-salerno-2-150x150.jpg\" class=\"attachment-thumbnail size-thumbnail\" alt=\"\" \/><\/a>\n\t\t\t<\/dt><\/dl><dl class='gallery-item'>\n\t\t\t<dt class='gallery-icon landscape'>\n\t\t\t\t<a href='https:\/\/vosgesinfo.fr\/app\/uploads\/sites\/4\/2025\/03\/saulcy-sur-meurthe-incendie-restaurant-le-salerno-3-scaled.jpg'><img decoding=\"async\" width=\"150\" height=\"150\" src=\"https:\/\/vosgesinfo.fr\/app\/uploads\/sites\/4\/2025\/03\/saulcy-sur-meurthe-incendie-restaurant-le-salerno-3-150x150.jpg\" class=\"attachment-thumbnail size-thumbnail\" alt=\"\" \/><\/a>\n\t\t\t<\/dt><\/dl><br style=\"clear: both\" \/><dl class='gallery-item'>\n\t\t\t<dt class='gallery-icon landscape'>\n\t\t\t\t<a href='https:\/\/vosgesinfo.fr\/app\/uploads\/sites\/4\/2025\/03\/saulcy-sur-meurthe-incendie-restaurant-le-salerno-4-scaled.jpg'><img decoding=\"async\" width=\"150\" height=\"150\" src=\"https:\/\/vosgesinfo.fr\/app\/uploads\/sites\/4\/2025\/03\/saulcy-sur-meurthe-incendie-restaurant-le-salerno-4-150x150.jpg\" class=\"attachment-thumbnail size-thumbnail\" alt=\"\" \/><\/a>\n\t\t\t<\/dt><\/dl><dl class='gallery-item'>\n\t\t\t<dt class='gallery-icon landscape'>\n\t\t\t\t<a href='https:\/\/vosgesinfo.fr\/app\/uploads\/sites\/4\/2025\/03\/saulcy-sur-meurthe-incendie-restaurant-le-salerno-5-scaled.jpg'><img decoding=\"async\" width=\"150\" height=\"150\" src=\"https:\/\/vosgesinfo.fr\/app\/uploads\/sites\/4\/2025\/03\/saulcy-sur-meurthe-incendie-restaurant-le-salerno-5-150x150.jpg\" class=\"attachment-thumbnail size-thumbnail\" alt=\"\" \/><\/a>\n\t\t\t<\/dt><\/dl><dl class='gallery-item'>\n\t\t\t<dt class='gallery-icon landscape'>\n\t\t\t\t<a href='https:\/\/vosgesinfo.fr\/app\/uploads\/sites\/4\/2025\/03\/saulcy-sur-meurthe-incendie-restaurant-le-salerno-6-scaled.jpg'><img decoding=\"async\" width=\"150\" height=\"150\" src=\"https:\/\/vosgesinfo.fr\/app\/uploads\/sites\/4\/2025\/03\/saulcy-sur-meurthe-incendie-restaurant-le-salerno-6-150x150.jpg\" class=\"attachment-thumbnail size-thumbnail\" alt=\"\" \/><\/a>\n\t\t\t<\/dt><\/dl><br style=\"clear: both\" \/><dl class='gallery-item'>\n\t\t\t<dt class='gallery-icon landscape'>\n\t\t\t\t<a href='https:\/\/vosgesinfo.fr\/app\/uploads\/sites\/4\/2025\/03\/saulcy-sur-meurthe-incendie-restaurant-le-salerno-7-scaled.jpg'><img decoding=\"async\" width=\"150\" height=\"150\" src=\"https:\/\/vosgesinfo.fr\/app\/uploads\/sites\/4\/2025\/03\/saulcy-sur-meurthe-incendie-restaurant-le-salerno-7-150x150.jpg\" class=\"attachment-thumbnail size-thumbnail\" alt=\"\" \/><\/a>\n\t\t\t<\/dt><\/dl>\n\t\t\t<br style='clear: both' \/>\n\t\t<\/div>\n\n","protected":false},"excerpt":{"rendered":"<p>La nuit derni\u00e8re, en toute fin de soir\u00e9e, sur les coups de 22h45, 26 sapeurs-pompiers sont intervenus \u00e0 Saulcy-sur-Meurthe, o\u00f9 [&hellip;]<\/p>\n","protected":false},"author":46,"featured_media":74918,"comment_status":"open","ping_status":"open","sticky":false,"template":"","format":"standard","meta":{"footnotes":""},"categories":[460,2924,2915],"tags":[16442,1017,4520],"class_list":["post-74910","post","type-post","status-publish","format-standard","has-post-thumbnail","hentry","category-a-la-une","category-fait-divers","category-saint-die-son-canton","tag-restaurant-pizzeria-le-salerno","tag-sapeurs-pompiers-des-vosges","tag-saulcy-sur-meurthe"],"acf":[],"yoast_head":"<!-- This site is optimized with the Yoast SEO plugin v22.5 - https:\/\/yoast.com\/wordpress\/plugins\/seo\/ -->\n<title>Saulcy-sur-Meurthe \u2013 Le b\u00e2timent du restaurant \u00ab\u00a0Le Salerno\u00a0\u00bb en proie \u00e0 un incendie la nuit derni\u00e8re - Saint Die Info<\/title>\n<meta name=\"robots\" content=\"index, follow, max-snippet:-1, max-image-preview:large, max-video-preview:-1\" \/>\n<link rel=\"canonical\" href=\"https:\/\/vosgesinfo.fr\/saintdieinfo\/2025\/03\/saulcy-sur-meurthe-le-batiment-du-restaurant-le-salerno-en-proie-a-un-incendie-la-nuit-derniere\/\" \/>\n<meta name=\"twitter:card\" content=\"summary_large_image\" \/>\n<meta name=\"twitter:title\" content=\"Saulcy-sur-Meurthe \u2013 Le b\u00e2timent du restaurant \u00ab\u00a0Le Salerno\u00a0\u00bb en proie \u00e0 un incendie la nuit derni\u00e8re - Saint Die Info\" \/>\n<meta name=\"twitter:description\" content=\"La nuit derni\u00e8re, en toute fin de soir\u00e9e, sur les coups de 22h45, 26 sapeurs-pompiers sont intervenus \u00e0 Saulcy-sur-Meurthe, o\u00f9 [&hellip;]\" \/>\n<meta name=\"twitter:image\" content=\"https:\/\/vosgesinfo.fr\/app\/uploads\/sites\/4\/2025\/03\/saulcy-sur-meurthe-incendie-restaurant-le-salerno-8-scaled.jpg\" \/>\n<meta name=\"twitter:creator\" content=\"@VosgesInfo88\" \/>\n<meta name=\"twitter:site\" content=\"@VosgesInfo88\" \/>\n<meta name=\"twitter:label1\" content=\"\u00c9crit par\" \/>\n\t<meta name=\"twitter:data1\" content=\"J.J.\" \/>\n\t<meta name=\"twitter:label2\" content=\"Dur\u00e9e de lecture estim\u00e9e\" \/>\n\t<meta name=\"twitter:data2\" content=\"1 minute\" \/>\n<script type=\"application\/ld+json\" class=\"yoast-schema-graph\">{\"@context\":\"https:\/\/schema.org\",\"@graph\":[{\"@type\":\"Article\",\"@id\":\"https:\/\/vosgesinfo.fr\/saintdieinfo\/2025\/03\/saulcy-sur-meurthe-le-batiment-du-restaurant-le-salerno-en-proie-a-un-incendie-la-nuit-derniere\/#article\",\"isPartOf\":{\"@id\":\"https:\/\/vosgesinfo.fr\/saintdieinfo\/2025\/03\/saulcy-sur-meurthe-le-batiment-du-restaurant-le-salerno-en-proie-a-un-incendie-la-nuit-derniere\/\"},\"author\":{\"name\":\"J.J.\",\"@id\":\"https:\/\/vosgesinfo.fr\/saintdieinfo\/#\/schema\/person\/fa73e9f726d67bb88f46d5b7943cb572\"},\"headline\":\"Saulcy-sur-Meurthe \u2013 Le b\u00e2timent du restaurant \u00ab\u00a0Le Salerno\u00a0\u00bb en proie \u00e0 un incendie la nuit derni\u00e8re\",\"datePublished\":\"2025-03-10T11:10:37+00:00\",\"dateModified\":\"2025-03-10T10:58:13+00:00\",\"mainEntityOfPage\":{\"@id\":\"https:\/\/vosgesinfo.fr\/saintdieinfo\/2025\/03\/saulcy-sur-meurthe-le-batiment-du-restaurant-le-salerno-en-proie-a-un-incendie-la-nuit-derniere\/\"},\"wordCount\":142,\"commentCount\":0,\"publisher\":{\"@id\":\"https:\/\/vosgesinfo.fr\/saintdieinfo\/#organization\"},\"image\":{\"@id\":\"https:\/\/vosgesinfo.fr\/saintdieinfo\/2025\/03\/saulcy-sur-meurthe-le-batiment-du-restaurant-le-salerno-en-proie-a-un-incendie-la-nuit-derniere\/#primaryimage\"},\"thumbnailUrl\":\"https:\/\/vosgesinfo.fr\/app\/uploads\/sites\/4\/2025\/03\/saulcy-sur-meurthe-incendie-restaurant-le-salerno-8-scaled.jpg\",\"keywords\":[\"Restaurant-pizzeria Le Salerno\",\"sapeurs-pompiers des Vosges\",\"Saulcy-sur-Meurthe\"],\"articleSection\":[\"A la Une\",\"Fait Divers\",\"Saint-Di\u00e9-des-Vosges et son Agglom\u00e9ration\"],\"inLanguage\":\"fr-FR\",\"potentialAction\":[{\"@type\":\"CommentAction\",\"name\":\"Comment\",\"target\":[\"https:\/\/vosgesinfo.fr\/saintdieinfo\/2025\/03\/saulcy-sur-meurthe-le-batiment-du-restaurant-le-salerno-en-proie-a-un-incendie-la-nuit-derniere\/#respond\"]}]},{\"@type\":\"WebPage\",\"@id\":\"https:\/\/vosgesinfo.fr\/saintdieinfo\/2025\/03\/saulcy-sur-meurthe-le-batiment-du-restaurant-le-salerno-en-proie-a-un-incendie-la-nuit-derniere\/\",\"url\":\"https:\/\/vosgesinfo.fr\/saintdieinfo\/2025\/03\/saulcy-sur-meurthe-le-batiment-du-restaurant-le-salerno-en-proie-a-un-incendie-la-nuit-derniere\/\",\"name\":\"Saulcy-sur-Meurthe \u2013 Le b\u00e2timent du restaurant \u00ab\u00a0Le Salerno\u00a0\u00bb en proie \u00e0 un incendie la nuit derni\u00e8re - Saint Die Info\",\"isPartOf\":{\"@id\":\"https:\/\/vosgesinfo.fr\/saintdieinfo\/#website\"},\"primaryImageOfPage\":{\"@id\":\"https:\/\/vosgesinfo.fr\/saintdieinfo\/2025\/03\/saulcy-sur-meurthe-le-batiment-du-restaurant-le-salerno-en-proie-a-un-incendie-la-nuit-derniere\/#primaryimage\"},\"image\":{\"@id\":\"https:\/\/vosgesinfo.fr\/saintdieinfo\/2025\/03\/saulcy-sur-meurthe-le-batiment-du-restaurant-le-salerno-en-proie-a-un-incendie-la-nuit-derniere\/#primaryimage\"},\"thumbnailUrl\":\"https:\/\/vosgesinfo.fr\/app\/uploads\/sites\/4\/2025\/03\/saulcy-sur-meurthe-incendie-restaurant-le-salerno-8-scaled.jpg\",\"datePublished\":\"2025-03-10T11:10:37+00:00\",\"dateModified\":\"2025-03-10T10:58:13+00:00\",\"breadcrumb\":{\"@id\":\"https:\/\/vosgesinfo.fr\/saintdieinfo\/2025\/03\/saulcy-sur-meurthe-le-batiment-du-restaurant-le-salerno-en-proie-a-un-incendie-la-nuit-derniere\/#breadcrumb\"},\"inLanguage\":\"fr-FR\",\"potentialAction\":[{\"@type\":\"ReadAction\",\"target\":[\"https:\/\/vosgesinfo.fr\/saintdieinfo\/2025\/03\/saulcy-sur-meurthe-le-batiment-du-restaurant-le-salerno-en-proie-a-un-incendie-la-nuit-derniere\/\"]}]},{\"@type\":\"ImageObject\",\"inLanguage\":\"fr-FR\",\"@id\":\"https:\/\/vosgesinfo.fr\/saintdieinfo\/2025\/03\/saulcy-sur-meurthe-le-batiment-du-restaurant-le-salerno-en-proie-a-un-incendie-la-nuit-derniere\/#primaryimage\",\"url\":\"https:\/\/vosgesinfo.fr\/app\/uploads\/sites\/4\/2025\/03\/saulcy-sur-meurthe-incendie-restaurant-le-salerno-8-scaled.jpg\",\"contentUrl\":\"https:\/\/vosgesinfo.fr\/app\/uploads\/sites\/4\/2025\/03\/saulcy-sur-meurthe-incendie-restaurant-le-salerno-8-scaled.jpg\",\"width\":2560,\"height\":1928},{\"@type\":\"BreadcrumbList\",\"@id\":\"https:\/\/vosgesinfo.fr\/saintdieinfo\/2025\/03\/saulcy-sur-meurthe-le-batiment-du-restaurant-le-salerno-en-proie-a-un-incendie-la-nuit-derniere\/#breadcrumb\",\"itemListElement\":[{\"@type\":\"ListItem\",\"position\":1,\"name\":\"Home\",\"item\":\"https:\/\/vosgesinfo.fr\/saintdieinfo\/\"},{\"@type\":\"ListItem\",\"position\":2,\"name\":\"Saulcy-sur-Meurthe \u2013 Le b\u00e2timent du restaurant \u00ab\u00a0Le Salerno\u00a0\u00bb en proie \u00e0 un incendie la nuit derni\u00e8re\"}]},{\"@type\":\"WebSite\",\"@id\":\"https:\/\/vosgesinfo.fr\/saintdieinfo\/#website\",\"url\":\"https:\/\/vosgesinfo.fr\/saintdieinfo\/\",\"name\":\"Saint Die Info\",\"description\":\"Toute l&#039;actualit\u00e9 de Saint-Di\u00e9-Des-Vosges\",\"publisher\":{\"@id\":\"https:\/\/vosgesinfo.fr\/saintdieinfo\/#organization\"},\"alternateName\":\"Toute l'actualit\u00e9 de Saint-Di\u00e9-Des-Vosges\",\"potentialAction\":[{\"@type\":\"SearchAction\",\"target\":{\"@type\":\"EntryPoint\",\"urlTemplate\":\"https:\/\/vosgesinfo.fr\/saintdieinfo\/?s={search_term_string}\"},\"query-input\":\"required name=search_term_string\"}],\"inLanguage\":\"fr-FR\"},{\"@type\":\"Organization\",\"@id\":\"https:\/\/vosgesinfo.fr\/saintdieinfo\/#organization\",\"name\":\"Saint Die Info\",\"url\":\"https:\/\/vosgesinfo.fr\/saintdieinfo\/\",\"logo\":{\"@type\":\"ImageObject\",\"inLanguage\":\"fr-FR\",\"@id\":\"https:\/\/vosgesinfo.fr\/saintdieinfo\/#\/schema\/logo\/image\/\",\"url\":\"https:\/\/vosgesinfo.fr\/app\/uploads\/sites\/4\/2024\/02\/logo-sdi.jpg\",\"contentUrl\":\"https:\/\/vosgesinfo.fr\/app\/uploads\/sites\/4\/2024\/02\/logo-sdi.jpg\",\"width\":600,\"height\":600,\"caption\":\"Saint Die Info\"},\"image\":{\"@id\":\"https:\/\/vosgesinfo.fr\/saintdieinfo\/#\/schema\/logo\/image\/\"},\"sameAs\":[\"https:\/\/www.facebook.com\/Saintdieinfofr\",\"https:\/\/x.com\/VosgesInfo88\",\"https:\/\/www.youtube.com\/@vosgesinfo\"]},{\"@type\":\"Person\",\"@id\":\"https:\/\/vosgesinfo.fr\/saintdieinfo\/#\/schema\/person\/fa73e9f726d67bb88f46d5b7943cb572\",\"name\":\"J.J.\",\"image\":{\"@type\":\"ImageObject\",\"inLanguage\":\"fr-FR\",\"@id\":\"https:\/\/vosgesinfo.fr\/saintdieinfo\/#\/schema\/person\/image\/\",\"url\":\"https:\/\/secure.gravatar.com\/avatar\/219e749e47ffbcca018a360ae4add7d4cdf1cdaaf8bc7676b27efade3fe65615?s=96&d=mm&r=g\",\"contentUrl\":\"https:\/\/secure.gravatar.com\/avatar\/219e749e47ffbcca018a360ae4add7d4cdf1cdaaf8bc7676b27efade3fe65615?s=96&d=mm&r=g\",\"caption\":\"J.J.\"},\"url\":\"https:\/\/vosgesinfo.fr\/saintdieinfo\/author\/j-j\/\"}]}<\/script>\n<!-- \/ Yoast SEO plugin. -->","yoast_head_json":{"title":"Saulcy-sur-Meurthe \u2013 Le b\u00e2timent du restaurant \u00ab\u00a0Le Salerno\u00a0\u00bb en proie \u00e0 un incendie la nuit derni\u00e8re - Saint Die Info","robots":{"index":"index","follow":"follow","max-snippet":"max-snippet:-1","max-image-preview":"max-image-preview:large","max-video-preview":"max-video-preview:-1"},"canonical":"https:\/\/vosgesinfo.fr\/saintdieinfo\/2025\/03\/saulcy-sur-meurthe-le-batiment-du-restaurant-le-salerno-en-proie-a-un-incendie-la-nuit-derniere\/","twitter_card":"summary_large_image","twitter_title":"Saulcy-sur-Meurthe \u2013 Le b\u00e2timent du restaurant \u00ab\u00a0Le Salerno\u00a0\u00bb en proie \u00e0 un incendie la nuit derni\u00e8re - Saint Die Info","twitter_description":"La nuit derni\u00e8re, en toute fin de soir\u00e9e, sur les coups de 22h45, 26 sapeurs-pompiers sont intervenus \u00e0 Saulcy-sur-Meurthe, o\u00f9 [&hellip;]","twitter_image":"https:\/\/vosgesinfo.fr\/app\/uploads\/sites\/4\/2025\/03\/saulcy-sur-meurthe-incendie-restaurant-le-salerno-8-scaled.jpg","twitter_creator":"@VosgesInfo88","twitter_site":"@VosgesInfo88","twitter_misc":{"\u00c9crit par":"J.J.","Dur\u00e9e de lecture estim\u00e9e":"1 minute"},"schema":{"@context":"https:\/\/schema.org","@graph":[{"@type":"Article","@id":"https:\/\/vosgesinfo.fr\/saintdieinfo\/2025\/03\/saulcy-sur-meurthe-le-batiment-du-restaurant-le-salerno-en-proie-a-un-incendie-la-nuit-derniere\/#article","isPartOf":{"@id":"https:\/\/vosgesinfo.fr\/saintdieinfo\/2025\/03\/saulcy-sur-meurthe-le-batiment-du-restaurant-le-salerno-en-proie-a-un-incendie-la-nuit-derniere\/"},"author":{"name":"J.J.","@id":"https:\/\/vosgesinfo.fr\/saintdieinfo\/#\/schema\/person\/fa73e9f726d67bb88f46d5b7943cb572"},"headline":"Saulcy-sur-Meurthe \u2013 Le b\u00e2timent du restaurant \u00ab\u00a0Le Salerno\u00a0\u00bb en proie \u00e0 un incendie la nuit derni\u00e8re","datePublished":"2025-03-10T11:10:37+00:00","dateModified":"2025-03-10T10:58:13+00:00","mainEntityOfPage":{"@id":"https:\/\/vosgesinfo.fr\/saintdieinfo\/2025\/03\/saulcy-sur-meurthe-le-batiment-du-restaurant-le-salerno-en-proie-a-un-incendie-la-nuit-derniere\/"},"wordCount":142,"commentCount":0,"publisher":{"@id":"https:\/\/vosgesinfo.fr\/saintdieinfo\/#organization"},"image":{"@id":"https:\/\/vosgesinfo.fr\/saintdieinfo\/2025\/03\/saulcy-sur-meurthe-le-batiment-du-restaurant-le-salerno-en-proie-a-un-incendie-la-nuit-derniere\/#primaryimage"},"thumbnailUrl":"https:\/\/vosgesinfo.fr\/app\/uploads\/sites\/4\/2025\/03\/saulcy-sur-meurthe-incendie-restaurant-le-salerno-8-scaled.jpg","keywords":["Restaurant-pizzeria Le Salerno","sapeurs-pompiers des Vosges","Saulcy-sur-Meurthe"],"articleSection":["A la Une","Fait Divers","Saint-Di\u00e9-des-Vosges et son Agglom\u00e9ration"],"inLanguage":"fr-FR","potentialAction":[{"@type":"CommentAction","name":"Comment","target":["https:\/\/vosgesinfo.fr\/saintdieinfo\/2025\/03\/saulcy-sur-meurthe-le-batiment-du-restaurant-le-salerno-en-proie-a-un-incendie-la-nuit-derniere\/#respond"]}]},{"@type":"WebPage","@id":"https:\/\/vosgesinfo.fr\/saintdieinfo\/2025\/03\/saulcy-sur-meurthe-le-batiment-du-restaurant-le-salerno-en-proie-a-un-incendie-la-nuit-derniere\/","url":"https:\/\/vosgesinfo.fr\/saintdieinfo\/2025\/03\/saulcy-sur-meurthe-le-batiment-du-restaurant-le-salerno-en-proie-a-un-incendie-la-nuit-derniere\/","name":"Saulcy-sur-Meurthe \u2013 Le b\u00e2timent du restaurant \u00ab\u00a0Le Salerno\u00a0\u00bb en proie \u00e0 un incendie la nuit derni\u00e8re - Saint Die Info","isPartOf":{"@id":"https:\/\/vosgesinfo.fr\/saintdieinfo\/#website"},"primaryImageOfPage":{"@id":"https:\/\/vosgesinfo.fr\/saintdieinfo\/2025\/03\/saulcy-sur-meurthe-le-batiment-du-restaurant-le-salerno-en-proie-a-un-incendie-la-nuit-derniere\/#primaryimage"},"image":{"@id":"https:\/\/vosgesinfo.fr\/saintdieinfo\/2025\/03\/saulcy-sur-meurthe-le-batiment-du-restaurant-le-salerno-en-proie-a-un-incendie-la-nuit-derniere\/#primaryimage"},"thumbnailUrl":"https:\/\/vosgesinfo.fr\/app\/uploads\/sites\/4\/2025\/03\/saulcy-sur-meurthe-incendie-restaurant-le-salerno-8-scaled.jpg","datePublished":"2025-03-10T11:10:37+00:00","dateModified":"2025-03-10T10:58:13+00:00","breadcrumb":{"@id":"https:\/\/vosgesinfo.fr\/saintdieinfo\/2025\/03\/saulcy-sur-meurthe-le-batiment-du-restaurant-le-salerno-en-proie-a-un-incendie-la-nuit-derniere\/#breadcrumb"},"inLanguage":"fr-FR","potentialAction":[{"@type":"ReadAction","target":["https:\/\/vosgesinfo.fr\/saintdieinfo\/2025\/03\/saulcy-sur-meurthe-le-batiment-du-restaurant-le-salerno-en-proie-a-un-incendie-la-nuit-derniere\/"]}]},{"@type":"ImageObject","inLanguage":"fr-FR","@id":"https:\/\/vosgesinfo.fr\/saintdieinfo\/2025\/03\/saulcy-sur-meurthe-le-batiment-du-restaurant-le-salerno-en-proie-a-un-incendie-la-nuit-derniere\/#primaryimage","url":"https:\/\/vosgesinfo.fr\/app\/uploads\/sites\/4\/2025\/03\/saulcy-sur-meurthe-incendie-restaurant-le-salerno-8-scaled.jpg","contentUrl":"https:\/\/vosgesinfo.fr\/app\/uploads\/sites\/4\/2025\/03\/saulcy-sur-meurthe-incendie-restaurant-le-salerno-8-scaled.jpg","width":2560,"height":1928},{"@type":"BreadcrumbList","@id":"https:\/\/vosgesinfo.fr\/saintdieinfo\/2025\/03\/saulcy-sur-meurthe-le-batiment-du-restaurant-le-salerno-en-proie-a-un-incendie-la-nuit-derniere\/#breadcrumb","itemListElement":[{"@type":"ListItem","position":1,"name":"Home","item":"https:\/\/vosgesinfo.fr\/saintdieinfo\/"},{"@type":"ListItem","position":2,"name":"Saulcy-sur-Meurthe \u2013 Le b\u00e2timent du restaurant \u00ab\u00a0Le Salerno\u00a0\u00bb en proie \u00e0 un incendie la nuit derni\u00e8re"}]},{"@type":"WebSite","@id":"https:\/\/vosgesinfo.fr\/saintdieinfo\/#website","url":"https:\/\/vosgesinfo.fr\/saintdieinfo\/","name":"Saint Die Info","description":"Toute l&#039;actualit\u00e9 de Saint-Di\u00e9-Des-Vosges","publisher":{"@id":"https:\/\/vosgesinfo.fr\/saintdieinfo\/#organization"},"alternateName":"Toute l'actualit\u00e9 de Saint-Di\u00e9-Des-Vosges","potentialAction":[{"@type":"SearchAction","target":{"@type":"EntryPoint","urlTemplate":"https:\/\/vosgesinfo.fr\/saintdieinfo\/?s={search_term_string}"},"query-input":"required name=search_term_string"}],"inLanguage":"fr-FR"},{"@type":"Organization","@id":"https:\/\/vosgesinfo.fr\/saintdieinfo\/#organization","name":"Saint Die Info","url":"https:\/\/vosgesinfo.fr\/saintdieinfo\/","logo":{"@type":"ImageObject","inLanguage":"fr-FR","@id":"https:\/\/vosgesinfo.fr\/saintdieinfo\/#\/schema\/logo\/image\/","url":"https:\/\/vosgesinfo.fr\/app\/uploads\/sites\/4\/2024\/02\/logo-sdi.jpg","contentUrl":"https:\/\/vosgesinfo.fr\/app\/uploads\/sites\/4\/2024\/02\/logo-sdi.jpg","width":600,"height":600,"caption":"Saint Die Info"},"image":{"@id":"https:\/\/vosgesinfo.fr\/saintdieinfo\/#\/schema\/logo\/image\/"},"sameAs":["https:\/\/www.facebook.com\/Saintdieinfofr","https:\/\/x.com\/VosgesInfo88","https:\/\/www.youtube.com\/@vosgesinfo"]},{"@type":"Person","@id":"https:\/\/vosgesinfo.fr\/saintdieinfo\/#\/schema\/person\/fa73e9f726d67bb88f46d5b7943cb572","name":"J.J.","image":{"@type":"ImageObject","inLanguage":"fr-FR","@id":"https:\/\/vosgesinfo.fr\/saintdieinfo\/#\/schema\/person\/image\/","url":"https:\/\/secure.gravatar.com\/avatar\/219e749e47ffbcca018a360ae4add7d4cdf1cdaaf8bc7676b27efade3fe65615?s=96&d=mm&r=g","contentUrl":"https:\/\/secure.gravatar.com\/avatar\/219e749e47ffbcca018a360ae4add7d4cdf1cdaaf8bc7676b27efade3fe65615?s=96&d=mm&r=g","caption":"J.J."},"url":"https:\/\/vosgesinfo.fr\/saintdieinfo\/author\/j-j\/"}]}},"_links":{"self":[{"href":"https:\/\/vosgesinfo.fr\/saintdieinfo\/wp-json\/wp\/v2\/posts\/74910","targetHints":{"allow":["GET"]}}],"collection":[{"href":"https:\/\/vosgesinfo.fr\/saintdieinfo\/wp-json\/wp\/v2\/posts"}],"about":[{"href":"https:\/\/vosgesinfo.fr\/saintdieinfo\/wp-json\/wp\/v2\/types\/post"}],"author":[{"embeddable":true,"href":"https:\/\/vosgesinfo.fr\/saintdieinfo\/wp-json\/wp\/v2\/users\/46"}],"replies":[{"embeddable":true,"href":"https:\/\/vosgesinfo.fr\/saintdieinfo\/wp-json\/wp\/v2\/comments?post=74910"}],"version-history":[{"count":1,"href":"https:\/\/vosgesinfo.fr\/saintdieinfo\/wp-json\/wp\/v2\/posts\/74910\/revisions"}],"predecessor-version":[{"id":74919,"href":"https:\/\/vosgesinfo.fr\/saintdieinfo\/wp-json\/wp\/v2\/posts\/74910\/revisions\/74919"}],"wp:featuredmedia":[{"embeddable":true,"href":"https:\/\/vosgesinfo.fr\/saintdieinfo\/wp-json\/wp\/v2\/media\/74918"}],"wp:attachment":[{"href":"https:\/\/vosgesinfo.fr\/saintdieinfo\/wp-json\/wp\/v2\/media?parent=74910"}],"wp:term":[{"taxonomy":"category","embeddable":true,"href":"https:\/\/vosgesinfo.fr\/saintdieinfo\/wp-json\/wp\/v2\/categories?post=74910"},{"taxonomy":"post_tag","embeddable":true,"href":"https:\/\/vosgesinfo.fr\/saintdieinfo\/wp-json\/wp\/v2\/tags?post=74910"}],"curies":[{"name":"wp","href":"https:\/\/api.w.org\/{rel}","templated":true}]}}