{"id":74920,"date":"2025-03-10T13:35:48","date_gmt":"2025-03-10T12:35:48","guid":{"rendered":"https:\/\/vosgesinfo.fr\/saintdieinfo\/?p=74920"},"modified":"2025-03-10T13:14:12","modified_gmt":"2025-03-10T12:14:12","slug":"printemps-des-poetes-la-librairie-le-neuf-accueille-beatrice-marchal","status":"publish","type":"post","link":"https:\/\/vosgesinfo.fr\/saintdieinfo\/2025\/03\/printemps-des-poetes-la-librairie-le-neuf-accueille-beatrice-marchal\/","title":{"rendered":"Printemps des po\u00e8tes\u00a0: la Librairie Le Neuf accueille B\u00e9atrice Marchal"},"content":{"rendered":"<p><a href=\"https:\/\/vosgesinfo.fr\/app\/uploads\/sites\/4\/2025\/03\/beatrice-marchal-librairie-le-neuf.png\"><img decoding=\"async\" class=\"alignnone size-full wp-image-74923\" src=\"https:\/\/vosgesinfo.fr\/app\/uploads\/sites\/4\/2025\/03\/beatrice-marchal-librairie-le-neuf.png\" alt=\"\" width=\"600\" height=\"800\" srcset=\"https:\/\/vosgesinfo.fr\/app\/uploads\/sites\/4\/2025\/03\/beatrice-marchal-librairie-le-neuf.png 600w, https:\/\/vosgesinfo.fr\/app\/uploads\/sites\/4\/2025\/03\/beatrice-marchal-librairie-le-neuf-225x300.png 225w\" sizes=\"(max-width: 600px) 100vw, 600px\" \/><\/a><\/p>\n<h2>Dans le cadre du <strong>27e Printemps des po\u00e8tes<\/strong>, la <strong>Librairie Le Neuf<\/strong> accueille, ce <strong>samedi 15 mars de 14h30 \u00e0 16h<\/strong>, la po\u00e8te et critique <strong>B\u00e9atrice Marchal<\/strong>, autour de l&rsquo;ouvrage \u00ab\u202f<strong>Salom\u00e9 ma salamandre<\/strong>\u202f\u00bb, paru aux \u00e9ditions <strong>L&rsquo;herbe qui tremble<\/strong>. <a href=\"https:\/\/librairie-le-neuf.booksdataservices.fr\/20250308\/729WdnMMuMOXXMjDqSUpVzN9XMoXi2xtL4x%3DntxDgtEtQkEhFnM2Wvy91vo9i0UAbKGpdwodAMVpDwJdbvogiKJ6523Ad112\/yWmtLHIPnk7WYSwB5UjBp9RzMonMLfBt5lKyMm0XCf0kRVGeMx9dgupY5TmdVysGJq18xD5FOjc35.ompp\" target=\"_blank\" rel=\"noopener\"><strong>Cliquer ici pour r\u00e9server sa place.<\/strong><\/a><\/h2>\n<p><!--more--><\/p>\n<p>B\u00e9atrice Marchal a pass\u00e9 toute sa jeunesse dans <strong>les Vosges<\/strong>, qui ont marqu\u00e9 son imaginaire de fa\u00e7on <strong>ind\u00e9l\u00e9bile<\/strong> ; elle y revient tr\u00e8s r\u00e9guli\u00e8rement, dans sa maison de <strong>Gerb\u00e9pal<\/strong>.<\/p>\n<p>Elle a enseign\u00e9 <strong>les lettres<\/strong> jusqu&rsquo;en <strong>2011<\/strong>. Avec <strong>Les Chants du silence<\/strong> (<em>\u00e9ditions Delatour France, 2008<\/em>) et <strong>\u00c9crits d&rsquo;amour<\/strong> (<em>Cerf, 2009<\/em>), elle a tent\u00e9 de r\u00e9tablir <strong>C\u00e9cile Sauvage<\/strong> (<em>1883-1927<\/em>), la m\u00e8re d&rsquo;<strong>Olivier Messiaen<\/strong>, dans sa v\u00e9rit\u00e9 de femme et de po\u00e8te ; il faut ajouter une \u00e9tude sur l&rsquo;\u0153uvre de <strong>Richard Rognet<\/strong>, \u00ab\u202f<strong>ou l&rsquo;Ailleurs qui veut vivre (1977-2002)<\/strong>\u202f\u00bb (<em>L&rsquo;Herbe qui tremble, 2018<\/em>), et sur le peintre <strong>Christian Gardair<\/strong> (<em>2021<\/em>). <strong>Prix Louise Lab\u00e9 2019<\/strong> (<em>avec<\/em> Un jour enfin l&rsquo;acc\u00e8s <em>suivi de<\/em> Progression jusqu&rsquo;au c\u0153ur*),* elle a publi\u00e9 plus d&rsquo;<strong>une quinzaine de livres de po\u00e9sie<\/strong>, qui parfois m\u00ealent <strong>prose et po\u00e9sie<\/strong>, comme <strong>Salom\u00e9 ma salamandre<\/strong> (<em>L&rsquo;herbe qui tremble, 2024<\/em>), dont il sera question ce <strong>15 mars<\/strong>.<\/p>\n<p>Elle a anim\u00e9 <strong>le Cercle Ali\u00e9nor<\/strong>, cercle d&rsquo;esth\u00e9tique et de po\u00e9sie \u00e0 <strong>la Brasserie Lipp \u00e0 Paris<\/strong>, de <strong>2013 \u00e0 2023<\/strong>.<\/p>\n<p><a href=\"https:\/\/vosgesinfo.fr\/app\/uploads\/sites\/4\/2025\/03\/beatrice-marchal-librairie-le-neuf.jpg\"><img decoding=\"async\" class=\"alignnone size-full wp-image-74922\" src=\"https:\/\/vosgesinfo.fr\/app\/uploads\/sites\/4\/2025\/03\/beatrice-marchal-librairie-le-neuf.jpg\" alt=\"\" width=\"590\" height=\"750\" srcset=\"https:\/\/vosgesinfo.fr\/app\/uploads\/sites\/4\/2025\/03\/beatrice-marchal-librairie-le-neuf.jpg 590w, https:\/\/vosgesinfo.fr\/app\/uploads\/sites\/4\/2025\/03\/beatrice-marchal-librairie-le-neuf-236x300.jpg 236w\" sizes=\"(max-width: 590px) 100vw, 590px\" \/><\/a><\/p>\n","protected":false},"excerpt":{"rendered":"<p>Dans le cadre du 27e Printemps des po\u00e8tes, la Librairie Le Neuf accueille, ce samedi 15 mars de 14h30 \u00e0 [&hellip;]<\/p>\n","protected":false},"author":46,"featured_media":74923,"comment_status":"open","ping_status":"open","sticky":false,"template":"","format":"standard","meta":{"footnotes":""},"categories":[3900,8090,167],"tags":[16375,16443,3192,5451,16444],"class_list":["post-74920","post","type-post","status-publish","format-standard","has-post-thumbnail","hentry","category-breves","category-litterature","category-saint-die-des-vosges","tag-27e-printemps-des-poetes","tag-beatrice-marchal","tag-librairie-le-neuf","tag-printemps-des-poetes","tag-salome-ma-salamandre"],"acf":[],"yoast_head":"<!-- This site is optimized with the Yoast SEO plugin v22.5 - https:\/\/yoast.com\/wordpress\/plugins\/seo\/ -->\n<title>Printemps des po\u00e8tes\u00a0: la Librairie Le Neuf accueille B\u00e9atrice Marchal - Saint Die Info<\/title>\n<meta name=\"robots\" content=\"index, follow, max-snippet:-1, max-image-preview:large, max-video-preview:-1\" \/>\n<link rel=\"canonical\" href=\"https:\/\/vosgesinfo.fr\/saintdieinfo\/2025\/03\/printemps-des-poetes-la-librairie-le-neuf-accueille-beatrice-marchal\/\" \/>\n<meta name=\"twitter:card\" content=\"summary_large_image\" \/>\n<meta name=\"twitter:title\" content=\"Printemps des po\u00e8tes\u00a0: la Librairie Le Neuf accueille B\u00e9atrice Marchal - Saint Die Info\" \/>\n<meta name=\"twitter:description\" content=\"Dans le cadre du 27e Printemps des po\u00e8tes, la Librairie Le Neuf accueille, ce samedi 15 mars de 14h30 \u00e0 [&hellip;]\" \/>\n<meta name=\"twitter:image\" content=\"https:\/\/vosgesinfo.fr\/app\/uploads\/sites\/4\/2025\/03\/beatrice-marchal-librairie-le-neuf.png\" \/>\n<meta name=\"twitter:creator\" content=\"@VosgesInfo88\" \/>\n<meta name=\"twitter:site\" content=\"@VosgesInfo88\" \/>\n<meta name=\"twitter:label1\" content=\"\u00c9crit par\" \/>\n\t<meta name=\"twitter:data1\" content=\"J.J.\" \/>\n\t<meta name=\"twitter:label2\" content=\"Dur\u00e9e de lecture estim\u00e9e\" \/>\n\t<meta name=\"twitter:data2\" content=\"1 minute\" \/>\n<script type=\"application\/ld+json\" class=\"yoast-schema-graph\">{\"@context\":\"https:\/\/schema.org\",\"@graph\":[{\"@type\":\"Article\",\"@id\":\"https:\/\/vosgesinfo.fr\/saintdieinfo\/2025\/03\/printemps-des-poetes-la-librairie-le-neuf-accueille-beatrice-marchal\/#article\",\"isPartOf\":{\"@id\":\"https:\/\/vosgesinfo.fr\/saintdieinfo\/2025\/03\/printemps-des-poetes-la-librairie-le-neuf-accueille-beatrice-marchal\/\"},\"author\":{\"name\":\"J.J.\",\"@id\":\"https:\/\/vosgesinfo.fr\/saintdieinfo\/#\/schema\/person\/fa73e9f726d67bb88f46d5b7943cb572\"},\"headline\":\"Printemps des po\u00e8tes\u00a0: la Librairie Le Neuf accueille B\u00e9atrice Marchal\",\"datePublished\":\"2025-03-10T12:35:48+00:00\",\"dateModified\":\"2025-03-10T12:14:12+00:00\",\"mainEntityOfPage\":{\"@id\":\"https:\/\/vosgesinfo.fr\/saintdieinfo\/2025\/03\/printemps-des-poetes-la-librairie-le-neuf-accueille-beatrice-marchal\/\"},\"wordCount\":242,\"commentCount\":0,\"publisher\":{\"@id\":\"https:\/\/vosgesinfo.fr\/saintdieinfo\/#organization\"},\"image\":{\"@id\":\"https:\/\/vosgesinfo.fr\/saintdieinfo\/2025\/03\/printemps-des-poetes-la-librairie-le-neuf-accueille-beatrice-marchal\/#primaryimage\"},\"thumbnailUrl\":\"https:\/\/vosgesinfo.fr\/app\/uploads\/sites\/4\/2025\/03\/beatrice-marchal-librairie-le-neuf.png\",\"keywords\":[\"27e Printemps des Po\u00e8tes\",\"B\u00e9atrice Marchal\",\"Librairie Le Neuf\",\"Printemps des Po\u00e8tes\",\"Salom\u00e9 ma salamandre\"],\"articleSection\":[\"Br\u00e8ves\",\"Litt\u00e9rature\",\"Saint-Di\u00e9-des-Vosges\"],\"inLanguage\":\"fr-FR\",\"potentialAction\":[{\"@type\":\"CommentAction\",\"name\":\"Comment\",\"target\":[\"https:\/\/vosgesinfo.fr\/saintdieinfo\/2025\/03\/printemps-des-poetes-la-librairie-le-neuf-accueille-beatrice-marchal\/#respond\"]}]},{\"@type\":\"WebPage\",\"@id\":\"https:\/\/vosgesinfo.fr\/saintdieinfo\/2025\/03\/printemps-des-poetes-la-librairie-le-neuf-accueille-beatrice-marchal\/\",\"url\":\"https:\/\/vosgesinfo.fr\/saintdieinfo\/2025\/03\/printemps-des-poetes-la-librairie-le-neuf-accueille-beatrice-marchal\/\",\"name\":\"Printemps des po\u00e8tes\u00a0: la Librairie Le Neuf accueille B\u00e9atrice Marchal - Saint Die Info\",\"isPartOf\":{\"@id\":\"https:\/\/vosgesinfo.fr\/saintdieinfo\/#website\"},\"primaryImageOfPage\":{\"@id\":\"https:\/\/vosgesinfo.fr\/saintdieinfo\/2025\/03\/printemps-des-poetes-la-librairie-le-neuf-accueille-beatrice-marchal\/#primaryimage\"},\"image\":{\"@id\":\"https:\/\/vosgesinfo.fr\/saintdieinfo\/2025\/03\/printemps-des-poetes-la-librairie-le-neuf-accueille-beatrice-marchal\/#primaryimage\"},\"thumbnailUrl\":\"https:\/\/vosgesinfo.fr\/app\/uploads\/sites\/4\/2025\/03\/beatrice-marchal-librairie-le-neuf.png\",\"datePublished\":\"2025-03-10T12:35:48+00:00\",\"dateModified\":\"2025-03-10T12:14:12+00:00\",\"breadcrumb\":{\"@id\":\"https:\/\/vosgesinfo.fr\/saintdieinfo\/2025\/03\/printemps-des-poetes-la-librairie-le-neuf-accueille-beatrice-marchal\/#breadcrumb\"},\"inLanguage\":\"fr-FR\",\"potentialAction\":[{\"@type\":\"ReadAction\",\"target\":[\"https:\/\/vosgesinfo.fr\/saintdieinfo\/2025\/03\/printemps-des-poetes-la-librairie-le-neuf-accueille-beatrice-marchal\/\"]}]},{\"@type\":\"ImageObject\",\"inLanguage\":\"fr-FR\",\"@id\":\"https:\/\/vosgesinfo.fr\/saintdieinfo\/2025\/03\/printemps-des-poetes-la-librairie-le-neuf-accueille-beatrice-marchal\/#primaryimage\",\"url\":\"https:\/\/vosgesinfo.fr\/app\/uploads\/sites\/4\/2025\/03\/beatrice-marchal-librairie-le-neuf.png\",\"contentUrl\":\"https:\/\/vosgesinfo.fr\/app\/uploads\/sites\/4\/2025\/03\/beatrice-marchal-librairie-le-neuf.png\",\"width\":600,\"height\":800},{\"@type\":\"BreadcrumbList\",\"@id\":\"https:\/\/vosgesinfo.fr\/saintdieinfo\/2025\/03\/printemps-des-poetes-la-librairie-le-neuf-accueille-beatrice-marchal\/#breadcrumb\",\"itemListElement\":[{\"@type\":\"ListItem\",\"position\":1,\"name\":\"Home\",\"item\":\"https:\/\/vosgesinfo.fr\/saintdieinfo\/\"},{\"@type\":\"ListItem\",\"position\":2,\"name\":\"Printemps des po\u00e8tes\u00a0: la Librairie Le Neuf accueille B\u00e9atrice Marchal\"}]},{\"@type\":\"WebSite\",\"@id\":\"https:\/\/vosgesinfo.fr\/saintdieinfo\/#website\",\"url\":\"https:\/\/vosgesinfo.fr\/saintdieinfo\/\",\"name\":\"Saint Die Info\",\"description\":\"Toute l&#039;actualit\u00e9 de Saint-Di\u00e9-Des-Vosges\",\"publisher\":{\"@id\":\"https:\/\/vosgesinfo.fr\/saintdieinfo\/#organization\"},\"alternateName\":\"Toute l'actualit\u00e9 de Saint-Di\u00e9-Des-Vosges\",\"potentialAction\":[{\"@type\":\"SearchAction\",\"target\":{\"@type\":\"EntryPoint\",\"urlTemplate\":\"https:\/\/vosgesinfo.fr\/saintdieinfo\/?s={search_term_string}\"},\"query-input\":\"required name=search_term_string\"}],\"inLanguage\":\"fr-FR\"},{\"@type\":\"Organization\",\"@id\":\"https:\/\/vosgesinfo.fr\/saintdieinfo\/#organization\",\"name\":\"Saint Die Info\",\"url\":\"https:\/\/vosgesinfo.fr\/saintdieinfo\/\",\"logo\":{\"@type\":\"ImageObject\",\"inLanguage\":\"fr-FR\",\"@id\":\"https:\/\/vosgesinfo.fr\/saintdieinfo\/#\/schema\/logo\/image\/\",\"url\":\"https:\/\/vosgesinfo.fr\/app\/uploads\/sites\/4\/2024\/02\/logo-sdi.jpg\",\"contentUrl\":\"https:\/\/vosgesinfo.fr\/app\/uploads\/sites\/4\/2024\/02\/logo-sdi.jpg\",\"width\":600,\"height\":600,\"caption\":\"Saint Die Info\"},\"image\":{\"@id\":\"https:\/\/vosgesinfo.fr\/saintdieinfo\/#\/schema\/logo\/image\/\"},\"sameAs\":[\"https:\/\/www.facebook.com\/Saintdieinfofr\",\"https:\/\/x.com\/VosgesInfo88\",\"https:\/\/www.youtube.com\/@vosgesinfo\"]},{\"@type\":\"Person\",\"@id\":\"https:\/\/vosgesinfo.fr\/saintdieinfo\/#\/schema\/person\/fa73e9f726d67bb88f46d5b7943cb572\",\"name\":\"J.J.\",\"image\":{\"@type\":\"ImageObject\",\"inLanguage\":\"fr-FR\",\"@id\":\"https:\/\/vosgesinfo.fr\/saintdieinfo\/#\/schema\/person\/image\/\",\"url\":\"https:\/\/secure.gravatar.com\/avatar\/219e749e47ffbcca018a360ae4add7d4cdf1cdaaf8bc7676b27efade3fe65615?s=96&d=mm&r=g\",\"contentUrl\":\"https:\/\/secure.gravatar.com\/avatar\/219e749e47ffbcca018a360ae4add7d4cdf1cdaaf8bc7676b27efade3fe65615?s=96&d=mm&r=g\",\"caption\":\"J.J.\"},\"url\":\"https:\/\/vosgesinfo.fr\/saintdieinfo\/author\/j-j\/\"}]}<\/script>\n<!-- \/ Yoast SEO plugin. -->","yoast_head_json":{"title":"Printemps des po\u00e8tes\u00a0: la Librairie Le Neuf accueille B\u00e9atrice Marchal - Saint Die Info","robots":{"index":"index","follow":"follow","max-snippet":"max-snippet:-1","max-image-preview":"max-image-preview:large","max-video-preview":"max-video-preview:-1"},"canonical":"https:\/\/vosgesinfo.fr\/saintdieinfo\/2025\/03\/printemps-des-poetes-la-librairie-le-neuf-accueille-beatrice-marchal\/","twitter_card":"summary_large_image","twitter_title":"Printemps des po\u00e8tes\u00a0: la Librairie Le Neuf accueille B\u00e9atrice Marchal - Saint Die Info","twitter_description":"Dans le cadre du 27e Printemps des po\u00e8tes, la Librairie Le Neuf accueille, ce samedi 15 mars de 14h30 \u00e0 [&hellip;]","twitter_image":"https:\/\/vosgesinfo.fr\/app\/uploads\/sites\/4\/2025\/03\/beatrice-marchal-librairie-le-neuf.png","twitter_creator":"@VosgesInfo88","twitter_site":"@VosgesInfo88","twitter_misc":{"\u00c9crit par":"J.J.","Dur\u00e9e de lecture estim\u00e9e":"1 minute"},"schema":{"@context":"https:\/\/schema.org","@graph":[{"@type":"Article","@id":"https:\/\/vosgesinfo.fr\/saintdieinfo\/2025\/03\/printemps-des-poetes-la-librairie-le-neuf-accueille-beatrice-marchal\/#article","isPartOf":{"@id":"https:\/\/vosgesinfo.fr\/saintdieinfo\/2025\/03\/printemps-des-poetes-la-librairie-le-neuf-accueille-beatrice-marchal\/"},"author":{"name":"J.J.","@id":"https:\/\/vosgesinfo.fr\/saintdieinfo\/#\/schema\/person\/fa73e9f726d67bb88f46d5b7943cb572"},"headline":"Printemps des po\u00e8tes\u00a0: la Librairie Le Neuf accueille B\u00e9atrice Marchal","datePublished":"2025-03-10T12:35:48+00:00","dateModified":"2025-03-10T12:14:12+00:00","mainEntityOfPage":{"@id":"https:\/\/vosgesinfo.fr\/saintdieinfo\/2025\/03\/printemps-des-poetes-la-librairie-le-neuf-accueille-beatrice-marchal\/"},"wordCount":242,"commentCount":0,"publisher":{"@id":"https:\/\/vosgesinfo.fr\/saintdieinfo\/#organization"},"image":{"@id":"https:\/\/vosgesinfo.fr\/saintdieinfo\/2025\/03\/printemps-des-poetes-la-librairie-le-neuf-accueille-beatrice-marchal\/#primaryimage"},"thumbnailUrl":"https:\/\/vosgesinfo.fr\/app\/uploads\/sites\/4\/2025\/03\/beatrice-marchal-librairie-le-neuf.png","keywords":["27e Printemps des Po\u00e8tes","B\u00e9atrice Marchal","Librairie Le Neuf","Printemps des Po\u00e8tes","Salom\u00e9 ma salamandre"],"articleSection":["Br\u00e8ves","Litt\u00e9rature","Saint-Di\u00e9-des-Vosges"],"inLanguage":"fr-FR","potentialAction":[{"@type":"CommentAction","name":"Comment","target":["https:\/\/vosgesinfo.fr\/saintdieinfo\/2025\/03\/printemps-des-poetes-la-librairie-le-neuf-accueille-beatrice-marchal\/#respond"]}]},{"@type":"WebPage","@id":"https:\/\/vosgesinfo.fr\/saintdieinfo\/2025\/03\/printemps-des-poetes-la-librairie-le-neuf-accueille-beatrice-marchal\/","url":"https:\/\/vosgesinfo.fr\/saintdieinfo\/2025\/03\/printemps-des-poetes-la-librairie-le-neuf-accueille-beatrice-marchal\/","name":"Printemps des po\u00e8tes\u00a0: la Librairie Le Neuf accueille B\u00e9atrice Marchal - Saint Die Info","isPartOf":{"@id":"https:\/\/vosgesinfo.fr\/saintdieinfo\/#website"},"primaryImageOfPage":{"@id":"https:\/\/vosgesinfo.fr\/saintdieinfo\/2025\/03\/printemps-des-poetes-la-librairie-le-neuf-accueille-beatrice-marchal\/#primaryimage"},"image":{"@id":"https:\/\/vosgesinfo.fr\/saintdieinfo\/2025\/03\/printemps-des-poetes-la-librairie-le-neuf-accueille-beatrice-marchal\/#primaryimage"},"thumbnailUrl":"https:\/\/vosgesinfo.fr\/app\/uploads\/sites\/4\/2025\/03\/beatrice-marchal-librairie-le-neuf.png","datePublished":"2025-03-10T12:35:48+00:00","dateModified":"2025-03-10T12:14:12+00:00","breadcrumb":{"@id":"https:\/\/vosgesinfo.fr\/saintdieinfo\/2025\/03\/printemps-des-poetes-la-librairie-le-neuf-accueille-beatrice-marchal\/#breadcrumb"},"inLanguage":"fr-FR","potentialAction":[{"@type":"ReadAction","target":["https:\/\/vosgesinfo.fr\/saintdieinfo\/2025\/03\/printemps-des-poetes-la-librairie-le-neuf-accueille-beatrice-marchal\/"]}]},{"@type":"ImageObject","inLanguage":"fr-FR","@id":"https:\/\/vosgesinfo.fr\/saintdieinfo\/2025\/03\/printemps-des-poetes-la-librairie-le-neuf-accueille-beatrice-marchal\/#primaryimage","url":"https:\/\/vosgesinfo.fr\/app\/uploads\/sites\/4\/2025\/03\/beatrice-marchal-librairie-le-neuf.png","contentUrl":"https:\/\/vosgesinfo.fr\/app\/uploads\/sites\/4\/2025\/03\/beatrice-marchal-librairie-le-neuf.png","width":600,"height":800},{"@type":"BreadcrumbList","@id":"https:\/\/vosgesinfo.fr\/saintdieinfo\/2025\/03\/printemps-des-poetes-la-librairie-le-neuf-accueille-beatrice-marchal\/#breadcrumb","itemListElement":[{"@type":"ListItem","position":1,"name":"Home","item":"https:\/\/vosgesinfo.fr\/saintdieinfo\/"},{"@type":"ListItem","position":2,"name":"Printemps des po\u00e8tes\u00a0: la Librairie Le Neuf accueille B\u00e9atrice Marchal"}]},{"@type":"WebSite","@id":"https:\/\/vosgesinfo.fr\/saintdieinfo\/#website","url":"https:\/\/vosgesinfo.fr\/saintdieinfo\/","name":"Saint Die Info","description":"Toute l&#039;actualit\u00e9 de Saint-Di\u00e9-Des-Vosges","publisher":{"@id":"https:\/\/vosgesinfo.fr\/saintdieinfo\/#organization"},"alternateName":"Toute l'actualit\u00e9 de Saint-Di\u00e9-Des-Vosges","potentialAction":[{"@type":"SearchAction","target":{"@type":"EntryPoint","urlTemplate":"https:\/\/vosgesinfo.fr\/saintdieinfo\/?s={search_term_string}"},"query-input":"required name=search_term_string"}],"inLanguage":"fr-FR"},{"@type":"Organization","@id":"https:\/\/vosgesinfo.fr\/saintdieinfo\/#organization","name":"Saint Die Info","url":"https:\/\/vosgesinfo.fr\/saintdieinfo\/","logo":{"@type":"ImageObject","inLanguage":"fr-FR","@id":"https:\/\/vosgesinfo.fr\/saintdieinfo\/#\/schema\/logo\/image\/","url":"https:\/\/vosgesinfo.fr\/app\/uploads\/sites\/4\/2024\/02\/logo-sdi.jpg","contentUrl":"https:\/\/vosgesinfo.fr\/app\/uploads\/sites\/4\/2024\/02\/logo-sdi.jpg","width":600,"height":600,"caption":"Saint Die Info"},"image":{"@id":"https:\/\/vosgesinfo.fr\/saintdieinfo\/#\/schema\/logo\/image\/"},"sameAs":["https:\/\/www.facebook.com\/Saintdieinfofr","https:\/\/x.com\/VosgesInfo88","https:\/\/www.youtube.com\/@vosgesinfo"]},{"@type":"Person","@id":"https:\/\/vosgesinfo.fr\/saintdieinfo\/#\/schema\/person\/fa73e9f726d67bb88f46d5b7943cb572","name":"J.J.","image":{"@type":"ImageObject","inLanguage":"fr-FR","@id":"https:\/\/vosgesinfo.fr\/saintdieinfo\/#\/schema\/person\/image\/","url":"https:\/\/secure.gravatar.com\/avatar\/219e749e47ffbcca018a360ae4add7d4cdf1cdaaf8bc7676b27efade3fe65615?s=96&d=mm&r=g","contentUrl":"https:\/\/secure.gravatar.com\/avatar\/219e749e47ffbcca018a360ae4add7d4cdf1cdaaf8bc7676b27efade3fe65615?s=96&d=mm&r=g","caption":"J.J."},"url":"https:\/\/vosgesinfo.fr\/saintdieinfo\/author\/j-j\/"}]}},"_links":{"self":[{"href":"https:\/\/vosgesinfo.fr\/saintdieinfo\/wp-json\/wp\/v2\/posts\/74920","targetHints":{"allow":["GET"]}}],"collection":[{"href":"https:\/\/vosgesinfo.fr\/saintdieinfo\/wp-json\/wp\/v2\/posts"}],"about":[{"href":"https:\/\/vosgesinfo.fr\/saintdieinfo\/wp-json\/wp\/v2\/types\/post"}],"author":[{"embeddable":true,"href":"https:\/\/vosgesinfo.fr\/saintdieinfo\/wp-json\/wp\/v2\/users\/46"}],"replies":[{"embeddable":true,"href":"https:\/\/vosgesinfo.fr\/saintdieinfo\/wp-json\/wp\/v2\/comments?post=74920"}],"version-history":[{"count":1,"href":"https:\/\/vosgesinfo.fr\/saintdieinfo\/wp-json\/wp\/v2\/posts\/74920\/revisions"}],"predecessor-version":[{"id":74924,"href":"https:\/\/vosgesinfo.fr\/saintdieinfo\/wp-json\/wp\/v2\/posts\/74920\/revisions\/74924"}],"wp:featuredmedia":[{"embeddable":true,"href":"https:\/\/vosgesinfo.fr\/saintdieinfo\/wp-json\/wp\/v2\/media\/74923"}],"wp:attachment":[{"href":"https:\/\/vosgesinfo.fr\/saintdieinfo\/wp-json\/wp\/v2\/media?parent=74920"}],"wp:term":[{"taxonomy":"category","embeddable":true,"href":"https:\/\/vosgesinfo.fr\/saintdieinfo\/wp-json\/wp\/v2\/categories?post=74920"},{"taxonomy":"post_tag","embeddable":true,"href":"https:\/\/vosgesinfo.fr\/saintdieinfo\/wp-json\/wp\/v2\/tags?post=74920"}],"curies":[{"name":"wp","href":"https:\/\/api.w.org\/{rel}","templated":true}]}}