{"id":74925,"date":"2025-03-10T13:40:09","date_gmt":"2025-03-10T12:40:09","guid":{"rendered":"https:\/\/vosgesinfo.fr\/saintdieinfo\/?p=74925"},"modified":"2025-03-10T13:26:59","modified_gmt":"2025-03-10T12:26:59","slug":"concert-caritatif-du-virtuose-stas-fekete-au-temple-protestant-de-saint-die-des-vosges","status":"publish","type":"post","link":"https:\/\/vosgesinfo.fr\/saintdieinfo\/2025\/03\/concert-caritatif-du-virtuose-stas-fekete-au-temple-protestant-de-saint-die-des-vosges\/","title":{"rendered":"Concert caritatif du virtuose Stas Fekete au temple protestant de Saint-Di\u00e9-des-Vosges"},"content":{"rendered":"<h2>Le <strong>temple protestant de Saint-Di\u00e9-des-Vosges<\/strong> accueillera, le <strong>samedi 22 mars prochain \u00e0 18h<\/strong>, un <strong>concert caritatif<\/strong> organis\u00e9 par l&rsquo;association \u00ab\u202f<strong>Soutenez les orphelins ukrainiens<\/strong>\u202f\u00bb. Ce <strong>concert aux bougies<\/strong> sera donn\u00e9 par <strong>Stas Fekete<\/strong>, <strong>violoncelliste virtuose<\/strong> de renomm\u00e9e mondiale. Il sera accompagn\u00e9 sur sc\u00e8ne par <strong>Ruslan Shyrokov (hautbois et effets sonores).<\/strong><\/h2>\n<p><!--more--><\/p>\n<p>Stas Fekete est notamment connu pour son interpr\u00e9tation <strong>record<\/strong> du \u00ab\u202f<strong>Vol du bourdon<\/strong>\u202f\u00bb de <strong>Rimski-Korsakov<\/strong>, en seulement <strong>37 secondes<\/strong>. Sa combinaison innovante de <strong>musique classique et de rock<\/strong> est l&rsquo;occasion de passer une soir\u00e9e inoubliable, \u00e0 la lumi\u00e8re romantique des bougies.<\/p>\n<p>Le concert m\u00ealera des <strong>interpr\u00e9tations novatrices<\/strong> d&rsquo;\u0153uvres classiques de <strong>Vivaldi, Bach et Beethoven<\/strong> ; des <strong>arrangements de tubes rock<\/strong> ; une <strong>combinaison unique<\/strong> de <strong>musique classique, de rock symphonique et de musique \u00e9lectro-classique<\/strong> ; des <strong>compositions originales<\/strong>.<\/p>\n<p>L&rsquo;objectif de cette soir\u00e9e musicale \u00e9tant de <strong>collecter des fonds<\/strong> pour l&rsquo;achat d&rsquo;<strong>ordinateurs portables<\/strong> destin\u00e9s \u00e0 l&rsquo;apprentissage en ligne pour les <strong>orphelins de la r\u00e9gion de Zaporizhzhia<\/strong>, qui sont soumis \u00e0 des <strong>bombardements constants<\/strong>. Ce <strong>concert caritatif<\/strong> contribue \u00e0 donner \u00e0 des orphelins la possibilit\u00e9 de <strong>commencer \u00e0 aller \u00e0 l&rsquo;\u00e9cole apr\u00e8s trois ans de guerre<\/strong>.<\/p>\n<p><strong>Billetterie aupr\u00e8s de l&rsquo;Office de Tourisme de Saint-Di\u00e9-des-Vosges<\/strong>, situ\u00e9 \u00e0 <strong>La Boussole (2, place Jules-Ferry)<\/strong>, ou <a href=\"https:\/\/www.billetweb.fr\/saint-die-des-vosges-stas-fekete-les-3-vies-du-violoncelle-concert-aux-bougies\" target=\"_blank\" rel=\"noopener\"><strong>en ligne ici.<\/strong><\/a><\/p>\n<p>Il est \u00e9galement possible de <strong>faire un don<\/strong> pour l&rsquo;association \u00ab\u202f<strong>Soutenez les orphelins ukrainiens<\/strong>\u202f\u00bb, en <a href=\"https:\/\/www.helloasso.com\/associations\/soutenez-les-orphelins-ukrainiens\" target=\"_blank\" rel=\"noopener\"><strong>cliquant ici<\/strong><\/a>. Vous obtiendrez un <strong>re\u00e7u fiscal en ligne<\/strong>.<\/p>\n<p><a href=\"https:\/\/vosgesinfo.fr\/app\/uploads\/sites\/4\/2025\/03\/concert-caritatif-foyer-protestant-stas-fekete.jpg\"><img decoding=\"async\" class=\"alignnone size-large wp-image-74927\" src=\"https:\/\/vosgesinfo.fr\/app\/uploads\/sites\/4\/2025\/03\/concert-caritatif-foyer-protestant-stas-fekete-726x1024.jpg\" alt=\"\" width=\"726\" height=\"1024\" srcset=\"https:\/\/vosgesinfo.fr\/app\/uploads\/sites\/4\/2025\/03\/concert-caritatif-foyer-protestant-stas-fekete-726x1024.jpg 726w, https:\/\/vosgesinfo.fr\/app\/uploads\/sites\/4\/2025\/03\/concert-caritatif-foyer-protestant-stas-fekete-213x300.jpg 213w, https:\/\/vosgesinfo.fr\/app\/uploads\/sites\/4\/2025\/03\/concert-caritatif-foyer-protestant-stas-fekete-768x1084.jpg 768w, https:\/\/vosgesinfo.fr\/app\/uploads\/sites\/4\/2025\/03\/concert-caritatif-foyer-protestant-stas-fekete-1089x1536.jpg 1089w, https:\/\/vosgesinfo.fr\/app\/uploads\/sites\/4\/2025\/03\/concert-caritatif-foyer-protestant-stas-fekete.jpg 1134w\" sizes=\"(max-width: 726px) 100vw, 726px\" \/><\/a><\/p>\n","protected":false},"excerpt":{"rendered":"<p>Le temple protestant de Saint-Di\u00e9-des-Vosges accueillera, le samedi 22 mars prochain \u00e0 18h, un concert caritatif organis\u00e9 par l&rsquo;association \u00ab\u202fSoutenez [&hellip;]<\/p>\n","protected":false},"author":46,"featured_media":74926,"comment_status":"open","ping_status":"open","sticky":false,"template":"","format":"standard","meta":{"footnotes":""},"categories":[460,8003,167,2915,18],"tags":[5844,16446,16445,3445],"class_list":["post-74925","post","type-post","status-publish","format-standard","has-post-thumbnail","hentry","category-a-la-une","category-concert-culture","category-saint-die-des-vosges","category-saint-die-son-canton","category-vosges","tag-concert-caritatif","tag-soutenez-les-orphelins-ukrainiens","tag-stas-fekete","tag-temple-protestant-de-saint-die-des-vosges"],"acf":[],"yoast_head":"<!-- This site is optimized with the Yoast SEO plugin v22.5 - https:\/\/yoast.com\/wordpress\/plugins\/seo\/ -->\n<title>Concert caritatif du virtuose Stas Fekete au temple protestant de Saint-Di\u00e9-des-Vosges - Saint Die Info<\/title>\n<meta name=\"robots\" content=\"index, follow, max-snippet:-1, max-image-preview:large, max-video-preview:-1\" \/>\n<link rel=\"canonical\" href=\"https:\/\/vosgesinfo.fr\/saintdieinfo\/2025\/03\/concert-caritatif-du-virtuose-stas-fekete-au-temple-protestant-de-saint-die-des-vosges\/\" \/>\n<meta name=\"twitter:card\" content=\"summary_large_image\" \/>\n<meta name=\"twitter:title\" content=\"Concert caritatif du virtuose Stas Fekete au temple protestant de Saint-Di\u00e9-des-Vosges - Saint Die Info\" \/>\n<meta name=\"twitter:description\" content=\"Le temple protestant de Saint-Di\u00e9-des-Vosges accueillera, le samedi 22 mars prochain \u00e0 18h, un concert caritatif organis\u00e9 par l&rsquo;association \u00ab\u202fSoutenez [&hellip;]\" \/>\n<meta name=\"twitter:image\" content=\"https:\/\/vosgesinfo.fr\/app\/uploads\/sites\/4\/2025\/03\/concert-caritatif-foyer-protestant-stas-fekete.jpeg\" \/>\n<meta name=\"twitter:creator\" content=\"@VosgesInfo88\" \/>\n<meta name=\"twitter:site\" content=\"@VosgesInfo88\" \/>\n<meta name=\"twitter:label1\" content=\"\u00c9crit par\" \/>\n\t<meta name=\"twitter:data1\" content=\"J.J.\" \/>\n\t<meta name=\"twitter:label2\" content=\"Dur\u00e9e de lecture estim\u00e9e\" \/>\n\t<meta name=\"twitter:data2\" content=\"1 minute\" \/>\n<script type=\"application\/ld+json\" class=\"yoast-schema-graph\">{\"@context\":\"https:\/\/schema.org\",\"@graph\":[{\"@type\":\"Article\",\"@id\":\"https:\/\/vosgesinfo.fr\/saintdieinfo\/2025\/03\/concert-caritatif-du-virtuose-stas-fekete-au-temple-protestant-de-saint-die-des-vosges\/#article\",\"isPartOf\":{\"@id\":\"https:\/\/vosgesinfo.fr\/saintdieinfo\/2025\/03\/concert-caritatif-du-virtuose-stas-fekete-au-temple-protestant-de-saint-die-des-vosges\/\"},\"author\":{\"name\":\"J.J.\",\"@id\":\"https:\/\/vosgesinfo.fr\/saintdieinfo\/#\/schema\/person\/fa73e9f726d67bb88f46d5b7943cb572\"},\"headline\":\"Concert caritatif du virtuose Stas Fekete au temple protestant de Saint-Di\u00e9-des-Vosges\",\"datePublished\":\"2025-03-10T12:40:09+00:00\",\"dateModified\":\"2025-03-10T12:26:59+00:00\",\"mainEntityOfPage\":{\"@id\":\"https:\/\/vosgesinfo.fr\/saintdieinfo\/2025\/03\/concert-caritatif-du-virtuose-stas-fekete-au-temple-protestant-de-saint-die-des-vosges\/\"},\"wordCount\":248,\"commentCount\":0,\"publisher\":{\"@id\":\"https:\/\/vosgesinfo.fr\/saintdieinfo\/#organization\"},\"image\":{\"@id\":\"https:\/\/vosgesinfo.fr\/saintdieinfo\/2025\/03\/concert-caritatif-du-virtuose-stas-fekete-au-temple-protestant-de-saint-die-des-vosges\/#primaryimage\"},\"thumbnailUrl\":\"https:\/\/vosgesinfo.fr\/app\/uploads\/sites\/4\/2025\/03\/concert-caritatif-foyer-protestant-stas-fekete.jpeg\",\"keywords\":[\"Concert caritatif\",\"Soutenez les orphelins ukrainiens\",\"Stas Fekete\",\"Temple protestant de Saint-Di\u00e9-des-Vosges\"],\"articleSection\":[\"A la Une\",\"Concert\",\"Saint-Di\u00e9-des-Vosges\",\"Saint-Di\u00e9-des-Vosges et son Agglom\u00e9ration\",\"Vosges\"],\"inLanguage\":\"fr-FR\",\"potentialAction\":[{\"@type\":\"CommentAction\",\"name\":\"Comment\",\"target\":[\"https:\/\/vosgesinfo.fr\/saintdieinfo\/2025\/03\/concert-caritatif-du-virtuose-stas-fekete-au-temple-protestant-de-saint-die-des-vosges\/#respond\"]}]},{\"@type\":\"WebPage\",\"@id\":\"https:\/\/vosgesinfo.fr\/saintdieinfo\/2025\/03\/concert-caritatif-du-virtuose-stas-fekete-au-temple-protestant-de-saint-die-des-vosges\/\",\"url\":\"https:\/\/vosgesinfo.fr\/saintdieinfo\/2025\/03\/concert-caritatif-du-virtuose-stas-fekete-au-temple-protestant-de-saint-die-des-vosges\/\",\"name\":\"Concert caritatif du virtuose Stas Fekete au temple protestant de Saint-Di\u00e9-des-Vosges - Saint Die Info\",\"isPartOf\":{\"@id\":\"https:\/\/vosgesinfo.fr\/saintdieinfo\/#website\"},\"primaryImageOfPage\":{\"@id\":\"https:\/\/vosgesinfo.fr\/saintdieinfo\/2025\/03\/concert-caritatif-du-virtuose-stas-fekete-au-temple-protestant-de-saint-die-des-vosges\/#primaryimage\"},\"image\":{\"@id\":\"https:\/\/vosgesinfo.fr\/saintdieinfo\/2025\/03\/concert-caritatif-du-virtuose-stas-fekete-au-temple-protestant-de-saint-die-des-vosges\/#primaryimage\"},\"thumbnailUrl\":\"https:\/\/vosgesinfo.fr\/app\/uploads\/sites\/4\/2025\/03\/concert-caritatif-foyer-protestant-stas-fekete.jpeg\",\"datePublished\":\"2025-03-10T12:40:09+00:00\",\"dateModified\":\"2025-03-10T12:26:59+00:00\",\"breadcrumb\":{\"@id\":\"https:\/\/vosgesinfo.fr\/saintdieinfo\/2025\/03\/concert-caritatif-du-virtuose-stas-fekete-au-temple-protestant-de-saint-die-des-vosges\/#breadcrumb\"},\"inLanguage\":\"fr-FR\",\"potentialAction\":[{\"@type\":\"ReadAction\",\"target\":[\"https:\/\/vosgesinfo.fr\/saintdieinfo\/2025\/03\/concert-caritatif-du-virtuose-stas-fekete-au-temple-protestant-de-saint-die-des-vosges\/\"]}]},{\"@type\":\"ImageObject\",\"inLanguage\":\"fr-FR\",\"@id\":\"https:\/\/vosgesinfo.fr\/saintdieinfo\/2025\/03\/concert-caritatif-du-virtuose-stas-fekete-au-temple-protestant-de-saint-die-des-vosges\/#primaryimage\",\"url\":\"https:\/\/vosgesinfo.fr\/app\/uploads\/sites\/4\/2025\/03\/concert-caritatif-foyer-protestant-stas-fekete.jpeg\",\"contentUrl\":\"https:\/\/vosgesinfo.fr\/app\/uploads\/sites\/4\/2025\/03\/concert-caritatif-foyer-protestant-stas-fekete.jpeg\",\"width\":1040,\"height\":1040},{\"@type\":\"BreadcrumbList\",\"@id\":\"https:\/\/vosgesinfo.fr\/saintdieinfo\/2025\/03\/concert-caritatif-du-virtuose-stas-fekete-au-temple-protestant-de-saint-die-des-vosges\/#breadcrumb\",\"itemListElement\":[{\"@type\":\"ListItem\",\"position\":1,\"name\":\"Home\",\"item\":\"https:\/\/vosgesinfo.fr\/saintdieinfo\/\"},{\"@type\":\"ListItem\",\"position\":2,\"name\":\"Concert caritatif du virtuose Stas Fekete au temple protestant de Saint-Di\u00e9-des-Vosges\"}]},{\"@type\":\"WebSite\",\"@id\":\"https:\/\/vosgesinfo.fr\/saintdieinfo\/#website\",\"url\":\"https:\/\/vosgesinfo.fr\/saintdieinfo\/\",\"name\":\"Saint Die Info\",\"description\":\"Toute l&#039;actualit\u00e9 de Saint-Di\u00e9-Des-Vosges\",\"publisher\":{\"@id\":\"https:\/\/vosgesinfo.fr\/saintdieinfo\/#organization\"},\"alternateName\":\"Toute l'actualit\u00e9 de Saint-Di\u00e9-Des-Vosges\",\"potentialAction\":[{\"@type\":\"SearchAction\",\"target\":{\"@type\":\"EntryPoint\",\"urlTemplate\":\"https:\/\/vosgesinfo.fr\/saintdieinfo\/?s={search_term_string}\"},\"query-input\":\"required name=search_term_string\"}],\"inLanguage\":\"fr-FR\"},{\"@type\":\"Organization\",\"@id\":\"https:\/\/vosgesinfo.fr\/saintdieinfo\/#organization\",\"name\":\"Saint Die Info\",\"url\":\"https:\/\/vosgesinfo.fr\/saintdieinfo\/\",\"logo\":{\"@type\":\"ImageObject\",\"inLanguage\":\"fr-FR\",\"@id\":\"https:\/\/vosgesinfo.fr\/saintdieinfo\/#\/schema\/logo\/image\/\",\"url\":\"https:\/\/vosgesinfo.fr\/app\/uploads\/sites\/4\/2024\/02\/logo-sdi.jpg\",\"contentUrl\":\"https:\/\/vosgesinfo.fr\/app\/uploads\/sites\/4\/2024\/02\/logo-sdi.jpg\",\"width\":600,\"height\":600,\"caption\":\"Saint Die Info\"},\"image\":{\"@id\":\"https:\/\/vosgesinfo.fr\/saintdieinfo\/#\/schema\/logo\/image\/\"},\"sameAs\":[\"https:\/\/www.facebook.com\/Saintdieinfofr\",\"https:\/\/x.com\/VosgesInfo88\",\"https:\/\/www.youtube.com\/@vosgesinfo\"]},{\"@type\":\"Person\",\"@id\":\"https:\/\/vosgesinfo.fr\/saintdieinfo\/#\/schema\/person\/fa73e9f726d67bb88f46d5b7943cb572\",\"name\":\"J.J.\",\"image\":{\"@type\":\"ImageObject\",\"inLanguage\":\"fr-FR\",\"@id\":\"https:\/\/vosgesinfo.fr\/saintdieinfo\/#\/schema\/person\/image\/\",\"url\":\"https:\/\/secure.gravatar.com\/avatar\/219e749e47ffbcca018a360ae4add7d4cdf1cdaaf8bc7676b27efade3fe65615?s=96&d=mm&r=g\",\"contentUrl\":\"https:\/\/secure.gravatar.com\/avatar\/219e749e47ffbcca018a360ae4add7d4cdf1cdaaf8bc7676b27efade3fe65615?s=96&d=mm&r=g\",\"caption\":\"J.J.\"},\"url\":\"https:\/\/vosgesinfo.fr\/saintdieinfo\/author\/j-j\/\"}]}<\/script>\n<!-- \/ Yoast SEO plugin. -->","yoast_head_json":{"title":"Concert caritatif du virtuose Stas Fekete au temple protestant de Saint-Di\u00e9-des-Vosges - Saint Die Info","robots":{"index":"index","follow":"follow","max-snippet":"max-snippet:-1","max-image-preview":"max-image-preview:large","max-video-preview":"max-video-preview:-1"},"canonical":"https:\/\/vosgesinfo.fr\/saintdieinfo\/2025\/03\/concert-caritatif-du-virtuose-stas-fekete-au-temple-protestant-de-saint-die-des-vosges\/","twitter_card":"summary_large_image","twitter_title":"Concert caritatif du virtuose Stas Fekete au temple protestant de Saint-Di\u00e9-des-Vosges - Saint Die Info","twitter_description":"Le temple protestant de Saint-Di\u00e9-des-Vosges accueillera, le samedi 22 mars prochain \u00e0 18h, un concert caritatif organis\u00e9 par l&rsquo;association \u00ab\u202fSoutenez [&hellip;]","twitter_image":"https:\/\/vosgesinfo.fr\/app\/uploads\/sites\/4\/2025\/03\/concert-caritatif-foyer-protestant-stas-fekete.jpeg","twitter_creator":"@VosgesInfo88","twitter_site":"@VosgesInfo88","twitter_misc":{"\u00c9crit par":"J.J.","Dur\u00e9e de lecture estim\u00e9e":"1 minute"},"schema":{"@context":"https:\/\/schema.org","@graph":[{"@type":"Article","@id":"https:\/\/vosgesinfo.fr\/saintdieinfo\/2025\/03\/concert-caritatif-du-virtuose-stas-fekete-au-temple-protestant-de-saint-die-des-vosges\/#article","isPartOf":{"@id":"https:\/\/vosgesinfo.fr\/saintdieinfo\/2025\/03\/concert-caritatif-du-virtuose-stas-fekete-au-temple-protestant-de-saint-die-des-vosges\/"},"author":{"name":"J.J.","@id":"https:\/\/vosgesinfo.fr\/saintdieinfo\/#\/schema\/person\/fa73e9f726d67bb88f46d5b7943cb572"},"headline":"Concert caritatif du virtuose Stas Fekete au temple protestant de Saint-Di\u00e9-des-Vosges","datePublished":"2025-03-10T12:40:09+00:00","dateModified":"2025-03-10T12:26:59+00:00","mainEntityOfPage":{"@id":"https:\/\/vosgesinfo.fr\/saintdieinfo\/2025\/03\/concert-caritatif-du-virtuose-stas-fekete-au-temple-protestant-de-saint-die-des-vosges\/"},"wordCount":248,"commentCount":0,"publisher":{"@id":"https:\/\/vosgesinfo.fr\/saintdieinfo\/#organization"},"image":{"@id":"https:\/\/vosgesinfo.fr\/saintdieinfo\/2025\/03\/concert-caritatif-du-virtuose-stas-fekete-au-temple-protestant-de-saint-die-des-vosges\/#primaryimage"},"thumbnailUrl":"https:\/\/vosgesinfo.fr\/app\/uploads\/sites\/4\/2025\/03\/concert-caritatif-foyer-protestant-stas-fekete.jpeg","keywords":["Concert caritatif","Soutenez les orphelins ukrainiens","Stas Fekete","Temple protestant de Saint-Di\u00e9-des-Vosges"],"articleSection":["A la Une","Concert","Saint-Di\u00e9-des-Vosges","Saint-Di\u00e9-des-Vosges et son Agglom\u00e9ration","Vosges"],"inLanguage":"fr-FR","potentialAction":[{"@type":"CommentAction","name":"Comment","target":["https:\/\/vosgesinfo.fr\/saintdieinfo\/2025\/03\/concert-caritatif-du-virtuose-stas-fekete-au-temple-protestant-de-saint-die-des-vosges\/#respond"]}]},{"@type":"WebPage","@id":"https:\/\/vosgesinfo.fr\/saintdieinfo\/2025\/03\/concert-caritatif-du-virtuose-stas-fekete-au-temple-protestant-de-saint-die-des-vosges\/","url":"https:\/\/vosgesinfo.fr\/saintdieinfo\/2025\/03\/concert-caritatif-du-virtuose-stas-fekete-au-temple-protestant-de-saint-die-des-vosges\/","name":"Concert caritatif du virtuose Stas Fekete au temple protestant de Saint-Di\u00e9-des-Vosges - Saint Die Info","isPartOf":{"@id":"https:\/\/vosgesinfo.fr\/saintdieinfo\/#website"},"primaryImageOfPage":{"@id":"https:\/\/vosgesinfo.fr\/saintdieinfo\/2025\/03\/concert-caritatif-du-virtuose-stas-fekete-au-temple-protestant-de-saint-die-des-vosges\/#primaryimage"},"image":{"@id":"https:\/\/vosgesinfo.fr\/saintdieinfo\/2025\/03\/concert-caritatif-du-virtuose-stas-fekete-au-temple-protestant-de-saint-die-des-vosges\/#primaryimage"},"thumbnailUrl":"https:\/\/vosgesinfo.fr\/app\/uploads\/sites\/4\/2025\/03\/concert-caritatif-foyer-protestant-stas-fekete.jpeg","datePublished":"2025-03-10T12:40:09+00:00","dateModified":"2025-03-10T12:26:59+00:00","breadcrumb":{"@id":"https:\/\/vosgesinfo.fr\/saintdieinfo\/2025\/03\/concert-caritatif-du-virtuose-stas-fekete-au-temple-protestant-de-saint-die-des-vosges\/#breadcrumb"},"inLanguage":"fr-FR","potentialAction":[{"@type":"ReadAction","target":["https:\/\/vosgesinfo.fr\/saintdieinfo\/2025\/03\/concert-caritatif-du-virtuose-stas-fekete-au-temple-protestant-de-saint-die-des-vosges\/"]}]},{"@type":"ImageObject","inLanguage":"fr-FR","@id":"https:\/\/vosgesinfo.fr\/saintdieinfo\/2025\/03\/concert-caritatif-du-virtuose-stas-fekete-au-temple-protestant-de-saint-die-des-vosges\/#primaryimage","url":"https:\/\/vosgesinfo.fr\/app\/uploads\/sites\/4\/2025\/03\/concert-caritatif-foyer-protestant-stas-fekete.jpeg","contentUrl":"https:\/\/vosgesinfo.fr\/app\/uploads\/sites\/4\/2025\/03\/concert-caritatif-foyer-protestant-stas-fekete.jpeg","width":1040,"height":1040},{"@type":"BreadcrumbList","@id":"https:\/\/vosgesinfo.fr\/saintdieinfo\/2025\/03\/concert-caritatif-du-virtuose-stas-fekete-au-temple-protestant-de-saint-die-des-vosges\/#breadcrumb","itemListElement":[{"@type":"ListItem","position":1,"name":"Home","item":"https:\/\/vosgesinfo.fr\/saintdieinfo\/"},{"@type":"ListItem","position":2,"name":"Concert caritatif du virtuose Stas Fekete au temple protestant de Saint-Di\u00e9-des-Vosges"}]},{"@type":"WebSite","@id":"https:\/\/vosgesinfo.fr\/saintdieinfo\/#website","url":"https:\/\/vosgesinfo.fr\/saintdieinfo\/","name":"Saint Die Info","description":"Toute l&#039;actualit\u00e9 de Saint-Di\u00e9-Des-Vosges","publisher":{"@id":"https:\/\/vosgesinfo.fr\/saintdieinfo\/#organization"},"alternateName":"Toute l'actualit\u00e9 de Saint-Di\u00e9-Des-Vosges","potentialAction":[{"@type":"SearchAction","target":{"@type":"EntryPoint","urlTemplate":"https:\/\/vosgesinfo.fr\/saintdieinfo\/?s={search_term_string}"},"query-input":"required name=search_term_string"}],"inLanguage":"fr-FR"},{"@type":"Organization","@id":"https:\/\/vosgesinfo.fr\/saintdieinfo\/#organization","name":"Saint Die Info","url":"https:\/\/vosgesinfo.fr\/saintdieinfo\/","logo":{"@type":"ImageObject","inLanguage":"fr-FR","@id":"https:\/\/vosgesinfo.fr\/saintdieinfo\/#\/schema\/logo\/image\/","url":"https:\/\/vosgesinfo.fr\/app\/uploads\/sites\/4\/2024\/02\/logo-sdi.jpg","contentUrl":"https:\/\/vosgesinfo.fr\/app\/uploads\/sites\/4\/2024\/02\/logo-sdi.jpg","width":600,"height":600,"caption":"Saint Die Info"},"image":{"@id":"https:\/\/vosgesinfo.fr\/saintdieinfo\/#\/schema\/logo\/image\/"},"sameAs":["https:\/\/www.facebook.com\/Saintdieinfofr","https:\/\/x.com\/VosgesInfo88","https:\/\/www.youtube.com\/@vosgesinfo"]},{"@type":"Person","@id":"https:\/\/vosgesinfo.fr\/saintdieinfo\/#\/schema\/person\/fa73e9f726d67bb88f46d5b7943cb572","name":"J.J.","image":{"@type":"ImageObject","inLanguage":"fr-FR","@id":"https:\/\/vosgesinfo.fr\/saintdieinfo\/#\/schema\/person\/image\/","url":"https:\/\/secure.gravatar.com\/avatar\/219e749e47ffbcca018a360ae4add7d4cdf1cdaaf8bc7676b27efade3fe65615?s=96&d=mm&r=g","contentUrl":"https:\/\/secure.gravatar.com\/avatar\/219e749e47ffbcca018a360ae4add7d4cdf1cdaaf8bc7676b27efade3fe65615?s=96&d=mm&r=g","caption":"J.J."},"url":"https:\/\/vosgesinfo.fr\/saintdieinfo\/author\/j-j\/"}]}},"_links":{"self":[{"href":"https:\/\/vosgesinfo.fr\/saintdieinfo\/wp-json\/wp\/v2\/posts\/74925","targetHints":{"allow":["GET"]}}],"collection":[{"href":"https:\/\/vosgesinfo.fr\/saintdieinfo\/wp-json\/wp\/v2\/posts"}],"about":[{"href":"https:\/\/vosgesinfo.fr\/saintdieinfo\/wp-json\/wp\/v2\/types\/post"}],"author":[{"embeddable":true,"href":"https:\/\/vosgesinfo.fr\/saintdieinfo\/wp-json\/wp\/v2\/users\/46"}],"replies":[{"embeddable":true,"href":"https:\/\/vosgesinfo.fr\/saintdieinfo\/wp-json\/wp\/v2\/comments?post=74925"}],"version-history":[{"count":1,"href":"https:\/\/vosgesinfo.fr\/saintdieinfo\/wp-json\/wp\/v2\/posts\/74925\/revisions"}],"predecessor-version":[{"id":74928,"href":"https:\/\/vosgesinfo.fr\/saintdieinfo\/wp-json\/wp\/v2\/posts\/74925\/revisions\/74928"}],"wp:featuredmedia":[{"embeddable":true,"href":"https:\/\/vosgesinfo.fr\/saintdieinfo\/wp-json\/wp\/v2\/media\/74926"}],"wp:attachment":[{"href":"https:\/\/vosgesinfo.fr\/saintdieinfo\/wp-json\/wp\/v2\/media?parent=74925"}],"wp:term":[{"taxonomy":"category","embeddable":true,"href":"https:\/\/vosgesinfo.fr\/saintdieinfo\/wp-json\/wp\/v2\/categories?post=74925"},{"taxonomy":"post_tag","embeddable":true,"href":"https:\/\/vosgesinfo.fr\/saintdieinfo\/wp-json\/wp\/v2\/tags?post=74925"}],"curies":[{"name":"wp","href":"https:\/\/api.w.org\/{rel}","templated":true}]}}