{"id":74985,"date":"2025-03-11T15:15:16","date_gmt":"2025-03-11T14:15:16","guid":{"rendered":"https:\/\/vosgesinfo.fr\/saintdieinfo\/?p=74985"},"modified":"2025-03-11T15:02:40","modified_gmt":"2025-03-11T14:02:40","slug":"raon-letape-se-mobilise-a-100-pour-le-don-du-sang","status":"publish","type":"post","link":"https:\/\/vosgesinfo.fr\/saintdieinfo\/2025\/03\/raon-letape-se-mobilise-a-100-pour-le-don-du-sang\/","title":{"rendered":"Raon-l&rsquo;\u00c9tape se mobilise \u00e0 100 % pour le don du sang"},"content":{"rendered":"<div id=\"attachment_55854\" style=\"width: 610px\" class=\"wp-caption alignnone\"><a href=\"https:\/\/vosgesinfo.fr\/app\/uploads\/sites\/4\/2024\/08\/202006don-du-sang1-15.jpg\"><img decoding=\"async\" aria-describedby=\"caption-attachment-55854\" class=\"size-full wp-image-55854\" src=\"https:\/\/vosgesinfo.fr\/app\/uploads\/sites\/4\/2024\/08\/202006don-du-sang1-15.jpg\" alt=\"\" width=\"600\" height=\"402\" srcset=\"https:\/\/vosgesinfo.fr\/app\/uploads\/sites\/4\/2024\/08\/202006don-du-sang1-15.jpg 600w, https:\/\/vosgesinfo.fr\/app\/uploads\/sites\/4\/2024\/08\/202006don-du-sang1-15-300x201.jpg 300w\" sizes=\"(max-width: 600px) 100vw, 600px\" \/><\/a><p id=\"caption-attachment-55854\" class=\"wp-caption-text\">(Illustration)<\/p><\/div>\n<h2>La semaine prochaine, <strong>mercredi 19 mars<\/strong>, <strong>Raon-l&rsquo;\u00c9tape<\/strong> accueillera la <strong>troisi\u00e8me \u00e9dition de la journ\u00e9e \u00ab 100 pour Sang \u00bb<\/strong>. Une journ\u00e9e organis\u00e9e par l&rsquo;<strong>\u00c9tablissement Fran\u00e7ais du Sang \u2013 EFS \u2013 Grand Est<\/strong>, en partenariat avec la <strong>Municipalit\u00e9, l&rsquo;US Raon<\/strong> et l&rsquo;<strong>amicale locale des Donneurs de Sang b\u00e9n\u00e9voles<\/strong>.<\/h2>\n<p><!--more--><\/p>\n<p>L&rsquo;\u00e9v\u00e9nement se d\u00e9roulera au <strong>COSEC de la commune<\/strong> (rue du G\u00e9n\u00e9ral-Sarrail), de <strong>9h \u00e0 12h30 puis de 15h30 \u00e0 19h30<\/strong>. Le double objectif de la journ\u00e9e \u00e9tant de <strong>sensibiliser la population au don du sang<\/strong>, tout en <strong>incitant de nouveaux donneurs \u00e0 franchir le pas<\/strong>.<\/p>\n<p>En parall\u00e8le de la collecte, <strong>des ateliers sportifs<\/strong>, <strong>une sensibilisation aux \u00e9l\u00e8ves du coll\u00e8ge Louis-Pasteur,<\/strong> une <strong>ambiance musicale<\/strong> rythmeront cette journ\u00e9e solidaire. Le tout sans oublier <strong>la collation gourmande<\/strong>.<\/p>\n<p>L&rsquo;<strong>EFS rappelle<\/strong> par ailleurs que les besoins en produits sanguins sont constants, puisque <strong>10 000 dons sont n\u00e9cessaires en France<\/strong>&#8230; alors que <strong>la dur\u00e9e de vie des globules rouges n&rsquo;exc\u00e8de pas 42 jours, contre 7 jours pour les plaquettes<\/strong>. Le plasma, en revanche, peut se conserver <strong>entre 1 et 3 an<\/strong>(s). \u00ab Il est donc primordial de donner r\u00e9guli\u00e8rement \u00bb, insiste l&rsquo;<strong>EFS<\/strong>, qui <strong>c\u00e9l\u00e8bre ses 25 ans en 2025<\/strong>.<\/p>\n<p>Pour conna\u00eetre les <strong>lieux et dates des collectes<\/strong>, \u00e9galement pour <strong>prendre rendez-vous<\/strong> (facultatif), rendez-vous sur <strong><a href=\"https:\/\/dondesang.efs.sante.fr\/\" target=\"_blank\" rel=\"noopener\">https:\/\/dondesang.efs.sante.fr\/<\/a><\/strong>.<\/p>\n<p><a href=\"https:\/\/vosgesinfo.fr\/app\/uploads\/sites\/4\/2025\/03\/raon-letape-journee-100-pour-sang.jpg\"><img decoding=\"async\" class=\"alignnone size-large wp-image-74986\" src=\"https:\/\/vosgesinfo.fr\/app\/uploads\/sites\/4\/2025\/03\/raon-letape-journee-100-pour-sang-1024x388.jpg\" alt=\"\" width=\"1024\" height=\"388\" srcset=\"https:\/\/vosgesinfo.fr\/app\/uploads\/sites\/4\/2025\/03\/raon-letape-journee-100-pour-sang-1024x388.jpg 1024w, https:\/\/vosgesinfo.fr\/app\/uploads\/sites\/4\/2025\/03\/raon-letape-journee-100-pour-sang-300x114.jpg 300w, https:\/\/vosgesinfo.fr\/app\/uploads\/sites\/4\/2025\/03\/raon-letape-journee-100-pour-sang-768x291.jpg 768w, https:\/\/vosgesinfo.fr\/app\/uploads\/sites\/4\/2025\/03\/raon-letape-journee-100-pour-sang.jpg 1041w\" sizes=\"(max-width: 1024px) 100vw, 1024px\" \/><\/a><\/p>\n","protected":false},"excerpt":{"rendered":"<p>La semaine prochaine, mercredi 19 mars, Raon-l&rsquo;\u00c9tape accueillera la troisi\u00e8me \u00e9dition de la journ\u00e9e \u00ab 100 pour Sang \u00bb. Une [&hellip;]<\/p>\n","protected":false},"author":46,"featured_media":55854,"comment_status":"open","ping_status":"open","sticky":false,"template":"","format":"standard","meta":{"footnotes":""},"categories":[460,3903,4152,29],"tags":[16456,1243,3196,5608,2654],"class_list":["post-74985","post","type-post","status-publish","format-standard","has-post-thumbnail","hentry","category-a-la-une","category-deodatie","category-sante","category-solidarite","tag-cosec-de-raon-letape","tag-don-de-sang","tag-efs-grand-est","tag-journee-100-pour-sang","tag-raon-letape"],"acf":[],"yoast_head":"<!-- This site is optimized with the Yoast SEO plugin v22.5 - https:\/\/yoast.com\/wordpress\/plugins\/seo\/ -->\n<title>Raon-l&#039;\u00c9tape se mobilise \u00e0 100 % pour le don du sang - Saint Die Info<\/title>\n<meta name=\"robots\" content=\"index, follow, max-snippet:-1, max-image-preview:large, max-video-preview:-1\" \/>\n<link rel=\"canonical\" href=\"https:\/\/vosgesinfo.fr\/saintdieinfo\/2025\/03\/raon-letape-se-mobilise-a-100-pour-le-don-du-sang\/\" \/>\n<meta name=\"twitter:card\" content=\"summary_large_image\" \/>\n<meta name=\"twitter:title\" content=\"Raon-l&#039;\u00c9tape se mobilise \u00e0 100 % pour le don du sang - Saint Die Info\" \/>\n<meta name=\"twitter:description\" content=\"La semaine prochaine, mercredi 19 mars, Raon-l&rsquo;\u00c9tape accueillera la troisi\u00e8me \u00e9dition de la journ\u00e9e \u00ab 100 pour Sang \u00bb. Une [&hellip;]\" \/>\n<meta name=\"twitter:image\" content=\"https:\/\/vosgesinfo.fr\/app\/uploads\/sites\/4\/2024\/08\/202006don-du-sang1-15.jpg\" \/>\n<meta name=\"twitter:creator\" content=\"@VosgesInfo88\" \/>\n<meta name=\"twitter:site\" content=\"@VosgesInfo88\" \/>\n<meta name=\"twitter:label1\" content=\"\u00c9crit par\" \/>\n\t<meta name=\"twitter:data1\" content=\"J.J.\" \/>\n\t<meta name=\"twitter:label2\" content=\"Dur\u00e9e de lecture estim\u00e9e\" \/>\n\t<meta name=\"twitter:data2\" content=\"1 minute\" \/>\n<script type=\"application\/ld+json\" class=\"yoast-schema-graph\">{\"@context\":\"https:\/\/schema.org\",\"@graph\":[{\"@type\":\"Article\",\"@id\":\"https:\/\/vosgesinfo.fr\/saintdieinfo\/2025\/03\/raon-letape-se-mobilise-a-100-pour-le-don-du-sang\/#article\",\"isPartOf\":{\"@id\":\"https:\/\/vosgesinfo.fr\/saintdieinfo\/2025\/03\/raon-letape-se-mobilise-a-100-pour-le-don-du-sang\/\"},\"author\":{\"name\":\"J.J.\",\"@id\":\"https:\/\/vosgesinfo.fr\/saintdieinfo\/#\/schema\/person\/fa73e9f726d67bb88f46d5b7943cb572\"},\"headline\":\"Raon-l&rsquo;\u00c9tape se mobilise \u00e0 100 % pour le don du sang\",\"datePublished\":\"2025-03-11T14:15:16+00:00\",\"dateModified\":\"2025-03-11T14:02:40+00:00\",\"mainEntityOfPage\":{\"@id\":\"https:\/\/vosgesinfo.fr\/saintdieinfo\/2025\/03\/raon-letape-se-mobilise-a-100-pour-le-don-du-sang\/\"},\"wordCount\":241,\"commentCount\":0,\"publisher\":{\"@id\":\"https:\/\/vosgesinfo.fr\/saintdieinfo\/#organization\"},\"image\":{\"@id\":\"https:\/\/vosgesinfo.fr\/saintdieinfo\/2025\/03\/raon-letape-se-mobilise-a-100-pour-le-don-du-sang\/#primaryimage\"},\"thumbnailUrl\":\"https:\/\/vosgesinfo.fr\/app\/uploads\/sites\/4\/2024\/08\/202006don-du-sang1-15.jpg\",\"keywords\":[\"COSEC de Raon-l'Etape\",\"don de sang\",\"EFS Grand Est\",\"Journ\u00e9e 100 pour Sang\",\"Raon-l\u2019Etape\"],\"articleSection\":[\"A la Une\",\"D\u00e9odatie\",\"Sant\u00e9\",\"Solidarit\u00e9\"],\"inLanguage\":\"fr-FR\",\"potentialAction\":[{\"@type\":\"CommentAction\",\"name\":\"Comment\",\"target\":[\"https:\/\/vosgesinfo.fr\/saintdieinfo\/2025\/03\/raon-letape-se-mobilise-a-100-pour-le-don-du-sang\/#respond\"]}]},{\"@type\":\"WebPage\",\"@id\":\"https:\/\/vosgesinfo.fr\/saintdieinfo\/2025\/03\/raon-letape-se-mobilise-a-100-pour-le-don-du-sang\/\",\"url\":\"https:\/\/vosgesinfo.fr\/saintdieinfo\/2025\/03\/raon-letape-se-mobilise-a-100-pour-le-don-du-sang\/\",\"name\":\"Raon-l'\u00c9tape se mobilise \u00e0 100 % pour le don du sang - Saint Die Info\",\"isPartOf\":{\"@id\":\"https:\/\/vosgesinfo.fr\/saintdieinfo\/#website\"},\"primaryImageOfPage\":{\"@id\":\"https:\/\/vosgesinfo.fr\/saintdieinfo\/2025\/03\/raon-letape-se-mobilise-a-100-pour-le-don-du-sang\/#primaryimage\"},\"image\":{\"@id\":\"https:\/\/vosgesinfo.fr\/saintdieinfo\/2025\/03\/raon-letape-se-mobilise-a-100-pour-le-don-du-sang\/#primaryimage\"},\"thumbnailUrl\":\"https:\/\/vosgesinfo.fr\/app\/uploads\/sites\/4\/2024\/08\/202006don-du-sang1-15.jpg\",\"datePublished\":\"2025-03-11T14:15:16+00:00\",\"dateModified\":\"2025-03-11T14:02:40+00:00\",\"breadcrumb\":{\"@id\":\"https:\/\/vosgesinfo.fr\/saintdieinfo\/2025\/03\/raon-letape-se-mobilise-a-100-pour-le-don-du-sang\/#breadcrumb\"},\"inLanguage\":\"fr-FR\",\"potentialAction\":[{\"@type\":\"ReadAction\",\"target\":[\"https:\/\/vosgesinfo.fr\/saintdieinfo\/2025\/03\/raon-letape-se-mobilise-a-100-pour-le-don-du-sang\/\"]}]},{\"@type\":\"ImageObject\",\"inLanguage\":\"fr-FR\",\"@id\":\"https:\/\/vosgesinfo.fr\/saintdieinfo\/2025\/03\/raon-letape-se-mobilise-a-100-pour-le-don-du-sang\/#primaryimage\",\"url\":\"https:\/\/vosgesinfo.fr\/app\/uploads\/sites\/4\/2024\/08\/202006don-du-sang1-15.jpg\",\"contentUrl\":\"https:\/\/vosgesinfo.fr\/app\/uploads\/sites\/4\/2024\/08\/202006don-du-sang1-15.jpg\",\"width\":600,\"height\":402,\"caption\":\"(Illustration)\"},{\"@type\":\"BreadcrumbList\",\"@id\":\"https:\/\/vosgesinfo.fr\/saintdieinfo\/2025\/03\/raon-letape-se-mobilise-a-100-pour-le-don-du-sang\/#breadcrumb\",\"itemListElement\":[{\"@type\":\"ListItem\",\"position\":1,\"name\":\"Home\",\"item\":\"https:\/\/vosgesinfo.fr\/saintdieinfo\/\"},{\"@type\":\"ListItem\",\"position\":2,\"name\":\"Raon-l&rsquo;\u00c9tape se mobilise \u00e0 100 % pour le don du sang\"}]},{\"@type\":\"WebSite\",\"@id\":\"https:\/\/vosgesinfo.fr\/saintdieinfo\/#website\",\"url\":\"https:\/\/vosgesinfo.fr\/saintdieinfo\/\",\"name\":\"Saint Die Info\",\"description\":\"Toute l&#039;actualit\u00e9 de Saint-Di\u00e9-Des-Vosges\",\"publisher\":{\"@id\":\"https:\/\/vosgesinfo.fr\/saintdieinfo\/#organization\"},\"alternateName\":\"Toute l'actualit\u00e9 de Saint-Di\u00e9-Des-Vosges\",\"potentialAction\":[{\"@type\":\"SearchAction\",\"target\":{\"@type\":\"EntryPoint\",\"urlTemplate\":\"https:\/\/vosgesinfo.fr\/saintdieinfo\/?s={search_term_string}\"},\"query-input\":\"required name=search_term_string\"}],\"inLanguage\":\"fr-FR\"},{\"@type\":\"Organization\",\"@id\":\"https:\/\/vosgesinfo.fr\/saintdieinfo\/#organization\",\"name\":\"Saint Die Info\",\"url\":\"https:\/\/vosgesinfo.fr\/saintdieinfo\/\",\"logo\":{\"@type\":\"ImageObject\",\"inLanguage\":\"fr-FR\",\"@id\":\"https:\/\/vosgesinfo.fr\/saintdieinfo\/#\/schema\/logo\/image\/\",\"url\":\"https:\/\/vosgesinfo.fr\/app\/uploads\/sites\/4\/2024\/02\/logo-sdi.jpg\",\"contentUrl\":\"https:\/\/vosgesinfo.fr\/app\/uploads\/sites\/4\/2024\/02\/logo-sdi.jpg\",\"width\":600,\"height\":600,\"caption\":\"Saint Die Info\"},\"image\":{\"@id\":\"https:\/\/vosgesinfo.fr\/saintdieinfo\/#\/schema\/logo\/image\/\"},\"sameAs\":[\"https:\/\/www.facebook.com\/Saintdieinfofr\",\"https:\/\/x.com\/VosgesInfo88\",\"https:\/\/www.youtube.com\/@vosgesinfo\"]},{\"@type\":\"Person\",\"@id\":\"https:\/\/vosgesinfo.fr\/saintdieinfo\/#\/schema\/person\/fa73e9f726d67bb88f46d5b7943cb572\",\"name\":\"J.J.\",\"image\":{\"@type\":\"ImageObject\",\"inLanguage\":\"fr-FR\",\"@id\":\"https:\/\/vosgesinfo.fr\/saintdieinfo\/#\/schema\/person\/image\/\",\"url\":\"https:\/\/secure.gravatar.com\/avatar\/219e749e47ffbcca018a360ae4add7d4cdf1cdaaf8bc7676b27efade3fe65615?s=96&d=mm&r=g\",\"contentUrl\":\"https:\/\/secure.gravatar.com\/avatar\/219e749e47ffbcca018a360ae4add7d4cdf1cdaaf8bc7676b27efade3fe65615?s=96&d=mm&r=g\",\"caption\":\"J.J.\"},\"url\":\"https:\/\/vosgesinfo.fr\/saintdieinfo\/author\/j-j\/\"}]}<\/script>\n<!-- \/ Yoast SEO plugin. -->","yoast_head_json":{"title":"Raon-l'\u00c9tape se mobilise \u00e0 100 % pour le don du sang - Saint Die Info","robots":{"index":"index","follow":"follow","max-snippet":"max-snippet:-1","max-image-preview":"max-image-preview:large","max-video-preview":"max-video-preview:-1"},"canonical":"https:\/\/vosgesinfo.fr\/saintdieinfo\/2025\/03\/raon-letape-se-mobilise-a-100-pour-le-don-du-sang\/","twitter_card":"summary_large_image","twitter_title":"Raon-l'\u00c9tape se mobilise \u00e0 100 % pour le don du sang - Saint Die Info","twitter_description":"La semaine prochaine, mercredi 19 mars, Raon-l&rsquo;\u00c9tape accueillera la troisi\u00e8me \u00e9dition de la journ\u00e9e \u00ab 100 pour Sang \u00bb. Une [&hellip;]","twitter_image":"https:\/\/vosgesinfo.fr\/app\/uploads\/sites\/4\/2024\/08\/202006don-du-sang1-15.jpg","twitter_creator":"@VosgesInfo88","twitter_site":"@VosgesInfo88","twitter_misc":{"\u00c9crit par":"J.J.","Dur\u00e9e de lecture estim\u00e9e":"1 minute"},"schema":{"@context":"https:\/\/schema.org","@graph":[{"@type":"Article","@id":"https:\/\/vosgesinfo.fr\/saintdieinfo\/2025\/03\/raon-letape-se-mobilise-a-100-pour-le-don-du-sang\/#article","isPartOf":{"@id":"https:\/\/vosgesinfo.fr\/saintdieinfo\/2025\/03\/raon-letape-se-mobilise-a-100-pour-le-don-du-sang\/"},"author":{"name":"J.J.","@id":"https:\/\/vosgesinfo.fr\/saintdieinfo\/#\/schema\/person\/fa73e9f726d67bb88f46d5b7943cb572"},"headline":"Raon-l&rsquo;\u00c9tape se mobilise \u00e0 100 % pour le don du sang","datePublished":"2025-03-11T14:15:16+00:00","dateModified":"2025-03-11T14:02:40+00:00","mainEntityOfPage":{"@id":"https:\/\/vosgesinfo.fr\/saintdieinfo\/2025\/03\/raon-letape-se-mobilise-a-100-pour-le-don-du-sang\/"},"wordCount":241,"commentCount":0,"publisher":{"@id":"https:\/\/vosgesinfo.fr\/saintdieinfo\/#organization"},"image":{"@id":"https:\/\/vosgesinfo.fr\/saintdieinfo\/2025\/03\/raon-letape-se-mobilise-a-100-pour-le-don-du-sang\/#primaryimage"},"thumbnailUrl":"https:\/\/vosgesinfo.fr\/app\/uploads\/sites\/4\/2024\/08\/202006don-du-sang1-15.jpg","keywords":["COSEC de Raon-l'Etape","don de sang","EFS Grand Est","Journ\u00e9e 100 pour Sang","Raon-l\u2019Etape"],"articleSection":["A la Une","D\u00e9odatie","Sant\u00e9","Solidarit\u00e9"],"inLanguage":"fr-FR","potentialAction":[{"@type":"CommentAction","name":"Comment","target":["https:\/\/vosgesinfo.fr\/saintdieinfo\/2025\/03\/raon-letape-se-mobilise-a-100-pour-le-don-du-sang\/#respond"]}]},{"@type":"WebPage","@id":"https:\/\/vosgesinfo.fr\/saintdieinfo\/2025\/03\/raon-letape-se-mobilise-a-100-pour-le-don-du-sang\/","url":"https:\/\/vosgesinfo.fr\/saintdieinfo\/2025\/03\/raon-letape-se-mobilise-a-100-pour-le-don-du-sang\/","name":"Raon-l'\u00c9tape se mobilise \u00e0 100 % pour le don du sang - Saint Die Info","isPartOf":{"@id":"https:\/\/vosgesinfo.fr\/saintdieinfo\/#website"},"primaryImageOfPage":{"@id":"https:\/\/vosgesinfo.fr\/saintdieinfo\/2025\/03\/raon-letape-se-mobilise-a-100-pour-le-don-du-sang\/#primaryimage"},"image":{"@id":"https:\/\/vosgesinfo.fr\/saintdieinfo\/2025\/03\/raon-letape-se-mobilise-a-100-pour-le-don-du-sang\/#primaryimage"},"thumbnailUrl":"https:\/\/vosgesinfo.fr\/app\/uploads\/sites\/4\/2024\/08\/202006don-du-sang1-15.jpg","datePublished":"2025-03-11T14:15:16+00:00","dateModified":"2025-03-11T14:02:40+00:00","breadcrumb":{"@id":"https:\/\/vosgesinfo.fr\/saintdieinfo\/2025\/03\/raon-letape-se-mobilise-a-100-pour-le-don-du-sang\/#breadcrumb"},"inLanguage":"fr-FR","potentialAction":[{"@type":"ReadAction","target":["https:\/\/vosgesinfo.fr\/saintdieinfo\/2025\/03\/raon-letape-se-mobilise-a-100-pour-le-don-du-sang\/"]}]},{"@type":"ImageObject","inLanguage":"fr-FR","@id":"https:\/\/vosgesinfo.fr\/saintdieinfo\/2025\/03\/raon-letape-se-mobilise-a-100-pour-le-don-du-sang\/#primaryimage","url":"https:\/\/vosgesinfo.fr\/app\/uploads\/sites\/4\/2024\/08\/202006don-du-sang1-15.jpg","contentUrl":"https:\/\/vosgesinfo.fr\/app\/uploads\/sites\/4\/2024\/08\/202006don-du-sang1-15.jpg","width":600,"height":402,"caption":"(Illustration)"},{"@type":"BreadcrumbList","@id":"https:\/\/vosgesinfo.fr\/saintdieinfo\/2025\/03\/raon-letape-se-mobilise-a-100-pour-le-don-du-sang\/#breadcrumb","itemListElement":[{"@type":"ListItem","position":1,"name":"Home","item":"https:\/\/vosgesinfo.fr\/saintdieinfo\/"},{"@type":"ListItem","position":2,"name":"Raon-l&rsquo;\u00c9tape se mobilise \u00e0 100 % pour le don du sang"}]},{"@type":"WebSite","@id":"https:\/\/vosgesinfo.fr\/saintdieinfo\/#website","url":"https:\/\/vosgesinfo.fr\/saintdieinfo\/","name":"Saint Die Info","description":"Toute l&#039;actualit\u00e9 de Saint-Di\u00e9-Des-Vosges","publisher":{"@id":"https:\/\/vosgesinfo.fr\/saintdieinfo\/#organization"},"alternateName":"Toute l'actualit\u00e9 de Saint-Di\u00e9-Des-Vosges","potentialAction":[{"@type":"SearchAction","target":{"@type":"EntryPoint","urlTemplate":"https:\/\/vosgesinfo.fr\/saintdieinfo\/?s={search_term_string}"},"query-input":"required name=search_term_string"}],"inLanguage":"fr-FR"},{"@type":"Organization","@id":"https:\/\/vosgesinfo.fr\/saintdieinfo\/#organization","name":"Saint Die Info","url":"https:\/\/vosgesinfo.fr\/saintdieinfo\/","logo":{"@type":"ImageObject","inLanguage":"fr-FR","@id":"https:\/\/vosgesinfo.fr\/saintdieinfo\/#\/schema\/logo\/image\/","url":"https:\/\/vosgesinfo.fr\/app\/uploads\/sites\/4\/2024\/02\/logo-sdi.jpg","contentUrl":"https:\/\/vosgesinfo.fr\/app\/uploads\/sites\/4\/2024\/02\/logo-sdi.jpg","width":600,"height":600,"caption":"Saint Die Info"},"image":{"@id":"https:\/\/vosgesinfo.fr\/saintdieinfo\/#\/schema\/logo\/image\/"},"sameAs":["https:\/\/www.facebook.com\/Saintdieinfofr","https:\/\/x.com\/VosgesInfo88","https:\/\/www.youtube.com\/@vosgesinfo"]},{"@type":"Person","@id":"https:\/\/vosgesinfo.fr\/saintdieinfo\/#\/schema\/person\/fa73e9f726d67bb88f46d5b7943cb572","name":"J.J.","image":{"@type":"ImageObject","inLanguage":"fr-FR","@id":"https:\/\/vosgesinfo.fr\/saintdieinfo\/#\/schema\/person\/image\/","url":"https:\/\/secure.gravatar.com\/avatar\/219e749e47ffbcca018a360ae4add7d4cdf1cdaaf8bc7676b27efade3fe65615?s=96&d=mm&r=g","contentUrl":"https:\/\/secure.gravatar.com\/avatar\/219e749e47ffbcca018a360ae4add7d4cdf1cdaaf8bc7676b27efade3fe65615?s=96&d=mm&r=g","caption":"J.J."},"url":"https:\/\/vosgesinfo.fr\/saintdieinfo\/author\/j-j\/"}]}},"_links":{"self":[{"href":"https:\/\/vosgesinfo.fr\/saintdieinfo\/wp-json\/wp\/v2\/posts\/74985","targetHints":{"allow":["GET"]}}],"collection":[{"href":"https:\/\/vosgesinfo.fr\/saintdieinfo\/wp-json\/wp\/v2\/posts"}],"about":[{"href":"https:\/\/vosgesinfo.fr\/saintdieinfo\/wp-json\/wp\/v2\/types\/post"}],"author":[{"embeddable":true,"href":"https:\/\/vosgesinfo.fr\/saintdieinfo\/wp-json\/wp\/v2\/users\/46"}],"replies":[{"embeddable":true,"href":"https:\/\/vosgesinfo.fr\/saintdieinfo\/wp-json\/wp\/v2\/comments?post=74985"}],"version-history":[{"count":1,"href":"https:\/\/vosgesinfo.fr\/saintdieinfo\/wp-json\/wp\/v2\/posts\/74985\/revisions"}],"predecessor-version":[{"id":74987,"href":"https:\/\/vosgesinfo.fr\/saintdieinfo\/wp-json\/wp\/v2\/posts\/74985\/revisions\/74987"}],"wp:featuredmedia":[{"embeddable":true,"href":"https:\/\/vosgesinfo.fr\/saintdieinfo\/wp-json\/wp\/v2\/media\/55854"}],"wp:attachment":[{"href":"https:\/\/vosgesinfo.fr\/saintdieinfo\/wp-json\/wp\/v2\/media?parent=74985"}],"wp:term":[{"taxonomy":"category","embeddable":true,"href":"https:\/\/vosgesinfo.fr\/saintdieinfo\/wp-json\/wp\/v2\/categories?post=74985"},{"taxonomy":"post_tag","embeddable":true,"href":"https:\/\/vosgesinfo.fr\/saintdieinfo\/wp-json\/wp\/v2\/tags?post=74985"}],"curies":[{"name":"wp","href":"https:\/\/api.w.org\/{rel}","templated":true}]}}