{"id":75029,"date":"2025-03-12T09:50:16","date_gmt":"2025-03-12T08:50:16","guid":{"rendered":"https:\/\/vosgesinfo.fr\/saintdieinfo\/?p=75029"},"modified":"2025-03-12T09:40:09","modified_gmt":"2025-03-12T08:40:09","slug":"saulcy-sur-meurthe-liquidation-de-lentreprise-weisrock","status":"publish","type":"post","link":"https:\/\/vosgesinfo.fr\/saintdieinfo\/2025\/03\/saulcy-sur-meurthe-liquidation-de-lentreprise-weisrock\/","title":{"rendered":"Saulcy-sur-Meurthe \u2013 Liquidation de l&rsquo;entreprise Weisrock"},"content":{"rendered":"<div id=\"attachment_70142\" style=\"width: 1034px\" class=\"wp-caption alignnone\"><a href=\"https:\/\/vosgesinfo.fr\/app\/uploads\/sites\/4\/2024\/11\/saulcy-sur-meurthe-entreprise-weisrock-scaled.jpg\"><img decoding=\"async\" aria-describedby=\"caption-attachment-70142\" class=\"size-large wp-image-70142\" src=\"https:\/\/vosgesinfo.fr\/app\/uploads\/sites\/4\/2024\/11\/saulcy-sur-meurthe-entreprise-weisrock-1024x651.jpg\" alt=\"\" width=\"1024\" height=\"651\" srcset=\"https:\/\/vosgesinfo.fr\/app\/uploads\/sites\/4\/2024\/11\/saulcy-sur-meurthe-entreprise-weisrock-1024x651.jpg 1024w, https:\/\/vosgesinfo.fr\/app\/uploads\/sites\/4\/2024\/11\/saulcy-sur-meurthe-entreprise-weisrock-300x191.jpg 300w, https:\/\/vosgesinfo.fr\/app\/uploads\/sites\/4\/2024\/11\/saulcy-sur-meurthe-entreprise-weisrock-768x488.jpg 768w, https:\/\/vosgesinfo.fr\/app\/uploads\/sites\/4\/2024\/11\/saulcy-sur-meurthe-entreprise-weisrock-1536x976.jpg 1536w, https:\/\/vosgesinfo.fr\/app\/uploads\/sites\/4\/2024\/11\/saulcy-sur-meurthe-entreprise-weisrock-2048x1302.jpg 2048w\" sizes=\"(max-width: 1024px) 100vw, 1024px\" \/><\/a><p id=\"caption-attachment-70142\" class=\"wp-caption-text\">(Capture d&rsquo;\u00e9cran Google Maps)<\/p><\/div>\n<h2>L&rsquo;entreprise <strong>Weisrock<\/strong> de <strong>Saulcy-sur-Meurthe<\/strong> avait \u00e9t\u00e9 plac\u00e9e en <a href=\"https:\/\/vosgesinfo.fr\/saintdieinfo\/2024\/11\/saulcy-sur-meurthe-lentreprise-weisrock-placee-en-redressement-judiciaire\/\" target=\"_blank\" rel=\"noopener\"><strong>redressement judiciaire<\/strong> en <strong>novembre 2024<\/strong>.<\/a> L&rsquo;\u00e9p\u00e9e de Damocl\u00e8s vient de tomber pour l&rsquo;entreprise du <strong>groupe Morlot<\/strong>, sp\u00e9cialis\u00e9e dans la fabrication de <strong>charpente en bois lamell\u00e9<\/strong>. Le <strong>tribunal de commerce de Dijon<\/strong> a prononc\u00e9 ce <strong>mardi 11 mars<\/strong> la <strong>liquidation judiciaire<\/strong> de <strong>Weisrock<\/strong>, entra\u00eenant la suppression de <strong>49 emplois<\/strong> \u00e0 la fin du mois.<\/h2>\n<h3><strong>\u00ab\u00a0Climat social d\u00e9l\u00e9t\u00e8re\u00a0\u00bb pour Laurent Morlot, \u00ab\u00a0Manque d&rsquo;investissement\u00a0\u00bb pour la CGT<\/strong><\/h3>\n<p><strong>Laurent Morlot<\/strong>, dirigeant du groupe du m\u00eame nom, qui s&rsquo;est exprim\u00e9 aupr\u00e8s de nos confr\u00e8res de <em>Ici Sud Lorraine<\/em>, pointe un<strong> \u00ab climat social d\u00e9l\u00e9t\u00e8re \u00bb<\/strong> au sein de l&rsquo;entreprise, s&rsquo;estimant \u00ab fatigu\u00e9 d&rsquo;avoir port\u00e9 \u00e0 bout de bras Weisrock. \u00bb Des propos rejet\u00e9s par <strong>Emmanuel Bucher<\/strong>, d\u00e9l\u00e9gu\u00e9 syndical <strong>CGT<\/strong> de <strong>Weisrock<\/strong>. Selon le syndicat, \u00ab l&rsquo;entreprise souffrait d&rsquo;un <strong>manque d&rsquo;investissement<\/strong> \u00bb. L&rsquo;activit\u00e9 de <strong>Weisrock<\/strong> \u00e9tait \u00e0 l&rsquo;arr\u00eat total depuis fin janvier et <strong>l&rsquo;effondrement d&rsquo;une partie du toit des ateliers<\/strong> de l&rsquo;entreprise.<\/p>\n<h3><strong>Quelles perspectives pour le groupe Morlot ?<\/strong><\/h3>\n<p>Des <strong>offres de reprise<\/strong> auraient \u00e9t\u00e9 d\u00e9pos\u00e9es pour les autres entit\u00e9s du <strong>groupe Morlot<\/strong>. Une <strong>audience<\/strong> pr\u00e9vue le <strong>26 mars prochain<\/strong> devrait pr\u00e9ciser l&rsquo;avenir du groupe et de ses <strong>400 salari\u00e9s<\/strong>. Selon <strong>Laurent Morlot<\/strong>, qui ne sera plus <strong>actionnaire<\/strong>, <strong>50 % \u00e0 60 %<\/strong> d&rsquo;entre eux pourraient conserver leur emploi.<\/p>\n<h3><strong>Des projets compromis \u00e0 Saint-Di\u00e9-des-Vosges<\/strong><\/h3>\n<p>La mauvaise passe du <strong>groupe Morlot<\/strong> a des <strong>cons\u00e9quences directes<\/strong> \u00e0 <strong>Saint-Di\u00e9-des-Vosges<\/strong>, puisqu&rsquo;elle remet en question les projets de <strong>maison de sant\u00e9<\/strong>, sur l&rsquo;ancien terrain du <strong>Mail<\/strong>, et de l&rsquo;<strong>h\u00f4tel 3 \u00e9toiles<\/strong>, sur l&#8217;emplacement de la <strong>friche BATY<\/strong>, rue du lyc\u00e9e.<\/p>\n<p>J.J.<\/p>\n","protected":false},"excerpt":{"rendered":"<p>L&rsquo;entreprise Weisrock de Saulcy-sur-Meurthe avait \u00e9t\u00e9 plac\u00e9e en redressement judiciaire en novembre 2024. L&rsquo;\u00e9p\u00e9e de Damocl\u00e8s vient de tomber pour [&hellip;]<\/p>\n","protected":false},"author":46,"featured_media":70142,"comment_status":"open","ping_status":"open","sticky":false,"template":"","format":"standard","meta":{"footnotes":""},"categories":[460,3903,5,2915,18],"tags":[13223,3399,4520,16466],"class_list":["post-75029","post","type-post","status-publish","format-standard","has-post-thumbnail","hentry","category-a-la-une","category-deodatie","category-economie","category-saint-die-son-canton","category-vosges","tag-entreprise-weisrock","tag-groupe-morlot","tag-saulcy-sur-meurthe","tag-tribunal-de-commerce-de-dijon"],"acf":[],"yoast_head":"<!-- This site is optimized with the Yoast SEO plugin v22.5 - https:\/\/yoast.com\/wordpress\/plugins\/seo\/ -->\n<title>Saulcy-sur-Meurthe \u2013 Liquidation de l&#039;entreprise Weisrock - Saint Die Info<\/title>\n<meta name=\"robots\" content=\"index, follow, max-snippet:-1, max-image-preview:large, max-video-preview:-1\" \/>\n<link rel=\"canonical\" href=\"https:\/\/vosgesinfo.fr\/saintdieinfo\/2025\/03\/saulcy-sur-meurthe-liquidation-de-lentreprise-weisrock\/\" \/>\n<meta name=\"twitter:card\" content=\"summary_large_image\" \/>\n<meta name=\"twitter:title\" content=\"Saulcy-sur-Meurthe \u2013 Liquidation de l&#039;entreprise Weisrock - Saint Die Info\" \/>\n<meta name=\"twitter:description\" content=\"L&rsquo;entreprise Weisrock de Saulcy-sur-Meurthe avait \u00e9t\u00e9 plac\u00e9e en redressement judiciaire en novembre 2024. L&rsquo;\u00e9p\u00e9e de Damocl\u00e8s vient de tomber pour [&hellip;]\" \/>\n<meta name=\"twitter:image\" content=\"https:\/\/vosgesinfo.fr\/app\/uploads\/sites\/4\/2024\/11\/saulcy-sur-meurthe-entreprise-weisrock-scaled.jpg\" \/>\n<meta name=\"twitter:creator\" content=\"@VosgesInfo88\" \/>\n<meta name=\"twitter:site\" content=\"@VosgesInfo88\" \/>\n<meta name=\"twitter:label1\" content=\"\u00c9crit par\" \/>\n\t<meta name=\"twitter:data1\" content=\"J.J.\" \/>\n\t<meta name=\"twitter:label2\" content=\"Dur\u00e9e de lecture estim\u00e9e\" \/>\n\t<meta name=\"twitter:data2\" content=\"1 minute\" \/>\n<script type=\"application\/ld+json\" class=\"yoast-schema-graph\">{\"@context\":\"https:\/\/schema.org\",\"@graph\":[{\"@type\":\"Article\",\"@id\":\"https:\/\/vosgesinfo.fr\/saintdieinfo\/2025\/03\/saulcy-sur-meurthe-liquidation-de-lentreprise-weisrock\/#article\",\"isPartOf\":{\"@id\":\"https:\/\/vosgesinfo.fr\/saintdieinfo\/2025\/03\/saulcy-sur-meurthe-liquidation-de-lentreprise-weisrock\/\"},\"author\":{\"name\":\"J.J.\",\"@id\":\"https:\/\/vosgesinfo.fr\/saintdieinfo\/#\/schema\/person\/fa73e9f726d67bb88f46d5b7943cb572\"},\"headline\":\"Saulcy-sur-Meurthe \u2013 Liquidation de l&rsquo;entreprise Weisrock\",\"datePublished\":\"2025-03-12T08:50:16+00:00\",\"dateModified\":\"2025-03-12T08:40:09+00:00\",\"mainEntityOfPage\":{\"@id\":\"https:\/\/vosgesinfo.fr\/saintdieinfo\/2025\/03\/saulcy-sur-meurthe-liquidation-de-lentreprise-weisrock\/\"},\"wordCount\":306,\"commentCount\":10,\"publisher\":{\"@id\":\"https:\/\/vosgesinfo.fr\/saintdieinfo\/#organization\"},\"image\":{\"@id\":\"https:\/\/vosgesinfo.fr\/saintdieinfo\/2025\/03\/saulcy-sur-meurthe-liquidation-de-lentreprise-weisrock\/#primaryimage\"},\"thumbnailUrl\":\"https:\/\/vosgesinfo.fr\/app\/uploads\/sites\/4\/2024\/11\/saulcy-sur-meurthe-entreprise-weisrock-scaled.jpg\",\"keywords\":[\"Entreprise Weisrock\",\"Groupe Morlot\",\"Saulcy-sur-Meurthe\",\"Tribunal de commerce de Dijon\"],\"articleSection\":[\"A la Une\",\"D\u00e9odatie\",\"\u00c9conomie\",\"Saint-Di\u00e9-des-Vosges et son Agglom\u00e9ration\",\"Vosges\"],\"inLanguage\":\"fr-FR\",\"potentialAction\":[{\"@type\":\"CommentAction\",\"name\":\"Comment\",\"target\":[\"https:\/\/vosgesinfo.fr\/saintdieinfo\/2025\/03\/saulcy-sur-meurthe-liquidation-de-lentreprise-weisrock\/#respond\"]}]},{\"@type\":\"WebPage\",\"@id\":\"https:\/\/vosgesinfo.fr\/saintdieinfo\/2025\/03\/saulcy-sur-meurthe-liquidation-de-lentreprise-weisrock\/\",\"url\":\"https:\/\/vosgesinfo.fr\/saintdieinfo\/2025\/03\/saulcy-sur-meurthe-liquidation-de-lentreprise-weisrock\/\",\"name\":\"Saulcy-sur-Meurthe \u2013 Liquidation de l'entreprise Weisrock - Saint Die Info\",\"isPartOf\":{\"@id\":\"https:\/\/vosgesinfo.fr\/saintdieinfo\/#website\"},\"primaryImageOfPage\":{\"@id\":\"https:\/\/vosgesinfo.fr\/saintdieinfo\/2025\/03\/saulcy-sur-meurthe-liquidation-de-lentreprise-weisrock\/#primaryimage\"},\"image\":{\"@id\":\"https:\/\/vosgesinfo.fr\/saintdieinfo\/2025\/03\/saulcy-sur-meurthe-liquidation-de-lentreprise-weisrock\/#primaryimage\"},\"thumbnailUrl\":\"https:\/\/vosgesinfo.fr\/app\/uploads\/sites\/4\/2024\/11\/saulcy-sur-meurthe-entreprise-weisrock-scaled.jpg\",\"datePublished\":\"2025-03-12T08:50:16+00:00\",\"dateModified\":\"2025-03-12T08:40:09+00:00\",\"breadcrumb\":{\"@id\":\"https:\/\/vosgesinfo.fr\/saintdieinfo\/2025\/03\/saulcy-sur-meurthe-liquidation-de-lentreprise-weisrock\/#breadcrumb\"},\"inLanguage\":\"fr-FR\",\"potentialAction\":[{\"@type\":\"ReadAction\",\"target\":[\"https:\/\/vosgesinfo.fr\/saintdieinfo\/2025\/03\/saulcy-sur-meurthe-liquidation-de-lentreprise-weisrock\/\"]}]},{\"@type\":\"ImageObject\",\"inLanguage\":\"fr-FR\",\"@id\":\"https:\/\/vosgesinfo.fr\/saintdieinfo\/2025\/03\/saulcy-sur-meurthe-liquidation-de-lentreprise-weisrock\/#primaryimage\",\"url\":\"https:\/\/vosgesinfo.fr\/app\/uploads\/sites\/4\/2024\/11\/saulcy-sur-meurthe-entreprise-weisrock-scaled.jpg\",\"contentUrl\":\"https:\/\/vosgesinfo.fr\/app\/uploads\/sites\/4\/2024\/11\/saulcy-sur-meurthe-entreprise-weisrock-scaled.jpg\",\"width\":2560,\"height\":1627,\"caption\":\"(Capture d'\u00e9cran Google Maps)\"},{\"@type\":\"BreadcrumbList\",\"@id\":\"https:\/\/vosgesinfo.fr\/saintdieinfo\/2025\/03\/saulcy-sur-meurthe-liquidation-de-lentreprise-weisrock\/#breadcrumb\",\"itemListElement\":[{\"@type\":\"ListItem\",\"position\":1,\"name\":\"Home\",\"item\":\"https:\/\/vosgesinfo.fr\/saintdieinfo\/\"},{\"@type\":\"ListItem\",\"position\":2,\"name\":\"Saulcy-sur-Meurthe \u2013 Liquidation de l&rsquo;entreprise Weisrock\"}]},{\"@type\":\"WebSite\",\"@id\":\"https:\/\/vosgesinfo.fr\/saintdieinfo\/#website\",\"url\":\"https:\/\/vosgesinfo.fr\/saintdieinfo\/\",\"name\":\"Saint Die Info\",\"description\":\"Toute l&#039;actualit\u00e9 de Saint-Di\u00e9-Des-Vosges\",\"publisher\":{\"@id\":\"https:\/\/vosgesinfo.fr\/saintdieinfo\/#organization\"},\"alternateName\":\"Toute l'actualit\u00e9 de Saint-Di\u00e9-Des-Vosges\",\"potentialAction\":[{\"@type\":\"SearchAction\",\"target\":{\"@type\":\"EntryPoint\",\"urlTemplate\":\"https:\/\/vosgesinfo.fr\/saintdieinfo\/?s={search_term_string}\"},\"query-input\":\"required name=search_term_string\"}],\"inLanguage\":\"fr-FR\"},{\"@type\":\"Organization\",\"@id\":\"https:\/\/vosgesinfo.fr\/saintdieinfo\/#organization\",\"name\":\"Saint Die Info\",\"url\":\"https:\/\/vosgesinfo.fr\/saintdieinfo\/\",\"logo\":{\"@type\":\"ImageObject\",\"inLanguage\":\"fr-FR\",\"@id\":\"https:\/\/vosgesinfo.fr\/saintdieinfo\/#\/schema\/logo\/image\/\",\"url\":\"https:\/\/vosgesinfo.fr\/app\/uploads\/sites\/4\/2024\/02\/logo-sdi.jpg\",\"contentUrl\":\"https:\/\/vosgesinfo.fr\/app\/uploads\/sites\/4\/2024\/02\/logo-sdi.jpg\",\"width\":600,\"height\":600,\"caption\":\"Saint Die Info\"},\"image\":{\"@id\":\"https:\/\/vosgesinfo.fr\/saintdieinfo\/#\/schema\/logo\/image\/\"},\"sameAs\":[\"https:\/\/www.facebook.com\/Saintdieinfofr\",\"https:\/\/x.com\/VosgesInfo88\",\"https:\/\/www.youtube.com\/@vosgesinfo\"]},{\"@type\":\"Person\",\"@id\":\"https:\/\/vosgesinfo.fr\/saintdieinfo\/#\/schema\/person\/fa73e9f726d67bb88f46d5b7943cb572\",\"name\":\"J.J.\",\"image\":{\"@type\":\"ImageObject\",\"inLanguage\":\"fr-FR\",\"@id\":\"https:\/\/vosgesinfo.fr\/saintdieinfo\/#\/schema\/person\/image\/\",\"url\":\"https:\/\/secure.gravatar.com\/avatar\/219e749e47ffbcca018a360ae4add7d4cdf1cdaaf8bc7676b27efade3fe65615?s=96&d=mm&r=g\",\"contentUrl\":\"https:\/\/secure.gravatar.com\/avatar\/219e749e47ffbcca018a360ae4add7d4cdf1cdaaf8bc7676b27efade3fe65615?s=96&d=mm&r=g\",\"caption\":\"J.J.\"},\"url\":\"https:\/\/vosgesinfo.fr\/saintdieinfo\/author\/j-j\/\"}]}<\/script>\n<!-- \/ Yoast SEO plugin. -->","yoast_head_json":{"title":"Saulcy-sur-Meurthe \u2013 Liquidation de l'entreprise Weisrock - Saint Die Info","robots":{"index":"index","follow":"follow","max-snippet":"max-snippet:-1","max-image-preview":"max-image-preview:large","max-video-preview":"max-video-preview:-1"},"canonical":"https:\/\/vosgesinfo.fr\/saintdieinfo\/2025\/03\/saulcy-sur-meurthe-liquidation-de-lentreprise-weisrock\/","twitter_card":"summary_large_image","twitter_title":"Saulcy-sur-Meurthe \u2013 Liquidation de l'entreprise Weisrock - Saint Die Info","twitter_description":"L&rsquo;entreprise Weisrock de Saulcy-sur-Meurthe avait \u00e9t\u00e9 plac\u00e9e en redressement judiciaire en novembre 2024. L&rsquo;\u00e9p\u00e9e de Damocl\u00e8s vient de tomber pour [&hellip;]","twitter_image":"https:\/\/vosgesinfo.fr\/app\/uploads\/sites\/4\/2024\/11\/saulcy-sur-meurthe-entreprise-weisrock-scaled.jpg","twitter_creator":"@VosgesInfo88","twitter_site":"@VosgesInfo88","twitter_misc":{"\u00c9crit par":"J.J.","Dur\u00e9e de lecture estim\u00e9e":"1 minute"},"schema":{"@context":"https:\/\/schema.org","@graph":[{"@type":"Article","@id":"https:\/\/vosgesinfo.fr\/saintdieinfo\/2025\/03\/saulcy-sur-meurthe-liquidation-de-lentreprise-weisrock\/#article","isPartOf":{"@id":"https:\/\/vosgesinfo.fr\/saintdieinfo\/2025\/03\/saulcy-sur-meurthe-liquidation-de-lentreprise-weisrock\/"},"author":{"name":"J.J.","@id":"https:\/\/vosgesinfo.fr\/saintdieinfo\/#\/schema\/person\/fa73e9f726d67bb88f46d5b7943cb572"},"headline":"Saulcy-sur-Meurthe \u2013 Liquidation de l&rsquo;entreprise Weisrock","datePublished":"2025-03-12T08:50:16+00:00","dateModified":"2025-03-12T08:40:09+00:00","mainEntityOfPage":{"@id":"https:\/\/vosgesinfo.fr\/saintdieinfo\/2025\/03\/saulcy-sur-meurthe-liquidation-de-lentreprise-weisrock\/"},"wordCount":306,"commentCount":10,"publisher":{"@id":"https:\/\/vosgesinfo.fr\/saintdieinfo\/#organization"},"image":{"@id":"https:\/\/vosgesinfo.fr\/saintdieinfo\/2025\/03\/saulcy-sur-meurthe-liquidation-de-lentreprise-weisrock\/#primaryimage"},"thumbnailUrl":"https:\/\/vosgesinfo.fr\/app\/uploads\/sites\/4\/2024\/11\/saulcy-sur-meurthe-entreprise-weisrock-scaled.jpg","keywords":["Entreprise Weisrock","Groupe Morlot","Saulcy-sur-Meurthe","Tribunal de commerce de Dijon"],"articleSection":["A la Une","D\u00e9odatie","\u00c9conomie","Saint-Di\u00e9-des-Vosges et son Agglom\u00e9ration","Vosges"],"inLanguage":"fr-FR","potentialAction":[{"@type":"CommentAction","name":"Comment","target":["https:\/\/vosgesinfo.fr\/saintdieinfo\/2025\/03\/saulcy-sur-meurthe-liquidation-de-lentreprise-weisrock\/#respond"]}]},{"@type":"WebPage","@id":"https:\/\/vosgesinfo.fr\/saintdieinfo\/2025\/03\/saulcy-sur-meurthe-liquidation-de-lentreprise-weisrock\/","url":"https:\/\/vosgesinfo.fr\/saintdieinfo\/2025\/03\/saulcy-sur-meurthe-liquidation-de-lentreprise-weisrock\/","name":"Saulcy-sur-Meurthe \u2013 Liquidation de l'entreprise Weisrock - Saint Die Info","isPartOf":{"@id":"https:\/\/vosgesinfo.fr\/saintdieinfo\/#website"},"primaryImageOfPage":{"@id":"https:\/\/vosgesinfo.fr\/saintdieinfo\/2025\/03\/saulcy-sur-meurthe-liquidation-de-lentreprise-weisrock\/#primaryimage"},"image":{"@id":"https:\/\/vosgesinfo.fr\/saintdieinfo\/2025\/03\/saulcy-sur-meurthe-liquidation-de-lentreprise-weisrock\/#primaryimage"},"thumbnailUrl":"https:\/\/vosgesinfo.fr\/app\/uploads\/sites\/4\/2024\/11\/saulcy-sur-meurthe-entreprise-weisrock-scaled.jpg","datePublished":"2025-03-12T08:50:16+00:00","dateModified":"2025-03-12T08:40:09+00:00","breadcrumb":{"@id":"https:\/\/vosgesinfo.fr\/saintdieinfo\/2025\/03\/saulcy-sur-meurthe-liquidation-de-lentreprise-weisrock\/#breadcrumb"},"inLanguage":"fr-FR","potentialAction":[{"@type":"ReadAction","target":["https:\/\/vosgesinfo.fr\/saintdieinfo\/2025\/03\/saulcy-sur-meurthe-liquidation-de-lentreprise-weisrock\/"]}]},{"@type":"ImageObject","inLanguage":"fr-FR","@id":"https:\/\/vosgesinfo.fr\/saintdieinfo\/2025\/03\/saulcy-sur-meurthe-liquidation-de-lentreprise-weisrock\/#primaryimage","url":"https:\/\/vosgesinfo.fr\/app\/uploads\/sites\/4\/2024\/11\/saulcy-sur-meurthe-entreprise-weisrock-scaled.jpg","contentUrl":"https:\/\/vosgesinfo.fr\/app\/uploads\/sites\/4\/2024\/11\/saulcy-sur-meurthe-entreprise-weisrock-scaled.jpg","width":2560,"height":1627,"caption":"(Capture d'\u00e9cran Google Maps)"},{"@type":"BreadcrumbList","@id":"https:\/\/vosgesinfo.fr\/saintdieinfo\/2025\/03\/saulcy-sur-meurthe-liquidation-de-lentreprise-weisrock\/#breadcrumb","itemListElement":[{"@type":"ListItem","position":1,"name":"Home","item":"https:\/\/vosgesinfo.fr\/saintdieinfo\/"},{"@type":"ListItem","position":2,"name":"Saulcy-sur-Meurthe \u2013 Liquidation de l&rsquo;entreprise Weisrock"}]},{"@type":"WebSite","@id":"https:\/\/vosgesinfo.fr\/saintdieinfo\/#website","url":"https:\/\/vosgesinfo.fr\/saintdieinfo\/","name":"Saint Die Info","description":"Toute l&#039;actualit\u00e9 de Saint-Di\u00e9-Des-Vosges","publisher":{"@id":"https:\/\/vosgesinfo.fr\/saintdieinfo\/#organization"},"alternateName":"Toute l'actualit\u00e9 de Saint-Di\u00e9-Des-Vosges","potentialAction":[{"@type":"SearchAction","target":{"@type":"EntryPoint","urlTemplate":"https:\/\/vosgesinfo.fr\/saintdieinfo\/?s={search_term_string}"},"query-input":"required name=search_term_string"}],"inLanguage":"fr-FR"},{"@type":"Organization","@id":"https:\/\/vosgesinfo.fr\/saintdieinfo\/#organization","name":"Saint Die Info","url":"https:\/\/vosgesinfo.fr\/saintdieinfo\/","logo":{"@type":"ImageObject","inLanguage":"fr-FR","@id":"https:\/\/vosgesinfo.fr\/saintdieinfo\/#\/schema\/logo\/image\/","url":"https:\/\/vosgesinfo.fr\/app\/uploads\/sites\/4\/2024\/02\/logo-sdi.jpg","contentUrl":"https:\/\/vosgesinfo.fr\/app\/uploads\/sites\/4\/2024\/02\/logo-sdi.jpg","width":600,"height":600,"caption":"Saint Die Info"},"image":{"@id":"https:\/\/vosgesinfo.fr\/saintdieinfo\/#\/schema\/logo\/image\/"},"sameAs":["https:\/\/www.facebook.com\/Saintdieinfofr","https:\/\/x.com\/VosgesInfo88","https:\/\/www.youtube.com\/@vosgesinfo"]},{"@type":"Person","@id":"https:\/\/vosgesinfo.fr\/saintdieinfo\/#\/schema\/person\/fa73e9f726d67bb88f46d5b7943cb572","name":"J.J.","image":{"@type":"ImageObject","inLanguage":"fr-FR","@id":"https:\/\/vosgesinfo.fr\/saintdieinfo\/#\/schema\/person\/image\/","url":"https:\/\/secure.gravatar.com\/avatar\/219e749e47ffbcca018a360ae4add7d4cdf1cdaaf8bc7676b27efade3fe65615?s=96&d=mm&r=g","contentUrl":"https:\/\/secure.gravatar.com\/avatar\/219e749e47ffbcca018a360ae4add7d4cdf1cdaaf8bc7676b27efade3fe65615?s=96&d=mm&r=g","caption":"J.J."},"url":"https:\/\/vosgesinfo.fr\/saintdieinfo\/author\/j-j\/"}]}},"_links":{"self":[{"href":"https:\/\/vosgesinfo.fr\/saintdieinfo\/wp-json\/wp\/v2\/posts\/75029","targetHints":{"allow":["GET"]}}],"collection":[{"href":"https:\/\/vosgesinfo.fr\/saintdieinfo\/wp-json\/wp\/v2\/posts"}],"about":[{"href":"https:\/\/vosgesinfo.fr\/saintdieinfo\/wp-json\/wp\/v2\/types\/post"}],"author":[{"embeddable":true,"href":"https:\/\/vosgesinfo.fr\/saintdieinfo\/wp-json\/wp\/v2\/users\/46"}],"replies":[{"embeddable":true,"href":"https:\/\/vosgesinfo.fr\/saintdieinfo\/wp-json\/wp\/v2\/comments?post=75029"}],"version-history":[{"count":1,"href":"https:\/\/vosgesinfo.fr\/saintdieinfo\/wp-json\/wp\/v2\/posts\/75029\/revisions"}],"predecessor-version":[{"id":75030,"href":"https:\/\/vosgesinfo.fr\/saintdieinfo\/wp-json\/wp\/v2\/posts\/75029\/revisions\/75030"}],"wp:featuredmedia":[{"embeddable":true,"href":"https:\/\/vosgesinfo.fr\/saintdieinfo\/wp-json\/wp\/v2\/media\/70142"}],"wp:attachment":[{"href":"https:\/\/vosgesinfo.fr\/saintdieinfo\/wp-json\/wp\/v2\/media?parent=75029"}],"wp:term":[{"taxonomy":"category","embeddable":true,"href":"https:\/\/vosgesinfo.fr\/saintdieinfo\/wp-json\/wp\/v2\/categories?post=75029"},{"taxonomy":"post_tag","embeddable":true,"href":"https:\/\/vosgesinfo.fr\/saintdieinfo\/wp-json\/wp\/v2\/tags?post=75029"}],"curies":[{"name":"wp","href":"https:\/\/api.w.org\/{rel}","templated":true}]}}