{"id":75158,"date":"2025-03-14T12:45:23","date_gmt":"2025-03-14T11:45:23","guid":{"rendered":"https:\/\/vosgesinfo.fr\/saintdieinfo\/?p=75158"},"modified":"2025-03-14T12:31:24","modified_gmt":"2025-03-14T11:31:24","slug":"les-retraites-cgt-cheminots-de-saint-die-des-vosges-rendent-hommage-a-pierre-semard","status":"publish","type":"post","link":"https:\/\/vosgesinfo.fr\/saintdieinfo\/2025\/03\/les-retraites-cgt-cheminots-de-saint-die-des-vosges-rendent-hommage-a-pierre-semard\/","title":{"rendered":"Les retrait\u00e9s CGT Cheminots de Saint-Di\u00e9-des-Vosges rendent hommage \u00e0 Pierre Semard"},"content":{"rendered":"<div id=\"attachment_75160\" style=\"width: 1034px\" class=\"wp-caption alignnone\"><a href=\"https:\/\/vosgesinfo.fr\/app\/uploads\/sites\/4\/2025\/03\/depot-gerbe-fleurs-pierre-semard-2.jpg\"><img decoding=\"async\" aria-describedby=\"caption-attachment-75160\" class=\"wp-image-75160 size-large\" src=\"https:\/\/vosgesinfo.fr\/app\/uploads\/sites\/4\/2025\/03\/depot-gerbe-fleurs-pierre-semard-2-1024x683.jpg\" alt=\"\" width=\"1024\" height=\"683\" srcset=\"https:\/\/vosgesinfo.fr\/app\/uploads\/sites\/4\/2025\/03\/depot-gerbe-fleurs-pierre-semard-2-1024x683.jpg 1024w, https:\/\/vosgesinfo.fr\/app\/uploads\/sites\/4\/2025\/03\/depot-gerbe-fleurs-pierre-semard-2-300x200.jpg 300w, https:\/\/vosgesinfo.fr\/app\/uploads\/sites\/4\/2025\/03\/depot-gerbe-fleurs-pierre-semard-2-768x512.jpg 768w, https:\/\/vosgesinfo.fr\/app\/uploads\/sites\/4\/2025\/03\/depot-gerbe-fleurs-pierre-semard-2.jpg 1200w\" sizes=\"(max-width: 1024px) 100vw, 1024px\" \/><\/a><p id=\"caption-attachment-75160\" class=\"wp-caption-text\">(Photographies Marc Fourniquet)<\/p><\/div>\n<h2>En marge de l&rsquo;assembl\u00e9e g\u00e9n\u00e9rale des <strong>Retrait\u00e9s du Syndicat CGT des Cheminots de Saint-Di\u00e9-des-Vosges<\/strong>, qui s&rsquo;est tenue ce matin \u00e0 <strong>Saint-Michel-sur-Meurthe<\/strong>, un hommage a \u00e9t\u00e9 rendu \u00e0 <strong>Pierre Semard<\/strong>.<\/h2>\n<p><!--more--><\/p>\n<p>Comme chaque ann\u00e9e, cet hommage <strong>d\u00e9odatien<\/strong> s&rsquo;est tenu sur la place portant son nom, qui est le <strong>parvis de la gare SNCF<\/strong>, avec le d\u00e9p\u00f4t d&rsquo;une <strong>gerbe de fleurs<\/strong> et le <strong>chant des partisans<\/strong>. \u00ab Aujourd&rsquo;hui, au vu de l&rsquo;<strong>actualit\u00e9 nationale et internationale<\/strong>, <strong>se rem\u00e9morer<\/strong> ce contre quoi <strong>Pierre Semard<\/strong> luttait prend tout son sens et rev\u00eat de fa\u00e7on encore plus <strong>pr\u00e9gnante<\/strong> un caract\u00e8re plus que <strong>symbolique<\/strong> \u00bb a d\u00e9clar\u00e9 <strong>G\u00e9rard Coinchelin<\/strong> dans sa prise de parole.<\/p>\n<p><strong>Pierre Semard<\/strong> (1887 \u2013 1942) a occup\u00e9 les fonctions de <strong>secr\u00e9taire g\u00e9n\u00e9ral<\/strong> de la <strong>F\u00e9d\u00e9ration CGT<\/strong> et du <strong>Parti Communiste Fran\u00e7ais<\/strong>. Il a \u00e9t\u00e9 arr\u00eat\u00e9 \u00e0 Loches le <strong>20 novembre 1939<\/strong>, puis condamn\u00e9 \u00e0 trois ans de prison sous l&rsquo;inculpation de <strong>d\u00e9tournement de fonds<\/strong>. Alors incarc\u00e9r\u00e9 \u00e0 Bourges, le syndicaliste est transf\u00e9r\u00e9 au <strong>camp d&rsquo;internement<\/strong> de Gaillon, d\u00e9but 1942. Quelques semaines plus tard, il est livr\u00e9 par le <strong>r\u00e9gime de Vichy<\/strong> aux <strong>autorit\u00e9s allemandes<\/strong>, comme <strong>otage<\/strong>. <strong>Pierre Semard<\/strong> <strong>a \u00e9t\u00e9 fusill\u00e9<\/strong> par les nazis le <strong>7 mars 1942<\/strong> \u00e0 \u00c9vreux.<\/p>\n<p>J.J.<\/p>\n\n\t\t<style type=\"text\/css\">\n\t\t\t#gallery-1 {\n\t\t\t\tmargin: auto;\n\t\t\t}\n\t\t\t#gallery-1 .gallery-item {\n\t\t\t\tfloat: left;\n\t\t\t\tmargin-top: 10px;\n\t\t\t\ttext-align: center;\n\t\t\t\twidth: 50%;\n\t\t\t}\n\t\t\t#gallery-1 img {\n\t\t\t\tborder: 2px solid #cfcfcf;\n\t\t\t}\n\t\t\t#gallery-1 .gallery-caption {\n\t\t\t\tmargin-left: 0;\n\t\t\t}\n\t\t\t\/* see gallery_shortcode() in wp-includes\/media.php *\/\n\t\t<\/style>\n\t\t<div id='gallery-1' class='gallery galleryid-75158 gallery-columns-2 gallery-size-thumbnail'><dl class='gallery-item'>\n\t\t\t<dt class='gallery-icon landscape'>\n\t\t\t\t<a href='https:\/\/vosgesinfo.fr\/app\/uploads\/sites\/4\/2025\/03\/depot-gerbe-fleurs-pierre-semard-5.jpg'><img decoding=\"async\" width=\"150\" height=\"150\" src=\"https:\/\/vosgesinfo.fr\/app\/uploads\/sites\/4\/2025\/03\/depot-gerbe-fleurs-pierre-semard-5-150x150.jpg\" class=\"attachment-thumbnail size-thumbnail\" alt=\"\" \/><\/a>\n\t\t\t<\/dt><\/dl><dl class='gallery-item'>\n\t\t\t<dt class='gallery-icon landscape'>\n\t\t\t\t<a href='https:\/\/vosgesinfo.fr\/app\/uploads\/sites\/4\/2025\/03\/depot-gerbe-fleurs-pierre-semard-1.jpg'><img decoding=\"async\" width=\"150\" height=\"150\" src=\"https:\/\/vosgesinfo.fr\/app\/uploads\/sites\/4\/2025\/03\/depot-gerbe-fleurs-pierre-semard-1-150x150.jpg\" class=\"attachment-thumbnail size-thumbnail\" alt=\"\" \/><\/a>\n\t\t\t<\/dt><\/dl><br style=\"clear: both\" \/><dl class='gallery-item'>\n\t\t\t<dt class='gallery-icon landscape'>\n\t\t\t\t<a href='https:\/\/vosgesinfo.fr\/app\/uploads\/sites\/4\/2025\/03\/depot-gerbe-fleurs-pierre-semard-3.jpg'><img decoding=\"async\" width=\"150\" height=\"150\" src=\"https:\/\/vosgesinfo.fr\/app\/uploads\/sites\/4\/2025\/03\/depot-gerbe-fleurs-pierre-semard-3-150x150.jpg\" class=\"attachment-thumbnail size-thumbnail\" alt=\"\" \/><\/a>\n\t\t\t<\/dt><\/dl><dl class='gallery-item'>\n\t\t\t<dt class='gallery-icon portrait'>\n\t\t\t\t<a href='https:\/\/vosgesinfo.fr\/app\/uploads\/sites\/4\/2025\/03\/depot-gerbe-fleurs-pierre-semard-4.jpg'><img decoding=\"async\" width=\"150\" height=\"150\" src=\"https:\/\/vosgesinfo.fr\/app\/uploads\/sites\/4\/2025\/03\/depot-gerbe-fleurs-pierre-semard-4-150x150.jpg\" class=\"attachment-thumbnail size-thumbnail\" alt=\"\" \/><\/a>\n\t\t\t<\/dt><\/dl><br style=\"clear: both\" \/>\n\t\t<\/div>\n\n","protected":false},"excerpt":{"rendered":"<p>En marge de l&rsquo;assembl\u00e9e g\u00e9n\u00e9rale des Retrait\u00e9s du Syndicat CGT des Cheminots de Saint-Di\u00e9-des-Vosges, qui s&rsquo;est tenue ce matin \u00e0 [&hellip;]<\/p>\n","protected":false},"author":46,"featured_media":75160,"comment_status":"open","ping_status":"open","sticky":false,"template":"","format":"standard","meta":{"footnotes":""},"categories":[460,167,17],"tags":[16501,16500,5497,5383,16499],"class_list":["post-75158","post","type-post","status-publish","format-standard","has-post-thumbnail","hentry","category-a-la-une","category-saint-die-des-vosges","category-vie-associative","tag-assemblee-generale-des-retraites-du-syndicat-cgt-des-cheminots-de-saint-die-des-vosges","tag-les-retraites-cgt-cheminots-rendent-hommage-a-pierre-semard","tag-pierre-semard","tag-place-pierre-semard","tag-retraites-du-syndicat-cgt-des-cheminots-de-saint-die-des-vosges"],"acf":[],"yoast_head":"<!-- This site is optimized with the Yoast SEO plugin v22.5 - https:\/\/yoast.com\/wordpress\/plugins\/seo\/ -->\n<title>Les retrait\u00e9s CGT Cheminots de Saint-Di\u00e9-des-Vosges rendent hommage \u00e0 Pierre Semard - Saint Die Info<\/title>\n<meta name=\"robots\" content=\"index, follow, max-snippet:-1, max-image-preview:large, max-video-preview:-1\" \/>\n<link rel=\"canonical\" href=\"https:\/\/vosgesinfo.fr\/saintdieinfo\/2025\/03\/les-retraites-cgt-cheminots-de-saint-die-des-vosges-rendent-hommage-a-pierre-semard\/\" \/>\n<meta name=\"twitter:card\" content=\"summary_large_image\" \/>\n<meta name=\"twitter:title\" content=\"Les retrait\u00e9s CGT Cheminots de Saint-Di\u00e9-des-Vosges rendent hommage \u00e0 Pierre Semard - Saint Die Info\" \/>\n<meta name=\"twitter:description\" content=\"En marge de l&rsquo;assembl\u00e9e g\u00e9n\u00e9rale des Retrait\u00e9s du Syndicat CGT des Cheminots de Saint-Di\u00e9-des-Vosges, qui s&rsquo;est tenue ce matin \u00e0 [&hellip;]\" \/>\n<meta name=\"twitter:image\" content=\"https:\/\/vosgesinfo.fr\/app\/uploads\/sites\/4\/2025\/03\/depot-gerbe-fleurs-pierre-semard-2.jpg\" \/>\n<meta name=\"twitter:creator\" content=\"@VosgesInfo88\" \/>\n<meta name=\"twitter:site\" content=\"@VosgesInfo88\" \/>\n<meta name=\"twitter:label1\" content=\"\u00c9crit par\" \/>\n\t<meta name=\"twitter:data1\" content=\"J.J.\" \/>\n\t<meta name=\"twitter:label2\" content=\"Dur\u00e9e de lecture estim\u00e9e\" \/>\n\t<meta name=\"twitter:data2\" content=\"1 minute\" \/>\n<script type=\"application\/ld+json\" class=\"yoast-schema-graph\">{\"@context\":\"https:\/\/schema.org\",\"@graph\":[{\"@type\":\"Article\",\"@id\":\"https:\/\/vosgesinfo.fr\/saintdieinfo\/2025\/03\/les-retraites-cgt-cheminots-de-saint-die-des-vosges-rendent-hommage-a-pierre-semard\/#article\",\"isPartOf\":{\"@id\":\"https:\/\/vosgesinfo.fr\/saintdieinfo\/2025\/03\/les-retraites-cgt-cheminots-de-saint-die-des-vosges-rendent-hommage-a-pierre-semard\/\"},\"author\":{\"name\":\"J.J.\",\"@id\":\"https:\/\/vosgesinfo.fr\/saintdieinfo\/#\/schema\/person\/fa73e9f726d67bb88f46d5b7943cb572\"},\"headline\":\"Les retrait\u00e9s CGT Cheminots de Saint-Di\u00e9-des-Vosges rendent hommage \u00e0 Pierre Semard\",\"datePublished\":\"2025-03-14T11:45:23+00:00\",\"dateModified\":\"2025-03-14T11:31:24+00:00\",\"mainEntityOfPage\":{\"@id\":\"https:\/\/vosgesinfo.fr\/saintdieinfo\/2025\/03\/les-retraites-cgt-cheminots-de-saint-die-des-vosges-rendent-hommage-a-pierre-semard\/\"},\"wordCount\":246,\"commentCount\":0,\"publisher\":{\"@id\":\"https:\/\/vosgesinfo.fr\/saintdieinfo\/#organization\"},\"image\":{\"@id\":\"https:\/\/vosgesinfo.fr\/saintdieinfo\/2025\/03\/les-retraites-cgt-cheminots-de-saint-die-des-vosges-rendent-hommage-a-pierre-semard\/#primaryimage\"},\"thumbnailUrl\":\"https:\/\/vosgesinfo.fr\/app\/uploads\/sites\/4\/2025\/03\/depot-gerbe-fleurs-pierre-semard-2.jpg\",\"keywords\":[\"Assembl\u00e9e g\u00e9n\u00e9rale des Retrait\u00e9s du Syndicat CGT des Cheminots de Saint-Di\u00e9-des-Vosges\",\"Les retrait\u00e9s CGT Cheminots rendent hommage \u00e0 Pierre Semard\",\"Pierre S\u00e9mard\",\"Place Pierre-Semard\",\"Retrait\u00e9s du Syndicat CGT des Cheminots de Saint-Di\u00e9-des-Vosges\"],\"articleSection\":[\"A la Une\",\"Saint-Di\u00e9-des-Vosges\",\"Vie Associative\"],\"inLanguage\":\"fr-FR\",\"potentialAction\":[{\"@type\":\"CommentAction\",\"name\":\"Comment\",\"target\":[\"https:\/\/vosgesinfo.fr\/saintdieinfo\/2025\/03\/les-retraites-cgt-cheminots-de-saint-die-des-vosges-rendent-hommage-a-pierre-semard\/#respond\"]}]},{\"@type\":\"WebPage\",\"@id\":\"https:\/\/vosgesinfo.fr\/saintdieinfo\/2025\/03\/les-retraites-cgt-cheminots-de-saint-die-des-vosges-rendent-hommage-a-pierre-semard\/\",\"url\":\"https:\/\/vosgesinfo.fr\/saintdieinfo\/2025\/03\/les-retraites-cgt-cheminots-de-saint-die-des-vosges-rendent-hommage-a-pierre-semard\/\",\"name\":\"Les retrait\u00e9s CGT Cheminots de Saint-Di\u00e9-des-Vosges rendent hommage \u00e0 Pierre Semard - Saint Die Info\",\"isPartOf\":{\"@id\":\"https:\/\/vosgesinfo.fr\/saintdieinfo\/#website\"},\"primaryImageOfPage\":{\"@id\":\"https:\/\/vosgesinfo.fr\/saintdieinfo\/2025\/03\/les-retraites-cgt-cheminots-de-saint-die-des-vosges-rendent-hommage-a-pierre-semard\/#primaryimage\"},\"image\":{\"@id\":\"https:\/\/vosgesinfo.fr\/saintdieinfo\/2025\/03\/les-retraites-cgt-cheminots-de-saint-die-des-vosges-rendent-hommage-a-pierre-semard\/#primaryimage\"},\"thumbnailUrl\":\"https:\/\/vosgesinfo.fr\/app\/uploads\/sites\/4\/2025\/03\/depot-gerbe-fleurs-pierre-semard-2.jpg\",\"datePublished\":\"2025-03-14T11:45:23+00:00\",\"dateModified\":\"2025-03-14T11:31:24+00:00\",\"breadcrumb\":{\"@id\":\"https:\/\/vosgesinfo.fr\/saintdieinfo\/2025\/03\/les-retraites-cgt-cheminots-de-saint-die-des-vosges-rendent-hommage-a-pierre-semard\/#breadcrumb\"},\"inLanguage\":\"fr-FR\",\"potentialAction\":[{\"@type\":\"ReadAction\",\"target\":[\"https:\/\/vosgesinfo.fr\/saintdieinfo\/2025\/03\/les-retraites-cgt-cheminots-de-saint-die-des-vosges-rendent-hommage-a-pierre-semard\/\"]}]},{\"@type\":\"ImageObject\",\"inLanguage\":\"fr-FR\",\"@id\":\"https:\/\/vosgesinfo.fr\/saintdieinfo\/2025\/03\/les-retraites-cgt-cheminots-de-saint-die-des-vosges-rendent-hommage-a-pierre-semard\/#primaryimage\",\"url\":\"https:\/\/vosgesinfo.fr\/app\/uploads\/sites\/4\/2025\/03\/depot-gerbe-fleurs-pierre-semard-2.jpg\",\"contentUrl\":\"https:\/\/vosgesinfo.fr\/app\/uploads\/sites\/4\/2025\/03\/depot-gerbe-fleurs-pierre-semard-2.jpg\",\"width\":1200,\"height\":800},{\"@type\":\"BreadcrumbList\",\"@id\":\"https:\/\/vosgesinfo.fr\/saintdieinfo\/2025\/03\/les-retraites-cgt-cheminots-de-saint-die-des-vosges-rendent-hommage-a-pierre-semard\/#breadcrumb\",\"itemListElement\":[{\"@type\":\"ListItem\",\"position\":1,\"name\":\"Home\",\"item\":\"https:\/\/vosgesinfo.fr\/saintdieinfo\/\"},{\"@type\":\"ListItem\",\"position\":2,\"name\":\"Les retrait\u00e9s CGT Cheminots de Saint-Di\u00e9-des-Vosges rendent hommage \u00e0 Pierre Semard\"}]},{\"@type\":\"WebSite\",\"@id\":\"https:\/\/vosgesinfo.fr\/saintdieinfo\/#website\",\"url\":\"https:\/\/vosgesinfo.fr\/saintdieinfo\/\",\"name\":\"Saint Die Info\",\"description\":\"Toute l&#039;actualit\u00e9 de Saint-Di\u00e9-Des-Vosges\",\"publisher\":{\"@id\":\"https:\/\/vosgesinfo.fr\/saintdieinfo\/#organization\"},\"alternateName\":\"Toute l'actualit\u00e9 de Saint-Di\u00e9-Des-Vosges\",\"potentialAction\":[{\"@type\":\"SearchAction\",\"target\":{\"@type\":\"EntryPoint\",\"urlTemplate\":\"https:\/\/vosgesinfo.fr\/saintdieinfo\/?s={search_term_string}\"},\"query-input\":\"required name=search_term_string\"}],\"inLanguage\":\"fr-FR\"},{\"@type\":\"Organization\",\"@id\":\"https:\/\/vosgesinfo.fr\/saintdieinfo\/#organization\",\"name\":\"Saint Die Info\",\"url\":\"https:\/\/vosgesinfo.fr\/saintdieinfo\/\",\"logo\":{\"@type\":\"ImageObject\",\"inLanguage\":\"fr-FR\",\"@id\":\"https:\/\/vosgesinfo.fr\/saintdieinfo\/#\/schema\/logo\/image\/\",\"url\":\"https:\/\/vosgesinfo.fr\/app\/uploads\/sites\/4\/2024\/02\/logo-sdi.jpg\",\"contentUrl\":\"https:\/\/vosgesinfo.fr\/app\/uploads\/sites\/4\/2024\/02\/logo-sdi.jpg\",\"width\":600,\"height\":600,\"caption\":\"Saint Die Info\"},\"image\":{\"@id\":\"https:\/\/vosgesinfo.fr\/saintdieinfo\/#\/schema\/logo\/image\/\"},\"sameAs\":[\"https:\/\/www.facebook.com\/Saintdieinfofr\",\"https:\/\/x.com\/VosgesInfo88\",\"https:\/\/www.youtube.com\/@vosgesinfo\"]},{\"@type\":\"Person\",\"@id\":\"https:\/\/vosgesinfo.fr\/saintdieinfo\/#\/schema\/person\/fa73e9f726d67bb88f46d5b7943cb572\",\"name\":\"J.J.\",\"image\":{\"@type\":\"ImageObject\",\"inLanguage\":\"fr-FR\",\"@id\":\"https:\/\/vosgesinfo.fr\/saintdieinfo\/#\/schema\/person\/image\/\",\"url\":\"https:\/\/secure.gravatar.com\/avatar\/219e749e47ffbcca018a360ae4add7d4cdf1cdaaf8bc7676b27efade3fe65615?s=96&d=mm&r=g\",\"contentUrl\":\"https:\/\/secure.gravatar.com\/avatar\/219e749e47ffbcca018a360ae4add7d4cdf1cdaaf8bc7676b27efade3fe65615?s=96&d=mm&r=g\",\"caption\":\"J.J.\"},\"url\":\"https:\/\/vosgesinfo.fr\/saintdieinfo\/author\/j-j\/\"}]}<\/script>\n<!-- \/ Yoast SEO plugin. -->","yoast_head_json":{"title":"Les retrait\u00e9s CGT Cheminots de Saint-Di\u00e9-des-Vosges rendent hommage \u00e0 Pierre Semard - Saint Die Info","robots":{"index":"index","follow":"follow","max-snippet":"max-snippet:-1","max-image-preview":"max-image-preview:large","max-video-preview":"max-video-preview:-1"},"canonical":"https:\/\/vosgesinfo.fr\/saintdieinfo\/2025\/03\/les-retraites-cgt-cheminots-de-saint-die-des-vosges-rendent-hommage-a-pierre-semard\/","twitter_card":"summary_large_image","twitter_title":"Les retrait\u00e9s CGT Cheminots de Saint-Di\u00e9-des-Vosges rendent hommage \u00e0 Pierre Semard - Saint Die Info","twitter_description":"En marge de l&rsquo;assembl\u00e9e g\u00e9n\u00e9rale des Retrait\u00e9s du Syndicat CGT des Cheminots de Saint-Di\u00e9-des-Vosges, qui s&rsquo;est tenue ce matin \u00e0 [&hellip;]","twitter_image":"https:\/\/vosgesinfo.fr\/app\/uploads\/sites\/4\/2025\/03\/depot-gerbe-fleurs-pierre-semard-2.jpg","twitter_creator":"@VosgesInfo88","twitter_site":"@VosgesInfo88","twitter_misc":{"\u00c9crit par":"J.J.","Dur\u00e9e de lecture estim\u00e9e":"1 minute"},"schema":{"@context":"https:\/\/schema.org","@graph":[{"@type":"Article","@id":"https:\/\/vosgesinfo.fr\/saintdieinfo\/2025\/03\/les-retraites-cgt-cheminots-de-saint-die-des-vosges-rendent-hommage-a-pierre-semard\/#article","isPartOf":{"@id":"https:\/\/vosgesinfo.fr\/saintdieinfo\/2025\/03\/les-retraites-cgt-cheminots-de-saint-die-des-vosges-rendent-hommage-a-pierre-semard\/"},"author":{"name":"J.J.","@id":"https:\/\/vosgesinfo.fr\/saintdieinfo\/#\/schema\/person\/fa73e9f726d67bb88f46d5b7943cb572"},"headline":"Les retrait\u00e9s CGT Cheminots de Saint-Di\u00e9-des-Vosges rendent hommage \u00e0 Pierre Semard","datePublished":"2025-03-14T11:45:23+00:00","dateModified":"2025-03-14T11:31:24+00:00","mainEntityOfPage":{"@id":"https:\/\/vosgesinfo.fr\/saintdieinfo\/2025\/03\/les-retraites-cgt-cheminots-de-saint-die-des-vosges-rendent-hommage-a-pierre-semard\/"},"wordCount":246,"commentCount":0,"publisher":{"@id":"https:\/\/vosgesinfo.fr\/saintdieinfo\/#organization"},"image":{"@id":"https:\/\/vosgesinfo.fr\/saintdieinfo\/2025\/03\/les-retraites-cgt-cheminots-de-saint-die-des-vosges-rendent-hommage-a-pierre-semard\/#primaryimage"},"thumbnailUrl":"https:\/\/vosgesinfo.fr\/app\/uploads\/sites\/4\/2025\/03\/depot-gerbe-fleurs-pierre-semard-2.jpg","keywords":["Assembl\u00e9e g\u00e9n\u00e9rale des Retrait\u00e9s du Syndicat CGT des Cheminots de Saint-Di\u00e9-des-Vosges","Les retrait\u00e9s CGT Cheminots rendent hommage \u00e0 Pierre Semard","Pierre S\u00e9mard","Place Pierre-Semard","Retrait\u00e9s du Syndicat CGT des Cheminots de Saint-Di\u00e9-des-Vosges"],"articleSection":["A la Une","Saint-Di\u00e9-des-Vosges","Vie Associative"],"inLanguage":"fr-FR","potentialAction":[{"@type":"CommentAction","name":"Comment","target":["https:\/\/vosgesinfo.fr\/saintdieinfo\/2025\/03\/les-retraites-cgt-cheminots-de-saint-die-des-vosges-rendent-hommage-a-pierre-semard\/#respond"]}]},{"@type":"WebPage","@id":"https:\/\/vosgesinfo.fr\/saintdieinfo\/2025\/03\/les-retraites-cgt-cheminots-de-saint-die-des-vosges-rendent-hommage-a-pierre-semard\/","url":"https:\/\/vosgesinfo.fr\/saintdieinfo\/2025\/03\/les-retraites-cgt-cheminots-de-saint-die-des-vosges-rendent-hommage-a-pierre-semard\/","name":"Les retrait\u00e9s CGT Cheminots de Saint-Di\u00e9-des-Vosges rendent hommage \u00e0 Pierre Semard - Saint Die Info","isPartOf":{"@id":"https:\/\/vosgesinfo.fr\/saintdieinfo\/#website"},"primaryImageOfPage":{"@id":"https:\/\/vosgesinfo.fr\/saintdieinfo\/2025\/03\/les-retraites-cgt-cheminots-de-saint-die-des-vosges-rendent-hommage-a-pierre-semard\/#primaryimage"},"image":{"@id":"https:\/\/vosgesinfo.fr\/saintdieinfo\/2025\/03\/les-retraites-cgt-cheminots-de-saint-die-des-vosges-rendent-hommage-a-pierre-semard\/#primaryimage"},"thumbnailUrl":"https:\/\/vosgesinfo.fr\/app\/uploads\/sites\/4\/2025\/03\/depot-gerbe-fleurs-pierre-semard-2.jpg","datePublished":"2025-03-14T11:45:23+00:00","dateModified":"2025-03-14T11:31:24+00:00","breadcrumb":{"@id":"https:\/\/vosgesinfo.fr\/saintdieinfo\/2025\/03\/les-retraites-cgt-cheminots-de-saint-die-des-vosges-rendent-hommage-a-pierre-semard\/#breadcrumb"},"inLanguage":"fr-FR","potentialAction":[{"@type":"ReadAction","target":["https:\/\/vosgesinfo.fr\/saintdieinfo\/2025\/03\/les-retraites-cgt-cheminots-de-saint-die-des-vosges-rendent-hommage-a-pierre-semard\/"]}]},{"@type":"ImageObject","inLanguage":"fr-FR","@id":"https:\/\/vosgesinfo.fr\/saintdieinfo\/2025\/03\/les-retraites-cgt-cheminots-de-saint-die-des-vosges-rendent-hommage-a-pierre-semard\/#primaryimage","url":"https:\/\/vosgesinfo.fr\/app\/uploads\/sites\/4\/2025\/03\/depot-gerbe-fleurs-pierre-semard-2.jpg","contentUrl":"https:\/\/vosgesinfo.fr\/app\/uploads\/sites\/4\/2025\/03\/depot-gerbe-fleurs-pierre-semard-2.jpg","width":1200,"height":800},{"@type":"BreadcrumbList","@id":"https:\/\/vosgesinfo.fr\/saintdieinfo\/2025\/03\/les-retraites-cgt-cheminots-de-saint-die-des-vosges-rendent-hommage-a-pierre-semard\/#breadcrumb","itemListElement":[{"@type":"ListItem","position":1,"name":"Home","item":"https:\/\/vosgesinfo.fr\/saintdieinfo\/"},{"@type":"ListItem","position":2,"name":"Les retrait\u00e9s CGT Cheminots de Saint-Di\u00e9-des-Vosges rendent hommage \u00e0 Pierre Semard"}]},{"@type":"WebSite","@id":"https:\/\/vosgesinfo.fr\/saintdieinfo\/#website","url":"https:\/\/vosgesinfo.fr\/saintdieinfo\/","name":"Saint Die Info","description":"Toute l&#039;actualit\u00e9 de Saint-Di\u00e9-Des-Vosges","publisher":{"@id":"https:\/\/vosgesinfo.fr\/saintdieinfo\/#organization"},"alternateName":"Toute l'actualit\u00e9 de Saint-Di\u00e9-Des-Vosges","potentialAction":[{"@type":"SearchAction","target":{"@type":"EntryPoint","urlTemplate":"https:\/\/vosgesinfo.fr\/saintdieinfo\/?s={search_term_string}"},"query-input":"required name=search_term_string"}],"inLanguage":"fr-FR"},{"@type":"Organization","@id":"https:\/\/vosgesinfo.fr\/saintdieinfo\/#organization","name":"Saint Die Info","url":"https:\/\/vosgesinfo.fr\/saintdieinfo\/","logo":{"@type":"ImageObject","inLanguage":"fr-FR","@id":"https:\/\/vosgesinfo.fr\/saintdieinfo\/#\/schema\/logo\/image\/","url":"https:\/\/vosgesinfo.fr\/app\/uploads\/sites\/4\/2024\/02\/logo-sdi.jpg","contentUrl":"https:\/\/vosgesinfo.fr\/app\/uploads\/sites\/4\/2024\/02\/logo-sdi.jpg","width":600,"height":600,"caption":"Saint Die Info"},"image":{"@id":"https:\/\/vosgesinfo.fr\/saintdieinfo\/#\/schema\/logo\/image\/"},"sameAs":["https:\/\/www.facebook.com\/Saintdieinfofr","https:\/\/x.com\/VosgesInfo88","https:\/\/www.youtube.com\/@vosgesinfo"]},{"@type":"Person","@id":"https:\/\/vosgesinfo.fr\/saintdieinfo\/#\/schema\/person\/fa73e9f726d67bb88f46d5b7943cb572","name":"J.J.","image":{"@type":"ImageObject","inLanguage":"fr-FR","@id":"https:\/\/vosgesinfo.fr\/saintdieinfo\/#\/schema\/person\/image\/","url":"https:\/\/secure.gravatar.com\/avatar\/219e749e47ffbcca018a360ae4add7d4cdf1cdaaf8bc7676b27efade3fe65615?s=96&d=mm&r=g","contentUrl":"https:\/\/secure.gravatar.com\/avatar\/219e749e47ffbcca018a360ae4add7d4cdf1cdaaf8bc7676b27efade3fe65615?s=96&d=mm&r=g","caption":"J.J."},"url":"https:\/\/vosgesinfo.fr\/saintdieinfo\/author\/j-j\/"}]}},"_links":{"self":[{"href":"https:\/\/vosgesinfo.fr\/saintdieinfo\/wp-json\/wp\/v2\/posts\/75158","targetHints":{"allow":["GET"]}}],"collection":[{"href":"https:\/\/vosgesinfo.fr\/saintdieinfo\/wp-json\/wp\/v2\/posts"}],"about":[{"href":"https:\/\/vosgesinfo.fr\/saintdieinfo\/wp-json\/wp\/v2\/types\/post"}],"author":[{"embeddable":true,"href":"https:\/\/vosgesinfo.fr\/saintdieinfo\/wp-json\/wp\/v2\/users\/46"}],"replies":[{"embeddable":true,"href":"https:\/\/vosgesinfo.fr\/saintdieinfo\/wp-json\/wp\/v2\/comments?post=75158"}],"version-history":[{"count":1,"href":"https:\/\/vosgesinfo.fr\/saintdieinfo\/wp-json\/wp\/v2\/posts\/75158\/revisions"}],"predecessor-version":[{"id":75164,"href":"https:\/\/vosgesinfo.fr\/saintdieinfo\/wp-json\/wp\/v2\/posts\/75158\/revisions\/75164"}],"wp:featuredmedia":[{"embeddable":true,"href":"https:\/\/vosgesinfo.fr\/saintdieinfo\/wp-json\/wp\/v2\/media\/75160"}],"wp:attachment":[{"href":"https:\/\/vosgesinfo.fr\/saintdieinfo\/wp-json\/wp\/v2\/media?parent=75158"}],"wp:term":[{"taxonomy":"category","embeddable":true,"href":"https:\/\/vosgesinfo.fr\/saintdieinfo\/wp-json\/wp\/v2\/categories?post=75158"},{"taxonomy":"post_tag","embeddable":true,"href":"https:\/\/vosgesinfo.fr\/saintdieinfo\/wp-json\/wp\/v2\/tags?post=75158"}],"curies":[{"name":"wp","href":"https:\/\/api.w.org\/{rel}","templated":true}]}}