{"id":75320,"date":"2025-03-18T18:05:12","date_gmt":"2025-03-18T17:05:12","guid":{"rendered":"https:\/\/vosgesinfo.fr\/saintdieinfo\/?p=75320"},"modified":"2025-03-18T17:49:20","modified_gmt":"2025-03-18T16:49:20","slug":"rencontre-artistique-avec-catherine-gangloff-et-michel-dejean-au-cepagrap","status":"publish","type":"post","link":"https:\/\/vosgesinfo.fr\/saintdieinfo\/2025\/03\/rencontre-artistique-avec-catherine-gangloff-et-michel-dejean-au-cepagrap\/","title":{"rendered":"Rencontre artistique avec Catherine Gangloff et Michel Dejean au CEPAGRAP"},"content":{"rendered":"<div id=\"attachment_75326\" style=\"width: 782px\" class=\"wp-caption alignnone\"><a href=\"https:\/\/vosgesinfo.fr\/app\/uploads\/sites\/4\/2025\/03\/rencontre-catherine-gangloff-michel-dejean-cepagrap.jpeg\"><img decoding=\"async\" aria-describedby=\"caption-attachment-75326\" class=\"size-large wp-image-75326\" src=\"https:\/\/vosgesinfo.fr\/app\/uploads\/sites\/4\/2025\/03\/rencontre-catherine-gangloff-michel-dejean-cepagrap-772x1024.jpeg\" alt=\"\" width=\"772\" height=\"1024\" srcset=\"https:\/\/vosgesinfo.fr\/app\/uploads\/sites\/4\/2025\/03\/rencontre-catherine-gangloff-michel-dejean-cepagrap-772x1024.jpeg 772w, https:\/\/vosgesinfo.fr\/app\/uploads\/sites\/4\/2025\/03\/rencontre-catherine-gangloff-michel-dejean-cepagrap-226x300.jpeg 226w, https:\/\/vosgesinfo.fr\/app\/uploads\/sites\/4\/2025\/03\/rencontre-catherine-gangloff-michel-dejean-cepagrap-768x1018.jpeg 768w, https:\/\/vosgesinfo.fr\/app\/uploads\/sites\/4\/2025\/03\/rencontre-catherine-gangloff-michel-dejean-cepagrap.jpeg 961w\" sizes=\"(max-width: 772px) 100vw, 772px\" \/><\/a><p id=\"caption-attachment-75326\" class=\"wp-caption-text\">(Photographie CEPAGRAP)<\/p><\/div>\n<h2>L&rsquo;<strong>Espace des Arts Plastiques CEPAGRAP<\/strong> accueille jusqu&rsquo;au <strong>5 avril<\/strong> l&rsquo;exposition <strong>\u00ab\u00a0COUPLE(S)\u00a0\u00bb<\/strong>, une <strong>exploration artistique<\/strong> men\u00e9e par les <strong>Strasbourgeois Catherine Gangloff et Michel Dejean<\/strong>. Une rencontre avec ces derniers est organis\u00e9e ce <strong>vendredi 21 mars \u00e0 18 h<\/strong>. <strong>Entr\u00e9e libre<\/strong>.<\/h2>\n<p><!--more--><\/p>\n<p>Les deux artistes, qui partagent leur <strong>atelier<\/strong> depuis de nombreuses ann\u00e9es, interrogent la notion de <strong>couple<\/strong>, tant dans leur vie que dans leur <strong>pratique artistique<\/strong>. \u00c0 travers des <strong>peintures, dessins et gravures<\/strong>, ils d\u00e9clinent le <strong>double<\/strong>, explorant ainsi les liens entre <strong>peinture et \u00e9criture<\/strong> ou encore <strong>peinture et architecture<\/strong>.<\/p>\n<p>L&rsquo;exposition met en avant des <strong>\u0153uvres communes<\/strong>, mais aussi des <strong>d\u00e9marches individuelles<\/strong>, r\u00e9v\u00e9lant leur approche de l&rsquo;<strong>abstraction<\/strong> avec <strong>sensibilit\u00e9 et po\u00e9sie<\/strong>. Ouverte \u00e0 tous, elle est visible de <strong>15 h \u00e0 19 h<\/strong>, du <strong>mardi au samedi<\/strong>.<\/p>\n","protected":false},"excerpt":{"rendered":"<p>L&rsquo;Espace des Arts Plastiques CEPAGRAP accueille jusqu&rsquo;au 5 avril l&rsquo;exposition \u00ab\u00a0COUPLE(S)\u00a0\u00bb, une exploration artistique men\u00e9e par les Strasbourgeois Catherine Gangloff [&hellip;]<\/p>\n","protected":false},"author":46,"featured_media":75326,"comment_status":"open","ping_status":"open","sticky":false,"template":"","format":"standard","meta":{"footnotes":""},"categories":[8019,3900,167],"tags":[5511,3084,16271,5512],"class_list":["post-75320","post","type-post","status-publish","format-standard","has-post-thumbnail","hentry","category-vie-artistique-art-culture","category-breves","category-saint-die-des-vosges","tag-catherine-gangloff","tag-cepagrap","tag-exposition-couples","tag-michel-dejean"],"acf":[],"yoast_head":"<!-- This site is optimized with the Yoast SEO plugin v22.5 - https:\/\/yoast.com\/wordpress\/plugins\/seo\/ -->\n<title>Rencontre artistique avec Catherine Gangloff et Michel Dejean au CEPAGRAP - Saint Die Info<\/title>\n<meta name=\"robots\" content=\"index, follow, max-snippet:-1, max-image-preview:large, max-video-preview:-1\" \/>\n<link rel=\"canonical\" href=\"https:\/\/vosgesinfo.fr\/saintdieinfo\/2025\/03\/rencontre-artistique-avec-catherine-gangloff-et-michel-dejean-au-cepagrap\/\" \/>\n<meta name=\"twitter:card\" content=\"summary_large_image\" \/>\n<meta name=\"twitter:title\" content=\"Rencontre artistique avec Catherine Gangloff et Michel Dejean au CEPAGRAP - Saint Die Info\" \/>\n<meta name=\"twitter:description\" content=\"L&rsquo;Espace des Arts Plastiques CEPAGRAP accueille jusqu&rsquo;au 5 avril l&rsquo;exposition \u00ab\u00a0COUPLE(S)\u00a0\u00bb, une exploration artistique men\u00e9e par les Strasbourgeois Catherine Gangloff [&hellip;]\" \/>\n<meta name=\"twitter:image\" content=\"https:\/\/vosgesinfo.fr\/app\/uploads\/sites\/4\/2025\/03\/rencontre-catherine-gangloff-michel-dejean-cepagrap.jpeg\" \/>\n<meta name=\"twitter:creator\" content=\"@VosgesInfo88\" \/>\n<meta name=\"twitter:site\" content=\"@VosgesInfo88\" \/>\n<meta name=\"twitter:label1\" content=\"\u00c9crit par\" \/>\n\t<meta name=\"twitter:data1\" content=\"J.J.\" \/>\n\t<meta name=\"twitter:label2\" content=\"Dur\u00e9e de lecture estim\u00e9e\" \/>\n\t<meta name=\"twitter:data2\" content=\"1 minute\" \/>\n<script type=\"application\/ld+json\" class=\"yoast-schema-graph\">{\"@context\":\"https:\/\/schema.org\",\"@graph\":[{\"@type\":\"Article\",\"@id\":\"https:\/\/vosgesinfo.fr\/saintdieinfo\/2025\/03\/rencontre-artistique-avec-catherine-gangloff-et-michel-dejean-au-cepagrap\/#article\",\"isPartOf\":{\"@id\":\"https:\/\/vosgesinfo.fr\/saintdieinfo\/2025\/03\/rencontre-artistique-avec-catherine-gangloff-et-michel-dejean-au-cepagrap\/\"},\"author\":{\"name\":\"J.J.\",\"@id\":\"https:\/\/vosgesinfo.fr\/saintdieinfo\/#\/schema\/person\/fa73e9f726d67bb88f46d5b7943cb572\"},\"headline\":\"Rencontre artistique avec Catherine Gangloff et Michel Dejean au CEPAGRAP\",\"datePublished\":\"2025-03-18T17:05:12+00:00\",\"dateModified\":\"2025-03-18T16:49:20+00:00\",\"mainEntityOfPage\":{\"@id\":\"https:\/\/vosgesinfo.fr\/saintdieinfo\/2025\/03\/rencontre-artistique-avec-catherine-gangloff-et-michel-dejean-au-cepagrap\/\"},\"wordCount\":150,\"commentCount\":0,\"publisher\":{\"@id\":\"https:\/\/vosgesinfo.fr\/saintdieinfo\/#organization\"},\"image\":{\"@id\":\"https:\/\/vosgesinfo.fr\/saintdieinfo\/2025\/03\/rencontre-artistique-avec-catherine-gangloff-et-michel-dejean-au-cepagrap\/#primaryimage\"},\"thumbnailUrl\":\"https:\/\/vosgesinfo.fr\/app\/uploads\/sites\/4\/2025\/03\/rencontre-catherine-gangloff-michel-dejean-cepagrap.jpeg\",\"keywords\":[\"Catherine Gangloff\",\"CEPAGRAP\",\"Exposition Couple(s)\",\"Michel Dejean\"],\"articleSection\":[\"Art\",\"Br\u00e8ves\",\"Saint-Di\u00e9-des-Vosges\"],\"inLanguage\":\"fr-FR\",\"potentialAction\":[{\"@type\":\"CommentAction\",\"name\":\"Comment\",\"target\":[\"https:\/\/vosgesinfo.fr\/saintdieinfo\/2025\/03\/rencontre-artistique-avec-catherine-gangloff-et-michel-dejean-au-cepagrap\/#respond\"]}]},{\"@type\":\"WebPage\",\"@id\":\"https:\/\/vosgesinfo.fr\/saintdieinfo\/2025\/03\/rencontre-artistique-avec-catherine-gangloff-et-michel-dejean-au-cepagrap\/\",\"url\":\"https:\/\/vosgesinfo.fr\/saintdieinfo\/2025\/03\/rencontre-artistique-avec-catherine-gangloff-et-michel-dejean-au-cepagrap\/\",\"name\":\"Rencontre artistique avec Catherine Gangloff et Michel Dejean au CEPAGRAP - Saint Die Info\",\"isPartOf\":{\"@id\":\"https:\/\/vosgesinfo.fr\/saintdieinfo\/#website\"},\"primaryImageOfPage\":{\"@id\":\"https:\/\/vosgesinfo.fr\/saintdieinfo\/2025\/03\/rencontre-artistique-avec-catherine-gangloff-et-michel-dejean-au-cepagrap\/#primaryimage\"},\"image\":{\"@id\":\"https:\/\/vosgesinfo.fr\/saintdieinfo\/2025\/03\/rencontre-artistique-avec-catherine-gangloff-et-michel-dejean-au-cepagrap\/#primaryimage\"},\"thumbnailUrl\":\"https:\/\/vosgesinfo.fr\/app\/uploads\/sites\/4\/2025\/03\/rencontre-catherine-gangloff-michel-dejean-cepagrap.jpeg\",\"datePublished\":\"2025-03-18T17:05:12+00:00\",\"dateModified\":\"2025-03-18T16:49:20+00:00\",\"breadcrumb\":{\"@id\":\"https:\/\/vosgesinfo.fr\/saintdieinfo\/2025\/03\/rencontre-artistique-avec-catherine-gangloff-et-michel-dejean-au-cepagrap\/#breadcrumb\"},\"inLanguage\":\"fr-FR\",\"potentialAction\":[{\"@type\":\"ReadAction\",\"target\":[\"https:\/\/vosgesinfo.fr\/saintdieinfo\/2025\/03\/rencontre-artistique-avec-catherine-gangloff-et-michel-dejean-au-cepagrap\/\"]}]},{\"@type\":\"ImageObject\",\"inLanguage\":\"fr-FR\",\"@id\":\"https:\/\/vosgesinfo.fr\/saintdieinfo\/2025\/03\/rencontre-artistique-avec-catherine-gangloff-et-michel-dejean-au-cepagrap\/#primaryimage\",\"url\":\"https:\/\/vosgesinfo.fr\/app\/uploads\/sites\/4\/2025\/03\/rencontre-catherine-gangloff-michel-dejean-cepagrap.jpeg\",\"contentUrl\":\"https:\/\/vosgesinfo.fr\/app\/uploads\/sites\/4\/2025\/03\/rencontre-catherine-gangloff-michel-dejean-cepagrap.jpeg\",\"width\":961,\"height\":1274,\"caption\":\"(Photographie CEPAGRAP)\"},{\"@type\":\"BreadcrumbList\",\"@id\":\"https:\/\/vosgesinfo.fr\/saintdieinfo\/2025\/03\/rencontre-artistique-avec-catherine-gangloff-et-michel-dejean-au-cepagrap\/#breadcrumb\",\"itemListElement\":[{\"@type\":\"ListItem\",\"position\":1,\"name\":\"Home\",\"item\":\"https:\/\/vosgesinfo.fr\/saintdieinfo\/\"},{\"@type\":\"ListItem\",\"position\":2,\"name\":\"Rencontre artistique avec Catherine Gangloff et Michel Dejean au CEPAGRAP\"}]},{\"@type\":\"WebSite\",\"@id\":\"https:\/\/vosgesinfo.fr\/saintdieinfo\/#website\",\"url\":\"https:\/\/vosgesinfo.fr\/saintdieinfo\/\",\"name\":\"Saint Die Info\",\"description\":\"Toute l&#039;actualit\u00e9 de Saint-Di\u00e9-Des-Vosges\",\"publisher\":{\"@id\":\"https:\/\/vosgesinfo.fr\/saintdieinfo\/#organization\"},\"alternateName\":\"Toute l'actualit\u00e9 de Saint-Di\u00e9-Des-Vosges\",\"potentialAction\":[{\"@type\":\"SearchAction\",\"target\":{\"@type\":\"EntryPoint\",\"urlTemplate\":\"https:\/\/vosgesinfo.fr\/saintdieinfo\/?s={search_term_string}\"},\"query-input\":\"required name=search_term_string\"}],\"inLanguage\":\"fr-FR\"},{\"@type\":\"Organization\",\"@id\":\"https:\/\/vosgesinfo.fr\/saintdieinfo\/#organization\",\"name\":\"Saint Die Info\",\"url\":\"https:\/\/vosgesinfo.fr\/saintdieinfo\/\",\"logo\":{\"@type\":\"ImageObject\",\"inLanguage\":\"fr-FR\",\"@id\":\"https:\/\/vosgesinfo.fr\/saintdieinfo\/#\/schema\/logo\/image\/\",\"url\":\"https:\/\/vosgesinfo.fr\/app\/uploads\/sites\/4\/2024\/02\/logo-sdi.jpg\",\"contentUrl\":\"https:\/\/vosgesinfo.fr\/app\/uploads\/sites\/4\/2024\/02\/logo-sdi.jpg\",\"width\":600,\"height\":600,\"caption\":\"Saint Die Info\"},\"image\":{\"@id\":\"https:\/\/vosgesinfo.fr\/saintdieinfo\/#\/schema\/logo\/image\/\"},\"sameAs\":[\"https:\/\/www.facebook.com\/Saintdieinfofr\",\"https:\/\/x.com\/VosgesInfo88\",\"https:\/\/www.youtube.com\/@vosgesinfo\"]},{\"@type\":\"Person\",\"@id\":\"https:\/\/vosgesinfo.fr\/saintdieinfo\/#\/schema\/person\/fa73e9f726d67bb88f46d5b7943cb572\",\"name\":\"J.J.\",\"image\":{\"@type\":\"ImageObject\",\"inLanguage\":\"fr-FR\",\"@id\":\"https:\/\/vosgesinfo.fr\/saintdieinfo\/#\/schema\/person\/image\/\",\"url\":\"https:\/\/secure.gravatar.com\/avatar\/219e749e47ffbcca018a360ae4add7d4cdf1cdaaf8bc7676b27efade3fe65615?s=96&d=mm&r=g\",\"contentUrl\":\"https:\/\/secure.gravatar.com\/avatar\/219e749e47ffbcca018a360ae4add7d4cdf1cdaaf8bc7676b27efade3fe65615?s=96&d=mm&r=g\",\"caption\":\"J.J.\"},\"url\":\"https:\/\/vosgesinfo.fr\/saintdieinfo\/author\/j-j\/\"}]}<\/script>\n<!-- \/ Yoast SEO plugin. -->","yoast_head_json":{"title":"Rencontre artistique avec Catherine Gangloff et Michel Dejean au CEPAGRAP - Saint Die Info","robots":{"index":"index","follow":"follow","max-snippet":"max-snippet:-1","max-image-preview":"max-image-preview:large","max-video-preview":"max-video-preview:-1"},"canonical":"https:\/\/vosgesinfo.fr\/saintdieinfo\/2025\/03\/rencontre-artistique-avec-catherine-gangloff-et-michel-dejean-au-cepagrap\/","twitter_card":"summary_large_image","twitter_title":"Rencontre artistique avec Catherine Gangloff et Michel Dejean au CEPAGRAP - Saint Die Info","twitter_description":"L&rsquo;Espace des Arts Plastiques CEPAGRAP accueille jusqu&rsquo;au 5 avril l&rsquo;exposition \u00ab\u00a0COUPLE(S)\u00a0\u00bb, une exploration artistique men\u00e9e par les Strasbourgeois Catherine Gangloff [&hellip;]","twitter_image":"https:\/\/vosgesinfo.fr\/app\/uploads\/sites\/4\/2025\/03\/rencontre-catherine-gangloff-michel-dejean-cepagrap.jpeg","twitter_creator":"@VosgesInfo88","twitter_site":"@VosgesInfo88","twitter_misc":{"\u00c9crit par":"J.J.","Dur\u00e9e de lecture estim\u00e9e":"1 minute"},"schema":{"@context":"https:\/\/schema.org","@graph":[{"@type":"Article","@id":"https:\/\/vosgesinfo.fr\/saintdieinfo\/2025\/03\/rencontre-artistique-avec-catherine-gangloff-et-michel-dejean-au-cepagrap\/#article","isPartOf":{"@id":"https:\/\/vosgesinfo.fr\/saintdieinfo\/2025\/03\/rencontre-artistique-avec-catherine-gangloff-et-michel-dejean-au-cepagrap\/"},"author":{"name":"J.J.","@id":"https:\/\/vosgesinfo.fr\/saintdieinfo\/#\/schema\/person\/fa73e9f726d67bb88f46d5b7943cb572"},"headline":"Rencontre artistique avec Catherine Gangloff et Michel Dejean au CEPAGRAP","datePublished":"2025-03-18T17:05:12+00:00","dateModified":"2025-03-18T16:49:20+00:00","mainEntityOfPage":{"@id":"https:\/\/vosgesinfo.fr\/saintdieinfo\/2025\/03\/rencontre-artistique-avec-catherine-gangloff-et-michel-dejean-au-cepagrap\/"},"wordCount":150,"commentCount":0,"publisher":{"@id":"https:\/\/vosgesinfo.fr\/saintdieinfo\/#organization"},"image":{"@id":"https:\/\/vosgesinfo.fr\/saintdieinfo\/2025\/03\/rencontre-artistique-avec-catherine-gangloff-et-michel-dejean-au-cepagrap\/#primaryimage"},"thumbnailUrl":"https:\/\/vosgesinfo.fr\/app\/uploads\/sites\/4\/2025\/03\/rencontre-catherine-gangloff-michel-dejean-cepagrap.jpeg","keywords":["Catherine Gangloff","CEPAGRAP","Exposition Couple(s)","Michel Dejean"],"articleSection":["Art","Br\u00e8ves","Saint-Di\u00e9-des-Vosges"],"inLanguage":"fr-FR","potentialAction":[{"@type":"CommentAction","name":"Comment","target":["https:\/\/vosgesinfo.fr\/saintdieinfo\/2025\/03\/rencontre-artistique-avec-catherine-gangloff-et-michel-dejean-au-cepagrap\/#respond"]}]},{"@type":"WebPage","@id":"https:\/\/vosgesinfo.fr\/saintdieinfo\/2025\/03\/rencontre-artistique-avec-catherine-gangloff-et-michel-dejean-au-cepagrap\/","url":"https:\/\/vosgesinfo.fr\/saintdieinfo\/2025\/03\/rencontre-artistique-avec-catherine-gangloff-et-michel-dejean-au-cepagrap\/","name":"Rencontre artistique avec Catherine Gangloff et Michel Dejean au CEPAGRAP - Saint Die Info","isPartOf":{"@id":"https:\/\/vosgesinfo.fr\/saintdieinfo\/#website"},"primaryImageOfPage":{"@id":"https:\/\/vosgesinfo.fr\/saintdieinfo\/2025\/03\/rencontre-artistique-avec-catherine-gangloff-et-michel-dejean-au-cepagrap\/#primaryimage"},"image":{"@id":"https:\/\/vosgesinfo.fr\/saintdieinfo\/2025\/03\/rencontre-artistique-avec-catherine-gangloff-et-michel-dejean-au-cepagrap\/#primaryimage"},"thumbnailUrl":"https:\/\/vosgesinfo.fr\/app\/uploads\/sites\/4\/2025\/03\/rencontre-catherine-gangloff-michel-dejean-cepagrap.jpeg","datePublished":"2025-03-18T17:05:12+00:00","dateModified":"2025-03-18T16:49:20+00:00","breadcrumb":{"@id":"https:\/\/vosgesinfo.fr\/saintdieinfo\/2025\/03\/rencontre-artistique-avec-catherine-gangloff-et-michel-dejean-au-cepagrap\/#breadcrumb"},"inLanguage":"fr-FR","potentialAction":[{"@type":"ReadAction","target":["https:\/\/vosgesinfo.fr\/saintdieinfo\/2025\/03\/rencontre-artistique-avec-catherine-gangloff-et-michel-dejean-au-cepagrap\/"]}]},{"@type":"ImageObject","inLanguage":"fr-FR","@id":"https:\/\/vosgesinfo.fr\/saintdieinfo\/2025\/03\/rencontre-artistique-avec-catherine-gangloff-et-michel-dejean-au-cepagrap\/#primaryimage","url":"https:\/\/vosgesinfo.fr\/app\/uploads\/sites\/4\/2025\/03\/rencontre-catherine-gangloff-michel-dejean-cepagrap.jpeg","contentUrl":"https:\/\/vosgesinfo.fr\/app\/uploads\/sites\/4\/2025\/03\/rencontre-catherine-gangloff-michel-dejean-cepagrap.jpeg","width":961,"height":1274,"caption":"(Photographie CEPAGRAP)"},{"@type":"BreadcrumbList","@id":"https:\/\/vosgesinfo.fr\/saintdieinfo\/2025\/03\/rencontre-artistique-avec-catherine-gangloff-et-michel-dejean-au-cepagrap\/#breadcrumb","itemListElement":[{"@type":"ListItem","position":1,"name":"Home","item":"https:\/\/vosgesinfo.fr\/saintdieinfo\/"},{"@type":"ListItem","position":2,"name":"Rencontre artistique avec Catherine Gangloff et Michel Dejean au CEPAGRAP"}]},{"@type":"WebSite","@id":"https:\/\/vosgesinfo.fr\/saintdieinfo\/#website","url":"https:\/\/vosgesinfo.fr\/saintdieinfo\/","name":"Saint Die Info","description":"Toute l&#039;actualit\u00e9 de Saint-Di\u00e9-Des-Vosges","publisher":{"@id":"https:\/\/vosgesinfo.fr\/saintdieinfo\/#organization"},"alternateName":"Toute l'actualit\u00e9 de Saint-Di\u00e9-Des-Vosges","potentialAction":[{"@type":"SearchAction","target":{"@type":"EntryPoint","urlTemplate":"https:\/\/vosgesinfo.fr\/saintdieinfo\/?s={search_term_string}"},"query-input":"required name=search_term_string"}],"inLanguage":"fr-FR"},{"@type":"Organization","@id":"https:\/\/vosgesinfo.fr\/saintdieinfo\/#organization","name":"Saint Die Info","url":"https:\/\/vosgesinfo.fr\/saintdieinfo\/","logo":{"@type":"ImageObject","inLanguage":"fr-FR","@id":"https:\/\/vosgesinfo.fr\/saintdieinfo\/#\/schema\/logo\/image\/","url":"https:\/\/vosgesinfo.fr\/app\/uploads\/sites\/4\/2024\/02\/logo-sdi.jpg","contentUrl":"https:\/\/vosgesinfo.fr\/app\/uploads\/sites\/4\/2024\/02\/logo-sdi.jpg","width":600,"height":600,"caption":"Saint Die Info"},"image":{"@id":"https:\/\/vosgesinfo.fr\/saintdieinfo\/#\/schema\/logo\/image\/"},"sameAs":["https:\/\/www.facebook.com\/Saintdieinfofr","https:\/\/x.com\/VosgesInfo88","https:\/\/www.youtube.com\/@vosgesinfo"]},{"@type":"Person","@id":"https:\/\/vosgesinfo.fr\/saintdieinfo\/#\/schema\/person\/fa73e9f726d67bb88f46d5b7943cb572","name":"J.J.","image":{"@type":"ImageObject","inLanguage":"fr-FR","@id":"https:\/\/vosgesinfo.fr\/saintdieinfo\/#\/schema\/person\/image\/","url":"https:\/\/secure.gravatar.com\/avatar\/219e749e47ffbcca018a360ae4add7d4cdf1cdaaf8bc7676b27efade3fe65615?s=96&d=mm&r=g","contentUrl":"https:\/\/secure.gravatar.com\/avatar\/219e749e47ffbcca018a360ae4add7d4cdf1cdaaf8bc7676b27efade3fe65615?s=96&d=mm&r=g","caption":"J.J."},"url":"https:\/\/vosgesinfo.fr\/saintdieinfo\/author\/j-j\/"}]}},"_links":{"self":[{"href":"https:\/\/vosgesinfo.fr\/saintdieinfo\/wp-json\/wp\/v2\/posts\/75320","targetHints":{"allow":["GET"]}}],"collection":[{"href":"https:\/\/vosgesinfo.fr\/saintdieinfo\/wp-json\/wp\/v2\/posts"}],"about":[{"href":"https:\/\/vosgesinfo.fr\/saintdieinfo\/wp-json\/wp\/v2\/types\/post"}],"author":[{"embeddable":true,"href":"https:\/\/vosgesinfo.fr\/saintdieinfo\/wp-json\/wp\/v2\/users\/46"}],"replies":[{"embeddable":true,"href":"https:\/\/vosgesinfo.fr\/saintdieinfo\/wp-json\/wp\/v2\/comments?post=75320"}],"version-history":[{"count":1,"href":"https:\/\/vosgesinfo.fr\/saintdieinfo\/wp-json\/wp\/v2\/posts\/75320\/revisions"}],"predecessor-version":[{"id":75327,"href":"https:\/\/vosgesinfo.fr\/saintdieinfo\/wp-json\/wp\/v2\/posts\/75320\/revisions\/75327"}],"wp:featuredmedia":[{"embeddable":true,"href":"https:\/\/vosgesinfo.fr\/saintdieinfo\/wp-json\/wp\/v2\/media\/75326"}],"wp:attachment":[{"href":"https:\/\/vosgesinfo.fr\/saintdieinfo\/wp-json\/wp\/v2\/media?parent=75320"}],"wp:term":[{"taxonomy":"category","embeddable":true,"href":"https:\/\/vosgesinfo.fr\/saintdieinfo\/wp-json\/wp\/v2\/categories?post=75320"},{"taxonomy":"post_tag","embeddable":true,"href":"https:\/\/vosgesinfo.fr\/saintdieinfo\/wp-json\/wp\/v2\/tags?post=75320"}],"curies":[{"name":"wp","href":"https:\/\/api.w.org\/{rel}","templated":true}]}}