{"id":75430,"date":"2025-03-20T15:20:47","date_gmt":"2025-03-20T14:20:47","guid":{"rendered":"https:\/\/vosgesinfo.fr\/saintdieinfo\/?p=75430"},"modified":"2025-03-20T15:03:28","modified_gmt":"2025-03-20T14:03:28","slug":"la-residence-carnot-etudiee-sous-toutes-ses-coutures-par-des-eleves-deodatiens","status":"publish","type":"post","link":"https:\/\/vosgesinfo.fr\/saintdieinfo\/2025\/03\/la-residence-carnot-etudiee-sous-toutes-ses-coutures-par-des-eleves-deodatiens\/","title":{"rendered":"La r\u00e9sidence Carnot \u00e9tudi\u00e9e sous toutes ses coutures par des \u00e9l\u00e8ves d\u00e9odatiens"},"content":{"rendered":"<h3><a href=\"https:\/\/vosgesinfo.fr\/app\/uploads\/sites\/4\/2025\/03\/residence-carnot-college-souhait-2-scaled.jpg\"><img decoding=\"async\" class=\"alignnone size-large wp-image-75432\" src=\"https:\/\/vosgesinfo.fr\/app\/uploads\/sites\/4\/2025\/03\/residence-carnot-college-souhait-2-1024x768.jpg\" alt=\"\" width=\"1024\" height=\"768\" srcset=\"https:\/\/vosgesinfo.fr\/app\/uploads\/sites\/4\/2025\/03\/residence-carnot-college-souhait-2-1024x768.jpg 1024w, https:\/\/vosgesinfo.fr\/app\/uploads\/sites\/4\/2025\/03\/residence-carnot-college-souhait-2-300x225.jpg 300w, https:\/\/vosgesinfo.fr\/app\/uploads\/sites\/4\/2025\/03\/residence-carnot-college-souhait-2-768x576.jpg 768w, https:\/\/vosgesinfo.fr\/app\/uploads\/sites\/4\/2025\/03\/residence-carnot-college-souhait-2-1536x1152.jpg 1536w, https:\/\/vosgesinfo.fr\/app\/uploads\/sites\/4\/2025\/03\/residence-carnot-college-souhait-2-2048x1536.jpg 2048w\" sizes=\"(max-width: 1024px) 100vw, 1024px\" \/><\/a><\/h3>\n<h2>Depuis plusieurs jours et durant <strong>deux semaines<\/strong>, les <strong>165 \u00e9l\u00e8ves des classes de Troisi\u00e8me du coll\u00e8ge Souhait<\/strong> se rendent sur le chantier de la <strong>r\u00e9sidence Carnot<\/strong>, un <strong>immeuble biosourc\u00e9<\/strong> et future vitrine du <strong>Toit Vosgien<\/strong>.<\/h2>\n<p><!--more--><\/p>\n<h3><strong>Un projet p\u00e9dagogique interdisciplinaire<\/strong><\/h3>\n<p>Ces visites s&rsquo;inscrivent dans le cadre d&rsquo;un <strong>projet p\u00e9dagogique<\/strong> encadr\u00e9 par <strong>R\u00e9gis Culot, enseignant en Technologie<\/strong>. Ce projet, qui vise \u00e0 sensibiliser les adolescents aux <strong>enjeux de la construction<\/strong>, int\u00e8gre plusieurs disciplines scolaires : la <strong>Physique, les Math\u00e9matiques, l&rsquo;Histoire-G\u00e9ographie, les Langues et les Arts<\/strong>. Les travaux r\u00e9alis\u00e9s par les \u00e9l\u00e8ves serviront de support pour leur participation au <strong>concours des G\u00e9nies de la Construction 2025<\/strong>, dont la finale se tiendra \u00e0 <strong>Paris le 4 juin prochain<\/strong>.<\/p>\n<h3><strong>Un concours national sur les territoires intelligents<\/strong><\/h3>\n<p>\u00ab Ce concours national est destin\u00e9 aux \u00e9l\u00e8ves de coll\u00e8ge et de lyc\u00e9e, ainsi qu\u2019aux \u00e9tudiants de l\u2019enseignement sup\u00e9rieur. Il permet \u00e9galement de sensibiliser aux<strong> \u00ab territoires intelligents durables et connect\u00e9s \u00bb<\/strong> ancr\u00e9s dans le secteur de la construction de b\u00e2timents et d\u2019infrastructures et au concept plus g\u00e9n\u00e9ral de <strong>\u00ab d\u00e9veloppement durable \u00bb<\/strong> \u00bb, pr\u00e9cise <strong>R\u00e9gis Culot<\/strong>, qui a sollicit\u00e9 <strong>Patrick Schmitt, directeur g\u00e9n\u00e9ral du Toit Vosgien<\/strong>, et <strong>Vincent Chevallier, directeur technique<\/strong>, afin de proposer cet <strong>accompagnement immersif<\/strong> aux coll\u00e9giens.<\/p>\n<h3><strong>Un travail de terrain et une maquette de la r\u00e9sidence Carnot<\/strong><\/h3>\n<p>Ces derniers ont notamment visit\u00e9 le chantier aux c\u00f4t\u00e9s de <strong>l&rsquo;architecte de la r\u00e9sidence Antoine Pagnoux<\/strong> et du <strong>responsable des travaux Micka\u00ebl Marion<\/strong>. En parall\u00e8le des temps sur le terrain, les \u00e9l\u00e8ves r\u00e9alisent une <strong>maquette de la r\u00e9sidence<\/strong>, qui viendra concr\u00e9tiser l&rsquo;ensemble des travaux engag\u00e9s.<\/p>\n<h3><strong>Un immeuble biosourc\u00e9 et bioclimatique de 27 logements<\/strong><\/h3>\n<p>Pour rappel, la <strong>r\u00e9sidence Carnot<\/strong> est un <strong>immeuble de 27 logements sociaux<\/strong>, r\u00e9partis en <strong>20 T3 et 7 T4<\/strong>, pour une surface totale de <strong>2 086 m\u00b2<\/strong>. Ce <strong>b\u00e2timent biosourc\u00e9<\/strong> de grande hauteur est con\u00e7u dans une <strong>d\u00e9marche bioclimatique<\/strong>, avec une <strong>structure en bois<\/strong>, une <strong>isolation en paille locale<\/strong>, des <strong>planchers en bois lamell\u00e9 crois\u00e9<\/strong> ainsi qu&rsquo;une <strong>installation photovolta\u00efque optimis\u00e9e<\/strong> sur un toit inclin\u00e9. La conception de la <strong>r\u00e9sidence Carnot<\/strong> a pour but de <strong>r\u00e9duire au maximum l&#8217;empreinte carbone<\/strong>, tout en garantissant des <strong>charges pr\u00e9visionnelles tr\u00e8s faibles<\/strong> pour les futurs locataires.<\/p>\n<p>J.J.<\/p>\n\n\t\t<style type=\"text\/css\">\n\t\t\t#gallery-1 {\n\t\t\t\tmargin: auto;\n\t\t\t}\n\t\t\t#gallery-1 .gallery-item {\n\t\t\t\tfloat: left;\n\t\t\t\tmargin-top: 10px;\n\t\t\t\ttext-align: center;\n\t\t\t\twidth: 50%;\n\t\t\t}\n\t\t\t#gallery-1 img {\n\t\t\t\tborder: 2px solid #cfcfcf;\n\t\t\t}\n\t\t\t#gallery-1 .gallery-caption {\n\t\t\t\tmargin-left: 0;\n\t\t\t}\n\t\t\t\/* see gallery_shortcode() in wp-includes\/media.php *\/\n\t\t<\/style>\n\t\t<div id='gallery-1' class='gallery galleryid-75430 gallery-columns-2 gallery-size-thumbnail'><dl class='gallery-item'>\n\t\t\t<dt class='gallery-icon landscape'>\n\t\t\t\t<a href='https:\/\/vosgesinfo.fr\/app\/uploads\/sites\/4\/2025\/03\/residence-carnot-college-souhait-1-scaled.jpg'><img decoding=\"async\" width=\"150\" height=\"150\" src=\"https:\/\/vosgesinfo.fr\/app\/uploads\/sites\/4\/2025\/03\/residence-carnot-college-souhait-1-150x150.jpg\" class=\"attachment-thumbnail size-thumbnail\" alt=\"\" \/><\/a>\n\t\t\t<\/dt><\/dl><dl class='gallery-item'>\n\t\t\t<dt class='gallery-icon landscape'>\n\t\t\t\t<a href='https:\/\/vosgesinfo.fr\/app\/uploads\/sites\/4\/2025\/03\/residence-carnot-college-souhait-3-scaled.jpg'><img decoding=\"async\" width=\"150\" height=\"150\" src=\"https:\/\/vosgesinfo.fr\/app\/uploads\/sites\/4\/2025\/03\/residence-carnot-college-souhait-3-150x150.jpg\" class=\"attachment-thumbnail size-thumbnail\" alt=\"\" \/><\/a>\n\t\t\t<\/dt><\/dl><br style=\"clear: both\" \/>\n\t\t<\/div>\n\n","protected":false},"excerpt":{"rendered":"<p>Depuis plusieurs jours et durant deux semaines, les 165 \u00e9l\u00e8ves des classes de Troisi\u00e8me du coll\u00e8ge Souhait se rendent sur [&hellip;]<\/p>\n","protected":false},"author":46,"featured_media":75432,"comment_status":"open","ping_status":"open","sticky":false,"template":"","format":"standard","meta":{"footnotes":""},"categories":[460,6,167],"tags":[4720,16557,4876,3467],"class_list":["post-75430","post","type-post","status-publish","format-standard","has-post-thumbnail","hentry","category-a-la-une","category-education","category-saint-die-des-vosges","tag-college-souhait","tag-genies-de-la-construction-2025","tag-residence-carnot","tag-toit-vosgien"],"acf":[],"yoast_head":"<!-- This site is optimized with the Yoast SEO plugin v22.5 - https:\/\/yoast.com\/wordpress\/plugins\/seo\/ -->\n<title>La r\u00e9sidence Carnot \u00e9tudi\u00e9e sous toutes ses coutures par des \u00e9l\u00e8ves d\u00e9odatiens - Saint Die Info<\/title>\n<meta name=\"robots\" content=\"index, follow, max-snippet:-1, max-image-preview:large, max-video-preview:-1\" \/>\n<link rel=\"canonical\" href=\"https:\/\/vosgesinfo.fr\/saintdieinfo\/2025\/03\/la-residence-carnot-etudiee-sous-toutes-ses-coutures-par-des-eleves-deodatiens\/\" \/>\n<meta name=\"twitter:card\" content=\"summary_large_image\" \/>\n<meta name=\"twitter:title\" content=\"La r\u00e9sidence Carnot \u00e9tudi\u00e9e sous toutes ses coutures par des \u00e9l\u00e8ves d\u00e9odatiens - Saint Die Info\" \/>\n<meta name=\"twitter:description\" content=\"Depuis plusieurs jours et durant deux semaines, les 165 \u00e9l\u00e8ves des classes de Troisi\u00e8me du coll\u00e8ge Souhait se rendent sur [&hellip;]\" \/>\n<meta name=\"twitter:image\" content=\"https:\/\/vosgesinfo.fr\/app\/uploads\/sites\/4\/2025\/03\/residence-carnot-college-souhait-2-scaled.jpg\" \/>\n<meta name=\"twitter:creator\" content=\"@VosgesInfo88\" \/>\n<meta name=\"twitter:site\" content=\"@VosgesInfo88\" \/>\n<meta name=\"twitter:label1\" content=\"\u00c9crit par\" \/>\n\t<meta name=\"twitter:data1\" content=\"J.J.\" \/>\n\t<meta name=\"twitter:label2\" content=\"Dur\u00e9e de lecture estim\u00e9e\" \/>\n\t<meta name=\"twitter:data2\" content=\"2 minutes\" \/>\n<script type=\"application\/ld+json\" class=\"yoast-schema-graph\">{\"@context\":\"https:\/\/schema.org\",\"@graph\":[{\"@type\":\"Article\",\"@id\":\"https:\/\/vosgesinfo.fr\/saintdieinfo\/2025\/03\/la-residence-carnot-etudiee-sous-toutes-ses-coutures-par-des-eleves-deodatiens\/#article\",\"isPartOf\":{\"@id\":\"https:\/\/vosgesinfo.fr\/saintdieinfo\/2025\/03\/la-residence-carnot-etudiee-sous-toutes-ses-coutures-par-des-eleves-deodatiens\/\"},\"author\":{\"name\":\"J.J.\",\"@id\":\"https:\/\/vosgesinfo.fr\/saintdieinfo\/#\/schema\/person\/fa73e9f726d67bb88f46d5b7943cb572\"},\"headline\":\"La r\u00e9sidence Carnot \u00e9tudi\u00e9e sous toutes ses coutures par des \u00e9l\u00e8ves d\u00e9odatiens\",\"datePublished\":\"2025-03-20T14:20:47+00:00\",\"dateModified\":\"2025-03-20T14:03:28+00:00\",\"mainEntityOfPage\":{\"@id\":\"https:\/\/vosgesinfo.fr\/saintdieinfo\/2025\/03\/la-residence-carnot-etudiee-sous-toutes-ses-coutures-par-des-eleves-deodatiens\/\"},\"wordCount\":422,\"commentCount\":0,\"publisher\":{\"@id\":\"https:\/\/vosgesinfo.fr\/saintdieinfo\/#organization\"},\"image\":{\"@id\":\"https:\/\/vosgesinfo.fr\/saintdieinfo\/2025\/03\/la-residence-carnot-etudiee-sous-toutes-ses-coutures-par-des-eleves-deodatiens\/#primaryimage\"},\"thumbnailUrl\":\"https:\/\/vosgesinfo.fr\/app\/uploads\/sites\/4\/2025\/03\/residence-carnot-college-souhait-2-scaled.jpg\",\"keywords\":[\"Coll\u00e8ge Souhait\",\"G\u00e9nies de la Construction 2025\",\"R\u00e9sidence Carnot\",\"Toit Vosgien\"],\"articleSection\":[\"A la Une\",\"\u00c9ducation\",\"Saint-Di\u00e9-des-Vosges\"],\"inLanguage\":\"fr-FR\",\"potentialAction\":[{\"@type\":\"CommentAction\",\"name\":\"Comment\",\"target\":[\"https:\/\/vosgesinfo.fr\/saintdieinfo\/2025\/03\/la-residence-carnot-etudiee-sous-toutes-ses-coutures-par-des-eleves-deodatiens\/#respond\"]}]},{\"@type\":\"WebPage\",\"@id\":\"https:\/\/vosgesinfo.fr\/saintdieinfo\/2025\/03\/la-residence-carnot-etudiee-sous-toutes-ses-coutures-par-des-eleves-deodatiens\/\",\"url\":\"https:\/\/vosgesinfo.fr\/saintdieinfo\/2025\/03\/la-residence-carnot-etudiee-sous-toutes-ses-coutures-par-des-eleves-deodatiens\/\",\"name\":\"La r\u00e9sidence Carnot \u00e9tudi\u00e9e sous toutes ses coutures par des \u00e9l\u00e8ves d\u00e9odatiens - Saint Die Info\",\"isPartOf\":{\"@id\":\"https:\/\/vosgesinfo.fr\/saintdieinfo\/#website\"},\"primaryImageOfPage\":{\"@id\":\"https:\/\/vosgesinfo.fr\/saintdieinfo\/2025\/03\/la-residence-carnot-etudiee-sous-toutes-ses-coutures-par-des-eleves-deodatiens\/#primaryimage\"},\"image\":{\"@id\":\"https:\/\/vosgesinfo.fr\/saintdieinfo\/2025\/03\/la-residence-carnot-etudiee-sous-toutes-ses-coutures-par-des-eleves-deodatiens\/#primaryimage\"},\"thumbnailUrl\":\"https:\/\/vosgesinfo.fr\/app\/uploads\/sites\/4\/2025\/03\/residence-carnot-college-souhait-2-scaled.jpg\",\"datePublished\":\"2025-03-20T14:20:47+00:00\",\"dateModified\":\"2025-03-20T14:03:28+00:00\",\"breadcrumb\":{\"@id\":\"https:\/\/vosgesinfo.fr\/saintdieinfo\/2025\/03\/la-residence-carnot-etudiee-sous-toutes-ses-coutures-par-des-eleves-deodatiens\/#breadcrumb\"},\"inLanguage\":\"fr-FR\",\"potentialAction\":[{\"@type\":\"ReadAction\",\"target\":[\"https:\/\/vosgesinfo.fr\/saintdieinfo\/2025\/03\/la-residence-carnot-etudiee-sous-toutes-ses-coutures-par-des-eleves-deodatiens\/\"]}]},{\"@type\":\"ImageObject\",\"inLanguage\":\"fr-FR\",\"@id\":\"https:\/\/vosgesinfo.fr\/saintdieinfo\/2025\/03\/la-residence-carnot-etudiee-sous-toutes-ses-coutures-par-des-eleves-deodatiens\/#primaryimage\",\"url\":\"https:\/\/vosgesinfo.fr\/app\/uploads\/sites\/4\/2025\/03\/residence-carnot-college-souhait-2-scaled.jpg\",\"contentUrl\":\"https:\/\/vosgesinfo.fr\/app\/uploads\/sites\/4\/2025\/03\/residence-carnot-college-souhait-2-scaled.jpg\",\"width\":2560,\"height\":1920},{\"@type\":\"BreadcrumbList\",\"@id\":\"https:\/\/vosgesinfo.fr\/saintdieinfo\/2025\/03\/la-residence-carnot-etudiee-sous-toutes-ses-coutures-par-des-eleves-deodatiens\/#breadcrumb\",\"itemListElement\":[{\"@type\":\"ListItem\",\"position\":1,\"name\":\"Home\",\"item\":\"https:\/\/vosgesinfo.fr\/saintdieinfo\/\"},{\"@type\":\"ListItem\",\"position\":2,\"name\":\"La r\u00e9sidence Carnot \u00e9tudi\u00e9e sous toutes ses coutures par des \u00e9l\u00e8ves d\u00e9odatiens\"}]},{\"@type\":\"WebSite\",\"@id\":\"https:\/\/vosgesinfo.fr\/saintdieinfo\/#website\",\"url\":\"https:\/\/vosgesinfo.fr\/saintdieinfo\/\",\"name\":\"Saint Die Info\",\"description\":\"Toute l&#039;actualit\u00e9 de Saint-Di\u00e9-Des-Vosges\",\"publisher\":{\"@id\":\"https:\/\/vosgesinfo.fr\/saintdieinfo\/#organization\"},\"alternateName\":\"Toute l'actualit\u00e9 de Saint-Di\u00e9-Des-Vosges\",\"potentialAction\":[{\"@type\":\"SearchAction\",\"target\":{\"@type\":\"EntryPoint\",\"urlTemplate\":\"https:\/\/vosgesinfo.fr\/saintdieinfo\/?s={search_term_string}\"},\"query-input\":\"required name=search_term_string\"}],\"inLanguage\":\"fr-FR\"},{\"@type\":\"Organization\",\"@id\":\"https:\/\/vosgesinfo.fr\/saintdieinfo\/#organization\",\"name\":\"Saint Die Info\",\"url\":\"https:\/\/vosgesinfo.fr\/saintdieinfo\/\",\"logo\":{\"@type\":\"ImageObject\",\"inLanguage\":\"fr-FR\",\"@id\":\"https:\/\/vosgesinfo.fr\/saintdieinfo\/#\/schema\/logo\/image\/\",\"url\":\"https:\/\/vosgesinfo.fr\/app\/uploads\/sites\/4\/2024\/02\/logo-sdi.jpg\",\"contentUrl\":\"https:\/\/vosgesinfo.fr\/app\/uploads\/sites\/4\/2024\/02\/logo-sdi.jpg\",\"width\":600,\"height\":600,\"caption\":\"Saint Die Info\"},\"image\":{\"@id\":\"https:\/\/vosgesinfo.fr\/saintdieinfo\/#\/schema\/logo\/image\/\"},\"sameAs\":[\"https:\/\/www.facebook.com\/Saintdieinfofr\",\"https:\/\/x.com\/VosgesInfo88\",\"https:\/\/www.youtube.com\/@vosgesinfo\"]},{\"@type\":\"Person\",\"@id\":\"https:\/\/vosgesinfo.fr\/saintdieinfo\/#\/schema\/person\/fa73e9f726d67bb88f46d5b7943cb572\",\"name\":\"J.J.\",\"image\":{\"@type\":\"ImageObject\",\"inLanguage\":\"fr-FR\",\"@id\":\"https:\/\/vosgesinfo.fr\/saintdieinfo\/#\/schema\/person\/image\/\",\"url\":\"https:\/\/secure.gravatar.com\/avatar\/219e749e47ffbcca018a360ae4add7d4cdf1cdaaf8bc7676b27efade3fe65615?s=96&d=mm&r=g\",\"contentUrl\":\"https:\/\/secure.gravatar.com\/avatar\/219e749e47ffbcca018a360ae4add7d4cdf1cdaaf8bc7676b27efade3fe65615?s=96&d=mm&r=g\",\"caption\":\"J.J.\"},\"url\":\"https:\/\/vosgesinfo.fr\/saintdieinfo\/author\/j-j\/\"}]}<\/script>\n<!-- \/ Yoast SEO plugin. -->","yoast_head_json":{"title":"La r\u00e9sidence Carnot \u00e9tudi\u00e9e sous toutes ses coutures par des \u00e9l\u00e8ves d\u00e9odatiens - Saint Die Info","robots":{"index":"index","follow":"follow","max-snippet":"max-snippet:-1","max-image-preview":"max-image-preview:large","max-video-preview":"max-video-preview:-1"},"canonical":"https:\/\/vosgesinfo.fr\/saintdieinfo\/2025\/03\/la-residence-carnot-etudiee-sous-toutes-ses-coutures-par-des-eleves-deodatiens\/","twitter_card":"summary_large_image","twitter_title":"La r\u00e9sidence Carnot \u00e9tudi\u00e9e sous toutes ses coutures par des \u00e9l\u00e8ves d\u00e9odatiens - Saint Die Info","twitter_description":"Depuis plusieurs jours et durant deux semaines, les 165 \u00e9l\u00e8ves des classes de Troisi\u00e8me du coll\u00e8ge Souhait se rendent sur [&hellip;]","twitter_image":"https:\/\/vosgesinfo.fr\/app\/uploads\/sites\/4\/2025\/03\/residence-carnot-college-souhait-2-scaled.jpg","twitter_creator":"@VosgesInfo88","twitter_site":"@VosgesInfo88","twitter_misc":{"\u00c9crit par":"J.J.","Dur\u00e9e de lecture estim\u00e9e":"2 minutes"},"schema":{"@context":"https:\/\/schema.org","@graph":[{"@type":"Article","@id":"https:\/\/vosgesinfo.fr\/saintdieinfo\/2025\/03\/la-residence-carnot-etudiee-sous-toutes-ses-coutures-par-des-eleves-deodatiens\/#article","isPartOf":{"@id":"https:\/\/vosgesinfo.fr\/saintdieinfo\/2025\/03\/la-residence-carnot-etudiee-sous-toutes-ses-coutures-par-des-eleves-deodatiens\/"},"author":{"name":"J.J.","@id":"https:\/\/vosgesinfo.fr\/saintdieinfo\/#\/schema\/person\/fa73e9f726d67bb88f46d5b7943cb572"},"headline":"La r\u00e9sidence Carnot \u00e9tudi\u00e9e sous toutes ses coutures par des \u00e9l\u00e8ves d\u00e9odatiens","datePublished":"2025-03-20T14:20:47+00:00","dateModified":"2025-03-20T14:03:28+00:00","mainEntityOfPage":{"@id":"https:\/\/vosgesinfo.fr\/saintdieinfo\/2025\/03\/la-residence-carnot-etudiee-sous-toutes-ses-coutures-par-des-eleves-deodatiens\/"},"wordCount":422,"commentCount":0,"publisher":{"@id":"https:\/\/vosgesinfo.fr\/saintdieinfo\/#organization"},"image":{"@id":"https:\/\/vosgesinfo.fr\/saintdieinfo\/2025\/03\/la-residence-carnot-etudiee-sous-toutes-ses-coutures-par-des-eleves-deodatiens\/#primaryimage"},"thumbnailUrl":"https:\/\/vosgesinfo.fr\/app\/uploads\/sites\/4\/2025\/03\/residence-carnot-college-souhait-2-scaled.jpg","keywords":["Coll\u00e8ge Souhait","G\u00e9nies de la Construction 2025","R\u00e9sidence Carnot","Toit Vosgien"],"articleSection":["A la Une","\u00c9ducation","Saint-Di\u00e9-des-Vosges"],"inLanguage":"fr-FR","potentialAction":[{"@type":"CommentAction","name":"Comment","target":["https:\/\/vosgesinfo.fr\/saintdieinfo\/2025\/03\/la-residence-carnot-etudiee-sous-toutes-ses-coutures-par-des-eleves-deodatiens\/#respond"]}]},{"@type":"WebPage","@id":"https:\/\/vosgesinfo.fr\/saintdieinfo\/2025\/03\/la-residence-carnot-etudiee-sous-toutes-ses-coutures-par-des-eleves-deodatiens\/","url":"https:\/\/vosgesinfo.fr\/saintdieinfo\/2025\/03\/la-residence-carnot-etudiee-sous-toutes-ses-coutures-par-des-eleves-deodatiens\/","name":"La r\u00e9sidence Carnot \u00e9tudi\u00e9e sous toutes ses coutures par des \u00e9l\u00e8ves d\u00e9odatiens - Saint Die Info","isPartOf":{"@id":"https:\/\/vosgesinfo.fr\/saintdieinfo\/#website"},"primaryImageOfPage":{"@id":"https:\/\/vosgesinfo.fr\/saintdieinfo\/2025\/03\/la-residence-carnot-etudiee-sous-toutes-ses-coutures-par-des-eleves-deodatiens\/#primaryimage"},"image":{"@id":"https:\/\/vosgesinfo.fr\/saintdieinfo\/2025\/03\/la-residence-carnot-etudiee-sous-toutes-ses-coutures-par-des-eleves-deodatiens\/#primaryimage"},"thumbnailUrl":"https:\/\/vosgesinfo.fr\/app\/uploads\/sites\/4\/2025\/03\/residence-carnot-college-souhait-2-scaled.jpg","datePublished":"2025-03-20T14:20:47+00:00","dateModified":"2025-03-20T14:03:28+00:00","breadcrumb":{"@id":"https:\/\/vosgesinfo.fr\/saintdieinfo\/2025\/03\/la-residence-carnot-etudiee-sous-toutes-ses-coutures-par-des-eleves-deodatiens\/#breadcrumb"},"inLanguage":"fr-FR","potentialAction":[{"@type":"ReadAction","target":["https:\/\/vosgesinfo.fr\/saintdieinfo\/2025\/03\/la-residence-carnot-etudiee-sous-toutes-ses-coutures-par-des-eleves-deodatiens\/"]}]},{"@type":"ImageObject","inLanguage":"fr-FR","@id":"https:\/\/vosgesinfo.fr\/saintdieinfo\/2025\/03\/la-residence-carnot-etudiee-sous-toutes-ses-coutures-par-des-eleves-deodatiens\/#primaryimage","url":"https:\/\/vosgesinfo.fr\/app\/uploads\/sites\/4\/2025\/03\/residence-carnot-college-souhait-2-scaled.jpg","contentUrl":"https:\/\/vosgesinfo.fr\/app\/uploads\/sites\/4\/2025\/03\/residence-carnot-college-souhait-2-scaled.jpg","width":2560,"height":1920},{"@type":"BreadcrumbList","@id":"https:\/\/vosgesinfo.fr\/saintdieinfo\/2025\/03\/la-residence-carnot-etudiee-sous-toutes-ses-coutures-par-des-eleves-deodatiens\/#breadcrumb","itemListElement":[{"@type":"ListItem","position":1,"name":"Home","item":"https:\/\/vosgesinfo.fr\/saintdieinfo\/"},{"@type":"ListItem","position":2,"name":"La r\u00e9sidence Carnot \u00e9tudi\u00e9e sous toutes ses coutures par des \u00e9l\u00e8ves d\u00e9odatiens"}]},{"@type":"WebSite","@id":"https:\/\/vosgesinfo.fr\/saintdieinfo\/#website","url":"https:\/\/vosgesinfo.fr\/saintdieinfo\/","name":"Saint Die Info","description":"Toute l&#039;actualit\u00e9 de Saint-Di\u00e9-Des-Vosges","publisher":{"@id":"https:\/\/vosgesinfo.fr\/saintdieinfo\/#organization"},"alternateName":"Toute l'actualit\u00e9 de Saint-Di\u00e9-Des-Vosges","potentialAction":[{"@type":"SearchAction","target":{"@type":"EntryPoint","urlTemplate":"https:\/\/vosgesinfo.fr\/saintdieinfo\/?s={search_term_string}"},"query-input":"required name=search_term_string"}],"inLanguage":"fr-FR"},{"@type":"Organization","@id":"https:\/\/vosgesinfo.fr\/saintdieinfo\/#organization","name":"Saint Die Info","url":"https:\/\/vosgesinfo.fr\/saintdieinfo\/","logo":{"@type":"ImageObject","inLanguage":"fr-FR","@id":"https:\/\/vosgesinfo.fr\/saintdieinfo\/#\/schema\/logo\/image\/","url":"https:\/\/vosgesinfo.fr\/app\/uploads\/sites\/4\/2024\/02\/logo-sdi.jpg","contentUrl":"https:\/\/vosgesinfo.fr\/app\/uploads\/sites\/4\/2024\/02\/logo-sdi.jpg","width":600,"height":600,"caption":"Saint Die Info"},"image":{"@id":"https:\/\/vosgesinfo.fr\/saintdieinfo\/#\/schema\/logo\/image\/"},"sameAs":["https:\/\/www.facebook.com\/Saintdieinfofr","https:\/\/x.com\/VosgesInfo88","https:\/\/www.youtube.com\/@vosgesinfo"]},{"@type":"Person","@id":"https:\/\/vosgesinfo.fr\/saintdieinfo\/#\/schema\/person\/fa73e9f726d67bb88f46d5b7943cb572","name":"J.J.","image":{"@type":"ImageObject","inLanguage":"fr-FR","@id":"https:\/\/vosgesinfo.fr\/saintdieinfo\/#\/schema\/person\/image\/","url":"https:\/\/secure.gravatar.com\/avatar\/219e749e47ffbcca018a360ae4add7d4cdf1cdaaf8bc7676b27efade3fe65615?s=96&d=mm&r=g","contentUrl":"https:\/\/secure.gravatar.com\/avatar\/219e749e47ffbcca018a360ae4add7d4cdf1cdaaf8bc7676b27efade3fe65615?s=96&d=mm&r=g","caption":"J.J."},"url":"https:\/\/vosgesinfo.fr\/saintdieinfo\/author\/j-j\/"}]}},"_links":{"self":[{"href":"https:\/\/vosgesinfo.fr\/saintdieinfo\/wp-json\/wp\/v2\/posts\/75430","targetHints":{"allow":["GET"]}}],"collection":[{"href":"https:\/\/vosgesinfo.fr\/saintdieinfo\/wp-json\/wp\/v2\/posts"}],"about":[{"href":"https:\/\/vosgesinfo.fr\/saintdieinfo\/wp-json\/wp\/v2\/types\/post"}],"author":[{"embeddable":true,"href":"https:\/\/vosgesinfo.fr\/saintdieinfo\/wp-json\/wp\/v2\/users\/46"}],"replies":[{"embeddable":true,"href":"https:\/\/vosgesinfo.fr\/saintdieinfo\/wp-json\/wp\/v2\/comments?post=75430"}],"version-history":[{"count":1,"href":"https:\/\/vosgesinfo.fr\/saintdieinfo\/wp-json\/wp\/v2\/posts\/75430\/revisions"}],"predecessor-version":[{"id":75442,"href":"https:\/\/vosgesinfo.fr\/saintdieinfo\/wp-json\/wp\/v2\/posts\/75430\/revisions\/75442"}],"wp:featuredmedia":[{"embeddable":true,"href":"https:\/\/vosgesinfo.fr\/saintdieinfo\/wp-json\/wp\/v2\/media\/75432"}],"wp:attachment":[{"href":"https:\/\/vosgesinfo.fr\/saintdieinfo\/wp-json\/wp\/v2\/media?parent=75430"}],"wp:term":[{"taxonomy":"category","embeddable":true,"href":"https:\/\/vosgesinfo.fr\/saintdieinfo\/wp-json\/wp\/v2\/categories?post=75430"},{"taxonomy":"post_tag","embeddable":true,"href":"https:\/\/vosgesinfo.fr\/saintdieinfo\/wp-json\/wp\/v2\/tags?post=75430"}],"curies":[{"name":"wp","href":"https:\/\/api.w.org\/{rel}","templated":true}]}}