{"id":75451,"date":"2025-03-20T17:45:42","date_gmt":"2025-03-20T16:45:42","guid":{"rendered":"https:\/\/vosgesinfo.fr\/saintdieinfo\/?p=75451"},"modified":"2025-10-28T10:42:30","modified_gmt":"2025-10-28T09:42:30","slug":"le-salon-habitat-deco-de-saint-die-des-vosges-fait-sa-dixieme-edition","status":"publish","type":"post","link":"https:\/\/vosgesinfo.fr\/saintdieinfo\/2025\/03\/le-salon-habitat-deco-de-saint-die-des-vosges-fait-sa-dixieme-edition\/","title":{"rendered":"Le salon Habitat D\u00e9co de Saint-Di\u00e9-des-Vosges fait sa dixi\u00e8me \u00e9dition"},"content":{"rendered":"<div id=\"attachment_47993\" style=\"width: 1034px\" class=\"wp-caption alignnone\"><a href=\"https:\/\/vosgesinfo.fr\/app\/uploads\/sites\/4\/2024\/08\/201703inauguration-salon-habitat-deco-08.jpg\"><img decoding=\"async\" aria-describedby=\"caption-attachment-47993\" class=\"size-full wp-image-47993\" src=\"https:\/\/vosgesinfo.fr\/app\/uploads\/sites\/4\/2024\/08\/201703inauguration-salon-habitat-deco-08.jpg\" alt=\"\" width=\"1024\" height=\"683\" srcset=\"https:\/\/vosgesinfo.fr\/app\/uploads\/sites\/4\/2024\/08\/201703inauguration-salon-habitat-deco-08.jpg 1024w, https:\/\/vosgesinfo.fr\/app\/uploads\/sites\/4\/2024\/08\/201703inauguration-salon-habitat-deco-08-300x200.jpg 300w, https:\/\/vosgesinfo.fr\/app\/uploads\/sites\/4\/2024\/08\/201703inauguration-salon-habitat-deco-08-768x512.jpg 768w\" sizes=\"(max-width: 1024px) 100vw, 1024px\" \/><\/a><p id=\"caption-attachment-47993\" class=\"wp-caption-text\">(Archive)<\/p><\/div>\n<h2>Le <strong>salon Habitat D\u00e9co de Saint-Di\u00e9-des-Vosges<\/strong> souffle sa <strong>dixi\u00e8me bougie<\/strong> cette ann\u00e9e. Son \u00e9dition <strong>2025<\/strong> est d\u00e9sormais imminente, puisqu&rsquo;elle se d\u00e9roulera les <strong>vendredi 28, samedi 29 et dimanche 30 mars<\/strong> sous un <strong>grand chapiteau chauff\u00e9 de 1 400 m\u00b2<\/strong>, qui sera de nouveau install\u00e9 sur la <strong>place de la Premi\u00e8re Arm\u00e9e<\/strong>.<\/h2>\n<h3><strong>Une cinquante d&rsquo;exposants, des Vosges et de la D\u00e9odatie<\/strong><\/h3>\n<p>Sur place, de <strong>14 h \u00e0 19 h vendredi<\/strong>, puis de <strong>10 h \u00e0 19 h samedi et dimanche<\/strong>, c&rsquo;est une <strong>cinquantaine d&rsquo;exposants originaires des Vosges<\/strong>, dont la grande majorit\u00e9 de la <strong>D\u00e9odatie<\/strong>, qui informeront, renseigneront et \u00e9changeront avec les <strong>5 000 visiteurs attendus<\/strong> au fil du salon.<\/p>\n<p>\u00ab Aujourd&rsquo;hui, le <strong>salon Habitat D\u00e9co<\/strong> a trouv\u00e9 sa place et son mode de fonctionnement. On a une grande fid\u00e9lit\u00e9 de nos exposants, qui nous font confiance depuis des ann\u00e9es. En sachant qu&rsquo;on accueille essentiellement des <strong>PME, TPE et des artisans<\/strong>, dont le m\u00e9tier n&rsquo;est pas de vendre mais de faire. Ce sont des professionnels qui, souvent, n&rsquo;ont pas de <strong>showroom<\/strong> ni de <strong>point de vente<\/strong>. Le salon est donc l&rsquo;opportunit\u00e9 de briller et de mettre en avant leur <strong>savoir-faire<\/strong> \u00bb, souligne <strong>Jean-Philippe Foucat, organisateur du salon Habitat D\u00e9co de Saint-Di\u00e9-des-Vosges<\/strong>, qui remercie la Ville pour son soutien logistique.<\/p>\n<p>Ce dernier pr\u00e9cise \u00e9galement que le <strong>chiffre d&rsquo;affaires<\/strong> r\u00e9alis\u00e9 sur les <strong>deux jours et demi du salon<\/strong> est estim\u00e9 entre <strong>1,2 et 1,6 million d&rsquo;euros<\/strong>. \u00ab Des <strong>fondations aux finitions<\/strong>, de <strong>l&rsquo;int\u00e9rieur \u00e0 l&rsquo;ext\u00e9rieur<\/strong>, les <strong>visiteurs<\/strong> pourront retrouver <strong>tous les m\u00e9tiers sur le salon<\/strong>. L&rsquo;id\u00e9e \u00e9tant de proposer <strong>le spectre le plus large possible<\/strong> de m\u00e9tiers repr\u00e9sent\u00e9s. \u00bb<\/p>\n<h3><strong>Un portrait complet de l&rsquo;habitation, de la r\u00e9novation \u00e0 la construction<\/strong><\/h3>\n<p>Toiture, ma\u00e7onnerie, isolation, chauffage, carrelage, fen\u00eatres, terrasses&#8230; cette <strong>dixi\u00e8me \u00e9dition d\u00e9odatienne<\/strong> brossera un <strong>portrait complet de l&rsquo;habitation<\/strong>, \u00e0 l&rsquo;heure o\u00f9 la <strong>tendance<\/strong> est davantage \u00e0 la <strong>r\u00e9novation<\/strong> qu&rsquo;\u00e0 la <strong>construction<\/strong>. C&rsquo;est en ce sens que les <strong>entreprises \u00ab L&rsquo;Art du B\u00e2timent \u00bb d&rsquo;Anould<\/strong> et <strong>\u00ab Sablage des Vosges \u00bb de Raves<\/strong> seront pr\u00e9sentes sur le salon.<\/p>\n<p>\u00c0 noter \u00e9galement la pr\u00e9sence d&rsquo;un <strong>tailleur de pierre<\/strong>, qui travaillera sous les yeux des visiteurs, et d&rsquo;une <strong>start-up d\u00e9odatienne<\/strong> qui proposera des d\u00e9monstrations \u00e0 partir d&rsquo;une <strong>imprimante 3D<\/strong>. Pour la partie <strong>conseil<\/strong>, on retrouvera notamment la <strong>P\u00e9pini\u00e8re d&rsquo;Entreprises de Saint-Di\u00e9-des-Vosges<\/strong> et la <strong>Maison de l&rsquo;Habitat et de l&rsquo;\u00c9nergie<\/strong>, de la <strong>Communaut\u00e9 d&rsquo;Agglom\u00e9ration<\/strong>.<\/p>\n<h3><strong>Une entr\u00e9e toujours gratuite<\/strong><\/h3>\n<p>L&rsquo;<strong>inauguration du salon Habitat D\u00e9co de Saint-Di\u00e9-des-Vosges 2025<\/strong> se tiendra <strong>vendredi prochain en fin d&rsquo;apr\u00e8s-midi, \u00e0 17 h 30<\/strong>. L&rsquo;entr\u00e9e durant les trois jours reste, comme les ann\u00e9es pr\u00e9c\u00e9dentes, <strong>gratuite et ouverte \u00e0 tous<\/strong>.<\/p>\n<p><a href=\"https:\/\/vosgesinfo.fr\/app\/uploads\/sites\/4\/2025\/03\/salon-habitat-deco-sddv-2025.png\"><img decoding=\"async\" class=\"alignnone size-large wp-image-75457\" src=\"https:\/\/vosgesinfo.fr\/app\/uploads\/sites\/4\/2025\/03\/salon-habitat-deco-sddv-2025-1024x682.png\" alt=\"\" width=\"1024\" height=\"682\" srcset=\"https:\/\/vosgesinfo.fr\/app\/uploads\/sites\/4\/2025\/03\/salon-habitat-deco-sddv-2025-1024x682.png 1024w, https:\/\/vosgesinfo.fr\/app\/uploads\/sites\/4\/2025\/03\/salon-habitat-deco-sddv-2025-300x200.png 300w, https:\/\/vosgesinfo.fr\/app\/uploads\/sites\/4\/2025\/03\/salon-habitat-deco-sddv-2025-768x512.png 768w, https:\/\/vosgesinfo.fr\/app\/uploads\/sites\/4\/2025\/03\/salon-habitat-deco-sddv-2025-1536x1023.png 1536w, https:\/\/vosgesinfo.fr\/app\/uploads\/sites\/4\/2025\/03\/salon-habitat-deco-sddv-2025.png 1923w\" sizes=\"(max-width: 1024px) 100vw, 1024px\" \/><\/a><\/p>\n","protected":false},"excerpt":{"rendered":"<p>Le salon Habitat D\u00e9co de Saint-Di\u00e9-des-Vosges souffle sa dixi\u00e8me bougie cette ann\u00e9e. Son \u00e9dition 2025 est d\u00e9sormais imminente, puisqu&rsquo;elle se [&hellip;]<\/p>\n","protected":false},"author":46,"featured_media":47993,"comment_status":"open","ping_status":"open","sticky":false,"template":"","format":"standard","meta":{"footnotes":""},"categories":[460,167,2915],"tags":[16560,6656,16559],"class_list":["post-75451","post","type-post","status-publish","format-standard","has-post-thumbnail","hentry","category-a-la-une","category-saint-die-des-vosges","category-saint-die-son-canton","tag-dixieme-salon-habitat-deco-de-saint-die-des-vosges","tag-place-de-la-premiere-armee","tag-salon-habitat-deco-de-saint-die-des-vosges"],"acf":[],"yoast_head":"<!-- This site is optimized with the Yoast SEO plugin v22.5 - https:\/\/yoast.com\/wordpress\/plugins\/seo\/ -->\n<title>Le salon Habitat D\u00e9co de Saint-Di\u00e9-des-Vosges fait sa dixi\u00e8me \u00e9dition - Saint Die Info<\/title>\n<meta name=\"robots\" content=\"index, follow, max-snippet:-1, max-image-preview:large, max-video-preview:-1\" \/>\n<link rel=\"canonical\" href=\"https:\/\/vosgesinfo.fr\/saintdieinfo\/2025\/03\/le-salon-habitat-deco-de-saint-die-des-vosges-fait-sa-dixieme-edition\/\" \/>\n<meta name=\"twitter:card\" content=\"summary_large_image\" \/>\n<meta name=\"twitter:title\" content=\"Le salon Habitat D\u00e9co de Saint-Di\u00e9-des-Vosges fait sa dixi\u00e8me \u00e9dition - Saint Die Info\" \/>\n<meta name=\"twitter:description\" content=\"Le salon Habitat D\u00e9co de Saint-Di\u00e9-des-Vosges souffle sa dixi\u00e8me bougie cette ann\u00e9e. Son \u00e9dition 2025 est d\u00e9sormais imminente, puisqu&rsquo;elle se [&hellip;]\" \/>\n<meta name=\"twitter:image\" content=\"https:\/\/vosgesinfo.fr\/app\/uploads\/sites\/4\/2024\/08\/201703inauguration-salon-habitat-deco-08.jpg\" \/>\n<meta name=\"twitter:creator\" content=\"@VosgesInfo88\" \/>\n<meta name=\"twitter:site\" content=\"@VosgesInfo88\" \/>\n<meta name=\"twitter:label1\" content=\"\u00c9crit par\" \/>\n\t<meta name=\"twitter:data1\" content=\"J.J.\" \/>\n\t<meta name=\"twitter:label2\" content=\"Dur\u00e9e de lecture estim\u00e9e\" \/>\n\t<meta name=\"twitter:data2\" content=\"3 minutes\" \/>\n<script type=\"application\/ld+json\" class=\"yoast-schema-graph\">{\"@context\":\"https:\/\/schema.org\",\"@graph\":[{\"@type\":\"Article\",\"@id\":\"https:\/\/vosgesinfo.fr\/saintdieinfo\/2025\/03\/le-salon-habitat-deco-de-saint-die-des-vosges-fait-sa-dixieme-edition\/#article\",\"isPartOf\":{\"@id\":\"https:\/\/vosgesinfo.fr\/saintdieinfo\/2025\/03\/le-salon-habitat-deco-de-saint-die-des-vosges-fait-sa-dixieme-edition\/\"},\"author\":{\"name\":\"J.J.\",\"@id\":\"https:\/\/vosgesinfo.fr\/saintdieinfo\/#\/schema\/person\/fa73e9f726d67bb88f46d5b7943cb572\"},\"headline\":\"Le salon Habitat D\u00e9co de Saint-Di\u00e9-des-Vosges fait sa dixi\u00e8me \u00e9dition\",\"datePublished\":\"2025-03-20T16:45:42+00:00\",\"dateModified\":\"2025-10-28T09:42:30+00:00\",\"mainEntityOfPage\":{\"@id\":\"https:\/\/vosgesinfo.fr\/saintdieinfo\/2025\/03\/le-salon-habitat-deco-de-saint-die-des-vosges-fait-sa-dixieme-edition\/\"},\"wordCount\":487,\"commentCount\":0,\"publisher\":{\"@id\":\"https:\/\/vosgesinfo.fr\/saintdieinfo\/#organization\"},\"image\":{\"@id\":\"https:\/\/vosgesinfo.fr\/saintdieinfo\/2025\/03\/le-salon-habitat-deco-de-saint-die-des-vosges-fait-sa-dixieme-edition\/#primaryimage\"},\"thumbnailUrl\":\"https:\/\/vosgesinfo.fr\/app\/uploads\/sites\/4\/2024\/08\/201703inauguration-salon-habitat-deco-08.jpg\",\"keywords\":[\"Dixi\u00e8me salon Habitat D\u00e9co de Saint-Di\u00e9-des-Vosges\",\"Place de la Premi\u00e8re Arm\u00e9e\",\"Salon Habitat D\u00e9co de Saint-Di\u00e9-des-Vosges\"],\"articleSection\":[\"A la Une\",\"Saint-Di\u00e9-des-Vosges\",\"Saint-Di\u00e9-des-Vosges et son Agglom\u00e9ration\"],\"inLanguage\":\"fr-FR\",\"potentialAction\":[{\"@type\":\"CommentAction\",\"name\":\"Comment\",\"target\":[\"https:\/\/vosgesinfo.fr\/saintdieinfo\/2025\/03\/le-salon-habitat-deco-de-saint-die-des-vosges-fait-sa-dixieme-edition\/#respond\"]}]},{\"@type\":\"WebPage\",\"@id\":\"https:\/\/vosgesinfo.fr\/saintdieinfo\/2025\/03\/le-salon-habitat-deco-de-saint-die-des-vosges-fait-sa-dixieme-edition\/\",\"url\":\"https:\/\/vosgesinfo.fr\/saintdieinfo\/2025\/03\/le-salon-habitat-deco-de-saint-die-des-vosges-fait-sa-dixieme-edition\/\",\"name\":\"Le salon Habitat D\u00e9co de Saint-Di\u00e9-des-Vosges fait sa dixi\u00e8me \u00e9dition - Saint Die Info\",\"isPartOf\":{\"@id\":\"https:\/\/vosgesinfo.fr\/saintdieinfo\/#website\"},\"primaryImageOfPage\":{\"@id\":\"https:\/\/vosgesinfo.fr\/saintdieinfo\/2025\/03\/le-salon-habitat-deco-de-saint-die-des-vosges-fait-sa-dixieme-edition\/#primaryimage\"},\"image\":{\"@id\":\"https:\/\/vosgesinfo.fr\/saintdieinfo\/2025\/03\/le-salon-habitat-deco-de-saint-die-des-vosges-fait-sa-dixieme-edition\/#primaryimage\"},\"thumbnailUrl\":\"https:\/\/vosgesinfo.fr\/app\/uploads\/sites\/4\/2024\/08\/201703inauguration-salon-habitat-deco-08.jpg\",\"datePublished\":\"2025-03-20T16:45:42+00:00\",\"dateModified\":\"2025-10-28T09:42:30+00:00\",\"breadcrumb\":{\"@id\":\"https:\/\/vosgesinfo.fr\/saintdieinfo\/2025\/03\/le-salon-habitat-deco-de-saint-die-des-vosges-fait-sa-dixieme-edition\/#breadcrumb\"},\"inLanguage\":\"fr-FR\",\"potentialAction\":[{\"@type\":\"ReadAction\",\"target\":[\"https:\/\/vosgesinfo.fr\/saintdieinfo\/2025\/03\/le-salon-habitat-deco-de-saint-die-des-vosges-fait-sa-dixieme-edition\/\"]}]},{\"@type\":\"ImageObject\",\"inLanguage\":\"fr-FR\",\"@id\":\"https:\/\/vosgesinfo.fr\/saintdieinfo\/2025\/03\/le-salon-habitat-deco-de-saint-die-des-vosges-fait-sa-dixieme-edition\/#primaryimage\",\"url\":\"https:\/\/vosgesinfo.fr\/app\/uploads\/sites\/4\/2024\/08\/201703inauguration-salon-habitat-deco-08.jpg\",\"contentUrl\":\"https:\/\/vosgesinfo.fr\/app\/uploads\/sites\/4\/2024\/08\/201703inauguration-salon-habitat-deco-08.jpg\",\"width\":1024,\"height\":683,\"caption\":\"(Archive)\"},{\"@type\":\"BreadcrumbList\",\"@id\":\"https:\/\/vosgesinfo.fr\/saintdieinfo\/2025\/03\/le-salon-habitat-deco-de-saint-die-des-vosges-fait-sa-dixieme-edition\/#breadcrumb\",\"itemListElement\":[{\"@type\":\"ListItem\",\"position\":1,\"name\":\"Home\",\"item\":\"https:\/\/vosgesinfo.fr\/saintdieinfo\/\"},{\"@type\":\"ListItem\",\"position\":2,\"name\":\"Le salon Habitat D\u00e9co de Saint-Di\u00e9-des-Vosges fait sa dixi\u00e8me \u00e9dition\"}]},{\"@type\":\"WebSite\",\"@id\":\"https:\/\/vosgesinfo.fr\/saintdieinfo\/#website\",\"url\":\"https:\/\/vosgesinfo.fr\/saintdieinfo\/\",\"name\":\"Saint Die Info\",\"description\":\"Toute l&#039;actualit\u00e9 de Saint-Di\u00e9-Des-Vosges\",\"publisher\":{\"@id\":\"https:\/\/vosgesinfo.fr\/saintdieinfo\/#organization\"},\"alternateName\":\"Toute l'actualit\u00e9 de Saint-Di\u00e9-Des-Vosges\",\"potentialAction\":[{\"@type\":\"SearchAction\",\"target\":{\"@type\":\"EntryPoint\",\"urlTemplate\":\"https:\/\/vosgesinfo.fr\/saintdieinfo\/?s={search_term_string}\"},\"query-input\":\"required name=search_term_string\"}],\"inLanguage\":\"fr-FR\"},{\"@type\":\"Organization\",\"@id\":\"https:\/\/vosgesinfo.fr\/saintdieinfo\/#organization\",\"name\":\"Saint Die Info\",\"url\":\"https:\/\/vosgesinfo.fr\/saintdieinfo\/\",\"logo\":{\"@type\":\"ImageObject\",\"inLanguage\":\"fr-FR\",\"@id\":\"https:\/\/vosgesinfo.fr\/saintdieinfo\/#\/schema\/logo\/image\/\",\"url\":\"https:\/\/vosgesinfo.fr\/app\/uploads\/sites\/4\/2024\/02\/logo-sdi.jpg\",\"contentUrl\":\"https:\/\/vosgesinfo.fr\/app\/uploads\/sites\/4\/2024\/02\/logo-sdi.jpg\",\"width\":600,\"height\":600,\"caption\":\"Saint Die Info\"},\"image\":{\"@id\":\"https:\/\/vosgesinfo.fr\/saintdieinfo\/#\/schema\/logo\/image\/\"},\"sameAs\":[\"https:\/\/www.facebook.com\/Saintdieinfofr\",\"https:\/\/x.com\/VosgesInfo88\",\"https:\/\/www.youtube.com\/@vosgesinfo\"]},{\"@type\":\"Person\",\"@id\":\"https:\/\/vosgesinfo.fr\/saintdieinfo\/#\/schema\/person\/fa73e9f726d67bb88f46d5b7943cb572\",\"name\":\"J.J.\",\"image\":{\"@type\":\"ImageObject\",\"inLanguage\":\"fr-FR\",\"@id\":\"https:\/\/vosgesinfo.fr\/saintdieinfo\/#\/schema\/person\/image\/\",\"url\":\"https:\/\/secure.gravatar.com\/avatar\/219e749e47ffbcca018a360ae4add7d4cdf1cdaaf8bc7676b27efade3fe65615?s=96&d=mm&r=g\",\"contentUrl\":\"https:\/\/secure.gravatar.com\/avatar\/219e749e47ffbcca018a360ae4add7d4cdf1cdaaf8bc7676b27efade3fe65615?s=96&d=mm&r=g\",\"caption\":\"J.J.\"},\"url\":\"https:\/\/vosgesinfo.fr\/saintdieinfo\/author\/j-j\/\"}]}<\/script>\n<!-- \/ Yoast SEO plugin. -->","yoast_head_json":{"title":"Le salon Habitat D\u00e9co de Saint-Di\u00e9-des-Vosges fait sa dixi\u00e8me \u00e9dition - Saint Die Info","robots":{"index":"index","follow":"follow","max-snippet":"max-snippet:-1","max-image-preview":"max-image-preview:large","max-video-preview":"max-video-preview:-1"},"canonical":"https:\/\/vosgesinfo.fr\/saintdieinfo\/2025\/03\/le-salon-habitat-deco-de-saint-die-des-vosges-fait-sa-dixieme-edition\/","twitter_card":"summary_large_image","twitter_title":"Le salon Habitat D\u00e9co de Saint-Di\u00e9-des-Vosges fait sa dixi\u00e8me \u00e9dition - Saint Die Info","twitter_description":"Le salon Habitat D\u00e9co de Saint-Di\u00e9-des-Vosges souffle sa dixi\u00e8me bougie cette ann\u00e9e. Son \u00e9dition 2025 est d\u00e9sormais imminente, puisqu&rsquo;elle se [&hellip;]","twitter_image":"https:\/\/vosgesinfo.fr\/app\/uploads\/sites\/4\/2024\/08\/201703inauguration-salon-habitat-deco-08.jpg","twitter_creator":"@VosgesInfo88","twitter_site":"@VosgesInfo88","twitter_misc":{"\u00c9crit par":"J.J.","Dur\u00e9e de lecture estim\u00e9e":"3 minutes"},"schema":{"@context":"https:\/\/schema.org","@graph":[{"@type":"Article","@id":"https:\/\/vosgesinfo.fr\/saintdieinfo\/2025\/03\/le-salon-habitat-deco-de-saint-die-des-vosges-fait-sa-dixieme-edition\/#article","isPartOf":{"@id":"https:\/\/vosgesinfo.fr\/saintdieinfo\/2025\/03\/le-salon-habitat-deco-de-saint-die-des-vosges-fait-sa-dixieme-edition\/"},"author":{"name":"J.J.","@id":"https:\/\/vosgesinfo.fr\/saintdieinfo\/#\/schema\/person\/fa73e9f726d67bb88f46d5b7943cb572"},"headline":"Le salon Habitat D\u00e9co de Saint-Di\u00e9-des-Vosges fait sa dixi\u00e8me \u00e9dition","datePublished":"2025-03-20T16:45:42+00:00","dateModified":"2025-10-28T09:42:30+00:00","mainEntityOfPage":{"@id":"https:\/\/vosgesinfo.fr\/saintdieinfo\/2025\/03\/le-salon-habitat-deco-de-saint-die-des-vosges-fait-sa-dixieme-edition\/"},"wordCount":487,"commentCount":0,"publisher":{"@id":"https:\/\/vosgesinfo.fr\/saintdieinfo\/#organization"},"image":{"@id":"https:\/\/vosgesinfo.fr\/saintdieinfo\/2025\/03\/le-salon-habitat-deco-de-saint-die-des-vosges-fait-sa-dixieme-edition\/#primaryimage"},"thumbnailUrl":"https:\/\/vosgesinfo.fr\/app\/uploads\/sites\/4\/2024\/08\/201703inauguration-salon-habitat-deco-08.jpg","keywords":["Dixi\u00e8me salon Habitat D\u00e9co de Saint-Di\u00e9-des-Vosges","Place de la Premi\u00e8re Arm\u00e9e","Salon Habitat D\u00e9co de Saint-Di\u00e9-des-Vosges"],"articleSection":["A la Une","Saint-Di\u00e9-des-Vosges","Saint-Di\u00e9-des-Vosges et son Agglom\u00e9ration"],"inLanguage":"fr-FR","potentialAction":[{"@type":"CommentAction","name":"Comment","target":["https:\/\/vosgesinfo.fr\/saintdieinfo\/2025\/03\/le-salon-habitat-deco-de-saint-die-des-vosges-fait-sa-dixieme-edition\/#respond"]}]},{"@type":"WebPage","@id":"https:\/\/vosgesinfo.fr\/saintdieinfo\/2025\/03\/le-salon-habitat-deco-de-saint-die-des-vosges-fait-sa-dixieme-edition\/","url":"https:\/\/vosgesinfo.fr\/saintdieinfo\/2025\/03\/le-salon-habitat-deco-de-saint-die-des-vosges-fait-sa-dixieme-edition\/","name":"Le salon Habitat D\u00e9co de Saint-Di\u00e9-des-Vosges fait sa dixi\u00e8me \u00e9dition - Saint Die Info","isPartOf":{"@id":"https:\/\/vosgesinfo.fr\/saintdieinfo\/#website"},"primaryImageOfPage":{"@id":"https:\/\/vosgesinfo.fr\/saintdieinfo\/2025\/03\/le-salon-habitat-deco-de-saint-die-des-vosges-fait-sa-dixieme-edition\/#primaryimage"},"image":{"@id":"https:\/\/vosgesinfo.fr\/saintdieinfo\/2025\/03\/le-salon-habitat-deco-de-saint-die-des-vosges-fait-sa-dixieme-edition\/#primaryimage"},"thumbnailUrl":"https:\/\/vosgesinfo.fr\/app\/uploads\/sites\/4\/2024\/08\/201703inauguration-salon-habitat-deco-08.jpg","datePublished":"2025-03-20T16:45:42+00:00","dateModified":"2025-10-28T09:42:30+00:00","breadcrumb":{"@id":"https:\/\/vosgesinfo.fr\/saintdieinfo\/2025\/03\/le-salon-habitat-deco-de-saint-die-des-vosges-fait-sa-dixieme-edition\/#breadcrumb"},"inLanguage":"fr-FR","potentialAction":[{"@type":"ReadAction","target":["https:\/\/vosgesinfo.fr\/saintdieinfo\/2025\/03\/le-salon-habitat-deco-de-saint-die-des-vosges-fait-sa-dixieme-edition\/"]}]},{"@type":"ImageObject","inLanguage":"fr-FR","@id":"https:\/\/vosgesinfo.fr\/saintdieinfo\/2025\/03\/le-salon-habitat-deco-de-saint-die-des-vosges-fait-sa-dixieme-edition\/#primaryimage","url":"https:\/\/vosgesinfo.fr\/app\/uploads\/sites\/4\/2024\/08\/201703inauguration-salon-habitat-deco-08.jpg","contentUrl":"https:\/\/vosgesinfo.fr\/app\/uploads\/sites\/4\/2024\/08\/201703inauguration-salon-habitat-deco-08.jpg","width":1024,"height":683,"caption":"(Archive)"},{"@type":"BreadcrumbList","@id":"https:\/\/vosgesinfo.fr\/saintdieinfo\/2025\/03\/le-salon-habitat-deco-de-saint-die-des-vosges-fait-sa-dixieme-edition\/#breadcrumb","itemListElement":[{"@type":"ListItem","position":1,"name":"Home","item":"https:\/\/vosgesinfo.fr\/saintdieinfo\/"},{"@type":"ListItem","position":2,"name":"Le salon Habitat D\u00e9co de Saint-Di\u00e9-des-Vosges fait sa dixi\u00e8me \u00e9dition"}]},{"@type":"WebSite","@id":"https:\/\/vosgesinfo.fr\/saintdieinfo\/#website","url":"https:\/\/vosgesinfo.fr\/saintdieinfo\/","name":"Saint Die Info","description":"Toute l&#039;actualit\u00e9 de Saint-Di\u00e9-Des-Vosges","publisher":{"@id":"https:\/\/vosgesinfo.fr\/saintdieinfo\/#organization"},"alternateName":"Toute l'actualit\u00e9 de Saint-Di\u00e9-Des-Vosges","potentialAction":[{"@type":"SearchAction","target":{"@type":"EntryPoint","urlTemplate":"https:\/\/vosgesinfo.fr\/saintdieinfo\/?s={search_term_string}"},"query-input":"required name=search_term_string"}],"inLanguage":"fr-FR"},{"@type":"Organization","@id":"https:\/\/vosgesinfo.fr\/saintdieinfo\/#organization","name":"Saint Die Info","url":"https:\/\/vosgesinfo.fr\/saintdieinfo\/","logo":{"@type":"ImageObject","inLanguage":"fr-FR","@id":"https:\/\/vosgesinfo.fr\/saintdieinfo\/#\/schema\/logo\/image\/","url":"https:\/\/vosgesinfo.fr\/app\/uploads\/sites\/4\/2024\/02\/logo-sdi.jpg","contentUrl":"https:\/\/vosgesinfo.fr\/app\/uploads\/sites\/4\/2024\/02\/logo-sdi.jpg","width":600,"height":600,"caption":"Saint Die Info"},"image":{"@id":"https:\/\/vosgesinfo.fr\/saintdieinfo\/#\/schema\/logo\/image\/"},"sameAs":["https:\/\/www.facebook.com\/Saintdieinfofr","https:\/\/x.com\/VosgesInfo88","https:\/\/www.youtube.com\/@vosgesinfo"]},{"@type":"Person","@id":"https:\/\/vosgesinfo.fr\/saintdieinfo\/#\/schema\/person\/fa73e9f726d67bb88f46d5b7943cb572","name":"J.J.","image":{"@type":"ImageObject","inLanguage":"fr-FR","@id":"https:\/\/vosgesinfo.fr\/saintdieinfo\/#\/schema\/person\/image\/","url":"https:\/\/secure.gravatar.com\/avatar\/219e749e47ffbcca018a360ae4add7d4cdf1cdaaf8bc7676b27efade3fe65615?s=96&d=mm&r=g","contentUrl":"https:\/\/secure.gravatar.com\/avatar\/219e749e47ffbcca018a360ae4add7d4cdf1cdaaf8bc7676b27efade3fe65615?s=96&d=mm&r=g","caption":"J.J."},"url":"https:\/\/vosgesinfo.fr\/saintdieinfo\/author\/j-j\/"}]}},"_links":{"self":[{"href":"https:\/\/vosgesinfo.fr\/saintdieinfo\/wp-json\/wp\/v2\/posts\/75451","targetHints":{"allow":["GET"]}}],"collection":[{"href":"https:\/\/vosgesinfo.fr\/saintdieinfo\/wp-json\/wp\/v2\/posts"}],"about":[{"href":"https:\/\/vosgesinfo.fr\/saintdieinfo\/wp-json\/wp\/v2\/types\/post"}],"author":[{"embeddable":true,"href":"https:\/\/vosgesinfo.fr\/saintdieinfo\/wp-json\/wp\/v2\/users\/46"}],"replies":[{"embeddable":true,"href":"https:\/\/vosgesinfo.fr\/saintdieinfo\/wp-json\/wp\/v2\/comments?post=75451"}],"version-history":[{"count":1,"href":"https:\/\/vosgesinfo.fr\/saintdieinfo\/wp-json\/wp\/v2\/posts\/75451\/revisions"}],"predecessor-version":[{"id":75458,"href":"https:\/\/vosgesinfo.fr\/saintdieinfo\/wp-json\/wp\/v2\/posts\/75451\/revisions\/75458"}],"wp:featuredmedia":[{"embeddable":true,"href":"https:\/\/vosgesinfo.fr\/saintdieinfo\/wp-json\/wp\/v2\/media\/47993"}],"wp:attachment":[{"href":"https:\/\/vosgesinfo.fr\/saintdieinfo\/wp-json\/wp\/v2\/media?parent=75451"}],"wp:term":[{"taxonomy":"category","embeddable":true,"href":"https:\/\/vosgesinfo.fr\/saintdieinfo\/wp-json\/wp\/v2\/categories?post=75451"},{"taxonomy":"post_tag","embeddable":true,"href":"https:\/\/vosgesinfo.fr\/saintdieinfo\/wp-json\/wp\/v2\/tags?post=75451"}],"curies":[{"name":"wp","href":"https:\/\/api.w.org\/{rel}","templated":true}]}}