{"id":75694,"date":"2025-03-24T17:00:36","date_gmt":"2025-03-24T16:00:36","guid":{"rendered":"https:\/\/vosgesinfo.fr\/saintdieinfo\/?p=75694"},"modified":"2025-03-26T13:38:53","modified_gmt":"2025-03-26T12:38:53","slug":"la-109e-bourse-aux-vetements-de-saint-die-des-vosges-dans-ses-derniers-preparatifs","status":"publish","type":"post","link":"https:\/\/vosgesinfo.fr\/saintdieinfo\/2025\/03\/la-109e-bourse-aux-vetements-de-saint-die-des-vosges-dans-ses-derniers-preparatifs\/","title":{"rendered":"La 109e bourse aux v\u00eatements de Saint-Di\u00e9-des-Vosges dans ses derniers pr\u00e9paratifs"},"content":{"rendered":"<h3><iframe loading=\"lazy\" style=\"border: none; overflow: hidden;\" src=\"https:\/\/www.facebook.com\/plugins\/video.php?height=476&amp;href=https%3A%2F%2Fwww.facebook.com%2Freel%2F1034025975358661%2F&amp;show_text=false&amp;width=267&amp;t=0\" width=\"267\" height=\"476\" frameborder=\"0\" scrolling=\"no\" allowfullscreen=\"allowfullscreen\"><\/iframe><\/h3>\n<h2>Du haut de ses <strong>67 ans<\/strong>, la <strong>bourse aux v\u00eatements<\/strong> de l&rsquo;<strong>Association Cantonale Familiale<\/strong> \u2013 <strong>AMF<\/strong> \u2013 de <strong>Saint-Di\u00e9-des-Vosges<\/strong> est une v\u00e9ritable institution. Elle fait cette semaine sa <strong>109e \u00e9dition<\/strong> \u00e0 l&rsquo;<strong>Espace Fran\u00e7ois-Mitterrand<\/strong>.<\/h2>\n<p><!--more--><\/p>\n<h3><strong>Derniers pr\u00e9paratifs avant l&rsquo;ouverture de la vente<\/strong><\/h3>\n<p>Ces <strong>lundi et mardi<\/strong>, l&rsquo;heure est aux derniers pr\u00e9paratifs avant l&rsquo;ouverture de la vente, <strong>mercredi matin<\/strong>. Ce lundi en d\u00e9but de matin\u00e9e, les <strong>b\u00e9n\u00e9voles de l&rsquo;association<\/strong>, pr\u00e9sid\u00e9e par <strong>Serge Richard<\/strong>, ont commenc\u00e9 <strong>l&rsquo;installation de la bourse<\/strong>, aid\u00e9s d&rsquo;<strong>employ\u00e9s de la Ville<\/strong>. Cet apr\u00e8s-midi \u00e9tait consacr\u00e9 \u00e0 <strong>la r\u00e9ception des articles<\/strong>, qui seront <strong>minutieusement tri\u00e9s<\/strong> demain <strong>mardi<\/strong>. Seuls les <strong>articles en bon \u00e9tat<\/strong> seront ensuite mis en vente.<\/p>\n<h3><strong>Entre 6000 et 7000 articles \u00e0 petits prix<\/strong><\/h3>\n<p>Sur place, <strong>mercredi de 9h \u00e0 19h<\/strong> en continu, puis <strong>jeudi de 9h \u00e0 18h<\/strong>, entre <strong>6000 et 7000 articles<\/strong> seront propos\u00e9s \u00e0 des prix modiques, allant de <strong>1\u20ac \u00e0 20\u20ac<\/strong>. De quoi <strong>s&rsquo;habiller pour la belle saison sans se ruiner<\/strong>. Pour les vendeurs, c&rsquo;est l&rsquo;occasion de <strong>r\u00e9colter un peu d&rsquo;argent<\/strong> tout en <strong>redonnant une seconde vie \u00e0 des articles qui ne sont plus port\u00e9s<\/strong>. Et ce sans la contrainte des plateformes de vente en ligne, puisque les <strong>b\u00e9n\u00e9voles de l&rsquo;AMF se chargent de tout<\/strong>.<\/p>\n<h3><strong>Un large choix pour toute la famille<\/strong><\/h3>\n<p><strong>V\u00eatements et chaussures<\/strong> de toutes sortes, pour <strong>adultes et enfants \u00e0 partir de 2 ans<\/strong>&#8230; du <strong>jean \u00e0 la veste<\/strong>, en passant par les <strong>polos et robes<\/strong>, il y aura <strong>l&#8217;embarras du choix<\/strong> dans les all\u00e9es de cette <strong>109e \u00e9dition<\/strong>, consacr\u00e9e aux <strong>articles de printemps et d&rsquo;\u00e9t\u00e9<\/strong>. En guise de conclusion, la <strong>journ\u00e9e de vendredi<\/strong> sera consacr\u00e9e \u00e0 <strong>la reprise des invendus<\/strong>.<\/p>\n<h3><strong>Adh\u00e9sion obligatoire pour vendre et acheter<\/strong><\/h3>\n<p>Pour rappel, il est demand\u00e9 <strong>d&rsquo;adh\u00e9rer \u00e0 l&rsquo;AMF<\/strong> pour <strong>vendre comme pour acheter<\/strong>. L&rsquo;<strong>adh\u00e9sion annuelle est de 5\u20ac<\/strong>. Ce qui permet de participer \u00e0 <strong>deux bourses aux v\u00eatements<\/strong>, car l&rsquo;association en organise<strong> deux chaque ann\u00e9e<\/strong>. La premi\u00e8re au <strong>printemps<\/strong>, la seconde \u00e0 l&rsquo;<strong>automne.<\/strong><\/p>\n<p>J.J.<\/p>\n\n\t\t<style type=\"text\/css\">\n\t\t\t#gallery-1 {\n\t\t\t\tmargin: auto;\n\t\t\t}\n\t\t\t#gallery-1 .gallery-item {\n\t\t\t\tfloat: left;\n\t\t\t\tmargin-top: 10px;\n\t\t\t\ttext-align: center;\n\t\t\t\twidth: 33%;\n\t\t\t}\n\t\t\t#gallery-1 img {\n\t\t\t\tborder: 2px solid #cfcfcf;\n\t\t\t}\n\t\t\t#gallery-1 .gallery-caption {\n\t\t\t\tmargin-left: 0;\n\t\t\t}\n\t\t\t\/* see gallery_shortcode() in wp-includes\/media.php *\/\n\t\t<\/style>\n\t\t<div id='gallery-1' class='gallery galleryid-75694 gallery-columns-3 gallery-size-thumbnail'><dl class='gallery-item'>\n\t\t\t<dt class='gallery-icon landscape'>\n\t\t\t\t<a href='https:\/\/vosgesinfo.fr\/app\/uploads\/sites\/4\/2025\/03\/preparation-109e-bourse-aux-vetements-sddv-3.jpg'><img decoding=\"async\" width=\"150\" height=\"150\" src=\"https:\/\/vosgesinfo.fr\/app\/uploads\/sites\/4\/2025\/03\/preparation-109e-bourse-aux-vetements-sddv-3-150x150.jpg\" class=\"attachment-thumbnail size-thumbnail\" alt=\"\" \/><\/a>\n\t\t\t<\/dt><\/dl><dl class='gallery-item'>\n\t\t\t<dt class='gallery-icon landscape'>\n\t\t\t\t<a href='https:\/\/vosgesinfo.fr\/app\/uploads\/sites\/4\/2025\/03\/preparation-109e-bourse-aux-vetements-sddv-2.jpg'><img decoding=\"async\" width=\"150\" height=\"150\" src=\"https:\/\/vosgesinfo.fr\/app\/uploads\/sites\/4\/2025\/03\/preparation-109e-bourse-aux-vetements-sddv-2-150x150.jpg\" class=\"attachment-thumbnail size-thumbnail\" alt=\"\" \/><\/a>\n\t\t\t<\/dt><\/dl><dl class='gallery-item'>\n\t\t\t<dt class='gallery-icon landscape'>\n\t\t\t\t<a href='https:\/\/vosgesinfo.fr\/app\/uploads\/sites\/4\/2025\/03\/preparation-109e-bourse-aux-vetements-sddv-6.jpg'><img decoding=\"async\" width=\"150\" height=\"150\" src=\"https:\/\/vosgesinfo.fr\/app\/uploads\/sites\/4\/2025\/03\/preparation-109e-bourse-aux-vetements-sddv-6-150x150.jpg\" class=\"attachment-thumbnail size-thumbnail\" alt=\"\" \/><\/a>\n\t\t\t<\/dt><\/dl><br style=\"clear: both\" \/><dl class='gallery-item'>\n\t\t\t<dt class='gallery-icon landscape'>\n\t\t\t\t<a href='https:\/\/vosgesinfo.fr\/app\/uploads\/sites\/4\/2025\/03\/preparation-109e-bourse-aux-vetements-sddv-5.jpg'><img decoding=\"async\" width=\"150\" height=\"150\" src=\"https:\/\/vosgesinfo.fr\/app\/uploads\/sites\/4\/2025\/03\/preparation-109e-bourse-aux-vetements-sddv-5-150x150.jpg\" class=\"attachment-thumbnail size-thumbnail\" alt=\"\" \/><\/a>\n\t\t\t<\/dt><\/dl><dl class='gallery-item'>\n\t\t\t<dt class='gallery-icon landscape'>\n\t\t\t\t<a href='https:\/\/vosgesinfo.fr\/app\/uploads\/sites\/4\/2025\/03\/preparation-109e-bourse-aux-vetements-sddv-7.jpg'><img decoding=\"async\" width=\"150\" height=\"150\" src=\"https:\/\/vosgesinfo.fr\/app\/uploads\/sites\/4\/2025\/03\/preparation-109e-bourse-aux-vetements-sddv-7-150x150.jpg\" class=\"attachment-thumbnail size-thumbnail\" alt=\"\" \/><\/a>\n\t\t\t<\/dt><\/dl><dl class='gallery-item'>\n\t\t\t<dt class='gallery-icon landscape'>\n\t\t\t\t<a href='https:\/\/vosgesinfo.fr\/app\/uploads\/sites\/4\/2025\/03\/preparation-109e-bourse-aux-vetements-sddv-8.jpg'><img decoding=\"async\" width=\"150\" height=\"150\" src=\"https:\/\/vosgesinfo.fr\/app\/uploads\/sites\/4\/2025\/03\/preparation-109e-bourse-aux-vetements-sddv-8-150x150.jpg\" class=\"attachment-thumbnail size-thumbnail\" alt=\"\" \/><\/a>\n\t\t\t<\/dt><\/dl><br style=\"clear: both\" \/><dl class='gallery-item'>\n\t\t\t<dt class='gallery-icon landscape'>\n\t\t\t\t<a href='https:\/\/vosgesinfo.fr\/app\/uploads\/sites\/4\/2025\/03\/preparation-109e-bourse-aux-vetements-sddv-1.jpg'><img decoding=\"async\" width=\"150\" height=\"150\" src=\"https:\/\/vosgesinfo.fr\/app\/uploads\/sites\/4\/2025\/03\/preparation-109e-bourse-aux-vetements-sddv-1-150x150.jpg\" class=\"attachment-thumbnail size-thumbnail\" alt=\"\" \/><\/a>\n\t\t\t<\/dt><\/dl><dl class='gallery-item'>\n\t\t\t<dt class='gallery-icon landscape'>\n\t\t\t\t<a href='https:\/\/vosgesinfo.fr\/app\/uploads\/sites\/4\/2025\/03\/preparation-109e-bourse-aux-vetements-sddv-4.jpg'><img decoding=\"async\" width=\"150\" height=\"150\" src=\"https:\/\/vosgesinfo.fr\/app\/uploads\/sites\/4\/2025\/03\/preparation-109e-bourse-aux-vetements-sddv-4-150x150.jpg\" class=\"attachment-thumbnail size-thumbnail\" alt=\"\" \/><\/a>\n\t\t\t<\/dt><\/dl>\n\t\t\t<br style='clear: both' \/>\n\t\t<\/div>\n\n","protected":false},"excerpt":{"rendered":"<p>Du haut de ses 67 ans, la bourse aux v\u00eatements de l&rsquo;Association Cantonale Familiale \u2013 AMF \u2013 de Saint-Di\u00e9-des-Vosges est [&hellip;]<\/p>\n","protected":false},"author":46,"featured_media":75655,"comment_status":"open","ping_status":"open","sticky":false,"template":"","format":"standard","meta":{"footnotes":""},"categories":[460,167,17],"tags":[16584,4628,4629,3089],"class_list":["post-75694","post","type-post","status-publish","format-standard","has-post-thumbnail","hentry","category-a-la-une","category-saint-die-des-vosges","category-vie-associative","tag-109e-bourse-aux-vetements-de-saint-die-des-vosges","tag-association-familiale-cantonale-de-saint-die-des-vosges","tag-bourse-aux-vetements-de-lassociation-familiale-de-saint-die-des-vosges","tag-espace-francois-mitterrand"],"acf":[],"yoast_head":"<!-- This site is optimized with the Yoast SEO plugin v22.5 - https:\/\/yoast.com\/wordpress\/plugins\/seo\/ -->\n<title>La 109e bourse aux v\u00eatements de Saint-Di\u00e9-des-Vosges dans ses derniers pr\u00e9paratifs - Saint Die Info<\/title>\n<meta name=\"robots\" content=\"index, follow, max-snippet:-1, max-image-preview:large, max-video-preview:-1\" \/>\n<link rel=\"canonical\" href=\"https:\/\/vosgesinfo.fr\/saintdieinfo\/2025\/03\/la-109e-bourse-aux-vetements-de-saint-die-des-vosges-dans-ses-derniers-preparatifs\/\" \/>\n<meta name=\"twitter:card\" content=\"summary_large_image\" \/>\n<meta name=\"twitter:title\" content=\"La 109e bourse aux v\u00eatements de Saint-Di\u00e9-des-Vosges dans ses derniers pr\u00e9paratifs - Saint Die Info\" \/>\n<meta name=\"twitter:description\" content=\"Du haut de ses 67 ans, la bourse aux v\u00eatements de l&rsquo;Association Cantonale Familiale \u2013 AMF \u2013 de Saint-Di\u00e9-des-Vosges est [&hellip;]\" \/>\n<meta name=\"twitter:image\" content=\"https:\/\/vosgesinfo.fr\/app\/uploads\/sites\/4\/2025\/03\/preparation-109e-bourse-aux-vetements-sddv-3.jpg\" \/>\n<meta name=\"twitter:creator\" content=\"@VosgesInfo88\" \/>\n<meta name=\"twitter:site\" content=\"@VosgesInfo88\" \/>\n<meta name=\"twitter:label1\" content=\"\u00c9crit par\" \/>\n\t<meta name=\"twitter:data1\" content=\"J.J.\" \/>\n\t<meta name=\"twitter:label2\" content=\"Dur\u00e9e de lecture estim\u00e9e\" \/>\n\t<meta name=\"twitter:data2\" content=\"2 minutes\" \/>\n<script type=\"application\/ld+json\" class=\"yoast-schema-graph\">{\"@context\":\"https:\/\/schema.org\",\"@graph\":[{\"@type\":\"Article\",\"@id\":\"https:\/\/vosgesinfo.fr\/saintdieinfo\/2025\/03\/la-109e-bourse-aux-vetements-de-saint-die-des-vosges-dans-ses-derniers-preparatifs\/#article\",\"isPartOf\":{\"@id\":\"https:\/\/vosgesinfo.fr\/saintdieinfo\/2025\/03\/la-109e-bourse-aux-vetements-de-saint-die-des-vosges-dans-ses-derniers-preparatifs\/\"},\"author\":{\"name\":\"J.J.\",\"@id\":\"https:\/\/vosgesinfo.fr\/saintdieinfo\/#\/schema\/person\/fa73e9f726d67bb88f46d5b7943cb572\"},\"headline\":\"La 109e bourse aux v\u00eatements de Saint-Di\u00e9-des-Vosges dans ses derniers pr\u00e9paratifs\",\"datePublished\":\"2025-03-24T16:00:36+00:00\",\"dateModified\":\"2025-03-26T12:38:53+00:00\",\"mainEntityOfPage\":{\"@id\":\"https:\/\/vosgesinfo.fr\/saintdieinfo\/2025\/03\/la-109e-bourse-aux-vetements-de-saint-die-des-vosges-dans-ses-derniers-preparatifs\/\"},\"wordCount\":366,\"commentCount\":0,\"publisher\":{\"@id\":\"https:\/\/vosgesinfo.fr\/saintdieinfo\/#organization\"},\"image\":{\"@id\":\"https:\/\/vosgesinfo.fr\/saintdieinfo\/2025\/03\/la-109e-bourse-aux-vetements-de-saint-die-des-vosges-dans-ses-derniers-preparatifs\/#primaryimage\"},\"thumbnailUrl\":\"https:\/\/vosgesinfo.fr\/app\/uploads\/sites\/4\/2025\/03\/preparation-109e-bourse-aux-vetements-sddv-3.jpg\",\"keywords\":[\"109e bourse aux v\u00eatements de Saint-Di\u00e9-des-Vosges\",\"Association familiale cantonale de Saint-Di\u00e9-des-Vosges\",\"Bourse aux v\u00eatements de l'Association Familiale de Saint-Di\u00e9-des-Vosges\",\"Espace Fran\u00e7ois-Mitterrand\"],\"articleSection\":[\"A la Une\",\"Saint-Di\u00e9-des-Vosges\",\"Vie Associative\"],\"inLanguage\":\"fr-FR\",\"potentialAction\":[{\"@type\":\"CommentAction\",\"name\":\"Comment\",\"target\":[\"https:\/\/vosgesinfo.fr\/saintdieinfo\/2025\/03\/la-109e-bourse-aux-vetements-de-saint-die-des-vosges-dans-ses-derniers-preparatifs\/#respond\"]}]},{\"@type\":\"WebPage\",\"@id\":\"https:\/\/vosgesinfo.fr\/saintdieinfo\/2025\/03\/la-109e-bourse-aux-vetements-de-saint-die-des-vosges-dans-ses-derniers-preparatifs\/\",\"url\":\"https:\/\/vosgesinfo.fr\/saintdieinfo\/2025\/03\/la-109e-bourse-aux-vetements-de-saint-die-des-vosges-dans-ses-derniers-preparatifs\/\",\"name\":\"La 109e bourse aux v\u00eatements de Saint-Di\u00e9-des-Vosges dans ses derniers pr\u00e9paratifs - Saint Die Info\",\"isPartOf\":{\"@id\":\"https:\/\/vosgesinfo.fr\/saintdieinfo\/#website\"},\"primaryImageOfPage\":{\"@id\":\"https:\/\/vosgesinfo.fr\/saintdieinfo\/2025\/03\/la-109e-bourse-aux-vetements-de-saint-die-des-vosges-dans-ses-derniers-preparatifs\/#primaryimage\"},\"image\":{\"@id\":\"https:\/\/vosgesinfo.fr\/saintdieinfo\/2025\/03\/la-109e-bourse-aux-vetements-de-saint-die-des-vosges-dans-ses-derniers-preparatifs\/#primaryimage\"},\"thumbnailUrl\":\"https:\/\/vosgesinfo.fr\/app\/uploads\/sites\/4\/2025\/03\/preparation-109e-bourse-aux-vetements-sddv-3.jpg\",\"datePublished\":\"2025-03-24T16:00:36+00:00\",\"dateModified\":\"2025-03-26T12:38:53+00:00\",\"breadcrumb\":{\"@id\":\"https:\/\/vosgesinfo.fr\/saintdieinfo\/2025\/03\/la-109e-bourse-aux-vetements-de-saint-die-des-vosges-dans-ses-derniers-preparatifs\/#breadcrumb\"},\"inLanguage\":\"fr-FR\",\"potentialAction\":[{\"@type\":\"ReadAction\",\"target\":[\"https:\/\/vosgesinfo.fr\/saintdieinfo\/2025\/03\/la-109e-bourse-aux-vetements-de-saint-die-des-vosges-dans-ses-derniers-preparatifs\/\"]}]},{\"@type\":\"ImageObject\",\"inLanguage\":\"fr-FR\",\"@id\":\"https:\/\/vosgesinfo.fr\/saintdieinfo\/2025\/03\/la-109e-bourse-aux-vetements-de-saint-die-des-vosges-dans-ses-derniers-preparatifs\/#primaryimage\",\"url\":\"https:\/\/vosgesinfo.fr\/app\/uploads\/sites\/4\/2025\/03\/preparation-109e-bourse-aux-vetements-sddv-3.jpg\",\"contentUrl\":\"https:\/\/vosgesinfo.fr\/app\/uploads\/sites\/4\/2025\/03\/preparation-109e-bourse-aux-vetements-sddv-3.jpg\",\"width\":2040,\"height\":1536},{\"@type\":\"BreadcrumbList\",\"@id\":\"https:\/\/vosgesinfo.fr\/saintdieinfo\/2025\/03\/la-109e-bourse-aux-vetements-de-saint-die-des-vosges-dans-ses-derniers-preparatifs\/#breadcrumb\",\"itemListElement\":[{\"@type\":\"ListItem\",\"position\":1,\"name\":\"Home\",\"item\":\"https:\/\/vosgesinfo.fr\/saintdieinfo\/\"},{\"@type\":\"ListItem\",\"position\":2,\"name\":\"La 109e bourse aux v\u00eatements de Saint-Di\u00e9-des-Vosges dans ses derniers pr\u00e9paratifs\"}]},{\"@type\":\"WebSite\",\"@id\":\"https:\/\/vosgesinfo.fr\/saintdieinfo\/#website\",\"url\":\"https:\/\/vosgesinfo.fr\/saintdieinfo\/\",\"name\":\"Saint Die Info\",\"description\":\"Toute l&#039;actualit\u00e9 de Saint-Di\u00e9-Des-Vosges\",\"publisher\":{\"@id\":\"https:\/\/vosgesinfo.fr\/saintdieinfo\/#organization\"},\"alternateName\":\"Toute l'actualit\u00e9 de Saint-Di\u00e9-Des-Vosges\",\"potentialAction\":[{\"@type\":\"SearchAction\",\"target\":{\"@type\":\"EntryPoint\",\"urlTemplate\":\"https:\/\/vosgesinfo.fr\/saintdieinfo\/?s={search_term_string}\"},\"query-input\":\"required name=search_term_string\"}],\"inLanguage\":\"fr-FR\"},{\"@type\":\"Organization\",\"@id\":\"https:\/\/vosgesinfo.fr\/saintdieinfo\/#organization\",\"name\":\"Saint Die Info\",\"url\":\"https:\/\/vosgesinfo.fr\/saintdieinfo\/\",\"logo\":{\"@type\":\"ImageObject\",\"inLanguage\":\"fr-FR\",\"@id\":\"https:\/\/vosgesinfo.fr\/saintdieinfo\/#\/schema\/logo\/image\/\",\"url\":\"https:\/\/vosgesinfo.fr\/app\/uploads\/sites\/4\/2024\/02\/logo-sdi.jpg\",\"contentUrl\":\"https:\/\/vosgesinfo.fr\/app\/uploads\/sites\/4\/2024\/02\/logo-sdi.jpg\",\"width\":600,\"height\":600,\"caption\":\"Saint Die Info\"},\"image\":{\"@id\":\"https:\/\/vosgesinfo.fr\/saintdieinfo\/#\/schema\/logo\/image\/\"},\"sameAs\":[\"https:\/\/www.facebook.com\/Saintdieinfofr\",\"https:\/\/x.com\/VosgesInfo88\",\"https:\/\/www.youtube.com\/@vosgesinfo\"]},{\"@type\":\"Person\",\"@id\":\"https:\/\/vosgesinfo.fr\/saintdieinfo\/#\/schema\/person\/fa73e9f726d67bb88f46d5b7943cb572\",\"name\":\"J.J.\",\"image\":{\"@type\":\"ImageObject\",\"inLanguage\":\"fr-FR\",\"@id\":\"https:\/\/vosgesinfo.fr\/saintdieinfo\/#\/schema\/person\/image\/\",\"url\":\"https:\/\/secure.gravatar.com\/avatar\/219e749e47ffbcca018a360ae4add7d4cdf1cdaaf8bc7676b27efade3fe65615?s=96&d=mm&r=g\",\"contentUrl\":\"https:\/\/secure.gravatar.com\/avatar\/219e749e47ffbcca018a360ae4add7d4cdf1cdaaf8bc7676b27efade3fe65615?s=96&d=mm&r=g\",\"caption\":\"J.J.\"},\"url\":\"https:\/\/vosgesinfo.fr\/saintdieinfo\/author\/j-j\/\"}]}<\/script>\n<!-- \/ Yoast SEO plugin. -->","yoast_head_json":{"title":"La 109e bourse aux v\u00eatements de Saint-Di\u00e9-des-Vosges dans ses derniers pr\u00e9paratifs - Saint Die Info","robots":{"index":"index","follow":"follow","max-snippet":"max-snippet:-1","max-image-preview":"max-image-preview:large","max-video-preview":"max-video-preview:-1"},"canonical":"https:\/\/vosgesinfo.fr\/saintdieinfo\/2025\/03\/la-109e-bourse-aux-vetements-de-saint-die-des-vosges-dans-ses-derniers-preparatifs\/","twitter_card":"summary_large_image","twitter_title":"La 109e bourse aux v\u00eatements de Saint-Di\u00e9-des-Vosges dans ses derniers pr\u00e9paratifs - Saint Die Info","twitter_description":"Du haut de ses 67 ans, la bourse aux v\u00eatements de l&rsquo;Association Cantonale Familiale \u2013 AMF \u2013 de Saint-Di\u00e9-des-Vosges est [&hellip;]","twitter_image":"https:\/\/vosgesinfo.fr\/app\/uploads\/sites\/4\/2025\/03\/preparation-109e-bourse-aux-vetements-sddv-3.jpg","twitter_creator":"@VosgesInfo88","twitter_site":"@VosgesInfo88","twitter_misc":{"\u00c9crit par":"J.J.","Dur\u00e9e de lecture estim\u00e9e":"2 minutes"},"schema":{"@context":"https:\/\/schema.org","@graph":[{"@type":"Article","@id":"https:\/\/vosgesinfo.fr\/saintdieinfo\/2025\/03\/la-109e-bourse-aux-vetements-de-saint-die-des-vosges-dans-ses-derniers-preparatifs\/#article","isPartOf":{"@id":"https:\/\/vosgesinfo.fr\/saintdieinfo\/2025\/03\/la-109e-bourse-aux-vetements-de-saint-die-des-vosges-dans-ses-derniers-preparatifs\/"},"author":{"name":"J.J.","@id":"https:\/\/vosgesinfo.fr\/saintdieinfo\/#\/schema\/person\/fa73e9f726d67bb88f46d5b7943cb572"},"headline":"La 109e bourse aux v\u00eatements de Saint-Di\u00e9-des-Vosges dans ses derniers pr\u00e9paratifs","datePublished":"2025-03-24T16:00:36+00:00","dateModified":"2025-03-26T12:38:53+00:00","mainEntityOfPage":{"@id":"https:\/\/vosgesinfo.fr\/saintdieinfo\/2025\/03\/la-109e-bourse-aux-vetements-de-saint-die-des-vosges-dans-ses-derniers-preparatifs\/"},"wordCount":366,"commentCount":0,"publisher":{"@id":"https:\/\/vosgesinfo.fr\/saintdieinfo\/#organization"},"image":{"@id":"https:\/\/vosgesinfo.fr\/saintdieinfo\/2025\/03\/la-109e-bourse-aux-vetements-de-saint-die-des-vosges-dans-ses-derniers-preparatifs\/#primaryimage"},"thumbnailUrl":"https:\/\/vosgesinfo.fr\/app\/uploads\/sites\/4\/2025\/03\/preparation-109e-bourse-aux-vetements-sddv-3.jpg","keywords":["109e bourse aux v\u00eatements de Saint-Di\u00e9-des-Vosges","Association familiale cantonale de Saint-Di\u00e9-des-Vosges","Bourse aux v\u00eatements de l'Association Familiale de Saint-Di\u00e9-des-Vosges","Espace Fran\u00e7ois-Mitterrand"],"articleSection":["A la Une","Saint-Di\u00e9-des-Vosges","Vie Associative"],"inLanguage":"fr-FR","potentialAction":[{"@type":"CommentAction","name":"Comment","target":["https:\/\/vosgesinfo.fr\/saintdieinfo\/2025\/03\/la-109e-bourse-aux-vetements-de-saint-die-des-vosges-dans-ses-derniers-preparatifs\/#respond"]}]},{"@type":"WebPage","@id":"https:\/\/vosgesinfo.fr\/saintdieinfo\/2025\/03\/la-109e-bourse-aux-vetements-de-saint-die-des-vosges-dans-ses-derniers-preparatifs\/","url":"https:\/\/vosgesinfo.fr\/saintdieinfo\/2025\/03\/la-109e-bourse-aux-vetements-de-saint-die-des-vosges-dans-ses-derniers-preparatifs\/","name":"La 109e bourse aux v\u00eatements de Saint-Di\u00e9-des-Vosges dans ses derniers pr\u00e9paratifs - Saint Die Info","isPartOf":{"@id":"https:\/\/vosgesinfo.fr\/saintdieinfo\/#website"},"primaryImageOfPage":{"@id":"https:\/\/vosgesinfo.fr\/saintdieinfo\/2025\/03\/la-109e-bourse-aux-vetements-de-saint-die-des-vosges-dans-ses-derniers-preparatifs\/#primaryimage"},"image":{"@id":"https:\/\/vosgesinfo.fr\/saintdieinfo\/2025\/03\/la-109e-bourse-aux-vetements-de-saint-die-des-vosges-dans-ses-derniers-preparatifs\/#primaryimage"},"thumbnailUrl":"https:\/\/vosgesinfo.fr\/app\/uploads\/sites\/4\/2025\/03\/preparation-109e-bourse-aux-vetements-sddv-3.jpg","datePublished":"2025-03-24T16:00:36+00:00","dateModified":"2025-03-26T12:38:53+00:00","breadcrumb":{"@id":"https:\/\/vosgesinfo.fr\/saintdieinfo\/2025\/03\/la-109e-bourse-aux-vetements-de-saint-die-des-vosges-dans-ses-derniers-preparatifs\/#breadcrumb"},"inLanguage":"fr-FR","potentialAction":[{"@type":"ReadAction","target":["https:\/\/vosgesinfo.fr\/saintdieinfo\/2025\/03\/la-109e-bourse-aux-vetements-de-saint-die-des-vosges-dans-ses-derniers-preparatifs\/"]}]},{"@type":"ImageObject","inLanguage":"fr-FR","@id":"https:\/\/vosgesinfo.fr\/saintdieinfo\/2025\/03\/la-109e-bourse-aux-vetements-de-saint-die-des-vosges-dans-ses-derniers-preparatifs\/#primaryimage","url":"https:\/\/vosgesinfo.fr\/app\/uploads\/sites\/4\/2025\/03\/preparation-109e-bourse-aux-vetements-sddv-3.jpg","contentUrl":"https:\/\/vosgesinfo.fr\/app\/uploads\/sites\/4\/2025\/03\/preparation-109e-bourse-aux-vetements-sddv-3.jpg","width":2040,"height":1536},{"@type":"BreadcrumbList","@id":"https:\/\/vosgesinfo.fr\/saintdieinfo\/2025\/03\/la-109e-bourse-aux-vetements-de-saint-die-des-vosges-dans-ses-derniers-preparatifs\/#breadcrumb","itemListElement":[{"@type":"ListItem","position":1,"name":"Home","item":"https:\/\/vosgesinfo.fr\/saintdieinfo\/"},{"@type":"ListItem","position":2,"name":"La 109e bourse aux v\u00eatements de Saint-Di\u00e9-des-Vosges dans ses derniers pr\u00e9paratifs"}]},{"@type":"WebSite","@id":"https:\/\/vosgesinfo.fr\/saintdieinfo\/#website","url":"https:\/\/vosgesinfo.fr\/saintdieinfo\/","name":"Saint Die Info","description":"Toute l&#039;actualit\u00e9 de Saint-Di\u00e9-Des-Vosges","publisher":{"@id":"https:\/\/vosgesinfo.fr\/saintdieinfo\/#organization"},"alternateName":"Toute l'actualit\u00e9 de Saint-Di\u00e9-Des-Vosges","potentialAction":[{"@type":"SearchAction","target":{"@type":"EntryPoint","urlTemplate":"https:\/\/vosgesinfo.fr\/saintdieinfo\/?s={search_term_string}"},"query-input":"required name=search_term_string"}],"inLanguage":"fr-FR"},{"@type":"Organization","@id":"https:\/\/vosgesinfo.fr\/saintdieinfo\/#organization","name":"Saint Die Info","url":"https:\/\/vosgesinfo.fr\/saintdieinfo\/","logo":{"@type":"ImageObject","inLanguage":"fr-FR","@id":"https:\/\/vosgesinfo.fr\/saintdieinfo\/#\/schema\/logo\/image\/","url":"https:\/\/vosgesinfo.fr\/app\/uploads\/sites\/4\/2024\/02\/logo-sdi.jpg","contentUrl":"https:\/\/vosgesinfo.fr\/app\/uploads\/sites\/4\/2024\/02\/logo-sdi.jpg","width":600,"height":600,"caption":"Saint Die Info"},"image":{"@id":"https:\/\/vosgesinfo.fr\/saintdieinfo\/#\/schema\/logo\/image\/"},"sameAs":["https:\/\/www.facebook.com\/Saintdieinfofr","https:\/\/x.com\/VosgesInfo88","https:\/\/www.youtube.com\/@vosgesinfo"]},{"@type":"Person","@id":"https:\/\/vosgesinfo.fr\/saintdieinfo\/#\/schema\/person\/fa73e9f726d67bb88f46d5b7943cb572","name":"J.J.","image":{"@type":"ImageObject","inLanguage":"fr-FR","@id":"https:\/\/vosgesinfo.fr\/saintdieinfo\/#\/schema\/person\/image\/","url":"https:\/\/secure.gravatar.com\/avatar\/219e749e47ffbcca018a360ae4add7d4cdf1cdaaf8bc7676b27efade3fe65615?s=96&d=mm&r=g","contentUrl":"https:\/\/secure.gravatar.com\/avatar\/219e749e47ffbcca018a360ae4add7d4cdf1cdaaf8bc7676b27efade3fe65615?s=96&d=mm&r=g","caption":"J.J."},"url":"https:\/\/vosgesinfo.fr\/saintdieinfo\/author\/j-j\/"}]}},"_links":{"self":[{"href":"https:\/\/vosgesinfo.fr\/saintdieinfo\/wp-json\/wp\/v2\/posts\/75694","targetHints":{"allow":["GET"]}}],"collection":[{"href":"https:\/\/vosgesinfo.fr\/saintdieinfo\/wp-json\/wp\/v2\/posts"}],"about":[{"href":"https:\/\/vosgesinfo.fr\/saintdieinfo\/wp-json\/wp\/v2\/types\/post"}],"author":[{"embeddable":true,"href":"https:\/\/vosgesinfo.fr\/saintdieinfo\/wp-json\/wp\/v2\/users\/46"}],"replies":[{"embeddable":true,"href":"https:\/\/vosgesinfo.fr\/saintdieinfo\/wp-json\/wp\/v2\/comments?post=75694"}],"version-history":[{"count":2,"href":"https:\/\/vosgesinfo.fr\/saintdieinfo\/wp-json\/wp\/v2\/posts\/75694\/revisions"}],"predecessor-version":[{"id":75789,"href":"https:\/\/vosgesinfo.fr\/saintdieinfo\/wp-json\/wp\/v2\/posts\/75694\/revisions\/75789"}],"wp:featuredmedia":[{"embeddable":true,"href":"https:\/\/vosgesinfo.fr\/saintdieinfo\/wp-json\/wp\/v2\/media\/75655"}],"wp:attachment":[{"href":"https:\/\/vosgesinfo.fr\/saintdieinfo\/wp-json\/wp\/v2\/media?parent=75694"}],"wp:term":[{"taxonomy":"category","embeddable":true,"href":"https:\/\/vosgesinfo.fr\/saintdieinfo\/wp-json\/wp\/v2\/categories?post=75694"},{"taxonomy":"post_tag","embeddable":true,"href":"https:\/\/vosgesinfo.fr\/saintdieinfo\/wp-json\/wp\/v2\/tags?post=75694"}],"curies":[{"name":"wp","href":"https:\/\/api.w.org\/{rel}","templated":true}]}}