{"id":75797,"date":"2025-03-26T14:51:03","date_gmt":"2025-03-26T13:51:03","guid":{"rendered":"https:\/\/vosgesinfo.fr\/saintdieinfo\/?p=75797"},"modified":"2025-03-26T14:39:33","modified_gmt":"2025-03-26T13:39:33","slug":"les-rues-de-richardville-et-de-lhermitage-passent-definitivement-a-sens-unique","status":"publish","type":"post","link":"https:\/\/vosgesinfo.fr\/saintdieinfo\/2025\/03\/les-rues-de-richardville-et-de-lhermitage-passent-definitivement-a-sens-unique\/","title":{"rendered":"Les rues de Richardville et de l&rsquo;Hermitage passent d\u00e9finitivement \u00e0 sens unique"},"content":{"rendered":"<div id=\"attachment_75798\" style=\"width: 1034px\" class=\"wp-caption alignnone\"><a href=\"https:\/\/vosgesinfo.fr\/app\/uploads\/sites\/4\/2025\/03\/mise-sens-unique-rue-richardville-6.jpg\"><img decoding=\"async\" aria-describedby=\"caption-attachment-75798\" class=\"wp-image-75798 size-large\" src=\"https:\/\/vosgesinfo.fr\/app\/uploads\/sites\/4\/2025\/03\/mise-sens-unique-rue-richardville-6-1024x771.jpg\" alt=\"\" width=\"1024\" height=\"771\" srcset=\"https:\/\/vosgesinfo.fr\/app\/uploads\/sites\/4\/2025\/03\/mise-sens-unique-rue-richardville-6-1024x771.jpg 1024w, https:\/\/vosgesinfo.fr\/app\/uploads\/sites\/4\/2025\/03\/mise-sens-unique-rue-richardville-6-300x226.jpg 300w, https:\/\/vosgesinfo.fr\/app\/uploads\/sites\/4\/2025\/03\/mise-sens-unique-rue-richardville-6-768x578.jpg 768w, https:\/\/vosgesinfo.fr\/app\/uploads\/sites\/4\/2025\/03\/mise-sens-unique-rue-richardville-6-1536x1157.jpg 1536w, https:\/\/vosgesinfo.fr\/app\/uploads\/sites\/4\/2025\/03\/mise-sens-unique-rue-richardville-6.jpg 2040w\" sizes=\"(max-width: 1024px) 100vw, 1024px\" \/><\/a><p id=\"caption-attachment-75798\" class=\"wp-caption-text\">Un essai du nouveau sens de circulation de la rue de Richardville a \u00e9t\u00e9 r\u00e9alis\u00e9 ce mardi matin avec un v\u00e9hicule semi-remorque.<\/p><\/div>\n<h2>Pour des raisons de <strong>s\u00e9curit\u00e9<\/strong>, la <strong>Municipalit\u00e9 de Saint-Di\u00e9-des-Vosges<\/strong> avait pass\u00e9 fin janvier les <strong>rues de Richardville et de l&rsquo;Hermitage<\/strong> en <strong>sens unique.<\/strong> Dans un premier temps lors d&rsquo;un essai de <strong>deux mois<\/strong>. C&rsquo;est dans ce cadre que <strong>deux <a href=\"https:\/\/vosgesinfo.fr\/saintdieinfo\/2025\/01\/les-rues-de-richardville-et-de-lhermitage-passent-a-sens-unique\/\" target=\"_blank\" rel=\"noopener\">r\u00e9unions publiques<\/a><\/strong> avec les habitants des rues concern\u00e9es ont \u00e9t\u00e9 organis\u00e9es \u00e0 la <strong>maison de quartier de Foucharupt<\/strong>.<\/h2>\n<p><!--more--><\/p>\n<h3><strong>Un projet initial ajust\u00e9 apr\u00e8s concertation<\/strong><\/h3>\n<p>Si la <strong>Municipalit\u00e9<\/strong> avait pour projet initial de passer la <strong>rue de Richardville<\/strong> en <strong>sens unique montant<\/strong>, depuis la <strong>rue du Petit Saint-Di\u00e9<\/strong> \u2013 et donc la <strong>rue de l&rsquo;Hermitage<\/strong> en <strong>sens unique descendant<\/strong> \u2013 les <strong>remarques formul\u00e9es<\/strong> lors des <strong>deux r\u00e9unions publiques<\/strong> ont abouti \u00e0 une <strong>autre d\u00e9cision.<\/strong><\/p>\n<h3><strong>Un sens de circulation invers\u00e9<\/strong><\/h3>\n<p>Depuis <strong>hier mardi<\/strong>, les <strong>rues de Richardville et de l&rsquo;Hermitage<\/strong> sont d\u00e9finitivement pass\u00e9es \u00e0 <strong>sens unique<\/strong>, mais le <strong>sens initial a \u00e9t\u00e9 invers\u00e9<\/strong>. Les <strong>v\u00e9hicules<\/strong> devront d\u00e9sormais <strong>descendre<\/strong> la <strong>rue de Richardville<\/strong> vers la <strong>rue du Petit Saint-Di\u00e9<\/strong>, et <strong>monter<\/strong> celle de <strong>l&rsquo;Hermitage<\/strong> \u00e0 partir de cette m\u00eame rue du <strong>Petit Saint-Di\u00e9<\/strong>. <strong>Exception faite des poids-lourds de plus de 19 tonnes<\/strong>, qui devront quant \u00e0 eux passer par l&rsquo;<strong>avenue Eug\u00e9nie-et-Jules-Ferry<\/strong> avant de pouvoir descendre la rue de Richardville.<\/p>\n<h3><strong>Des limitations \u00e0 30km\/h<\/strong><\/h3>\n<p>Cette <strong>double mise \u00e0 sens unique<\/strong> s&rsquo;accompagne d&rsquo;une <strong>limitation \u00e0 30 km\/h<\/strong> le long des <strong>rues de Richardville et de l&rsquo;Hermitage<\/strong>, mais aussi <strong>rue Erckmann-Chatrian<\/strong>.<\/p>\n<p>J.J.<\/p>\n\n\t\t<style type=\"text\/css\">\n\t\t\t#gallery-1 {\n\t\t\t\tmargin: auto;\n\t\t\t}\n\t\t\t#gallery-1 .gallery-item {\n\t\t\t\tfloat: left;\n\t\t\t\tmargin-top: 10px;\n\t\t\t\ttext-align: center;\n\t\t\t\twidth: 33%;\n\t\t\t}\n\t\t\t#gallery-1 img {\n\t\t\t\tborder: 2px solid #cfcfcf;\n\t\t\t}\n\t\t\t#gallery-1 .gallery-caption {\n\t\t\t\tmargin-left: 0;\n\t\t\t}\n\t\t\t\/* see gallery_shortcode() in wp-includes\/media.php *\/\n\t\t<\/style>\n\t\t<div id='gallery-1' class='gallery galleryid-75797 gallery-columns-3 gallery-size-thumbnail'><dl class='gallery-item'>\n\t\t\t<dt class='gallery-icon landscape'>\n\t\t\t\t<a href='https:\/\/vosgesinfo.fr\/app\/uploads\/sites\/4\/2025\/03\/mise-sens-unique-rue-richardville-1.jpg'><img decoding=\"async\" width=\"150\" height=\"150\" src=\"https:\/\/vosgesinfo.fr\/app\/uploads\/sites\/4\/2025\/03\/mise-sens-unique-rue-richardville-1-150x150.jpg\" class=\"attachment-thumbnail size-thumbnail\" alt=\"\" \/><\/a>\n\t\t\t<\/dt><\/dl><dl class='gallery-item'>\n\t\t\t<dt class='gallery-icon landscape'>\n\t\t\t\t<a href='https:\/\/vosgesinfo.fr\/app\/uploads\/sites\/4\/2025\/03\/mise-sens-unique-rue-richardville-4.jpg'><img decoding=\"async\" width=\"150\" height=\"150\" src=\"https:\/\/vosgesinfo.fr\/app\/uploads\/sites\/4\/2025\/03\/mise-sens-unique-rue-richardville-4-150x150.jpg\" class=\"attachment-thumbnail size-thumbnail\" alt=\"\" \/><\/a>\n\t\t\t<\/dt><\/dl><dl class='gallery-item'>\n\t\t\t<dt class='gallery-icon landscape'>\n\t\t\t\t<a href='https:\/\/vosgesinfo.fr\/app\/uploads\/sites\/4\/2025\/03\/mise-sens-unique-rue-richardville-5.jpg'><img decoding=\"async\" width=\"150\" height=\"150\" src=\"https:\/\/vosgesinfo.fr\/app\/uploads\/sites\/4\/2025\/03\/mise-sens-unique-rue-richardville-5-150x150.jpg\" class=\"attachment-thumbnail size-thumbnail\" alt=\"\" \/><\/a>\n\t\t\t<\/dt><\/dl><br style=\"clear: both\" \/>\n\t\t<\/div>\n\n","protected":false},"excerpt":{"rendered":"<p>Pour des raisons de s\u00e9curit\u00e9, la Municipalit\u00e9 de Saint-Di\u00e9-des-Vosges avait pass\u00e9 fin janvier les rues de Richardville et de l&rsquo;Hermitage [&hellip;]<\/p>\n","protected":false},"author":46,"featured_media":75798,"comment_status":"open","ping_status":"open","sticky":false,"template":"","format":"standard","meta":{"footnotes":""},"categories":[460,167],"tags":[5953,15750,10736],"class_list":["post-75797","post","type-post","status-publish","format-standard","has-post-thumbnail","hentry","category-a-la-une","category-saint-die-des-vosges","tag-municipalite-de-saint-die-des-vosges","tag-rue-de-lhermitage","tag-rue-de-richardville"],"acf":[],"yoast_head":"<!-- This site is optimized with the Yoast SEO plugin v22.5 - https:\/\/yoast.com\/wordpress\/plugins\/seo\/ -->\n<title>Les rues de Richardville et de l&#039;Hermitage passent d\u00e9finitivement \u00e0 sens unique - Saint Die Info<\/title>\n<meta name=\"robots\" content=\"index, follow, max-snippet:-1, max-image-preview:large, max-video-preview:-1\" \/>\n<link rel=\"canonical\" href=\"https:\/\/vosgesinfo.fr\/saintdieinfo\/2025\/03\/les-rues-de-richardville-et-de-lhermitage-passent-definitivement-a-sens-unique\/\" \/>\n<meta name=\"twitter:card\" content=\"summary_large_image\" \/>\n<meta name=\"twitter:title\" content=\"Les rues de Richardville et de l&#039;Hermitage passent d\u00e9finitivement \u00e0 sens unique - Saint Die Info\" \/>\n<meta name=\"twitter:description\" content=\"Pour des raisons de s\u00e9curit\u00e9, la Municipalit\u00e9 de Saint-Di\u00e9-des-Vosges avait pass\u00e9 fin janvier les rues de Richardville et de l&rsquo;Hermitage [&hellip;]\" \/>\n<meta name=\"twitter:image\" content=\"https:\/\/vosgesinfo.fr\/app\/uploads\/sites\/4\/2025\/03\/mise-sens-unique-rue-richardville-6.jpg\" \/>\n<meta name=\"twitter:creator\" content=\"@VosgesInfo88\" \/>\n<meta name=\"twitter:site\" content=\"@VosgesInfo88\" \/>\n<meta name=\"twitter:label1\" content=\"\u00c9crit par\" \/>\n\t<meta name=\"twitter:data1\" content=\"J.J.\" \/>\n\t<meta name=\"twitter:label2\" content=\"Dur\u00e9e de lecture estim\u00e9e\" \/>\n\t<meta name=\"twitter:data2\" content=\"1 minute\" \/>\n<script type=\"application\/ld+json\" class=\"yoast-schema-graph\">{\"@context\":\"https:\/\/schema.org\",\"@graph\":[{\"@type\":\"Article\",\"@id\":\"https:\/\/vosgesinfo.fr\/saintdieinfo\/2025\/03\/les-rues-de-richardville-et-de-lhermitage-passent-definitivement-a-sens-unique\/#article\",\"isPartOf\":{\"@id\":\"https:\/\/vosgesinfo.fr\/saintdieinfo\/2025\/03\/les-rues-de-richardville-et-de-lhermitage-passent-definitivement-a-sens-unique\/\"},\"author\":{\"name\":\"J.J.\",\"@id\":\"https:\/\/vosgesinfo.fr\/saintdieinfo\/#\/schema\/person\/fa73e9f726d67bb88f46d5b7943cb572\"},\"headline\":\"Les rues de Richardville et de l&rsquo;Hermitage passent d\u00e9finitivement \u00e0 sens unique\",\"datePublished\":\"2025-03-26T13:51:03+00:00\",\"dateModified\":\"2025-03-26T13:39:33+00:00\",\"mainEntityOfPage\":{\"@id\":\"https:\/\/vosgesinfo.fr\/saintdieinfo\/2025\/03\/les-rues-de-richardville-et-de-lhermitage-passent-definitivement-a-sens-unique\/\"},\"wordCount\":289,\"commentCount\":0,\"publisher\":{\"@id\":\"https:\/\/vosgesinfo.fr\/saintdieinfo\/#organization\"},\"image\":{\"@id\":\"https:\/\/vosgesinfo.fr\/saintdieinfo\/2025\/03\/les-rues-de-richardville-et-de-lhermitage-passent-definitivement-a-sens-unique\/#primaryimage\"},\"thumbnailUrl\":\"https:\/\/vosgesinfo.fr\/app\/uploads\/sites\/4\/2025\/03\/mise-sens-unique-rue-richardville-6.jpg\",\"keywords\":[\"Municipalit\u00e9 de Saint-Di\u00e9-des-Vosges\",\"Rue de l'Hermitage\",\"Rue de Richardville\"],\"articleSection\":[\"A la Une\",\"Saint-Di\u00e9-des-Vosges\"],\"inLanguage\":\"fr-FR\",\"potentialAction\":[{\"@type\":\"CommentAction\",\"name\":\"Comment\",\"target\":[\"https:\/\/vosgesinfo.fr\/saintdieinfo\/2025\/03\/les-rues-de-richardville-et-de-lhermitage-passent-definitivement-a-sens-unique\/#respond\"]}]},{\"@type\":\"WebPage\",\"@id\":\"https:\/\/vosgesinfo.fr\/saintdieinfo\/2025\/03\/les-rues-de-richardville-et-de-lhermitage-passent-definitivement-a-sens-unique\/\",\"url\":\"https:\/\/vosgesinfo.fr\/saintdieinfo\/2025\/03\/les-rues-de-richardville-et-de-lhermitage-passent-definitivement-a-sens-unique\/\",\"name\":\"Les rues de Richardville et de l'Hermitage passent d\u00e9finitivement \u00e0 sens unique - Saint Die Info\",\"isPartOf\":{\"@id\":\"https:\/\/vosgesinfo.fr\/saintdieinfo\/#website\"},\"primaryImageOfPage\":{\"@id\":\"https:\/\/vosgesinfo.fr\/saintdieinfo\/2025\/03\/les-rues-de-richardville-et-de-lhermitage-passent-definitivement-a-sens-unique\/#primaryimage\"},\"image\":{\"@id\":\"https:\/\/vosgesinfo.fr\/saintdieinfo\/2025\/03\/les-rues-de-richardville-et-de-lhermitage-passent-definitivement-a-sens-unique\/#primaryimage\"},\"thumbnailUrl\":\"https:\/\/vosgesinfo.fr\/app\/uploads\/sites\/4\/2025\/03\/mise-sens-unique-rue-richardville-6.jpg\",\"datePublished\":\"2025-03-26T13:51:03+00:00\",\"dateModified\":\"2025-03-26T13:39:33+00:00\",\"breadcrumb\":{\"@id\":\"https:\/\/vosgesinfo.fr\/saintdieinfo\/2025\/03\/les-rues-de-richardville-et-de-lhermitage-passent-definitivement-a-sens-unique\/#breadcrumb\"},\"inLanguage\":\"fr-FR\",\"potentialAction\":[{\"@type\":\"ReadAction\",\"target\":[\"https:\/\/vosgesinfo.fr\/saintdieinfo\/2025\/03\/les-rues-de-richardville-et-de-lhermitage-passent-definitivement-a-sens-unique\/\"]}]},{\"@type\":\"ImageObject\",\"inLanguage\":\"fr-FR\",\"@id\":\"https:\/\/vosgesinfo.fr\/saintdieinfo\/2025\/03\/les-rues-de-richardville-et-de-lhermitage-passent-definitivement-a-sens-unique\/#primaryimage\",\"url\":\"https:\/\/vosgesinfo.fr\/app\/uploads\/sites\/4\/2025\/03\/mise-sens-unique-rue-richardville-6.jpg\",\"contentUrl\":\"https:\/\/vosgesinfo.fr\/app\/uploads\/sites\/4\/2025\/03\/mise-sens-unique-rue-richardville-6.jpg\",\"width\":2040,\"height\":1536},{\"@type\":\"BreadcrumbList\",\"@id\":\"https:\/\/vosgesinfo.fr\/saintdieinfo\/2025\/03\/les-rues-de-richardville-et-de-lhermitage-passent-definitivement-a-sens-unique\/#breadcrumb\",\"itemListElement\":[{\"@type\":\"ListItem\",\"position\":1,\"name\":\"Home\",\"item\":\"https:\/\/vosgesinfo.fr\/saintdieinfo\/\"},{\"@type\":\"ListItem\",\"position\":2,\"name\":\"Les rues de Richardville et de l&rsquo;Hermitage passent d\u00e9finitivement \u00e0 sens unique\"}]},{\"@type\":\"WebSite\",\"@id\":\"https:\/\/vosgesinfo.fr\/saintdieinfo\/#website\",\"url\":\"https:\/\/vosgesinfo.fr\/saintdieinfo\/\",\"name\":\"Saint Die Info\",\"description\":\"Toute l&#039;actualit\u00e9 de Saint-Di\u00e9-Des-Vosges\",\"publisher\":{\"@id\":\"https:\/\/vosgesinfo.fr\/saintdieinfo\/#organization\"},\"alternateName\":\"Toute l'actualit\u00e9 de Saint-Di\u00e9-Des-Vosges\",\"potentialAction\":[{\"@type\":\"SearchAction\",\"target\":{\"@type\":\"EntryPoint\",\"urlTemplate\":\"https:\/\/vosgesinfo.fr\/saintdieinfo\/?s={search_term_string}\"},\"query-input\":\"required name=search_term_string\"}],\"inLanguage\":\"fr-FR\"},{\"@type\":\"Organization\",\"@id\":\"https:\/\/vosgesinfo.fr\/saintdieinfo\/#organization\",\"name\":\"Saint Die Info\",\"url\":\"https:\/\/vosgesinfo.fr\/saintdieinfo\/\",\"logo\":{\"@type\":\"ImageObject\",\"inLanguage\":\"fr-FR\",\"@id\":\"https:\/\/vosgesinfo.fr\/saintdieinfo\/#\/schema\/logo\/image\/\",\"url\":\"https:\/\/vosgesinfo.fr\/app\/uploads\/sites\/4\/2024\/02\/logo-sdi.jpg\",\"contentUrl\":\"https:\/\/vosgesinfo.fr\/app\/uploads\/sites\/4\/2024\/02\/logo-sdi.jpg\",\"width\":600,\"height\":600,\"caption\":\"Saint Die Info\"},\"image\":{\"@id\":\"https:\/\/vosgesinfo.fr\/saintdieinfo\/#\/schema\/logo\/image\/\"},\"sameAs\":[\"https:\/\/www.facebook.com\/Saintdieinfofr\",\"https:\/\/x.com\/VosgesInfo88\",\"https:\/\/www.youtube.com\/@vosgesinfo\"]},{\"@type\":\"Person\",\"@id\":\"https:\/\/vosgesinfo.fr\/saintdieinfo\/#\/schema\/person\/fa73e9f726d67bb88f46d5b7943cb572\",\"name\":\"J.J.\",\"image\":{\"@type\":\"ImageObject\",\"inLanguage\":\"fr-FR\",\"@id\":\"https:\/\/vosgesinfo.fr\/saintdieinfo\/#\/schema\/person\/image\/\",\"url\":\"https:\/\/secure.gravatar.com\/avatar\/219e749e47ffbcca018a360ae4add7d4cdf1cdaaf8bc7676b27efade3fe65615?s=96&d=mm&r=g\",\"contentUrl\":\"https:\/\/secure.gravatar.com\/avatar\/219e749e47ffbcca018a360ae4add7d4cdf1cdaaf8bc7676b27efade3fe65615?s=96&d=mm&r=g\",\"caption\":\"J.J.\"},\"url\":\"https:\/\/vosgesinfo.fr\/saintdieinfo\/author\/j-j\/\"}]}<\/script>\n<!-- \/ Yoast SEO plugin. -->","yoast_head_json":{"title":"Les rues de Richardville et de l'Hermitage passent d\u00e9finitivement \u00e0 sens unique - Saint Die Info","robots":{"index":"index","follow":"follow","max-snippet":"max-snippet:-1","max-image-preview":"max-image-preview:large","max-video-preview":"max-video-preview:-1"},"canonical":"https:\/\/vosgesinfo.fr\/saintdieinfo\/2025\/03\/les-rues-de-richardville-et-de-lhermitage-passent-definitivement-a-sens-unique\/","twitter_card":"summary_large_image","twitter_title":"Les rues de Richardville et de l'Hermitage passent d\u00e9finitivement \u00e0 sens unique - Saint Die Info","twitter_description":"Pour des raisons de s\u00e9curit\u00e9, la Municipalit\u00e9 de Saint-Di\u00e9-des-Vosges avait pass\u00e9 fin janvier les rues de Richardville et de l&rsquo;Hermitage [&hellip;]","twitter_image":"https:\/\/vosgesinfo.fr\/app\/uploads\/sites\/4\/2025\/03\/mise-sens-unique-rue-richardville-6.jpg","twitter_creator":"@VosgesInfo88","twitter_site":"@VosgesInfo88","twitter_misc":{"\u00c9crit par":"J.J.","Dur\u00e9e de lecture estim\u00e9e":"1 minute"},"schema":{"@context":"https:\/\/schema.org","@graph":[{"@type":"Article","@id":"https:\/\/vosgesinfo.fr\/saintdieinfo\/2025\/03\/les-rues-de-richardville-et-de-lhermitage-passent-definitivement-a-sens-unique\/#article","isPartOf":{"@id":"https:\/\/vosgesinfo.fr\/saintdieinfo\/2025\/03\/les-rues-de-richardville-et-de-lhermitage-passent-definitivement-a-sens-unique\/"},"author":{"name":"J.J.","@id":"https:\/\/vosgesinfo.fr\/saintdieinfo\/#\/schema\/person\/fa73e9f726d67bb88f46d5b7943cb572"},"headline":"Les rues de Richardville et de l&rsquo;Hermitage passent d\u00e9finitivement \u00e0 sens unique","datePublished":"2025-03-26T13:51:03+00:00","dateModified":"2025-03-26T13:39:33+00:00","mainEntityOfPage":{"@id":"https:\/\/vosgesinfo.fr\/saintdieinfo\/2025\/03\/les-rues-de-richardville-et-de-lhermitage-passent-definitivement-a-sens-unique\/"},"wordCount":289,"commentCount":0,"publisher":{"@id":"https:\/\/vosgesinfo.fr\/saintdieinfo\/#organization"},"image":{"@id":"https:\/\/vosgesinfo.fr\/saintdieinfo\/2025\/03\/les-rues-de-richardville-et-de-lhermitage-passent-definitivement-a-sens-unique\/#primaryimage"},"thumbnailUrl":"https:\/\/vosgesinfo.fr\/app\/uploads\/sites\/4\/2025\/03\/mise-sens-unique-rue-richardville-6.jpg","keywords":["Municipalit\u00e9 de Saint-Di\u00e9-des-Vosges","Rue de l'Hermitage","Rue de Richardville"],"articleSection":["A la Une","Saint-Di\u00e9-des-Vosges"],"inLanguage":"fr-FR","potentialAction":[{"@type":"CommentAction","name":"Comment","target":["https:\/\/vosgesinfo.fr\/saintdieinfo\/2025\/03\/les-rues-de-richardville-et-de-lhermitage-passent-definitivement-a-sens-unique\/#respond"]}]},{"@type":"WebPage","@id":"https:\/\/vosgesinfo.fr\/saintdieinfo\/2025\/03\/les-rues-de-richardville-et-de-lhermitage-passent-definitivement-a-sens-unique\/","url":"https:\/\/vosgesinfo.fr\/saintdieinfo\/2025\/03\/les-rues-de-richardville-et-de-lhermitage-passent-definitivement-a-sens-unique\/","name":"Les rues de Richardville et de l'Hermitage passent d\u00e9finitivement \u00e0 sens unique - Saint Die Info","isPartOf":{"@id":"https:\/\/vosgesinfo.fr\/saintdieinfo\/#website"},"primaryImageOfPage":{"@id":"https:\/\/vosgesinfo.fr\/saintdieinfo\/2025\/03\/les-rues-de-richardville-et-de-lhermitage-passent-definitivement-a-sens-unique\/#primaryimage"},"image":{"@id":"https:\/\/vosgesinfo.fr\/saintdieinfo\/2025\/03\/les-rues-de-richardville-et-de-lhermitage-passent-definitivement-a-sens-unique\/#primaryimage"},"thumbnailUrl":"https:\/\/vosgesinfo.fr\/app\/uploads\/sites\/4\/2025\/03\/mise-sens-unique-rue-richardville-6.jpg","datePublished":"2025-03-26T13:51:03+00:00","dateModified":"2025-03-26T13:39:33+00:00","breadcrumb":{"@id":"https:\/\/vosgesinfo.fr\/saintdieinfo\/2025\/03\/les-rues-de-richardville-et-de-lhermitage-passent-definitivement-a-sens-unique\/#breadcrumb"},"inLanguage":"fr-FR","potentialAction":[{"@type":"ReadAction","target":["https:\/\/vosgesinfo.fr\/saintdieinfo\/2025\/03\/les-rues-de-richardville-et-de-lhermitage-passent-definitivement-a-sens-unique\/"]}]},{"@type":"ImageObject","inLanguage":"fr-FR","@id":"https:\/\/vosgesinfo.fr\/saintdieinfo\/2025\/03\/les-rues-de-richardville-et-de-lhermitage-passent-definitivement-a-sens-unique\/#primaryimage","url":"https:\/\/vosgesinfo.fr\/app\/uploads\/sites\/4\/2025\/03\/mise-sens-unique-rue-richardville-6.jpg","contentUrl":"https:\/\/vosgesinfo.fr\/app\/uploads\/sites\/4\/2025\/03\/mise-sens-unique-rue-richardville-6.jpg","width":2040,"height":1536},{"@type":"BreadcrumbList","@id":"https:\/\/vosgesinfo.fr\/saintdieinfo\/2025\/03\/les-rues-de-richardville-et-de-lhermitage-passent-definitivement-a-sens-unique\/#breadcrumb","itemListElement":[{"@type":"ListItem","position":1,"name":"Home","item":"https:\/\/vosgesinfo.fr\/saintdieinfo\/"},{"@type":"ListItem","position":2,"name":"Les rues de Richardville et de l&rsquo;Hermitage passent d\u00e9finitivement \u00e0 sens unique"}]},{"@type":"WebSite","@id":"https:\/\/vosgesinfo.fr\/saintdieinfo\/#website","url":"https:\/\/vosgesinfo.fr\/saintdieinfo\/","name":"Saint Die Info","description":"Toute l&#039;actualit\u00e9 de Saint-Di\u00e9-Des-Vosges","publisher":{"@id":"https:\/\/vosgesinfo.fr\/saintdieinfo\/#organization"},"alternateName":"Toute l'actualit\u00e9 de Saint-Di\u00e9-Des-Vosges","potentialAction":[{"@type":"SearchAction","target":{"@type":"EntryPoint","urlTemplate":"https:\/\/vosgesinfo.fr\/saintdieinfo\/?s={search_term_string}"},"query-input":"required name=search_term_string"}],"inLanguage":"fr-FR"},{"@type":"Organization","@id":"https:\/\/vosgesinfo.fr\/saintdieinfo\/#organization","name":"Saint Die Info","url":"https:\/\/vosgesinfo.fr\/saintdieinfo\/","logo":{"@type":"ImageObject","inLanguage":"fr-FR","@id":"https:\/\/vosgesinfo.fr\/saintdieinfo\/#\/schema\/logo\/image\/","url":"https:\/\/vosgesinfo.fr\/app\/uploads\/sites\/4\/2024\/02\/logo-sdi.jpg","contentUrl":"https:\/\/vosgesinfo.fr\/app\/uploads\/sites\/4\/2024\/02\/logo-sdi.jpg","width":600,"height":600,"caption":"Saint Die Info"},"image":{"@id":"https:\/\/vosgesinfo.fr\/saintdieinfo\/#\/schema\/logo\/image\/"},"sameAs":["https:\/\/www.facebook.com\/Saintdieinfofr","https:\/\/x.com\/VosgesInfo88","https:\/\/www.youtube.com\/@vosgesinfo"]},{"@type":"Person","@id":"https:\/\/vosgesinfo.fr\/saintdieinfo\/#\/schema\/person\/fa73e9f726d67bb88f46d5b7943cb572","name":"J.J.","image":{"@type":"ImageObject","inLanguage":"fr-FR","@id":"https:\/\/vosgesinfo.fr\/saintdieinfo\/#\/schema\/person\/image\/","url":"https:\/\/secure.gravatar.com\/avatar\/219e749e47ffbcca018a360ae4add7d4cdf1cdaaf8bc7676b27efade3fe65615?s=96&d=mm&r=g","contentUrl":"https:\/\/secure.gravatar.com\/avatar\/219e749e47ffbcca018a360ae4add7d4cdf1cdaaf8bc7676b27efade3fe65615?s=96&d=mm&r=g","caption":"J.J."},"url":"https:\/\/vosgesinfo.fr\/saintdieinfo\/author\/j-j\/"}]}},"_links":{"self":[{"href":"https:\/\/vosgesinfo.fr\/saintdieinfo\/wp-json\/wp\/v2\/posts\/75797","targetHints":{"allow":["GET"]}}],"collection":[{"href":"https:\/\/vosgesinfo.fr\/saintdieinfo\/wp-json\/wp\/v2\/posts"}],"about":[{"href":"https:\/\/vosgesinfo.fr\/saintdieinfo\/wp-json\/wp\/v2\/types\/post"}],"author":[{"embeddable":true,"href":"https:\/\/vosgesinfo.fr\/saintdieinfo\/wp-json\/wp\/v2\/users\/46"}],"replies":[{"embeddable":true,"href":"https:\/\/vosgesinfo.fr\/saintdieinfo\/wp-json\/wp\/v2\/comments?post=75797"}],"version-history":[{"count":1,"href":"https:\/\/vosgesinfo.fr\/saintdieinfo\/wp-json\/wp\/v2\/posts\/75797\/revisions"}],"predecessor-version":[{"id":75799,"href":"https:\/\/vosgesinfo.fr\/saintdieinfo\/wp-json\/wp\/v2\/posts\/75797\/revisions\/75799"}],"wp:featuredmedia":[{"embeddable":true,"href":"https:\/\/vosgesinfo.fr\/saintdieinfo\/wp-json\/wp\/v2\/media\/75798"}],"wp:attachment":[{"href":"https:\/\/vosgesinfo.fr\/saintdieinfo\/wp-json\/wp\/v2\/media?parent=75797"}],"wp:term":[{"taxonomy":"category","embeddable":true,"href":"https:\/\/vosgesinfo.fr\/saintdieinfo\/wp-json\/wp\/v2\/categories?post=75797"},{"taxonomy":"post_tag","embeddable":true,"href":"https:\/\/vosgesinfo.fr\/saintdieinfo\/wp-json\/wp\/v2\/tags?post=75797"}],"curies":[{"name":"wp","href":"https:\/\/api.w.org\/{rel}","templated":true}]}}