{"id":76155,"date":"2025-04-03T11:30:29","date_gmt":"2025-04-03T09:30:29","guid":{"rendered":"https:\/\/vosgesinfo.fr\/saintdieinfo\/?p=76155"},"modified":"2025-04-03T11:17:27","modified_gmt":"2025-04-03T09:17:27","slug":"dimanche-saint-die-des-vosges-se-bouge-pour-lautisme","status":"publish","type":"post","link":"https:\/\/vosgesinfo.fr\/saintdieinfo\/2025\/04\/dimanche-saint-die-des-vosges-se-bouge-pour-lautisme\/","title":{"rendered":"Dimanche, Saint-Di\u00e9-des-Vosges se bouge pour l&rsquo;autisme !"},"content":{"rendered":"<h3><a href=\"https:\/\/vosgesinfo.fr\/app\/uploads\/sites\/4\/2025\/04\/bouge-en-bleu-autisme-1.jpg\"><img decoding=\"async\" class=\"alignnone size-large wp-image-76156\" src=\"https:\/\/vosgesinfo.fr\/app\/uploads\/sites\/4\/2025\/04\/bouge-en-bleu-autisme-1-1024x771.jpg\" alt=\"\" width=\"1024\" height=\"771\" srcset=\"https:\/\/vosgesinfo.fr\/app\/uploads\/sites\/4\/2025\/04\/bouge-en-bleu-autisme-1-1024x771.jpg 1024w, https:\/\/vosgesinfo.fr\/app\/uploads\/sites\/4\/2025\/04\/bouge-en-bleu-autisme-1-300x226.jpg 300w, https:\/\/vosgesinfo.fr\/app\/uploads\/sites\/4\/2025\/04\/bouge-en-bleu-autisme-1-768x578.jpg 768w, https:\/\/vosgesinfo.fr\/app\/uploads\/sites\/4\/2025\/04\/bouge-en-bleu-autisme-1-1536x1156.jpg 1536w, https:\/\/vosgesinfo.fr\/app\/uploads\/sites\/4\/2025\/04\/bouge-en-bleu-autisme-1.jpg 1800w\" sizes=\"(max-width: 1024px) 100vw, 1024px\" \/><\/a><\/h3>\n<h2>Impuls\u00e9 par la dynamique D\u00e9odatienne<strong> M\u00e9lanie Richard<\/strong>,<strong> \u00ab Bouge en bleu pour l&rsquo;autisme \u00bb<\/strong> fera sa <strong>quatri\u00e8me \u00e9dition<\/strong> ce week-end. Toujours en \u00e9cho \u00e0 la <strong>Journ\u00e9e mondiale de sensibilisation \u00e0 l&rsquo;autisme<\/strong>, et toujours pour r\u00e9colter de l&rsquo;argent au profit d&rsquo;<strong>\u00e9coles et d&rsquo;associations \u0153uvrant pour l&rsquo;autisme<\/strong>.<\/h2>\n<p><!--more--><\/p>\n<h3><strong>Un programme riche en animations<\/strong><\/h3>\n<p>\u00c0 partir de <strong>10 h<\/strong> dimanche matin, les <strong>animations et activit\u00e9s<\/strong> vont s&rsquo;encha\u00eener \u00e0 l&rsquo;<strong>Espace Fran\u00e7ois-Mitterrand<\/strong> jusqu&rsquo;en toute fin de journ\u00e9e. <strong>D\u00e9monstrations<\/strong> de diff\u00e9rentes <strong>danses<\/strong> et d&rsquo;<strong>escrime artistique<\/strong> ; <strong>initiations<\/strong> de <strong>danse country<\/strong> ; <strong>agility canine<\/strong> ; <strong>exposition de peintures<\/strong> ; <strong>maquillage pour enfants<\/strong> ; <strong>barbes \u00e0 papa<\/strong> ; <strong>restauration<\/strong> avec la pr\u00e9sence d&rsquo;un <strong>camion pizza<\/strong> ; <strong>temps zen<\/strong> de <strong>12 h \u00e0 14 h<\/strong> ; <strong>rencontres autour de l&rsquo;autisme<\/strong> tout au long de la journ\u00e9e ; <strong>parcours bleu enfants<\/strong> avec diverses <strong>activit\u00e9s ludiques<\/strong>&#8230; sans oublier la <strong>loterie<\/strong> et l&rsquo;<strong>ap\u00e9ro-concert<\/strong> \u00e0 la <strong>Tour de la Libert\u00e9<\/strong>, qui sera assur\u00e9 \u00e0 <strong>17 h<\/strong> par le groupe <strong>Buddy&rsquo;s Cab<\/strong>.<\/p>\n<h3><strong>Le programme d\u00e9taill\u00e9 du quatri\u00e8me chapitre de \u00ab Bouge en bleu pour l&rsquo;autisme \u00bb, qui sera inaugur\u00e9 sur les coups de 10h :<\/strong><\/h3>\n<h4><strong>Matin\u00e9e<\/strong><\/h4>\n<p><strong>10H00<\/strong> \u2013 Inauguration de la journ\u00e9e<br \/>\n<strong>10H15<\/strong> \u2013 D\u00e9monstration de danse de \u00ab M.F.D \u00bb<br \/>\n<strong>10H45<\/strong> \u2013 \u00ab Danse tes \u00e9motions \u00bb avec Virginie<br \/>\n<strong>11H00<\/strong> \u2013 D\u00e9monstration \u00ab La danse \u00e0 Senones \u00bb<br \/>\n<strong>11H30<\/strong> \u2013 Atelier th\u00e9\u00e2tre<\/p>\n<h4><strong>Pause midi<\/strong><\/h4>\n<p><strong>12H00 &#8211; 14H00<\/strong> \u2013 \u00ab Tous en silence ! On chuchote ! \u00bb<\/p>\n<h4><strong>Apr\u00e8s-midi<\/strong><\/h4>\n<p><strong>14H15<\/strong> \u2013 D\u00e9monstration \u00ab La Rapi\u00e8re D\u00e9odatienne \u00bb<br \/>\n<strong>15H00<\/strong> \u2013 D\u00e9monstration de danse \u00ab Let\u2019s Move \u00bb<br \/>\n<strong>15H45<\/strong> \u2013 D\u00e9monstration \u00ab Miss Dancer \u00bb<br \/>\n<strong>16H15<\/strong> \u2013 Initiation \u00ab Les Santiags de l\u2019Est \u00bb<br \/>\n<strong>16H45<\/strong> \u2013 R\u00e9sultats de la loterie<\/p>\n<h4><strong>Soir\u00e9e<\/strong><\/h4>\n<p><strong>17H00<\/strong> \u2013 Ap\u00e9ro concert \u00e0 la Tour de la Libert\u00e9 par Buddy&rsquo;s Cab<br \/>\n<strong>Entr\u00e9e : 3\u20ac<\/strong> (<strong>Buvette sur place<\/strong>) \u2013 Tous les b\u00e9n\u00e9fices seront revers\u00e9s \u00e0 l\u2019association<\/p>\n<h3><strong>Animations et Ateliers<\/strong><\/h3>\n<p><strong>Parcours bleu enfants<\/strong> (<strong>10H15 &#8211; 16H45<\/strong>) \u2013 Activit\u00e9s ludiques : bricolages, bracelets, brochettes de bonbons, \u00e9checs, l\u00e9gos, mandalas, th\u00e9\u00e2tre, balles anti-stress\u2026<br \/>\n<strong>Tarif Pass Activit\u00e9s : 5\u20ac (en vente sur place)<\/strong><\/p>\n<p><strong>Temps Zen<\/strong> (<strong>12H00 &#8211; 14H00<\/strong>) \u2013 Moment de calme o\u00f9 tout le monde chuchote<\/p>\n<p><strong>Agility avec le club canin D\u00e9odatien<\/strong> (<strong>10H15 &#8211; 16H45<\/strong>)<br \/>\n<strong>Tarif : 1\u20ac<\/strong> \u2013 Parcours avec des chiens sp\u00e9cialis\u00e9s<\/p>\n<p><strong>Portrait photo rigolo<\/strong> (<strong>10H15 &#8211; 16H45<\/strong>)<br \/>\n<strong>Tarif libre<\/strong> (<strong>photo num\u00e9rique<\/strong>)<\/p>\n<p><strong>Maquillages enfants<\/strong> (<strong>10H15 &#8211; 16H45<\/strong>)<br \/>\n<strong>Tarif : 3\u20ac<\/strong><\/p>\n<p><strong>Barbe \u00e0 papa<\/strong> (<strong>10H15 &#8211; 16H45<\/strong>)<br \/>\n<strong>Tarif : 2\u20ac<\/strong><\/p>\n<p><strong>Camion Pizza<\/strong> \u00ab O P\u2019tit Napoli \u00bb<\/p>\n<p><strong>Exposition de peinture<\/strong> avec l\u2019artiste Aur\u00e9lie Betton \u2013 \u0152uvres en vente sur Artis A et sur place<\/p>\n<p><strong>Rencontre sur l\u2019autisme<\/strong> (<strong>10H00 &#8211; 17H00<\/strong>) \u2013 Stand d\u2019information avec Asperger Lorraine, \u00c9mile, Soleil Autisme, \u00c9cole de la Providence, UEMA \u00c9cole Ferdinand Brunot.<\/p>\n<p>J.J.<\/p>\n","protected":false},"excerpt":{"rendered":"<p>Impuls\u00e9 par la dynamique D\u00e9odatienne M\u00e9lanie Richard, \u00ab Bouge en bleu pour l&rsquo;autisme \u00bb fera sa quatri\u00e8me \u00e9dition ce week-end. [&hellip;]<\/p>\n","protected":false},"author":46,"featured_media":76156,"comment_status":"open","ping_status":"open","sticky":false,"template":"","format":"standard","meta":{"footnotes":""},"categories":[460,5392,5391,5389,4099,167,29,17,18],"tags":[3941,3089,10729,2865,2953],"class_list":["post-76155","post","type-post","status-publish","format-standard","has-post-thumbnail","hentry","category-a-la-une","category-epinal","category-gerardmer","category-la-plaine-des-vosges","category-remiremont","category-saint-die-des-vosges","category-solidarite","category-vie-associative","category-vosges","tag-bouge-en-bleu-pour-lautisme","tag-espace-francois-mitterrand","tag-journee-mondiale-de-sensibilisation-a-lautisme","tag-melanie-richard","tag-tour-de-la-liberte"],"acf":[],"yoast_head":"<!-- This site is optimized with the Yoast SEO plugin v22.5 - https:\/\/yoast.com\/wordpress\/plugins\/seo\/ -->\n<title>Dimanche, Saint-Di\u00e9-des-Vosges se bouge pour l&#039;autisme ! - Saint Die Info<\/title>\n<meta name=\"robots\" content=\"index, follow, max-snippet:-1, max-image-preview:large, max-video-preview:-1\" \/>\n<link rel=\"canonical\" href=\"https:\/\/vosgesinfo.fr\/saintdieinfo\/2025\/04\/dimanche-saint-die-des-vosges-se-bouge-pour-lautisme\/\" \/>\n<meta name=\"twitter:card\" content=\"summary_large_image\" \/>\n<meta name=\"twitter:title\" content=\"Dimanche, Saint-Di\u00e9-des-Vosges se bouge pour l&#039;autisme ! - Saint Die Info\" \/>\n<meta name=\"twitter:description\" content=\"Impuls\u00e9 par la dynamique D\u00e9odatienne M\u00e9lanie Richard, \u00ab Bouge en bleu pour l&rsquo;autisme \u00bb fera sa quatri\u00e8me \u00e9dition ce week-end. [&hellip;]\" \/>\n<meta name=\"twitter:image\" content=\"https:\/\/vosgesinfo.fr\/app\/uploads\/sites\/4\/2025\/04\/bouge-en-bleu-autisme-1.jpg\" \/>\n<meta name=\"twitter:creator\" content=\"@VosgesInfo88\" \/>\n<meta name=\"twitter:site\" content=\"@VosgesInfo88\" \/>\n<meta name=\"twitter:label1\" content=\"\u00c9crit par\" \/>\n\t<meta name=\"twitter:data1\" content=\"J.J.\" \/>\n\t<meta name=\"twitter:label2\" content=\"Dur\u00e9e de lecture estim\u00e9e\" \/>\n\t<meta name=\"twitter:data2\" content=\"3 minutes\" \/>\n<script type=\"application\/ld+json\" class=\"yoast-schema-graph\">{\"@context\":\"https:\/\/schema.org\",\"@graph\":[{\"@type\":\"Article\",\"@id\":\"https:\/\/vosgesinfo.fr\/saintdieinfo\/2025\/04\/dimanche-saint-die-des-vosges-se-bouge-pour-lautisme\/#article\",\"isPartOf\":{\"@id\":\"https:\/\/vosgesinfo.fr\/saintdieinfo\/2025\/04\/dimanche-saint-die-des-vosges-se-bouge-pour-lautisme\/\"},\"author\":{\"name\":\"J.J.\",\"@id\":\"https:\/\/vosgesinfo.fr\/saintdieinfo\/#\/schema\/person\/fa73e9f726d67bb88f46d5b7943cb572\"},\"headline\":\"Dimanche, Saint-Di\u00e9-des-Vosges se bouge pour l&rsquo;autisme !\",\"datePublished\":\"2025-04-03T09:30:29+00:00\",\"dateModified\":\"2025-04-03T09:17:27+00:00\",\"mainEntityOfPage\":{\"@id\":\"https:\/\/vosgesinfo.fr\/saintdieinfo\/2025\/04\/dimanche-saint-die-des-vosges-se-bouge-pour-lautisme\/\"},\"wordCount\":440,\"commentCount\":0,\"publisher\":{\"@id\":\"https:\/\/vosgesinfo.fr\/saintdieinfo\/#organization\"},\"image\":{\"@id\":\"https:\/\/vosgesinfo.fr\/saintdieinfo\/2025\/04\/dimanche-saint-die-des-vosges-se-bouge-pour-lautisme\/#primaryimage\"},\"thumbnailUrl\":\"https:\/\/vosgesinfo.fr\/app\/uploads\/sites\/4\/2025\/04\/bouge-en-bleu-autisme-1.jpg\",\"keywords\":[\"Bouge en bleu pour l'autisme\",\"Espace Fran\u00e7ois-Mitterrand\",\"Journ\u00e9e mondiale de sensibilisation \u00e0 l'autisme\",\"M\u00e9lanie Richard\",\"Tour de la Libert\u00e9\"],\"articleSection\":[\"A la Une\",\"Epinal\",\"Gerardmer\",\"La plaine des vosges\",\"Remiremont\",\"Saint-Di\u00e9-des-Vosges\",\"Solidarit\u00e9\",\"Vie Associative\",\"Vosges\"],\"inLanguage\":\"fr-FR\",\"potentialAction\":[{\"@type\":\"CommentAction\",\"name\":\"Comment\",\"target\":[\"https:\/\/vosgesinfo.fr\/saintdieinfo\/2025\/04\/dimanche-saint-die-des-vosges-se-bouge-pour-lautisme\/#respond\"]}]},{\"@type\":\"WebPage\",\"@id\":\"https:\/\/vosgesinfo.fr\/saintdieinfo\/2025\/04\/dimanche-saint-die-des-vosges-se-bouge-pour-lautisme\/\",\"url\":\"https:\/\/vosgesinfo.fr\/saintdieinfo\/2025\/04\/dimanche-saint-die-des-vosges-se-bouge-pour-lautisme\/\",\"name\":\"Dimanche, Saint-Di\u00e9-des-Vosges se bouge pour l'autisme ! - Saint Die Info\",\"isPartOf\":{\"@id\":\"https:\/\/vosgesinfo.fr\/saintdieinfo\/#website\"},\"primaryImageOfPage\":{\"@id\":\"https:\/\/vosgesinfo.fr\/saintdieinfo\/2025\/04\/dimanche-saint-die-des-vosges-se-bouge-pour-lautisme\/#primaryimage\"},\"image\":{\"@id\":\"https:\/\/vosgesinfo.fr\/saintdieinfo\/2025\/04\/dimanche-saint-die-des-vosges-se-bouge-pour-lautisme\/#primaryimage\"},\"thumbnailUrl\":\"https:\/\/vosgesinfo.fr\/app\/uploads\/sites\/4\/2025\/04\/bouge-en-bleu-autisme-1.jpg\",\"datePublished\":\"2025-04-03T09:30:29+00:00\",\"dateModified\":\"2025-04-03T09:17:27+00:00\",\"breadcrumb\":{\"@id\":\"https:\/\/vosgesinfo.fr\/saintdieinfo\/2025\/04\/dimanche-saint-die-des-vosges-se-bouge-pour-lautisme\/#breadcrumb\"},\"inLanguage\":\"fr-FR\",\"potentialAction\":[{\"@type\":\"ReadAction\",\"target\":[\"https:\/\/vosgesinfo.fr\/saintdieinfo\/2025\/04\/dimanche-saint-die-des-vosges-se-bouge-pour-lautisme\/\"]}]},{\"@type\":\"ImageObject\",\"inLanguage\":\"fr-FR\",\"@id\":\"https:\/\/vosgesinfo.fr\/saintdieinfo\/2025\/04\/dimanche-saint-die-des-vosges-se-bouge-pour-lautisme\/#primaryimage\",\"url\":\"https:\/\/vosgesinfo.fr\/app\/uploads\/sites\/4\/2025\/04\/bouge-en-bleu-autisme-1.jpg\",\"contentUrl\":\"https:\/\/vosgesinfo.fr\/app\/uploads\/sites\/4\/2025\/04\/bouge-en-bleu-autisme-1.jpg\",\"width\":1800,\"height\":1355},{\"@type\":\"BreadcrumbList\",\"@id\":\"https:\/\/vosgesinfo.fr\/saintdieinfo\/2025\/04\/dimanche-saint-die-des-vosges-se-bouge-pour-lautisme\/#breadcrumb\",\"itemListElement\":[{\"@type\":\"ListItem\",\"position\":1,\"name\":\"Home\",\"item\":\"https:\/\/vosgesinfo.fr\/saintdieinfo\/\"},{\"@type\":\"ListItem\",\"position\":2,\"name\":\"Dimanche, Saint-Di\u00e9-des-Vosges se bouge pour l&rsquo;autisme !\"}]},{\"@type\":\"WebSite\",\"@id\":\"https:\/\/vosgesinfo.fr\/saintdieinfo\/#website\",\"url\":\"https:\/\/vosgesinfo.fr\/saintdieinfo\/\",\"name\":\"Saint Die Info\",\"description\":\"Toute l&#039;actualit\u00e9 de Saint-Di\u00e9-Des-Vosges\",\"publisher\":{\"@id\":\"https:\/\/vosgesinfo.fr\/saintdieinfo\/#organization\"},\"alternateName\":\"Toute l'actualit\u00e9 de Saint-Di\u00e9-Des-Vosges\",\"potentialAction\":[{\"@type\":\"SearchAction\",\"target\":{\"@type\":\"EntryPoint\",\"urlTemplate\":\"https:\/\/vosgesinfo.fr\/saintdieinfo\/?s={search_term_string}\"},\"query-input\":\"required name=search_term_string\"}],\"inLanguage\":\"fr-FR\"},{\"@type\":\"Organization\",\"@id\":\"https:\/\/vosgesinfo.fr\/saintdieinfo\/#organization\",\"name\":\"Saint Die Info\",\"url\":\"https:\/\/vosgesinfo.fr\/saintdieinfo\/\",\"logo\":{\"@type\":\"ImageObject\",\"inLanguage\":\"fr-FR\",\"@id\":\"https:\/\/vosgesinfo.fr\/saintdieinfo\/#\/schema\/logo\/image\/\",\"url\":\"https:\/\/vosgesinfo.fr\/app\/uploads\/sites\/4\/2024\/02\/logo-sdi.jpg\",\"contentUrl\":\"https:\/\/vosgesinfo.fr\/app\/uploads\/sites\/4\/2024\/02\/logo-sdi.jpg\",\"width\":600,\"height\":600,\"caption\":\"Saint Die Info\"},\"image\":{\"@id\":\"https:\/\/vosgesinfo.fr\/saintdieinfo\/#\/schema\/logo\/image\/\"},\"sameAs\":[\"https:\/\/www.facebook.com\/Saintdieinfofr\",\"https:\/\/x.com\/VosgesInfo88\",\"https:\/\/www.youtube.com\/@vosgesinfo\"]},{\"@type\":\"Person\",\"@id\":\"https:\/\/vosgesinfo.fr\/saintdieinfo\/#\/schema\/person\/fa73e9f726d67bb88f46d5b7943cb572\",\"name\":\"J.J.\",\"image\":{\"@type\":\"ImageObject\",\"inLanguage\":\"fr-FR\",\"@id\":\"https:\/\/vosgesinfo.fr\/saintdieinfo\/#\/schema\/person\/image\/\",\"url\":\"https:\/\/secure.gravatar.com\/avatar\/219e749e47ffbcca018a360ae4add7d4cdf1cdaaf8bc7676b27efade3fe65615?s=96&d=mm&r=g\",\"contentUrl\":\"https:\/\/secure.gravatar.com\/avatar\/219e749e47ffbcca018a360ae4add7d4cdf1cdaaf8bc7676b27efade3fe65615?s=96&d=mm&r=g\",\"caption\":\"J.J.\"},\"url\":\"https:\/\/vosgesinfo.fr\/saintdieinfo\/author\/j-j\/\"}]}<\/script>\n<!-- \/ Yoast SEO plugin. -->","yoast_head_json":{"title":"Dimanche, Saint-Di\u00e9-des-Vosges se bouge pour l'autisme ! - Saint Die Info","robots":{"index":"index","follow":"follow","max-snippet":"max-snippet:-1","max-image-preview":"max-image-preview:large","max-video-preview":"max-video-preview:-1"},"canonical":"https:\/\/vosgesinfo.fr\/saintdieinfo\/2025\/04\/dimanche-saint-die-des-vosges-se-bouge-pour-lautisme\/","twitter_card":"summary_large_image","twitter_title":"Dimanche, Saint-Di\u00e9-des-Vosges se bouge pour l'autisme ! - Saint Die Info","twitter_description":"Impuls\u00e9 par la dynamique D\u00e9odatienne M\u00e9lanie Richard, \u00ab Bouge en bleu pour l&rsquo;autisme \u00bb fera sa quatri\u00e8me \u00e9dition ce week-end. [&hellip;]","twitter_image":"https:\/\/vosgesinfo.fr\/app\/uploads\/sites\/4\/2025\/04\/bouge-en-bleu-autisme-1.jpg","twitter_creator":"@VosgesInfo88","twitter_site":"@VosgesInfo88","twitter_misc":{"\u00c9crit par":"J.J.","Dur\u00e9e de lecture estim\u00e9e":"3 minutes"},"schema":{"@context":"https:\/\/schema.org","@graph":[{"@type":"Article","@id":"https:\/\/vosgesinfo.fr\/saintdieinfo\/2025\/04\/dimanche-saint-die-des-vosges-se-bouge-pour-lautisme\/#article","isPartOf":{"@id":"https:\/\/vosgesinfo.fr\/saintdieinfo\/2025\/04\/dimanche-saint-die-des-vosges-se-bouge-pour-lautisme\/"},"author":{"name":"J.J.","@id":"https:\/\/vosgesinfo.fr\/saintdieinfo\/#\/schema\/person\/fa73e9f726d67bb88f46d5b7943cb572"},"headline":"Dimanche, Saint-Di\u00e9-des-Vosges se bouge pour l&rsquo;autisme !","datePublished":"2025-04-03T09:30:29+00:00","dateModified":"2025-04-03T09:17:27+00:00","mainEntityOfPage":{"@id":"https:\/\/vosgesinfo.fr\/saintdieinfo\/2025\/04\/dimanche-saint-die-des-vosges-se-bouge-pour-lautisme\/"},"wordCount":440,"commentCount":0,"publisher":{"@id":"https:\/\/vosgesinfo.fr\/saintdieinfo\/#organization"},"image":{"@id":"https:\/\/vosgesinfo.fr\/saintdieinfo\/2025\/04\/dimanche-saint-die-des-vosges-se-bouge-pour-lautisme\/#primaryimage"},"thumbnailUrl":"https:\/\/vosgesinfo.fr\/app\/uploads\/sites\/4\/2025\/04\/bouge-en-bleu-autisme-1.jpg","keywords":["Bouge en bleu pour l'autisme","Espace Fran\u00e7ois-Mitterrand","Journ\u00e9e mondiale de sensibilisation \u00e0 l'autisme","M\u00e9lanie Richard","Tour de la Libert\u00e9"],"articleSection":["A la Une","Epinal","Gerardmer","La plaine des vosges","Remiremont","Saint-Di\u00e9-des-Vosges","Solidarit\u00e9","Vie Associative","Vosges"],"inLanguage":"fr-FR","potentialAction":[{"@type":"CommentAction","name":"Comment","target":["https:\/\/vosgesinfo.fr\/saintdieinfo\/2025\/04\/dimanche-saint-die-des-vosges-se-bouge-pour-lautisme\/#respond"]}]},{"@type":"WebPage","@id":"https:\/\/vosgesinfo.fr\/saintdieinfo\/2025\/04\/dimanche-saint-die-des-vosges-se-bouge-pour-lautisme\/","url":"https:\/\/vosgesinfo.fr\/saintdieinfo\/2025\/04\/dimanche-saint-die-des-vosges-se-bouge-pour-lautisme\/","name":"Dimanche, Saint-Di\u00e9-des-Vosges se bouge pour l'autisme ! - Saint Die Info","isPartOf":{"@id":"https:\/\/vosgesinfo.fr\/saintdieinfo\/#website"},"primaryImageOfPage":{"@id":"https:\/\/vosgesinfo.fr\/saintdieinfo\/2025\/04\/dimanche-saint-die-des-vosges-se-bouge-pour-lautisme\/#primaryimage"},"image":{"@id":"https:\/\/vosgesinfo.fr\/saintdieinfo\/2025\/04\/dimanche-saint-die-des-vosges-se-bouge-pour-lautisme\/#primaryimage"},"thumbnailUrl":"https:\/\/vosgesinfo.fr\/app\/uploads\/sites\/4\/2025\/04\/bouge-en-bleu-autisme-1.jpg","datePublished":"2025-04-03T09:30:29+00:00","dateModified":"2025-04-03T09:17:27+00:00","breadcrumb":{"@id":"https:\/\/vosgesinfo.fr\/saintdieinfo\/2025\/04\/dimanche-saint-die-des-vosges-se-bouge-pour-lautisme\/#breadcrumb"},"inLanguage":"fr-FR","potentialAction":[{"@type":"ReadAction","target":["https:\/\/vosgesinfo.fr\/saintdieinfo\/2025\/04\/dimanche-saint-die-des-vosges-se-bouge-pour-lautisme\/"]}]},{"@type":"ImageObject","inLanguage":"fr-FR","@id":"https:\/\/vosgesinfo.fr\/saintdieinfo\/2025\/04\/dimanche-saint-die-des-vosges-se-bouge-pour-lautisme\/#primaryimage","url":"https:\/\/vosgesinfo.fr\/app\/uploads\/sites\/4\/2025\/04\/bouge-en-bleu-autisme-1.jpg","contentUrl":"https:\/\/vosgesinfo.fr\/app\/uploads\/sites\/4\/2025\/04\/bouge-en-bleu-autisme-1.jpg","width":1800,"height":1355},{"@type":"BreadcrumbList","@id":"https:\/\/vosgesinfo.fr\/saintdieinfo\/2025\/04\/dimanche-saint-die-des-vosges-se-bouge-pour-lautisme\/#breadcrumb","itemListElement":[{"@type":"ListItem","position":1,"name":"Home","item":"https:\/\/vosgesinfo.fr\/saintdieinfo\/"},{"@type":"ListItem","position":2,"name":"Dimanche, Saint-Di\u00e9-des-Vosges se bouge pour l&rsquo;autisme !"}]},{"@type":"WebSite","@id":"https:\/\/vosgesinfo.fr\/saintdieinfo\/#website","url":"https:\/\/vosgesinfo.fr\/saintdieinfo\/","name":"Saint Die Info","description":"Toute l&#039;actualit\u00e9 de Saint-Di\u00e9-Des-Vosges","publisher":{"@id":"https:\/\/vosgesinfo.fr\/saintdieinfo\/#organization"},"alternateName":"Toute l'actualit\u00e9 de Saint-Di\u00e9-Des-Vosges","potentialAction":[{"@type":"SearchAction","target":{"@type":"EntryPoint","urlTemplate":"https:\/\/vosgesinfo.fr\/saintdieinfo\/?s={search_term_string}"},"query-input":"required name=search_term_string"}],"inLanguage":"fr-FR"},{"@type":"Organization","@id":"https:\/\/vosgesinfo.fr\/saintdieinfo\/#organization","name":"Saint Die Info","url":"https:\/\/vosgesinfo.fr\/saintdieinfo\/","logo":{"@type":"ImageObject","inLanguage":"fr-FR","@id":"https:\/\/vosgesinfo.fr\/saintdieinfo\/#\/schema\/logo\/image\/","url":"https:\/\/vosgesinfo.fr\/app\/uploads\/sites\/4\/2024\/02\/logo-sdi.jpg","contentUrl":"https:\/\/vosgesinfo.fr\/app\/uploads\/sites\/4\/2024\/02\/logo-sdi.jpg","width":600,"height":600,"caption":"Saint Die Info"},"image":{"@id":"https:\/\/vosgesinfo.fr\/saintdieinfo\/#\/schema\/logo\/image\/"},"sameAs":["https:\/\/www.facebook.com\/Saintdieinfofr","https:\/\/x.com\/VosgesInfo88","https:\/\/www.youtube.com\/@vosgesinfo"]},{"@type":"Person","@id":"https:\/\/vosgesinfo.fr\/saintdieinfo\/#\/schema\/person\/fa73e9f726d67bb88f46d5b7943cb572","name":"J.J.","image":{"@type":"ImageObject","inLanguage":"fr-FR","@id":"https:\/\/vosgesinfo.fr\/saintdieinfo\/#\/schema\/person\/image\/","url":"https:\/\/secure.gravatar.com\/avatar\/219e749e47ffbcca018a360ae4add7d4cdf1cdaaf8bc7676b27efade3fe65615?s=96&d=mm&r=g","contentUrl":"https:\/\/secure.gravatar.com\/avatar\/219e749e47ffbcca018a360ae4add7d4cdf1cdaaf8bc7676b27efade3fe65615?s=96&d=mm&r=g","caption":"J.J."},"url":"https:\/\/vosgesinfo.fr\/saintdieinfo\/author\/j-j\/"}]}},"_links":{"self":[{"href":"https:\/\/vosgesinfo.fr\/saintdieinfo\/wp-json\/wp\/v2\/posts\/76155","targetHints":{"allow":["GET"]}}],"collection":[{"href":"https:\/\/vosgesinfo.fr\/saintdieinfo\/wp-json\/wp\/v2\/posts"}],"about":[{"href":"https:\/\/vosgesinfo.fr\/saintdieinfo\/wp-json\/wp\/v2\/types\/post"}],"author":[{"embeddable":true,"href":"https:\/\/vosgesinfo.fr\/saintdieinfo\/wp-json\/wp\/v2\/users\/46"}],"replies":[{"embeddable":true,"href":"https:\/\/vosgesinfo.fr\/saintdieinfo\/wp-json\/wp\/v2\/comments?post=76155"}],"version-history":[{"count":1,"href":"https:\/\/vosgesinfo.fr\/saintdieinfo\/wp-json\/wp\/v2\/posts\/76155\/revisions"}],"predecessor-version":[{"id":76157,"href":"https:\/\/vosgesinfo.fr\/saintdieinfo\/wp-json\/wp\/v2\/posts\/76155\/revisions\/76157"}],"wp:featuredmedia":[{"embeddable":true,"href":"https:\/\/vosgesinfo.fr\/saintdieinfo\/wp-json\/wp\/v2\/media\/76156"}],"wp:attachment":[{"href":"https:\/\/vosgesinfo.fr\/saintdieinfo\/wp-json\/wp\/v2\/media?parent=76155"}],"wp:term":[{"taxonomy":"category","embeddable":true,"href":"https:\/\/vosgesinfo.fr\/saintdieinfo\/wp-json\/wp\/v2\/categories?post=76155"},{"taxonomy":"post_tag","embeddable":true,"href":"https:\/\/vosgesinfo.fr\/saintdieinfo\/wp-json\/wp\/v2\/tags?post=76155"}],"curies":[{"name":"wp","href":"https:\/\/api.w.org\/{rel}","templated":true}]}}