{"id":76162,"date":"2025-04-03T17:55:28","date_gmt":"2025-04-03T15:55:28","guid":{"rendered":"https:\/\/vosgesinfo.fr\/saintdieinfo\/?p=76162"},"modified":"2025-04-03T16:52:51","modified_gmt":"2025-04-03T14:52:51","slug":"corcieux-vide-greniers-de-lassociation-amitie-franco-italienne-3","status":"publish","type":"post","link":"https:\/\/vosgesinfo.fr\/saintdieinfo\/2025\/04\/corcieux-vide-greniers-de-lassociation-amitie-franco-italienne-3\/","title":{"rendered":"Corcieux \u2013 Vide-greniers de l&rsquo;association Amiti\u00e9 Franco-Italienne"},"content":{"rendered":"<h2><strong>Corcieux accueille un vide-greniers ce dimanche 6 avril, de 7 h \u00e0 18 h.<\/strong> Organis\u00e9 par l\u2019<strong>association Amiti\u00e9 Franco Italienne<\/strong>, il se tiendra au <strong>centre de la commune, place de la Mairie<\/strong>, ainsi que dans les rues adjacentes.<!--more--><\/h2>\n<h3><strong>Parade des Magic Miss<\/strong><\/h3>\n<p>Outre les <strong>nombreux exposants proposant divers objets et antiquit\u00e9s<\/strong>, la journ\u00e9e sera rythm\u00e9e par la <strong>pr\u00e9sence des majorettes d\u2019\u00c9tival-Clairefontaine et de Moyenmoutier<\/strong>, les Magic Miss, qui assureront une <strong>parade entre 10 h 30 et 17 h<\/strong>.<\/p>\n<h3><strong>Informations pratiques<\/strong><\/h3>\n<p>Une <strong>buvette<\/strong> et de la <strong>restauration<\/strong> seront \u00e0 retrouver sur place. L&rsquo;<strong>arriv\u00e9e des exposants<\/strong> est pr\u00e9vue \u00e0 partir de <strong>6 h du matin<\/strong>, avec un <strong>tarif de 2 \u20ac le m\u00e8tre<\/strong>.<\/p>\n<p>Inscriptions et renseignements compl\u00e9mentaires au <strong>03-29-57-21-82<\/strong> ou <strong>06-22-82-71-01<\/strong>, ou via <strong><a href=\"mailto:amitie.franco.italienne@gmail.com\" target=\"_blank\" rel=\"noopener\">amitie.franco.italienne@gmail.com<\/a><\/strong>.<\/p>\n<p><a href=\"https:\/\/vosgesinfo.fr\/app\/uploads\/sites\/4\/2025\/04\/corcieux-vide-greniers-association-amitie-franco-italienne.png\"><img decoding=\"async\" class=\"alignnone size-large wp-image-76163\" src=\"https:\/\/vosgesinfo.fr\/app\/uploads\/sites\/4\/2025\/04\/corcieux-vide-greniers-association-amitie-franco-italienne-724x1024.png\" alt=\"\" width=\"724\" height=\"1024\" srcset=\"https:\/\/vosgesinfo.fr\/app\/uploads\/sites\/4\/2025\/04\/corcieux-vide-greniers-association-amitie-franco-italienne-724x1024.png 724w, https:\/\/vosgesinfo.fr\/app\/uploads\/sites\/4\/2025\/04\/corcieux-vide-greniers-association-amitie-franco-italienne-212x300.png 212w, https:\/\/vosgesinfo.fr\/app\/uploads\/sites\/4\/2025\/04\/corcieux-vide-greniers-association-amitie-franco-italienne-768x1086.png 768w, https:\/\/vosgesinfo.fr\/app\/uploads\/sites\/4\/2025\/04\/corcieux-vide-greniers-association-amitie-franco-italienne-1086x1536.png 1086w, https:\/\/vosgesinfo.fr\/app\/uploads\/sites\/4\/2025\/04\/corcieux-vide-greniers-association-amitie-franco-italienne.png 1414w\" sizes=\"(max-width: 724px) 100vw, 724px\" \/><\/a><\/p>\n","protected":false},"excerpt":{"rendered":"<p>Corcieux accueille un vide-greniers ce dimanche 6 avril, de 7 h \u00e0 18 h. Organis\u00e9 par l\u2019association Amiti\u00e9 Franco Italienne, [&hellip;]<\/p>\n","protected":false},"author":46,"featured_media":76163,"comment_status":"open","ping_status":"open","sticky":false,"template":"","format":"standard","meta":{"footnotes":""},"categories":[3900,5391,20,2915,17],"tags":[16741,1824,1372,16742],"class_list":["post-76162","post","type-post","status-publish","format-standard","has-post-thumbnail","hentry","category-breves","category-gerardmer","category-loisirs","category-saint-die-son-canton","category-vie-associative","tag-association-amite-franco-italienne-de-corcieux","tag-corcieux","tag-vide-greniers","tag-vide-greniers-de-lassociation-amitie-franco-italienne-de-corcieux"],"acf":[],"yoast_head":"<!-- This site is optimized with the Yoast SEO plugin v22.5 - https:\/\/yoast.com\/wordpress\/plugins\/seo\/ -->\n<title>Corcieux \u2013 Vide-greniers de l&#039;association Amiti\u00e9 Franco-Italienne - Saint Die Info<\/title>\n<meta name=\"robots\" content=\"index, follow, max-snippet:-1, max-image-preview:large, max-video-preview:-1\" \/>\n<link rel=\"canonical\" href=\"https:\/\/vosgesinfo.fr\/saintdieinfo\/2025\/04\/corcieux-vide-greniers-de-lassociation-amitie-franco-italienne-3\/\" \/>\n<meta name=\"twitter:card\" content=\"summary_large_image\" \/>\n<meta name=\"twitter:title\" content=\"Corcieux \u2013 Vide-greniers de l&#039;association Amiti\u00e9 Franco-Italienne - Saint Die Info\" \/>\n<meta name=\"twitter:description\" content=\"Corcieux accueille un vide-greniers ce dimanche 6 avril, de 7 h \u00e0 18 h. Organis\u00e9 par l\u2019association Amiti\u00e9 Franco Italienne, [&hellip;]\" \/>\n<meta name=\"twitter:image\" content=\"https:\/\/vosgesinfo.fr\/app\/uploads\/sites\/4\/2025\/04\/corcieux-vide-greniers-association-amitie-franco-italienne.png\" \/>\n<meta name=\"twitter:creator\" content=\"@VosgesInfo88\" \/>\n<meta name=\"twitter:site\" content=\"@VosgesInfo88\" \/>\n<meta name=\"twitter:label1\" content=\"\u00c9crit par\" \/>\n\t<meta name=\"twitter:data1\" content=\"J.J.\" \/>\n\t<meta name=\"twitter:label2\" content=\"Dur\u00e9e de lecture estim\u00e9e\" \/>\n\t<meta name=\"twitter:data2\" content=\"1 minute\" \/>\n<script type=\"application\/ld+json\" class=\"yoast-schema-graph\">{\"@context\":\"https:\/\/schema.org\",\"@graph\":[{\"@type\":\"Article\",\"@id\":\"https:\/\/vosgesinfo.fr\/saintdieinfo\/2025\/04\/corcieux-vide-greniers-de-lassociation-amitie-franco-italienne-3\/#article\",\"isPartOf\":{\"@id\":\"https:\/\/vosgesinfo.fr\/saintdieinfo\/2025\/04\/corcieux-vide-greniers-de-lassociation-amitie-franco-italienne-3\/\"},\"author\":{\"name\":\"J.J.\",\"@id\":\"https:\/\/vosgesinfo.fr\/saintdieinfo\/#\/schema\/person\/fa73e9f726d67bb88f46d5b7943cb572\"},\"headline\":\"Corcieux \u2013 Vide-greniers de l&rsquo;association Amiti\u00e9 Franco-Italienne\",\"datePublished\":\"2025-04-03T15:55:28+00:00\",\"dateModified\":\"2025-04-03T14:52:51+00:00\",\"mainEntityOfPage\":{\"@id\":\"https:\/\/vosgesinfo.fr\/saintdieinfo\/2025\/04\/corcieux-vide-greniers-de-lassociation-amitie-franco-italienne-3\/\"},\"wordCount\":138,\"commentCount\":0,\"publisher\":{\"@id\":\"https:\/\/vosgesinfo.fr\/saintdieinfo\/#organization\"},\"image\":{\"@id\":\"https:\/\/vosgesinfo.fr\/saintdieinfo\/2025\/04\/corcieux-vide-greniers-de-lassociation-amitie-franco-italienne-3\/#primaryimage\"},\"thumbnailUrl\":\"https:\/\/vosgesinfo.fr\/app\/uploads\/sites\/4\/2025\/04\/corcieux-vide-greniers-association-amitie-franco-italienne.png\",\"keywords\":[\"Association Amit\u00e9 Franco-Italienne de Corcieux\",\"Corcieux\",\"vide-greniers\",\"Vide-greniers de l'association Amiti\u00e9 Franco-Italienne de Corcieux\"],\"articleSection\":[\"Br\u00e8ves\",\"Gerardmer\",\"Loisirs\",\"Saint-Di\u00e9-des-Vosges et son Agglom\u00e9ration\",\"Vie Associative\"],\"inLanguage\":\"fr-FR\",\"potentialAction\":[{\"@type\":\"CommentAction\",\"name\":\"Comment\",\"target\":[\"https:\/\/vosgesinfo.fr\/saintdieinfo\/2025\/04\/corcieux-vide-greniers-de-lassociation-amitie-franco-italienne-3\/#respond\"]}]},{\"@type\":\"WebPage\",\"@id\":\"https:\/\/vosgesinfo.fr\/saintdieinfo\/2025\/04\/corcieux-vide-greniers-de-lassociation-amitie-franco-italienne-3\/\",\"url\":\"https:\/\/vosgesinfo.fr\/saintdieinfo\/2025\/04\/corcieux-vide-greniers-de-lassociation-amitie-franco-italienne-3\/\",\"name\":\"Corcieux \u2013 Vide-greniers de l'association Amiti\u00e9 Franco-Italienne - Saint Die Info\",\"isPartOf\":{\"@id\":\"https:\/\/vosgesinfo.fr\/saintdieinfo\/#website\"},\"primaryImageOfPage\":{\"@id\":\"https:\/\/vosgesinfo.fr\/saintdieinfo\/2025\/04\/corcieux-vide-greniers-de-lassociation-amitie-franco-italienne-3\/#primaryimage\"},\"image\":{\"@id\":\"https:\/\/vosgesinfo.fr\/saintdieinfo\/2025\/04\/corcieux-vide-greniers-de-lassociation-amitie-franco-italienne-3\/#primaryimage\"},\"thumbnailUrl\":\"https:\/\/vosgesinfo.fr\/app\/uploads\/sites\/4\/2025\/04\/corcieux-vide-greniers-association-amitie-franco-italienne.png\",\"datePublished\":\"2025-04-03T15:55:28+00:00\",\"dateModified\":\"2025-04-03T14:52:51+00:00\",\"breadcrumb\":{\"@id\":\"https:\/\/vosgesinfo.fr\/saintdieinfo\/2025\/04\/corcieux-vide-greniers-de-lassociation-amitie-franco-italienne-3\/#breadcrumb\"},\"inLanguage\":\"fr-FR\",\"potentialAction\":[{\"@type\":\"ReadAction\",\"target\":[\"https:\/\/vosgesinfo.fr\/saintdieinfo\/2025\/04\/corcieux-vide-greniers-de-lassociation-amitie-franco-italienne-3\/\"]}]},{\"@type\":\"ImageObject\",\"inLanguage\":\"fr-FR\",\"@id\":\"https:\/\/vosgesinfo.fr\/saintdieinfo\/2025\/04\/corcieux-vide-greniers-de-lassociation-amitie-franco-italienne-3\/#primaryimage\",\"url\":\"https:\/\/vosgesinfo.fr\/app\/uploads\/sites\/4\/2025\/04\/corcieux-vide-greniers-association-amitie-franco-italienne.png\",\"contentUrl\":\"https:\/\/vosgesinfo.fr\/app\/uploads\/sites\/4\/2025\/04\/corcieux-vide-greniers-association-amitie-franco-italienne.png\",\"width\":1414,\"height\":2000},{\"@type\":\"BreadcrumbList\",\"@id\":\"https:\/\/vosgesinfo.fr\/saintdieinfo\/2025\/04\/corcieux-vide-greniers-de-lassociation-amitie-franco-italienne-3\/#breadcrumb\",\"itemListElement\":[{\"@type\":\"ListItem\",\"position\":1,\"name\":\"Home\",\"item\":\"https:\/\/vosgesinfo.fr\/saintdieinfo\/\"},{\"@type\":\"ListItem\",\"position\":2,\"name\":\"Corcieux \u2013 Vide-greniers de l&rsquo;association Amiti\u00e9 Franco-Italienne\"}]},{\"@type\":\"WebSite\",\"@id\":\"https:\/\/vosgesinfo.fr\/saintdieinfo\/#website\",\"url\":\"https:\/\/vosgesinfo.fr\/saintdieinfo\/\",\"name\":\"Saint Die Info\",\"description\":\"Toute l&#039;actualit\u00e9 de Saint-Di\u00e9-Des-Vosges\",\"publisher\":{\"@id\":\"https:\/\/vosgesinfo.fr\/saintdieinfo\/#organization\"},\"alternateName\":\"Toute l'actualit\u00e9 de Saint-Di\u00e9-Des-Vosges\",\"potentialAction\":[{\"@type\":\"SearchAction\",\"target\":{\"@type\":\"EntryPoint\",\"urlTemplate\":\"https:\/\/vosgesinfo.fr\/saintdieinfo\/?s={search_term_string}\"},\"query-input\":\"required name=search_term_string\"}],\"inLanguage\":\"fr-FR\"},{\"@type\":\"Organization\",\"@id\":\"https:\/\/vosgesinfo.fr\/saintdieinfo\/#organization\",\"name\":\"Saint Die Info\",\"url\":\"https:\/\/vosgesinfo.fr\/saintdieinfo\/\",\"logo\":{\"@type\":\"ImageObject\",\"inLanguage\":\"fr-FR\",\"@id\":\"https:\/\/vosgesinfo.fr\/saintdieinfo\/#\/schema\/logo\/image\/\",\"url\":\"https:\/\/vosgesinfo.fr\/app\/uploads\/sites\/4\/2024\/02\/logo-sdi.jpg\",\"contentUrl\":\"https:\/\/vosgesinfo.fr\/app\/uploads\/sites\/4\/2024\/02\/logo-sdi.jpg\",\"width\":600,\"height\":600,\"caption\":\"Saint Die Info\"},\"image\":{\"@id\":\"https:\/\/vosgesinfo.fr\/saintdieinfo\/#\/schema\/logo\/image\/\"},\"sameAs\":[\"https:\/\/www.facebook.com\/Saintdieinfofr\",\"https:\/\/x.com\/VosgesInfo88\",\"https:\/\/www.youtube.com\/@vosgesinfo\"]},{\"@type\":\"Person\",\"@id\":\"https:\/\/vosgesinfo.fr\/saintdieinfo\/#\/schema\/person\/fa73e9f726d67bb88f46d5b7943cb572\",\"name\":\"J.J.\",\"image\":{\"@type\":\"ImageObject\",\"inLanguage\":\"fr-FR\",\"@id\":\"https:\/\/vosgesinfo.fr\/saintdieinfo\/#\/schema\/person\/image\/\",\"url\":\"https:\/\/secure.gravatar.com\/avatar\/219e749e47ffbcca018a360ae4add7d4cdf1cdaaf8bc7676b27efade3fe65615?s=96&d=mm&r=g\",\"contentUrl\":\"https:\/\/secure.gravatar.com\/avatar\/219e749e47ffbcca018a360ae4add7d4cdf1cdaaf8bc7676b27efade3fe65615?s=96&d=mm&r=g\",\"caption\":\"J.J.\"},\"url\":\"https:\/\/vosgesinfo.fr\/saintdieinfo\/author\/j-j\/\"}]}<\/script>\n<!-- \/ Yoast SEO plugin. -->","yoast_head_json":{"title":"Corcieux \u2013 Vide-greniers de l'association Amiti\u00e9 Franco-Italienne - Saint Die Info","robots":{"index":"index","follow":"follow","max-snippet":"max-snippet:-1","max-image-preview":"max-image-preview:large","max-video-preview":"max-video-preview:-1"},"canonical":"https:\/\/vosgesinfo.fr\/saintdieinfo\/2025\/04\/corcieux-vide-greniers-de-lassociation-amitie-franco-italienne-3\/","twitter_card":"summary_large_image","twitter_title":"Corcieux \u2013 Vide-greniers de l'association Amiti\u00e9 Franco-Italienne - Saint Die Info","twitter_description":"Corcieux accueille un vide-greniers ce dimanche 6 avril, de 7 h \u00e0 18 h. Organis\u00e9 par l\u2019association Amiti\u00e9 Franco Italienne, [&hellip;]","twitter_image":"https:\/\/vosgesinfo.fr\/app\/uploads\/sites\/4\/2025\/04\/corcieux-vide-greniers-association-amitie-franco-italienne.png","twitter_creator":"@VosgesInfo88","twitter_site":"@VosgesInfo88","twitter_misc":{"\u00c9crit par":"J.J.","Dur\u00e9e de lecture estim\u00e9e":"1 minute"},"schema":{"@context":"https:\/\/schema.org","@graph":[{"@type":"Article","@id":"https:\/\/vosgesinfo.fr\/saintdieinfo\/2025\/04\/corcieux-vide-greniers-de-lassociation-amitie-franco-italienne-3\/#article","isPartOf":{"@id":"https:\/\/vosgesinfo.fr\/saintdieinfo\/2025\/04\/corcieux-vide-greniers-de-lassociation-amitie-franco-italienne-3\/"},"author":{"name":"J.J.","@id":"https:\/\/vosgesinfo.fr\/saintdieinfo\/#\/schema\/person\/fa73e9f726d67bb88f46d5b7943cb572"},"headline":"Corcieux \u2013 Vide-greniers de l&rsquo;association Amiti\u00e9 Franco-Italienne","datePublished":"2025-04-03T15:55:28+00:00","dateModified":"2025-04-03T14:52:51+00:00","mainEntityOfPage":{"@id":"https:\/\/vosgesinfo.fr\/saintdieinfo\/2025\/04\/corcieux-vide-greniers-de-lassociation-amitie-franco-italienne-3\/"},"wordCount":138,"commentCount":0,"publisher":{"@id":"https:\/\/vosgesinfo.fr\/saintdieinfo\/#organization"},"image":{"@id":"https:\/\/vosgesinfo.fr\/saintdieinfo\/2025\/04\/corcieux-vide-greniers-de-lassociation-amitie-franco-italienne-3\/#primaryimage"},"thumbnailUrl":"https:\/\/vosgesinfo.fr\/app\/uploads\/sites\/4\/2025\/04\/corcieux-vide-greniers-association-amitie-franco-italienne.png","keywords":["Association Amit\u00e9 Franco-Italienne de Corcieux","Corcieux","vide-greniers","Vide-greniers de l'association Amiti\u00e9 Franco-Italienne de Corcieux"],"articleSection":["Br\u00e8ves","Gerardmer","Loisirs","Saint-Di\u00e9-des-Vosges et son Agglom\u00e9ration","Vie Associative"],"inLanguage":"fr-FR","potentialAction":[{"@type":"CommentAction","name":"Comment","target":["https:\/\/vosgesinfo.fr\/saintdieinfo\/2025\/04\/corcieux-vide-greniers-de-lassociation-amitie-franco-italienne-3\/#respond"]}]},{"@type":"WebPage","@id":"https:\/\/vosgesinfo.fr\/saintdieinfo\/2025\/04\/corcieux-vide-greniers-de-lassociation-amitie-franco-italienne-3\/","url":"https:\/\/vosgesinfo.fr\/saintdieinfo\/2025\/04\/corcieux-vide-greniers-de-lassociation-amitie-franco-italienne-3\/","name":"Corcieux \u2013 Vide-greniers de l'association Amiti\u00e9 Franco-Italienne - Saint Die Info","isPartOf":{"@id":"https:\/\/vosgesinfo.fr\/saintdieinfo\/#website"},"primaryImageOfPage":{"@id":"https:\/\/vosgesinfo.fr\/saintdieinfo\/2025\/04\/corcieux-vide-greniers-de-lassociation-amitie-franco-italienne-3\/#primaryimage"},"image":{"@id":"https:\/\/vosgesinfo.fr\/saintdieinfo\/2025\/04\/corcieux-vide-greniers-de-lassociation-amitie-franco-italienne-3\/#primaryimage"},"thumbnailUrl":"https:\/\/vosgesinfo.fr\/app\/uploads\/sites\/4\/2025\/04\/corcieux-vide-greniers-association-amitie-franco-italienne.png","datePublished":"2025-04-03T15:55:28+00:00","dateModified":"2025-04-03T14:52:51+00:00","breadcrumb":{"@id":"https:\/\/vosgesinfo.fr\/saintdieinfo\/2025\/04\/corcieux-vide-greniers-de-lassociation-amitie-franco-italienne-3\/#breadcrumb"},"inLanguage":"fr-FR","potentialAction":[{"@type":"ReadAction","target":["https:\/\/vosgesinfo.fr\/saintdieinfo\/2025\/04\/corcieux-vide-greniers-de-lassociation-amitie-franco-italienne-3\/"]}]},{"@type":"ImageObject","inLanguage":"fr-FR","@id":"https:\/\/vosgesinfo.fr\/saintdieinfo\/2025\/04\/corcieux-vide-greniers-de-lassociation-amitie-franco-italienne-3\/#primaryimage","url":"https:\/\/vosgesinfo.fr\/app\/uploads\/sites\/4\/2025\/04\/corcieux-vide-greniers-association-amitie-franco-italienne.png","contentUrl":"https:\/\/vosgesinfo.fr\/app\/uploads\/sites\/4\/2025\/04\/corcieux-vide-greniers-association-amitie-franco-italienne.png","width":1414,"height":2000},{"@type":"BreadcrumbList","@id":"https:\/\/vosgesinfo.fr\/saintdieinfo\/2025\/04\/corcieux-vide-greniers-de-lassociation-amitie-franco-italienne-3\/#breadcrumb","itemListElement":[{"@type":"ListItem","position":1,"name":"Home","item":"https:\/\/vosgesinfo.fr\/saintdieinfo\/"},{"@type":"ListItem","position":2,"name":"Corcieux \u2013 Vide-greniers de l&rsquo;association Amiti\u00e9 Franco-Italienne"}]},{"@type":"WebSite","@id":"https:\/\/vosgesinfo.fr\/saintdieinfo\/#website","url":"https:\/\/vosgesinfo.fr\/saintdieinfo\/","name":"Saint Die Info","description":"Toute l&#039;actualit\u00e9 de Saint-Di\u00e9-Des-Vosges","publisher":{"@id":"https:\/\/vosgesinfo.fr\/saintdieinfo\/#organization"},"alternateName":"Toute l'actualit\u00e9 de Saint-Di\u00e9-Des-Vosges","potentialAction":[{"@type":"SearchAction","target":{"@type":"EntryPoint","urlTemplate":"https:\/\/vosgesinfo.fr\/saintdieinfo\/?s={search_term_string}"},"query-input":"required name=search_term_string"}],"inLanguage":"fr-FR"},{"@type":"Organization","@id":"https:\/\/vosgesinfo.fr\/saintdieinfo\/#organization","name":"Saint Die Info","url":"https:\/\/vosgesinfo.fr\/saintdieinfo\/","logo":{"@type":"ImageObject","inLanguage":"fr-FR","@id":"https:\/\/vosgesinfo.fr\/saintdieinfo\/#\/schema\/logo\/image\/","url":"https:\/\/vosgesinfo.fr\/app\/uploads\/sites\/4\/2024\/02\/logo-sdi.jpg","contentUrl":"https:\/\/vosgesinfo.fr\/app\/uploads\/sites\/4\/2024\/02\/logo-sdi.jpg","width":600,"height":600,"caption":"Saint Die Info"},"image":{"@id":"https:\/\/vosgesinfo.fr\/saintdieinfo\/#\/schema\/logo\/image\/"},"sameAs":["https:\/\/www.facebook.com\/Saintdieinfofr","https:\/\/x.com\/VosgesInfo88","https:\/\/www.youtube.com\/@vosgesinfo"]},{"@type":"Person","@id":"https:\/\/vosgesinfo.fr\/saintdieinfo\/#\/schema\/person\/fa73e9f726d67bb88f46d5b7943cb572","name":"J.J.","image":{"@type":"ImageObject","inLanguage":"fr-FR","@id":"https:\/\/vosgesinfo.fr\/saintdieinfo\/#\/schema\/person\/image\/","url":"https:\/\/secure.gravatar.com\/avatar\/219e749e47ffbcca018a360ae4add7d4cdf1cdaaf8bc7676b27efade3fe65615?s=96&d=mm&r=g","contentUrl":"https:\/\/secure.gravatar.com\/avatar\/219e749e47ffbcca018a360ae4add7d4cdf1cdaaf8bc7676b27efade3fe65615?s=96&d=mm&r=g","caption":"J.J."},"url":"https:\/\/vosgesinfo.fr\/saintdieinfo\/author\/j-j\/"}]}},"_links":{"self":[{"href":"https:\/\/vosgesinfo.fr\/saintdieinfo\/wp-json\/wp\/v2\/posts\/76162","targetHints":{"allow":["GET"]}}],"collection":[{"href":"https:\/\/vosgesinfo.fr\/saintdieinfo\/wp-json\/wp\/v2\/posts"}],"about":[{"href":"https:\/\/vosgesinfo.fr\/saintdieinfo\/wp-json\/wp\/v2\/types\/post"}],"author":[{"embeddable":true,"href":"https:\/\/vosgesinfo.fr\/saintdieinfo\/wp-json\/wp\/v2\/users\/46"}],"replies":[{"embeddable":true,"href":"https:\/\/vosgesinfo.fr\/saintdieinfo\/wp-json\/wp\/v2\/comments?post=76162"}],"version-history":[{"count":1,"href":"https:\/\/vosgesinfo.fr\/saintdieinfo\/wp-json\/wp\/v2\/posts\/76162\/revisions"}],"predecessor-version":[{"id":76164,"href":"https:\/\/vosgesinfo.fr\/saintdieinfo\/wp-json\/wp\/v2\/posts\/76162\/revisions\/76164"}],"wp:featuredmedia":[{"embeddable":true,"href":"https:\/\/vosgesinfo.fr\/saintdieinfo\/wp-json\/wp\/v2\/media\/76163"}],"wp:attachment":[{"href":"https:\/\/vosgesinfo.fr\/saintdieinfo\/wp-json\/wp\/v2\/media?parent=76162"}],"wp:term":[{"taxonomy":"category","embeddable":true,"href":"https:\/\/vosgesinfo.fr\/saintdieinfo\/wp-json\/wp\/v2\/categories?post=76162"},{"taxonomy":"post_tag","embeddable":true,"href":"https:\/\/vosgesinfo.fr\/saintdieinfo\/wp-json\/wp\/v2\/tags?post=76162"}],"curies":[{"name":"wp","href":"https:\/\/api.w.org\/{rel}","templated":true}]}}