{"id":76261,"date":"2025-04-05T15:00:10","date_gmt":"2025-04-05T13:00:10","guid":{"rendered":"https:\/\/vosgesinfo.fr\/saintdieinfo\/2025\/04\/printemps-a-la-ferme-plongez-au-coeur-des-savoir-faire-vosgiens\/"},"modified":"2025-04-05T15:00:10","modified_gmt":"2025-04-05T13:00:10","slug":"printemps-a-la-ferme-plongez-au-coeur-des-savoir-faire-vosgiens","status":"publish","type":"post","link":"https:\/\/vosgesinfo.fr\/saintdieinfo\/2025\/04\/printemps-a-la-ferme-plongez-au-coeur-des-savoir-faire-vosgiens\/","title":{"rendered":"Printemps \u00e0 la ferme : plongez au c\u0153ur des savoir-faire vosgiens !"},"content":{"rendered":"<div class=\"page\" title=\"Page 1\">\n<div class=\"section\">\n<div class=\"layoutArea\">\n<div class=\"column\">\n<p><strong>BIENVENUE A LA FERME<\/strong><\/p>\n<p><strong><span style=\"font-family: var(--text-font);\">PRINTEMPS A LA FERME : PLONGEZ AU C\u0152UR DES SAVOIR-FAIRE VOSGIENS !<\/span><\/strong><\/p>\n<p><span style=\"font-family: var(--text-font);\">Avec le retour des beaux jours, Printemps a\u0300 la Ferme est l\u2019e\u0301ve\u0301nement incontournable pour partir a\u0300 la rencontre des producteurs locaux et vivre des moments authentiques au c\u0153ur des fermes vosgiennes.<\/span><\/p>\n<p><strong><span style=\"font-family: var(--text-font);\">VENEZ DECOUVRIR, ECHANGER ET DEGUSTER !<\/span><\/strong><\/p>\n<p><span style=\"font-family: var(--text-font);\">Tout au long de l\u2019e\u0301ve\u0301nement, les agriculteurs ouvrent leurs portes pour partager leur passion et vous faire de\u0301couvrir les richesses de notre terroir a\u0300 travers :<\/span><\/p>\n<p><span style=\"font-family: var(--text-font);\">Des visites au plus pre\u0300s des animaux et des cultures<\/span><\/p>\n<p><span style=\"font-family: var(--text-font);\">Des de\u0301gustations gourmandes de produits fermiers locaux Des ateliers et animations pour petits et grands<\/span><\/p>\n<p><span style=\"font-family: var(--text-font);\">Des repas a\u0300 the\u0300me dans des fermes auberges<\/span><\/p>\n<p><span style=\"font-family: var(--text-font);\">Du 5 avril au 29 juin, avec des temps forts pendant les vacances scolaires et les week-ends.<\/span><\/p>\n<p><strong><span style=\"font-family: var(--text-font);\">7 FERMES VOUS ACCUEILLENT AUX QUATRE COINS DU DEPARTEMENT :<\/span><\/strong><\/p>\n<p><span style=\"font-family: var(--text-font);\">Ferme du Pichet a\u0300 NORROY<\/span><\/p>\n<p><span style=\"font-family: var(--text-font);\">Ferme Auberge de la Charmotte a\u0300 BIFFONTAINE<\/span><\/p>\n<p><span style=\"font-family: var(--text-font);\">GAEC des Petites Fins a\u0300 LAMARCHE<\/span><\/p>\n<p><span style=\"font-family: var(--text-font);\">Ferme au Petit Gravier \/ Ferme Auberge Les Prenzieres a\u0300 SAULXURES SUR <\/span><span style=\"font-family: var(--text-font);\">MOSELOTTE<\/span><\/p>\n<p><span style=\"font-family: var(--text-font);\">Ferme Aquaponique de l&rsquo;Abbaye a\u0300 CHAUMOUSEY <\/span><\/p>\n<p><span style=\"font-family: var(--text-font);\">Ferme de la Mexel a\u0300 GERARDMER<\/span><\/p>\n<p><span style=\"font-family: var(--text-font);\">Ferme de Francogney a\u0300 CHARMOIS L\u2019ORGUEILLEUX<\/span><\/p>\n<p><span style=\"font-family: var(--text-font);\">Un rendez-vous gourmand et convivial pour petits et grands ! Venez e\u0301changer avec les producteurs, comprendre leur me\u0301tier et savourer les meilleurs produits des Vosges.<\/span><\/p>\n<p><span style=\"font-family: var(--text-font);\">Toutes les infos ici <a href=\"https:\/\/www.bienvenue-a-la-ferme.com\/grandest\" target=\"_blank\" rel=\"noopener\">Bienvenue a\u0300 la Ferme Grand Est<\/a><\/span><\/p>\n<p><span style=\"font-family: var(--text-font);\">Suivez l\u2019actu vosgienne sur Facebook : <\/span><span style=\"font-family: var(--text-font);\">Bienvenue a\u0300 la ferme &#8211; Vosges<\/span><\/p>\n<\/div>\n<\/div>\n<\/div>\n<\/div>\n","protected":false},"excerpt":{"rendered":"<p>BIENVENUE A LA FERME PRINTEMPS A LA FERME : PLONGEZ AU C\u0152UR DES SAVOIR-FAIRE VOSGIENS ! Avec le retour des [&hellip;]<\/p>\n","protected":false},"author":391,"featured_media":76262,"comment_status":"open","ping_status":"open","sticky":false,"template":"","format":"standard","meta":{"footnotes":""},"categories":[460,128,5392,5391,5389,4099,4100],"tags":[7022,16764],"class_list":["post-76261","post","type-post","status-publish","format-standard","has-post-thumbnail","hentry","category-a-la-une","category-agriculture","category-epinal","category-gerardmer","category-la-plaine-des-vosges","category-remiremont","category-saint-die","tag-bienvenue-a-la-ferme","tag-printemps-a-la-ferme"],"acf":[],"yoast_head":"<!-- This site is optimized with the Yoast SEO plugin v22.5 - https:\/\/yoast.com\/wordpress\/plugins\/seo\/ -->\n<title>Printemps \u00e0 la ferme : plongez au c\u0153ur des savoir-faire vosgiens ! - Saint Die Info<\/title>\n<meta name=\"robots\" content=\"index, follow, max-snippet:-1, max-image-preview:large, max-video-preview:-1\" \/>\n<link rel=\"canonical\" href=\"https:\/\/vosgesinfo.fr\/saintdieinfo\/2025\/04\/printemps-a-la-ferme-plongez-au-coeur-des-savoir-faire-vosgiens\/\" \/>\n<meta name=\"twitter:card\" content=\"summary_large_image\" \/>\n<meta name=\"twitter:title\" content=\"Printemps \u00e0 la ferme : plongez au c\u0153ur des savoir-faire vosgiens ! - Saint Die Info\" \/>\n<meta name=\"twitter:description\" content=\"BIENVENUE A LA FERME PRINTEMPS A LA FERME : PLONGEZ AU C\u0152UR DES SAVOIR-FAIRE VOSGIENS ! Avec le retour des [&hellip;]\" \/>\n<meta name=\"twitter:image\" content=\"https:\/\/vosgesinfo.fr\/app\/uploads\/sites\/4\/2025\/04\/202201portrait-vaches-photo-11-0.jpg\" \/>\n<meta name=\"twitter:creator\" content=\"@VosgesInfo88\" \/>\n<meta name=\"twitter:site\" content=\"@VosgesInfo88\" \/>\n<meta name=\"twitter:label1\" content=\"\u00c9crit par\" \/>\n\t<meta name=\"twitter:data1\" content=\"La redaction\" \/>\n\t<meta name=\"twitter:label2\" content=\"Dur\u00e9e de lecture estim\u00e9e\" \/>\n\t<meta name=\"twitter:data2\" content=\"1 minute\" \/>\n<script type=\"application\/ld+json\" class=\"yoast-schema-graph\">{\"@context\":\"https:\/\/schema.org\",\"@graph\":[{\"@type\":\"Article\",\"@id\":\"https:\/\/vosgesinfo.fr\/saintdieinfo\/2025\/04\/printemps-a-la-ferme-plongez-au-coeur-des-savoir-faire-vosgiens\/#article\",\"isPartOf\":{\"@id\":\"https:\/\/vosgesinfo.fr\/saintdieinfo\/2025\/04\/printemps-a-la-ferme-plongez-au-coeur-des-savoir-faire-vosgiens\/\"},\"author\":{\"name\":\"La redaction\",\"@id\":\"https:\/\/vosgesinfo.fr\/saintdieinfo\/#\/schema\/person\/27a3695b06db98895b354c0765cdfc31\"},\"headline\":\"Printemps \u00e0 la ferme : plongez au c\u0153ur des savoir-faire vosgiens !\",\"datePublished\":\"2025-04-05T13:00:10+00:00\",\"dateModified\":\"2025-04-05T13:00:10+00:00\",\"mainEntityOfPage\":{\"@id\":\"https:\/\/vosgesinfo.fr\/saintdieinfo\/2025\/04\/printemps-a-la-ferme-plongez-au-coeur-des-savoir-faire-vosgiens\/\"},\"wordCount\":251,\"commentCount\":0,\"publisher\":{\"@id\":\"https:\/\/vosgesinfo.fr\/saintdieinfo\/#organization\"},\"image\":{\"@id\":\"https:\/\/vosgesinfo.fr\/saintdieinfo\/2025\/04\/printemps-a-la-ferme-plongez-au-coeur-des-savoir-faire-vosgiens\/#primaryimage\"},\"thumbnailUrl\":\"https:\/\/vosgesinfo.fr\/app\/uploads\/sites\/4\/2025\/04\/202201portrait-vaches-photo-11-0.jpg\",\"keywords\":[\"Bienvenue \u00e0 la ferme\",\"Printemps \u00e0 la ferme\"],\"articleSection\":[\"A la Une\",\"Agriculture\",\"Epinal\",\"Gerardmer\",\"La plaine des vosges\",\"Remiremont\",\"Saint-di\u00e9\"],\"inLanguage\":\"fr-FR\",\"potentialAction\":[{\"@type\":\"CommentAction\",\"name\":\"Comment\",\"target\":[\"https:\/\/vosgesinfo.fr\/saintdieinfo\/2025\/04\/printemps-a-la-ferme-plongez-au-coeur-des-savoir-faire-vosgiens\/#respond\"]}]},{\"@type\":\"WebPage\",\"@id\":\"https:\/\/vosgesinfo.fr\/saintdieinfo\/2025\/04\/printemps-a-la-ferme-plongez-au-coeur-des-savoir-faire-vosgiens\/\",\"url\":\"https:\/\/vosgesinfo.fr\/saintdieinfo\/2025\/04\/printemps-a-la-ferme-plongez-au-coeur-des-savoir-faire-vosgiens\/\",\"name\":\"Printemps \u00e0 la ferme : plongez au c\u0153ur des savoir-faire vosgiens ! - Saint Die Info\",\"isPartOf\":{\"@id\":\"https:\/\/vosgesinfo.fr\/saintdieinfo\/#website\"},\"primaryImageOfPage\":{\"@id\":\"https:\/\/vosgesinfo.fr\/saintdieinfo\/2025\/04\/printemps-a-la-ferme-plongez-au-coeur-des-savoir-faire-vosgiens\/#primaryimage\"},\"image\":{\"@id\":\"https:\/\/vosgesinfo.fr\/saintdieinfo\/2025\/04\/printemps-a-la-ferme-plongez-au-coeur-des-savoir-faire-vosgiens\/#primaryimage\"},\"thumbnailUrl\":\"https:\/\/vosgesinfo.fr\/app\/uploads\/sites\/4\/2025\/04\/202201portrait-vaches-photo-11-0.jpg\",\"datePublished\":\"2025-04-05T13:00:10+00:00\",\"dateModified\":\"2025-04-05T13:00:10+00:00\",\"breadcrumb\":{\"@id\":\"https:\/\/vosgesinfo.fr\/saintdieinfo\/2025\/04\/printemps-a-la-ferme-plongez-au-coeur-des-savoir-faire-vosgiens\/#breadcrumb\"},\"inLanguage\":\"fr-FR\",\"potentialAction\":[{\"@type\":\"ReadAction\",\"target\":[\"https:\/\/vosgesinfo.fr\/saintdieinfo\/2025\/04\/printemps-a-la-ferme-plongez-au-coeur-des-savoir-faire-vosgiens\/\"]}]},{\"@type\":\"ImageObject\",\"inLanguage\":\"fr-FR\",\"@id\":\"https:\/\/vosgesinfo.fr\/saintdieinfo\/2025\/04\/printemps-a-la-ferme-plongez-au-coeur-des-savoir-faire-vosgiens\/#primaryimage\",\"url\":\"https:\/\/vosgesinfo.fr\/app\/uploads\/sites\/4\/2025\/04\/202201portrait-vaches-photo-11-0.jpg\",\"contentUrl\":\"https:\/\/vosgesinfo.fr\/app\/uploads\/sites\/4\/2025\/04\/202201portrait-vaches-photo-11-0.jpg\",\"width\":1024,\"height\":651},{\"@type\":\"BreadcrumbList\",\"@id\":\"https:\/\/vosgesinfo.fr\/saintdieinfo\/2025\/04\/printemps-a-la-ferme-plongez-au-coeur-des-savoir-faire-vosgiens\/#breadcrumb\",\"itemListElement\":[{\"@type\":\"ListItem\",\"position\":1,\"name\":\"Home\",\"item\":\"https:\/\/vosgesinfo.fr\/saintdieinfo\/\"},{\"@type\":\"ListItem\",\"position\":2,\"name\":\"Printemps \u00e0 la ferme : plongez au c\u0153ur des savoir-faire vosgiens !\"}]},{\"@type\":\"WebSite\",\"@id\":\"https:\/\/vosgesinfo.fr\/saintdieinfo\/#website\",\"url\":\"https:\/\/vosgesinfo.fr\/saintdieinfo\/\",\"name\":\"Saint Die Info\",\"description\":\"Toute l&#039;actualit\u00e9 de Saint-Di\u00e9-Des-Vosges\",\"publisher\":{\"@id\":\"https:\/\/vosgesinfo.fr\/saintdieinfo\/#organization\"},\"alternateName\":\"Toute l'actualit\u00e9 de Saint-Di\u00e9-Des-Vosges\",\"potentialAction\":[{\"@type\":\"SearchAction\",\"target\":{\"@type\":\"EntryPoint\",\"urlTemplate\":\"https:\/\/vosgesinfo.fr\/saintdieinfo\/?s={search_term_string}\"},\"query-input\":\"required name=search_term_string\"}],\"inLanguage\":\"fr-FR\"},{\"@type\":\"Organization\",\"@id\":\"https:\/\/vosgesinfo.fr\/saintdieinfo\/#organization\",\"name\":\"Saint Die Info\",\"url\":\"https:\/\/vosgesinfo.fr\/saintdieinfo\/\",\"logo\":{\"@type\":\"ImageObject\",\"inLanguage\":\"fr-FR\",\"@id\":\"https:\/\/vosgesinfo.fr\/saintdieinfo\/#\/schema\/logo\/image\/\",\"url\":\"https:\/\/vosgesinfo.fr\/app\/uploads\/sites\/4\/2024\/02\/logo-sdi.jpg\",\"contentUrl\":\"https:\/\/vosgesinfo.fr\/app\/uploads\/sites\/4\/2024\/02\/logo-sdi.jpg\",\"width\":600,\"height\":600,\"caption\":\"Saint Die Info\"},\"image\":{\"@id\":\"https:\/\/vosgesinfo.fr\/saintdieinfo\/#\/schema\/logo\/image\/\"},\"sameAs\":[\"https:\/\/www.facebook.com\/Saintdieinfofr\",\"https:\/\/x.com\/VosgesInfo88\",\"https:\/\/www.youtube.com\/@vosgesinfo\"]},{\"@type\":\"Person\",\"@id\":\"https:\/\/vosgesinfo.fr\/saintdieinfo\/#\/schema\/person\/27a3695b06db98895b354c0765cdfc31\",\"name\":\"La redaction\",\"image\":{\"@type\":\"ImageObject\",\"inLanguage\":\"fr-FR\",\"@id\":\"https:\/\/vosgesinfo.fr\/saintdieinfo\/#\/schema\/person\/image\/\",\"url\":\"https:\/\/secure.gravatar.com\/avatar\/64c76a78e501cedee55736f43f332df901e1896ae9cd8fad269ae2236dd0e8b6?s=96&d=mm&r=g\",\"contentUrl\":\"https:\/\/secure.gravatar.com\/avatar\/64c76a78e501cedee55736f43f332df901e1896ae9cd8fad269ae2236dd0e8b6?s=96&d=mm&r=g\",\"caption\":\"La redaction\"},\"url\":\"https:\/\/vosgesinfo.fr\/saintdieinfo\/author\/la-redaction\/\"}]}<\/script>\n<!-- \/ Yoast SEO plugin. -->","yoast_head_json":{"title":"Printemps \u00e0 la ferme : plongez au c\u0153ur des savoir-faire vosgiens ! - Saint Die Info","robots":{"index":"index","follow":"follow","max-snippet":"max-snippet:-1","max-image-preview":"max-image-preview:large","max-video-preview":"max-video-preview:-1"},"canonical":"https:\/\/vosgesinfo.fr\/saintdieinfo\/2025\/04\/printemps-a-la-ferme-plongez-au-coeur-des-savoir-faire-vosgiens\/","twitter_card":"summary_large_image","twitter_title":"Printemps \u00e0 la ferme : plongez au c\u0153ur des savoir-faire vosgiens ! - Saint Die Info","twitter_description":"BIENVENUE A LA FERME PRINTEMPS A LA FERME : PLONGEZ AU C\u0152UR DES SAVOIR-FAIRE VOSGIENS ! Avec le retour des [&hellip;]","twitter_image":"https:\/\/vosgesinfo.fr\/app\/uploads\/sites\/4\/2025\/04\/202201portrait-vaches-photo-11-0.jpg","twitter_creator":"@VosgesInfo88","twitter_site":"@VosgesInfo88","twitter_misc":{"\u00c9crit par":"La redaction","Dur\u00e9e de lecture estim\u00e9e":"1 minute"},"schema":{"@context":"https:\/\/schema.org","@graph":[{"@type":"Article","@id":"https:\/\/vosgesinfo.fr\/saintdieinfo\/2025\/04\/printemps-a-la-ferme-plongez-au-coeur-des-savoir-faire-vosgiens\/#article","isPartOf":{"@id":"https:\/\/vosgesinfo.fr\/saintdieinfo\/2025\/04\/printemps-a-la-ferme-plongez-au-coeur-des-savoir-faire-vosgiens\/"},"author":{"name":"La redaction","@id":"https:\/\/vosgesinfo.fr\/saintdieinfo\/#\/schema\/person\/27a3695b06db98895b354c0765cdfc31"},"headline":"Printemps \u00e0 la ferme : plongez au c\u0153ur des savoir-faire vosgiens !","datePublished":"2025-04-05T13:00:10+00:00","dateModified":"2025-04-05T13:00:10+00:00","mainEntityOfPage":{"@id":"https:\/\/vosgesinfo.fr\/saintdieinfo\/2025\/04\/printemps-a-la-ferme-plongez-au-coeur-des-savoir-faire-vosgiens\/"},"wordCount":251,"commentCount":0,"publisher":{"@id":"https:\/\/vosgesinfo.fr\/saintdieinfo\/#organization"},"image":{"@id":"https:\/\/vosgesinfo.fr\/saintdieinfo\/2025\/04\/printemps-a-la-ferme-plongez-au-coeur-des-savoir-faire-vosgiens\/#primaryimage"},"thumbnailUrl":"https:\/\/vosgesinfo.fr\/app\/uploads\/sites\/4\/2025\/04\/202201portrait-vaches-photo-11-0.jpg","keywords":["Bienvenue \u00e0 la ferme","Printemps \u00e0 la ferme"],"articleSection":["A la Une","Agriculture","Epinal","Gerardmer","La plaine des vosges","Remiremont","Saint-di\u00e9"],"inLanguage":"fr-FR","potentialAction":[{"@type":"CommentAction","name":"Comment","target":["https:\/\/vosgesinfo.fr\/saintdieinfo\/2025\/04\/printemps-a-la-ferme-plongez-au-coeur-des-savoir-faire-vosgiens\/#respond"]}]},{"@type":"WebPage","@id":"https:\/\/vosgesinfo.fr\/saintdieinfo\/2025\/04\/printemps-a-la-ferme-plongez-au-coeur-des-savoir-faire-vosgiens\/","url":"https:\/\/vosgesinfo.fr\/saintdieinfo\/2025\/04\/printemps-a-la-ferme-plongez-au-coeur-des-savoir-faire-vosgiens\/","name":"Printemps \u00e0 la ferme : plongez au c\u0153ur des savoir-faire vosgiens ! - Saint Die Info","isPartOf":{"@id":"https:\/\/vosgesinfo.fr\/saintdieinfo\/#website"},"primaryImageOfPage":{"@id":"https:\/\/vosgesinfo.fr\/saintdieinfo\/2025\/04\/printemps-a-la-ferme-plongez-au-coeur-des-savoir-faire-vosgiens\/#primaryimage"},"image":{"@id":"https:\/\/vosgesinfo.fr\/saintdieinfo\/2025\/04\/printemps-a-la-ferme-plongez-au-coeur-des-savoir-faire-vosgiens\/#primaryimage"},"thumbnailUrl":"https:\/\/vosgesinfo.fr\/app\/uploads\/sites\/4\/2025\/04\/202201portrait-vaches-photo-11-0.jpg","datePublished":"2025-04-05T13:00:10+00:00","dateModified":"2025-04-05T13:00:10+00:00","breadcrumb":{"@id":"https:\/\/vosgesinfo.fr\/saintdieinfo\/2025\/04\/printemps-a-la-ferme-plongez-au-coeur-des-savoir-faire-vosgiens\/#breadcrumb"},"inLanguage":"fr-FR","potentialAction":[{"@type":"ReadAction","target":["https:\/\/vosgesinfo.fr\/saintdieinfo\/2025\/04\/printemps-a-la-ferme-plongez-au-coeur-des-savoir-faire-vosgiens\/"]}]},{"@type":"ImageObject","inLanguage":"fr-FR","@id":"https:\/\/vosgesinfo.fr\/saintdieinfo\/2025\/04\/printemps-a-la-ferme-plongez-au-coeur-des-savoir-faire-vosgiens\/#primaryimage","url":"https:\/\/vosgesinfo.fr\/app\/uploads\/sites\/4\/2025\/04\/202201portrait-vaches-photo-11-0.jpg","contentUrl":"https:\/\/vosgesinfo.fr\/app\/uploads\/sites\/4\/2025\/04\/202201portrait-vaches-photo-11-0.jpg","width":1024,"height":651},{"@type":"BreadcrumbList","@id":"https:\/\/vosgesinfo.fr\/saintdieinfo\/2025\/04\/printemps-a-la-ferme-plongez-au-coeur-des-savoir-faire-vosgiens\/#breadcrumb","itemListElement":[{"@type":"ListItem","position":1,"name":"Home","item":"https:\/\/vosgesinfo.fr\/saintdieinfo\/"},{"@type":"ListItem","position":2,"name":"Printemps \u00e0 la ferme : plongez au c\u0153ur des savoir-faire vosgiens !"}]},{"@type":"WebSite","@id":"https:\/\/vosgesinfo.fr\/saintdieinfo\/#website","url":"https:\/\/vosgesinfo.fr\/saintdieinfo\/","name":"Saint Die Info","description":"Toute l&#039;actualit\u00e9 de Saint-Di\u00e9-Des-Vosges","publisher":{"@id":"https:\/\/vosgesinfo.fr\/saintdieinfo\/#organization"},"alternateName":"Toute l'actualit\u00e9 de Saint-Di\u00e9-Des-Vosges","potentialAction":[{"@type":"SearchAction","target":{"@type":"EntryPoint","urlTemplate":"https:\/\/vosgesinfo.fr\/saintdieinfo\/?s={search_term_string}"},"query-input":"required name=search_term_string"}],"inLanguage":"fr-FR"},{"@type":"Organization","@id":"https:\/\/vosgesinfo.fr\/saintdieinfo\/#organization","name":"Saint Die Info","url":"https:\/\/vosgesinfo.fr\/saintdieinfo\/","logo":{"@type":"ImageObject","inLanguage":"fr-FR","@id":"https:\/\/vosgesinfo.fr\/saintdieinfo\/#\/schema\/logo\/image\/","url":"https:\/\/vosgesinfo.fr\/app\/uploads\/sites\/4\/2024\/02\/logo-sdi.jpg","contentUrl":"https:\/\/vosgesinfo.fr\/app\/uploads\/sites\/4\/2024\/02\/logo-sdi.jpg","width":600,"height":600,"caption":"Saint Die Info"},"image":{"@id":"https:\/\/vosgesinfo.fr\/saintdieinfo\/#\/schema\/logo\/image\/"},"sameAs":["https:\/\/www.facebook.com\/Saintdieinfofr","https:\/\/x.com\/VosgesInfo88","https:\/\/www.youtube.com\/@vosgesinfo"]},{"@type":"Person","@id":"https:\/\/vosgesinfo.fr\/saintdieinfo\/#\/schema\/person\/27a3695b06db98895b354c0765cdfc31","name":"La redaction","image":{"@type":"ImageObject","inLanguage":"fr-FR","@id":"https:\/\/vosgesinfo.fr\/saintdieinfo\/#\/schema\/person\/image\/","url":"https:\/\/secure.gravatar.com\/avatar\/64c76a78e501cedee55736f43f332df901e1896ae9cd8fad269ae2236dd0e8b6?s=96&d=mm&r=g","contentUrl":"https:\/\/secure.gravatar.com\/avatar\/64c76a78e501cedee55736f43f332df901e1896ae9cd8fad269ae2236dd0e8b6?s=96&d=mm&r=g","caption":"La redaction"},"url":"https:\/\/vosgesinfo.fr\/saintdieinfo\/author\/la-redaction\/"}]}},"_links":{"self":[{"href":"https:\/\/vosgesinfo.fr\/saintdieinfo\/wp-json\/wp\/v2\/posts\/76261","targetHints":{"allow":["GET"]}}],"collection":[{"href":"https:\/\/vosgesinfo.fr\/saintdieinfo\/wp-json\/wp\/v2\/posts"}],"about":[{"href":"https:\/\/vosgesinfo.fr\/saintdieinfo\/wp-json\/wp\/v2\/types\/post"}],"author":[{"embeddable":true,"href":"https:\/\/vosgesinfo.fr\/saintdieinfo\/wp-json\/wp\/v2\/users\/391"}],"replies":[{"embeddable":true,"href":"https:\/\/vosgesinfo.fr\/saintdieinfo\/wp-json\/wp\/v2\/comments?post=76261"}],"version-history":[{"count":0,"href":"https:\/\/vosgesinfo.fr\/saintdieinfo\/wp-json\/wp\/v2\/posts\/76261\/revisions"}],"wp:featuredmedia":[{"embeddable":true,"href":"https:\/\/vosgesinfo.fr\/saintdieinfo\/wp-json\/wp\/v2\/media\/76262"}],"wp:attachment":[{"href":"https:\/\/vosgesinfo.fr\/saintdieinfo\/wp-json\/wp\/v2\/media?parent=76261"}],"wp:term":[{"taxonomy":"category","embeddable":true,"href":"https:\/\/vosgesinfo.fr\/saintdieinfo\/wp-json\/wp\/v2\/categories?post=76261"},{"taxonomy":"post_tag","embeddable":true,"href":"https:\/\/vosgesinfo.fr\/saintdieinfo\/wp-json\/wp\/v2\/tags?post=76261"}],"curies":[{"name":"wp","href":"https:\/\/api.w.org\/{rel}","templated":true}]}}