{"id":76277,"date":"2025-04-05T21:50:49","date_gmt":"2025-04-05T19:50:49","guid":{"rendered":"https:\/\/vosgesinfo.fr\/saintdieinfo\/?p=76277"},"modified":"2025-04-05T21:50:49","modified_gmt":"2025-04-05T19:50:49","slug":"zones-a-faibles-emissions-la-mesure-antisociale-de-trop-pour-les-motards","status":"publish","type":"post","link":"https:\/\/vosgesinfo.fr\/saintdieinfo\/2025\/04\/zones-a-faibles-emissions-la-mesure-antisociale-de-trop-pour-les-motards\/","title":{"rendered":"Zones \u00e0 Faibles \u00c9missions, la mesure antisociale de trop pour les motards"},"content":{"rendered":"<div id=\"attachment_111438\" style=\"width: 2570px\" class=\"wp-caption aligncenter\"><a href=\"https:\/\/vosgesinfo.fr\/app\/uploads\/sites\/3\/2024\/08\/201802manifestation-motards-epinal-80kmh-50-1.jpg\"><img decoding=\"async\" aria-describedby=\"caption-attachment-111438\" class=\"size-full wp-image-111438\" src=\"https:\/\/vosgesinfo.fr\/app\/uploads\/sites\/3\/2024\/08\/201802manifestation-motards-epinal-80kmh-50-1.jpg\" alt=\"\" width=\"2560\" height=\"1920\" \/><\/a><p id=\"caption-attachment-111438\" class=\"wp-caption-text\">la FFMC88 appelle les motards \u00e0 rejoindre Metz ou Strasbourg\u00a0(photo d&rsquo;archive)<\/p><\/div>\n<h2><span data-olk-copy-source=\"MessageBody\">Le communiqu\u00e9 de presse de la FFMC appelant \u00e0 montrer aux gouvernants les cons\u00e9quences de la mise en place des ZFE.<br \/>\n<\/span><\/h2>\n<p>Dimanche 6 avril 2025, manifestation \u00ab NON AUX ZFE \u00bb \u00e0 l\u2019appel de la FFMC, du collectif \u00ab Les # Gueux \u00bb, de la Ligue de D\u00e9fense des Conducteurs, de la F\u00e9d\u00e9ration des Associations de Commer\u00e7ants et Artisans Parisiens, de l\u2019Union Intersyndicale des Entreprises Foraines de France et avec le soutien de nombreux maires et \u00e9lus partout en France.<br \/>\nDepuis le 1er janvier 2025, une trentaine de m\u00e9tropoles fran\u00e7aises sont soumises \u00e0 des ZFE toutes diff\u00e9rentes les unes des autres, rendant ing\u00e9rables les d\u00e9placements \u00e0 travers le pays pour plus de 12 millions de propri\u00e9taires d\u2019un v\u00e9hicule class\u00e9 Crit\u2019Air 3 ou plus.<br \/>\nNous sommes tous conscients des enjeux \u00e9cologiques et de la pollution de l\u2019atmosph\u00e8re mais l\u2018usager de la route, bouc \u00e9missaire id\u00e9al, est d\u00e9sign\u00e9 comme le grand coupable, alors que la pollution est multifactorielle. On veut aujourd\u2019hui contraindre le citoyen d\u2019abandonner son v\u00e9hicule ancien qui fonctionne encore tr\u00e8s bien pour en acheter un neuf (pas bon pour le bilan carbone !).<br \/>\nQuel m\u00e9pris pour les plus de 20 millions d\u2019utilisateurs de v\u00e9hicules jug\u00e9s trop anciens qui ne peuvent se passer de leur voiture, de leur deux-roues, de leur utilitaire, faute de solutions alternatives et d\u2019acc\u00e8s aux transports en commun !<br \/>\n\u00ab On purifie l\u2019air des riches en chassant les pauvres \u00bb, \u00e9crit Alexandre Jardin, dans son essai paru le 27 mars, o\u00f9 il met en exergue cette discrimination antisociale, punition des pauvres, bien loin des valeurs de la R\u00e9publique que nous sommes fiers de d\u00e9fendre avec bon nombre de maires.<br \/>\nDepuis 14 ans, la FFMC d\u00e9nonce la mise en place de cette transition men\u00e9e sans<br \/>\ncoh\u00e9rence, au d\u00e9pend d\u2019une grande partie de la population.<\/p>\n<blockquote class=\"wp-embedded-content\" data-secret=\"koDjQTB91q\"><p><a href=\"https:\/\/ffmc75.fr\/zfe-zcr-interdictions-en-ville\/\">ZFE \/ ZCR (interdictions en ville)<\/a><\/p><\/blockquote>\n<p><iframe loading=\"lazy\" class=\"wp-embedded-content\" sandbox=\"allow-scripts\" security=\"restricted\" style=\"position: absolute; visibility: hidden;\" title=\"\u00ab\u00a0ZFE \/ ZCR (interdictions en ville)\u00a0\u00bb &#8212; ffmc75\" src=\"https:\/\/ffmc75.fr\/zfe-zcr-interdictions-en-ville\/embed\/#?secret=fUSuSvEO7W#?secret=koDjQTB91q\" data-secret=\"koDjQTB91q\" width=\"500\" height=\"282\" frameborder=\"0\" marginwidth=\"0\" marginheight=\"0\" scrolling=\"no\"><\/iframe><br \/>\nAvec le mot d\u2019ordre \u00ab \u00c9cologie Oui, Exclusion Non \u00bb, notre collectif appelle \u00e0 manifester<br \/>\nle Dimanche 6 avril 2025 et demande \u00e0 toutes celles et ceux qui le peuvent de les<br \/>\nrejoindre quel que soit leur mode de transport et leur orientation politique.<br \/>\nManifestations en France : https:\/\/extranet.ffmc.asso.fr\/index.php\/s\/dNEWHMBtyyHZR9b<br \/>\nLES # GUEUX<br \/>\nPlus nombreux, plus forts !<br \/>\nParis &amp; Ile de France<br \/>\nRV Dimanche 6 Avril \u00e0 14h<br \/>\nDevant la Mairie de Paris \/ Av Victoria<\/p>\n","protected":false},"excerpt":{"rendered":"<p>Le communiqu\u00e9 de presse de la FFMC appelant \u00e0 montrer aux gouvernants les cons\u00e9quences de la mise en place des [&hellip;]<\/p>\n","protected":false},"author":52,"featured_media":76278,"comment_status":"open","ping_status":"open","sticky":false,"template":"","format":"standard","meta":{"footnotes":""},"categories":[460,5392,5391,5389,4099,4100],"tags":[],"class_list":["post-76277","post","type-post","status-publish","format-standard","has-post-thumbnail","hentry","category-a-la-une","category-epinal","category-gerardmer","category-la-plaine-des-vosges","category-remiremont","category-saint-die"],"acf":[],"yoast_head":"<!-- This site is optimized with the Yoast SEO plugin v22.5 - https:\/\/yoast.com\/wordpress\/plugins\/seo\/ -->\n<title>Zones \u00e0 Faibles \u00c9missions, la mesure antisociale de trop pour les motards - Saint Die Info<\/title>\n<meta name=\"robots\" content=\"index, follow, max-snippet:-1, max-image-preview:large, max-video-preview:-1\" \/>\n<link rel=\"canonical\" href=\"https:\/\/vosgesinfo.fr\/saintdieinfo\/2025\/04\/zones-a-faibles-emissions-la-mesure-antisociale-de-trop-pour-les-motards\/\" \/>\n<meta name=\"twitter:card\" content=\"summary_large_image\" \/>\n<meta name=\"twitter:title\" content=\"Zones \u00e0 Faibles \u00c9missions, la mesure antisociale de trop pour les motards - Saint Die Info\" \/>\n<meta name=\"twitter:description\" content=\"Le communiqu\u00e9 de presse de la FFMC appelant \u00e0 montrer aux gouvernants les cons\u00e9quences de la mise en place des [&hellip;]\" \/>\n<meta name=\"twitter:image\" content=\"https:\/\/vosgesinfo.fr\/app\/uploads\/sites\/4\/2025\/04\/201802manifestation-motards-epinal-80kmh-50-1.jpg\" \/>\n<meta name=\"twitter:creator\" content=\"@VosgesInfo88\" \/>\n<meta name=\"twitter:site\" content=\"@VosgesInfo88\" \/>\n<meta name=\"twitter:label1\" content=\"\u00c9crit par\" \/>\n\t<meta name=\"twitter:data1\" content=\"C.K.\" \/>\n\t<meta name=\"twitter:label2\" content=\"Dur\u00e9e de lecture estim\u00e9e\" \/>\n\t<meta name=\"twitter:data2\" content=\"2 minutes\" \/>\n<script type=\"application\/ld+json\" class=\"yoast-schema-graph\">{\"@context\":\"https:\/\/schema.org\",\"@graph\":[{\"@type\":\"Article\",\"@id\":\"https:\/\/vosgesinfo.fr\/saintdieinfo\/2025\/04\/zones-a-faibles-emissions-la-mesure-antisociale-de-trop-pour-les-motards\/#article\",\"isPartOf\":{\"@id\":\"https:\/\/vosgesinfo.fr\/saintdieinfo\/2025\/04\/zones-a-faibles-emissions-la-mesure-antisociale-de-trop-pour-les-motards\/\"},\"author\":{\"name\":\"C.K.\",\"@id\":\"https:\/\/vosgesinfo.fr\/saintdieinfo\/#\/schema\/person\/6f9a650eeea99d969b6c4ab78fccbe81\"},\"headline\":\"Zones \u00e0 Faibles \u00c9missions, la mesure antisociale de trop pour les motards\",\"datePublished\":\"2025-04-05T19:50:49+00:00\",\"dateModified\":\"2025-04-05T19:50:49+00:00\",\"mainEntityOfPage\":{\"@id\":\"https:\/\/vosgesinfo.fr\/saintdieinfo\/2025\/04\/zones-a-faibles-emissions-la-mesure-antisociale-de-trop-pour-les-motards\/\"},\"wordCount\":422,\"commentCount\":1,\"publisher\":{\"@id\":\"https:\/\/vosgesinfo.fr\/saintdieinfo\/#organization\"},\"image\":{\"@id\":\"https:\/\/vosgesinfo.fr\/saintdieinfo\/2025\/04\/zones-a-faibles-emissions-la-mesure-antisociale-de-trop-pour-les-motards\/#primaryimage\"},\"thumbnailUrl\":\"https:\/\/vosgesinfo.fr\/app\/uploads\/sites\/4\/2025\/04\/201802manifestation-motards-epinal-80kmh-50-1.jpg\",\"articleSection\":[\"A la Une\",\"Epinal\",\"Gerardmer\",\"La plaine des vosges\",\"Remiremont\",\"Saint-di\u00e9\"],\"inLanguage\":\"fr-FR\",\"potentialAction\":[{\"@type\":\"CommentAction\",\"name\":\"Comment\",\"target\":[\"https:\/\/vosgesinfo.fr\/saintdieinfo\/2025\/04\/zones-a-faibles-emissions-la-mesure-antisociale-de-trop-pour-les-motards\/#respond\"]}]},{\"@type\":\"WebPage\",\"@id\":\"https:\/\/vosgesinfo.fr\/saintdieinfo\/2025\/04\/zones-a-faibles-emissions-la-mesure-antisociale-de-trop-pour-les-motards\/\",\"url\":\"https:\/\/vosgesinfo.fr\/saintdieinfo\/2025\/04\/zones-a-faibles-emissions-la-mesure-antisociale-de-trop-pour-les-motards\/\",\"name\":\"Zones \u00e0 Faibles \u00c9missions, la mesure antisociale de trop pour les motards - Saint Die Info\",\"isPartOf\":{\"@id\":\"https:\/\/vosgesinfo.fr\/saintdieinfo\/#website\"},\"primaryImageOfPage\":{\"@id\":\"https:\/\/vosgesinfo.fr\/saintdieinfo\/2025\/04\/zones-a-faibles-emissions-la-mesure-antisociale-de-trop-pour-les-motards\/#primaryimage\"},\"image\":{\"@id\":\"https:\/\/vosgesinfo.fr\/saintdieinfo\/2025\/04\/zones-a-faibles-emissions-la-mesure-antisociale-de-trop-pour-les-motards\/#primaryimage\"},\"thumbnailUrl\":\"https:\/\/vosgesinfo.fr\/app\/uploads\/sites\/4\/2025\/04\/201802manifestation-motards-epinal-80kmh-50-1.jpg\",\"datePublished\":\"2025-04-05T19:50:49+00:00\",\"dateModified\":\"2025-04-05T19:50:49+00:00\",\"breadcrumb\":{\"@id\":\"https:\/\/vosgesinfo.fr\/saintdieinfo\/2025\/04\/zones-a-faibles-emissions-la-mesure-antisociale-de-trop-pour-les-motards\/#breadcrumb\"},\"inLanguage\":\"fr-FR\",\"potentialAction\":[{\"@type\":\"ReadAction\",\"target\":[\"https:\/\/vosgesinfo.fr\/saintdieinfo\/2025\/04\/zones-a-faibles-emissions-la-mesure-antisociale-de-trop-pour-les-motards\/\"]}]},{\"@type\":\"ImageObject\",\"inLanguage\":\"fr-FR\",\"@id\":\"https:\/\/vosgesinfo.fr\/saintdieinfo\/2025\/04\/zones-a-faibles-emissions-la-mesure-antisociale-de-trop-pour-les-motards\/#primaryimage\",\"url\":\"https:\/\/vosgesinfo.fr\/app\/uploads\/sites\/4\/2025\/04\/201802manifestation-motards-epinal-80kmh-50-1.jpg\",\"contentUrl\":\"https:\/\/vosgesinfo.fr\/app\/uploads\/sites\/4\/2025\/04\/201802manifestation-motards-epinal-80kmh-50-1.jpg\",\"width\":2560,\"height\":1920},{\"@type\":\"BreadcrumbList\",\"@id\":\"https:\/\/vosgesinfo.fr\/saintdieinfo\/2025\/04\/zones-a-faibles-emissions-la-mesure-antisociale-de-trop-pour-les-motards\/#breadcrumb\",\"itemListElement\":[{\"@type\":\"ListItem\",\"position\":1,\"name\":\"Home\",\"item\":\"https:\/\/vosgesinfo.fr\/saintdieinfo\/\"},{\"@type\":\"ListItem\",\"position\":2,\"name\":\"Zones \u00e0 Faibles \u00c9missions, la mesure antisociale de trop pour les motards\"}]},{\"@type\":\"WebSite\",\"@id\":\"https:\/\/vosgesinfo.fr\/saintdieinfo\/#website\",\"url\":\"https:\/\/vosgesinfo.fr\/saintdieinfo\/\",\"name\":\"Saint Die Info\",\"description\":\"Toute l&#039;actualit\u00e9 de Saint-Di\u00e9-Des-Vosges\",\"publisher\":{\"@id\":\"https:\/\/vosgesinfo.fr\/saintdieinfo\/#organization\"},\"alternateName\":\"Toute l'actualit\u00e9 de Saint-Di\u00e9-Des-Vosges\",\"potentialAction\":[{\"@type\":\"SearchAction\",\"target\":{\"@type\":\"EntryPoint\",\"urlTemplate\":\"https:\/\/vosgesinfo.fr\/saintdieinfo\/?s={search_term_string}\"},\"query-input\":\"required name=search_term_string\"}],\"inLanguage\":\"fr-FR\"},{\"@type\":\"Organization\",\"@id\":\"https:\/\/vosgesinfo.fr\/saintdieinfo\/#organization\",\"name\":\"Saint Die Info\",\"url\":\"https:\/\/vosgesinfo.fr\/saintdieinfo\/\",\"logo\":{\"@type\":\"ImageObject\",\"inLanguage\":\"fr-FR\",\"@id\":\"https:\/\/vosgesinfo.fr\/saintdieinfo\/#\/schema\/logo\/image\/\",\"url\":\"https:\/\/vosgesinfo.fr\/app\/uploads\/sites\/4\/2024\/02\/logo-sdi.jpg\",\"contentUrl\":\"https:\/\/vosgesinfo.fr\/app\/uploads\/sites\/4\/2024\/02\/logo-sdi.jpg\",\"width\":600,\"height\":600,\"caption\":\"Saint Die Info\"},\"image\":{\"@id\":\"https:\/\/vosgesinfo.fr\/saintdieinfo\/#\/schema\/logo\/image\/\"},\"sameAs\":[\"https:\/\/www.facebook.com\/Saintdieinfofr\",\"https:\/\/x.com\/VosgesInfo88\",\"https:\/\/www.youtube.com\/@vosgesinfo\"]},{\"@type\":\"Person\",\"@id\":\"https:\/\/vosgesinfo.fr\/saintdieinfo\/#\/schema\/person\/6f9a650eeea99d969b6c4ab78fccbe81\",\"name\":\"C.K.\",\"image\":{\"@type\":\"ImageObject\",\"inLanguage\":\"fr-FR\",\"@id\":\"https:\/\/vosgesinfo.fr\/saintdieinfo\/#\/schema\/person\/image\/\",\"url\":\"https:\/\/secure.gravatar.com\/avatar\/48e3fc7f8421ba8942be6b74a2b7f014ca39bc00dece156b7a8e098ae7dc87bf?s=96&d=mm&r=g\",\"contentUrl\":\"https:\/\/secure.gravatar.com\/avatar\/48e3fc7f8421ba8942be6b74a2b7f014ca39bc00dece156b7a8e098ae7dc87bf?s=96&d=mm&r=g\",\"caption\":\"C.K.\"},\"url\":\"https:\/\/vosgesinfo.fr\/saintdieinfo\/author\/celia-k-n\/\"}]}<\/script>\n<!-- \/ Yoast SEO plugin. -->","yoast_head_json":{"title":"Zones \u00e0 Faibles \u00c9missions, la mesure antisociale de trop pour les motards - Saint Die Info","robots":{"index":"index","follow":"follow","max-snippet":"max-snippet:-1","max-image-preview":"max-image-preview:large","max-video-preview":"max-video-preview:-1"},"canonical":"https:\/\/vosgesinfo.fr\/saintdieinfo\/2025\/04\/zones-a-faibles-emissions-la-mesure-antisociale-de-trop-pour-les-motards\/","twitter_card":"summary_large_image","twitter_title":"Zones \u00e0 Faibles \u00c9missions, la mesure antisociale de trop pour les motards - Saint Die Info","twitter_description":"Le communiqu\u00e9 de presse de la FFMC appelant \u00e0 montrer aux gouvernants les cons\u00e9quences de la mise en place des [&hellip;]","twitter_image":"https:\/\/vosgesinfo.fr\/app\/uploads\/sites\/4\/2025\/04\/201802manifestation-motards-epinal-80kmh-50-1.jpg","twitter_creator":"@VosgesInfo88","twitter_site":"@VosgesInfo88","twitter_misc":{"\u00c9crit par":"C.K.","Dur\u00e9e de lecture estim\u00e9e":"2 minutes"},"schema":{"@context":"https:\/\/schema.org","@graph":[{"@type":"Article","@id":"https:\/\/vosgesinfo.fr\/saintdieinfo\/2025\/04\/zones-a-faibles-emissions-la-mesure-antisociale-de-trop-pour-les-motards\/#article","isPartOf":{"@id":"https:\/\/vosgesinfo.fr\/saintdieinfo\/2025\/04\/zones-a-faibles-emissions-la-mesure-antisociale-de-trop-pour-les-motards\/"},"author":{"name":"C.K.","@id":"https:\/\/vosgesinfo.fr\/saintdieinfo\/#\/schema\/person\/6f9a650eeea99d969b6c4ab78fccbe81"},"headline":"Zones \u00e0 Faibles \u00c9missions, la mesure antisociale de trop pour les motards","datePublished":"2025-04-05T19:50:49+00:00","dateModified":"2025-04-05T19:50:49+00:00","mainEntityOfPage":{"@id":"https:\/\/vosgesinfo.fr\/saintdieinfo\/2025\/04\/zones-a-faibles-emissions-la-mesure-antisociale-de-trop-pour-les-motards\/"},"wordCount":422,"commentCount":1,"publisher":{"@id":"https:\/\/vosgesinfo.fr\/saintdieinfo\/#organization"},"image":{"@id":"https:\/\/vosgesinfo.fr\/saintdieinfo\/2025\/04\/zones-a-faibles-emissions-la-mesure-antisociale-de-trop-pour-les-motards\/#primaryimage"},"thumbnailUrl":"https:\/\/vosgesinfo.fr\/app\/uploads\/sites\/4\/2025\/04\/201802manifestation-motards-epinal-80kmh-50-1.jpg","articleSection":["A la Une","Epinal","Gerardmer","La plaine des vosges","Remiremont","Saint-di\u00e9"],"inLanguage":"fr-FR","potentialAction":[{"@type":"CommentAction","name":"Comment","target":["https:\/\/vosgesinfo.fr\/saintdieinfo\/2025\/04\/zones-a-faibles-emissions-la-mesure-antisociale-de-trop-pour-les-motards\/#respond"]}]},{"@type":"WebPage","@id":"https:\/\/vosgesinfo.fr\/saintdieinfo\/2025\/04\/zones-a-faibles-emissions-la-mesure-antisociale-de-trop-pour-les-motards\/","url":"https:\/\/vosgesinfo.fr\/saintdieinfo\/2025\/04\/zones-a-faibles-emissions-la-mesure-antisociale-de-trop-pour-les-motards\/","name":"Zones \u00e0 Faibles \u00c9missions, la mesure antisociale de trop pour les motards - Saint Die Info","isPartOf":{"@id":"https:\/\/vosgesinfo.fr\/saintdieinfo\/#website"},"primaryImageOfPage":{"@id":"https:\/\/vosgesinfo.fr\/saintdieinfo\/2025\/04\/zones-a-faibles-emissions-la-mesure-antisociale-de-trop-pour-les-motards\/#primaryimage"},"image":{"@id":"https:\/\/vosgesinfo.fr\/saintdieinfo\/2025\/04\/zones-a-faibles-emissions-la-mesure-antisociale-de-trop-pour-les-motards\/#primaryimage"},"thumbnailUrl":"https:\/\/vosgesinfo.fr\/app\/uploads\/sites\/4\/2025\/04\/201802manifestation-motards-epinal-80kmh-50-1.jpg","datePublished":"2025-04-05T19:50:49+00:00","dateModified":"2025-04-05T19:50:49+00:00","breadcrumb":{"@id":"https:\/\/vosgesinfo.fr\/saintdieinfo\/2025\/04\/zones-a-faibles-emissions-la-mesure-antisociale-de-trop-pour-les-motards\/#breadcrumb"},"inLanguage":"fr-FR","potentialAction":[{"@type":"ReadAction","target":["https:\/\/vosgesinfo.fr\/saintdieinfo\/2025\/04\/zones-a-faibles-emissions-la-mesure-antisociale-de-trop-pour-les-motards\/"]}]},{"@type":"ImageObject","inLanguage":"fr-FR","@id":"https:\/\/vosgesinfo.fr\/saintdieinfo\/2025\/04\/zones-a-faibles-emissions-la-mesure-antisociale-de-trop-pour-les-motards\/#primaryimage","url":"https:\/\/vosgesinfo.fr\/app\/uploads\/sites\/4\/2025\/04\/201802manifestation-motards-epinal-80kmh-50-1.jpg","contentUrl":"https:\/\/vosgesinfo.fr\/app\/uploads\/sites\/4\/2025\/04\/201802manifestation-motards-epinal-80kmh-50-1.jpg","width":2560,"height":1920},{"@type":"BreadcrumbList","@id":"https:\/\/vosgesinfo.fr\/saintdieinfo\/2025\/04\/zones-a-faibles-emissions-la-mesure-antisociale-de-trop-pour-les-motards\/#breadcrumb","itemListElement":[{"@type":"ListItem","position":1,"name":"Home","item":"https:\/\/vosgesinfo.fr\/saintdieinfo\/"},{"@type":"ListItem","position":2,"name":"Zones \u00e0 Faibles \u00c9missions, la mesure antisociale de trop pour les motards"}]},{"@type":"WebSite","@id":"https:\/\/vosgesinfo.fr\/saintdieinfo\/#website","url":"https:\/\/vosgesinfo.fr\/saintdieinfo\/","name":"Saint Die Info","description":"Toute l&#039;actualit\u00e9 de Saint-Di\u00e9-Des-Vosges","publisher":{"@id":"https:\/\/vosgesinfo.fr\/saintdieinfo\/#organization"},"alternateName":"Toute l'actualit\u00e9 de Saint-Di\u00e9-Des-Vosges","potentialAction":[{"@type":"SearchAction","target":{"@type":"EntryPoint","urlTemplate":"https:\/\/vosgesinfo.fr\/saintdieinfo\/?s={search_term_string}"},"query-input":"required name=search_term_string"}],"inLanguage":"fr-FR"},{"@type":"Organization","@id":"https:\/\/vosgesinfo.fr\/saintdieinfo\/#organization","name":"Saint Die Info","url":"https:\/\/vosgesinfo.fr\/saintdieinfo\/","logo":{"@type":"ImageObject","inLanguage":"fr-FR","@id":"https:\/\/vosgesinfo.fr\/saintdieinfo\/#\/schema\/logo\/image\/","url":"https:\/\/vosgesinfo.fr\/app\/uploads\/sites\/4\/2024\/02\/logo-sdi.jpg","contentUrl":"https:\/\/vosgesinfo.fr\/app\/uploads\/sites\/4\/2024\/02\/logo-sdi.jpg","width":600,"height":600,"caption":"Saint Die Info"},"image":{"@id":"https:\/\/vosgesinfo.fr\/saintdieinfo\/#\/schema\/logo\/image\/"},"sameAs":["https:\/\/www.facebook.com\/Saintdieinfofr","https:\/\/x.com\/VosgesInfo88","https:\/\/www.youtube.com\/@vosgesinfo"]},{"@type":"Person","@id":"https:\/\/vosgesinfo.fr\/saintdieinfo\/#\/schema\/person\/6f9a650eeea99d969b6c4ab78fccbe81","name":"C.K.","image":{"@type":"ImageObject","inLanguage":"fr-FR","@id":"https:\/\/vosgesinfo.fr\/saintdieinfo\/#\/schema\/person\/image\/","url":"https:\/\/secure.gravatar.com\/avatar\/48e3fc7f8421ba8942be6b74a2b7f014ca39bc00dece156b7a8e098ae7dc87bf?s=96&d=mm&r=g","contentUrl":"https:\/\/secure.gravatar.com\/avatar\/48e3fc7f8421ba8942be6b74a2b7f014ca39bc00dece156b7a8e098ae7dc87bf?s=96&d=mm&r=g","caption":"C.K."},"url":"https:\/\/vosgesinfo.fr\/saintdieinfo\/author\/celia-k-n\/"}]}},"_links":{"self":[{"href":"https:\/\/vosgesinfo.fr\/saintdieinfo\/wp-json\/wp\/v2\/posts\/76277","targetHints":{"allow":["GET"]}}],"collection":[{"href":"https:\/\/vosgesinfo.fr\/saintdieinfo\/wp-json\/wp\/v2\/posts"}],"about":[{"href":"https:\/\/vosgesinfo.fr\/saintdieinfo\/wp-json\/wp\/v2\/types\/post"}],"author":[{"embeddable":true,"href":"https:\/\/vosgesinfo.fr\/saintdieinfo\/wp-json\/wp\/v2\/users\/52"}],"replies":[{"embeddable":true,"href":"https:\/\/vosgesinfo.fr\/saintdieinfo\/wp-json\/wp\/v2\/comments?post=76277"}],"version-history":[{"count":0,"href":"https:\/\/vosgesinfo.fr\/saintdieinfo\/wp-json\/wp\/v2\/posts\/76277\/revisions"}],"wp:featuredmedia":[{"embeddable":true,"href":"https:\/\/vosgesinfo.fr\/saintdieinfo\/wp-json\/wp\/v2\/media\/76278"}],"wp:attachment":[{"href":"https:\/\/vosgesinfo.fr\/saintdieinfo\/wp-json\/wp\/v2\/media?parent=76277"}],"wp:term":[{"taxonomy":"category","embeddable":true,"href":"https:\/\/vosgesinfo.fr\/saintdieinfo\/wp-json\/wp\/v2\/categories?post=76277"},{"taxonomy":"post_tag","embeddable":true,"href":"https:\/\/vosgesinfo.fr\/saintdieinfo\/wp-json\/wp\/v2\/tags?post=76277"}],"curies":[{"name":"wp","href":"https:\/\/api.w.org\/{rel}","templated":true}]}}