{"id":76286,"date":"2025-04-06T00:30:56","date_gmt":"2025-04-05T22:30:56","guid":{"rendered":"https:\/\/vosgesinfo.fr\/saintdieinfo\/?p=76286"},"modified":"2025-04-06T00:14:20","modified_gmt":"2025-04-05T22:14:20","slug":"volley-ball-les-louves-se-qualifient-pour-la-finale-de-coupe-de-france-federale","status":"publish","type":"post","link":"https:\/\/vosgesinfo.fr\/saintdieinfo\/2025\/04\/volley-ball-les-louves-se-qualifient-pour-la-finale-de-coupe-de-france-federale\/","title":{"rendered":"Volley-ball\u00a0: les Louves se qualifient pour la finale de Coupe de France f\u00e9d\u00e9rale"},"content":{"rendered":"<div id=\"attachment_76291\" style=\"width: 1034px\" class=\"wp-caption alignnone\"><a href=\"https:\/\/vosgesinfo.fr\/app\/uploads\/sites\/4\/2025\/04\/volley-ball-louves-vs-valenciennes-cdf-4.jpg\"><img decoding=\"async\" aria-describedby=\"caption-attachment-76291\" class=\"size-large wp-image-76291\" src=\"https:\/\/vosgesinfo.fr\/app\/uploads\/sites\/4\/2025\/04\/volley-ball-louves-vs-valenciennes-cdf-4-1024x683.jpg\" alt=\"\" width=\"1024\" height=\"683\" srcset=\"https:\/\/vosgesinfo.fr\/app\/uploads\/sites\/4\/2025\/04\/volley-ball-louves-vs-valenciennes-cdf-4-1024x683.jpg 1024w, https:\/\/vosgesinfo.fr\/app\/uploads\/sites\/4\/2025\/04\/volley-ball-louves-vs-valenciennes-cdf-4-300x200.jpg 300w, https:\/\/vosgesinfo.fr\/app\/uploads\/sites\/4\/2025\/04\/volley-ball-louves-vs-valenciennes-cdf-4-768x512.jpg 768w, https:\/\/vosgesinfo.fr\/app\/uploads\/sites\/4\/2025\/04\/volley-ball-louves-vs-valenciennes-cdf-4.jpg 1200w\" sizes=\"(max-width: 1024px) 100vw, 1024px\" \/><\/a><p id=\"caption-attachment-76291\" class=\"wp-caption-text\">(Photographies Marc Fourniquet)<\/p><\/div>\n<h2>Le <strong>Final Four de la Coupe de France f\u00e9d\u00e9rale de volley-ball f\u00e9minin<\/strong> se joue ce week-end sur les parquets du <strong>Palais Omnisports Joseph-Claudel<\/strong>. <a href=\"https:\/\/vosgesinfo.fr\/saintdieinfo\/2024\/04\/volley-ball-les-louves-remportent-la-coupe-de-france-federale-a-domicile\/\" target=\"_blank\" rel=\"noopener\"><strong>Tenantes du titre<\/strong><\/a>, les <strong>Louves<\/strong> se sont qualifi\u00e9es en <strong>finale<\/strong> ce samedi en fin d&rsquo;apr\u00e8s-midi, devant leur public.<\/h2>\n<p><!--more--><\/p>\n<p>Oppos\u00e9es \u00e0 <strong>Valenciennes<\/strong>, qu&rsquo;elles ont battu pas plus tard que le week-end dernier en championnat, les <strong>D\u00e9odatiennes<\/strong> se sont impos\u00e9es par <b>3 <\/b><strong><b>sets \u00e0 0<\/b><\/strong>. Au coup de sifflet final, le <strong><b>score \u00e9tait de <\/b><\/strong><b>25-23;25-22;25-20<\/b> en faveur des Louves, qui seront oppos\u00e9es au <b>Pays Viennois<\/b><strong><b> e<\/b><\/strong><strong>n finale<\/strong>. Le coup d&rsquo;envoi du match sera donn\u00e9 <strong>demain \u00e0 15h<\/strong>. La rencontre s&rsquo;encha\u00eenera sur la remise<strong> des prix par les officiels<\/strong>. Pour rappel l&rsquo;an dernier, les D\u00e9odatiennes n&rsquo;avaient laiss\u00e9 aucune chance \u00e0 <strong>Bordeaux<\/strong>, avec une <strong>victoire sans \u00e9quivoque par 3 sets \u00e0 0<\/strong>.<\/p>\n<p>J.J.<\/p>\n\n\t\t<style type=\"text\/css\">\n\t\t\t#gallery-1 {\n\t\t\t\tmargin: auto;\n\t\t\t}\n\t\t\t#gallery-1 .gallery-item {\n\t\t\t\tfloat: left;\n\t\t\t\tmargin-top: 10px;\n\t\t\t\ttext-align: center;\n\t\t\t\twidth: 50%;\n\t\t\t}\n\t\t\t#gallery-1 img {\n\t\t\t\tborder: 2px solid #cfcfcf;\n\t\t\t}\n\t\t\t#gallery-1 .gallery-caption {\n\t\t\t\tmargin-left: 0;\n\t\t\t}\n\t\t\t\/* see gallery_shortcode() in wp-includes\/media.php *\/\n\t\t<\/style>\n\t\t<div id='gallery-1' class='gallery galleryid-76286 gallery-columns-2 gallery-size-thumbnail'><dl class='gallery-item'>\n\t\t\t<dt class='gallery-icon landscape'>\n\t\t\t\t<a href='https:\/\/vosgesinfo.fr\/app\/uploads\/sites\/4\/2025\/04\/volley-ball-louves-vs-valenciennes-cdf-1.jpg'><img decoding=\"async\" width=\"150\" height=\"150\" src=\"https:\/\/vosgesinfo.fr\/app\/uploads\/sites\/4\/2025\/04\/volley-ball-louves-vs-valenciennes-cdf-1-150x150.jpg\" class=\"attachment-thumbnail size-thumbnail\" alt=\"\" \/><\/a>\n\t\t\t<\/dt><\/dl><dl class='gallery-item'>\n\t\t\t<dt class='gallery-icon landscape'>\n\t\t\t\t<a href='https:\/\/vosgesinfo.fr\/app\/uploads\/sites\/4\/2025\/04\/volley-ball-louves-vs-valenciennes-cdf-2.jpg'><img decoding=\"async\" width=\"150\" height=\"150\" src=\"https:\/\/vosgesinfo.fr\/app\/uploads\/sites\/4\/2025\/04\/volley-ball-louves-vs-valenciennes-cdf-2-150x150.jpg\" class=\"attachment-thumbnail size-thumbnail\" alt=\"\" \/><\/a>\n\t\t\t<\/dt><\/dl><br style=\"clear: both\" \/><dl class='gallery-item'>\n\t\t\t<dt class='gallery-icon landscape'>\n\t\t\t\t<a href='https:\/\/vosgesinfo.fr\/app\/uploads\/sites\/4\/2025\/04\/volley-ball-louves-vs-valenciennes-cdf-3.jpg'><img decoding=\"async\" width=\"150\" height=\"150\" src=\"https:\/\/vosgesinfo.fr\/app\/uploads\/sites\/4\/2025\/04\/volley-ball-louves-vs-valenciennes-cdf-3-150x150.jpg\" class=\"attachment-thumbnail size-thumbnail\" alt=\"\" \/><\/a>\n\t\t\t<\/dt><\/dl><dl class='gallery-item'>\n\t\t\t<dt class='gallery-icon landscape'>\n\t\t\t\t<a href='https:\/\/vosgesinfo.fr\/app\/uploads\/sites\/4\/2025\/04\/volley-ball-louves-vs-valenciennes-cdf-5-1.jpg'><img decoding=\"async\" width=\"150\" height=\"150\" src=\"https:\/\/vosgesinfo.fr\/app\/uploads\/sites\/4\/2025\/04\/volley-ball-louves-vs-valenciennes-cdf-5-1-150x150.jpg\" class=\"attachment-thumbnail size-thumbnail\" alt=\"\" \/><\/a>\n\t\t\t<\/dt><\/dl><br style=\"clear: both\" \/>\n\t\t<\/div>\n\n","protected":false},"excerpt":{"rendered":"<p>Le Final Four de la Coupe de France f\u00e9d\u00e9rale de volley-ball f\u00e9minin se joue ce week-end sur les parquets du [&hellip;]<\/p>\n","protected":false},"author":46,"featured_media":76291,"comment_status":"open","ping_status":"open","sticky":false,"template":"","format":"standard","meta":{"footnotes":""},"categories":[460,167,14],"tags":[5662,5769,3247,3126,5476],"class_list":["post-76286","post","type-post","status-publish","format-standard","has-post-thumbnail","hentry","category-a-la-une","category-saint-die-des-vosges","category-sport","tag-coupe-de-france-federale-de-volley-ball-feminin","tag-final-four-de-la-coupe-de-france-federale-de-volley-ball-feminin","tag-les-louves","tag-palais-omnisports-joseph-claudel","tag-saint-die-volley-ball"],"acf":[],"yoast_head":"<!-- This site is optimized with the Yoast SEO plugin v22.5 - https:\/\/yoast.com\/wordpress\/plugins\/seo\/ -->\n<title>Volley-ball\u00a0: les Louves se qualifient pour la finale de Coupe de France f\u00e9d\u00e9rale - Saint Die Info<\/title>\n<meta name=\"robots\" content=\"index, follow, max-snippet:-1, max-image-preview:large, max-video-preview:-1\" \/>\n<link rel=\"canonical\" href=\"https:\/\/vosgesinfo.fr\/saintdieinfo\/2025\/04\/volley-ball-les-louves-se-qualifient-pour-la-finale-de-coupe-de-france-federale\/\" \/>\n<meta name=\"twitter:card\" content=\"summary_large_image\" \/>\n<meta name=\"twitter:title\" content=\"Volley-ball\u00a0: les Louves se qualifient pour la finale de Coupe de France f\u00e9d\u00e9rale - Saint Die Info\" \/>\n<meta name=\"twitter:description\" content=\"Le Final Four de la Coupe de France f\u00e9d\u00e9rale de volley-ball f\u00e9minin se joue ce week-end sur les parquets du [&hellip;]\" \/>\n<meta name=\"twitter:image\" content=\"https:\/\/vosgesinfo.fr\/app\/uploads\/sites\/4\/2025\/04\/volley-ball-louves-vs-valenciennes-cdf-4.jpg\" \/>\n<meta name=\"twitter:creator\" content=\"@VosgesInfo88\" \/>\n<meta name=\"twitter:site\" content=\"@VosgesInfo88\" \/>\n<meta name=\"twitter:label1\" content=\"\u00c9crit par\" \/>\n\t<meta name=\"twitter:data1\" content=\"J.J.\" \/>\n\t<meta name=\"twitter:label2\" content=\"Dur\u00e9e de lecture estim\u00e9e\" \/>\n\t<meta name=\"twitter:data2\" content=\"1 minute\" \/>\n<script type=\"application\/ld+json\" class=\"yoast-schema-graph\">{\"@context\":\"https:\/\/schema.org\",\"@graph\":[{\"@type\":\"Article\",\"@id\":\"https:\/\/vosgesinfo.fr\/saintdieinfo\/2025\/04\/volley-ball-les-louves-se-qualifient-pour-la-finale-de-coupe-de-france-federale\/#article\",\"isPartOf\":{\"@id\":\"https:\/\/vosgesinfo.fr\/saintdieinfo\/2025\/04\/volley-ball-les-louves-se-qualifient-pour-la-finale-de-coupe-de-france-federale\/\"},\"author\":{\"name\":\"J.J.\",\"@id\":\"https:\/\/vosgesinfo.fr\/saintdieinfo\/#\/schema\/person\/fa73e9f726d67bb88f46d5b7943cb572\"},\"headline\":\"Volley-ball\u00a0: les Louves se qualifient pour la finale de Coupe de France f\u00e9d\u00e9rale\",\"datePublished\":\"2025-04-05T22:30:56+00:00\",\"dateModified\":\"2025-04-05T22:14:20+00:00\",\"mainEntityOfPage\":{\"@id\":\"https:\/\/vosgesinfo.fr\/saintdieinfo\/2025\/04\/volley-ball-les-louves-se-qualifient-pour-la-finale-de-coupe-de-france-federale\/\"},\"wordCount\":174,\"commentCount\":1,\"publisher\":{\"@id\":\"https:\/\/vosgesinfo.fr\/saintdieinfo\/#organization\"},\"image\":{\"@id\":\"https:\/\/vosgesinfo.fr\/saintdieinfo\/2025\/04\/volley-ball-les-louves-se-qualifient-pour-la-finale-de-coupe-de-france-federale\/#primaryimage\"},\"thumbnailUrl\":\"https:\/\/vosgesinfo.fr\/app\/uploads\/sites\/4\/2025\/04\/volley-ball-louves-vs-valenciennes-cdf-4.jpg\",\"keywords\":[\"Coupe de France f\u00e9d\u00e9rale de volley-ball f\u00e9minin\",\"Final Four de la Coupe de France F\u00e9d\u00e9rale de Volley-Ball F\u00e9minin\",\"Les Louves\",\"Palais Omnisports Joseph-Claudel\",\"Saint-Di\u00e9 Volley-Ball\"],\"articleSection\":[\"A la Une\",\"Saint-Di\u00e9-des-Vosges\",\"Sport\"],\"inLanguage\":\"fr-FR\",\"potentialAction\":[{\"@type\":\"CommentAction\",\"name\":\"Comment\",\"target\":[\"https:\/\/vosgesinfo.fr\/saintdieinfo\/2025\/04\/volley-ball-les-louves-se-qualifient-pour-la-finale-de-coupe-de-france-federale\/#respond\"]}]},{\"@type\":\"WebPage\",\"@id\":\"https:\/\/vosgesinfo.fr\/saintdieinfo\/2025\/04\/volley-ball-les-louves-se-qualifient-pour-la-finale-de-coupe-de-france-federale\/\",\"url\":\"https:\/\/vosgesinfo.fr\/saintdieinfo\/2025\/04\/volley-ball-les-louves-se-qualifient-pour-la-finale-de-coupe-de-france-federale\/\",\"name\":\"Volley-ball\u00a0: les Louves se qualifient pour la finale de Coupe de France f\u00e9d\u00e9rale - Saint Die Info\",\"isPartOf\":{\"@id\":\"https:\/\/vosgesinfo.fr\/saintdieinfo\/#website\"},\"primaryImageOfPage\":{\"@id\":\"https:\/\/vosgesinfo.fr\/saintdieinfo\/2025\/04\/volley-ball-les-louves-se-qualifient-pour-la-finale-de-coupe-de-france-federale\/#primaryimage\"},\"image\":{\"@id\":\"https:\/\/vosgesinfo.fr\/saintdieinfo\/2025\/04\/volley-ball-les-louves-se-qualifient-pour-la-finale-de-coupe-de-france-federale\/#primaryimage\"},\"thumbnailUrl\":\"https:\/\/vosgesinfo.fr\/app\/uploads\/sites\/4\/2025\/04\/volley-ball-louves-vs-valenciennes-cdf-4.jpg\",\"datePublished\":\"2025-04-05T22:30:56+00:00\",\"dateModified\":\"2025-04-05T22:14:20+00:00\",\"breadcrumb\":{\"@id\":\"https:\/\/vosgesinfo.fr\/saintdieinfo\/2025\/04\/volley-ball-les-louves-se-qualifient-pour-la-finale-de-coupe-de-france-federale\/#breadcrumb\"},\"inLanguage\":\"fr-FR\",\"potentialAction\":[{\"@type\":\"ReadAction\",\"target\":[\"https:\/\/vosgesinfo.fr\/saintdieinfo\/2025\/04\/volley-ball-les-louves-se-qualifient-pour-la-finale-de-coupe-de-france-federale\/\"]}]},{\"@type\":\"ImageObject\",\"inLanguage\":\"fr-FR\",\"@id\":\"https:\/\/vosgesinfo.fr\/saintdieinfo\/2025\/04\/volley-ball-les-louves-se-qualifient-pour-la-finale-de-coupe-de-france-federale\/#primaryimage\",\"url\":\"https:\/\/vosgesinfo.fr\/app\/uploads\/sites\/4\/2025\/04\/volley-ball-louves-vs-valenciennes-cdf-4.jpg\",\"contentUrl\":\"https:\/\/vosgesinfo.fr\/app\/uploads\/sites\/4\/2025\/04\/volley-ball-louves-vs-valenciennes-cdf-4.jpg\",\"width\":1200,\"height\":800,\"caption\":\"(Photographies Marc Fourniquet)\"},{\"@type\":\"BreadcrumbList\",\"@id\":\"https:\/\/vosgesinfo.fr\/saintdieinfo\/2025\/04\/volley-ball-les-louves-se-qualifient-pour-la-finale-de-coupe-de-france-federale\/#breadcrumb\",\"itemListElement\":[{\"@type\":\"ListItem\",\"position\":1,\"name\":\"Home\",\"item\":\"https:\/\/vosgesinfo.fr\/saintdieinfo\/\"},{\"@type\":\"ListItem\",\"position\":2,\"name\":\"Volley-ball\u00a0: les Louves se qualifient pour la finale de Coupe de France f\u00e9d\u00e9rale\"}]},{\"@type\":\"WebSite\",\"@id\":\"https:\/\/vosgesinfo.fr\/saintdieinfo\/#website\",\"url\":\"https:\/\/vosgesinfo.fr\/saintdieinfo\/\",\"name\":\"Saint Die Info\",\"description\":\"Toute l&#039;actualit\u00e9 de Saint-Di\u00e9-Des-Vosges\",\"publisher\":{\"@id\":\"https:\/\/vosgesinfo.fr\/saintdieinfo\/#organization\"},\"alternateName\":\"Toute l'actualit\u00e9 de Saint-Di\u00e9-Des-Vosges\",\"potentialAction\":[{\"@type\":\"SearchAction\",\"target\":{\"@type\":\"EntryPoint\",\"urlTemplate\":\"https:\/\/vosgesinfo.fr\/saintdieinfo\/?s={search_term_string}\"},\"query-input\":\"required name=search_term_string\"}],\"inLanguage\":\"fr-FR\"},{\"@type\":\"Organization\",\"@id\":\"https:\/\/vosgesinfo.fr\/saintdieinfo\/#organization\",\"name\":\"Saint Die Info\",\"url\":\"https:\/\/vosgesinfo.fr\/saintdieinfo\/\",\"logo\":{\"@type\":\"ImageObject\",\"inLanguage\":\"fr-FR\",\"@id\":\"https:\/\/vosgesinfo.fr\/saintdieinfo\/#\/schema\/logo\/image\/\",\"url\":\"https:\/\/vosgesinfo.fr\/app\/uploads\/sites\/4\/2024\/02\/logo-sdi.jpg\",\"contentUrl\":\"https:\/\/vosgesinfo.fr\/app\/uploads\/sites\/4\/2024\/02\/logo-sdi.jpg\",\"width\":600,\"height\":600,\"caption\":\"Saint Die Info\"},\"image\":{\"@id\":\"https:\/\/vosgesinfo.fr\/saintdieinfo\/#\/schema\/logo\/image\/\"},\"sameAs\":[\"https:\/\/www.facebook.com\/Saintdieinfofr\",\"https:\/\/x.com\/VosgesInfo88\",\"https:\/\/www.youtube.com\/@vosgesinfo\"]},{\"@type\":\"Person\",\"@id\":\"https:\/\/vosgesinfo.fr\/saintdieinfo\/#\/schema\/person\/fa73e9f726d67bb88f46d5b7943cb572\",\"name\":\"J.J.\",\"image\":{\"@type\":\"ImageObject\",\"inLanguage\":\"fr-FR\",\"@id\":\"https:\/\/vosgesinfo.fr\/saintdieinfo\/#\/schema\/person\/image\/\",\"url\":\"https:\/\/secure.gravatar.com\/avatar\/219e749e47ffbcca018a360ae4add7d4cdf1cdaaf8bc7676b27efade3fe65615?s=96&d=mm&r=g\",\"contentUrl\":\"https:\/\/secure.gravatar.com\/avatar\/219e749e47ffbcca018a360ae4add7d4cdf1cdaaf8bc7676b27efade3fe65615?s=96&d=mm&r=g\",\"caption\":\"J.J.\"},\"url\":\"https:\/\/vosgesinfo.fr\/saintdieinfo\/author\/j-j\/\"}]}<\/script>\n<!-- \/ Yoast SEO plugin. -->","yoast_head_json":{"title":"Volley-ball\u00a0: les Louves se qualifient pour la finale de Coupe de France f\u00e9d\u00e9rale - Saint Die Info","robots":{"index":"index","follow":"follow","max-snippet":"max-snippet:-1","max-image-preview":"max-image-preview:large","max-video-preview":"max-video-preview:-1"},"canonical":"https:\/\/vosgesinfo.fr\/saintdieinfo\/2025\/04\/volley-ball-les-louves-se-qualifient-pour-la-finale-de-coupe-de-france-federale\/","twitter_card":"summary_large_image","twitter_title":"Volley-ball\u00a0: les Louves se qualifient pour la finale de Coupe de France f\u00e9d\u00e9rale - Saint Die Info","twitter_description":"Le Final Four de la Coupe de France f\u00e9d\u00e9rale de volley-ball f\u00e9minin se joue ce week-end sur les parquets du [&hellip;]","twitter_image":"https:\/\/vosgesinfo.fr\/app\/uploads\/sites\/4\/2025\/04\/volley-ball-louves-vs-valenciennes-cdf-4.jpg","twitter_creator":"@VosgesInfo88","twitter_site":"@VosgesInfo88","twitter_misc":{"\u00c9crit par":"J.J.","Dur\u00e9e de lecture estim\u00e9e":"1 minute"},"schema":{"@context":"https:\/\/schema.org","@graph":[{"@type":"Article","@id":"https:\/\/vosgesinfo.fr\/saintdieinfo\/2025\/04\/volley-ball-les-louves-se-qualifient-pour-la-finale-de-coupe-de-france-federale\/#article","isPartOf":{"@id":"https:\/\/vosgesinfo.fr\/saintdieinfo\/2025\/04\/volley-ball-les-louves-se-qualifient-pour-la-finale-de-coupe-de-france-federale\/"},"author":{"name":"J.J.","@id":"https:\/\/vosgesinfo.fr\/saintdieinfo\/#\/schema\/person\/fa73e9f726d67bb88f46d5b7943cb572"},"headline":"Volley-ball\u00a0: les Louves se qualifient pour la finale de Coupe de France f\u00e9d\u00e9rale","datePublished":"2025-04-05T22:30:56+00:00","dateModified":"2025-04-05T22:14:20+00:00","mainEntityOfPage":{"@id":"https:\/\/vosgesinfo.fr\/saintdieinfo\/2025\/04\/volley-ball-les-louves-se-qualifient-pour-la-finale-de-coupe-de-france-federale\/"},"wordCount":174,"commentCount":1,"publisher":{"@id":"https:\/\/vosgesinfo.fr\/saintdieinfo\/#organization"},"image":{"@id":"https:\/\/vosgesinfo.fr\/saintdieinfo\/2025\/04\/volley-ball-les-louves-se-qualifient-pour-la-finale-de-coupe-de-france-federale\/#primaryimage"},"thumbnailUrl":"https:\/\/vosgesinfo.fr\/app\/uploads\/sites\/4\/2025\/04\/volley-ball-louves-vs-valenciennes-cdf-4.jpg","keywords":["Coupe de France f\u00e9d\u00e9rale de volley-ball f\u00e9minin","Final Four de la Coupe de France F\u00e9d\u00e9rale de Volley-Ball F\u00e9minin","Les Louves","Palais Omnisports Joseph-Claudel","Saint-Di\u00e9 Volley-Ball"],"articleSection":["A la Une","Saint-Di\u00e9-des-Vosges","Sport"],"inLanguage":"fr-FR","potentialAction":[{"@type":"CommentAction","name":"Comment","target":["https:\/\/vosgesinfo.fr\/saintdieinfo\/2025\/04\/volley-ball-les-louves-se-qualifient-pour-la-finale-de-coupe-de-france-federale\/#respond"]}]},{"@type":"WebPage","@id":"https:\/\/vosgesinfo.fr\/saintdieinfo\/2025\/04\/volley-ball-les-louves-se-qualifient-pour-la-finale-de-coupe-de-france-federale\/","url":"https:\/\/vosgesinfo.fr\/saintdieinfo\/2025\/04\/volley-ball-les-louves-se-qualifient-pour-la-finale-de-coupe-de-france-federale\/","name":"Volley-ball\u00a0: les Louves se qualifient pour la finale de Coupe de France f\u00e9d\u00e9rale - Saint Die Info","isPartOf":{"@id":"https:\/\/vosgesinfo.fr\/saintdieinfo\/#website"},"primaryImageOfPage":{"@id":"https:\/\/vosgesinfo.fr\/saintdieinfo\/2025\/04\/volley-ball-les-louves-se-qualifient-pour-la-finale-de-coupe-de-france-federale\/#primaryimage"},"image":{"@id":"https:\/\/vosgesinfo.fr\/saintdieinfo\/2025\/04\/volley-ball-les-louves-se-qualifient-pour-la-finale-de-coupe-de-france-federale\/#primaryimage"},"thumbnailUrl":"https:\/\/vosgesinfo.fr\/app\/uploads\/sites\/4\/2025\/04\/volley-ball-louves-vs-valenciennes-cdf-4.jpg","datePublished":"2025-04-05T22:30:56+00:00","dateModified":"2025-04-05T22:14:20+00:00","breadcrumb":{"@id":"https:\/\/vosgesinfo.fr\/saintdieinfo\/2025\/04\/volley-ball-les-louves-se-qualifient-pour-la-finale-de-coupe-de-france-federale\/#breadcrumb"},"inLanguage":"fr-FR","potentialAction":[{"@type":"ReadAction","target":["https:\/\/vosgesinfo.fr\/saintdieinfo\/2025\/04\/volley-ball-les-louves-se-qualifient-pour-la-finale-de-coupe-de-france-federale\/"]}]},{"@type":"ImageObject","inLanguage":"fr-FR","@id":"https:\/\/vosgesinfo.fr\/saintdieinfo\/2025\/04\/volley-ball-les-louves-se-qualifient-pour-la-finale-de-coupe-de-france-federale\/#primaryimage","url":"https:\/\/vosgesinfo.fr\/app\/uploads\/sites\/4\/2025\/04\/volley-ball-louves-vs-valenciennes-cdf-4.jpg","contentUrl":"https:\/\/vosgesinfo.fr\/app\/uploads\/sites\/4\/2025\/04\/volley-ball-louves-vs-valenciennes-cdf-4.jpg","width":1200,"height":800,"caption":"(Photographies Marc Fourniquet)"},{"@type":"BreadcrumbList","@id":"https:\/\/vosgesinfo.fr\/saintdieinfo\/2025\/04\/volley-ball-les-louves-se-qualifient-pour-la-finale-de-coupe-de-france-federale\/#breadcrumb","itemListElement":[{"@type":"ListItem","position":1,"name":"Home","item":"https:\/\/vosgesinfo.fr\/saintdieinfo\/"},{"@type":"ListItem","position":2,"name":"Volley-ball\u00a0: les Louves se qualifient pour la finale de Coupe de France f\u00e9d\u00e9rale"}]},{"@type":"WebSite","@id":"https:\/\/vosgesinfo.fr\/saintdieinfo\/#website","url":"https:\/\/vosgesinfo.fr\/saintdieinfo\/","name":"Saint Die Info","description":"Toute l&#039;actualit\u00e9 de Saint-Di\u00e9-Des-Vosges","publisher":{"@id":"https:\/\/vosgesinfo.fr\/saintdieinfo\/#organization"},"alternateName":"Toute l'actualit\u00e9 de Saint-Di\u00e9-Des-Vosges","potentialAction":[{"@type":"SearchAction","target":{"@type":"EntryPoint","urlTemplate":"https:\/\/vosgesinfo.fr\/saintdieinfo\/?s={search_term_string}"},"query-input":"required name=search_term_string"}],"inLanguage":"fr-FR"},{"@type":"Organization","@id":"https:\/\/vosgesinfo.fr\/saintdieinfo\/#organization","name":"Saint Die Info","url":"https:\/\/vosgesinfo.fr\/saintdieinfo\/","logo":{"@type":"ImageObject","inLanguage":"fr-FR","@id":"https:\/\/vosgesinfo.fr\/saintdieinfo\/#\/schema\/logo\/image\/","url":"https:\/\/vosgesinfo.fr\/app\/uploads\/sites\/4\/2024\/02\/logo-sdi.jpg","contentUrl":"https:\/\/vosgesinfo.fr\/app\/uploads\/sites\/4\/2024\/02\/logo-sdi.jpg","width":600,"height":600,"caption":"Saint Die Info"},"image":{"@id":"https:\/\/vosgesinfo.fr\/saintdieinfo\/#\/schema\/logo\/image\/"},"sameAs":["https:\/\/www.facebook.com\/Saintdieinfofr","https:\/\/x.com\/VosgesInfo88","https:\/\/www.youtube.com\/@vosgesinfo"]},{"@type":"Person","@id":"https:\/\/vosgesinfo.fr\/saintdieinfo\/#\/schema\/person\/fa73e9f726d67bb88f46d5b7943cb572","name":"J.J.","image":{"@type":"ImageObject","inLanguage":"fr-FR","@id":"https:\/\/vosgesinfo.fr\/saintdieinfo\/#\/schema\/person\/image\/","url":"https:\/\/secure.gravatar.com\/avatar\/219e749e47ffbcca018a360ae4add7d4cdf1cdaaf8bc7676b27efade3fe65615?s=96&d=mm&r=g","contentUrl":"https:\/\/secure.gravatar.com\/avatar\/219e749e47ffbcca018a360ae4add7d4cdf1cdaaf8bc7676b27efade3fe65615?s=96&d=mm&r=g","caption":"J.J."},"url":"https:\/\/vosgesinfo.fr\/saintdieinfo\/author\/j-j\/"}]}},"_links":{"self":[{"href":"https:\/\/vosgesinfo.fr\/saintdieinfo\/wp-json\/wp\/v2\/posts\/76286","targetHints":{"allow":["GET"]}}],"collection":[{"href":"https:\/\/vosgesinfo.fr\/saintdieinfo\/wp-json\/wp\/v2\/posts"}],"about":[{"href":"https:\/\/vosgesinfo.fr\/saintdieinfo\/wp-json\/wp\/v2\/types\/post"}],"author":[{"embeddable":true,"href":"https:\/\/vosgesinfo.fr\/saintdieinfo\/wp-json\/wp\/v2\/users\/46"}],"replies":[{"embeddable":true,"href":"https:\/\/vosgesinfo.fr\/saintdieinfo\/wp-json\/wp\/v2\/comments?post=76286"}],"version-history":[{"count":1,"href":"https:\/\/vosgesinfo.fr\/saintdieinfo\/wp-json\/wp\/v2\/posts\/76286\/revisions"}],"predecessor-version":[{"id":76293,"href":"https:\/\/vosgesinfo.fr\/saintdieinfo\/wp-json\/wp\/v2\/posts\/76286\/revisions\/76293"}],"wp:featuredmedia":[{"embeddable":true,"href":"https:\/\/vosgesinfo.fr\/saintdieinfo\/wp-json\/wp\/v2\/media\/76291"}],"wp:attachment":[{"href":"https:\/\/vosgesinfo.fr\/saintdieinfo\/wp-json\/wp\/v2\/media?parent=76286"}],"wp:term":[{"taxonomy":"category","embeddable":true,"href":"https:\/\/vosgesinfo.fr\/saintdieinfo\/wp-json\/wp\/v2\/categories?post=76286"},{"taxonomy":"post_tag","embeddable":true,"href":"https:\/\/vosgesinfo.fr\/saintdieinfo\/wp-json\/wp\/v2\/tags?post=76286"}],"curies":[{"name":"wp","href":"https:\/\/api.w.org\/{rel}","templated":true}]}}