{"id":76341,"date":"2025-04-07T09:41:23","date_gmt":"2025-04-07T07:41:23","guid":{"rendered":"https:\/\/vosgesinfo.fr\/saintdieinfo\/?p=76341"},"modified":"2025-04-07T09:29:40","modified_gmt":"2025-04-07T07:29:40","slug":"volley-ball-les-louves-remportent-la-coupe-de-france-federale-pour-la-deuxieme-annee-daffilee","status":"publish","type":"post","link":"https:\/\/vosgesinfo.fr\/saintdieinfo\/2025\/04\/volley-ball-les-louves-remportent-la-coupe-de-france-federale-pour-la-deuxieme-annee-daffilee\/","title":{"rendered":"Volley-ball\u00a0: les Louves remportent la Coupe de France f\u00e9d\u00e9rale pour la deuxi\u00e8me ann\u00e9e d&rsquo;affil\u00e9e !"},"content":{"rendered":"<div id=\"attachment_76351\" style=\"width: 1034px\" class=\"wp-caption alignnone\"><a href=\"https:\/\/vosgesinfo.fr\/app\/uploads\/sites\/4\/2025\/04\/volley-ball-victoire-les-louves-cdf-3-scaled.jpg\"><img decoding=\"async\" aria-describedby=\"caption-attachment-76351\" class=\"size-large wp-image-76351\" src=\"https:\/\/vosgesinfo.fr\/app\/uploads\/sites\/4\/2025\/04\/volley-ball-victoire-les-louves-cdf-3-1024x590.jpg\" alt=\"\" width=\"1024\" height=\"590\" srcset=\"https:\/\/vosgesinfo.fr\/app\/uploads\/sites\/4\/2025\/04\/volley-ball-victoire-les-louves-cdf-3-1024x590.jpg 1024w, https:\/\/vosgesinfo.fr\/app\/uploads\/sites\/4\/2025\/04\/volley-ball-victoire-les-louves-cdf-3-300x173.jpg 300w, https:\/\/vosgesinfo.fr\/app\/uploads\/sites\/4\/2025\/04\/volley-ball-victoire-les-louves-cdf-3-768x442.jpg 768w, https:\/\/vosgesinfo.fr\/app\/uploads\/sites\/4\/2025\/04\/volley-ball-victoire-les-louves-cdf-3-1536x885.jpg 1536w, https:\/\/vosgesinfo.fr\/app\/uploads\/sites\/4\/2025\/04\/volley-ball-victoire-les-louves-cdf-3-2048x1180.jpg 2048w\" sizes=\"(max-width: 1024px) 100vw, 1024px\" \/><\/a><p id=\"caption-attachment-76351\" class=\"wp-caption-text\">(Captures d&rsquo;\u00e9cran live Facebook du Saint-Di\u00e9 Volley-Ball)<\/p><\/div>\n<h2>Elles l&rsquo;ont fait ! <strong>Les Louves viennent de remporter la Coupe de France f\u00e9d\u00e9rale pour la deuxi\u00e8me ann\u00e9e cons\u00e9cutive<\/strong>, en remportant la finale du Final Four ce dimanche apr\u00e8s-midi.<\/h2>\n<p><!--more--><\/p>\n<p>Comme l&rsquo;an dernier face \u00e0 Bordeaux, c&rsquo;est devant <strong>un public d\u00e9odatien tout acquis \u00e0 leur cause<\/strong> que les Louves ont remport\u00e9 leurs deux matchs du week-end. <a href=\"https:\/\/vosgesinfo.fr\/saintdieinfo\/2025\/04\/volley-ball-les-louves-se-qualifient-pour-la-finale-de-coupe-de-france-federale\/\" target=\"_blank\" rel=\"noopener\">Apr\u00e8s Valenciennes samedi<\/a>, <strong>les D\u00e9odatiennes ont pris le dessus sur le Pays Viennois lors de la grande finale<\/strong>, en s&rsquo;imposant au terme d&rsquo;une rencontre tr\u00e8s disput\u00e9e par <b>3 sets \u00e0 2.<\/b> <strong>Score final de 25-21;23-25;25-22;25-26;15-11.<\/strong> La petite finale a \u00e9t\u00e9 remport\u00e9e par l&rsquo;\u00e9quipe de <strong>Valenciennes, oppos\u00e9e \u00e0 Harnes, par 3 sets \u00e0 0 et sur le score final de 25-15;25-14;25-21.<\/strong><\/p>\n<p><strong>Ce deuxi\u00e8me titre<\/strong> vient confirmer l&rsquo;excellente saison des Louves, qui ont <strong>le regard tourn\u00e9 vers la Ligue AF professionnelle<\/strong>. Il ne reste plus que <strong>trois matchs de championnat \u00e0 jouer<\/strong>, tous <strong>d\u00e9cisifs pour la mont\u00e9e<\/strong>. Le prochain sera jou\u00e9 <strong>samedi prochain, \u00e0 domicile sur les parquets du Palais Omnisports Joseph-Claudel<\/strong>, contre Sens. <strong>Coup d&rsquo;envoi \u00e0 19h.<\/strong><\/p>\n<p>J.J.<\/p>\n\n\t\t<style type=\"text\/css\">\n\t\t\t#gallery-1 {\n\t\t\t\tmargin: auto;\n\t\t\t}\n\t\t\t#gallery-1 .gallery-item {\n\t\t\t\tfloat: left;\n\t\t\t\tmargin-top: 10px;\n\t\t\t\ttext-align: center;\n\t\t\t\twidth: 50%;\n\t\t\t}\n\t\t\t#gallery-1 img {\n\t\t\t\tborder: 2px solid #cfcfcf;\n\t\t\t}\n\t\t\t#gallery-1 .gallery-caption {\n\t\t\t\tmargin-left: 0;\n\t\t\t}\n\t\t\t\/* see gallery_shortcode() in wp-includes\/media.php *\/\n\t\t<\/style>\n\t\t<div id='gallery-1' class='gallery galleryid-76341 gallery-columns-2 gallery-size-thumbnail'><dl class='gallery-item'>\n\t\t\t<dt class='gallery-icon landscape'>\n\t\t\t\t<a href='https:\/\/vosgesinfo.fr\/app\/uploads\/sites\/4\/2025\/04\/volley-ball-victoire-les-louves-cdf-1-scaled.jpg'><img decoding=\"async\" width=\"150\" height=\"150\" src=\"https:\/\/vosgesinfo.fr\/app\/uploads\/sites\/4\/2025\/04\/volley-ball-victoire-les-louves-cdf-1-150x150.jpg\" class=\"attachment-thumbnail size-thumbnail\" alt=\"\" \/><\/a>\n\t\t\t<\/dt><\/dl><dl class='gallery-item'>\n\t\t\t<dt class='gallery-icon landscape'>\n\t\t\t\t<a href='https:\/\/vosgesinfo.fr\/app\/uploads\/sites\/4\/2025\/04\/volley-ball-victoire-les-louves-cdf-2-scaled.jpg'><img decoding=\"async\" width=\"150\" height=\"150\" src=\"https:\/\/vosgesinfo.fr\/app\/uploads\/sites\/4\/2025\/04\/volley-ball-victoire-les-louves-cdf-2-150x150.jpg\" class=\"attachment-thumbnail size-thumbnail\" alt=\"\" \/><\/a>\n\t\t\t<\/dt><\/dl><br style=\"clear: both\" \/>\n\t\t<\/div>\n\n","protected":false},"excerpt":{"rendered":"<p>Elles l&rsquo;ont fait ! Les Louves viennent de remporter la Coupe de France f\u00e9d\u00e9rale pour la deuxi\u00e8me ann\u00e9e cons\u00e9cutive, en [&hellip;]<\/p>\n","protected":false},"author":46,"featured_media":76351,"comment_status":"open","ping_status":"open","sticky":false,"template":"","format":"standard","meta":{"footnotes":""},"categories":[460,5392,5391,5389,4099,167,14,18],"tags":[5769,3247,16768,3126,5476,15049],"class_list":["post-76341","post","type-post","status-publish","format-standard","has-post-thumbnail","hentry","category-a-la-une","category-epinal","category-gerardmer","category-la-plaine-des-vosges","category-remiremont","category-saint-die-des-vosges","category-sport","category-vosges","tag-final-four-de-la-coupe-de-france-federale-de-volley-ball-feminin","tag-les-louves","tag-les-louves-remportent-la-coupe-de-france-federale-pour-la-deuxieme-annee-daffilee","tag-palais-omnisports-joseph-claudel","tag-saint-die-volley-ball","tag-volley-ball-pays-viennois"],"acf":[],"yoast_head":"<!-- This site is optimized with the Yoast SEO plugin v22.5 - https:\/\/yoast.com\/wordpress\/plugins\/seo\/ -->\n<title>Volley-ball\u00a0: les Louves remportent la Coupe de France f\u00e9d\u00e9rale pour la deuxi\u00e8me ann\u00e9e d&#039;affil\u00e9e ! - Saint Die Info<\/title>\n<meta name=\"robots\" content=\"index, follow, max-snippet:-1, max-image-preview:large, max-video-preview:-1\" \/>\n<link rel=\"canonical\" href=\"https:\/\/vosgesinfo.fr\/saintdieinfo\/2025\/04\/volley-ball-les-louves-remportent-la-coupe-de-france-federale-pour-la-deuxieme-annee-daffilee\/\" \/>\n<meta name=\"twitter:card\" content=\"summary_large_image\" \/>\n<meta name=\"twitter:title\" content=\"Volley-ball\u00a0: les Louves remportent la Coupe de France f\u00e9d\u00e9rale pour la deuxi\u00e8me ann\u00e9e d&#039;affil\u00e9e ! - Saint Die Info\" \/>\n<meta name=\"twitter:description\" content=\"Elles l&rsquo;ont fait ! Les Louves viennent de remporter la Coupe de France f\u00e9d\u00e9rale pour la deuxi\u00e8me ann\u00e9e cons\u00e9cutive, en [&hellip;]\" \/>\n<meta name=\"twitter:image\" content=\"https:\/\/vosgesinfo.fr\/app\/uploads\/sites\/4\/2025\/04\/volley-ball-victoire-les-louves-cdf-3-scaled.jpg\" \/>\n<meta name=\"twitter:creator\" content=\"@VosgesInfo88\" \/>\n<meta name=\"twitter:site\" content=\"@VosgesInfo88\" \/>\n<meta name=\"twitter:label1\" content=\"\u00c9crit par\" \/>\n\t<meta name=\"twitter:data1\" content=\"J.J.\" \/>\n\t<meta name=\"twitter:label2\" content=\"Dur\u00e9e de lecture estim\u00e9e\" \/>\n\t<meta name=\"twitter:data2\" content=\"2 minutes\" \/>\n<script type=\"application\/ld+json\" class=\"yoast-schema-graph\">{\"@context\":\"https:\/\/schema.org\",\"@graph\":[{\"@type\":\"Article\",\"@id\":\"https:\/\/vosgesinfo.fr\/saintdieinfo\/2025\/04\/volley-ball-les-louves-remportent-la-coupe-de-france-federale-pour-la-deuxieme-annee-daffilee\/#article\",\"isPartOf\":{\"@id\":\"https:\/\/vosgesinfo.fr\/saintdieinfo\/2025\/04\/volley-ball-les-louves-remportent-la-coupe-de-france-federale-pour-la-deuxieme-annee-daffilee\/\"},\"author\":{\"name\":\"J.J.\",\"@id\":\"https:\/\/vosgesinfo.fr\/saintdieinfo\/#\/schema\/person\/fa73e9f726d67bb88f46d5b7943cb572\"},\"headline\":\"Volley-ball\u00a0: les Louves remportent la Coupe de France f\u00e9d\u00e9rale pour la deuxi\u00e8me ann\u00e9e d&rsquo;affil\u00e9e !\",\"datePublished\":\"2025-04-07T07:41:23+00:00\",\"dateModified\":\"2025-04-07T07:29:40+00:00\",\"mainEntityOfPage\":{\"@id\":\"https:\/\/vosgesinfo.fr\/saintdieinfo\/2025\/04\/volley-ball-les-louves-remportent-la-coupe-de-france-federale-pour-la-deuxieme-annee-daffilee\/\"},\"wordCount\":230,\"commentCount\":0,\"publisher\":{\"@id\":\"https:\/\/vosgesinfo.fr\/saintdieinfo\/#organization\"},\"image\":{\"@id\":\"https:\/\/vosgesinfo.fr\/saintdieinfo\/2025\/04\/volley-ball-les-louves-remportent-la-coupe-de-france-federale-pour-la-deuxieme-annee-daffilee\/#primaryimage\"},\"thumbnailUrl\":\"https:\/\/vosgesinfo.fr\/app\/uploads\/sites\/4\/2025\/04\/volley-ball-victoire-les-louves-cdf-3-scaled.jpg\",\"keywords\":[\"Final Four de la Coupe de France F\u00e9d\u00e9rale de Volley-Ball F\u00e9minin\",\"Les Louves\",\"Les Louves remportent la Coupe de France f\u00e9d\u00e9rale pour la deuxi\u00e8me ann\u00e9e d'affil\u00e9e\",\"Palais Omnisports Joseph-Claudel\",\"Saint-Di\u00e9 Volley-Ball\",\"Volley-Ball Pays Viennois\"],\"articleSection\":[\"A la Une\",\"Epinal\",\"Gerardmer\",\"La plaine des vosges\",\"Remiremont\",\"Saint-Di\u00e9-des-Vosges\",\"Sport\",\"Vosges\"],\"inLanguage\":\"fr-FR\",\"potentialAction\":[{\"@type\":\"CommentAction\",\"name\":\"Comment\",\"target\":[\"https:\/\/vosgesinfo.fr\/saintdieinfo\/2025\/04\/volley-ball-les-louves-remportent-la-coupe-de-france-federale-pour-la-deuxieme-annee-daffilee\/#respond\"]}]},{\"@type\":\"WebPage\",\"@id\":\"https:\/\/vosgesinfo.fr\/saintdieinfo\/2025\/04\/volley-ball-les-louves-remportent-la-coupe-de-france-federale-pour-la-deuxieme-annee-daffilee\/\",\"url\":\"https:\/\/vosgesinfo.fr\/saintdieinfo\/2025\/04\/volley-ball-les-louves-remportent-la-coupe-de-france-federale-pour-la-deuxieme-annee-daffilee\/\",\"name\":\"Volley-ball\u00a0: les Louves remportent la Coupe de France f\u00e9d\u00e9rale pour la deuxi\u00e8me ann\u00e9e d'affil\u00e9e ! - Saint Die Info\",\"isPartOf\":{\"@id\":\"https:\/\/vosgesinfo.fr\/saintdieinfo\/#website\"},\"primaryImageOfPage\":{\"@id\":\"https:\/\/vosgesinfo.fr\/saintdieinfo\/2025\/04\/volley-ball-les-louves-remportent-la-coupe-de-france-federale-pour-la-deuxieme-annee-daffilee\/#primaryimage\"},\"image\":{\"@id\":\"https:\/\/vosgesinfo.fr\/saintdieinfo\/2025\/04\/volley-ball-les-louves-remportent-la-coupe-de-france-federale-pour-la-deuxieme-annee-daffilee\/#primaryimage\"},\"thumbnailUrl\":\"https:\/\/vosgesinfo.fr\/app\/uploads\/sites\/4\/2025\/04\/volley-ball-victoire-les-louves-cdf-3-scaled.jpg\",\"datePublished\":\"2025-04-07T07:41:23+00:00\",\"dateModified\":\"2025-04-07T07:29:40+00:00\",\"breadcrumb\":{\"@id\":\"https:\/\/vosgesinfo.fr\/saintdieinfo\/2025\/04\/volley-ball-les-louves-remportent-la-coupe-de-france-federale-pour-la-deuxieme-annee-daffilee\/#breadcrumb\"},\"inLanguage\":\"fr-FR\",\"potentialAction\":[{\"@type\":\"ReadAction\",\"target\":[\"https:\/\/vosgesinfo.fr\/saintdieinfo\/2025\/04\/volley-ball-les-louves-remportent-la-coupe-de-france-federale-pour-la-deuxieme-annee-daffilee\/\"]}]},{\"@type\":\"ImageObject\",\"inLanguage\":\"fr-FR\",\"@id\":\"https:\/\/vosgesinfo.fr\/saintdieinfo\/2025\/04\/volley-ball-les-louves-remportent-la-coupe-de-france-federale-pour-la-deuxieme-annee-daffilee\/#primaryimage\",\"url\":\"https:\/\/vosgesinfo.fr\/app\/uploads\/sites\/4\/2025\/04\/volley-ball-victoire-les-louves-cdf-3-scaled.jpg\",\"contentUrl\":\"https:\/\/vosgesinfo.fr\/app\/uploads\/sites\/4\/2025\/04\/volley-ball-victoire-les-louves-cdf-3-scaled.jpg\",\"width\":2560,\"height\":1475,\"caption\":\"(Captures d'\u00e9cran live Facebook du Saint-Di\u00e9 Volley-Ball)\"},{\"@type\":\"BreadcrumbList\",\"@id\":\"https:\/\/vosgesinfo.fr\/saintdieinfo\/2025\/04\/volley-ball-les-louves-remportent-la-coupe-de-france-federale-pour-la-deuxieme-annee-daffilee\/#breadcrumb\",\"itemListElement\":[{\"@type\":\"ListItem\",\"position\":1,\"name\":\"Home\",\"item\":\"https:\/\/vosgesinfo.fr\/saintdieinfo\/\"},{\"@type\":\"ListItem\",\"position\":2,\"name\":\"Volley-ball\u00a0: les Louves remportent la Coupe de France f\u00e9d\u00e9rale pour la deuxi\u00e8me ann\u00e9e d&rsquo;affil\u00e9e !\"}]},{\"@type\":\"WebSite\",\"@id\":\"https:\/\/vosgesinfo.fr\/saintdieinfo\/#website\",\"url\":\"https:\/\/vosgesinfo.fr\/saintdieinfo\/\",\"name\":\"Saint Die Info\",\"description\":\"Toute l&#039;actualit\u00e9 de Saint-Di\u00e9-Des-Vosges\",\"publisher\":{\"@id\":\"https:\/\/vosgesinfo.fr\/saintdieinfo\/#organization\"},\"alternateName\":\"Toute l'actualit\u00e9 de Saint-Di\u00e9-Des-Vosges\",\"potentialAction\":[{\"@type\":\"SearchAction\",\"target\":{\"@type\":\"EntryPoint\",\"urlTemplate\":\"https:\/\/vosgesinfo.fr\/saintdieinfo\/?s={search_term_string}\"},\"query-input\":\"required name=search_term_string\"}],\"inLanguage\":\"fr-FR\"},{\"@type\":\"Organization\",\"@id\":\"https:\/\/vosgesinfo.fr\/saintdieinfo\/#organization\",\"name\":\"Saint Die Info\",\"url\":\"https:\/\/vosgesinfo.fr\/saintdieinfo\/\",\"logo\":{\"@type\":\"ImageObject\",\"inLanguage\":\"fr-FR\",\"@id\":\"https:\/\/vosgesinfo.fr\/saintdieinfo\/#\/schema\/logo\/image\/\",\"url\":\"https:\/\/vosgesinfo.fr\/app\/uploads\/sites\/4\/2024\/02\/logo-sdi.jpg\",\"contentUrl\":\"https:\/\/vosgesinfo.fr\/app\/uploads\/sites\/4\/2024\/02\/logo-sdi.jpg\",\"width\":600,\"height\":600,\"caption\":\"Saint Die Info\"},\"image\":{\"@id\":\"https:\/\/vosgesinfo.fr\/saintdieinfo\/#\/schema\/logo\/image\/\"},\"sameAs\":[\"https:\/\/www.facebook.com\/Saintdieinfofr\",\"https:\/\/x.com\/VosgesInfo88\",\"https:\/\/www.youtube.com\/@vosgesinfo\"]},{\"@type\":\"Person\",\"@id\":\"https:\/\/vosgesinfo.fr\/saintdieinfo\/#\/schema\/person\/fa73e9f726d67bb88f46d5b7943cb572\",\"name\":\"J.J.\",\"image\":{\"@type\":\"ImageObject\",\"inLanguage\":\"fr-FR\",\"@id\":\"https:\/\/vosgesinfo.fr\/saintdieinfo\/#\/schema\/person\/image\/\",\"url\":\"https:\/\/secure.gravatar.com\/avatar\/219e749e47ffbcca018a360ae4add7d4cdf1cdaaf8bc7676b27efade3fe65615?s=96&d=mm&r=g\",\"contentUrl\":\"https:\/\/secure.gravatar.com\/avatar\/219e749e47ffbcca018a360ae4add7d4cdf1cdaaf8bc7676b27efade3fe65615?s=96&d=mm&r=g\",\"caption\":\"J.J.\"},\"url\":\"https:\/\/vosgesinfo.fr\/saintdieinfo\/author\/j-j\/\"}]}<\/script>\n<!-- \/ Yoast SEO plugin. -->","yoast_head_json":{"title":"Volley-ball\u00a0: les Louves remportent la Coupe de France f\u00e9d\u00e9rale pour la deuxi\u00e8me ann\u00e9e d'affil\u00e9e ! - Saint Die Info","robots":{"index":"index","follow":"follow","max-snippet":"max-snippet:-1","max-image-preview":"max-image-preview:large","max-video-preview":"max-video-preview:-1"},"canonical":"https:\/\/vosgesinfo.fr\/saintdieinfo\/2025\/04\/volley-ball-les-louves-remportent-la-coupe-de-france-federale-pour-la-deuxieme-annee-daffilee\/","twitter_card":"summary_large_image","twitter_title":"Volley-ball\u00a0: les Louves remportent la Coupe de France f\u00e9d\u00e9rale pour la deuxi\u00e8me ann\u00e9e d'affil\u00e9e ! - Saint Die Info","twitter_description":"Elles l&rsquo;ont fait ! Les Louves viennent de remporter la Coupe de France f\u00e9d\u00e9rale pour la deuxi\u00e8me ann\u00e9e cons\u00e9cutive, en [&hellip;]","twitter_image":"https:\/\/vosgesinfo.fr\/app\/uploads\/sites\/4\/2025\/04\/volley-ball-victoire-les-louves-cdf-3-scaled.jpg","twitter_creator":"@VosgesInfo88","twitter_site":"@VosgesInfo88","twitter_misc":{"\u00c9crit par":"J.J.","Dur\u00e9e de lecture estim\u00e9e":"2 minutes"},"schema":{"@context":"https:\/\/schema.org","@graph":[{"@type":"Article","@id":"https:\/\/vosgesinfo.fr\/saintdieinfo\/2025\/04\/volley-ball-les-louves-remportent-la-coupe-de-france-federale-pour-la-deuxieme-annee-daffilee\/#article","isPartOf":{"@id":"https:\/\/vosgesinfo.fr\/saintdieinfo\/2025\/04\/volley-ball-les-louves-remportent-la-coupe-de-france-federale-pour-la-deuxieme-annee-daffilee\/"},"author":{"name":"J.J.","@id":"https:\/\/vosgesinfo.fr\/saintdieinfo\/#\/schema\/person\/fa73e9f726d67bb88f46d5b7943cb572"},"headline":"Volley-ball\u00a0: les Louves remportent la Coupe de France f\u00e9d\u00e9rale pour la deuxi\u00e8me ann\u00e9e d&rsquo;affil\u00e9e !","datePublished":"2025-04-07T07:41:23+00:00","dateModified":"2025-04-07T07:29:40+00:00","mainEntityOfPage":{"@id":"https:\/\/vosgesinfo.fr\/saintdieinfo\/2025\/04\/volley-ball-les-louves-remportent-la-coupe-de-france-federale-pour-la-deuxieme-annee-daffilee\/"},"wordCount":230,"commentCount":0,"publisher":{"@id":"https:\/\/vosgesinfo.fr\/saintdieinfo\/#organization"},"image":{"@id":"https:\/\/vosgesinfo.fr\/saintdieinfo\/2025\/04\/volley-ball-les-louves-remportent-la-coupe-de-france-federale-pour-la-deuxieme-annee-daffilee\/#primaryimage"},"thumbnailUrl":"https:\/\/vosgesinfo.fr\/app\/uploads\/sites\/4\/2025\/04\/volley-ball-victoire-les-louves-cdf-3-scaled.jpg","keywords":["Final Four de la Coupe de France F\u00e9d\u00e9rale de Volley-Ball F\u00e9minin","Les Louves","Les Louves remportent la Coupe de France f\u00e9d\u00e9rale pour la deuxi\u00e8me ann\u00e9e d'affil\u00e9e","Palais Omnisports Joseph-Claudel","Saint-Di\u00e9 Volley-Ball","Volley-Ball Pays Viennois"],"articleSection":["A la Une","Epinal","Gerardmer","La plaine des vosges","Remiremont","Saint-Di\u00e9-des-Vosges","Sport","Vosges"],"inLanguage":"fr-FR","potentialAction":[{"@type":"CommentAction","name":"Comment","target":["https:\/\/vosgesinfo.fr\/saintdieinfo\/2025\/04\/volley-ball-les-louves-remportent-la-coupe-de-france-federale-pour-la-deuxieme-annee-daffilee\/#respond"]}]},{"@type":"WebPage","@id":"https:\/\/vosgesinfo.fr\/saintdieinfo\/2025\/04\/volley-ball-les-louves-remportent-la-coupe-de-france-federale-pour-la-deuxieme-annee-daffilee\/","url":"https:\/\/vosgesinfo.fr\/saintdieinfo\/2025\/04\/volley-ball-les-louves-remportent-la-coupe-de-france-federale-pour-la-deuxieme-annee-daffilee\/","name":"Volley-ball\u00a0: les Louves remportent la Coupe de France f\u00e9d\u00e9rale pour la deuxi\u00e8me ann\u00e9e d'affil\u00e9e ! - Saint Die Info","isPartOf":{"@id":"https:\/\/vosgesinfo.fr\/saintdieinfo\/#website"},"primaryImageOfPage":{"@id":"https:\/\/vosgesinfo.fr\/saintdieinfo\/2025\/04\/volley-ball-les-louves-remportent-la-coupe-de-france-federale-pour-la-deuxieme-annee-daffilee\/#primaryimage"},"image":{"@id":"https:\/\/vosgesinfo.fr\/saintdieinfo\/2025\/04\/volley-ball-les-louves-remportent-la-coupe-de-france-federale-pour-la-deuxieme-annee-daffilee\/#primaryimage"},"thumbnailUrl":"https:\/\/vosgesinfo.fr\/app\/uploads\/sites\/4\/2025\/04\/volley-ball-victoire-les-louves-cdf-3-scaled.jpg","datePublished":"2025-04-07T07:41:23+00:00","dateModified":"2025-04-07T07:29:40+00:00","breadcrumb":{"@id":"https:\/\/vosgesinfo.fr\/saintdieinfo\/2025\/04\/volley-ball-les-louves-remportent-la-coupe-de-france-federale-pour-la-deuxieme-annee-daffilee\/#breadcrumb"},"inLanguage":"fr-FR","potentialAction":[{"@type":"ReadAction","target":["https:\/\/vosgesinfo.fr\/saintdieinfo\/2025\/04\/volley-ball-les-louves-remportent-la-coupe-de-france-federale-pour-la-deuxieme-annee-daffilee\/"]}]},{"@type":"ImageObject","inLanguage":"fr-FR","@id":"https:\/\/vosgesinfo.fr\/saintdieinfo\/2025\/04\/volley-ball-les-louves-remportent-la-coupe-de-france-federale-pour-la-deuxieme-annee-daffilee\/#primaryimage","url":"https:\/\/vosgesinfo.fr\/app\/uploads\/sites\/4\/2025\/04\/volley-ball-victoire-les-louves-cdf-3-scaled.jpg","contentUrl":"https:\/\/vosgesinfo.fr\/app\/uploads\/sites\/4\/2025\/04\/volley-ball-victoire-les-louves-cdf-3-scaled.jpg","width":2560,"height":1475,"caption":"(Captures d'\u00e9cran live Facebook du Saint-Di\u00e9 Volley-Ball)"},{"@type":"BreadcrumbList","@id":"https:\/\/vosgesinfo.fr\/saintdieinfo\/2025\/04\/volley-ball-les-louves-remportent-la-coupe-de-france-federale-pour-la-deuxieme-annee-daffilee\/#breadcrumb","itemListElement":[{"@type":"ListItem","position":1,"name":"Home","item":"https:\/\/vosgesinfo.fr\/saintdieinfo\/"},{"@type":"ListItem","position":2,"name":"Volley-ball\u00a0: les Louves remportent la Coupe de France f\u00e9d\u00e9rale pour la deuxi\u00e8me ann\u00e9e d&rsquo;affil\u00e9e !"}]},{"@type":"WebSite","@id":"https:\/\/vosgesinfo.fr\/saintdieinfo\/#website","url":"https:\/\/vosgesinfo.fr\/saintdieinfo\/","name":"Saint Die Info","description":"Toute l&#039;actualit\u00e9 de Saint-Di\u00e9-Des-Vosges","publisher":{"@id":"https:\/\/vosgesinfo.fr\/saintdieinfo\/#organization"},"alternateName":"Toute l'actualit\u00e9 de Saint-Di\u00e9-Des-Vosges","potentialAction":[{"@type":"SearchAction","target":{"@type":"EntryPoint","urlTemplate":"https:\/\/vosgesinfo.fr\/saintdieinfo\/?s={search_term_string}"},"query-input":"required name=search_term_string"}],"inLanguage":"fr-FR"},{"@type":"Organization","@id":"https:\/\/vosgesinfo.fr\/saintdieinfo\/#organization","name":"Saint Die Info","url":"https:\/\/vosgesinfo.fr\/saintdieinfo\/","logo":{"@type":"ImageObject","inLanguage":"fr-FR","@id":"https:\/\/vosgesinfo.fr\/saintdieinfo\/#\/schema\/logo\/image\/","url":"https:\/\/vosgesinfo.fr\/app\/uploads\/sites\/4\/2024\/02\/logo-sdi.jpg","contentUrl":"https:\/\/vosgesinfo.fr\/app\/uploads\/sites\/4\/2024\/02\/logo-sdi.jpg","width":600,"height":600,"caption":"Saint Die Info"},"image":{"@id":"https:\/\/vosgesinfo.fr\/saintdieinfo\/#\/schema\/logo\/image\/"},"sameAs":["https:\/\/www.facebook.com\/Saintdieinfofr","https:\/\/x.com\/VosgesInfo88","https:\/\/www.youtube.com\/@vosgesinfo"]},{"@type":"Person","@id":"https:\/\/vosgesinfo.fr\/saintdieinfo\/#\/schema\/person\/fa73e9f726d67bb88f46d5b7943cb572","name":"J.J.","image":{"@type":"ImageObject","inLanguage":"fr-FR","@id":"https:\/\/vosgesinfo.fr\/saintdieinfo\/#\/schema\/person\/image\/","url":"https:\/\/secure.gravatar.com\/avatar\/219e749e47ffbcca018a360ae4add7d4cdf1cdaaf8bc7676b27efade3fe65615?s=96&d=mm&r=g","contentUrl":"https:\/\/secure.gravatar.com\/avatar\/219e749e47ffbcca018a360ae4add7d4cdf1cdaaf8bc7676b27efade3fe65615?s=96&d=mm&r=g","caption":"J.J."},"url":"https:\/\/vosgesinfo.fr\/saintdieinfo\/author\/j-j\/"}]}},"_links":{"self":[{"href":"https:\/\/vosgesinfo.fr\/saintdieinfo\/wp-json\/wp\/v2\/posts\/76341","targetHints":{"allow":["GET"]}}],"collection":[{"href":"https:\/\/vosgesinfo.fr\/saintdieinfo\/wp-json\/wp\/v2\/posts"}],"about":[{"href":"https:\/\/vosgesinfo.fr\/saintdieinfo\/wp-json\/wp\/v2\/types\/post"}],"author":[{"embeddable":true,"href":"https:\/\/vosgesinfo.fr\/saintdieinfo\/wp-json\/wp\/v2\/users\/46"}],"replies":[{"embeddable":true,"href":"https:\/\/vosgesinfo.fr\/saintdieinfo\/wp-json\/wp\/v2\/comments?post=76341"}],"version-history":[{"count":1,"href":"https:\/\/vosgesinfo.fr\/saintdieinfo\/wp-json\/wp\/v2\/posts\/76341\/revisions"}],"predecessor-version":[{"id":76352,"href":"https:\/\/vosgesinfo.fr\/saintdieinfo\/wp-json\/wp\/v2\/posts\/76341\/revisions\/76352"}],"wp:featuredmedia":[{"embeddable":true,"href":"https:\/\/vosgesinfo.fr\/saintdieinfo\/wp-json\/wp\/v2\/media\/76351"}],"wp:attachment":[{"href":"https:\/\/vosgesinfo.fr\/saintdieinfo\/wp-json\/wp\/v2\/media?parent=76341"}],"wp:term":[{"taxonomy":"category","embeddable":true,"href":"https:\/\/vosgesinfo.fr\/saintdieinfo\/wp-json\/wp\/v2\/categories?post=76341"},{"taxonomy":"post_tag","embeddable":true,"href":"https:\/\/vosgesinfo.fr\/saintdieinfo\/wp-json\/wp\/v2\/tags?post=76341"}],"curies":[{"name":"wp","href":"https:\/\/api.w.org\/{rel}","templated":true}]}}