{"id":76362,"date":"2025-04-07T14:43:58","date_gmt":"2025-04-07T12:43:58","guid":{"rendered":"https:\/\/vosgesinfo.fr\/saintdieinfo\/?p=76362"},"modified":"2025-04-07T14:32:11","modified_gmt":"2025-04-07T12:32:11","slug":"ban-de-sapt-lepicerie-multi-services-chez-lulu-baisse-le-rideau","status":"publish","type":"post","link":"https:\/\/vosgesinfo.fr\/saintdieinfo\/2025\/04\/ban-de-sapt-lepicerie-multi-services-chez-lulu-baisse-le-rideau\/","title":{"rendered":"Ban-de-Sapt \u2013 L&rsquo;\u00e9picerie multi-services \u00ab\u00a0Chez Lulu\u00a0\u00bb baisse le rideau"},"content":{"rendered":"<div id=\"attachment_76363\" style=\"width: 1034px\" class=\"wp-caption alignnone\"><a href=\"https:\/\/vosgesinfo.fr\/app\/uploads\/sites\/4\/2025\/04\/ban-de-sapt-fermeture-chez-lulu.jpg\"><img decoding=\"async\" aria-describedby=\"caption-attachment-76363\" class=\"size-large wp-image-76363\" src=\"https:\/\/vosgesinfo.fr\/app\/uploads\/sites\/4\/2025\/04\/ban-de-sapt-fermeture-chez-lulu-1024x830.jpg\" alt=\"\" width=\"1024\" height=\"830\" srcset=\"https:\/\/vosgesinfo.fr\/app\/uploads\/sites\/4\/2025\/04\/ban-de-sapt-fermeture-chez-lulu-1024x830.jpg 1024w, https:\/\/vosgesinfo.fr\/app\/uploads\/sites\/4\/2025\/04\/ban-de-sapt-fermeture-chez-lulu-300x243.jpg 300w, https:\/\/vosgesinfo.fr\/app\/uploads\/sites\/4\/2025\/04\/ban-de-sapt-fermeture-chez-lulu-768x622.jpg 768w, https:\/\/vosgesinfo.fr\/app\/uploads\/sites\/4\/2025\/04\/ban-de-sapt-fermeture-chez-lulu-1536x1245.jpg 1536w, https:\/\/vosgesinfo.fr\/app\/uploads\/sites\/4\/2025\/04\/ban-de-sapt-fermeture-chez-lulu.jpg 1702w\" sizes=\"(max-width: 1024px) 100vw, 1024px\" \/><\/a><p id=\"caption-attachment-76363\" class=\"wp-caption-text\">(Capture d&rsquo;\u00e9cran Google Maps)<\/p><\/div>\n<h2><strong>\u00ab Chez Lulu \u00bb baisse d\u00e9finitivement le rideau.<\/strong> Dans un message publi\u00e9 il y a quelques jours sur <strong>Facebook<\/strong>, <strong>Sandra Cuny<\/strong>, la g\u00e9rante du commerce, a annonc\u00e9 la <strong>fermeture imminente<\/strong> de l&rsquo;<strong>\u00e9picerie multiservices<\/strong>, situ\u00e9e au <strong>Ban-de-Sapt<\/strong>.<\/h2>\n<p><!--more--><\/p>\n<p>\u00ab Cette d\u00e9cision <strong data-start=\"129\" data-end=\"161\">n&rsquo;a pas \u00e9t\u00e9 facile \u00e0 prendre<\/strong>, mais nous esp\u00e9rons que vous comprendrez <strong data-start=\"203\" data-end=\"222\">notre situation<\/strong>. Je tenais \u00e0 vous remercier pour <strong data-start=\"256\" data-end=\"273\">votre soutien<\/strong> et <strong data-start=\"277\" data-end=\"295\">votre fid\u00e9lit\u00e9<\/strong> au cours de ces ann\u00e9es \u00bb a d\u00e9clar\u00e9 <strong>Sandra Cuny<\/strong>, qui avait ouvert \u00ab Chez Lulu \u00bb \u00e0 l\u2019<strong>\u00e9t\u00e9 2021<\/strong>, en <strong>pleine crise sanitaire<\/strong>.<\/p>\n<p>J.J.<\/p>\n","protected":false},"excerpt":{"rendered":"<p>\u00ab Chez Lulu \u00bb baisse d\u00e9finitivement le rideau. Dans un message publi\u00e9 il y a quelques jours sur Facebook, Sandra [&hellip;]<\/p>\n","protected":false},"author":46,"featured_media":76363,"comment_status":"open","ping_status":"open","sticky":false,"template":"","format":"standard","meta":{"footnotes":""},"categories":[460,3903,5],"tags":[5908,16771,16772,16774,16773],"class_list":["post-76362","post","type-post","status-publish","format-standard","has-post-thumbnail","hentry","category-a-la-une","category-deodatie","category-economie","tag-ban-de-sapt","tag-chez-lulu","tag-epicerie-multiservices","tag-lepicerie-multi-services-chez-lulu-baisse-le-rideau","tag-magasin-proxi"],"acf":[],"yoast_head":"<!-- This site is optimized with the Yoast SEO plugin v22.5 - https:\/\/yoast.com\/wordpress\/plugins\/seo\/ -->\n<title>Ban-de-Sapt \u2013 L&#039;\u00e9picerie multi-services \u00ab\u00a0Chez Lulu\u00a0\u00bb baisse le rideau - Saint Die Info<\/title>\n<meta name=\"robots\" content=\"index, follow, max-snippet:-1, max-image-preview:large, max-video-preview:-1\" \/>\n<link rel=\"canonical\" href=\"https:\/\/vosgesinfo.fr\/saintdieinfo\/2025\/04\/ban-de-sapt-lepicerie-multi-services-chez-lulu-baisse-le-rideau\/\" \/>\n<meta name=\"twitter:card\" content=\"summary_large_image\" \/>\n<meta name=\"twitter:title\" content=\"Ban-de-Sapt \u2013 L&#039;\u00e9picerie multi-services \u00ab\u00a0Chez Lulu\u00a0\u00bb baisse le rideau - Saint Die Info\" \/>\n<meta name=\"twitter:description\" content=\"\u00ab Chez Lulu \u00bb baisse d\u00e9finitivement le rideau. Dans un message publi\u00e9 il y a quelques jours sur Facebook, Sandra [&hellip;]\" \/>\n<meta name=\"twitter:image\" content=\"https:\/\/vosgesinfo.fr\/app\/uploads\/sites\/4\/2025\/04\/ban-de-sapt-fermeture-chez-lulu.jpg\" \/>\n<meta name=\"twitter:creator\" content=\"@VosgesInfo88\" \/>\n<meta name=\"twitter:site\" content=\"@VosgesInfo88\" \/>\n<meta name=\"twitter:label1\" content=\"\u00c9crit par\" \/>\n\t<meta name=\"twitter:data1\" content=\"J.J.\" \/>\n\t<meta name=\"twitter:label2\" content=\"Dur\u00e9e de lecture estim\u00e9e\" \/>\n\t<meta name=\"twitter:data2\" content=\"1 minute\" \/>\n<script type=\"application\/ld+json\" class=\"yoast-schema-graph\">{\"@context\":\"https:\/\/schema.org\",\"@graph\":[{\"@type\":\"Article\",\"@id\":\"https:\/\/vosgesinfo.fr\/saintdieinfo\/2025\/04\/ban-de-sapt-lepicerie-multi-services-chez-lulu-baisse-le-rideau\/#article\",\"isPartOf\":{\"@id\":\"https:\/\/vosgesinfo.fr\/saintdieinfo\/2025\/04\/ban-de-sapt-lepicerie-multi-services-chez-lulu-baisse-le-rideau\/\"},\"author\":{\"name\":\"J.J.\",\"@id\":\"https:\/\/vosgesinfo.fr\/saintdieinfo\/#\/schema\/person\/fa73e9f726d67bb88f46d5b7943cb572\"},\"headline\":\"Ban-de-Sapt \u2013 L&rsquo;\u00e9picerie multi-services \u00ab\u00a0Chez Lulu\u00a0\u00bb baisse le rideau\",\"datePublished\":\"2025-04-07T12:43:58+00:00\",\"dateModified\":\"2025-04-07T12:32:11+00:00\",\"mainEntityOfPage\":{\"@id\":\"https:\/\/vosgesinfo.fr\/saintdieinfo\/2025\/04\/ban-de-sapt-lepicerie-multi-services-chez-lulu-baisse-le-rideau\/\"},\"wordCount\":112,\"commentCount\":2,\"publisher\":{\"@id\":\"https:\/\/vosgesinfo.fr\/saintdieinfo\/#organization\"},\"image\":{\"@id\":\"https:\/\/vosgesinfo.fr\/saintdieinfo\/2025\/04\/ban-de-sapt-lepicerie-multi-services-chez-lulu-baisse-le-rideau\/#primaryimage\"},\"thumbnailUrl\":\"https:\/\/vosgesinfo.fr\/app\/uploads\/sites\/4\/2025\/04\/ban-de-sapt-fermeture-chez-lulu.jpg\",\"keywords\":[\"Ban-de-Sapt\",\"Chez Lulu\",\"Epicerie multiservices\",\"L'\u00e9picerie multi-services \u00ab\u00a0Chez Lulu\u00a0\u00bb baisse le rideau\",\"Magasin Proxi\"],\"articleSection\":[\"A la Une\",\"D\u00e9odatie\",\"\u00c9conomie\"],\"inLanguage\":\"fr-FR\",\"potentialAction\":[{\"@type\":\"CommentAction\",\"name\":\"Comment\",\"target\":[\"https:\/\/vosgesinfo.fr\/saintdieinfo\/2025\/04\/ban-de-sapt-lepicerie-multi-services-chez-lulu-baisse-le-rideau\/#respond\"]}]},{\"@type\":\"WebPage\",\"@id\":\"https:\/\/vosgesinfo.fr\/saintdieinfo\/2025\/04\/ban-de-sapt-lepicerie-multi-services-chez-lulu-baisse-le-rideau\/\",\"url\":\"https:\/\/vosgesinfo.fr\/saintdieinfo\/2025\/04\/ban-de-sapt-lepicerie-multi-services-chez-lulu-baisse-le-rideau\/\",\"name\":\"Ban-de-Sapt \u2013 L'\u00e9picerie multi-services \u00ab\u00a0Chez Lulu\u00a0\u00bb baisse le rideau - Saint Die Info\",\"isPartOf\":{\"@id\":\"https:\/\/vosgesinfo.fr\/saintdieinfo\/#website\"},\"primaryImageOfPage\":{\"@id\":\"https:\/\/vosgesinfo.fr\/saintdieinfo\/2025\/04\/ban-de-sapt-lepicerie-multi-services-chez-lulu-baisse-le-rideau\/#primaryimage\"},\"image\":{\"@id\":\"https:\/\/vosgesinfo.fr\/saintdieinfo\/2025\/04\/ban-de-sapt-lepicerie-multi-services-chez-lulu-baisse-le-rideau\/#primaryimage\"},\"thumbnailUrl\":\"https:\/\/vosgesinfo.fr\/app\/uploads\/sites\/4\/2025\/04\/ban-de-sapt-fermeture-chez-lulu.jpg\",\"datePublished\":\"2025-04-07T12:43:58+00:00\",\"dateModified\":\"2025-04-07T12:32:11+00:00\",\"breadcrumb\":{\"@id\":\"https:\/\/vosgesinfo.fr\/saintdieinfo\/2025\/04\/ban-de-sapt-lepicerie-multi-services-chez-lulu-baisse-le-rideau\/#breadcrumb\"},\"inLanguage\":\"fr-FR\",\"potentialAction\":[{\"@type\":\"ReadAction\",\"target\":[\"https:\/\/vosgesinfo.fr\/saintdieinfo\/2025\/04\/ban-de-sapt-lepicerie-multi-services-chez-lulu-baisse-le-rideau\/\"]}]},{\"@type\":\"ImageObject\",\"inLanguage\":\"fr-FR\",\"@id\":\"https:\/\/vosgesinfo.fr\/saintdieinfo\/2025\/04\/ban-de-sapt-lepicerie-multi-services-chez-lulu-baisse-le-rideau\/#primaryimage\",\"url\":\"https:\/\/vosgesinfo.fr\/app\/uploads\/sites\/4\/2025\/04\/ban-de-sapt-fermeture-chez-lulu.jpg\",\"contentUrl\":\"https:\/\/vosgesinfo.fr\/app\/uploads\/sites\/4\/2025\/04\/ban-de-sapt-fermeture-chez-lulu.jpg\",\"width\":1702,\"height\":1379,\"caption\":\"(Capture d'\u00e9cran Google Maps)\"},{\"@type\":\"BreadcrumbList\",\"@id\":\"https:\/\/vosgesinfo.fr\/saintdieinfo\/2025\/04\/ban-de-sapt-lepicerie-multi-services-chez-lulu-baisse-le-rideau\/#breadcrumb\",\"itemListElement\":[{\"@type\":\"ListItem\",\"position\":1,\"name\":\"Home\",\"item\":\"https:\/\/vosgesinfo.fr\/saintdieinfo\/\"},{\"@type\":\"ListItem\",\"position\":2,\"name\":\"Ban-de-Sapt \u2013 L&rsquo;\u00e9picerie multi-services \u00ab\u00a0Chez Lulu\u00a0\u00bb baisse le rideau\"}]},{\"@type\":\"WebSite\",\"@id\":\"https:\/\/vosgesinfo.fr\/saintdieinfo\/#website\",\"url\":\"https:\/\/vosgesinfo.fr\/saintdieinfo\/\",\"name\":\"Saint Die Info\",\"description\":\"Toute l&#039;actualit\u00e9 de Saint-Di\u00e9-Des-Vosges\",\"publisher\":{\"@id\":\"https:\/\/vosgesinfo.fr\/saintdieinfo\/#organization\"},\"alternateName\":\"Toute l'actualit\u00e9 de Saint-Di\u00e9-Des-Vosges\",\"potentialAction\":[{\"@type\":\"SearchAction\",\"target\":{\"@type\":\"EntryPoint\",\"urlTemplate\":\"https:\/\/vosgesinfo.fr\/saintdieinfo\/?s={search_term_string}\"},\"query-input\":\"required name=search_term_string\"}],\"inLanguage\":\"fr-FR\"},{\"@type\":\"Organization\",\"@id\":\"https:\/\/vosgesinfo.fr\/saintdieinfo\/#organization\",\"name\":\"Saint Die Info\",\"url\":\"https:\/\/vosgesinfo.fr\/saintdieinfo\/\",\"logo\":{\"@type\":\"ImageObject\",\"inLanguage\":\"fr-FR\",\"@id\":\"https:\/\/vosgesinfo.fr\/saintdieinfo\/#\/schema\/logo\/image\/\",\"url\":\"https:\/\/vosgesinfo.fr\/app\/uploads\/sites\/4\/2024\/02\/logo-sdi.jpg\",\"contentUrl\":\"https:\/\/vosgesinfo.fr\/app\/uploads\/sites\/4\/2024\/02\/logo-sdi.jpg\",\"width\":600,\"height\":600,\"caption\":\"Saint Die Info\"},\"image\":{\"@id\":\"https:\/\/vosgesinfo.fr\/saintdieinfo\/#\/schema\/logo\/image\/\"},\"sameAs\":[\"https:\/\/www.facebook.com\/Saintdieinfofr\",\"https:\/\/x.com\/VosgesInfo88\",\"https:\/\/www.youtube.com\/@vosgesinfo\"]},{\"@type\":\"Person\",\"@id\":\"https:\/\/vosgesinfo.fr\/saintdieinfo\/#\/schema\/person\/fa73e9f726d67bb88f46d5b7943cb572\",\"name\":\"J.J.\",\"image\":{\"@type\":\"ImageObject\",\"inLanguage\":\"fr-FR\",\"@id\":\"https:\/\/vosgesinfo.fr\/saintdieinfo\/#\/schema\/person\/image\/\",\"url\":\"https:\/\/secure.gravatar.com\/avatar\/219e749e47ffbcca018a360ae4add7d4cdf1cdaaf8bc7676b27efade3fe65615?s=96&d=mm&r=g\",\"contentUrl\":\"https:\/\/secure.gravatar.com\/avatar\/219e749e47ffbcca018a360ae4add7d4cdf1cdaaf8bc7676b27efade3fe65615?s=96&d=mm&r=g\",\"caption\":\"J.J.\"},\"url\":\"https:\/\/vosgesinfo.fr\/saintdieinfo\/author\/j-j\/\"}]}<\/script>\n<!-- \/ Yoast SEO plugin. -->","yoast_head_json":{"title":"Ban-de-Sapt \u2013 L'\u00e9picerie multi-services \u00ab\u00a0Chez Lulu\u00a0\u00bb baisse le rideau - Saint Die Info","robots":{"index":"index","follow":"follow","max-snippet":"max-snippet:-1","max-image-preview":"max-image-preview:large","max-video-preview":"max-video-preview:-1"},"canonical":"https:\/\/vosgesinfo.fr\/saintdieinfo\/2025\/04\/ban-de-sapt-lepicerie-multi-services-chez-lulu-baisse-le-rideau\/","twitter_card":"summary_large_image","twitter_title":"Ban-de-Sapt \u2013 L'\u00e9picerie multi-services \u00ab\u00a0Chez Lulu\u00a0\u00bb baisse le rideau - Saint Die Info","twitter_description":"\u00ab Chez Lulu \u00bb baisse d\u00e9finitivement le rideau. Dans un message publi\u00e9 il y a quelques jours sur Facebook, Sandra [&hellip;]","twitter_image":"https:\/\/vosgesinfo.fr\/app\/uploads\/sites\/4\/2025\/04\/ban-de-sapt-fermeture-chez-lulu.jpg","twitter_creator":"@VosgesInfo88","twitter_site":"@VosgesInfo88","twitter_misc":{"\u00c9crit par":"J.J.","Dur\u00e9e de lecture estim\u00e9e":"1 minute"},"schema":{"@context":"https:\/\/schema.org","@graph":[{"@type":"Article","@id":"https:\/\/vosgesinfo.fr\/saintdieinfo\/2025\/04\/ban-de-sapt-lepicerie-multi-services-chez-lulu-baisse-le-rideau\/#article","isPartOf":{"@id":"https:\/\/vosgesinfo.fr\/saintdieinfo\/2025\/04\/ban-de-sapt-lepicerie-multi-services-chez-lulu-baisse-le-rideau\/"},"author":{"name":"J.J.","@id":"https:\/\/vosgesinfo.fr\/saintdieinfo\/#\/schema\/person\/fa73e9f726d67bb88f46d5b7943cb572"},"headline":"Ban-de-Sapt \u2013 L&rsquo;\u00e9picerie multi-services \u00ab\u00a0Chez Lulu\u00a0\u00bb baisse le rideau","datePublished":"2025-04-07T12:43:58+00:00","dateModified":"2025-04-07T12:32:11+00:00","mainEntityOfPage":{"@id":"https:\/\/vosgesinfo.fr\/saintdieinfo\/2025\/04\/ban-de-sapt-lepicerie-multi-services-chez-lulu-baisse-le-rideau\/"},"wordCount":112,"commentCount":2,"publisher":{"@id":"https:\/\/vosgesinfo.fr\/saintdieinfo\/#organization"},"image":{"@id":"https:\/\/vosgesinfo.fr\/saintdieinfo\/2025\/04\/ban-de-sapt-lepicerie-multi-services-chez-lulu-baisse-le-rideau\/#primaryimage"},"thumbnailUrl":"https:\/\/vosgesinfo.fr\/app\/uploads\/sites\/4\/2025\/04\/ban-de-sapt-fermeture-chez-lulu.jpg","keywords":["Ban-de-Sapt","Chez Lulu","Epicerie multiservices","L'\u00e9picerie multi-services \u00ab\u00a0Chez Lulu\u00a0\u00bb baisse le rideau","Magasin Proxi"],"articleSection":["A la Une","D\u00e9odatie","\u00c9conomie"],"inLanguage":"fr-FR","potentialAction":[{"@type":"CommentAction","name":"Comment","target":["https:\/\/vosgesinfo.fr\/saintdieinfo\/2025\/04\/ban-de-sapt-lepicerie-multi-services-chez-lulu-baisse-le-rideau\/#respond"]}]},{"@type":"WebPage","@id":"https:\/\/vosgesinfo.fr\/saintdieinfo\/2025\/04\/ban-de-sapt-lepicerie-multi-services-chez-lulu-baisse-le-rideau\/","url":"https:\/\/vosgesinfo.fr\/saintdieinfo\/2025\/04\/ban-de-sapt-lepicerie-multi-services-chez-lulu-baisse-le-rideau\/","name":"Ban-de-Sapt \u2013 L'\u00e9picerie multi-services \u00ab\u00a0Chez Lulu\u00a0\u00bb baisse le rideau - Saint Die Info","isPartOf":{"@id":"https:\/\/vosgesinfo.fr\/saintdieinfo\/#website"},"primaryImageOfPage":{"@id":"https:\/\/vosgesinfo.fr\/saintdieinfo\/2025\/04\/ban-de-sapt-lepicerie-multi-services-chez-lulu-baisse-le-rideau\/#primaryimage"},"image":{"@id":"https:\/\/vosgesinfo.fr\/saintdieinfo\/2025\/04\/ban-de-sapt-lepicerie-multi-services-chez-lulu-baisse-le-rideau\/#primaryimage"},"thumbnailUrl":"https:\/\/vosgesinfo.fr\/app\/uploads\/sites\/4\/2025\/04\/ban-de-sapt-fermeture-chez-lulu.jpg","datePublished":"2025-04-07T12:43:58+00:00","dateModified":"2025-04-07T12:32:11+00:00","breadcrumb":{"@id":"https:\/\/vosgesinfo.fr\/saintdieinfo\/2025\/04\/ban-de-sapt-lepicerie-multi-services-chez-lulu-baisse-le-rideau\/#breadcrumb"},"inLanguage":"fr-FR","potentialAction":[{"@type":"ReadAction","target":["https:\/\/vosgesinfo.fr\/saintdieinfo\/2025\/04\/ban-de-sapt-lepicerie-multi-services-chez-lulu-baisse-le-rideau\/"]}]},{"@type":"ImageObject","inLanguage":"fr-FR","@id":"https:\/\/vosgesinfo.fr\/saintdieinfo\/2025\/04\/ban-de-sapt-lepicerie-multi-services-chez-lulu-baisse-le-rideau\/#primaryimage","url":"https:\/\/vosgesinfo.fr\/app\/uploads\/sites\/4\/2025\/04\/ban-de-sapt-fermeture-chez-lulu.jpg","contentUrl":"https:\/\/vosgesinfo.fr\/app\/uploads\/sites\/4\/2025\/04\/ban-de-sapt-fermeture-chez-lulu.jpg","width":1702,"height":1379,"caption":"(Capture d'\u00e9cran Google Maps)"},{"@type":"BreadcrumbList","@id":"https:\/\/vosgesinfo.fr\/saintdieinfo\/2025\/04\/ban-de-sapt-lepicerie-multi-services-chez-lulu-baisse-le-rideau\/#breadcrumb","itemListElement":[{"@type":"ListItem","position":1,"name":"Home","item":"https:\/\/vosgesinfo.fr\/saintdieinfo\/"},{"@type":"ListItem","position":2,"name":"Ban-de-Sapt \u2013 L&rsquo;\u00e9picerie multi-services \u00ab\u00a0Chez Lulu\u00a0\u00bb baisse le rideau"}]},{"@type":"WebSite","@id":"https:\/\/vosgesinfo.fr\/saintdieinfo\/#website","url":"https:\/\/vosgesinfo.fr\/saintdieinfo\/","name":"Saint Die Info","description":"Toute l&#039;actualit\u00e9 de Saint-Di\u00e9-Des-Vosges","publisher":{"@id":"https:\/\/vosgesinfo.fr\/saintdieinfo\/#organization"},"alternateName":"Toute l'actualit\u00e9 de Saint-Di\u00e9-Des-Vosges","potentialAction":[{"@type":"SearchAction","target":{"@type":"EntryPoint","urlTemplate":"https:\/\/vosgesinfo.fr\/saintdieinfo\/?s={search_term_string}"},"query-input":"required name=search_term_string"}],"inLanguage":"fr-FR"},{"@type":"Organization","@id":"https:\/\/vosgesinfo.fr\/saintdieinfo\/#organization","name":"Saint Die Info","url":"https:\/\/vosgesinfo.fr\/saintdieinfo\/","logo":{"@type":"ImageObject","inLanguage":"fr-FR","@id":"https:\/\/vosgesinfo.fr\/saintdieinfo\/#\/schema\/logo\/image\/","url":"https:\/\/vosgesinfo.fr\/app\/uploads\/sites\/4\/2024\/02\/logo-sdi.jpg","contentUrl":"https:\/\/vosgesinfo.fr\/app\/uploads\/sites\/4\/2024\/02\/logo-sdi.jpg","width":600,"height":600,"caption":"Saint Die Info"},"image":{"@id":"https:\/\/vosgesinfo.fr\/saintdieinfo\/#\/schema\/logo\/image\/"},"sameAs":["https:\/\/www.facebook.com\/Saintdieinfofr","https:\/\/x.com\/VosgesInfo88","https:\/\/www.youtube.com\/@vosgesinfo"]},{"@type":"Person","@id":"https:\/\/vosgesinfo.fr\/saintdieinfo\/#\/schema\/person\/fa73e9f726d67bb88f46d5b7943cb572","name":"J.J.","image":{"@type":"ImageObject","inLanguage":"fr-FR","@id":"https:\/\/vosgesinfo.fr\/saintdieinfo\/#\/schema\/person\/image\/","url":"https:\/\/secure.gravatar.com\/avatar\/219e749e47ffbcca018a360ae4add7d4cdf1cdaaf8bc7676b27efade3fe65615?s=96&d=mm&r=g","contentUrl":"https:\/\/secure.gravatar.com\/avatar\/219e749e47ffbcca018a360ae4add7d4cdf1cdaaf8bc7676b27efade3fe65615?s=96&d=mm&r=g","caption":"J.J."},"url":"https:\/\/vosgesinfo.fr\/saintdieinfo\/author\/j-j\/"}]}},"_links":{"self":[{"href":"https:\/\/vosgesinfo.fr\/saintdieinfo\/wp-json\/wp\/v2\/posts\/76362","targetHints":{"allow":["GET"]}}],"collection":[{"href":"https:\/\/vosgesinfo.fr\/saintdieinfo\/wp-json\/wp\/v2\/posts"}],"about":[{"href":"https:\/\/vosgesinfo.fr\/saintdieinfo\/wp-json\/wp\/v2\/types\/post"}],"author":[{"embeddable":true,"href":"https:\/\/vosgesinfo.fr\/saintdieinfo\/wp-json\/wp\/v2\/users\/46"}],"replies":[{"embeddable":true,"href":"https:\/\/vosgesinfo.fr\/saintdieinfo\/wp-json\/wp\/v2\/comments?post=76362"}],"version-history":[{"count":1,"href":"https:\/\/vosgesinfo.fr\/saintdieinfo\/wp-json\/wp\/v2\/posts\/76362\/revisions"}],"predecessor-version":[{"id":76364,"href":"https:\/\/vosgesinfo.fr\/saintdieinfo\/wp-json\/wp\/v2\/posts\/76362\/revisions\/76364"}],"wp:featuredmedia":[{"embeddable":true,"href":"https:\/\/vosgesinfo.fr\/saintdieinfo\/wp-json\/wp\/v2\/media\/76363"}],"wp:attachment":[{"href":"https:\/\/vosgesinfo.fr\/saintdieinfo\/wp-json\/wp\/v2\/media?parent=76362"}],"wp:term":[{"taxonomy":"category","embeddable":true,"href":"https:\/\/vosgesinfo.fr\/saintdieinfo\/wp-json\/wp\/v2\/categories?post=76362"},{"taxonomy":"post_tag","embeddable":true,"href":"https:\/\/vosgesinfo.fr\/saintdieinfo\/wp-json\/wp\/v2\/tags?post=76362"}],"curies":[{"name":"wp","href":"https:\/\/api.w.org\/{rel}","templated":true}]}}