{"id":76374,"date":"2025-04-07T17:40:15","date_gmt":"2025-04-07T15:40:15","guid":{"rendered":"https:\/\/vosgesinfo.fr\/saintdieinfo\/?p=76374"},"modified":"2025-04-07T17:27:12","modified_gmt":"2025-04-07T15:27:12","slug":"deux-associations-de-protection-animale-se-mobilisent-devant-le-magasin-decathlon-de-saint-die-des-vosges","status":"publish","type":"post","link":"https:\/\/vosgesinfo.fr\/saintdieinfo\/2025\/04\/deux-associations-de-protection-animale-se-mobilisent-devant-le-magasin-decathlon-de-saint-die-des-vosges\/","title":{"rendered":"Deux associations de protection animale se mobilisent devant le magasin D\u00e9cathlon de Saint-Di\u00e9-des-Vosges"},"content":{"rendered":"<div id=\"attachment_76375\" style=\"width: 1034px\" class=\"wp-caption alignnone\"><a href=\"https:\/\/vosgesinfo.fr\/app\/uploads\/sites\/4\/2025\/04\/paz-mobilisation-decathlon-1.jpg\"><img decoding=\"async\" aria-describedby=\"caption-attachment-76375\" class=\"size-large wp-image-76375\" src=\"https:\/\/vosgesinfo.fr\/app\/uploads\/sites\/4\/2025\/04\/paz-mobilisation-decathlon-1-1024x683.jpg\" alt=\"\" width=\"1024\" height=\"683\" srcset=\"https:\/\/vosgesinfo.fr\/app\/uploads\/sites\/4\/2025\/04\/paz-mobilisation-decathlon-1-1024x683.jpg 1024w, https:\/\/vosgesinfo.fr\/app\/uploads\/sites\/4\/2025\/04\/paz-mobilisation-decathlon-1-300x200.jpg 300w, https:\/\/vosgesinfo.fr\/app\/uploads\/sites\/4\/2025\/04\/paz-mobilisation-decathlon-1-768x512.jpg 768w, https:\/\/vosgesinfo.fr\/app\/uploads\/sites\/4\/2025\/04\/paz-mobilisation-decathlon-1-1536x1024.jpg 1536w, https:\/\/vosgesinfo.fr\/app\/uploads\/sites\/4\/2025\/04\/paz-mobilisation-decathlon-1.jpg 1600w\" sizes=\"(max-width: 1024px) 100vw, 1024px\" \/><\/a><p id=\"caption-attachment-76375\" class=\"wp-caption-text\">(Photographies Camille Martins)<\/p><\/div>\n<h2>Ce samedi apr\u00e8s-midi, <strong>9 b\u00e9n\u00e9voles<\/strong> de <strong>Projet Animaux Zoopolis \u2013 PAZ \u2013<\/strong> et <strong>L214<\/strong> se sont mobilis\u00e9s devant le magasin <strong>D\u00e9cathlon de Saint-Di\u00e9-des-Vosges<\/strong>. Les <strong>militant(e)s<\/strong> des deux <strong>associations de d\u00e9fense des animaux<\/strong> demandent \u00e0 l&rsquo;enseigne d&rsquo;articles de sport et de loisirs <strong>d&rsquo;arr\u00eater de vendre des poissons vivants<\/strong> comme app\u00e2ts pour la <strong>p\u00eache au vif<\/strong>.<\/h2>\n<p><!--more--><\/p>\n<h3><strong>Pancartes et tracts pour sensibiliser le public<\/strong><\/h3>\n<p>Les b\u00e9n\u00e9voles pr\u00e9sentaient des <strong>pancartes<\/strong> et distribuaient des <strong>tracts<\/strong> pour sensibiliser le public \u00e0 cette pratique de la p\u00eache. \u00ab La p\u00eache au vif est une technique de p\u00eache <strong data-start=\"142\" data-end=\"153\">cruelle<\/strong>, qui consiste \u00e0 utiliser <strong data-start=\"179\" data-end=\"220\">un animal vert\u00e9br\u00e9 vivant comme app\u00e2t<\/strong>, g\u00e9n\u00e9ralement un poisson. <strong data-start=\"247\" data-end=\"314\">Cette pratique est d\u00e9j\u00e0 interdite dans plusieurs pays europ\u00e9ens<\/strong> \u00bb explique l&rsquo;association PAZ, dont la cofondatrice <strong>Amandine Sanvisens<\/strong> estime que \u00ab il est <strong>scandaleux que Decathlon alimente cette pratique barbare<\/strong> qu&rsquo;est la p\u00eache au vif. <strong>Torturer des animaux n&rsquo;est ni un sport, ni un loisir.<\/strong> \u00bb<\/p>\n<h3><strong>D\u00e9cathlon Saint-Di\u00e9-des-Vosges a cess\u00e9 de vendre des poissons vivants<\/strong><\/h3>\n<p>Samedi, les militant(e)s ont appris que le <strong>magasin D\u00e9cathlon de Saint-Di\u00e9-des-Vosges<\/strong> avait <strong>cess\u00e9 de vendre des poissons vivants<\/strong> comme app\u00e2ts. Et ce <strong>depuis un mois<\/strong>. \u00ab C&rsquo;est une <strong data-start=\"80\" data-end=\"103\">tr\u00e8s bonne nouvelle<\/strong> et nous les en f\u00e9licitons. <strong data-start=\"131\" data-end=\"172\">N&rsquo;ayant pas \u00e9t\u00e9 notifi\u00e9e de cet arr\u00eat<\/strong>, l&rsquo;association PAZ <strong data-start=\"192\" data-end=\"302\">demande \u00e0 D\u00e9cathlon Saint-Di\u00e9-des-Vosges de lui certifier par \u00e9crit que cette d\u00e9cision est bien d\u00e9finitive<\/strong> \u00bb pr\u00e9cisent les b\u00e9n\u00e9voles mobilis\u00e9s avant-hier. Ces derniers d\u00e9plorent cependant que <strong>D\u00e9cathlon<\/strong>\u00ab <strong data-start=\"110\" data-end=\"162\">ne s&rsquo;est toujours pas engag\u00e9 au niveau national<\/strong>. C&rsquo;est pourquoi <strong data-start=\"233\" data-end=\"268\">nous continuons la mobilisation<\/strong>. \u00bb<\/p>\n<h3><strong>Plus de 14 000 signatures pour une p\u00e9tition \u00e0 l&rsquo;\u00e9chelle d\u00e9odatienne<\/strong><\/h3>\n<p>De nombreuses p\u00e9titions, <strong data-start=\"85\" data-end=\"108\" data-is-only-node=\"\">plus de 70 au total<\/strong>, ont \u00e9t\u00e9 ouvertes en France pour demander \u00e0 D\u00e9cathlon de ne plus vendre de poissons et crabes vivants.\u00a0L&rsquo;une de ces p\u00e9titions, qui concerne sp\u00e9cifiquement le <strong>magasin de Saint-Di\u00e9-des-Vosges<\/strong>, a r\u00e9colt\u00e9 \u00e0 ce jour <a href=\"https:\/\/www.mesopinions.com\/petition\/animaux\/decathlon-saint-die-vosges-traiter-animaux\/229675\" target=\"_blank\" rel=\"noopener\"><strong>plus de 14 000 signatures<\/strong>.<\/a><\/p>\n<p>J.J.<\/p>\n\n\t\t<style type=\"text\/css\">\n\t\t\t#gallery-1 {\n\t\t\t\tmargin: auto;\n\t\t\t}\n\t\t\t#gallery-1 .gallery-item {\n\t\t\t\tfloat: left;\n\t\t\t\tmargin-top: 10px;\n\t\t\t\ttext-align: center;\n\t\t\t\twidth: 50%;\n\t\t\t}\n\t\t\t#gallery-1 img {\n\t\t\t\tborder: 2px solid #cfcfcf;\n\t\t\t}\n\t\t\t#gallery-1 .gallery-caption {\n\t\t\t\tmargin-left: 0;\n\t\t\t}\n\t\t\t\/* see gallery_shortcode() in wp-includes\/media.php *\/\n\t\t<\/style>\n\t\t<div id='gallery-1' class='gallery galleryid-76374 gallery-columns-2 gallery-size-thumbnail'><dl class='gallery-item'>\n\t\t\t<dt class='gallery-icon landscape'>\n\t\t\t\t<a href='https:\/\/vosgesinfo.fr\/app\/uploads\/sites\/4\/2025\/04\/paz-mobilisation-decathlon-5.jpg'><img decoding=\"async\" width=\"150\" height=\"150\" src=\"https:\/\/vosgesinfo.fr\/app\/uploads\/sites\/4\/2025\/04\/paz-mobilisation-decathlon-5-150x150.jpg\" class=\"attachment-thumbnail size-thumbnail\" alt=\"\" \/><\/a>\n\t\t\t<\/dt><\/dl><dl class='gallery-item'>\n\t\t\t<dt class='gallery-icon landscape'>\n\t\t\t\t<a href='https:\/\/vosgesinfo.fr\/app\/uploads\/sites\/4\/2025\/04\/paz-mobilisation-decathlon-2.jpg'><img decoding=\"async\" width=\"150\" height=\"150\" src=\"https:\/\/vosgesinfo.fr\/app\/uploads\/sites\/4\/2025\/04\/paz-mobilisation-decathlon-2-150x150.jpg\" class=\"attachment-thumbnail size-thumbnail\" alt=\"\" \/><\/a>\n\t\t\t<\/dt><\/dl><br style=\"clear: both\" \/><dl class='gallery-item'>\n\t\t\t<dt class='gallery-icon portrait'>\n\t\t\t\t<a href='https:\/\/vosgesinfo.fr\/app\/uploads\/sites\/4\/2025\/04\/paz-mobilisation-decathlon-3.jpg'><img decoding=\"async\" width=\"150\" height=\"150\" src=\"https:\/\/vosgesinfo.fr\/app\/uploads\/sites\/4\/2025\/04\/paz-mobilisation-decathlon-3-150x150.jpg\" class=\"attachment-thumbnail size-thumbnail\" alt=\"\" \/><\/a>\n\t\t\t<\/dt><\/dl><dl class='gallery-item'>\n\t\t\t<dt class='gallery-icon landscape'>\n\t\t\t\t<a href='https:\/\/vosgesinfo.fr\/app\/uploads\/sites\/4\/2025\/04\/paz-mobilisation-decathlon-4.jpg'><img decoding=\"async\" width=\"150\" height=\"150\" src=\"https:\/\/vosgesinfo.fr\/app\/uploads\/sites\/4\/2025\/04\/paz-mobilisation-decathlon-4-150x150.jpg\" class=\"attachment-thumbnail size-thumbnail\" alt=\"\" \/><\/a>\n\t\t\t<\/dt><\/dl><br style=\"clear: both\" \/>\n\t\t<\/div>\n\n","protected":false},"excerpt":{"rendered":"<p>Ce samedi apr\u00e8s-midi, 9 b\u00e9n\u00e9voles de Projet Animaux Zoopolis \u2013 PAZ \u2013 et L214 se sont mobilis\u00e9s devant le magasin [&hellip;]<\/p>\n","protected":false},"author":46,"featured_media":76375,"comment_status":"open","ping_status":"open","sticky":false,"template":"","format":"standard","meta":{"footnotes":""},"categories":[460,13,17],"tags":[16778,7872,16776,16777],"class_list":["post-76374","post","type-post","status-publish","format-standard","has-post-thumbnail","hentry","category-a-la-une","category-societe","category-vie-associative","tag-decathlon-de-saint-die-des-vosges","tag-l214-ethique-et-animaux","tag-paz","tag-projet-animaux-zoopolis"],"acf":[],"yoast_head":"<!-- This site is optimized with the Yoast SEO plugin v22.5 - https:\/\/yoast.com\/wordpress\/plugins\/seo\/ -->\n<title>Deux associations de protection animale se mobilisent devant le magasin D\u00e9cathlon de Saint-Di\u00e9-des-Vosges - Saint Die Info<\/title>\n<meta name=\"robots\" content=\"index, follow, max-snippet:-1, max-image-preview:large, max-video-preview:-1\" \/>\n<link rel=\"canonical\" href=\"https:\/\/vosgesinfo.fr\/saintdieinfo\/2025\/04\/deux-associations-de-protection-animale-se-mobilisent-devant-le-magasin-decathlon-de-saint-die-des-vosges\/\" \/>\n<meta name=\"twitter:card\" content=\"summary_large_image\" \/>\n<meta name=\"twitter:title\" content=\"Deux associations de protection animale se mobilisent devant le magasin D\u00e9cathlon de Saint-Di\u00e9-des-Vosges - Saint Die Info\" \/>\n<meta name=\"twitter:description\" content=\"Ce samedi apr\u00e8s-midi, 9 b\u00e9n\u00e9voles de Projet Animaux Zoopolis \u2013 PAZ \u2013 et L214 se sont mobilis\u00e9s devant le magasin [&hellip;]\" \/>\n<meta name=\"twitter:image\" content=\"https:\/\/vosgesinfo.fr\/app\/uploads\/sites\/4\/2025\/04\/paz-mobilisation-decathlon-1.jpg\" \/>\n<meta name=\"twitter:creator\" content=\"@VosgesInfo88\" \/>\n<meta name=\"twitter:site\" content=\"@VosgesInfo88\" \/>\n<meta name=\"twitter:label1\" content=\"\u00c9crit par\" \/>\n\t<meta name=\"twitter:data1\" content=\"J.J.\" \/>\n\t<meta name=\"twitter:label2\" content=\"Dur\u00e9e de lecture estim\u00e9e\" \/>\n\t<meta name=\"twitter:data2\" content=\"2 minutes\" \/>\n<script type=\"application\/ld+json\" class=\"yoast-schema-graph\">{\"@context\":\"https:\/\/schema.org\",\"@graph\":[{\"@type\":\"Article\",\"@id\":\"https:\/\/vosgesinfo.fr\/saintdieinfo\/2025\/04\/deux-associations-de-protection-animale-se-mobilisent-devant-le-magasin-decathlon-de-saint-die-des-vosges\/#article\",\"isPartOf\":{\"@id\":\"https:\/\/vosgesinfo.fr\/saintdieinfo\/2025\/04\/deux-associations-de-protection-animale-se-mobilisent-devant-le-magasin-decathlon-de-saint-die-des-vosges\/\"},\"author\":{\"name\":\"J.J.\",\"@id\":\"https:\/\/vosgesinfo.fr\/saintdieinfo\/#\/schema\/person\/fa73e9f726d67bb88f46d5b7943cb572\"},\"headline\":\"Deux associations de protection animale se mobilisent devant le magasin D\u00e9cathlon de Saint-Di\u00e9-des-Vosges\",\"datePublished\":\"2025-04-07T15:40:15+00:00\",\"dateModified\":\"2025-04-07T15:27:12+00:00\",\"mainEntityOfPage\":{\"@id\":\"https:\/\/vosgesinfo.fr\/saintdieinfo\/2025\/04\/deux-associations-de-protection-animale-se-mobilisent-devant-le-magasin-decathlon-de-saint-die-des-vosges\/\"},\"wordCount\":381,\"commentCount\":4,\"publisher\":{\"@id\":\"https:\/\/vosgesinfo.fr\/saintdieinfo\/#organization\"},\"image\":{\"@id\":\"https:\/\/vosgesinfo.fr\/saintdieinfo\/2025\/04\/deux-associations-de-protection-animale-se-mobilisent-devant-le-magasin-decathlon-de-saint-die-des-vosges\/#primaryimage\"},\"thumbnailUrl\":\"https:\/\/vosgesinfo.fr\/app\/uploads\/sites\/4\/2025\/04\/paz-mobilisation-decathlon-1.jpg\",\"keywords\":[\"D\u00e9cathlon de Saint-Di\u00e9-des-Vosges\",\"L214 Ethique et Animaux\",\"PAZ\",\"Projet Animaux Zoopolis\"],\"articleSection\":[\"A la Une\",\"Soci\u00e9t\u00e9\",\"Vie Associative\"],\"inLanguage\":\"fr-FR\",\"potentialAction\":[{\"@type\":\"CommentAction\",\"name\":\"Comment\",\"target\":[\"https:\/\/vosgesinfo.fr\/saintdieinfo\/2025\/04\/deux-associations-de-protection-animale-se-mobilisent-devant-le-magasin-decathlon-de-saint-die-des-vosges\/#respond\"]}]},{\"@type\":\"WebPage\",\"@id\":\"https:\/\/vosgesinfo.fr\/saintdieinfo\/2025\/04\/deux-associations-de-protection-animale-se-mobilisent-devant-le-magasin-decathlon-de-saint-die-des-vosges\/\",\"url\":\"https:\/\/vosgesinfo.fr\/saintdieinfo\/2025\/04\/deux-associations-de-protection-animale-se-mobilisent-devant-le-magasin-decathlon-de-saint-die-des-vosges\/\",\"name\":\"Deux associations de protection animale se mobilisent devant le magasin D\u00e9cathlon de Saint-Di\u00e9-des-Vosges - Saint Die Info\",\"isPartOf\":{\"@id\":\"https:\/\/vosgesinfo.fr\/saintdieinfo\/#website\"},\"primaryImageOfPage\":{\"@id\":\"https:\/\/vosgesinfo.fr\/saintdieinfo\/2025\/04\/deux-associations-de-protection-animale-se-mobilisent-devant-le-magasin-decathlon-de-saint-die-des-vosges\/#primaryimage\"},\"image\":{\"@id\":\"https:\/\/vosgesinfo.fr\/saintdieinfo\/2025\/04\/deux-associations-de-protection-animale-se-mobilisent-devant-le-magasin-decathlon-de-saint-die-des-vosges\/#primaryimage\"},\"thumbnailUrl\":\"https:\/\/vosgesinfo.fr\/app\/uploads\/sites\/4\/2025\/04\/paz-mobilisation-decathlon-1.jpg\",\"datePublished\":\"2025-04-07T15:40:15+00:00\",\"dateModified\":\"2025-04-07T15:27:12+00:00\",\"breadcrumb\":{\"@id\":\"https:\/\/vosgesinfo.fr\/saintdieinfo\/2025\/04\/deux-associations-de-protection-animale-se-mobilisent-devant-le-magasin-decathlon-de-saint-die-des-vosges\/#breadcrumb\"},\"inLanguage\":\"fr-FR\",\"potentialAction\":[{\"@type\":\"ReadAction\",\"target\":[\"https:\/\/vosgesinfo.fr\/saintdieinfo\/2025\/04\/deux-associations-de-protection-animale-se-mobilisent-devant-le-magasin-decathlon-de-saint-die-des-vosges\/\"]}]},{\"@type\":\"ImageObject\",\"inLanguage\":\"fr-FR\",\"@id\":\"https:\/\/vosgesinfo.fr\/saintdieinfo\/2025\/04\/deux-associations-de-protection-animale-se-mobilisent-devant-le-magasin-decathlon-de-saint-die-des-vosges\/#primaryimage\",\"url\":\"https:\/\/vosgesinfo.fr\/app\/uploads\/sites\/4\/2025\/04\/paz-mobilisation-decathlon-1.jpg\",\"contentUrl\":\"https:\/\/vosgesinfo.fr\/app\/uploads\/sites\/4\/2025\/04\/paz-mobilisation-decathlon-1.jpg\",\"width\":1600,\"height\":1067,\"caption\":\"(Photographies Camille Martins)\"},{\"@type\":\"BreadcrumbList\",\"@id\":\"https:\/\/vosgesinfo.fr\/saintdieinfo\/2025\/04\/deux-associations-de-protection-animale-se-mobilisent-devant-le-magasin-decathlon-de-saint-die-des-vosges\/#breadcrumb\",\"itemListElement\":[{\"@type\":\"ListItem\",\"position\":1,\"name\":\"Home\",\"item\":\"https:\/\/vosgesinfo.fr\/saintdieinfo\/\"},{\"@type\":\"ListItem\",\"position\":2,\"name\":\"Deux associations de protection animale se mobilisent devant le magasin D\u00e9cathlon de Saint-Di\u00e9-des-Vosges\"}]},{\"@type\":\"WebSite\",\"@id\":\"https:\/\/vosgesinfo.fr\/saintdieinfo\/#website\",\"url\":\"https:\/\/vosgesinfo.fr\/saintdieinfo\/\",\"name\":\"Saint Die Info\",\"description\":\"Toute l&#039;actualit\u00e9 de Saint-Di\u00e9-Des-Vosges\",\"publisher\":{\"@id\":\"https:\/\/vosgesinfo.fr\/saintdieinfo\/#organization\"},\"alternateName\":\"Toute l'actualit\u00e9 de Saint-Di\u00e9-Des-Vosges\",\"potentialAction\":[{\"@type\":\"SearchAction\",\"target\":{\"@type\":\"EntryPoint\",\"urlTemplate\":\"https:\/\/vosgesinfo.fr\/saintdieinfo\/?s={search_term_string}\"},\"query-input\":\"required name=search_term_string\"}],\"inLanguage\":\"fr-FR\"},{\"@type\":\"Organization\",\"@id\":\"https:\/\/vosgesinfo.fr\/saintdieinfo\/#organization\",\"name\":\"Saint Die Info\",\"url\":\"https:\/\/vosgesinfo.fr\/saintdieinfo\/\",\"logo\":{\"@type\":\"ImageObject\",\"inLanguage\":\"fr-FR\",\"@id\":\"https:\/\/vosgesinfo.fr\/saintdieinfo\/#\/schema\/logo\/image\/\",\"url\":\"https:\/\/vosgesinfo.fr\/app\/uploads\/sites\/4\/2024\/02\/logo-sdi.jpg\",\"contentUrl\":\"https:\/\/vosgesinfo.fr\/app\/uploads\/sites\/4\/2024\/02\/logo-sdi.jpg\",\"width\":600,\"height\":600,\"caption\":\"Saint Die Info\"},\"image\":{\"@id\":\"https:\/\/vosgesinfo.fr\/saintdieinfo\/#\/schema\/logo\/image\/\"},\"sameAs\":[\"https:\/\/www.facebook.com\/Saintdieinfofr\",\"https:\/\/x.com\/VosgesInfo88\",\"https:\/\/www.youtube.com\/@vosgesinfo\"]},{\"@type\":\"Person\",\"@id\":\"https:\/\/vosgesinfo.fr\/saintdieinfo\/#\/schema\/person\/fa73e9f726d67bb88f46d5b7943cb572\",\"name\":\"J.J.\",\"image\":{\"@type\":\"ImageObject\",\"inLanguage\":\"fr-FR\",\"@id\":\"https:\/\/vosgesinfo.fr\/saintdieinfo\/#\/schema\/person\/image\/\",\"url\":\"https:\/\/secure.gravatar.com\/avatar\/219e749e47ffbcca018a360ae4add7d4cdf1cdaaf8bc7676b27efade3fe65615?s=96&d=mm&r=g\",\"contentUrl\":\"https:\/\/secure.gravatar.com\/avatar\/219e749e47ffbcca018a360ae4add7d4cdf1cdaaf8bc7676b27efade3fe65615?s=96&d=mm&r=g\",\"caption\":\"J.J.\"},\"url\":\"https:\/\/vosgesinfo.fr\/saintdieinfo\/author\/j-j\/\"}]}<\/script>\n<!-- \/ Yoast SEO plugin. -->","yoast_head_json":{"title":"Deux associations de protection animale se mobilisent devant le magasin D\u00e9cathlon de Saint-Di\u00e9-des-Vosges - Saint Die Info","robots":{"index":"index","follow":"follow","max-snippet":"max-snippet:-1","max-image-preview":"max-image-preview:large","max-video-preview":"max-video-preview:-1"},"canonical":"https:\/\/vosgesinfo.fr\/saintdieinfo\/2025\/04\/deux-associations-de-protection-animale-se-mobilisent-devant-le-magasin-decathlon-de-saint-die-des-vosges\/","twitter_card":"summary_large_image","twitter_title":"Deux associations de protection animale se mobilisent devant le magasin D\u00e9cathlon de Saint-Di\u00e9-des-Vosges - Saint Die Info","twitter_description":"Ce samedi apr\u00e8s-midi, 9 b\u00e9n\u00e9voles de Projet Animaux Zoopolis \u2013 PAZ \u2013 et L214 se sont mobilis\u00e9s devant le magasin [&hellip;]","twitter_image":"https:\/\/vosgesinfo.fr\/app\/uploads\/sites\/4\/2025\/04\/paz-mobilisation-decathlon-1.jpg","twitter_creator":"@VosgesInfo88","twitter_site":"@VosgesInfo88","twitter_misc":{"\u00c9crit par":"J.J.","Dur\u00e9e de lecture estim\u00e9e":"2 minutes"},"schema":{"@context":"https:\/\/schema.org","@graph":[{"@type":"Article","@id":"https:\/\/vosgesinfo.fr\/saintdieinfo\/2025\/04\/deux-associations-de-protection-animale-se-mobilisent-devant-le-magasin-decathlon-de-saint-die-des-vosges\/#article","isPartOf":{"@id":"https:\/\/vosgesinfo.fr\/saintdieinfo\/2025\/04\/deux-associations-de-protection-animale-se-mobilisent-devant-le-magasin-decathlon-de-saint-die-des-vosges\/"},"author":{"name":"J.J.","@id":"https:\/\/vosgesinfo.fr\/saintdieinfo\/#\/schema\/person\/fa73e9f726d67bb88f46d5b7943cb572"},"headline":"Deux associations de protection animale se mobilisent devant le magasin D\u00e9cathlon de Saint-Di\u00e9-des-Vosges","datePublished":"2025-04-07T15:40:15+00:00","dateModified":"2025-04-07T15:27:12+00:00","mainEntityOfPage":{"@id":"https:\/\/vosgesinfo.fr\/saintdieinfo\/2025\/04\/deux-associations-de-protection-animale-se-mobilisent-devant-le-magasin-decathlon-de-saint-die-des-vosges\/"},"wordCount":381,"commentCount":4,"publisher":{"@id":"https:\/\/vosgesinfo.fr\/saintdieinfo\/#organization"},"image":{"@id":"https:\/\/vosgesinfo.fr\/saintdieinfo\/2025\/04\/deux-associations-de-protection-animale-se-mobilisent-devant-le-magasin-decathlon-de-saint-die-des-vosges\/#primaryimage"},"thumbnailUrl":"https:\/\/vosgesinfo.fr\/app\/uploads\/sites\/4\/2025\/04\/paz-mobilisation-decathlon-1.jpg","keywords":["D\u00e9cathlon de Saint-Di\u00e9-des-Vosges","L214 Ethique et Animaux","PAZ","Projet Animaux Zoopolis"],"articleSection":["A la Une","Soci\u00e9t\u00e9","Vie Associative"],"inLanguage":"fr-FR","potentialAction":[{"@type":"CommentAction","name":"Comment","target":["https:\/\/vosgesinfo.fr\/saintdieinfo\/2025\/04\/deux-associations-de-protection-animale-se-mobilisent-devant-le-magasin-decathlon-de-saint-die-des-vosges\/#respond"]}]},{"@type":"WebPage","@id":"https:\/\/vosgesinfo.fr\/saintdieinfo\/2025\/04\/deux-associations-de-protection-animale-se-mobilisent-devant-le-magasin-decathlon-de-saint-die-des-vosges\/","url":"https:\/\/vosgesinfo.fr\/saintdieinfo\/2025\/04\/deux-associations-de-protection-animale-se-mobilisent-devant-le-magasin-decathlon-de-saint-die-des-vosges\/","name":"Deux associations de protection animale se mobilisent devant le magasin D\u00e9cathlon de Saint-Di\u00e9-des-Vosges - Saint Die Info","isPartOf":{"@id":"https:\/\/vosgesinfo.fr\/saintdieinfo\/#website"},"primaryImageOfPage":{"@id":"https:\/\/vosgesinfo.fr\/saintdieinfo\/2025\/04\/deux-associations-de-protection-animale-se-mobilisent-devant-le-magasin-decathlon-de-saint-die-des-vosges\/#primaryimage"},"image":{"@id":"https:\/\/vosgesinfo.fr\/saintdieinfo\/2025\/04\/deux-associations-de-protection-animale-se-mobilisent-devant-le-magasin-decathlon-de-saint-die-des-vosges\/#primaryimage"},"thumbnailUrl":"https:\/\/vosgesinfo.fr\/app\/uploads\/sites\/4\/2025\/04\/paz-mobilisation-decathlon-1.jpg","datePublished":"2025-04-07T15:40:15+00:00","dateModified":"2025-04-07T15:27:12+00:00","breadcrumb":{"@id":"https:\/\/vosgesinfo.fr\/saintdieinfo\/2025\/04\/deux-associations-de-protection-animale-se-mobilisent-devant-le-magasin-decathlon-de-saint-die-des-vosges\/#breadcrumb"},"inLanguage":"fr-FR","potentialAction":[{"@type":"ReadAction","target":["https:\/\/vosgesinfo.fr\/saintdieinfo\/2025\/04\/deux-associations-de-protection-animale-se-mobilisent-devant-le-magasin-decathlon-de-saint-die-des-vosges\/"]}]},{"@type":"ImageObject","inLanguage":"fr-FR","@id":"https:\/\/vosgesinfo.fr\/saintdieinfo\/2025\/04\/deux-associations-de-protection-animale-se-mobilisent-devant-le-magasin-decathlon-de-saint-die-des-vosges\/#primaryimage","url":"https:\/\/vosgesinfo.fr\/app\/uploads\/sites\/4\/2025\/04\/paz-mobilisation-decathlon-1.jpg","contentUrl":"https:\/\/vosgesinfo.fr\/app\/uploads\/sites\/4\/2025\/04\/paz-mobilisation-decathlon-1.jpg","width":1600,"height":1067,"caption":"(Photographies Camille Martins)"},{"@type":"BreadcrumbList","@id":"https:\/\/vosgesinfo.fr\/saintdieinfo\/2025\/04\/deux-associations-de-protection-animale-se-mobilisent-devant-le-magasin-decathlon-de-saint-die-des-vosges\/#breadcrumb","itemListElement":[{"@type":"ListItem","position":1,"name":"Home","item":"https:\/\/vosgesinfo.fr\/saintdieinfo\/"},{"@type":"ListItem","position":2,"name":"Deux associations de protection animale se mobilisent devant le magasin D\u00e9cathlon de Saint-Di\u00e9-des-Vosges"}]},{"@type":"WebSite","@id":"https:\/\/vosgesinfo.fr\/saintdieinfo\/#website","url":"https:\/\/vosgesinfo.fr\/saintdieinfo\/","name":"Saint Die Info","description":"Toute l&#039;actualit\u00e9 de Saint-Di\u00e9-Des-Vosges","publisher":{"@id":"https:\/\/vosgesinfo.fr\/saintdieinfo\/#organization"},"alternateName":"Toute l'actualit\u00e9 de Saint-Di\u00e9-Des-Vosges","potentialAction":[{"@type":"SearchAction","target":{"@type":"EntryPoint","urlTemplate":"https:\/\/vosgesinfo.fr\/saintdieinfo\/?s={search_term_string}"},"query-input":"required name=search_term_string"}],"inLanguage":"fr-FR"},{"@type":"Organization","@id":"https:\/\/vosgesinfo.fr\/saintdieinfo\/#organization","name":"Saint Die Info","url":"https:\/\/vosgesinfo.fr\/saintdieinfo\/","logo":{"@type":"ImageObject","inLanguage":"fr-FR","@id":"https:\/\/vosgesinfo.fr\/saintdieinfo\/#\/schema\/logo\/image\/","url":"https:\/\/vosgesinfo.fr\/app\/uploads\/sites\/4\/2024\/02\/logo-sdi.jpg","contentUrl":"https:\/\/vosgesinfo.fr\/app\/uploads\/sites\/4\/2024\/02\/logo-sdi.jpg","width":600,"height":600,"caption":"Saint Die Info"},"image":{"@id":"https:\/\/vosgesinfo.fr\/saintdieinfo\/#\/schema\/logo\/image\/"},"sameAs":["https:\/\/www.facebook.com\/Saintdieinfofr","https:\/\/x.com\/VosgesInfo88","https:\/\/www.youtube.com\/@vosgesinfo"]},{"@type":"Person","@id":"https:\/\/vosgesinfo.fr\/saintdieinfo\/#\/schema\/person\/fa73e9f726d67bb88f46d5b7943cb572","name":"J.J.","image":{"@type":"ImageObject","inLanguage":"fr-FR","@id":"https:\/\/vosgesinfo.fr\/saintdieinfo\/#\/schema\/person\/image\/","url":"https:\/\/secure.gravatar.com\/avatar\/219e749e47ffbcca018a360ae4add7d4cdf1cdaaf8bc7676b27efade3fe65615?s=96&d=mm&r=g","contentUrl":"https:\/\/secure.gravatar.com\/avatar\/219e749e47ffbcca018a360ae4add7d4cdf1cdaaf8bc7676b27efade3fe65615?s=96&d=mm&r=g","caption":"J.J."},"url":"https:\/\/vosgesinfo.fr\/saintdieinfo\/author\/j-j\/"}]}},"_links":{"self":[{"href":"https:\/\/vosgesinfo.fr\/saintdieinfo\/wp-json\/wp\/v2\/posts\/76374","targetHints":{"allow":["GET"]}}],"collection":[{"href":"https:\/\/vosgesinfo.fr\/saintdieinfo\/wp-json\/wp\/v2\/posts"}],"about":[{"href":"https:\/\/vosgesinfo.fr\/saintdieinfo\/wp-json\/wp\/v2\/types\/post"}],"author":[{"embeddable":true,"href":"https:\/\/vosgesinfo.fr\/saintdieinfo\/wp-json\/wp\/v2\/users\/46"}],"replies":[{"embeddable":true,"href":"https:\/\/vosgesinfo.fr\/saintdieinfo\/wp-json\/wp\/v2\/comments?post=76374"}],"version-history":[{"count":2,"href":"https:\/\/vosgesinfo.fr\/saintdieinfo\/wp-json\/wp\/v2\/posts\/76374\/revisions"}],"predecessor-version":[{"id":76381,"href":"https:\/\/vosgesinfo.fr\/saintdieinfo\/wp-json\/wp\/v2\/posts\/76374\/revisions\/76381"}],"wp:featuredmedia":[{"embeddable":true,"href":"https:\/\/vosgesinfo.fr\/saintdieinfo\/wp-json\/wp\/v2\/media\/76375"}],"wp:attachment":[{"href":"https:\/\/vosgesinfo.fr\/saintdieinfo\/wp-json\/wp\/v2\/media?parent=76374"}],"wp:term":[{"taxonomy":"category","embeddable":true,"href":"https:\/\/vosgesinfo.fr\/saintdieinfo\/wp-json\/wp\/v2\/categories?post=76374"},{"taxonomy":"post_tag","embeddable":true,"href":"https:\/\/vosgesinfo.fr\/saintdieinfo\/wp-json\/wp\/v2\/tags?post=76374"}],"curies":[{"name":"wp","href":"https:\/\/api.w.org\/{rel}","templated":true}]}}