{"id":76453,"date":"2025-04-09T08:40:31","date_gmt":"2025-04-09T06:40:31","guid":{"rendered":"https:\/\/vosgesinfo.fr\/saintdieinfo\/?p=76453"},"modified":"2025-04-09T08:24:29","modified_gmt":"2025-04-09T06:24:29","slug":"trois-journees-deodatiennes-pour-commemorer-le-80e-anniversaire-de-la-liberation-des-camps-nazis","status":"publish","type":"post","link":"https:\/\/vosgesinfo.fr\/saintdieinfo\/2025\/04\/trois-journees-deodatiennes-pour-commemorer-le-80e-anniversaire-de-la-liberation-des-camps-nazis\/","title":{"rendered":"Trois journ\u00e9es d\u00e9odatiennes pour comm\u00e9morer le 80e anniversaire de la Lib\u00e9ration des camps nazis"},"content":{"rendered":"<p><a href=\"https:\/\/vosgesinfo.fr\/app\/uploads\/sites\/4\/2025\/04\/programme-80e-anniversaire-liberation-camps-3.jpg\"><img decoding=\"async\" class=\"alignnone size-large wp-image-76433\" src=\"https:\/\/vosgesinfo.fr\/app\/uploads\/sites\/4\/2025\/04\/programme-80e-anniversaire-liberation-camps-3-1024x771.jpg\" alt=\"\" width=\"1024\" height=\"771\" srcset=\"https:\/\/vosgesinfo.fr\/app\/uploads\/sites\/4\/2025\/04\/programme-80e-anniversaire-liberation-camps-3-1024x771.jpg 1024w, https:\/\/vosgesinfo.fr\/app\/uploads\/sites\/4\/2025\/04\/programme-80e-anniversaire-liberation-camps-3-300x226.jpg 300w, https:\/\/vosgesinfo.fr\/app\/uploads\/sites\/4\/2025\/04\/programme-80e-anniversaire-liberation-camps-3-768x578.jpg 768w, https:\/\/vosgesinfo.fr\/app\/uploads\/sites\/4\/2025\/04\/programme-80e-anniversaire-liberation-camps-3-1536x1156.jpg 1536w, https:\/\/vosgesinfo.fr\/app\/uploads\/sites\/4\/2025\/04\/programme-80e-anniversaire-liberation-camps-3.jpg 1800w\" sizes=\"(max-width: 1024px) 100vw, 1024px\" \/><\/a><\/p>\n<h2>Le <strong>80e anniversaire de la Lib\u00e9ration des camps nazis<\/strong>, de concentration et d&rsquo;extermination, sera comm\u00e9mor\u00e9 <strong>\u00e0 Saint-Di\u00e9-des-Vosges \u00e0 la fin du mois<\/strong>. Pour marquer cet anniversaire, l&rsquo;<strong>association des D\u00e9port\u00e9s, Intern\u00e9s, R\u00e9sistants et Patriotes \u2013 DIRP \u2013 d\u00e9odatienne<\/strong> organise, en partenariat avec la Ville, <strong>plusieurs temps forts du vendredi 25 au dimanche 27 avril<\/strong>. <strong>Pour que la flamme du souvenir ne s&rsquo;\u00e9teigne pas.<\/strong><\/h2>\n<p><!--more--><\/p>\n<h3 class=\"western\"><strong>Une exposition \u00e0 l&rsquo;ancienne m\u00e9diath\u00e8que Victor-Hugo<\/strong><\/h3>\n<p>Les comm\u00e9morations d\u00e9buteront le <strong>vendredi \u00e0 17h<\/strong>, avec l\u2019inauguration \u00e0 l&rsquo;<strong>ancienne m\u00e9diath\u00e8que Victor-Hugo<\/strong> de l\u2019exposition consacr\u00e9e \u00e0 la D\u00e9portation. Cette exposition sera visible le <strong>lendemain 26 avril \u00e0 14h<\/strong>, puis <strong>du 27 avril au 8 mai<\/strong>, <strong>de 9h \u00e0 12h<\/strong> et <strong>de 14h \u00e0 17h30<\/strong>. L\u2019exposition sera compl\u00e9t\u00e9e par des <strong>t\u00e9moignages diffus\u00e9s en boucle<\/strong>, issus du film <strong>\u00ab\u00a0Paroles de R\u00e9sistants\u00a0\u00bb de Jacques Cuny<\/strong>, mais aussi de <strong>\u00ab\u00a0Francine et le morceau de chocolat\u00a0\u00bb<\/strong>.<\/p>\n<h3 class=\"western\"><strong>Une conf\u00e9rence par l&rsquo;historienne Fr\u00e9d\u00e9rique Neau-Dufour<\/strong><\/h3>\n<p><strong>Samedi, \u00e0 10h \u00e0 la Tour de la Libert\u00e9<\/strong>, <strong>Fr\u00e9d\u00e9rique Neau-Dufour donnera une conf\u00e9rence sur la D\u00e9portation<\/strong>. En partenariat avec la <strong>Librairie La Neuf<\/strong>, l\u2019historienne pr\u00e9sentera \u00e9galement son dernier livre, intitul\u00e9 <strong>\u00ab\u00a0Struthof, un camp pour \u00e9purer l\u2019Alsace 1944-1945\u00a0\u00bb<\/strong>.<\/p>\n<p><a href=\"https:\/\/vosgesinfo.fr\/app\/uploads\/sites\/4\/2025\/04\/programme-80e-anniversaire-liberation-camps-2.jpg\"><img decoding=\"async\" class=\"alignnone size-large wp-image-76432\" src=\"https:\/\/vosgesinfo.fr\/app\/uploads\/sites\/4\/2025\/04\/programme-80e-anniversaire-liberation-camps-2-1024x771.jpg\" alt=\"\" width=\"1024\" height=\"771\" srcset=\"https:\/\/vosgesinfo.fr\/app\/uploads\/sites\/4\/2025\/04\/programme-80e-anniversaire-liberation-camps-2-1024x771.jpg 1024w, https:\/\/vosgesinfo.fr\/app\/uploads\/sites\/4\/2025\/04\/programme-80e-anniversaire-liberation-camps-2-300x226.jpg 300w, https:\/\/vosgesinfo.fr\/app\/uploads\/sites\/4\/2025\/04\/programme-80e-anniversaire-liberation-camps-2-768x578.jpg 768w, https:\/\/vosgesinfo.fr\/app\/uploads\/sites\/4\/2025\/04\/programme-80e-anniversaire-liberation-camps-2-1536x1156.jpg 1536w, https:\/\/vosgesinfo.fr\/app\/uploads\/sites\/4\/2025\/04\/programme-80e-anniversaire-liberation-camps-2.jpg 1800w\" sizes=\"(max-width: 1024px) 100vw, 1024px\" \/><\/a><\/p>\n<h3 class=\"western\"><strong>Garde aux flambeaux \u00e0 la St\u00e8le des D\u00e9port\u00e9s<\/strong><\/h3>\n<p>Ce m\u00eame samedi, <strong>en d\u00e9but de soir\u00e9e \u00e0 20h15<\/strong>, une <strong>garde aux flambeaux<\/strong> se tiendra \u00e0 la <strong>St\u00e8le des D\u00e9port\u00e9s<\/strong>, situ\u00e9e <strong>sur les quais rive gauche, en face du supermarch\u00e9 Carrefour<\/strong>. <strong>Ouverte \u00e0 tous<\/strong>, cette c\u00e9r\u00e9monie donnera lieu \u00e0 des <strong>chants avec la chorale Isegoria<\/strong>, de la <strong>musique avec la Lyre Michelloise<\/strong>, ainsi que <strong>des lectures de po\u00e8mes par Nadine Ronsin<\/strong>.<\/p>\n<h3 class=\"western\"><strong>C\u00e9r\u00e9monie patriotique le dimanche<\/strong><\/h3>\n<p>Le <strong>dernier temps fort<\/strong> de ces trois journ\u00e9es de <strong>devoir de m\u00e9moire<\/strong> prendra place de nouveau devant la <strong>St\u00e8le des D\u00e9port\u00e9s<\/strong>, au pied de laquelle <strong>des gerbes de fleurs seront d\u00e9pos\u00e9es<\/strong>, puis <strong>de l\u2019autre c\u00f4t\u00e9 de la Meurthe<\/strong>, au <strong>monument aux morts de la ville<\/strong>.<\/p>\n<h3 class=\"western\"><strong>Plus de 200 000 personnes d\u00e9port\u00e9es en France<\/strong><\/h3>\n<p>Comme l\u2019a rappel\u00e9 ce mardi matin <strong>Jacky Homel<\/strong>, <strong>le nouveau pr\u00e9sident de la section locale de la DIRP et fils de d\u00e9port\u00e9<\/strong>, lors du point presse de pr\u00e9sentation des comm\u00e9morations du 80e anniversaire de la Lib\u00e9ration des camps nazis, <strong>\u00ab\u00a0141 000 personnes ont \u00e9t\u00e9 d\u00e9port\u00e9es en France pour des raisons dites \u00ab\u00a0raciales\u00a0\u00bb.<\/strong> Seulement <strong>2 500 ont \u00e9t\u00e9 rescap\u00e9s<\/strong>. <strong>66 000 autres personnes<\/strong> ont \u00e9t\u00e9 d\u00e9port\u00e9es pour des raisons diverses, dont <strong>42 000 \u00e9taient des R\u00e9sistants<\/strong>. Sur ces 66 000 d\u00e9port\u00e9s, <strong>23 000 ont surv\u00e9cu<\/strong>.\u00a0\u00bb<\/p>\n<p>J.J.<\/p>\n<p><iframe loading=\"lazy\" title=\"L&#039;interview de Francine - FRANCE - #HUMAN\" width=\"500\" height=\"281\" src=\"https:\/\/www.youtube.com\/embed\/ftugbci9ohg?feature=oembed\" frameborder=\"0\" allow=\"accelerometer; autoplay; clipboard-write; encrypted-media; gyroscope; picture-in-picture; web-share\" referrerpolicy=\"strict-origin-when-cross-origin\" allowfullscreen><\/iframe><\/p>\n","protected":false},"excerpt":{"rendered":"<p>Le 80e anniversaire de la Lib\u00e9ration des camps nazis, de concentration et d&rsquo;extermination, sera comm\u00e9mor\u00e9 \u00e0 Saint-Di\u00e9-des-Vosges \u00e0 la fin [&hellip;]<\/p>\n","protected":false},"author":46,"featured_media":76433,"comment_status":"open","ping_status":"open","sticky":false,"template":"","format":"standard","meta":{"footnotes":""},"categories":[460,167,13],"tags":[16793,16795,16798,16797],"class_list":["post-76453","post","type-post","status-publish","format-standard","has-post-thumbnail","hentry","category-a-la-une","category-saint-die-des-vosges","category-societe","tag-80e-anniversaire-de-la-liberation-des-camps-nazis","tag-federation-nationale-des-deportes-internes-resistants-et-patriotes","tag-fn-dirp","tag-section-de-saint-die-des-vosges-de-la-fn-dirp"],"acf":[],"yoast_head":"<!-- This site is optimized with the Yoast SEO plugin v22.5 - https:\/\/yoast.com\/wordpress\/plugins\/seo\/ -->\n<title>Trois journ\u00e9es d\u00e9odatiennes pour comm\u00e9morer le 80e anniversaire de la Lib\u00e9ration des camps nazis - Saint Die Info<\/title>\n<meta name=\"robots\" content=\"index, follow, max-snippet:-1, max-image-preview:large, max-video-preview:-1\" \/>\n<link rel=\"canonical\" href=\"https:\/\/vosgesinfo.fr\/saintdieinfo\/2025\/04\/trois-journees-deodatiennes-pour-commemorer-le-80e-anniversaire-de-la-liberation-des-camps-nazis\/\" \/>\n<meta name=\"twitter:card\" content=\"summary_large_image\" \/>\n<meta name=\"twitter:title\" content=\"Trois journ\u00e9es d\u00e9odatiennes pour comm\u00e9morer le 80e anniversaire de la Lib\u00e9ration des camps nazis - Saint Die Info\" \/>\n<meta name=\"twitter:description\" content=\"Le 80e anniversaire de la Lib\u00e9ration des camps nazis, de concentration et d&rsquo;extermination, sera comm\u00e9mor\u00e9 \u00e0 Saint-Di\u00e9-des-Vosges \u00e0 la fin [&hellip;]\" \/>\n<meta name=\"twitter:image\" content=\"https:\/\/vosgesinfo.fr\/app\/uploads\/sites\/4\/2025\/04\/programme-80e-anniversaire-liberation-camps-3.jpg\" \/>\n<meta name=\"twitter:creator\" content=\"@VosgesInfo88\" \/>\n<meta name=\"twitter:site\" content=\"@VosgesInfo88\" \/>\n<meta name=\"twitter:label1\" content=\"\u00c9crit par\" \/>\n\t<meta name=\"twitter:data1\" content=\"J.J.\" \/>\n\t<meta name=\"twitter:label2\" content=\"Dur\u00e9e de lecture estim\u00e9e\" \/>\n\t<meta name=\"twitter:data2\" content=\"3 minutes\" \/>\n<script type=\"application\/ld+json\" class=\"yoast-schema-graph\">{\"@context\":\"https:\/\/schema.org\",\"@graph\":[{\"@type\":\"Article\",\"@id\":\"https:\/\/vosgesinfo.fr\/saintdieinfo\/2025\/04\/trois-journees-deodatiennes-pour-commemorer-le-80e-anniversaire-de-la-liberation-des-camps-nazis\/#article\",\"isPartOf\":{\"@id\":\"https:\/\/vosgesinfo.fr\/saintdieinfo\/2025\/04\/trois-journees-deodatiennes-pour-commemorer-le-80e-anniversaire-de-la-liberation-des-camps-nazis\/\"},\"author\":{\"name\":\"J.J.\",\"@id\":\"https:\/\/vosgesinfo.fr\/saintdieinfo\/#\/schema\/person\/fa73e9f726d67bb88f46d5b7943cb572\"},\"headline\":\"Trois journ\u00e9es d\u00e9odatiennes pour comm\u00e9morer le 80e anniversaire de la Lib\u00e9ration des camps nazis\",\"datePublished\":\"2025-04-09T06:40:31+00:00\",\"dateModified\":\"2025-04-09T06:24:29+00:00\",\"mainEntityOfPage\":{\"@id\":\"https:\/\/vosgesinfo.fr\/saintdieinfo\/2025\/04\/trois-journees-deodatiennes-pour-commemorer-le-80e-anniversaire-de-la-liberation-des-camps-nazis\/\"},\"wordCount\":466,\"commentCount\":0,\"publisher\":{\"@id\":\"https:\/\/vosgesinfo.fr\/saintdieinfo\/#organization\"},\"image\":{\"@id\":\"https:\/\/vosgesinfo.fr\/saintdieinfo\/2025\/04\/trois-journees-deodatiennes-pour-commemorer-le-80e-anniversaire-de-la-liberation-des-camps-nazis\/#primaryimage\"},\"thumbnailUrl\":\"https:\/\/vosgesinfo.fr\/app\/uploads\/sites\/4\/2025\/04\/programme-80e-anniversaire-liberation-camps-3.jpg\",\"keywords\":[\"80e anniversaire de la Lib\u00e9ration des camps nazis\",\"F\u00e9d\u00e9ration Nationale des D\u00e9port\u00e9s Intern\u00e9s R\u00e9sistants et Patriotes\",\"FN DIRP\",\"Section de Saint-Di\u00e9-des-Vosges de la FN DIRP\"],\"articleSection\":[\"A la Une\",\"Saint-Di\u00e9-des-Vosges\",\"Soci\u00e9t\u00e9\"],\"inLanguage\":\"fr-FR\",\"potentialAction\":[{\"@type\":\"CommentAction\",\"name\":\"Comment\",\"target\":[\"https:\/\/vosgesinfo.fr\/saintdieinfo\/2025\/04\/trois-journees-deodatiennes-pour-commemorer-le-80e-anniversaire-de-la-liberation-des-camps-nazis\/#respond\"]}]},{\"@type\":\"WebPage\",\"@id\":\"https:\/\/vosgesinfo.fr\/saintdieinfo\/2025\/04\/trois-journees-deodatiennes-pour-commemorer-le-80e-anniversaire-de-la-liberation-des-camps-nazis\/\",\"url\":\"https:\/\/vosgesinfo.fr\/saintdieinfo\/2025\/04\/trois-journees-deodatiennes-pour-commemorer-le-80e-anniversaire-de-la-liberation-des-camps-nazis\/\",\"name\":\"Trois journ\u00e9es d\u00e9odatiennes pour comm\u00e9morer le 80e anniversaire de la Lib\u00e9ration des camps nazis - Saint Die Info\",\"isPartOf\":{\"@id\":\"https:\/\/vosgesinfo.fr\/saintdieinfo\/#website\"},\"primaryImageOfPage\":{\"@id\":\"https:\/\/vosgesinfo.fr\/saintdieinfo\/2025\/04\/trois-journees-deodatiennes-pour-commemorer-le-80e-anniversaire-de-la-liberation-des-camps-nazis\/#primaryimage\"},\"image\":{\"@id\":\"https:\/\/vosgesinfo.fr\/saintdieinfo\/2025\/04\/trois-journees-deodatiennes-pour-commemorer-le-80e-anniversaire-de-la-liberation-des-camps-nazis\/#primaryimage\"},\"thumbnailUrl\":\"https:\/\/vosgesinfo.fr\/app\/uploads\/sites\/4\/2025\/04\/programme-80e-anniversaire-liberation-camps-3.jpg\",\"datePublished\":\"2025-04-09T06:40:31+00:00\",\"dateModified\":\"2025-04-09T06:24:29+00:00\",\"breadcrumb\":{\"@id\":\"https:\/\/vosgesinfo.fr\/saintdieinfo\/2025\/04\/trois-journees-deodatiennes-pour-commemorer-le-80e-anniversaire-de-la-liberation-des-camps-nazis\/#breadcrumb\"},\"inLanguage\":\"fr-FR\",\"potentialAction\":[{\"@type\":\"ReadAction\",\"target\":[\"https:\/\/vosgesinfo.fr\/saintdieinfo\/2025\/04\/trois-journees-deodatiennes-pour-commemorer-le-80e-anniversaire-de-la-liberation-des-camps-nazis\/\"]}]},{\"@type\":\"ImageObject\",\"inLanguage\":\"fr-FR\",\"@id\":\"https:\/\/vosgesinfo.fr\/saintdieinfo\/2025\/04\/trois-journees-deodatiennes-pour-commemorer-le-80e-anniversaire-de-la-liberation-des-camps-nazis\/#primaryimage\",\"url\":\"https:\/\/vosgesinfo.fr\/app\/uploads\/sites\/4\/2025\/04\/programme-80e-anniversaire-liberation-camps-3.jpg\",\"contentUrl\":\"https:\/\/vosgesinfo.fr\/app\/uploads\/sites\/4\/2025\/04\/programme-80e-anniversaire-liberation-camps-3.jpg\",\"width\":1800,\"height\":1355},{\"@type\":\"BreadcrumbList\",\"@id\":\"https:\/\/vosgesinfo.fr\/saintdieinfo\/2025\/04\/trois-journees-deodatiennes-pour-commemorer-le-80e-anniversaire-de-la-liberation-des-camps-nazis\/#breadcrumb\",\"itemListElement\":[{\"@type\":\"ListItem\",\"position\":1,\"name\":\"Home\",\"item\":\"https:\/\/vosgesinfo.fr\/saintdieinfo\/\"},{\"@type\":\"ListItem\",\"position\":2,\"name\":\"Trois journ\u00e9es d\u00e9odatiennes pour comm\u00e9morer le 80e anniversaire de la Lib\u00e9ration des camps nazis\"}]},{\"@type\":\"WebSite\",\"@id\":\"https:\/\/vosgesinfo.fr\/saintdieinfo\/#website\",\"url\":\"https:\/\/vosgesinfo.fr\/saintdieinfo\/\",\"name\":\"Saint Die Info\",\"description\":\"Toute l&#039;actualit\u00e9 de Saint-Di\u00e9-Des-Vosges\",\"publisher\":{\"@id\":\"https:\/\/vosgesinfo.fr\/saintdieinfo\/#organization\"},\"alternateName\":\"Toute l'actualit\u00e9 de Saint-Di\u00e9-Des-Vosges\",\"potentialAction\":[{\"@type\":\"SearchAction\",\"target\":{\"@type\":\"EntryPoint\",\"urlTemplate\":\"https:\/\/vosgesinfo.fr\/saintdieinfo\/?s={search_term_string}\"},\"query-input\":\"required name=search_term_string\"}],\"inLanguage\":\"fr-FR\"},{\"@type\":\"Organization\",\"@id\":\"https:\/\/vosgesinfo.fr\/saintdieinfo\/#organization\",\"name\":\"Saint Die Info\",\"url\":\"https:\/\/vosgesinfo.fr\/saintdieinfo\/\",\"logo\":{\"@type\":\"ImageObject\",\"inLanguage\":\"fr-FR\",\"@id\":\"https:\/\/vosgesinfo.fr\/saintdieinfo\/#\/schema\/logo\/image\/\",\"url\":\"https:\/\/vosgesinfo.fr\/app\/uploads\/sites\/4\/2024\/02\/logo-sdi.jpg\",\"contentUrl\":\"https:\/\/vosgesinfo.fr\/app\/uploads\/sites\/4\/2024\/02\/logo-sdi.jpg\",\"width\":600,\"height\":600,\"caption\":\"Saint Die Info\"},\"image\":{\"@id\":\"https:\/\/vosgesinfo.fr\/saintdieinfo\/#\/schema\/logo\/image\/\"},\"sameAs\":[\"https:\/\/www.facebook.com\/Saintdieinfofr\",\"https:\/\/x.com\/VosgesInfo88\",\"https:\/\/www.youtube.com\/@vosgesinfo\"]},{\"@type\":\"Person\",\"@id\":\"https:\/\/vosgesinfo.fr\/saintdieinfo\/#\/schema\/person\/fa73e9f726d67bb88f46d5b7943cb572\",\"name\":\"J.J.\",\"image\":{\"@type\":\"ImageObject\",\"inLanguage\":\"fr-FR\",\"@id\":\"https:\/\/vosgesinfo.fr\/saintdieinfo\/#\/schema\/person\/image\/\",\"url\":\"https:\/\/secure.gravatar.com\/avatar\/219e749e47ffbcca018a360ae4add7d4cdf1cdaaf8bc7676b27efade3fe65615?s=96&d=mm&r=g\",\"contentUrl\":\"https:\/\/secure.gravatar.com\/avatar\/219e749e47ffbcca018a360ae4add7d4cdf1cdaaf8bc7676b27efade3fe65615?s=96&d=mm&r=g\",\"caption\":\"J.J.\"},\"url\":\"https:\/\/vosgesinfo.fr\/saintdieinfo\/author\/j-j\/\"}]}<\/script>\n<!-- \/ Yoast SEO plugin. -->","yoast_head_json":{"title":"Trois journ\u00e9es d\u00e9odatiennes pour comm\u00e9morer le 80e anniversaire de la Lib\u00e9ration des camps nazis - Saint Die Info","robots":{"index":"index","follow":"follow","max-snippet":"max-snippet:-1","max-image-preview":"max-image-preview:large","max-video-preview":"max-video-preview:-1"},"canonical":"https:\/\/vosgesinfo.fr\/saintdieinfo\/2025\/04\/trois-journees-deodatiennes-pour-commemorer-le-80e-anniversaire-de-la-liberation-des-camps-nazis\/","twitter_card":"summary_large_image","twitter_title":"Trois journ\u00e9es d\u00e9odatiennes pour comm\u00e9morer le 80e anniversaire de la Lib\u00e9ration des camps nazis - Saint Die Info","twitter_description":"Le 80e anniversaire de la Lib\u00e9ration des camps nazis, de concentration et d&rsquo;extermination, sera comm\u00e9mor\u00e9 \u00e0 Saint-Di\u00e9-des-Vosges \u00e0 la fin [&hellip;]","twitter_image":"https:\/\/vosgesinfo.fr\/app\/uploads\/sites\/4\/2025\/04\/programme-80e-anniversaire-liberation-camps-3.jpg","twitter_creator":"@VosgesInfo88","twitter_site":"@VosgesInfo88","twitter_misc":{"\u00c9crit par":"J.J.","Dur\u00e9e de lecture estim\u00e9e":"3 minutes"},"schema":{"@context":"https:\/\/schema.org","@graph":[{"@type":"Article","@id":"https:\/\/vosgesinfo.fr\/saintdieinfo\/2025\/04\/trois-journees-deodatiennes-pour-commemorer-le-80e-anniversaire-de-la-liberation-des-camps-nazis\/#article","isPartOf":{"@id":"https:\/\/vosgesinfo.fr\/saintdieinfo\/2025\/04\/trois-journees-deodatiennes-pour-commemorer-le-80e-anniversaire-de-la-liberation-des-camps-nazis\/"},"author":{"name":"J.J.","@id":"https:\/\/vosgesinfo.fr\/saintdieinfo\/#\/schema\/person\/fa73e9f726d67bb88f46d5b7943cb572"},"headline":"Trois journ\u00e9es d\u00e9odatiennes pour comm\u00e9morer le 80e anniversaire de la Lib\u00e9ration des camps nazis","datePublished":"2025-04-09T06:40:31+00:00","dateModified":"2025-04-09T06:24:29+00:00","mainEntityOfPage":{"@id":"https:\/\/vosgesinfo.fr\/saintdieinfo\/2025\/04\/trois-journees-deodatiennes-pour-commemorer-le-80e-anniversaire-de-la-liberation-des-camps-nazis\/"},"wordCount":466,"commentCount":0,"publisher":{"@id":"https:\/\/vosgesinfo.fr\/saintdieinfo\/#organization"},"image":{"@id":"https:\/\/vosgesinfo.fr\/saintdieinfo\/2025\/04\/trois-journees-deodatiennes-pour-commemorer-le-80e-anniversaire-de-la-liberation-des-camps-nazis\/#primaryimage"},"thumbnailUrl":"https:\/\/vosgesinfo.fr\/app\/uploads\/sites\/4\/2025\/04\/programme-80e-anniversaire-liberation-camps-3.jpg","keywords":["80e anniversaire de la Lib\u00e9ration des camps nazis","F\u00e9d\u00e9ration Nationale des D\u00e9port\u00e9s Intern\u00e9s R\u00e9sistants et Patriotes","FN DIRP","Section de Saint-Di\u00e9-des-Vosges de la FN DIRP"],"articleSection":["A la Une","Saint-Di\u00e9-des-Vosges","Soci\u00e9t\u00e9"],"inLanguage":"fr-FR","potentialAction":[{"@type":"CommentAction","name":"Comment","target":["https:\/\/vosgesinfo.fr\/saintdieinfo\/2025\/04\/trois-journees-deodatiennes-pour-commemorer-le-80e-anniversaire-de-la-liberation-des-camps-nazis\/#respond"]}]},{"@type":"WebPage","@id":"https:\/\/vosgesinfo.fr\/saintdieinfo\/2025\/04\/trois-journees-deodatiennes-pour-commemorer-le-80e-anniversaire-de-la-liberation-des-camps-nazis\/","url":"https:\/\/vosgesinfo.fr\/saintdieinfo\/2025\/04\/trois-journees-deodatiennes-pour-commemorer-le-80e-anniversaire-de-la-liberation-des-camps-nazis\/","name":"Trois journ\u00e9es d\u00e9odatiennes pour comm\u00e9morer le 80e anniversaire de la Lib\u00e9ration des camps nazis - Saint Die Info","isPartOf":{"@id":"https:\/\/vosgesinfo.fr\/saintdieinfo\/#website"},"primaryImageOfPage":{"@id":"https:\/\/vosgesinfo.fr\/saintdieinfo\/2025\/04\/trois-journees-deodatiennes-pour-commemorer-le-80e-anniversaire-de-la-liberation-des-camps-nazis\/#primaryimage"},"image":{"@id":"https:\/\/vosgesinfo.fr\/saintdieinfo\/2025\/04\/trois-journees-deodatiennes-pour-commemorer-le-80e-anniversaire-de-la-liberation-des-camps-nazis\/#primaryimage"},"thumbnailUrl":"https:\/\/vosgesinfo.fr\/app\/uploads\/sites\/4\/2025\/04\/programme-80e-anniversaire-liberation-camps-3.jpg","datePublished":"2025-04-09T06:40:31+00:00","dateModified":"2025-04-09T06:24:29+00:00","breadcrumb":{"@id":"https:\/\/vosgesinfo.fr\/saintdieinfo\/2025\/04\/trois-journees-deodatiennes-pour-commemorer-le-80e-anniversaire-de-la-liberation-des-camps-nazis\/#breadcrumb"},"inLanguage":"fr-FR","potentialAction":[{"@type":"ReadAction","target":["https:\/\/vosgesinfo.fr\/saintdieinfo\/2025\/04\/trois-journees-deodatiennes-pour-commemorer-le-80e-anniversaire-de-la-liberation-des-camps-nazis\/"]}]},{"@type":"ImageObject","inLanguage":"fr-FR","@id":"https:\/\/vosgesinfo.fr\/saintdieinfo\/2025\/04\/trois-journees-deodatiennes-pour-commemorer-le-80e-anniversaire-de-la-liberation-des-camps-nazis\/#primaryimage","url":"https:\/\/vosgesinfo.fr\/app\/uploads\/sites\/4\/2025\/04\/programme-80e-anniversaire-liberation-camps-3.jpg","contentUrl":"https:\/\/vosgesinfo.fr\/app\/uploads\/sites\/4\/2025\/04\/programme-80e-anniversaire-liberation-camps-3.jpg","width":1800,"height":1355},{"@type":"BreadcrumbList","@id":"https:\/\/vosgesinfo.fr\/saintdieinfo\/2025\/04\/trois-journees-deodatiennes-pour-commemorer-le-80e-anniversaire-de-la-liberation-des-camps-nazis\/#breadcrumb","itemListElement":[{"@type":"ListItem","position":1,"name":"Home","item":"https:\/\/vosgesinfo.fr\/saintdieinfo\/"},{"@type":"ListItem","position":2,"name":"Trois journ\u00e9es d\u00e9odatiennes pour comm\u00e9morer le 80e anniversaire de la Lib\u00e9ration des camps nazis"}]},{"@type":"WebSite","@id":"https:\/\/vosgesinfo.fr\/saintdieinfo\/#website","url":"https:\/\/vosgesinfo.fr\/saintdieinfo\/","name":"Saint Die Info","description":"Toute l&#039;actualit\u00e9 de Saint-Di\u00e9-Des-Vosges","publisher":{"@id":"https:\/\/vosgesinfo.fr\/saintdieinfo\/#organization"},"alternateName":"Toute l'actualit\u00e9 de Saint-Di\u00e9-Des-Vosges","potentialAction":[{"@type":"SearchAction","target":{"@type":"EntryPoint","urlTemplate":"https:\/\/vosgesinfo.fr\/saintdieinfo\/?s={search_term_string}"},"query-input":"required name=search_term_string"}],"inLanguage":"fr-FR"},{"@type":"Organization","@id":"https:\/\/vosgesinfo.fr\/saintdieinfo\/#organization","name":"Saint Die Info","url":"https:\/\/vosgesinfo.fr\/saintdieinfo\/","logo":{"@type":"ImageObject","inLanguage":"fr-FR","@id":"https:\/\/vosgesinfo.fr\/saintdieinfo\/#\/schema\/logo\/image\/","url":"https:\/\/vosgesinfo.fr\/app\/uploads\/sites\/4\/2024\/02\/logo-sdi.jpg","contentUrl":"https:\/\/vosgesinfo.fr\/app\/uploads\/sites\/4\/2024\/02\/logo-sdi.jpg","width":600,"height":600,"caption":"Saint Die Info"},"image":{"@id":"https:\/\/vosgesinfo.fr\/saintdieinfo\/#\/schema\/logo\/image\/"},"sameAs":["https:\/\/www.facebook.com\/Saintdieinfofr","https:\/\/x.com\/VosgesInfo88","https:\/\/www.youtube.com\/@vosgesinfo"]},{"@type":"Person","@id":"https:\/\/vosgesinfo.fr\/saintdieinfo\/#\/schema\/person\/fa73e9f726d67bb88f46d5b7943cb572","name":"J.J.","image":{"@type":"ImageObject","inLanguage":"fr-FR","@id":"https:\/\/vosgesinfo.fr\/saintdieinfo\/#\/schema\/person\/image\/","url":"https:\/\/secure.gravatar.com\/avatar\/219e749e47ffbcca018a360ae4add7d4cdf1cdaaf8bc7676b27efade3fe65615?s=96&d=mm&r=g","contentUrl":"https:\/\/secure.gravatar.com\/avatar\/219e749e47ffbcca018a360ae4add7d4cdf1cdaaf8bc7676b27efade3fe65615?s=96&d=mm&r=g","caption":"J.J."},"url":"https:\/\/vosgesinfo.fr\/saintdieinfo\/author\/j-j\/"}]}},"_links":{"self":[{"href":"https:\/\/vosgesinfo.fr\/saintdieinfo\/wp-json\/wp\/v2\/posts\/76453","targetHints":{"allow":["GET"]}}],"collection":[{"href":"https:\/\/vosgesinfo.fr\/saintdieinfo\/wp-json\/wp\/v2\/posts"}],"about":[{"href":"https:\/\/vosgesinfo.fr\/saintdieinfo\/wp-json\/wp\/v2\/types\/post"}],"author":[{"embeddable":true,"href":"https:\/\/vosgesinfo.fr\/saintdieinfo\/wp-json\/wp\/v2\/users\/46"}],"replies":[{"embeddable":true,"href":"https:\/\/vosgesinfo.fr\/saintdieinfo\/wp-json\/wp\/v2\/comments?post=76453"}],"version-history":[{"count":3,"href":"https:\/\/vosgesinfo.fr\/saintdieinfo\/wp-json\/wp\/v2\/posts\/76453\/revisions"}],"predecessor-version":[{"id":76456,"href":"https:\/\/vosgesinfo.fr\/saintdieinfo\/wp-json\/wp\/v2\/posts\/76453\/revisions\/76456"}],"wp:featuredmedia":[{"embeddable":true,"href":"https:\/\/vosgesinfo.fr\/saintdieinfo\/wp-json\/wp\/v2\/media\/76433"}],"wp:attachment":[{"href":"https:\/\/vosgesinfo.fr\/saintdieinfo\/wp-json\/wp\/v2\/media?parent=76453"}],"wp:term":[{"taxonomy":"category","embeddable":true,"href":"https:\/\/vosgesinfo.fr\/saintdieinfo\/wp-json\/wp\/v2\/categories?post=76453"},{"taxonomy":"post_tag","embeddable":true,"href":"https:\/\/vosgesinfo.fr\/saintdieinfo\/wp-json\/wp\/v2\/tags?post=76453"}],"curies":[{"name":"wp","href":"https:\/\/api.w.org\/{rel}","templated":true}]}}