{"id":76665,"date":"2025-04-11T13:25:48","date_gmt":"2025-04-11T11:25:48","guid":{"rendered":"https:\/\/vosgesinfo.fr\/saintdieinfo\/?p=76665"},"modified":"2025-04-11T13:11:22","modified_gmt":"2025-04-11T11:11:22","slug":"les-premieres-puces-des-couturieres-de-saint-die-des-vosges-approchent-a-grands-pas","status":"publish","type":"post","link":"https:\/\/vosgesinfo.fr\/saintdieinfo\/2025\/04\/les-premieres-puces-des-couturieres-de-saint-die-des-vosges-approchent-a-grands-pas\/","title":{"rendered":"Les premi\u00e8res Puces des Couturi\u00e8res de Saint-Di\u00e9-des-Vosges approchent \u00e0 grands pas"},"content":{"rendered":"<p><a href=\"https:\/\/vosgesinfo.fr\/app\/uploads\/sites\/4\/2025\/04\/rappel-puces-des-couturieres-sddv.jpg\"><img decoding=\"async\" class=\"alignnone size-large wp-image-76666\" src=\"https:\/\/vosgesinfo.fr\/app\/uploads\/sites\/4\/2025\/04\/rappel-puces-des-couturieres-sddv-1024x768.jpg\" alt=\"\" width=\"1024\" height=\"768\" srcset=\"https:\/\/vosgesinfo.fr\/app\/uploads\/sites\/4\/2025\/04\/rappel-puces-des-couturieres-sddv-1024x768.jpg 1024w, https:\/\/vosgesinfo.fr\/app\/uploads\/sites\/4\/2025\/04\/rappel-puces-des-couturieres-sddv-300x225.jpg 300w, https:\/\/vosgesinfo.fr\/app\/uploads\/sites\/4\/2025\/04\/rappel-puces-des-couturieres-sddv-768x576.jpg 768w, https:\/\/vosgesinfo.fr\/app\/uploads\/sites\/4\/2025\/04\/rappel-puces-des-couturieres-sddv.jpg 1080w\" sizes=\"(max-width: 1024px) 100vw, 1024px\" \/><\/a><\/p>\n<h2><a href=\"https:\/\/vosgesinfo.fr\/saintdieinfo\/2025\/01\/saint-die-des-vosges-fait-ses-puces-des-couturieres\/\" target=\"_blank\" rel=\"noopener\">Nous vous l&rsquo;avions annonc\u00e9 en <strong>janvier dernier<\/strong><\/a>. En plus de son <a href=\"https:\/\/vosgesinfo.fr\/saintdieinfo\/2024\/11\/en-images-le-7e-salon-des-loisirs-creatifs-de-saint-die-des-vosges-est-ouvert\/\" target=\"_blank\" rel=\"noopener\"><strong>Salon des Loisirs Cr\u00e9atifs<\/strong><\/a>, le club <strong>Aux Bons Points<\/strong> lance un <strong>nouvel \u00e9v\u00e9nement ce printemps<\/strong> : les <strong>Puces des Couturi\u00e8res<\/strong>, qui vivront leur <strong>premi\u00e8re \u00e9dition le samedi 26 avril<\/strong>, de <strong>10 h \u00e0 18 h<\/strong>, \u00e0 la <strong>salle Carbonnar<\/strong>.<\/h2>\n<p><!--more--><\/p>\n<h3><strong>Donner une seconde \u00e0 du mat\u00e9riel de couture inutilis\u00e9<\/strong><\/h3>\n<p>D\u00e9di\u00e9e <strong>uniquement aux particuliers<\/strong>, ces <strong>Puces des Couturi\u00e8res d\u00e9odatiennes<\/strong> permettront de <strong>donner une seconde vie \u00e0 du mat\u00e9riel de couture inutilis\u00e9<\/strong>. Et ce en <strong>vidant les armoires<\/strong>. <strong>Laine<\/strong>, <strong>d\u00e9s \u00e0 coudre<\/strong>, <strong>tissus<\/strong>, <strong>perles<\/strong>, <strong>feutrines<\/strong>, <strong>revues<\/strong>, <strong>kits de loisirs cr\u00e9atifs<\/strong>, <strong>machine \u00e0 coudre<\/strong>&#8230; le tout sera propos\u00e9 \u00e0 <strong>des prix modiques<\/strong>.<\/p>\n<p>\u00ab Les <strong>27 exposants<\/strong> qui s&rsquo;installeront \u00e0 cette occasion <strong>ne proposeront que des articles de qualit\u00e9<\/strong> \u00bb, pr\u00e9cise ce vendredi matin <strong>Marie-Fran\u00e7oise Joliez<\/strong>, pr\u00e9sidente du club <strong>Aux Bons Points<\/strong>.<\/p>\n<h3><strong>Entr\u00e9e gratuite, buvette et petite restauraton<\/strong><\/h3>\n<p>L\u2019<strong>entr\u00e9e sera gratuite<\/strong>, avec une <strong>buvette<\/strong> et de la <strong>petite restauration<\/strong> sur place. \u00c0 noter, en guise de conclusion, que le <strong>Salon des Loisirs Cr\u00e9atifs<\/strong> sera pour sa part de retour \u00e0 l&rsquo;automne, du <strong>14 a<\/strong><strong>u 16 novembre<\/strong> \u00e0 l\u2019<strong>Espace Fran\u00e7ois-Mitterrand<\/strong>.<\/p>\n<p>J.J.<\/p>\n<p><a href=\"https:\/\/vosgesinfo.fr\/app\/uploads\/sites\/4\/2025\/01\/presentation-puces-couturieres-club-aux-bons-points-3-scaled.jpg\"><img decoding=\"async\" class=\"alignnone size-large wp-image-73090\" src=\"https:\/\/vosgesinfo.fr\/app\/uploads\/sites\/4\/2025\/01\/presentation-puces-couturieres-club-aux-bons-points-3-724x1024.jpg\" alt=\"\" width=\"724\" height=\"1024\" srcset=\"https:\/\/vosgesinfo.fr\/app\/uploads\/sites\/4\/2025\/01\/presentation-puces-couturieres-club-aux-bons-points-3-724x1024.jpg 724w, https:\/\/vosgesinfo.fr\/app\/uploads\/sites\/4\/2025\/01\/presentation-puces-couturieres-club-aux-bons-points-3-212x300.jpg 212w, https:\/\/vosgesinfo.fr\/app\/uploads\/sites\/4\/2025\/01\/presentation-puces-couturieres-club-aux-bons-points-3-768x1086.jpg 768w, https:\/\/vosgesinfo.fr\/app\/uploads\/sites\/4\/2025\/01\/presentation-puces-couturieres-club-aux-bons-points-3-1086x1536.jpg 1086w, https:\/\/vosgesinfo.fr\/app\/uploads\/sites\/4\/2025\/01\/presentation-puces-couturieres-club-aux-bons-points-3-1448x2048.jpg 1448w, https:\/\/vosgesinfo.fr\/app\/uploads\/sites\/4\/2025\/01\/presentation-puces-couturieres-club-aux-bons-points-3-scaled.jpg 1810w\" sizes=\"(max-width: 724px) 100vw, 724px\" \/><\/a><\/p>\n","protected":false},"excerpt":{"rendered":"<p>Nous vous l&rsquo;avions annonc\u00e9 en janvier dernier. En plus de son Salon des Loisirs Cr\u00e9atifs, le club Aux Bons Points [&hellip;]<\/p>\n","protected":false},"author":46,"featured_media":76666,"comment_status":"open","ping_status":"open","sticky":false,"template":"","format":"standard","meta":{"footnotes":""},"categories":[460,5392,5391,5389,20,4099,17,18],"tags":[4725,15897,15896,3571],"class_list":["post-76665","post","type-post","status-publish","format-standard","has-post-thumbnail","hentry","category-a-la-une","category-epinal","category-gerardmer","category-la-plaine-des-vosges","category-loisirs","category-remiremont","category-vie-associative","category-vosges","tag-club-aux-bons-points","tag-puces-des-coutieres-de-saint-die-des-vosges","tag-puces-des-couturieres","tag-salle-carbonnar"],"acf":[],"yoast_head":"<!-- This site is optimized with the Yoast SEO plugin v22.5 - https:\/\/yoast.com\/wordpress\/plugins\/seo\/ -->\n<title>Les premi\u00e8res Puces des Couturi\u00e8res de Saint-Di\u00e9-des-Vosges approchent \u00e0 grands pas - Saint Die Info<\/title>\n<meta name=\"robots\" content=\"index, follow, max-snippet:-1, max-image-preview:large, max-video-preview:-1\" \/>\n<link rel=\"canonical\" href=\"https:\/\/vosgesinfo.fr\/saintdieinfo\/2025\/04\/les-premieres-puces-des-couturieres-de-saint-die-des-vosges-approchent-a-grands-pas\/\" \/>\n<meta name=\"twitter:card\" content=\"summary_large_image\" \/>\n<meta name=\"twitter:title\" content=\"Les premi\u00e8res Puces des Couturi\u00e8res de Saint-Di\u00e9-des-Vosges approchent \u00e0 grands pas - Saint Die Info\" \/>\n<meta name=\"twitter:description\" content=\"Nous vous l&rsquo;avions annonc\u00e9 en janvier dernier. En plus de son Salon des Loisirs Cr\u00e9atifs, le club Aux Bons Points [&hellip;]\" \/>\n<meta name=\"twitter:image\" content=\"https:\/\/vosgesinfo.fr\/app\/uploads\/sites\/4\/2025\/04\/rappel-puces-des-couturieres-sddv.jpg\" \/>\n<meta name=\"twitter:creator\" content=\"@VosgesInfo88\" \/>\n<meta name=\"twitter:site\" content=\"@VosgesInfo88\" \/>\n<meta name=\"twitter:label1\" content=\"\u00c9crit par\" \/>\n\t<meta name=\"twitter:data1\" content=\"J.J.\" \/>\n\t<meta name=\"twitter:label2\" content=\"Dur\u00e9e de lecture estim\u00e9e\" \/>\n\t<meta name=\"twitter:data2\" content=\"1 minute\" \/>\n<script type=\"application\/ld+json\" class=\"yoast-schema-graph\">{\"@context\":\"https:\/\/schema.org\",\"@graph\":[{\"@type\":\"Article\",\"@id\":\"https:\/\/vosgesinfo.fr\/saintdieinfo\/2025\/04\/les-premieres-puces-des-couturieres-de-saint-die-des-vosges-approchent-a-grands-pas\/#article\",\"isPartOf\":{\"@id\":\"https:\/\/vosgesinfo.fr\/saintdieinfo\/2025\/04\/les-premieres-puces-des-couturieres-de-saint-die-des-vosges-approchent-a-grands-pas\/\"},\"author\":{\"name\":\"J.J.\",\"@id\":\"https:\/\/vosgesinfo.fr\/saintdieinfo\/#\/schema\/person\/fa73e9f726d67bb88f46d5b7943cb572\"},\"headline\":\"Les premi\u00e8res Puces des Couturi\u00e8res de Saint-Di\u00e9-des-Vosges approchent \u00e0 grands pas\",\"datePublished\":\"2025-04-11T11:25:48+00:00\",\"dateModified\":\"2025-04-11T11:11:22+00:00\",\"mainEntityOfPage\":{\"@id\":\"https:\/\/vosgesinfo.fr\/saintdieinfo\/2025\/04\/les-premieres-puces-des-couturieres-de-saint-die-des-vosges-approchent-a-grands-pas\/\"},\"wordCount\":205,\"commentCount\":0,\"publisher\":{\"@id\":\"https:\/\/vosgesinfo.fr\/saintdieinfo\/#organization\"},\"image\":{\"@id\":\"https:\/\/vosgesinfo.fr\/saintdieinfo\/2025\/04\/les-premieres-puces-des-couturieres-de-saint-die-des-vosges-approchent-a-grands-pas\/#primaryimage\"},\"thumbnailUrl\":\"https:\/\/vosgesinfo.fr\/app\/uploads\/sites\/4\/2025\/04\/rappel-puces-des-couturieres-sddv.jpg\",\"keywords\":[\"Club Aux bons points\",\"Puces des couti\u00e8res de Saint-Di\u00e9-des-Vosges\",\"Puces des couturi\u00e8res\",\"Salle Carbonnar\"],\"articleSection\":[\"A la Une\",\"Epinal\",\"Gerardmer\",\"La plaine des vosges\",\"Loisirs\",\"Remiremont\",\"Vie Associative\",\"Vosges\"],\"inLanguage\":\"fr-FR\",\"potentialAction\":[{\"@type\":\"CommentAction\",\"name\":\"Comment\",\"target\":[\"https:\/\/vosgesinfo.fr\/saintdieinfo\/2025\/04\/les-premieres-puces-des-couturieres-de-saint-die-des-vosges-approchent-a-grands-pas\/#respond\"]}]},{\"@type\":\"WebPage\",\"@id\":\"https:\/\/vosgesinfo.fr\/saintdieinfo\/2025\/04\/les-premieres-puces-des-couturieres-de-saint-die-des-vosges-approchent-a-grands-pas\/\",\"url\":\"https:\/\/vosgesinfo.fr\/saintdieinfo\/2025\/04\/les-premieres-puces-des-couturieres-de-saint-die-des-vosges-approchent-a-grands-pas\/\",\"name\":\"Les premi\u00e8res Puces des Couturi\u00e8res de Saint-Di\u00e9-des-Vosges approchent \u00e0 grands pas - Saint Die Info\",\"isPartOf\":{\"@id\":\"https:\/\/vosgesinfo.fr\/saintdieinfo\/#website\"},\"primaryImageOfPage\":{\"@id\":\"https:\/\/vosgesinfo.fr\/saintdieinfo\/2025\/04\/les-premieres-puces-des-couturieres-de-saint-die-des-vosges-approchent-a-grands-pas\/#primaryimage\"},\"image\":{\"@id\":\"https:\/\/vosgesinfo.fr\/saintdieinfo\/2025\/04\/les-premieres-puces-des-couturieres-de-saint-die-des-vosges-approchent-a-grands-pas\/#primaryimage\"},\"thumbnailUrl\":\"https:\/\/vosgesinfo.fr\/app\/uploads\/sites\/4\/2025\/04\/rappel-puces-des-couturieres-sddv.jpg\",\"datePublished\":\"2025-04-11T11:25:48+00:00\",\"dateModified\":\"2025-04-11T11:11:22+00:00\",\"breadcrumb\":{\"@id\":\"https:\/\/vosgesinfo.fr\/saintdieinfo\/2025\/04\/les-premieres-puces-des-couturieres-de-saint-die-des-vosges-approchent-a-grands-pas\/#breadcrumb\"},\"inLanguage\":\"fr-FR\",\"potentialAction\":[{\"@type\":\"ReadAction\",\"target\":[\"https:\/\/vosgesinfo.fr\/saintdieinfo\/2025\/04\/les-premieres-puces-des-couturieres-de-saint-die-des-vosges-approchent-a-grands-pas\/\"]}]},{\"@type\":\"ImageObject\",\"inLanguage\":\"fr-FR\",\"@id\":\"https:\/\/vosgesinfo.fr\/saintdieinfo\/2025\/04\/les-premieres-puces-des-couturieres-de-saint-die-des-vosges-approchent-a-grands-pas\/#primaryimage\",\"url\":\"https:\/\/vosgesinfo.fr\/app\/uploads\/sites\/4\/2025\/04\/rappel-puces-des-couturieres-sddv.jpg\",\"contentUrl\":\"https:\/\/vosgesinfo.fr\/app\/uploads\/sites\/4\/2025\/04\/rappel-puces-des-couturieres-sddv.jpg\",\"width\":1080,\"height\":810},{\"@type\":\"BreadcrumbList\",\"@id\":\"https:\/\/vosgesinfo.fr\/saintdieinfo\/2025\/04\/les-premieres-puces-des-couturieres-de-saint-die-des-vosges-approchent-a-grands-pas\/#breadcrumb\",\"itemListElement\":[{\"@type\":\"ListItem\",\"position\":1,\"name\":\"Home\",\"item\":\"https:\/\/vosgesinfo.fr\/saintdieinfo\/\"},{\"@type\":\"ListItem\",\"position\":2,\"name\":\"Les premi\u00e8res Puces des Couturi\u00e8res de Saint-Di\u00e9-des-Vosges approchent \u00e0 grands pas\"}]},{\"@type\":\"WebSite\",\"@id\":\"https:\/\/vosgesinfo.fr\/saintdieinfo\/#website\",\"url\":\"https:\/\/vosgesinfo.fr\/saintdieinfo\/\",\"name\":\"Saint Die Info\",\"description\":\"Toute l&#039;actualit\u00e9 de Saint-Di\u00e9-Des-Vosges\",\"publisher\":{\"@id\":\"https:\/\/vosgesinfo.fr\/saintdieinfo\/#organization\"},\"alternateName\":\"Toute l'actualit\u00e9 de Saint-Di\u00e9-Des-Vosges\",\"potentialAction\":[{\"@type\":\"SearchAction\",\"target\":{\"@type\":\"EntryPoint\",\"urlTemplate\":\"https:\/\/vosgesinfo.fr\/saintdieinfo\/?s={search_term_string}\"},\"query-input\":\"required name=search_term_string\"}],\"inLanguage\":\"fr-FR\"},{\"@type\":\"Organization\",\"@id\":\"https:\/\/vosgesinfo.fr\/saintdieinfo\/#organization\",\"name\":\"Saint Die Info\",\"url\":\"https:\/\/vosgesinfo.fr\/saintdieinfo\/\",\"logo\":{\"@type\":\"ImageObject\",\"inLanguage\":\"fr-FR\",\"@id\":\"https:\/\/vosgesinfo.fr\/saintdieinfo\/#\/schema\/logo\/image\/\",\"url\":\"https:\/\/vosgesinfo.fr\/app\/uploads\/sites\/4\/2024\/02\/logo-sdi.jpg\",\"contentUrl\":\"https:\/\/vosgesinfo.fr\/app\/uploads\/sites\/4\/2024\/02\/logo-sdi.jpg\",\"width\":600,\"height\":600,\"caption\":\"Saint Die Info\"},\"image\":{\"@id\":\"https:\/\/vosgesinfo.fr\/saintdieinfo\/#\/schema\/logo\/image\/\"},\"sameAs\":[\"https:\/\/www.facebook.com\/Saintdieinfofr\",\"https:\/\/x.com\/VosgesInfo88\",\"https:\/\/www.youtube.com\/@vosgesinfo\"]},{\"@type\":\"Person\",\"@id\":\"https:\/\/vosgesinfo.fr\/saintdieinfo\/#\/schema\/person\/fa73e9f726d67bb88f46d5b7943cb572\",\"name\":\"J.J.\",\"image\":{\"@type\":\"ImageObject\",\"inLanguage\":\"fr-FR\",\"@id\":\"https:\/\/vosgesinfo.fr\/saintdieinfo\/#\/schema\/person\/image\/\",\"url\":\"https:\/\/secure.gravatar.com\/avatar\/219e749e47ffbcca018a360ae4add7d4cdf1cdaaf8bc7676b27efade3fe65615?s=96&d=mm&r=g\",\"contentUrl\":\"https:\/\/secure.gravatar.com\/avatar\/219e749e47ffbcca018a360ae4add7d4cdf1cdaaf8bc7676b27efade3fe65615?s=96&d=mm&r=g\",\"caption\":\"J.J.\"},\"url\":\"https:\/\/vosgesinfo.fr\/saintdieinfo\/author\/j-j\/\"}]}<\/script>\n<!-- \/ Yoast SEO plugin. -->","yoast_head_json":{"title":"Les premi\u00e8res Puces des Couturi\u00e8res de Saint-Di\u00e9-des-Vosges approchent \u00e0 grands pas - Saint Die Info","robots":{"index":"index","follow":"follow","max-snippet":"max-snippet:-1","max-image-preview":"max-image-preview:large","max-video-preview":"max-video-preview:-1"},"canonical":"https:\/\/vosgesinfo.fr\/saintdieinfo\/2025\/04\/les-premieres-puces-des-couturieres-de-saint-die-des-vosges-approchent-a-grands-pas\/","twitter_card":"summary_large_image","twitter_title":"Les premi\u00e8res Puces des Couturi\u00e8res de Saint-Di\u00e9-des-Vosges approchent \u00e0 grands pas - Saint Die Info","twitter_description":"Nous vous l&rsquo;avions annonc\u00e9 en janvier dernier. En plus de son Salon des Loisirs Cr\u00e9atifs, le club Aux Bons Points [&hellip;]","twitter_image":"https:\/\/vosgesinfo.fr\/app\/uploads\/sites\/4\/2025\/04\/rappel-puces-des-couturieres-sddv.jpg","twitter_creator":"@VosgesInfo88","twitter_site":"@VosgesInfo88","twitter_misc":{"\u00c9crit par":"J.J.","Dur\u00e9e de lecture estim\u00e9e":"1 minute"},"schema":{"@context":"https:\/\/schema.org","@graph":[{"@type":"Article","@id":"https:\/\/vosgesinfo.fr\/saintdieinfo\/2025\/04\/les-premieres-puces-des-couturieres-de-saint-die-des-vosges-approchent-a-grands-pas\/#article","isPartOf":{"@id":"https:\/\/vosgesinfo.fr\/saintdieinfo\/2025\/04\/les-premieres-puces-des-couturieres-de-saint-die-des-vosges-approchent-a-grands-pas\/"},"author":{"name":"J.J.","@id":"https:\/\/vosgesinfo.fr\/saintdieinfo\/#\/schema\/person\/fa73e9f726d67bb88f46d5b7943cb572"},"headline":"Les premi\u00e8res Puces des Couturi\u00e8res de Saint-Di\u00e9-des-Vosges approchent \u00e0 grands pas","datePublished":"2025-04-11T11:25:48+00:00","dateModified":"2025-04-11T11:11:22+00:00","mainEntityOfPage":{"@id":"https:\/\/vosgesinfo.fr\/saintdieinfo\/2025\/04\/les-premieres-puces-des-couturieres-de-saint-die-des-vosges-approchent-a-grands-pas\/"},"wordCount":205,"commentCount":0,"publisher":{"@id":"https:\/\/vosgesinfo.fr\/saintdieinfo\/#organization"},"image":{"@id":"https:\/\/vosgesinfo.fr\/saintdieinfo\/2025\/04\/les-premieres-puces-des-couturieres-de-saint-die-des-vosges-approchent-a-grands-pas\/#primaryimage"},"thumbnailUrl":"https:\/\/vosgesinfo.fr\/app\/uploads\/sites\/4\/2025\/04\/rappel-puces-des-couturieres-sddv.jpg","keywords":["Club Aux bons points","Puces des couti\u00e8res de Saint-Di\u00e9-des-Vosges","Puces des couturi\u00e8res","Salle Carbonnar"],"articleSection":["A la Une","Epinal","Gerardmer","La plaine des vosges","Loisirs","Remiremont","Vie Associative","Vosges"],"inLanguage":"fr-FR","potentialAction":[{"@type":"CommentAction","name":"Comment","target":["https:\/\/vosgesinfo.fr\/saintdieinfo\/2025\/04\/les-premieres-puces-des-couturieres-de-saint-die-des-vosges-approchent-a-grands-pas\/#respond"]}]},{"@type":"WebPage","@id":"https:\/\/vosgesinfo.fr\/saintdieinfo\/2025\/04\/les-premieres-puces-des-couturieres-de-saint-die-des-vosges-approchent-a-grands-pas\/","url":"https:\/\/vosgesinfo.fr\/saintdieinfo\/2025\/04\/les-premieres-puces-des-couturieres-de-saint-die-des-vosges-approchent-a-grands-pas\/","name":"Les premi\u00e8res Puces des Couturi\u00e8res de Saint-Di\u00e9-des-Vosges approchent \u00e0 grands pas - Saint Die Info","isPartOf":{"@id":"https:\/\/vosgesinfo.fr\/saintdieinfo\/#website"},"primaryImageOfPage":{"@id":"https:\/\/vosgesinfo.fr\/saintdieinfo\/2025\/04\/les-premieres-puces-des-couturieres-de-saint-die-des-vosges-approchent-a-grands-pas\/#primaryimage"},"image":{"@id":"https:\/\/vosgesinfo.fr\/saintdieinfo\/2025\/04\/les-premieres-puces-des-couturieres-de-saint-die-des-vosges-approchent-a-grands-pas\/#primaryimage"},"thumbnailUrl":"https:\/\/vosgesinfo.fr\/app\/uploads\/sites\/4\/2025\/04\/rappel-puces-des-couturieres-sddv.jpg","datePublished":"2025-04-11T11:25:48+00:00","dateModified":"2025-04-11T11:11:22+00:00","breadcrumb":{"@id":"https:\/\/vosgesinfo.fr\/saintdieinfo\/2025\/04\/les-premieres-puces-des-couturieres-de-saint-die-des-vosges-approchent-a-grands-pas\/#breadcrumb"},"inLanguage":"fr-FR","potentialAction":[{"@type":"ReadAction","target":["https:\/\/vosgesinfo.fr\/saintdieinfo\/2025\/04\/les-premieres-puces-des-couturieres-de-saint-die-des-vosges-approchent-a-grands-pas\/"]}]},{"@type":"ImageObject","inLanguage":"fr-FR","@id":"https:\/\/vosgesinfo.fr\/saintdieinfo\/2025\/04\/les-premieres-puces-des-couturieres-de-saint-die-des-vosges-approchent-a-grands-pas\/#primaryimage","url":"https:\/\/vosgesinfo.fr\/app\/uploads\/sites\/4\/2025\/04\/rappel-puces-des-couturieres-sddv.jpg","contentUrl":"https:\/\/vosgesinfo.fr\/app\/uploads\/sites\/4\/2025\/04\/rappel-puces-des-couturieres-sddv.jpg","width":1080,"height":810},{"@type":"BreadcrumbList","@id":"https:\/\/vosgesinfo.fr\/saintdieinfo\/2025\/04\/les-premieres-puces-des-couturieres-de-saint-die-des-vosges-approchent-a-grands-pas\/#breadcrumb","itemListElement":[{"@type":"ListItem","position":1,"name":"Home","item":"https:\/\/vosgesinfo.fr\/saintdieinfo\/"},{"@type":"ListItem","position":2,"name":"Les premi\u00e8res Puces des Couturi\u00e8res de Saint-Di\u00e9-des-Vosges approchent \u00e0 grands pas"}]},{"@type":"WebSite","@id":"https:\/\/vosgesinfo.fr\/saintdieinfo\/#website","url":"https:\/\/vosgesinfo.fr\/saintdieinfo\/","name":"Saint Die Info","description":"Toute l&#039;actualit\u00e9 de Saint-Di\u00e9-Des-Vosges","publisher":{"@id":"https:\/\/vosgesinfo.fr\/saintdieinfo\/#organization"},"alternateName":"Toute l'actualit\u00e9 de Saint-Di\u00e9-Des-Vosges","potentialAction":[{"@type":"SearchAction","target":{"@type":"EntryPoint","urlTemplate":"https:\/\/vosgesinfo.fr\/saintdieinfo\/?s={search_term_string}"},"query-input":"required name=search_term_string"}],"inLanguage":"fr-FR"},{"@type":"Organization","@id":"https:\/\/vosgesinfo.fr\/saintdieinfo\/#organization","name":"Saint Die Info","url":"https:\/\/vosgesinfo.fr\/saintdieinfo\/","logo":{"@type":"ImageObject","inLanguage":"fr-FR","@id":"https:\/\/vosgesinfo.fr\/saintdieinfo\/#\/schema\/logo\/image\/","url":"https:\/\/vosgesinfo.fr\/app\/uploads\/sites\/4\/2024\/02\/logo-sdi.jpg","contentUrl":"https:\/\/vosgesinfo.fr\/app\/uploads\/sites\/4\/2024\/02\/logo-sdi.jpg","width":600,"height":600,"caption":"Saint Die Info"},"image":{"@id":"https:\/\/vosgesinfo.fr\/saintdieinfo\/#\/schema\/logo\/image\/"},"sameAs":["https:\/\/www.facebook.com\/Saintdieinfofr","https:\/\/x.com\/VosgesInfo88","https:\/\/www.youtube.com\/@vosgesinfo"]},{"@type":"Person","@id":"https:\/\/vosgesinfo.fr\/saintdieinfo\/#\/schema\/person\/fa73e9f726d67bb88f46d5b7943cb572","name":"J.J.","image":{"@type":"ImageObject","inLanguage":"fr-FR","@id":"https:\/\/vosgesinfo.fr\/saintdieinfo\/#\/schema\/person\/image\/","url":"https:\/\/secure.gravatar.com\/avatar\/219e749e47ffbcca018a360ae4add7d4cdf1cdaaf8bc7676b27efade3fe65615?s=96&d=mm&r=g","contentUrl":"https:\/\/secure.gravatar.com\/avatar\/219e749e47ffbcca018a360ae4add7d4cdf1cdaaf8bc7676b27efade3fe65615?s=96&d=mm&r=g","caption":"J.J."},"url":"https:\/\/vosgesinfo.fr\/saintdieinfo\/author\/j-j\/"}]}},"_links":{"self":[{"href":"https:\/\/vosgesinfo.fr\/saintdieinfo\/wp-json\/wp\/v2\/posts\/76665","targetHints":{"allow":["GET"]}}],"collection":[{"href":"https:\/\/vosgesinfo.fr\/saintdieinfo\/wp-json\/wp\/v2\/posts"}],"about":[{"href":"https:\/\/vosgesinfo.fr\/saintdieinfo\/wp-json\/wp\/v2\/types\/post"}],"author":[{"embeddable":true,"href":"https:\/\/vosgesinfo.fr\/saintdieinfo\/wp-json\/wp\/v2\/users\/46"}],"replies":[{"embeddable":true,"href":"https:\/\/vosgesinfo.fr\/saintdieinfo\/wp-json\/wp\/v2\/comments?post=76665"}],"version-history":[{"count":1,"href":"https:\/\/vosgesinfo.fr\/saintdieinfo\/wp-json\/wp\/v2\/posts\/76665\/revisions"}],"predecessor-version":[{"id":76667,"href":"https:\/\/vosgesinfo.fr\/saintdieinfo\/wp-json\/wp\/v2\/posts\/76665\/revisions\/76667"}],"wp:featuredmedia":[{"embeddable":true,"href":"https:\/\/vosgesinfo.fr\/saintdieinfo\/wp-json\/wp\/v2\/media\/76666"}],"wp:attachment":[{"href":"https:\/\/vosgesinfo.fr\/saintdieinfo\/wp-json\/wp\/v2\/media?parent=76665"}],"wp:term":[{"taxonomy":"category","embeddable":true,"href":"https:\/\/vosgesinfo.fr\/saintdieinfo\/wp-json\/wp\/v2\/categories?post=76665"},{"taxonomy":"post_tag","embeddable":true,"href":"https:\/\/vosgesinfo.fr\/saintdieinfo\/wp-json\/wp\/v2\/tags?post=76665"}],"curies":[{"name":"wp","href":"https:\/\/api.w.org\/{rel}","templated":true}]}}