{"id":76680,"date":"2025-04-11T16:35:55","date_gmt":"2025-04-11T14:35:55","guid":{"rendered":"https:\/\/vosgesinfo.fr\/saintdieinfo\/?p=76680"},"modified":"2025-04-11T16:22:18","modified_gmt":"2025-04-11T14:22:18","slug":"volley-ball-la-montee-en-ligue-pro-en-ligne-de-mire-pour-les-louves","status":"publish","type":"post","link":"https:\/\/vosgesinfo.fr\/saintdieinfo\/2025\/04\/volley-ball-la-montee-en-ligue-pro-en-ligne-de-mire-pour-les-louves\/","title":{"rendered":"Volley-ball\u00a0: la mont\u00e9e en Ligue Pro en ligne de mire pour les Louves"},"content":{"rendered":"<p><a href=\"https:\/\/vosgesinfo.fr\/app\/uploads\/sites\/4\/2025\/04\/match-decisif-louves-ligue-af.jpg\"><img decoding=\"async\" class=\"alignnone size-large wp-image-76681\" src=\"https:\/\/vosgesinfo.fr\/app\/uploads\/sites\/4\/2025\/04\/match-decisif-louves-ligue-af-1024x1024.jpg\" alt=\"\" width=\"1024\" height=\"1024\" srcset=\"https:\/\/vosgesinfo.fr\/app\/uploads\/sites\/4\/2025\/04\/match-decisif-louves-ligue-af-1024x1024.jpg 1024w, https:\/\/vosgesinfo.fr\/app\/uploads\/sites\/4\/2025\/04\/match-decisif-louves-ligue-af-300x300.jpg 300w, https:\/\/vosgesinfo.fr\/app\/uploads\/sites\/4\/2025\/04\/match-decisif-louves-ligue-af-150x150.jpg 150w, https:\/\/vosgesinfo.fr\/app\/uploads\/sites\/4\/2025\/04\/match-decisif-louves-ligue-af-768x768.jpg 768w, https:\/\/vosgesinfo.fr\/app\/uploads\/sites\/4\/2025\/04\/match-decisif-louves-ligue-af-1536x1536.jpg 1536w, https:\/\/vosgesinfo.fr\/app\/uploads\/sites\/4\/2025\/04\/match-decisif-louves-ligue-af.jpg 2048w\" sizes=\"(max-width: 1024px) 100vw, 1024px\" \/><\/a><\/p>\n<h2>C&rsquo;est un <strong>match crucial<\/strong> qui va se jouer ce week-end sur les parquets du <strong>Palais Omnisports Joseph-Claudel<\/strong>. <strong>Samedi soir<\/strong>, les <strong>Louves<\/strong> recevront <strong>Sens<\/strong> dans le cadre de la phase de <strong>play-offs<\/strong> du championnat&#8230; avec \u00e0 la cl\u00e9, une <strong>mont\u00e9e en Ligue Saforelle Power 6<\/strong>.<\/h2>\n<p><!--more--><\/p>\n<p>Car en cas de victoire, les <strong>D\u00e9odatiennes<\/strong>, <strong>invincibles depuis le d\u00e9but de la saison<\/strong>, seraient assur\u00e9es de <strong>terminer premi\u00e8res des play-offs<\/strong>. Les <strong>Louves<\/strong> valideraient de fait leur <strong>ticket pour la ligue professionnelle<\/strong>, l&rsquo;\u00e9quivalent de la <strong>Ligue 1 du volley fran\u00e7ais<\/strong>. Une <strong>premi\u00e8re dans l&rsquo;histoire du Saint-Di\u00e9 Volley-Ball<\/strong>&#8230; mais aussi \u00e0 l&rsquo;\u00e9chelle de la <strong>ville<\/strong>, qui <strong>n&rsquo;a jamais eu de club sportif professionnel<\/strong>.<\/p>\n<p>C&rsquo;est donc un <strong>moment potentiellement historique<\/strong> du <strong>sport d\u00e9odatien<\/strong> qui va se jouer demain. Et pour encourager les Louves dans ce match d\u00e9cisif, le <strong>Saint-Di\u00e9 Volley-Ball<\/strong> compte sur le <strong>public d\u00e9odatien<\/strong>, avec comme objectif de <strong>jouer \u00e0 guichet ferm\u00e9<\/strong>.<\/p>\n<p>\u00ab\u202f<strong>On compte sur une ambiance de feu<\/strong> au Palais Omnisports Joseph-Claudel. <strong>C&rsquo;est le match le plus important de notre saison.<\/strong> Et \u00e7a, c&rsquo;est ensemble qu&rsquo;on va le vivre. Tous ensemble pour la mont\u00e9e\u202f! <strong>Ensemble, d\u00e9pla\u00e7ons les montagnes\u202f!<\/strong>\u202f\u00bb.<\/p>\n<p>Le <strong>coup d&rsquo;envoi<\/strong> de la rencontre sera donn\u00e9 \u00e0 <strong>19h<\/strong>. <strong>Des places sont encore disponibles<\/strong>, <a href=\"https:\/\/billetterie.seetickets.fr\/index-css5-saintdievolley-pg1.html\" target=\"_blank\" rel=\"noopener\"><strong>r\u00e9servables via la billetterie en ligne<\/strong>.<\/a><\/p>\n<p>J.J.<\/p>\n","protected":false},"excerpt":{"rendered":"<p>C&rsquo;est un match crucial qui va se jouer ce week-end sur les parquets du Palais Omnisports Joseph-Claudel. Samedi soir, les [&hellip;]<\/p>\n","protected":false},"author":46,"featured_media":76681,"comment_status":"open","ping_status":"open","sticky":false,"template":"","format":"standard","meta":{"footnotes":""},"categories":[460,167,2915,14],"tags":[3247,16841,5476,14782,15580,4236],"class_list":["post-76680","post","type-post","status-publish","format-standard","has-post-thumbnail","hentry","category-a-la-une","category-saint-die-des-vosges","category-saint-die-son-canton","category-sport","tag-les-louves","tag-ligue-saforelle-power-6","tag-saint-die-volley-ball","tag-saison-2024-2025-des-louves","tag-sens-volley-89","tag-volley-ball"],"acf":[],"yoast_head":"<!-- This site is optimized with the Yoast SEO plugin v22.5 - https:\/\/yoast.com\/wordpress\/plugins\/seo\/ -->\n<title>Volley-ball\u00a0: la mont\u00e9e en Ligue Pro en ligne de mire pour les Louves - Saint Die Info<\/title>\n<meta name=\"robots\" content=\"index, follow, max-snippet:-1, max-image-preview:large, max-video-preview:-1\" \/>\n<link rel=\"canonical\" href=\"https:\/\/vosgesinfo.fr\/saintdieinfo\/2025\/04\/volley-ball-la-montee-en-ligue-pro-en-ligne-de-mire-pour-les-louves\/\" \/>\n<meta name=\"twitter:card\" content=\"summary_large_image\" \/>\n<meta name=\"twitter:title\" content=\"Volley-ball\u00a0: la mont\u00e9e en Ligue Pro en ligne de mire pour les Louves - Saint Die Info\" \/>\n<meta name=\"twitter:description\" content=\"C&rsquo;est un match crucial qui va se jouer ce week-end sur les parquets du Palais Omnisports Joseph-Claudel. Samedi soir, les [&hellip;]\" \/>\n<meta name=\"twitter:image\" content=\"https:\/\/vosgesinfo.fr\/app\/uploads\/sites\/4\/2025\/04\/match-decisif-louves-ligue-af.jpg\" \/>\n<meta name=\"twitter:creator\" content=\"@VosgesInfo88\" \/>\n<meta name=\"twitter:site\" content=\"@VosgesInfo88\" \/>\n<meta name=\"twitter:label1\" content=\"\u00c9crit par\" \/>\n\t<meta name=\"twitter:data1\" content=\"J.J.\" \/>\n\t<meta name=\"twitter:label2\" content=\"Dur\u00e9e de lecture estim\u00e9e\" \/>\n\t<meta name=\"twitter:data2\" content=\"1 minute\" \/>\n<script type=\"application\/ld+json\" class=\"yoast-schema-graph\">{\"@context\":\"https:\/\/schema.org\",\"@graph\":[{\"@type\":\"Article\",\"@id\":\"https:\/\/vosgesinfo.fr\/saintdieinfo\/2025\/04\/volley-ball-la-montee-en-ligue-pro-en-ligne-de-mire-pour-les-louves\/#article\",\"isPartOf\":{\"@id\":\"https:\/\/vosgesinfo.fr\/saintdieinfo\/2025\/04\/volley-ball-la-montee-en-ligue-pro-en-ligne-de-mire-pour-les-louves\/\"},\"author\":{\"name\":\"J.J.\",\"@id\":\"https:\/\/vosgesinfo.fr\/saintdieinfo\/#\/schema\/person\/fa73e9f726d67bb88f46d5b7943cb572\"},\"headline\":\"Volley-ball\u00a0: la mont\u00e9e en Ligue Pro en ligne de mire pour les Louves\",\"datePublished\":\"2025-04-11T14:35:55+00:00\",\"dateModified\":\"2025-04-11T14:22:18+00:00\",\"mainEntityOfPage\":{\"@id\":\"https:\/\/vosgesinfo.fr\/saintdieinfo\/2025\/04\/volley-ball-la-montee-en-ligue-pro-en-ligne-de-mire-pour-les-louves\/\"},\"wordCount\":237,\"commentCount\":0,\"publisher\":{\"@id\":\"https:\/\/vosgesinfo.fr\/saintdieinfo\/#organization\"},\"image\":{\"@id\":\"https:\/\/vosgesinfo.fr\/saintdieinfo\/2025\/04\/volley-ball-la-montee-en-ligue-pro-en-ligne-de-mire-pour-les-louves\/#primaryimage\"},\"thumbnailUrl\":\"https:\/\/vosgesinfo.fr\/app\/uploads\/sites\/4\/2025\/04\/match-decisif-louves-ligue-af.jpg\",\"keywords\":[\"Les Louves\",\"Ligue Saforelle Power 6\",\"Saint-Di\u00e9 Volley-Ball\",\"Saison 2024-2025 des Louves\",\"Sens Volley 89\",\"Volley-ball\"],\"articleSection\":[\"A la Une\",\"Saint-Di\u00e9-des-Vosges\",\"Saint-Di\u00e9-des-Vosges et son Agglom\u00e9ration\",\"Sport\"],\"inLanguage\":\"fr-FR\",\"potentialAction\":[{\"@type\":\"CommentAction\",\"name\":\"Comment\",\"target\":[\"https:\/\/vosgesinfo.fr\/saintdieinfo\/2025\/04\/volley-ball-la-montee-en-ligue-pro-en-ligne-de-mire-pour-les-louves\/#respond\"]}]},{\"@type\":\"WebPage\",\"@id\":\"https:\/\/vosgesinfo.fr\/saintdieinfo\/2025\/04\/volley-ball-la-montee-en-ligue-pro-en-ligne-de-mire-pour-les-louves\/\",\"url\":\"https:\/\/vosgesinfo.fr\/saintdieinfo\/2025\/04\/volley-ball-la-montee-en-ligue-pro-en-ligne-de-mire-pour-les-louves\/\",\"name\":\"Volley-ball\u00a0: la mont\u00e9e en Ligue Pro en ligne de mire pour les Louves - Saint Die Info\",\"isPartOf\":{\"@id\":\"https:\/\/vosgesinfo.fr\/saintdieinfo\/#website\"},\"primaryImageOfPage\":{\"@id\":\"https:\/\/vosgesinfo.fr\/saintdieinfo\/2025\/04\/volley-ball-la-montee-en-ligue-pro-en-ligne-de-mire-pour-les-louves\/#primaryimage\"},\"image\":{\"@id\":\"https:\/\/vosgesinfo.fr\/saintdieinfo\/2025\/04\/volley-ball-la-montee-en-ligue-pro-en-ligne-de-mire-pour-les-louves\/#primaryimage\"},\"thumbnailUrl\":\"https:\/\/vosgesinfo.fr\/app\/uploads\/sites\/4\/2025\/04\/match-decisif-louves-ligue-af.jpg\",\"datePublished\":\"2025-04-11T14:35:55+00:00\",\"dateModified\":\"2025-04-11T14:22:18+00:00\",\"breadcrumb\":{\"@id\":\"https:\/\/vosgesinfo.fr\/saintdieinfo\/2025\/04\/volley-ball-la-montee-en-ligue-pro-en-ligne-de-mire-pour-les-louves\/#breadcrumb\"},\"inLanguage\":\"fr-FR\",\"potentialAction\":[{\"@type\":\"ReadAction\",\"target\":[\"https:\/\/vosgesinfo.fr\/saintdieinfo\/2025\/04\/volley-ball-la-montee-en-ligue-pro-en-ligne-de-mire-pour-les-louves\/\"]}]},{\"@type\":\"ImageObject\",\"inLanguage\":\"fr-FR\",\"@id\":\"https:\/\/vosgesinfo.fr\/saintdieinfo\/2025\/04\/volley-ball-la-montee-en-ligue-pro-en-ligne-de-mire-pour-les-louves\/#primaryimage\",\"url\":\"https:\/\/vosgesinfo.fr\/app\/uploads\/sites\/4\/2025\/04\/match-decisif-louves-ligue-af.jpg\",\"contentUrl\":\"https:\/\/vosgesinfo.fr\/app\/uploads\/sites\/4\/2025\/04\/match-decisif-louves-ligue-af.jpg\",\"width\":2048,\"height\":2048},{\"@type\":\"BreadcrumbList\",\"@id\":\"https:\/\/vosgesinfo.fr\/saintdieinfo\/2025\/04\/volley-ball-la-montee-en-ligue-pro-en-ligne-de-mire-pour-les-louves\/#breadcrumb\",\"itemListElement\":[{\"@type\":\"ListItem\",\"position\":1,\"name\":\"Home\",\"item\":\"https:\/\/vosgesinfo.fr\/saintdieinfo\/\"},{\"@type\":\"ListItem\",\"position\":2,\"name\":\"Volley-ball\u00a0: la mont\u00e9e en Ligue Pro en ligne de mire pour les Louves\"}]},{\"@type\":\"WebSite\",\"@id\":\"https:\/\/vosgesinfo.fr\/saintdieinfo\/#website\",\"url\":\"https:\/\/vosgesinfo.fr\/saintdieinfo\/\",\"name\":\"Saint Die Info\",\"description\":\"Toute l&#039;actualit\u00e9 de Saint-Di\u00e9-Des-Vosges\",\"publisher\":{\"@id\":\"https:\/\/vosgesinfo.fr\/saintdieinfo\/#organization\"},\"alternateName\":\"Toute l'actualit\u00e9 de Saint-Di\u00e9-Des-Vosges\",\"potentialAction\":[{\"@type\":\"SearchAction\",\"target\":{\"@type\":\"EntryPoint\",\"urlTemplate\":\"https:\/\/vosgesinfo.fr\/saintdieinfo\/?s={search_term_string}\"},\"query-input\":\"required name=search_term_string\"}],\"inLanguage\":\"fr-FR\"},{\"@type\":\"Organization\",\"@id\":\"https:\/\/vosgesinfo.fr\/saintdieinfo\/#organization\",\"name\":\"Saint Die Info\",\"url\":\"https:\/\/vosgesinfo.fr\/saintdieinfo\/\",\"logo\":{\"@type\":\"ImageObject\",\"inLanguage\":\"fr-FR\",\"@id\":\"https:\/\/vosgesinfo.fr\/saintdieinfo\/#\/schema\/logo\/image\/\",\"url\":\"https:\/\/vosgesinfo.fr\/app\/uploads\/sites\/4\/2024\/02\/logo-sdi.jpg\",\"contentUrl\":\"https:\/\/vosgesinfo.fr\/app\/uploads\/sites\/4\/2024\/02\/logo-sdi.jpg\",\"width\":600,\"height\":600,\"caption\":\"Saint Die Info\"},\"image\":{\"@id\":\"https:\/\/vosgesinfo.fr\/saintdieinfo\/#\/schema\/logo\/image\/\"},\"sameAs\":[\"https:\/\/www.facebook.com\/Saintdieinfofr\",\"https:\/\/x.com\/VosgesInfo88\",\"https:\/\/www.youtube.com\/@vosgesinfo\"]},{\"@type\":\"Person\",\"@id\":\"https:\/\/vosgesinfo.fr\/saintdieinfo\/#\/schema\/person\/fa73e9f726d67bb88f46d5b7943cb572\",\"name\":\"J.J.\",\"image\":{\"@type\":\"ImageObject\",\"inLanguage\":\"fr-FR\",\"@id\":\"https:\/\/vosgesinfo.fr\/saintdieinfo\/#\/schema\/person\/image\/\",\"url\":\"https:\/\/secure.gravatar.com\/avatar\/219e749e47ffbcca018a360ae4add7d4cdf1cdaaf8bc7676b27efade3fe65615?s=96&d=mm&r=g\",\"contentUrl\":\"https:\/\/secure.gravatar.com\/avatar\/219e749e47ffbcca018a360ae4add7d4cdf1cdaaf8bc7676b27efade3fe65615?s=96&d=mm&r=g\",\"caption\":\"J.J.\"},\"url\":\"https:\/\/vosgesinfo.fr\/saintdieinfo\/author\/j-j\/\"}]}<\/script>\n<!-- \/ Yoast SEO plugin. -->","yoast_head_json":{"title":"Volley-ball\u00a0: la mont\u00e9e en Ligue Pro en ligne de mire pour les Louves - Saint Die Info","robots":{"index":"index","follow":"follow","max-snippet":"max-snippet:-1","max-image-preview":"max-image-preview:large","max-video-preview":"max-video-preview:-1"},"canonical":"https:\/\/vosgesinfo.fr\/saintdieinfo\/2025\/04\/volley-ball-la-montee-en-ligue-pro-en-ligne-de-mire-pour-les-louves\/","twitter_card":"summary_large_image","twitter_title":"Volley-ball\u00a0: la mont\u00e9e en Ligue Pro en ligne de mire pour les Louves - Saint Die Info","twitter_description":"C&rsquo;est un match crucial qui va se jouer ce week-end sur les parquets du Palais Omnisports Joseph-Claudel. Samedi soir, les [&hellip;]","twitter_image":"https:\/\/vosgesinfo.fr\/app\/uploads\/sites\/4\/2025\/04\/match-decisif-louves-ligue-af.jpg","twitter_creator":"@VosgesInfo88","twitter_site":"@VosgesInfo88","twitter_misc":{"\u00c9crit par":"J.J.","Dur\u00e9e de lecture estim\u00e9e":"1 minute"},"schema":{"@context":"https:\/\/schema.org","@graph":[{"@type":"Article","@id":"https:\/\/vosgesinfo.fr\/saintdieinfo\/2025\/04\/volley-ball-la-montee-en-ligue-pro-en-ligne-de-mire-pour-les-louves\/#article","isPartOf":{"@id":"https:\/\/vosgesinfo.fr\/saintdieinfo\/2025\/04\/volley-ball-la-montee-en-ligue-pro-en-ligne-de-mire-pour-les-louves\/"},"author":{"name":"J.J.","@id":"https:\/\/vosgesinfo.fr\/saintdieinfo\/#\/schema\/person\/fa73e9f726d67bb88f46d5b7943cb572"},"headline":"Volley-ball\u00a0: la mont\u00e9e en Ligue Pro en ligne de mire pour les Louves","datePublished":"2025-04-11T14:35:55+00:00","dateModified":"2025-04-11T14:22:18+00:00","mainEntityOfPage":{"@id":"https:\/\/vosgesinfo.fr\/saintdieinfo\/2025\/04\/volley-ball-la-montee-en-ligue-pro-en-ligne-de-mire-pour-les-louves\/"},"wordCount":237,"commentCount":0,"publisher":{"@id":"https:\/\/vosgesinfo.fr\/saintdieinfo\/#organization"},"image":{"@id":"https:\/\/vosgesinfo.fr\/saintdieinfo\/2025\/04\/volley-ball-la-montee-en-ligue-pro-en-ligne-de-mire-pour-les-louves\/#primaryimage"},"thumbnailUrl":"https:\/\/vosgesinfo.fr\/app\/uploads\/sites\/4\/2025\/04\/match-decisif-louves-ligue-af.jpg","keywords":["Les Louves","Ligue Saforelle Power 6","Saint-Di\u00e9 Volley-Ball","Saison 2024-2025 des Louves","Sens Volley 89","Volley-ball"],"articleSection":["A la Une","Saint-Di\u00e9-des-Vosges","Saint-Di\u00e9-des-Vosges et son Agglom\u00e9ration","Sport"],"inLanguage":"fr-FR","potentialAction":[{"@type":"CommentAction","name":"Comment","target":["https:\/\/vosgesinfo.fr\/saintdieinfo\/2025\/04\/volley-ball-la-montee-en-ligue-pro-en-ligne-de-mire-pour-les-louves\/#respond"]}]},{"@type":"WebPage","@id":"https:\/\/vosgesinfo.fr\/saintdieinfo\/2025\/04\/volley-ball-la-montee-en-ligue-pro-en-ligne-de-mire-pour-les-louves\/","url":"https:\/\/vosgesinfo.fr\/saintdieinfo\/2025\/04\/volley-ball-la-montee-en-ligue-pro-en-ligne-de-mire-pour-les-louves\/","name":"Volley-ball\u00a0: la mont\u00e9e en Ligue Pro en ligne de mire pour les Louves - Saint Die Info","isPartOf":{"@id":"https:\/\/vosgesinfo.fr\/saintdieinfo\/#website"},"primaryImageOfPage":{"@id":"https:\/\/vosgesinfo.fr\/saintdieinfo\/2025\/04\/volley-ball-la-montee-en-ligue-pro-en-ligne-de-mire-pour-les-louves\/#primaryimage"},"image":{"@id":"https:\/\/vosgesinfo.fr\/saintdieinfo\/2025\/04\/volley-ball-la-montee-en-ligue-pro-en-ligne-de-mire-pour-les-louves\/#primaryimage"},"thumbnailUrl":"https:\/\/vosgesinfo.fr\/app\/uploads\/sites\/4\/2025\/04\/match-decisif-louves-ligue-af.jpg","datePublished":"2025-04-11T14:35:55+00:00","dateModified":"2025-04-11T14:22:18+00:00","breadcrumb":{"@id":"https:\/\/vosgesinfo.fr\/saintdieinfo\/2025\/04\/volley-ball-la-montee-en-ligue-pro-en-ligne-de-mire-pour-les-louves\/#breadcrumb"},"inLanguage":"fr-FR","potentialAction":[{"@type":"ReadAction","target":["https:\/\/vosgesinfo.fr\/saintdieinfo\/2025\/04\/volley-ball-la-montee-en-ligue-pro-en-ligne-de-mire-pour-les-louves\/"]}]},{"@type":"ImageObject","inLanguage":"fr-FR","@id":"https:\/\/vosgesinfo.fr\/saintdieinfo\/2025\/04\/volley-ball-la-montee-en-ligue-pro-en-ligne-de-mire-pour-les-louves\/#primaryimage","url":"https:\/\/vosgesinfo.fr\/app\/uploads\/sites\/4\/2025\/04\/match-decisif-louves-ligue-af.jpg","contentUrl":"https:\/\/vosgesinfo.fr\/app\/uploads\/sites\/4\/2025\/04\/match-decisif-louves-ligue-af.jpg","width":2048,"height":2048},{"@type":"BreadcrumbList","@id":"https:\/\/vosgesinfo.fr\/saintdieinfo\/2025\/04\/volley-ball-la-montee-en-ligue-pro-en-ligne-de-mire-pour-les-louves\/#breadcrumb","itemListElement":[{"@type":"ListItem","position":1,"name":"Home","item":"https:\/\/vosgesinfo.fr\/saintdieinfo\/"},{"@type":"ListItem","position":2,"name":"Volley-ball\u00a0: la mont\u00e9e en Ligue Pro en ligne de mire pour les Louves"}]},{"@type":"WebSite","@id":"https:\/\/vosgesinfo.fr\/saintdieinfo\/#website","url":"https:\/\/vosgesinfo.fr\/saintdieinfo\/","name":"Saint Die Info","description":"Toute l&#039;actualit\u00e9 de Saint-Di\u00e9-Des-Vosges","publisher":{"@id":"https:\/\/vosgesinfo.fr\/saintdieinfo\/#organization"},"alternateName":"Toute l'actualit\u00e9 de Saint-Di\u00e9-Des-Vosges","potentialAction":[{"@type":"SearchAction","target":{"@type":"EntryPoint","urlTemplate":"https:\/\/vosgesinfo.fr\/saintdieinfo\/?s={search_term_string}"},"query-input":"required name=search_term_string"}],"inLanguage":"fr-FR"},{"@type":"Organization","@id":"https:\/\/vosgesinfo.fr\/saintdieinfo\/#organization","name":"Saint Die Info","url":"https:\/\/vosgesinfo.fr\/saintdieinfo\/","logo":{"@type":"ImageObject","inLanguage":"fr-FR","@id":"https:\/\/vosgesinfo.fr\/saintdieinfo\/#\/schema\/logo\/image\/","url":"https:\/\/vosgesinfo.fr\/app\/uploads\/sites\/4\/2024\/02\/logo-sdi.jpg","contentUrl":"https:\/\/vosgesinfo.fr\/app\/uploads\/sites\/4\/2024\/02\/logo-sdi.jpg","width":600,"height":600,"caption":"Saint Die Info"},"image":{"@id":"https:\/\/vosgesinfo.fr\/saintdieinfo\/#\/schema\/logo\/image\/"},"sameAs":["https:\/\/www.facebook.com\/Saintdieinfofr","https:\/\/x.com\/VosgesInfo88","https:\/\/www.youtube.com\/@vosgesinfo"]},{"@type":"Person","@id":"https:\/\/vosgesinfo.fr\/saintdieinfo\/#\/schema\/person\/fa73e9f726d67bb88f46d5b7943cb572","name":"J.J.","image":{"@type":"ImageObject","inLanguage":"fr-FR","@id":"https:\/\/vosgesinfo.fr\/saintdieinfo\/#\/schema\/person\/image\/","url":"https:\/\/secure.gravatar.com\/avatar\/219e749e47ffbcca018a360ae4add7d4cdf1cdaaf8bc7676b27efade3fe65615?s=96&d=mm&r=g","contentUrl":"https:\/\/secure.gravatar.com\/avatar\/219e749e47ffbcca018a360ae4add7d4cdf1cdaaf8bc7676b27efade3fe65615?s=96&d=mm&r=g","caption":"J.J."},"url":"https:\/\/vosgesinfo.fr\/saintdieinfo\/author\/j-j\/"}]}},"_links":{"self":[{"href":"https:\/\/vosgesinfo.fr\/saintdieinfo\/wp-json\/wp\/v2\/posts\/76680","targetHints":{"allow":["GET"]}}],"collection":[{"href":"https:\/\/vosgesinfo.fr\/saintdieinfo\/wp-json\/wp\/v2\/posts"}],"about":[{"href":"https:\/\/vosgesinfo.fr\/saintdieinfo\/wp-json\/wp\/v2\/types\/post"}],"author":[{"embeddable":true,"href":"https:\/\/vosgesinfo.fr\/saintdieinfo\/wp-json\/wp\/v2\/users\/46"}],"replies":[{"embeddable":true,"href":"https:\/\/vosgesinfo.fr\/saintdieinfo\/wp-json\/wp\/v2\/comments?post=76680"}],"version-history":[{"count":1,"href":"https:\/\/vosgesinfo.fr\/saintdieinfo\/wp-json\/wp\/v2\/posts\/76680\/revisions"}],"predecessor-version":[{"id":76682,"href":"https:\/\/vosgesinfo.fr\/saintdieinfo\/wp-json\/wp\/v2\/posts\/76680\/revisions\/76682"}],"wp:featuredmedia":[{"embeddable":true,"href":"https:\/\/vosgesinfo.fr\/saintdieinfo\/wp-json\/wp\/v2\/media\/76681"}],"wp:attachment":[{"href":"https:\/\/vosgesinfo.fr\/saintdieinfo\/wp-json\/wp\/v2\/media?parent=76680"}],"wp:term":[{"taxonomy":"category","embeddable":true,"href":"https:\/\/vosgesinfo.fr\/saintdieinfo\/wp-json\/wp\/v2\/categories?post=76680"},{"taxonomy":"post_tag","embeddable":true,"href":"https:\/\/vosgesinfo.fr\/saintdieinfo\/wp-json\/wp\/v2\/tags?post=76680"}],"curies":[{"name":"wp","href":"https:\/\/api.w.org\/{rel}","templated":true}]}}