{"id":76683,"date":"2025-04-11T17:10:51","date_gmt":"2025-04-11T15:10:51","guid":{"rendered":"https:\/\/vosgesinfo.fr\/saintdieinfo\/?p=76683"},"modified":"2025-04-11T18:16:48","modified_gmt":"2025-04-11T16:16:48","slug":"le-quartier-kellermann-fait-son-nettoyage-de-printemps","status":"publish","type":"post","link":"https:\/\/vosgesinfo.fr\/saintdieinfo\/2025\/04\/le-quartier-kellermann-fait-son-nettoyage-de-printemps\/","title":{"rendered":"Le quartier Kellermann fait son nettoyage de printemps"},"content":{"rendered":"<p><a href=\"https:\/\/vosgesinfo.fr\/app\/uploads\/sites\/4\/2025\/04\/nettoyage-printemps-quartier-kellermann-7.jpg\"><img decoding=\"async\" class=\"alignnone size-large wp-image-76675\" src=\"https:\/\/vosgesinfo.fr\/app\/uploads\/sites\/4\/2025\/04\/nettoyage-printemps-quartier-kellermann-7-1024x771.jpg\" alt=\"\" width=\"1024\" height=\"771\" srcset=\"https:\/\/vosgesinfo.fr\/app\/uploads\/sites\/4\/2025\/04\/nettoyage-printemps-quartier-kellermann-7-1024x771.jpg 1024w, https:\/\/vosgesinfo.fr\/app\/uploads\/sites\/4\/2025\/04\/nettoyage-printemps-quartier-kellermann-7-300x226.jpg 300w, https:\/\/vosgesinfo.fr\/app\/uploads\/sites\/4\/2025\/04\/nettoyage-printemps-quartier-kellermann-7-768x578.jpg 768w, https:\/\/vosgesinfo.fr\/app\/uploads\/sites\/4\/2025\/04\/nettoyage-printemps-quartier-kellermann-7-1536x1156.jpg 1536w, https:\/\/vosgesinfo.fr\/app\/uploads\/sites\/4\/2025\/04\/nettoyage-printemps-quartier-kellermann-7.jpg 1800w\" sizes=\"(max-width: 1024px) 100vw, 1024px\" \/><\/a><\/p>\n<h2>M\u00eame si le <a href=\"https:\/\/vosgesinfo.fr\/saintdieinfo\/2025\/03\/cest-parti-pour-le-nettoyage-de-printemps-xxl-de-saint-die-des-vosges\/\" target=\"_blank\" rel=\"noopener\"><strong>nettoyage de printemps format XXL<\/strong> de <strong>Saint-Di\u00e9-des-Vosges<\/strong><\/a> s&rsquo;est termin\u00e9 <strong>samedi dernier<\/strong>, et que le <strong>verdict de cette troisi\u00e8me \u00e9dition<\/strong> sera livr\u00e9 <strong>ce vendredi soir<\/strong>, <strong>La Rue Ensemble<\/strong> a jou\u00e9 les prolongations en organisant, avec ses partenaires, un <strong>nettoyage du quartier Kellermann<\/strong> <strong>ce jeudi apr\u00e8s-midi<\/strong>.<\/h2>\n<p><!--more--><\/p>\n<p>Environ <strong>70 jeunes<\/strong> \u2013 enfants d\u00e8s 6 ans, adolescents et jeunes adultes \u2013 ont particip\u00e9 \u00e0 cette <strong>op\u00e9ration citoyenne<\/strong>, dont le <strong>coup d&rsquo;envoi<\/strong> a \u00e9t\u00e9 donn\u00e9 sur les coups de <strong>14h au pied de la tour Champagne<\/strong>. Le <strong>Centre Social Lucie-Aubrac<\/strong>, <strong>Vosgelis<\/strong> et <strong>ETC&#8230; Terra<\/strong>, qui proposait des <strong>animations sur le tri des d\u00e9chets<\/strong>, \u00e9taient mobilis\u00e9s aux c\u00f4t\u00e9s de <strong>La Rue Ensemble<\/strong>.<\/p>\n<p>Apr\u00e8s <strong>deux heures de ramassage<\/strong>, notamment au moyen de <strong>pinces<\/strong>, l&rsquo;ensemble des ordures a \u00e9t\u00e9 <strong>pes\u00e9 pour \u00eatre comptabilis\u00e9 dans le poids total du nettoyage de la ville <\/strong>. Le bilan est de <strong>44,735 kg ramass\u00e9s<\/strong>, dont plus de <strong>1,250 kg de m\u00e9gots<\/strong>.<\/p>\n<p>Et apr\u00e8s l&rsquo;effort, le r\u00e9confort, avec le <strong>partage d&rsquo;un grand go\u00fbter<\/strong> pour remercier tous les participants \u00e0 cette op\u00e9ration annuelle, qui \u00e9tait <strong>coordonn\u00e9e par la cheffe de service de La Rue Ensemble, Ga\u00eblle Merlin<\/strong>.<\/p>\n<p><strong>Association li\u00e9e \u00e0 Selia<\/strong>, <strong>La Rue Ensemble<\/strong> propose un <strong>accompagnement \u00e9ducatif et social global pour les 12-21 ans<\/strong> et leurs familles.<\/p>\n<p>J.J.<\/p>\n\n\t\t<style type=\"text\/css\">\n\t\t\t#gallery-1 {\n\t\t\t\tmargin: auto;\n\t\t\t}\n\t\t\t#gallery-1 .gallery-item {\n\t\t\t\tfloat: left;\n\t\t\t\tmargin-top: 10px;\n\t\t\t\ttext-align: center;\n\t\t\t\twidth: 33%;\n\t\t\t}\n\t\t\t#gallery-1 img {\n\t\t\t\tborder: 2px solid #cfcfcf;\n\t\t\t}\n\t\t\t#gallery-1 .gallery-caption {\n\t\t\t\tmargin-left: 0;\n\t\t\t}\n\t\t\t\/* see gallery_shortcode() in wp-includes\/media.php *\/\n\t\t<\/style>\n\t\t<div id='gallery-1' class='gallery galleryid-76683 gallery-columns-3 gallery-size-thumbnail'><dl class='gallery-item'>\n\t\t\t<dt class='gallery-icon landscape'>\n\t\t\t\t<a href='https:\/\/vosgesinfo.fr\/app\/uploads\/sites\/4\/2025\/04\/nettoyage-printemps-quartier-kellermann-2.jpg'><img decoding=\"async\" width=\"150\" height=\"150\" src=\"https:\/\/vosgesinfo.fr\/app\/uploads\/sites\/4\/2025\/04\/nettoyage-printemps-quartier-kellermann-2-150x150.jpg\" class=\"attachment-thumbnail size-thumbnail\" alt=\"\" \/><\/a>\n\t\t\t<\/dt><\/dl><dl class='gallery-item'>\n\t\t\t<dt class='gallery-icon landscape'>\n\t\t\t\t<a href='https:\/\/vosgesinfo.fr\/app\/uploads\/sites\/4\/2025\/04\/nettoyage-printemps-quartier-kellermann-4.jpg'><img decoding=\"async\" width=\"150\" height=\"150\" src=\"https:\/\/vosgesinfo.fr\/app\/uploads\/sites\/4\/2025\/04\/nettoyage-printemps-quartier-kellermann-4-150x150.jpg\" class=\"attachment-thumbnail size-thumbnail\" alt=\"\" \/><\/a>\n\t\t\t<\/dt><\/dl><dl class='gallery-item'>\n\t\t\t<dt class='gallery-icon landscape'>\n\t\t\t\t<a href='https:\/\/vosgesinfo.fr\/app\/uploads\/sites\/4\/2025\/04\/nettoyage-printemps-quartier-kellermann-5.jpg'><img decoding=\"async\" width=\"150\" height=\"150\" src=\"https:\/\/vosgesinfo.fr\/app\/uploads\/sites\/4\/2025\/04\/nettoyage-printemps-quartier-kellermann-5-150x150.jpg\" class=\"attachment-thumbnail size-thumbnail\" alt=\"\" \/><\/a>\n\t\t\t<\/dt><\/dl><br style=\"clear: both\" \/><dl class='gallery-item'>\n\t\t\t<dt class='gallery-icon landscape'>\n\t\t\t\t<a href='https:\/\/vosgesinfo.fr\/app\/uploads\/sites\/4\/2025\/04\/nettoyage-printemps-quartier-kellermann-6.jpg'><img decoding=\"async\" width=\"150\" height=\"150\" src=\"https:\/\/vosgesinfo.fr\/app\/uploads\/sites\/4\/2025\/04\/nettoyage-printemps-quartier-kellermann-6-150x150.jpg\" class=\"attachment-thumbnail size-thumbnail\" alt=\"\" \/><\/a>\n\t\t\t<\/dt><\/dl><dl class='gallery-item'>\n\t\t\t<dt class='gallery-icon landscape'>\n\t\t\t\t<a href='https:\/\/vosgesinfo.fr\/app\/uploads\/sites\/4\/2025\/04\/nettoyage-printemps-quartier-kellermann-3.jpg'><img decoding=\"async\" width=\"150\" height=\"150\" src=\"https:\/\/vosgesinfo.fr\/app\/uploads\/sites\/4\/2025\/04\/nettoyage-printemps-quartier-kellermann-3-150x150.jpg\" class=\"attachment-thumbnail size-thumbnail\" alt=\"\" \/><\/a>\n\t\t\t<\/dt><\/dl><dl class='gallery-item'>\n\t\t\t<dt class='gallery-icon landscape'>\n\t\t\t\t<a href='https:\/\/vosgesinfo.fr\/app\/uploads\/sites\/4\/2025\/04\/nettoyage-printemps-quartier-kellermann-1.jpg'><img decoding=\"async\" width=\"150\" height=\"150\" src=\"https:\/\/vosgesinfo.fr\/app\/uploads\/sites\/4\/2025\/04\/nettoyage-printemps-quartier-kellermann-1-150x150.jpg\" class=\"attachment-thumbnail size-thumbnail\" alt=\"\" \/><\/a>\n\t\t\t<\/dt><\/dl><br style=\"clear: both\" \/>\n\t\t<\/div>\n\n","protected":false},"excerpt":{"rendered":"<p>M\u00eame si le nettoyage de printemps format XXL de Saint-Di\u00e9-des-Vosges s&rsquo;est termin\u00e9 samedi dernier, et que le verdict de cette [&hellip;]<\/p>\n","protected":false},"author":46,"featured_media":76675,"comment_status":"open","ping_status":"open","sticky":false,"template":"","format":"standard","meta":{"footnotes":""},"categories":[460,167,17],"tags":[16842,15526,16843,4062,2971,3791],"class_list":["post-76683","post","type-post","status-publish","format-standard","has-post-thumbnail","hentry","category-a-la-une","category-saint-die-des-vosges","category-vie-associative","tag-gaelle-merlin","tag-la-rue-ensemble","tag-le-quartier-kellermann-fait-son-nettoyage-de-printemps","tag-nettoyage-de-printemps-xxl-de-saint-die-des-vosges","tag-quartier-kellermann","tag-selia"],"acf":[],"yoast_head":"<!-- This site is optimized with the Yoast SEO plugin v22.5 - https:\/\/yoast.com\/wordpress\/plugins\/seo\/ -->\n<title>Le quartier Kellermann fait son nettoyage de printemps - Saint Die Info<\/title>\n<meta name=\"robots\" content=\"index, follow, max-snippet:-1, max-image-preview:large, max-video-preview:-1\" \/>\n<link rel=\"canonical\" href=\"https:\/\/vosgesinfo.fr\/saintdieinfo\/2025\/04\/le-quartier-kellermann-fait-son-nettoyage-de-printemps\/\" \/>\n<meta name=\"twitter:card\" content=\"summary_large_image\" \/>\n<meta name=\"twitter:title\" content=\"Le quartier Kellermann fait son nettoyage de printemps - Saint Die Info\" \/>\n<meta name=\"twitter:description\" content=\"M\u00eame si le nettoyage de printemps format XXL de Saint-Di\u00e9-des-Vosges s&rsquo;est termin\u00e9 samedi dernier, et que le verdict de cette [&hellip;]\" \/>\n<meta name=\"twitter:image\" content=\"https:\/\/vosgesinfo.fr\/app\/uploads\/sites\/4\/2025\/04\/nettoyage-printemps-quartier-kellermann-7.jpg\" \/>\n<meta name=\"twitter:creator\" content=\"@VosgesInfo88\" \/>\n<meta name=\"twitter:site\" content=\"@VosgesInfo88\" \/>\n<meta name=\"twitter:label1\" content=\"\u00c9crit par\" \/>\n\t<meta name=\"twitter:data1\" content=\"J.J.\" \/>\n\t<meta name=\"twitter:label2\" content=\"Dur\u00e9e de lecture estim\u00e9e\" \/>\n\t<meta name=\"twitter:data2\" content=\"2 minutes\" \/>\n<script type=\"application\/ld+json\" class=\"yoast-schema-graph\">{\"@context\":\"https:\/\/schema.org\",\"@graph\":[{\"@type\":\"Article\",\"@id\":\"https:\/\/vosgesinfo.fr\/saintdieinfo\/2025\/04\/le-quartier-kellermann-fait-son-nettoyage-de-printemps\/#article\",\"isPartOf\":{\"@id\":\"https:\/\/vosgesinfo.fr\/saintdieinfo\/2025\/04\/le-quartier-kellermann-fait-son-nettoyage-de-printemps\/\"},\"author\":{\"name\":\"J.J.\",\"@id\":\"https:\/\/vosgesinfo.fr\/saintdieinfo\/#\/schema\/person\/fa73e9f726d67bb88f46d5b7943cb572\"},\"headline\":\"Le quartier Kellermann fait son nettoyage de printemps\",\"datePublished\":\"2025-04-11T15:10:51+00:00\",\"dateModified\":\"2025-04-11T16:16:48+00:00\",\"mainEntityOfPage\":{\"@id\":\"https:\/\/vosgesinfo.fr\/saintdieinfo\/2025\/04\/le-quartier-kellermann-fait-son-nettoyage-de-printemps\/\"},\"wordCount\":236,\"commentCount\":1,\"publisher\":{\"@id\":\"https:\/\/vosgesinfo.fr\/saintdieinfo\/#organization\"},\"image\":{\"@id\":\"https:\/\/vosgesinfo.fr\/saintdieinfo\/2025\/04\/le-quartier-kellermann-fait-son-nettoyage-de-printemps\/#primaryimage\"},\"thumbnailUrl\":\"https:\/\/vosgesinfo.fr\/app\/uploads\/sites\/4\/2025\/04\/nettoyage-printemps-quartier-kellermann-7.jpg\",\"keywords\":[\"Ga\u00eblle Merlin\",\"La Rue Ensemble\",\"Le quartier Kellermann fait son nettoyage de printemps\",\"Nettoyage de printemps XXL de Saint-Di\u00e9-des-Vosges\",\"Quartier Kellermann\",\"SELIA\"],\"articleSection\":[\"A la Une\",\"Saint-Di\u00e9-des-Vosges\",\"Vie Associative\"],\"inLanguage\":\"fr-FR\",\"potentialAction\":[{\"@type\":\"CommentAction\",\"name\":\"Comment\",\"target\":[\"https:\/\/vosgesinfo.fr\/saintdieinfo\/2025\/04\/le-quartier-kellermann-fait-son-nettoyage-de-printemps\/#respond\"]}]},{\"@type\":\"WebPage\",\"@id\":\"https:\/\/vosgesinfo.fr\/saintdieinfo\/2025\/04\/le-quartier-kellermann-fait-son-nettoyage-de-printemps\/\",\"url\":\"https:\/\/vosgesinfo.fr\/saintdieinfo\/2025\/04\/le-quartier-kellermann-fait-son-nettoyage-de-printemps\/\",\"name\":\"Le quartier Kellermann fait son nettoyage de printemps - Saint Die Info\",\"isPartOf\":{\"@id\":\"https:\/\/vosgesinfo.fr\/saintdieinfo\/#website\"},\"primaryImageOfPage\":{\"@id\":\"https:\/\/vosgesinfo.fr\/saintdieinfo\/2025\/04\/le-quartier-kellermann-fait-son-nettoyage-de-printemps\/#primaryimage\"},\"image\":{\"@id\":\"https:\/\/vosgesinfo.fr\/saintdieinfo\/2025\/04\/le-quartier-kellermann-fait-son-nettoyage-de-printemps\/#primaryimage\"},\"thumbnailUrl\":\"https:\/\/vosgesinfo.fr\/app\/uploads\/sites\/4\/2025\/04\/nettoyage-printemps-quartier-kellermann-7.jpg\",\"datePublished\":\"2025-04-11T15:10:51+00:00\",\"dateModified\":\"2025-04-11T16:16:48+00:00\",\"breadcrumb\":{\"@id\":\"https:\/\/vosgesinfo.fr\/saintdieinfo\/2025\/04\/le-quartier-kellermann-fait-son-nettoyage-de-printemps\/#breadcrumb\"},\"inLanguage\":\"fr-FR\",\"potentialAction\":[{\"@type\":\"ReadAction\",\"target\":[\"https:\/\/vosgesinfo.fr\/saintdieinfo\/2025\/04\/le-quartier-kellermann-fait-son-nettoyage-de-printemps\/\"]}]},{\"@type\":\"ImageObject\",\"inLanguage\":\"fr-FR\",\"@id\":\"https:\/\/vosgesinfo.fr\/saintdieinfo\/2025\/04\/le-quartier-kellermann-fait-son-nettoyage-de-printemps\/#primaryimage\",\"url\":\"https:\/\/vosgesinfo.fr\/app\/uploads\/sites\/4\/2025\/04\/nettoyage-printemps-quartier-kellermann-7.jpg\",\"contentUrl\":\"https:\/\/vosgesinfo.fr\/app\/uploads\/sites\/4\/2025\/04\/nettoyage-printemps-quartier-kellermann-7.jpg\",\"width\":1800,\"height\":1355,\"caption\":\"(Archive)\"},{\"@type\":\"BreadcrumbList\",\"@id\":\"https:\/\/vosgesinfo.fr\/saintdieinfo\/2025\/04\/le-quartier-kellermann-fait-son-nettoyage-de-printemps\/#breadcrumb\",\"itemListElement\":[{\"@type\":\"ListItem\",\"position\":1,\"name\":\"Home\",\"item\":\"https:\/\/vosgesinfo.fr\/saintdieinfo\/\"},{\"@type\":\"ListItem\",\"position\":2,\"name\":\"Le quartier Kellermann fait son nettoyage de printemps\"}]},{\"@type\":\"WebSite\",\"@id\":\"https:\/\/vosgesinfo.fr\/saintdieinfo\/#website\",\"url\":\"https:\/\/vosgesinfo.fr\/saintdieinfo\/\",\"name\":\"Saint Die Info\",\"description\":\"Toute l&#039;actualit\u00e9 de Saint-Di\u00e9-Des-Vosges\",\"publisher\":{\"@id\":\"https:\/\/vosgesinfo.fr\/saintdieinfo\/#organization\"},\"alternateName\":\"Toute l'actualit\u00e9 de Saint-Di\u00e9-Des-Vosges\",\"potentialAction\":[{\"@type\":\"SearchAction\",\"target\":{\"@type\":\"EntryPoint\",\"urlTemplate\":\"https:\/\/vosgesinfo.fr\/saintdieinfo\/?s={search_term_string}\"},\"query-input\":\"required name=search_term_string\"}],\"inLanguage\":\"fr-FR\"},{\"@type\":\"Organization\",\"@id\":\"https:\/\/vosgesinfo.fr\/saintdieinfo\/#organization\",\"name\":\"Saint Die Info\",\"url\":\"https:\/\/vosgesinfo.fr\/saintdieinfo\/\",\"logo\":{\"@type\":\"ImageObject\",\"inLanguage\":\"fr-FR\",\"@id\":\"https:\/\/vosgesinfo.fr\/saintdieinfo\/#\/schema\/logo\/image\/\",\"url\":\"https:\/\/vosgesinfo.fr\/app\/uploads\/sites\/4\/2024\/02\/logo-sdi.jpg\",\"contentUrl\":\"https:\/\/vosgesinfo.fr\/app\/uploads\/sites\/4\/2024\/02\/logo-sdi.jpg\",\"width\":600,\"height\":600,\"caption\":\"Saint Die Info\"},\"image\":{\"@id\":\"https:\/\/vosgesinfo.fr\/saintdieinfo\/#\/schema\/logo\/image\/\"},\"sameAs\":[\"https:\/\/www.facebook.com\/Saintdieinfofr\",\"https:\/\/x.com\/VosgesInfo88\",\"https:\/\/www.youtube.com\/@vosgesinfo\"]},{\"@type\":\"Person\",\"@id\":\"https:\/\/vosgesinfo.fr\/saintdieinfo\/#\/schema\/person\/fa73e9f726d67bb88f46d5b7943cb572\",\"name\":\"J.J.\",\"image\":{\"@type\":\"ImageObject\",\"inLanguage\":\"fr-FR\",\"@id\":\"https:\/\/vosgesinfo.fr\/saintdieinfo\/#\/schema\/person\/image\/\",\"url\":\"https:\/\/secure.gravatar.com\/avatar\/219e749e47ffbcca018a360ae4add7d4cdf1cdaaf8bc7676b27efade3fe65615?s=96&d=mm&r=g\",\"contentUrl\":\"https:\/\/secure.gravatar.com\/avatar\/219e749e47ffbcca018a360ae4add7d4cdf1cdaaf8bc7676b27efade3fe65615?s=96&d=mm&r=g\",\"caption\":\"J.J.\"},\"url\":\"https:\/\/vosgesinfo.fr\/saintdieinfo\/author\/j-j\/\"}]}<\/script>\n<!-- \/ Yoast SEO plugin. -->","yoast_head_json":{"title":"Le quartier Kellermann fait son nettoyage de printemps - Saint Die Info","robots":{"index":"index","follow":"follow","max-snippet":"max-snippet:-1","max-image-preview":"max-image-preview:large","max-video-preview":"max-video-preview:-1"},"canonical":"https:\/\/vosgesinfo.fr\/saintdieinfo\/2025\/04\/le-quartier-kellermann-fait-son-nettoyage-de-printemps\/","twitter_card":"summary_large_image","twitter_title":"Le quartier Kellermann fait son nettoyage de printemps - Saint Die Info","twitter_description":"M\u00eame si le nettoyage de printemps format XXL de Saint-Di\u00e9-des-Vosges s&rsquo;est termin\u00e9 samedi dernier, et que le verdict de cette [&hellip;]","twitter_image":"https:\/\/vosgesinfo.fr\/app\/uploads\/sites\/4\/2025\/04\/nettoyage-printemps-quartier-kellermann-7.jpg","twitter_creator":"@VosgesInfo88","twitter_site":"@VosgesInfo88","twitter_misc":{"\u00c9crit par":"J.J.","Dur\u00e9e de lecture estim\u00e9e":"2 minutes"},"schema":{"@context":"https:\/\/schema.org","@graph":[{"@type":"Article","@id":"https:\/\/vosgesinfo.fr\/saintdieinfo\/2025\/04\/le-quartier-kellermann-fait-son-nettoyage-de-printemps\/#article","isPartOf":{"@id":"https:\/\/vosgesinfo.fr\/saintdieinfo\/2025\/04\/le-quartier-kellermann-fait-son-nettoyage-de-printemps\/"},"author":{"name":"J.J.","@id":"https:\/\/vosgesinfo.fr\/saintdieinfo\/#\/schema\/person\/fa73e9f726d67bb88f46d5b7943cb572"},"headline":"Le quartier Kellermann fait son nettoyage de printemps","datePublished":"2025-04-11T15:10:51+00:00","dateModified":"2025-04-11T16:16:48+00:00","mainEntityOfPage":{"@id":"https:\/\/vosgesinfo.fr\/saintdieinfo\/2025\/04\/le-quartier-kellermann-fait-son-nettoyage-de-printemps\/"},"wordCount":236,"commentCount":1,"publisher":{"@id":"https:\/\/vosgesinfo.fr\/saintdieinfo\/#organization"},"image":{"@id":"https:\/\/vosgesinfo.fr\/saintdieinfo\/2025\/04\/le-quartier-kellermann-fait-son-nettoyage-de-printemps\/#primaryimage"},"thumbnailUrl":"https:\/\/vosgesinfo.fr\/app\/uploads\/sites\/4\/2025\/04\/nettoyage-printemps-quartier-kellermann-7.jpg","keywords":["Ga\u00eblle Merlin","La Rue Ensemble","Le quartier Kellermann fait son nettoyage de printemps","Nettoyage de printemps XXL de Saint-Di\u00e9-des-Vosges","Quartier Kellermann","SELIA"],"articleSection":["A la Une","Saint-Di\u00e9-des-Vosges","Vie Associative"],"inLanguage":"fr-FR","potentialAction":[{"@type":"CommentAction","name":"Comment","target":["https:\/\/vosgesinfo.fr\/saintdieinfo\/2025\/04\/le-quartier-kellermann-fait-son-nettoyage-de-printemps\/#respond"]}]},{"@type":"WebPage","@id":"https:\/\/vosgesinfo.fr\/saintdieinfo\/2025\/04\/le-quartier-kellermann-fait-son-nettoyage-de-printemps\/","url":"https:\/\/vosgesinfo.fr\/saintdieinfo\/2025\/04\/le-quartier-kellermann-fait-son-nettoyage-de-printemps\/","name":"Le quartier Kellermann fait son nettoyage de printemps - Saint Die Info","isPartOf":{"@id":"https:\/\/vosgesinfo.fr\/saintdieinfo\/#website"},"primaryImageOfPage":{"@id":"https:\/\/vosgesinfo.fr\/saintdieinfo\/2025\/04\/le-quartier-kellermann-fait-son-nettoyage-de-printemps\/#primaryimage"},"image":{"@id":"https:\/\/vosgesinfo.fr\/saintdieinfo\/2025\/04\/le-quartier-kellermann-fait-son-nettoyage-de-printemps\/#primaryimage"},"thumbnailUrl":"https:\/\/vosgesinfo.fr\/app\/uploads\/sites\/4\/2025\/04\/nettoyage-printemps-quartier-kellermann-7.jpg","datePublished":"2025-04-11T15:10:51+00:00","dateModified":"2025-04-11T16:16:48+00:00","breadcrumb":{"@id":"https:\/\/vosgesinfo.fr\/saintdieinfo\/2025\/04\/le-quartier-kellermann-fait-son-nettoyage-de-printemps\/#breadcrumb"},"inLanguage":"fr-FR","potentialAction":[{"@type":"ReadAction","target":["https:\/\/vosgesinfo.fr\/saintdieinfo\/2025\/04\/le-quartier-kellermann-fait-son-nettoyage-de-printemps\/"]}]},{"@type":"ImageObject","inLanguage":"fr-FR","@id":"https:\/\/vosgesinfo.fr\/saintdieinfo\/2025\/04\/le-quartier-kellermann-fait-son-nettoyage-de-printemps\/#primaryimage","url":"https:\/\/vosgesinfo.fr\/app\/uploads\/sites\/4\/2025\/04\/nettoyage-printemps-quartier-kellermann-7.jpg","contentUrl":"https:\/\/vosgesinfo.fr\/app\/uploads\/sites\/4\/2025\/04\/nettoyage-printemps-quartier-kellermann-7.jpg","width":1800,"height":1355,"caption":"(Archive)"},{"@type":"BreadcrumbList","@id":"https:\/\/vosgesinfo.fr\/saintdieinfo\/2025\/04\/le-quartier-kellermann-fait-son-nettoyage-de-printemps\/#breadcrumb","itemListElement":[{"@type":"ListItem","position":1,"name":"Home","item":"https:\/\/vosgesinfo.fr\/saintdieinfo\/"},{"@type":"ListItem","position":2,"name":"Le quartier Kellermann fait son nettoyage de printemps"}]},{"@type":"WebSite","@id":"https:\/\/vosgesinfo.fr\/saintdieinfo\/#website","url":"https:\/\/vosgesinfo.fr\/saintdieinfo\/","name":"Saint Die Info","description":"Toute l&#039;actualit\u00e9 de Saint-Di\u00e9-Des-Vosges","publisher":{"@id":"https:\/\/vosgesinfo.fr\/saintdieinfo\/#organization"},"alternateName":"Toute l'actualit\u00e9 de Saint-Di\u00e9-Des-Vosges","potentialAction":[{"@type":"SearchAction","target":{"@type":"EntryPoint","urlTemplate":"https:\/\/vosgesinfo.fr\/saintdieinfo\/?s={search_term_string}"},"query-input":"required name=search_term_string"}],"inLanguage":"fr-FR"},{"@type":"Organization","@id":"https:\/\/vosgesinfo.fr\/saintdieinfo\/#organization","name":"Saint Die Info","url":"https:\/\/vosgesinfo.fr\/saintdieinfo\/","logo":{"@type":"ImageObject","inLanguage":"fr-FR","@id":"https:\/\/vosgesinfo.fr\/saintdieinfo\/#\/schema\/logo\/image\/","url":"https:\/\/vosgesinfo.fr\/app\/uploads\/sites\/4\/2024\/02\/logo-sdi.jpg","contentUrl":"https:\/\/vosgesinfo.fr\/app\/uploads\/sites\/4\/2024\/02\/logo-sdi.jpg","width":600,"height":600,"caption":"Saint Die Info"},"image":{"@id":"https:\/\/vosgesinfo.fr\/saintdieinfo\/#\/schema\/logo\/image\/"},"sameAs":["https:\/\/www.facebook.com\/Saintdieinfofr","https:\/\/x.com\/VosgesInfo88","https:\/\/www.youtube.com\/@vosgesinfo"]},{"@type":"Person","@id":"https:\/\/vosgesinfo.fr\/saintdieinfo\/#\/schema\/person\/fa73e9f726d67bb88f46d5b7943cb572","name":"J.J.","image":{"@type":"ImageObject","inLanguage":"fr-FR","@id":"https:\/\/vosgesinfo.fr\/saintdieinfo\/#\/schema\/person\/image\/","url":"https:\/\/secure.gravatar.com\/avatar\/219e749e47ffbcca018a360ae4add7d4cdf1cdaaf8bc7676b27efade3fe65615?s=96&d=mm&r=g","contentUrl":"https:\/\/secure.gravatar.com\/avatar\/219e749e47ffbcca018a360ae4add7d4cdf1cdaaf8bc7676b27efade3fe65615?s=96&d=mm&r=g","caption":"J.J."},"url":"https:\/\/vosgesinfo.fr\/saintdieinfo\/author\/j-j\/"}]}},"_links":{"self":[{"href":"https:\/\/vosgesinfo.fr\/saintdieinfo\/wp-json\/wp\/v2\/posts\/76683","targetHints":{"allow":["GET"]}}],"collection":[{"href":"https:\/\/vosgesinfo.fr\/saintdieinfo\/wp-json\/wp\/v2\/posts"}],"about":[{"href":"https:\/\/vosgesinfo.fr\/saintdieinfo\/wp-json\/wp\/v2\/types\/post"}],"author":[{"embeddable":true,"href":"https:\/\/vosgesinfo.fr\/saintdieinfo\/wp-json\/wp\/v2\/users\/46"}],"replies":[{"embeddable":true,"href":"https:\/\/vosgesinfo.fr\/saintdieinfo\/wp-json\/wp\/v2\/comments?post=76683"}],"version-history":[{"count":2,"href":"https:\/\/vosgesinfo.fr\/saintdieinfo\/wp-json\/wp\/v2\/posts\/76683\/revisions"}],"predecessor-version":[{"id":76693,"href":"https:\/\/vosgesinfo.fr\/saintdieinfo\/wp-json\/wp\/v2\/posts\/76683\/revisions\/76693"}],"wp:featuredmedia":[{"embeddable":true,"href":"https:\/\/vosgesinfo.fr\/saintdieinfo\/wp-json\/wp\/v2\/media\/76675"}],"wp:attachment":[{"href":"https:\/\/vosgesinfo.fr\/saintdieinfo\/wp-json\/wp\/v2\/media?parent=76683"}],"wp:term":[{"taxonomy":"category","embeddable":true,"href":"https:\/\/vosgesinfo.fr\/saintdieinfo\/wp-json\/wp\/v2\/categories?post=76683"},{"taxonomy":"post_tag","embeddable":true,"href":"https:\/\/vosgesinfo.fr\/saintdieinfo\/wp-json\/wp\/v2\/tags?post=76683"}],"curies":[{"name":"wp","href":"https:\/\/api.w.org\/{rel}","templated":true}]}}