{"id":76704,"date":"2025-04-12T07:00:41","date_gmt":"2025-04-12T05:00:41","guid":{"rendered":"https:\/\/vosgesinfo.fr\/saintdieinfo\/?p=76704"},"modified":"2025-04-11T21:13:57","modified_gmt":"2025-04-11T19:13:57","slug":"saint-leonard-lalie-noel-est-en-lice-pour-lelection-de-miss-vosges-2025","status":"publish","type":"post","link":"https:\/\/vosgesinfo.fr\/saintdieinfo\/2025\/04\/saint-leonard-lalie-noel-est-en-lice-pour-lelection-de-miss-vosges-2025\/","title":{"rendered":"Saint-L\u00e9onard \u2013 Lalie No\u00ebl est en lice pour l&rsquo;\u00e9lection de Miss Vosges 2025"},"content":{"rendered":"<div id=\"attachment_76705\" style=\"width: 693px\" class=\"wp-caption alignnone\"><a href=\"https:\/\/vosgesinfo.fr\/app\/uploads\/sites\/4\/2025\/04\/saint-leonard-lalie-noel-miss-vosges-2025-1-scaled.jpg\"><img decoding=\"async\" aria-describedby=\"caption-attachment-76705\" class=\"size-large wp-image-76705\" src=\"https:\/\/vosgesinfo.fr\/app\/uploads\/sites\/4\/2025\/04\/saint-leonard-lalie-noel-miss-vosges-2025-1-683x1024.jpg\" alt=\"\" width=\"683\" height=\"1024\" srcset=\"https:\/\/vosgesinfo.fr\/app\/uploads\/sites\/4\/2025\/04\/saint-leonard-lalie-noel-miss-vosges-2025-1-683x1024.jpg 683w, https:\/\/vosgesinfo.fr\/app\/uploads\/sites\/4\/2025\/04\/saint-leonard-lalie-noel-miss-vosges-2025-1-200x300.jpg 200w, https:\/\/vosgesinfo.fr\/app\/uploads\/sites\/4\/2025\/04\/saint-leonard-lalie-noel-miss-vosges-2025-1-768x1152.jpg 768w, https:\/\/vosgesinfo.fr\/app\/uploads\/sites\/4\/2025\/04\/saint-leonard-lalie-noel-miss-vosges-2025-1-1024x1536.jpg 1024w, https:\/\/vosgesinfo.fr\/app\/uploads\/sites\/4\/2025\/04\/saint-leonard-lalie-noel-miss-vosges-2025-1-1365x2048.jpg 1365w, https:\/\/vosgesinfo.fr\/app\/uploads\/sites\/4\/2025\/04\/saint-leonard-lalie-noel-miss-vosges-2025-1-scaled.jpg 1707w\" sizes=\"(max-width: 683px) 100vw, 683px\" \/><\/a><p id=\"caption-attachment-76705\" class=\"wp-caption-text\">(Photographies Lalie No\u00ebl)<\/p><\/div>\n<h2>La <strong>D\u00e9odatie sera bien repr\u00e9sent\u00e9e<\/strong> pour l&rsquo;\u00e9lection de <strong>Miss Vosges 2025<\/strong>, qui se tiendra le <strong>samedi 26 avril<\/strong> au <strong>casino de Plombi\u00e8res-les-Bains<\/strong>, puisque quatre candidates y participent : la <a href=\"https:\/\/vosgesinfo.fr\/saintdieinfo\/2025\/03\/la-deodatienne-lola-fertig-retente-laventure-miss-vosges\/\" target=\"_blank\" rel=\"noopener\"><strong>D\u00e9odatienne Lola Fertig<\/strong><\/a>, la <a href=\"https:\/\/vosgesinfo.fr\/saintdieinfo\/2025\/03\/saint-michel-sur-meurthe-justine-palmarola-est-candidate-a-lelection-de-miss-vosges-2025\/\" target=\"_blank\" rel=\"noopener\"><strong>Michelloise Justine Palmarola<\/strong><\/a>, la <a href=\"https:\/\/vosgesinfo.fr\/saintdieinfo\/2025\/04\/ban-sur-meurthe-clefcy-stella-tinchant-est-candidate-a-lelection-de-miss-vosges-2025\/\" target=\"_blank\" rel=\"noopener\"><strong>Cl\u00e9bantoise Stella Tinchant<\/strong><\/a>, et la <strong>L\u00e9onardienne Lalie No\u00ebl<\/strong>. Cette derni\u00e8re a aimablement r\u00e9pondu \u00e0 nos cinq questions ce vendredi.<\/h2>\n<p><!--more--><\/p>\n<h3><strong>Bonjour Lalie, pouvez-vous bri\u00e8vement vous pr\u00e9senter ?<\/strong><\/h3>\n<p>J\u2019ai <strong>18 ans<\/strong> et j\u2019habite \u00e0 <strong>Saint-L\u00e9onard<\/strong>. Je suis actuellement en <strong>premi\u00e8re ann\u00e9e de BUT GEA \u2013 Gestion des Entreprises et des Administrations \u2013 \u00e0 l\u2019Universit\u00e9 de Lorraine IUT Nancy-Charlemagne<\/strong>. Plus tard, j\u2019aimerais travailler dans <strong>le commerce international<\/strong> et aussi dans <strong>la gestion des entreprises<\/strong>.<\/p>\n<p>J\u2019adore <strong>les voyages<\/strong> et <strong>la nature<\/strong>. J\u2019ai fait de la<strong> danse pendant dix ans<\/strong>, et j\u2019ai arr\u00eat\u00e9 pour me consacrer \u00e0 mes \u00e9tudes. Maintenant, j\u2019aime faire <strong>des randonn\u00e9es<\/strong> et <strong>du v\u00e9lo en for\u00eat<\/strong> pour <strong>d\u00e9compresser<\/strong>, et <strong>m\u2019\u00e9vader l\u2019esprit<\/strong>.<\/p>\n<h3><strong>Pourquoi avoir d\u00e9cid\u00e9 de participer \u00e0 l&rsquo;aventure Miss Vosges 2025 ?<\/strong><\/h3>\n<p>Je me suis pr\u00e9sent\u00e9e \u00e0 cette grande aventure car <strong>c\u2019est un r\u00eave d\u2019enfant<\/strong>. Il s\u2019agit d\u2019un <strong>\u00e9v\u00e9nement magique et unique \u00e0 vivre<\/strong>, <strong>plein de rencontres<\/strong>, o\u00f9 <strong>la coh\u00e9sion est importante avec le groupe<\/strong>.<\/p>\n<p>De plus, j\u2019aime <strong>la mode depuis toujours<\/strong>, et je regarde l\u2019\u00e9lection Miss France presque chaque ann\u00e9e. C\u2019est <strong>une exp\u00e9rience tr\u00e8s enrichissante<\/strong>, mais aussi une mani\u00e8re de repr\u00e9senter fi\u00e8rement mon d\u00e9partement, <strong>et surtout ma commune Saint-L\u00e9onard !<\/strong><\/p>\n<h3><strong>Avez-vous d\u00e9j\u00e0 particip\u00e9 par le pass\u00e9 \u00e0 d&rsquo;autres concours similaires ?<\/strong><\/h3>\n<p>Non, je n\u2019ai jamais particip\u00e9 \u00e0 ce genre de concours, c\u2019est <strong>tout nouveau pour moi<\/strong> et c\u2019est <strong>une grande occasion de d\u00e9couvrir avec \u00e9motion et enthousiasme cet univers<\/strong>.<\/p>\n<h3><strong>Comment pr\u00e9parez-vous l&rsquo;\u00e9lection du 26 avril ?<\/strong><\/h3>\n<p>Je m\u2019y pr\u00e9pare d\u00e9j\u00e0 depuis quelques semaines, car <strong>il y avait aussi les tests de pr\u00e9s\u00e9lection<\/strong>, avec <strong>de la culture g\u00e9n\u00e9rale<\/strong>, un entretien avec le jury, puis un d\u00e9fil\u00e9. Je pratique aussi <strong>du sport<\/strong>, et <strong>j\u2019apprends les danses<\/strong> que nous ferons sur sc\u00e8ne. Je <strong>travaille ma posture<\/strong> et <strong>mon aisance \u00e0 l\u2019oral<\/strong>, puis <strong>je m\u2019entra\u00eene aussi \u00e0 marcher et danser avec des talons<\/strong> pour <strong>le jour J sur sc\u00e8ne<\/strong>.<\/p>\n<h3><strong>Si vous \u00eates \u00e9lue Miss Vosges ou parmi les Dauphines, quel message souhaiteriez-vous porter ?<\/strong><\/h3>\n<p>Si je suis \u00e9lue Miss Vosges ou parmi les Dauphines, je dirais qu\u2019il faut <strong>pers\u00e9v\u00e9rer<\/strong>, <strong>toujours y croire<\/strong> et <strong>ne pas se d\u00e9courager<\/strong>. <strong>R\u00e9alisez vos r\u00eaves tant que vous le pouvez<\/strong>, <strong>il faut oser et s\u2019affirmer sans crainte<\/strong> ! Comme disait Napol\u00e9on : \u00ab Quand on veut, on peut, <strong>quand on peut, on doit<\/strong> \u00bb. C\u2019est ce que je tente de faire en passant cette \u00e9lection.<\/p>\n<p>J.J.<\/p>\n","protected":false},"excerpt":{"rendered":"<p>La D\u00e9odatie sera bien repr\u00e9sent\u00e9e pour l&rsquo;\u00e9lection de Miss Vosges 2025, qui se tiendra le samedi 26 avril au casino [&hellip;]<\/p>\n","protected":false},"author":46,"featured_media":76706,"comment_status":"open","ping_status":"open","sticky":false,"template":"","format":"standard","meta":{"footnotes":""},"categories":[460,3903,5392,5391,5389,20,4099,2915,18],"tags":[16769,16845,16633,3228],"class_list":["post-76704","post","type-post","status-publish","format-standard","has-post-thumbnail","hentry","category-a-la-une","category-deodatie","category-epinal","category-gerardmer","category-la-plaine-des-vosges","category-loisirs","category-remiremont","category-saint-die-son-canton","category-vosges","tag-election-de-miss-vosges-2025","tag-lalie-noel","tag-miss-vosges-2025","tag-saint-leonard"],"acf":[],"yoast_head":"<!-- This site is optimized with the Yoast SEO plugin v22.5 - https:\/\/yoast.com\/wordpress\/plugins\/seo\/ -->\n<title>Saint-L\u00e9onard \u2013 Lalie No\u00ebl est en lice pour l&#039;\u00e9lection de Miss Vosges 2025 - Saint Die Info<\/title>\n<meta name=\"robots\" content=\"index, follow, max-snippet:-1, max-image-preview:large, max-video-preview:-1\" \/>\n<link rel=\"canonical\" href=\"https:\/\/vosgesinfo.fr\/saintdieinfo\/2025\/04\/saint-leonard-lalie-noel-est-en-lice-pour-lelection-de-miss-vosges-2025\/\" \/>\n<meta name=\"twitter:card\" content=\"summary_large_image\" \/>\n<meta name=\"twitter:title\" content=\"Saint-L\u00e9onard \u2013 Lalie No\u00ebl est en lice pour l&#039;\u00e9lection de Miss Vosges 2025 - Saint Die Info\" \/>\n<meta name=\"twitter:description\" content=\"La D\u00e9odatie sera bien repr\u00e9sent\u00e9e pour l&rsquo;\u00e9lection de Miss Vosges 2025, qui se tiendra le samedi 26 avril au casino [&hellip;]\" \/>\n<meta name=\"twitter:image\" content=\"https:\/\/vosgesinfo.fr\/app\/uploads\/sites\/4\/2025\/04\/saint-leonard-lalie-noel-miss-vosges-2025-2-scaled.jpg\" \/>\n<meta name=\"twitter:creator\" content=\"@VosgesInfo88\" \/>\n<meta name=\"twitter:site\" content=\"@VosgesInfo88\" \/>\n<meta name=\"twitter:label1\" content=\"\u00c9crit par\" \/>\n\t<meta name=\"twitter:data1\" content=\"J.J.\" \/>\n\t<meta name=\"twitter:label2\" content=\"Dur\u00e9e de lecture estim\u00e9e\" \/>\n\t<meta name=\"twitter:data2\" content=\"3 minutes\" \/>\n<script type=\"application\/ld+json\" class=\"yoast-schema-graph\">{\"@context\":\"https:\/\/schema.org\",\"@graph\":[{\"@type\":\"Article\",\"@id\":\"https:\/\/vosgesinfo.fr\/saintdieinfo\/2025\/04\/saint-leonard-lalie-noel-est-en-lice-pour-lelection-de-miss-vosges-2025\/#article\",\"isPartOf\":{\"@id\":\"https:\/\/vosgesinfo.fr\/saintdieinfo\/2025\/04\/saint-leonard-lalie-noel-est-en-lice-pour-lelection-de-miss-vosges-2025\/\"},\"author\":{\"name\":\"J.J.\",\"@id\":\"https:\/\/vosgesinfo.fr\/saintdieinfo\/#\/schema\/person\/fa73e9f726d67bb88f46d5b7943cb572\"},\"headline\":\"Saint-L\u00e9onard \u2013 Lalie No\u00ebl est en lice pour l&rsquo;\u00e9lection de Miss Vosges 2025\",\"datePublished\":\"2025-04-12T05:00:41+00:00\",\"dateModified\":\"2025-04-11T19:13:57+00:00\",\"mainEntityOfPage\":{\"@id\":\"https:\/\/vosgesinfo.fr\/saintdieinfo\/2025\/04\/saint-leonard-lalie-noel-est-en-lice-pour-lelection-de-miss-vosges-2025\/\"},\"wordCount\":504,\"commentCount\":1,\"publisher\":{\"@id\":\"https:\/\/vosgesinfo.fr\/saintdieinfo\/#organization\"},\"image\":{\"@id\":\"https:\/\/vosgesinfo.fr\/saintdieinfo\/2025\/04\/saint-leonard-lalie-noel-est-en-lice-pour-lelection-de-miss-vosges-2025\/#primaryimage\"},\"thumbnailUrl\":\"https:\/\/vosgesinfo.fr\/app\/uploads\/sites\/4\/2025\/04\/saint-leonard-lalie-noel-miss-vosges-2025-2-scaled.jpg\",\"keywords\":[\"Election de Miss Vosges 2025\",\"Lalie No\u00ebl\",\"Miss Vosges 2025\",\"Saint-L\u00e9onard\"],\"articleSection\":[\"A la Une\",\"D\u00e9odatie\",\"Epinal\",\"Gerardmer\",\"La plaine des vosges\",\"Loisirs\",\"Remiremont\",\"Saint-Di\u00e9-des-Vosges et son Agglom\u00e9ration\",\"Vosges\"],\"inLanguage\":\"fr-FR\",\"potentialAction\":[{\"@type\":\"CommentAction\",\"name\":\"Comment\",\"target\":[\"https:\/\/vosgesinfo.fr\/saintdieinfo\/2025\/04\/saint-leonard-lalie-noel-est-en-lice-pour-lelection-de-miss-vosges-2025\/#respond\"]}]},{\"@type\":\"WebPage\",\"@id\":\"https:\/\/vosgesinfo.fr\/saintdieinfo\/2025\/04\/saint-leonard-lalie-noel-est-en-lice-pour-lelection-de-miss-vosges-2025\/\",\"url\":\"https:\/\/vosgesinfo.fr\/saintdieinfo\/2025\/04\/saint-leonard-lalie-noel-est-en-lice-pour-lelection-de-miss-vosges-2025\/\",\"name\":\"Saint-L\u00e9onard \u2013 Lalie No\u00ebl est en lice pour l'\u00e9lection de Miss Vosges 2025 - Saint Die Info\",\"isPartOf\":{\"@id\":\"https:\/\/vosgesinfo.fr\/saintdieinfo\/#website\"},\"primaryImageOfPage\":{\"@id\":\"https:\/\/vosgesinfo.fr\/saintdieinfo\/2025\/04\/saint-leonard-lalie-noel-est-en-lice-pour-lelection-de-miss-vosges-2025\/#primaryimage\"},\"image\":{\"@id\":\"https:\/\/vosgesinfo.fr\/saintdieinfo\/2025\/04\/saint-leonard-lalie-noel-est-en-lice-pour-lelection-de-miss-vosges-2025\/#primaryimage\"},\"thumbnailUrl\":\"https:\/\/vosgesinfo.fr\/app\/uploads\/sites\/4\/2025\/04\/saint-leonard-lalie-noel-miss-vosges-2025-2-scaled.jpg\",\"datePublished\":\"2025-04-12T05:00:41+00:00\",\"dateModified\":\"2025-04-11T19:13:57+00:00\",\"breadcrumb\":{\"@id\":\"https:\/\/vosgesinfo.fr\/saintdieinfo\/2025\/04\/saint-leonard-lalie-noel-est-en-lice-pour-lelection-de-miss-vosges-2025\/#breadcrumb\"},\"inLanguage\":\"fr-FR\",\"potentialAction\":[{\"@type\":\"ReadAction\",\"target\":[\"https:\/\/vosgesinfo.fr\/saintdieinfo\/2025\/04\/saint-leonard-lalie-noel-est-en-lice-pour-lelection-de-miss-vosges-2025\/\"]}]},{\"@type\":\"ImageObject\",\"inLanguage\":\"fr-FR\",\"@id\":\"https:\/\/vosgesinfo.fr\/saintdieinfo\/2025\/04\/saint-leonard-lalie-noel-est-en-lice-pour-lelection-de-miss-vosges-2025\/#primaryimage\",\"url\":\"https:\/\/vosgesinfo.fr\/app\/uploads\/sites\/4\/2025\/04\/saint-leonard-lalie-noel-miss-vosges-2025-2-scaled.jpg\",\"contentUrl\":\"https:\/\/vosgesinfo.fr\/app\/uploads\/sites\/4\/2025\/04\/saint-leonard-lalie-noel-miss-vosges-2025-2-scaled.jpg\",\"width\":2560,\"height\":2444},{\"@type\":\"BreadcrumbList\",\"@id\":\"https:\/\/vosgesinfo.fr\/saintdieinfo\/2025\/04\/saint-leonard-lalie-noel-est-en-lice-pour-lelection-de-miss-vosges-2025\/#breadcrumb\",\"itemListElement\":[{\"@type\":\"ListItem\",\"position\":1,\"name\":\"Home\",\"item\":\"https:\/\/vosgesinfo.fr\/saintdieinfo\/\"},{\"@type\":\"ListItem\",\"position\":2,\"name\":\"Saint-L\u00e9onard \u2013 Lalie No\u00ebl est en lice pour l&rsquo;\u00e9lection de Miss Vosges 2025\"}]},{\"@type\":\"WebSite\",\"@id\":\"https:\/\/vosgesinfo.fr\/saintdieinfo\/#website\",\"url\":\"https:\/\/vosgesinfo.fr\/saintdieinfo\/\",\"name\":\"Saint Die Info\",\"description\":\"Toute l&#039;actualit\u00e9 de Saint-Di\u00e9-Des-Vosges\",\"publisher\":{\"@id\":\"https:\/\/vosgesinfo.fr\/saintdieinfo\/#organization\"},\"alternateName\":\"Toute l'actualit\u00e9 de Saint-Di\u00e9-Des-Vosges\",\"potentialAction\":[{\"@type\":\"SearchAction\",\"target\":{\"@type\":\"EntryPoint\",\"urlTemplate\":\"https:\/\/vosgesinfo.fr\/saintdieinfo\/?s={search_term_string}\"},\"query-input\":\"required name=search_term_string\"}],\"inLanguage\":\"fr-FR\"},{\"@type\":\"Organization\",\"@id\":\"https:\/\/vosgesinfo.fr\/saintdieinfo\/#organization\",\"name\":\"Saint Die Info\",\"url\":\"https:\/\/vosgesinfo.fr\/saintdieinfo\/\",\"logo\":{\"@type\":\"ImageObject\",\"inLanguage\":\"fr-FR\",\"@id\":\"https:\/\/vosgesinfo.fr\/saintdieinfo\/#\/schema\/logo\/image\/\",\"url\":\"https:\/\/vosgesinfo.fr\/app\/uploads\/sites\/4\/2024\/02\/logo-sdi.jpg\",\"contentUrl\":\"https:\/\/vosgesinfo.fr\/app\/uploads\/sites\/4\/2024\/02\/logo-sdi.jpg\",\"width\":600,\"height\":600,\"caption\":\"Saint Die Info\"},\"image\":{\"@id\":\"https:\/\/vosgesinfo.fr\/saintdieinfo\/#\/schema\/logo\/image\/\"},\"sameAs\":[\"https:\/\/www.facebook.com\/Saintdieinfofr\",\"https:\/\/x.com\/VosgesInfo88\",\"https:\/\/www.youtube.com\/@vosgesinfo\"]},{\"@type\":\"Person\",\"@id\":\"https:\/\/vosgesinfo.fr\/saintdieinfo\/#\/schema\/person\/fa73e9f726d67bb88f46d5b7943cb572\",\"name\":\"J.J.\",\"image\":{\"@type\":\"ImageObject\",\"inLanguage\":\"fr-FR\",\"@id\":\"https:\/\/vosgesinfo.fr\/saintdieinfo\/#\/schema\/person\/image\/\",\"url\":\"https:\/\/secure.gravatar.com\/avatar\/219e749e47ffbcca018a360ae4add7d4cdf1cdaaf8bc7676b27efade3fe65615?s=96&d=mm&r=g\",\"contentUrl\":\"https:\/\/secure.gravatar.com\/avatar\/219e749e47ffbcca018a360ae4add7d4cdf1cdaaf8bc7676b27efade3fe65615?s=96&d=mm&r=g\",\"caption\":\"J.J.\"},\"url\":\"https:\/\/vosgesinfo.fr\/saintdieinfo\/author\/j-j\/\"}]}<\/script>\n<!-- \/ Yoast SEO plugin. -->","yoast_head_json":{"title":"Saint-L\u00e9onard \u2013 Lalie No\u00ebl est en lice pour l'\u00e9lection de Miss Vosges 2025 - Saint Die Info","robots":{"index":"index","follow":"follow","max-snippet":"max-snippet:-1","max-image-preview":"max-image-preview:large","max-video-preview":"max-video-preview:-1"},"canonical":"https:\/\/vosgesinfo.fr\/saintdieinfo\/2025\/04\/saint-leonard-lalie-noel-est-en-lice-pour-lelection-de-miss-vosges-2025\/","twitter_card":"summary_large_image","twitter_title":"Saint-L\u00e9onard \u2013 Lalie No\u00ebl est en lice pour l'\u00e9lection de Miss Vosges 2025 - Saint Die Info","twitter_description":"La D\u00e9odatie sera bien repr\u00e9sent\u00e9e pour l&rsquo;\u00e9lection de Miss Vosges 2025, qui se tiendra le samedi 26 avril au casino [&hellip;]","twitter_image":"https:\/\/vosgesinfo.fr\/app\/uploads\/sites\/4\/2025\/04\/saint-leonard-lalie-noel-miss-vosges-2025-2-scaled.jpg","twitter_creator":"@VosgesInfo88","twitter_site":"@VosgesInfo88","twitter_misc":{"\u00c9crit par":"J.J.","Dur\u00e9e de lecture estim\u00e9e":"3 minutes"},"schema":{"@context":"https:\/\/schema.org","@graph":[{"@type":"Article","@id":"https:\/\/vosgesinfo.fr\/saintdieinfo\/2025\/04\/saint-leonard-lalie-noel-est-en-lice-pour-lelection-de-miss-vosges-2025\/#article","isPartOf":{"@id":"https:\/\/vosgesinfo.fr\/saintdieinfo\/2025\/04\/saint-leonard-lalie-noel-est-en-lice-pour-lelection-de-miss-vosges-2025\/"},"author":{"name":"J.J.","@id":"https:\/\/vosgesinfo.fr\/saintdieinfo\/#\/schema\/person\/fa73e9f726d67bb88f46d5b7943cb572"},"headline":"Saint-L\u00e9onard \u2013 Lalie No\u00ebl est en lice pour l&rsquo;\u00e9lection de Miss Vosges 2025","datePublished":"2025-04-12T05:00:41+00:00","dateModified":"2025-04-11T19:13:57+00:00","mainEntityOfPage":{"@id":"https:\/\/vosgesinfo.fr\/saintdieinfo\/2025\/04\/saint-leonard-lalie-noel-est-en-lice-pour-lelection-de-miss-vosges-2025\/"},"wordCount":504,"commentCount":1,"publisher":{"@id":"https:\/\/vosgesinfo.fr\/saintdieinfo\/#organization"},"image":{"@id":"https:\/\/vosgesinfo.fr\/saintdieinfo\/2025\/04\/saint-leonard-lalie-noel-est-en-lice-pour-lelection-de-miss-vosges-2025\/#primaryimage"},"thumbnailUrl":"https:\/\/vosgesinfo.fr\/app\/uploads\/sites\/4\/2025\/04\/saint-leonard-lalie-noel-miss-vosges-2025-2-scaled.jpg","keywords":["Election de Miss Vosges 2025","Lalie No\u00ebl","Miss Vosges 2025","Saint-L\u00e9onard"],"articleSection":["A la Une","D\u00e9odatie","Epinal","Gerardmer","La plaine des vosges","Loisirs","Remiremont","Saint-Di\u00e9-des-Vosges et son Agglom\u00e9ration","Vosges"],"inLanguage":"fr-FR","potentialAction":[{"@type":"CommentAction","name":"Comment","target":["https:\/\/vosgesinfo.fr\/saintdieinfo\/2025\/04\/saint-leonard-lalie-noel-est-en-lice-pour-lelection-de-miss-vosges-2025\/#respond"]}]},{"@type":"WebPage","@id":"https:\/\/vosgesinfo.fr\/saintdieinfo\/2025\/04\/saint-leonard-lalie-noel-est-en-lice-pour-lelection-de-miss-vosges-2025\/","url":"https:\/\/vosgesinfo.fr\/saintdieinfo\/2025\/04\/saint-leonard-lalie-noel-est-en-lice-pour-lelection-de-miss-vosges-2025\/","name":"Saint-L\u00e9onard \u2013 Lalie No\u00ebl est en lice pour l'\u00e9lection de Miss Vosges 2025 - Saint Die Info","isPartOf":{"@id":"https:\/\/vosgesinfo.fr\/saintdieinfo\/#website"},"primaryImageOfPage":{"@id":"https:\/\/vosgesinfo.fr\/saintdieinfo\/2025\/04\/saint-leonard-lalie-noel-est-en-lice-pour-lelection-de-miss-vosges-2025\/#primaryimage"},"image":{"@id":"https:\/\/vosgesinfo.fr\/saintdieinfo\/2025\/04\/saint-leonard-lalie-noel-est-en-lice-pour-lelection-de-miss-vosges-2025\/#primaryimage"},"thumbnailUrl":"https:\/\/vosgesinfo.fr\/app\/uploads\/sites\/4\/2025\/04\/saint-leonard-lalie-noel-miss-vosges-2025-2-scaled.jpg","datePublished":"2025-04-12T05:00:41+00:00","dateModified":"2025-04-11T19:13:57+00:00","breadcrumb":{"@id":"https:\/\/vosgesinfo.fr\/saintdieinfo\/2025\/04\/saint-leonard-lalie-noel-est-en-lice-pour-lelection-de-miss-vosges-2025\/#breadcrumb"},"inLanguage":"fr-FR","potentialAction":[{"@type":"ReadAction","target":["https:\/\/vosgesinfo.fr\/saintdieinfo\/2025\/04\/saint-leonard-lalie-noel-est-en-lice-pour-lelection-de-miss-vosges-2025\/"]}]},{"@type":"ImageObject","inLanguage":"fr-FR","@id":"https:\/\/vosgesinfo.fr\/saintdieinfo\/2025\/04\/saint-leonard-lalie-noel-est-en-lice-pour-lelection-de-miss-vosges-2025\/#primaryimage","url":"https:\/\/vosgesinfo.fr\/app\/uploads\/sites\/4\/2025\/04\/saint-leonard-lalie-noel-miss-vosges-2025-2-scaled.jpg","contentUrl":"https:\/\/vosgesinfo.fr\/app\/uploads\/sites\/4\/2025\/04\/saint-leonard-lalie-noel-miss-vosges-2025-2-scaled.jpg","width":2560,"height":2444},{"@type":"BreadcrumbList","@id":"https:\/\/vosgesinfo.fr\/saintdieinfo\/2025\/04\/saint-leonard-lalie-noel-est-en-lice-pour-lelection-de-miss-vosges-2025\/#breadcrumb","itemListElement":[{"@type":"ListItem","position":1,"name":"Home","item":"https:\/\/vosgesinfo.fr\/saintdieinfo\/"},{"@type":"ListItem","position":2,"name":"Saint-L\u00e9onard \u2013 Lalie No\u00ebl est en lice pour l&rsquo;\u00e9lection de Miss Vosges 2025"}]},{"@type":"WebSite","@id":"https:\/\/vosgesinfo.fr\/saintdieinfo\/#website","url":"https:\/\/vosgesinfo.fr\/saintdieinfo\/","name":"Saint Die Info","description":"Toute l&#039;actualit\u00e9 de Saint-Di\u00e9-Des-Vosges","publisher":{"@id":"https:\/\/vosgesinfo.fr\/saintdieinfo\/#organization"},"alternateName":"Toute l'actualit\u00e9 de Saint-Di\u00e9-Des-Vosges","potentialAction":[{"@type":"SearchAction","target":{"@type":"EntryPoint","urlTemplate":"https:\/\/vosgesinfo.fr\/saintdieinfo\/?s={search_term_string}"},"query-input":"required name=search_term_string"}],"inLanguage":"fr-FR"},{"@type":"Organization","@id":"https:\/\/vosgesinfo.fr\/saintdieinfo\/#organization","name":"Saint Die Info","url":"https:\/\/vosgesinfo.fr\/saintdieinfo\/","logo":{"@type":"ImageObject","inLanguage":"fr-FR","@id":"https:\/\/vosgesinfo.fr\/saintdieinfo\/#\/schema\/logo\/image\/","url":"https:\/\/vosgesinfo.fr\/app\/uploads\/sites\/4\/2024\/02\/logo-sdi.jpg","contentUrl":"https:\/\/vosgesinfo.fr\/app\/uploads\/sites\/4\/2024\/02\/logo-sdi.jpg","width":600,"height":600,"caption":"Saint Die Info"},"image":{"@id":"https:\/\/vosgesinfo.fr\/saintdieinfo\/#\/schema\/logo\/image\/"},"sameAs":["https:\/\/www.facebook.com\/Saintdieinfofr","https:\/\/x.com\/VosgesInfo88","https:\/\/www.youtube.com\/@vosgesinfo"]},{"@type":"Person","@id":"https:\/\/vosgesinfo.fr\/saintdieinfo\/#\/schema\/person\/fa73e9f726d67bb88f46d5b7943cb572","name":"J.J.","image":{"@type":"ImageObject","inLanguage":"fr-FR","@id":"https:\/\/vosgesinfo.fr\/saintdieinfo\/#\/schema\/person\/image\/","url":"https:\/\/secure.gravatar.com\/avatar\/219e749e47ffbcca018a360ae4add7d4cdf1cdaaf8bc7676b27efade3fe65615?s=96&d=mm&r=g","contentUrl":"https:\/\/secure.gravatar.com\/avatar\/219e749e47ffbcca018a360ae4add7d4cdf1cdaaf8bc7676b27efade3fe65615?s=96&d=mm&r=g","caption":"J.J."},"url":"https:\/\/vosgesinfo.fr\/saintdieinfo\/author\/j-j\/"}]}},"_links":{"self":[{"href":"https:\/\/vosgesinfo.fr\/saintdieinfo\/wp-json\/wp\/v2\/posts\/76704","targetHints":{"allow":["GET"]}}],"collection":[{"href":"https:\/\/vosgesinfo.fr\/saintdieinfo\/wp-json\/wp\/v2\/posts"}],"about":[{"href":"https:\/\/vosgesinfo.fr\/saintdieinfo\/wp-json\/wp\/v2\/types\/post"}],"author":[{"embeddable":true,"href":"https:\/\/vosgesinfo.fr\/saintdieinfo\/wp-json\/wp\/v2\/users\/46"}],"replies":[{"embeddable":true,"href":"https:\/\/vosgesinfo.fr\/saintdieinfo\/wp-json\/wp\/v2\/comments?post=76704"}],"version-history":[{"count":1,"href":"https:\/\/vosgesinfo.fr\/saintdieinfo\/wp-json\/wp\/v2\/posts\/76704\/revisions"}],"predecessor-version":[{"id":76707,"href":"https:\/\/vosgesinfo.fr\/saintdieinfo\/wp-json\/wp\/v2\/posts\/76704\/revisions\/76707"}],"wp:featuredmedia":[{"embeddable":true,"href":"https:\/\/vosgesinfo.fr\/saintdieinfo\/wp-json\/wp\/v2\/media\/76706"}],"wp:attachment":[{"href":"https:\/\/vosgesinfo.fr\/saintdieinfo\/wp-json\/wp\/v2\/media?parent=76704"}],"wp:term":[{"taxonomy":"category","embeddable":true,"href":"https:\/\/vosgesinfo.fr\/saintdieinfo\/wp-json\/wp\/v2\/categories?post=76704"},{"taxonomy":"post_tag","embeddable":true,"href":"https:\/\/vosgesinfo.fr\/saintdieinfo\/wp-json\/wp\/v2\/tags?post=76704"}],"curies":[{"name":"wp","href":"https:\/\/api.w.org\/{rel}","templated":true}]}}