{"id":76726,"date":"2025-04-13T14:00:24","date_gmt":"2025-04-13T12:00:24","guid":{"rendered":"https:\/\/vosgesinfo.fr\/saintdieinfo\/?p=76726"},"modified":"2025-04-13T14:00:24","modified_gmt":"2025-04-13T12:00:24","slug":"remiremont-une-table-ronde-donne-la-parole-aux-victimes-du-vaccin-et-du-covid-long","status":"publish","type":"post","link":"https:\/\/vosgesinfo.fr\/saintdieinfo\/2025\/04\/remiremont-une-table-ronde-donne-la-parole-aux-victimes-du-vaccin-et-du-covid-long\/","title":{"rendered":"Remiremont : une table ronde donne la parole aux victimes du vaccin et du Covid long"},"content":{"rendered":"<p data-start=\"193\" data-end=\"639\"><a href=\"https:\/\/vosgesinfo.fr\/app\/uploads\/sites\/5\/2025\/04\/conference-covid-remiremont-scaled.jpg\"><img decoding=\"async\" class=\"aligncenter size-full wp-image-80770\" src=\"https:\/\/vosgesinfo.fr\/app\/uploads\/sites\/5\/2025\/04\/conference-covid-remiremont-scaled.jpg\" alt=\"\" width=\"2560\" height=\"1920\" \/><\/a><\/p>\n<p class=\"\" data-start=\"193\" data-end=\"639\"><strong>Ce dimanche 13 avril, le tiers-lieu Sainplement \u00e0 Remiremont a accueilli une conf\u00e9rence-d\u00e9bat consacr\u00e9e au Covid long et aux effets secondaires de la vaccination contre le Covid-19. Organis\u00e9e sous forme de table ronde, la rencontre a r\u00e9uni des victimes, des familles de victimes, des chercheurs, des juristes et des journalistes ind\u00e9pendants, dans une volont\u00e9 d\u2019\u00e9change d\u2019exp\u00e9riences et d\u2019informations.<\/strong><\/p>\n<p class=\"\" data-start=\"641\" data-end=\"975\">La conf\u00e9rence a notamment \u00e9t\u00e9 marqu\u00e9e par les interventions, en visioconf\u00e9rence, de Jean-Marc Sabatier, directeur de recherche au CNRS, et du Dr Herv\u00e9 Seligmann, chercheur biom\u00e9dical, qui ont abord\u00e9 les effets biologiques potentiels des vaccins anti-Covid, en particulier les effets secondaires signal\u00e9s par certains patients.<\/p>\n<p class=\"\" data-start=\"977\" data-end=\"1450\">Plusieurs repr\u00e9sentants d\u2019associations \u00e9taient \u00e9galement pr\u00e9sents, comme Mathieu Dubois, pr\u00e9sident de l\u2019AAVIC Team, une association nationale regroupant des personnes d\u00e9clarant avoir subi des effets ind\u00e9sirables graves post-vaccination. Alain Maupas, vice-pr\u00e9sident de l\u2019association et p\u00e8re de M\u00e9lanie Maupas, 36 ans, atteinte de la maladie de Charcot apr\u00e8s une troisi\u00e8me injection du vaccin Pfizer, a t\u00e9moign\u00e9 de l\u2019impact de cette situation sur sa famille.<\/p>\n<p class=\"\" data-start=\"1452\" data-end=\"1897\">Parmi les autres participants figuraient Julia Walter, Cynthia Th\u00e9venot (pr\u00e9sidente de l\u2019association \u00ab On a eu not\u2019 dose \u00bb), Aurore, toutes se d\u00e9clarant victimes d\u2019effets ind\u00e9sirables, ainsi que Maimouna Niane-Faivre, pr\u00e9sidente du tiers-lieu Sainplement. Cette derni\u00e8re a partag\u00e9 un t\u00e9moignage personnel poignant, \u00e9voquant ses propres probl\u00e8mes de sant\u00e9 graves et invalidants survenus apr\u00e8s une troisi\u00e8me dose du vaccin Moderna.<\/p>\n<p class=\"\" data-start=\"1899\" data-end=\"2168\">La conf\u00e9rence a \u00e9galement accueilli Diane Richard, journaliste ind\u00e9pendante et membre des D\u00e9p\u00eaches citoyennes, ainsi qu&rsquo;une avocate sp\u00e9cialis\u00e9e dans la d\u00e9fense des professionnels de sant\u00e9 ayant perdu leur emploi pour avoir refus\u00e9 la vaccination obligatoire.<\/p>\n<p class=\"\" data-start=\"2170\" data-end=\"2461\">Environ 35 \u00e0 40 personnes ont assist\u00e9 \u00e0 cette rencontre, avec un moment d\u00e9di\u00e9 aux questions-r\u00e9ponses entre le public et les intervenants. En ext\u00e9rieur, des affiches ont \u00e9t\u00e9 install\u00e9es, repr\u00e9sentant des personnes affirmant avoir \u00e9t\u00e9 victimes d\u2019effets secondaires post-vaccination et malheureusement, de personnes d\u00e9c\u00e9d\u00e9es.<\/p>\n<p data-start=\"2170\" data-end=\"2461\"><a href=\"https:\/\/vosgesinfo.fr\/app\/uploads\/sites\/5\/2025\/04\/conference-covid-remiremont-1-scaled.jpg\"><img decoding=\"async\" class=\"aligncenter size-full wp-image-80771\" src=\"https:\/\/vosgesinfo.fr\/app\/uploads\/sites\/5\/2025\/04\/conference-covid-remiremont-1-scaled.jpg\" alt=\"\" width=\"2560\" height=\"1920\" \/><\/a><\/p>\n","protected":false},"excerpt":{"rendered":"<p>Ce dimanche 13 avril, le tiers-lieu Sainplement \u00e0 Remiremont a accueilli une conf\u00e9rence-d\u00e9bat consacr\u00e9e au Covid long et aux effets [&hellip;]<\/p>\n","protected":false},"author":418,"featured_media":76727,"comment_status":"open","ping_status":"open","sticky":false,"template":"","format":"standard","meta":{"footnotes":""},"categories":[460,5392,5391,5389,4099,4100,4152],"tags":[16849,16850,16851,16852],"class_list":["post-76726","post","type-post","status-publish","format-standard","has-post-thumbnail","hentry","category-a-la-une","category-epinal","category-gerardmer","category-la-plaine-des-vosges","category-remiremont","category-saint-die","category-sante","tag-aavivteam","tag-conference-covid","tag-on-a-eu-not-dose","tag-tiers-lieu-sainplement"],"acf":[],"yoast_head":"<!-- This site is optimized with the Yoast SEO plugin v22.5 - https:\/\/yoast.com\/wordpress\/plugins\/seo\/ -->\n<title>Remiremont : une table ronde donne la parole aux victimes du vaccin et du Covid long - Saint Die Info<\/title>\n<meta name=\"robots\" content=\"index, follow, max-snippet:-1, max-image-preview:large, max-video-preview:-1\" \/>\n<link rel=\"canonical\" href=\"https:\/\/vosgesinfo.fr\/saintdieinfo\/2025\/04\/remiremont-une-table-ronde-donne-la-parole-aux-victimes-du-vaccin-et-du-covid-long\/\" \/>\n<meta name=\"twitter:card\" content=\"summary_large_image\" \/>\n<meta name=\"twitter:title\" content=\"Remiremont : une table ronde donne la parole aux victimes du vaccin et du Covid long - Saint Die Info\" \/>\n<meta name=\"twitter:description\" content=\"Ce dimanche 13 avril, le tiers-lieu Sainplement \u00e0 Remiremont a accueilli une conf\u00e9rence-d\u00e9bat consacr\u00e9e au Covid long et aux effets [&hellip;]\" \/>\n<meta name=\"twitter:image\" content=\"https:\/\/vosgesinfo.fr\/app\/uploads\/sites\/4\/2025\/04\/conference-covid-remiremont-scaled-1.jpg\" \/>\n<meta name=\"twitter:creator\" content=\"@VosgesInfo88\" \/>\n<meta name=\"twitter:site\" content=\"@VosgesInfo88\" \/>\n<meta name=\"twitter:label1\" content=\"\u00c9crit par\" \/>\n\t<meta name=\"twitter:data1\" content=\"C.M\" \/>\n\t<meta name=\"twitter:label2\" content=\"Dur\u00e9e de lecture estim\u00e9e\" \/>\n\t<meta name=\"twitter:data2\" content=\"2 minutes\" \/>\n<script type=\"application\/ld+json\" class=\"yoast-schema-graph\">{\"@context\":\"https:\/\/schema.org\",\"@graph\":[{\"@type\":\"Article\",\"@id\":\"https:\/\/vosgesinfo.fr\/saintdieinfo\/2025\/04\/remiremont-une-table-ronde-donne-la-parole-aux-victimes-du-vaccin-et-du-covid-long\/#article\",\"isPartOf\":{\"@id\":\"https:\/\/vosgesinfo.fr\/saintdieinfo\/2025\/04\/remiremont-une-table-ronde-donne-la-parole-aux-victimes-du-vaccin-et-du-covid-long\/\"},\"author\":{\"name\":\"C.M\",\"@id\":\"https:\/\/vosgesinfo.fr\/saintdieinfo\/#\/schema\/person\/4f38cd3068e342935b7304695c797d08\"},\"headline\":\"Remiremont : une table ronde donne la parole aux victimes du vaccin et du Covid long\",\"datePublished\":\"2025-04-13T12:00:24+00:00\",\"dateModified\":\"2025-04-13T12:00:24+00:00\",\"mainEntityOfPage\":{\"@id\":\"https:\/\/vosgesinfo.fr\/saintdieinfo\/2025\/04\/remiremont-une-table-ronde-donne-la-parole-aux-victimes-du-vaccin-et-du-covid-long\/\"},\"wordCount\":368,\"commentCount\":0,\"publisher\":{\"@id\":\"https:\/\/vosgesinfo.fr\/saintdieinfo\/#organization\"},\"image\":{\"@id\":\"https:\/\/vosgesinfo.fr\/saintdieinfo\/2025\/04\/remiremont-une-table-ronde-donne-la-parole-aux-victimes-du-vaccin-et-du-covid-long\/#primaryimage\"},\"thumbnailUrl\":\"https:\/\/vosgesinfo.fr\/app\/uploads\/sites\/4\/2025\/04\/conference-covid-remiremont-scaled-1.jpg\",\"keywords\":[\"AAVIVTEAM\",\"Conf\u00e9rence Covid\",\"On a eu not' dose\",\"Tiers Lieu Sainplement\"],\"articleSection\":[\"A la Une\",\"Epinal\",\"Gerardmer\",\"La plaine des vosges\",\"Remiremont\",\"Saint-di\u00e9\",\"Sant\u00e9\"],\"inLanguage\":\"fr-FR\",\"potentialAction\":[{\"@type\":\"CommentAction\",\"name\":\"Comment\",\"target\":[\"https:\/\/vosgesinfo.fr\/saintdieinfo\/2025\/04\/remiremont-une-table-ronde-donne-la-parole-aux-victimes-du-vaccin-et-du-covid-long\/#respond\"]}]},{\"@type\":\"WebPage\",\"@id\":\"https:\/\/vosgesinfo.fr\/saintdieinfo\/2025\/04\/remiremont-une-table-ronde-donne-la-parole-aux-victimes-du-vaccin-et-du-covid-long\/\",\"url\":\"https:\/\/vosgesinfo.fr\/saintdieinfo\/2025\/04\/remiremont-une-table-ronde-donne-la-parole-aux-victimes-du-vaccin-et-du-covid-long\/\",\"name\":\"Remiremont : une table ronde donne la parole aux victimes du vaccin et du Covid long - Saint Die Info\",\"isPartOf\":{\"@id\":\"https:\/\/vosgesinfo.fr\/saintdieinfo\/#website\"},\"primaryImageOfPage\":{\"@id\":\"https:\/\/vosgesinfo.fr\/saintdieinfo\/2025\/04\/remiremont-une-table-ronde-donne-la-parole-aux-victimes-du-vaccin-et-du-covid-long\/#primaryimage\"},\"image\":{\"@id\":\"https:\/\/vosgesinfo.fr\/saintdieinfo\/2025\/04\/remiremont-une-table-ronde-donne-la-parole-aux-victimes-du-vaccin-et-du-covid-long\/#primaryimage\"},\"thumbnailUrl\":\"https:\/\/vosgesinfo.fr\/app\/uploads\/sites\/4\/2025\/04\/conference-covid-remiremont-scaled-1.jpg\",\"datePublished\":\"2025-04-13T12:00:24+00:00\",\"dateModified\":\"2025-04-13T12:00:24+00:00\",\"breadcrumb\":{\"@id\":\"https:\/\/vosgesinfo.fr\/saintdieinfo\/2025\/04\/remiremont-une-table-ronde-donne-la-parole-aux-victimes-du-vaccin-et-du-covid-long\/#breadcrumb\"},\"inLanguage\":\"fr-FR\",\"potentialAction\":[{\"@type\":\"ReadAction\",\"target\":[\"https:\/\/vosgesinfo.fr\/saintdieinfo\/2025\/04\/remiremont-une-table-ronde-donne-la-parole-aux-victimes-du-vaccin-et-du-covid-long\/\"]}]},{\"@type\":\"ImageObject\",\"inLanguage\":\"fr-FR\",\"@id\":\"https:\/\/vosgesinfo.fr\/saintdieinfo\/2025\/04\/remiremont-une-table-ronde-donne-la-parole-aux-victimes-du-vaccin-et-du-covid-long\/#primaryimage\",\"url\":\"https:\/\/vosgesinfo.fr\/app\/uploads\/sites\/4\/2025\/04\/conference-covid-remiremont-scaled-1.jpg\",\"contentUrl\":\"https:\/\/vosgesinfo.fr\/app\/uploads\/sites\/4\/2025\/04\/conference-covid-remiremont-scaled-1.jpg\",\"width\":2560,\"height\":1920},{\"@type\":\"BreadcrumbList\",\"@id\":\"https:\/\/vosgesinfo.fr\/saintdieinfo\/2025\/04\/remiremont-une-table-ronde-donne-la-parole-aux-victimes-du-vaccin-et-du-covid-long\/#breadcrumb\",\"itemListElement\":[{\"@type\":\"ListItem\",\"position\":1,\"name\":\"Home\",\"item\":\"https:\/\/vosgesinfo.fr\/saintdieinfo\/\"},{\"@type\":\"ListItem\",\"position\":2,\"name\":\"Remiremont : une table ronde donne la parole aux victimes du vaccin et du Covid long\"}]},{\"@type\":\"WebSite\",\"@id\":\"https:\/\/vosgesinfo.fr\/saintdieinfo\/#website\",\"url\":\"https:\/\/vosgesinfo.fr\/saintdieinfo\/\",\"name\":\"Saint Die Info\",\"description\":\"Toute l&#039;actualit\u00e9 de Saint-Di\u00e9-Des-Vosges\",\"publisher\":{\"@id\":\"https:\/\/vosgesinfo.fr\/saintdieinfo\/#organization\"},\"alternateName\":\"Toute l'actualit\u00e9 de Saint-Di\u00e9-Des-Vosges\",\"potentialAction\":[{\"@type\":\"SearchAction\",\"target\":{\"@type\":\"EntryPoint\",\"urlTemplate\":\"https:\/\/vosgesinfo.fr\/saintdieinfo\/?s={search_term_string}\"},\"query-input\":\"required name=search_term_string\"}],\"inLanguage\":\"fr-FR\"},{\"@type\":\"Organization\",\"@id\":\"https:\/\/vosgesinfo.fr\/saintdieinfo\/#organization\",\"name\":\"Saint Die Info\",\"url\":\"https:\/\/vosgesinfo.fr\/saintdieinfo\/\",\"logo\":{\"@type\":\"ImageObject\",\"inLanguage\":\"fr-FR\",\"@id\":\"https:\/\/vosgesinfo.fr\/saintdieinfo\/#\/schema\/logo\/image\/\",\"url\":\"https:\/\/vosgesinfo.fr\/app\/uploads\/sites\/4\/2024\/02\/logo-sdi.jpg\",\"contentUrl\":\"https:\/\/vosgesinfo.fr\/app\/uploads\/sites\/4\/2024\/02\/logo-sdi.jpg\",\"width\":600,\"height\":600,\"caption\":\"Saint Die Info\"},\"image\":{\"@id\":\"https:\/\/vosgesinfo.fr\/saintdieinfo\/#\/schema\/logo\/image\/\"},\"sameAs\":[\"https:\/\/www.facebook.com\/Saintdieinfofr\",\"https:\/\/x.com\/VosgesInfo88\",\"https:\/\/www.youtube.com\/@vosgesinfo\"]},{\"@type\":\"Person\",\"@id\":\"https:\/\/vosgesinfo.fr\/saintdieinfo\/#\/schema\/person\/4f38cd3068e342935b7304695c797d08\",\"name\":\"C.M\",\"image\":{\"@type\":\"ImageObject\",\"inLanguage\":\"fr-FR\",\"@id\":\"https:\/\/vosgesinfo.fr\/saintdieinfo\/#\/schema\/person\/image\/\",\"url\":\"https:\/\/secure.gravatar.com\/avatar\/fe9daaef0164d920717484172682f3c5c9bcf7d42aa8c7048c76c34f0eb6c8da?s=96&d=mm&r=g\",\"contentUrl\":\"https:\/\/secure.gravatar.com\/avatar\/fe9daaef0164d920717484172682f3c5c9bcf7d42aa8c7048c76c34f0eb6c8da?s=96&d=mm&r=g\",\"caption\":\"C.M\"},\"url\":\"https:\/\/vosgesinfo.fr\/saintdieinfo\/author\/cm88200\/\"}]}<\/script>\n<!-- \/ Yoast SEO plugin. -->","yoast_head_json":{"title":"Remiremont : une table ronde donne la parole aux victimes du vaccin et du Covid long - Saint Die Info","robots":{"index":"index","follow":"follow","max-snippet":"max-snippet:-1","max-image-preview":"max-image-preview:large","max-video-preview":"max-video-preview:-1"},"canonical":"https:\/\/vosgesinfo.fr\/saintdieinfo\/2025\/04\/remiremont-une-table-ronde-donne-la-parole-aux-victimes-du-vaccin-et-du-covid-long\/","twitter_card":"summary_large_image","twitter_title":"Remiremont : une table ronde donne la parole aux victimes du vaccin et du Covid long - Saint Die Info","twitter_description":"Ce dimanche 13 avril, le tiers-lieu Sainplement \u00e0 Remiremont a accueilli une conf\u00e9rence-d\u00e9bat consacr\u00e9e au Covid long et aux effets [&hellip;]","twitter_image":"https:\/\/vosgesinfo.fr\/app\/uploads\/sites\/4\/2025\/04\/conference-covid-remiremont-scaled-1.jpg","twitter_creator":"@VosgesInfo88","twitter_site":"@VosgesInfo88","twitter_misc":{"\u00c9crit par":"C.M","Dur\u00e9e de lecture estim\u00e9e":"2 minutes"},"schema":{"@context":"https:\/\/schema.org","@graph":[{"@type":"Article","@id":"https:\/\/vosgesinfo.fr\/saintdieinfo\/2025\/04\/remiremont-une-table-ronde-donne-la-parole-aux-victimes-du-vaccin-et-du-covid-long\/#article","isPartOf":{"@id":"https:\/\/vosgesinfo.fr\/saintdieinfo\/2025\/04\/remiremont-une-table-ronde-donne-la-parole-aux-victimes-du-vaccin-et-du-covid-long\/"},"author":{"name":"C.M","@id":"https:\/\/vosgesinfo.fr\/saintdieinfo\/#\/schema\/person\/4f38cd3068e342935b7304695c797d08"},"headline":"Remiremont : une table ronde donne la parole aux victimes du vaccin et du Covid long","datePublished":"2025-04-13T12:00:24+00:00","dateModified":"2025-04-13T12:00:24+00:00","mainEntityOfPage":{"@id":"https:\/\/vosgesinfo.fr\/saintdieinfo\/2025\/04\/remiremont-une-table-ronde-donne-la-parole-aux-victimes-du-vaccin-et-du-covid-long\/"},"wordCount":368,"commentCount":0,"publisher":{"@id":"https:\/\/vosgesinfo.fr\/saintdieinfo\/#organization"},"image":{"@id":"https:\/\/vosgesinfo.fr\/saintdieinfo\/2025\/04\/remiremont-une-table-ronde-donne-la-parole-aux-victimes-du-vaccin-et-du-covid-long\/#primaryimage"},"thumbnailUrl":"https:\/\/vosgesinfo.fr\/app\/uploads\/sites\/4\/2025\/04\/conference-covid-remiremont-scaled-1.jpg","keywords":["AAVIVTEAM","Conf\u00e9rence Covid","On a eu not' dose","Tiers Lieu Sainplement"],"articleSection":["A la Une","Epinal","Gerardmer","La plaine des vosges","Remiremont","Saint-di\u00e9","Sant\u00e9"],"inLanguage":"fr-FR","potentialAction":[{"@type":"CommentAction","name":"Comment","target":["https:\/\/vosgesinfo.fr\/saintdieinfo\/2025\/04\/remiremont-une-table-ronde-donne-la-parole-aux-victimes-du-vaccin-et-du-covid-long\/#respond"]}]},{"@type":"WebPage","@id":"https:\/\/vosgesinfo.fr\/saintdieinfo\/2025\/04\/remiremont-une-table-ronde-donne-la-parole-aux-victimes-du-vaccin-et-du-covid-long\/","url":"https:\/\/vosgesinfo.fr\/saintdieinfo\/2025\/04\/remiremont-une-table-ronde-donne-la-parole-aux-victimes-du-vaccin-et-du-covid-long\/","name":"Remiremont : une table ronde donne la parole aux victimes du vaccin et du Covid long - Saint Die Info","isPartOf":{"@id":"https:\/\/vosgesinfo.fr\/saintdieinfo\/#website"},"primaryImageOfPage":{"@id":"https:\/\/vosgesinfo.fr\/saintdieinfo\/2025\/04\/remiremont-une-table-ronde-donne-la-parole-aux-victimes-du-vaccin-et-du-covid-long\/#primaryimage"},"image":{"@id":"https:\/\/vosgesinfo.fr\/saintdieinfo\/2025\/04\/remiremont-une-table-ronde-donne-la-parole-aux-victimes-du-vaccin-et-du-covid-long\/#primaryimage"},"thumbnailUrl":"https:\/\/vosgesinfo.fr\/app\/uploads\/sites\/4\/2025\/04\/conference-covid-remiremont-scaled-1.jpg","datePublished":"2025-04-13T12:00:24+00:00","dateModified":"2025-04-13T12:00:24+00:00","breadcrumb":{"@id":"https:\/\/vosgesinfo.fr\/saintdieinfo\/2025\/04\/remiremont-une-table-ronde-donne-la-parole-aux-victimes-du-vaccin-et-du-covid-long\/#breadcrumb"},"inLanguage":"fr-FR","potentialAction":[{"@type":"ReadAction","target":["https:\/\/vosgesinfo.fr\/saintdieinfo\/2025\/04\/remiremont-une-table-ronde-donne-la-parole-aux-victimes-du-vaccin-et-du-covid-long\/"]}]},{"@type":"ImageObject","inLanguage":"fr-FR","@id":"https:\/\/vosgesinfo.fr\/saintdieinfo\/2025\/04\/remiremont-une-table-ronde-donne-la-parole-aux-victimes-du-vaccin-et-du-covid-long\/#primaryimage","url":"https:\/\/vosgesinfo.fr\/app\/uploads\/sites\/4\/2025\/04\/conference-covid-remiremont-scaled-1.jpg","contentUrl":"https:\/\/vosgesinfo.fr\/app\/uploads\/sites\/4\/2025\/04\/conference-covid-remiremont-scaled-1.jpg","width":2560,"height":1920},{"@type":"BreadcrumbList","@id":"https:\/\/vosgesinfo.fr\/saintdieinfo\/2025\/04\/remiremont-une-table-ronde-donne-la-parole-aux-victimes-du-vaccin-et-du-covid-long\/#breadcrumb","itemListElement":[{"@type":"ListItem","position":1,"name":"Home","item":"https:\/\/vosgesinfo.fr\/saintdieinfo\/"},{"@type":"ListItem","position":2,"name":"Remiremont : une table ronde donne la parole aux victimes du vaccin et du Covid long"}]},{"@type":"WebSite","@id":"https:\/\/vosgesinfo.fr\/saintdieinfo\/#website","url":"https:\/\/vosgesinfo.fr\/saintdieinfo\/","name":"Saint Die Info","description":"Toute l&#039;actualit\u00e9 de Saint-Di\u00e9-Des-Vosges","publisher":{"@id":"https:\/\/vosgesinfo.fr\/saintdieinfo\/#organization"},"alternateName":"Toute l'actualit\u00e9 de Saint-Di\u00e9-Des-Vosges","potentialAction":[{"@type":"SearchAction","target":{"@type":"EntryPoint","urlTemplate":"https:\/\/vosgesinfo.fr\/saintdieinfo\/?s={search_term_string}"},"query-input":"required name=search_term_string"}],"inLanguage":"fr-FR"},{"@type":"Organization","@id":"https:\/\/vosgesinfo.fr\/saintdieinfo\/#organization","name":"Saint Die Info","url":"https:\/\/vosgesinfo.fr\/saintdieinfo\/","logo":{"@type":"ImageObject","inLanguage":"fr-FR","@id":"https:\/\/vosgesinfo.fr\/saintdieinfo\/#\/schema\/logo\/image\/","url":"https:\/\/vosgesinfo.fr\/app\/uploads\/sites\/4\/2024\/02\/logo-sdi.jpg","contentUrl":"https:\/\/vosgesinfo.fr\/app\/uploads\/sites\/4\/2024\/02\/logo-sdi.jpg","width":600,"height":600,"caption":"Saint Die Info"},"image":{"@id":"https:\/\/vosgesinfo.fr\/saintdieinfo\/#\/schema\/logo\/image\/"},"sameAs":["https:\/\/www.facebook.com\/Saintdieinfofr","https:\/\/x.com\/VosgesInfo88","https:\/\/www.youtube.com\/@vosgesinfo"]},{"@type":"Person","@id":"https:\/\/vosgesinfo.fr\/saintdieinfo\/#\/schema\/person\/4f38cd3068e342935b7304695c797d08","name":"C.M","image":{"@type":"ImageObject","inLanguage":"fr-FR","@id":"https:\/\/vosgesinfo.fr\/saintdieinfo\/#\/schema\/person\/image\/","url":"https:\/\/secure.gravatar.com\/avatar\/fe9daaef0164d920717484172682f3c5c9bcf7d42aa8c7048c76c34f0eb6c8da?s=96&d=mm&r=g","contentUrl":"https:\/\/secure.gravatar.com\/avatar\/fe9daaef0164d920717484172682f3c5c9bcf7d42aa8c7048c76c34f0eb6c8da?s=96&d=mm&r=g","caption":"C.M"},"url":"https:\/\/vosgesinfo.fr\/saintdieinfo\/author\/cm88200\/"}]}},"_links":{"self":[{"href":"https:\/\/vosgesinfo.fr\/saintdieinfo\/wp-json\/wp\/v2\/posts\/76726","targetHints":{"allow":["GET"]}}],"collection":[{"href":"https:\/\/vosgesinfo.fr\/saintdieinfo\/wp-json\/wp\/v2\/posts"}],"about":[{"href":"https:\/\/vosgesinfo.fr\/saintdieinfo\/wp-json\/wp\/v2\/types\/post"}],"author":[{"embeddable":true,"href":"https:\/\/vosgesinfo.fr\/saintdieinfo\/wp-json\/wp\/v2\/users\/418"}],"replies":[{"embeddable":true,"href":"https:\/\/vosgesinfo.fr\/saintdieinfo\/wp-json\/wp\/v2\/comments?post=76726"}],"version-history":[{"count":0,"href":"https:\/\/vosgesinfo.fr\/saintdieinfo\/wp-json\/wp\/v2\/posts\/76726\/revisions"}],"wp:featuredmedia":[{"embeddable":true,"href":"https:\/\/vosgesinfo.fr\/saintdieinfo\/wp-json\/wp\/v2\/media\/76727"}],"wp:attachment":[{"href":"https:\/\/vosgesinfo.fr\/saintdieinfo\/wp-json\/wp\/v2\/media?parent=76726"}],"wp:term":[{"taxonomy":"category","embeddable":true,"href":"https:\/\/vosgesinfo.fr\/saintdieinfo\/wp-json\/wp\/v2\/categories?post=76726"},{"taxonomy":"post_tag","embeddable":true,"href":"https:\/\/vosgesinfo.fr\/saintdieinfo\/wp-json\/wp\/v2\/tags?post=76726"}],"curies":[{"name":"wp","href":"https:\/\/api.w.org\/{rel}","templated":true}]}}