{"id":76760,"date":"2025-04-14T11:55:53","date_gmt":"2025-04-14T09:55:53","guid":{"rendered":"https:\/\/vosgesinfo.fr\/saintdieinfo\/?p=76760"},"modified":"2025-04-14T11:51:24","modified_gmt":"2025-04-14T09:51:24","slug":"don-de-sang-collecte-a-plainfaing-mercredi-23-avril","status":"publish","type":"post","link":"https:\/\/vosgesinfo.fr\/saintdieinfo\/2025\/04\/don-de-sang-collecte-a-plainfaing-mercredi-23-avril\/","title":{"rendered":"Don de sang : collecte \u00e0 Plainfaing mercredi 23 avril"},"content":{"rendered":"<h2>Une collecte de sang organis\u00e9e \u00e0 Plainfaing par l\u2019Etablissement Fran\u00e7ais du Sang \u2013 EFS \u2013 Grand Est, avec le soutien de l\u2019amicale locale des Donneurs de Sang b\u00e9n\u00e9voles, aura lieu le mercredi 23 avril prochain, de 16h30 \u00e0 19h30 \u00e0 la salle polyvalente de la commune. Pour prendre rendez-vous, facultatif mais conseill\u00e9, rendez-vous sur <a href=\"https:\/\/dondesang.efs.sante.fr\/trouver-une-collecte?ville=ST%20DIE%20DES%20VOSGES\" target=\"_blank\" rel=\"noopener\">https:\/\/dondesang.efs.sante.fr<\/a>.<\/h2>\n<div id=\"attachment_76761\" style=\"width: 734px\" class=\"wp-caption alignnone\"><a href=\"https:\/\/vosgesinfo.fr\/app\/uploads\/sites\/4\/2025\/04\/plainfaing-don-de-sang-23042025.jpg\"><img decoding=\"async\" aria-describedby=\"caption-attachment-76761\" class=\"size-large wp-image-76761\" src=\"https:\/\/vosgesinfo.fr\/app\/uploads\/sites\/4\/2025\/04\/plainfaing-don-de-sang-23042025-724x1024.jpg\" alt=\"\" width=\"724\" height=\"1024\" srcset=\"https:\/\/vosgesinfo.fr\/app\/uploads\/sites\/4\/2025\/04\/plainfaing-don-de-sang-23042025-724x1024.jpg 724w, https:\/\/vosgesinfo.fr\/app\/uploads\/sites\/4\/2025\/04\/plainfaing-don-de-sang-23042025-212x300.jpg 212w, https:\/\/vosgesinfo.fr\/app\/uploads\/sites\/4\/2025\/04\/plainfaing-don-de-sang-23042025-768x1086.jpg 768w, https:\/\/vosgesinfo.fr\/app\/uploads\/sites\/4\/2025\/04\/plainfaing-don-de-sang-23042025-1086x1536.jpg 1086w, https:\/\/vosgesinfo.fr\/app\/uploads\/sites\/4\/2025\/04\/plainfaing-don-de-sang-23042025-1448x2048.jpg 1448w, https:\/\/vosgesinfo.fr\/app\/uploads\/sites\/4\/2025\/04\/plainfaing-don-de-sang-23042025.jpg 1653w\" sizes=\"(max-width: 724px) 100vw, 724px\" \/><\/a><p id=\"caption-attachment-76761\" class=\"wp-caption-text\">EPSON MFP image<\/p><\/div>\n","protected":false},"excerpt":{"rendered":"<p>Une collecte de sang organis\u00e9e \u00e0 Plainfaing par l\u2019Etablissement Fran\u00e7ais du Sang \u2013 EFS \u2013 Grand Est, avec le soutien [&hellip;]<\/p>\n","protected":false},"author":46,"featured_media":74683,"comment_status":"open","ping_status":"open","sticky":false,"template":"","format":"standard","meta":{"footnotes":""},"categories":[3900,3903,4152,29,17],"tags":[16862,11691,3196,2481],"class_list":["post-76760","post","type-post","status-publish","format-standard","has-post-thumbnail","hentry","category-breves","category-deodatie","category-sante","category-solidarite","category-vie-associative","tag-collecte-de-sang-a-plainfaing","tag-donneurs-de-sang-benevoles","tag-efs-grand-est","tag-plainfaing"],"acf":[],"yoast_head":"<!-- This site is optimized with the Yoast SEO plugin v22.5 - https:\/\/yoast.com\/wordpress\/plugins\/seo\/ -->\n<title>Don de sang : collecte \u00e0 Plainfaing mercredi 23 avril - Saint Die Info<\/title>\n<meta name=\"robots\" content=\"index, follow, max-snippet:-1, max-image-preview:large, max-video-preview:-1\" \/>\n<link rel=\"canonical\" href=\"https:\/\/vosgesinfo.fr\/saintdieinfo\/2025\/04\/don-de-sang-collecte-a-plainfaing-mercredi-23-avril\/\" \/>\n<meta name=\"twitter:card\" content=\"summary_large_image\" \/>\n<meta name=\"twitter:title\" content=\"Don de sang : collecte \u00e0 Plainfaing mercredi 23 avril - Saint Die Info\" \/>\n<meta name=\"twitter:description\" content=\"Une collecte de sang organis\u00e9e \u00e0 Plainfaing par l\u2019Etablissement Fran\u00e7ais du Sang \u2013 EFS \u2013 Grand Est, avec le soutien [&hellip;]\" \/>\n<meta name=\"twitter:image\" content=\"https:\/\/vosgesinfo.fr\/app\/uploads\/sites\/4\/2025\/03\/202008don-du-sang11-41.jpg\" \/>\n<meta name=\"twitter:creator\" content=\"@VosgesInfo88\" \/>\n<meta name=\"twitter:site\" content=\"@VosgesInfo88\" \/>\n<meta name=\"twitter:label1\" content=\"\u00c9crit par\" \/>\n\t<meta name=\"twitter:data1\" content=\"J.J.\" \/>\n<script type=\"application\/ld+json\" class=\"yoast-schema-graph\">{\"@context\":\"https:\/\/schema.org\",\"@graph\":[{\"@type\":\"Article\",\"@id\":\"https:\/\/vosgesinfo.fr\/saintdieinfo\/2025\/04\/don-de-sang-collecte-a-plainfaing-mercredi-23-avril\/#article\",\"isPartOf\":{\"@id\":\"https:\/\/vosgesinfo.fr\/saintdieinfo\/2025\/04\/don-de-sang-collecte-a-plainfaing-mercredi-23-avril\/\"},\"author\":{\"name\":\"J.J.\",\"@id\":\"https:\/\/vosgesinfo.fr\/saintdieinfo\/#\/schema\/person\/fa73e9f726d67bb88f46d5b7943cb572\"},\"headline\":\"Don de sang : collecte \u00e0 Plainfaing mercredi 23 avril\",\"datePublished\":\"2025-04-14T09:55:53+00:00\",\"dateModified\":\"2025-04-14T09:51:24+00:00\",\"mainEntityOfPage\":{\"@id\":\"https:\/\/vosgesinfo.fr\/saintdieinfo\/2025\/04\/don-de-sang-collecte-a-plainfaing-mercredi-23-avril\/\"},\"wordCount\":76,\"commentCount\":0,\"publisher\":{\"@id\":\"https:\/\/vosgesinfo.fr\/saintdieinfo\/#organization\"},\"image\":{\"@id\":\"https:\/\/vosgesinfo.fr\/saintdieinfo\/2025\/04\/don-de-sang-collecte-a-plainfaing-mercredi-23-avril\/#primaryimage\"},\"thumbnailUrl\":\"https:\/\/vosgesinfo.fr\/app\/uploads\/sites\/4\/2025\/03\/202008don-du-sang11-41.jpg\",\"keywords\":[\"Collecte de sang \u00e0 Plainfaing\",\"Donneurs de Sang B\u00e9n\u00e9voles\",\"EFS Grand Est\",\"Plainfaing\"],\"articleSection\":[\"Br\u00e8ves\",\"D\u00e9odatie\",\"Sant\u00e9\",\"Solidarit\u00e9\",\"Vie Associative\"],\"inLanguage\":\"fr-FR\",\"potentialAction\":[{\"@type\":\"CommentAction\",\"name\":\"Comment\",\"target\":[\"https:\/\/vosgesinfo.fr\/saintdieinfo\/2025\/04\/don-de-sang-collecte-a-plainfaing-mercredi-23-avril\/#respond\"]}]},{\"@type\":\"WebPage\",\"@id\":\"https:\/\/vosgesinfo.fr\/saintdieinfo\/2025\/04\/don-de-sang-collecte-a-plainfaing-mercredi-23-avril\/\",\"url\":\"https:\/\/vosgesinfo.fr\/saintdieinfo\/2025\/04\/don-de-sang-collecte-a-plainfaing-mercredi-23-avril\/\",\"name\":\"Don de sang : collecte \u00e0 Plainfaing mercredi 23 avril - Saint Die Info\",\"isPartOf\":{\"@id\":\"https:\/\/vosgesinfo.fr\/saintdieinfo\/#website\"},\"primaryImageOfPage\":{\"@id\":\"https:\/\/vosgesinfo.fr\/saintdieinfo\/2025\/04\/don-de-sang-collecte-a-plainfaing-mercredi-23-avril\/#primaryimage\"},\"image\":{\"@id\":\"https:\/\/vosgesinfo.fr\/saintdieinfo\/2025\/04\/don-de-sang-collecte-a-plainfaing-mercredi-23-avril\/#primaryimage\"},\"thumbnailUrl\":\"https:\/\/vosgesinfo.fr\/app\/uploads\/sites\/4\/2025\/03\/202008don-du-sang11-41.jpg\",\"datePublished\":\"2025-04-14T09:55:53+00:00\",\"dateModified\":\"2025-04-14T09:51:24+00:00\",\"breadcrumb\":{\"@id\":\"https:\/\/vosgesinfo.fr\/saintdieinfo\/2025\/04\/don-de-sang-collecte-a-plainfaing-mercredi-23-avril\/#breadcrumb\"},\"inLanguage\":\"fr-FR\",\"potentialAction\":[{\"@type\":\"ReadAction\",\"target\":[\"https:\/\/vosgesinfo.fr\/saintdieinfo\/2025\/04\/don-de-sang-collecte-a-plainfaing-mercredi-23-avril\/\"]}]},{\"@type\":\"ImageObject\",\"inLanguage\":\"fr-FR\",\"@id\":\"https:\/\/vosgesinfo.fr\/saintdieinfo\/2025\/04\/don-de-sang-collecte-a-plainfaing-mercredi-23-avril\/#primaryimage\",\"url\":\"https:\/\/vosgesinfo.fr\/app\/uploads\/sites\/4\/2025\/03\/202008don-du-sang11-41.jpg\",\"contentUrl\":\"https:\/\/vosgesinfo.fr\/app\/uploads\/sites\/4\/2025\/03\/202008don-du-sang11-41.jpg\",\"width\":600,\"height\":402,\"caption\":\"(Illustration)\"},{\"@type\":\"BreadcrumbList\",\"@id\":\"https:\/\/vosgesinfo.fr\/saintdieinfo\/2025\/04\/don-de-sang-collecte-a-plainfaing-mercredi-23-avril\/#breadcrumb\",\"itemListElement\":[{\"@type\":\"ListItem\",\"position\":1,\"name\":\"Home\",\"item\":\"https:\/\/vosgesinfo.fr\/saintdieinfo\/\"},{\"@type\":\"ListItem\",\"position\":2,\"name\":\"Don de sang : collecte \u00e0 Plainfaing mercredi 23 avril\"}]},{\"@type\":\"WebSite\",\"@id\":\"https:\/\/vosgesinfo.fr\/saintdieinfo\/#website\",\"url\":\"https:\/\/vosgesinfo.fr\/saintdieinfo\/\",\"name\":\"Saint Die Info\",\"description\":\"Toute l&#039;actualit\u00e9 de Saint-Di\u00e9-Des-Vosges\",\"publisher\":{\"@id\":\"https:\/\/vosgesinfo.fr\/saintdieinfo\/#organization\"},\"alternateName\":\"Toute l'actualit\u00e9 de Saint-Di\u00e9-Des-Vosges\",\"potentialAction\":[{\"@type\":\"SearchAction\",\"target\":{\"@type\":\"EntryPoint\",\"urlTemplate\":\"https:\/\/vosgesinfo.fr\/saintdieinfo\/?s={search_term_string}\"},\"query-input\":\"required name=search_term_string\"}],\"inLanguage\":\"fr-FR\"},{\"@type\":\"Organization\",\"@id\":\"https:\/\/vosgesinfo.fr\/saintdieinfo\/#organization\",\"name\":\"Saint Die Info\",\"url\":\"https:\/\/vosgesinfo.fr\/saintdieinfo\/\",\"logo\":{\"@type\":\"ImageObject\",\"inLanguage\":\"fr-FR\",\"@id\":\"https:\/\/vosgesinfo.fr\/saintdieinfo\/#\/schema\/logo\/image\/\",\"url\":\"https:\/\/vosgesinfo.fr\/app\/uploads\/sites\/4\/2024\/02\/logo-sdi.jpg\",\"contentUrl\":\"https:\/\/vosgesinfo.fr\/app\/uploads\/sites\/4\/2024\/02\/logo-sdi.jpg\",\"width\":600,\"height\":600,\"caption\":\"Saint Die Info\"},\"image\":{\"@id\":\"https:\/\/vosgesinfo.fr\/saintdieinfo\/#\/schema\/logo\/image\/\"},\"sameAs\":[\"https:\/\/www.facebook.com\/Saintdieinfofr\",\"https:\/\/x.com\/VosgesInfo88\",\"https:\/\/www.youtube.com\/@vosgesinfo\"]},{\"@type\":\"Person\",\"@id\":\"https:\/\/vosgesinfo.fr\/saintdieinfo\/#\/schema\/person\/fa73e9f726d67bb88f46d5b7943cb572\",\"name\":\"J.J.\",\"image\":{\"@type\":\"ImageObject\",\"inLanguage\":\"fr-FR\",\"@id\":\"https:\/\/vosgesinfo.fr\/saintdieinfo\/#\/schema\/person\/image\/\",\"url\":\"https:\/\/secure.gravatar.com\/avatar\/219e749e47ffbcca018a360ae4add7d4cdf1cdaaf8bc7676b27efade3fe65615?s=96&d=mm&r=g\",\"contentUrl\":\"https:\/\/secure.gravatar.com\/avatar\/219e749e47ffbcca018a360ae4add7d4cdf1cdaaf8bc7676b27efade3fe65615?s=96&d=mm&r=g\",\"caption\":\"J.J.\"},\"url\":\"https:\/\/vosgesinfo.fr\/saintdieinfo\/author\/j-j\/\"}]}<\/script>\n<!-- \/ Yoast SEO plugin. -->","yoast_head_json":{"title":"Don de sang : collecte \u00e0 Plainfaing mercredi 23 avril - Saint Die Info","robots":{"index":"index","follow":"follow","max-snippet":"max-snippet:-1","max-image-preview":"max-image-preview:large","max-video-preview":"max-video-preview:-1"},"canonical":"https:\/\/vosgesinfo.fr\/saintdieinfo\/2025\/04\/don-de-sang-collecte-a-plainfaing-mercredi-23-avril\/","twitter_card":"summary_large_image","twitter_title":"Don de sang : collecte \u00e0 Plainfaing mercredi 23 avril - Saint Die Info","twitter_description":"Une collecte de sang organis\u00e9e \u00e0 Plainfaing par l\u2019Etablissement Fran\u00e7ais du Sang \u2013 EFS \u2013 Grand Est, avec le soutien [&hellip;]","twitter_image":"https:\/\/vosgesinfo.fr\/app\/uploads\/sites\/4\/2025\/03\/202008don-du-sang11-41.jpg","twitter_creator":"@VosgesInfo88","twitter_site":"@VosgesInfo88","twitter_misc":{"\u00c9crit par":"J.J."},"schema":{"@context":"https:\/\/schema.org","@graph":[{"@type":"Article","@id":"https:\/\/vosgesinfo.fr\/saintdieinfo\/2025\/04\/don-de-sang-collecte-a-plainfaing-mercredi-23-avril\/#article","isPartOf":{"@id":"https:\/\/vosgesinfo.fr\/saintdieinfo\/2025\/04\/don-de-sang-collecte-a-plainfaing-mercredi-23-avril\/"},"author":{"name":"J.J.","@id":"https:\/\/vosgesinfo.fr\/saintdieinfo\/#\/schema\/person\/fa73e9f726d67bb88f46d5b7943cb572"},"headline":"Don de sang : collecte \u00e0 Plainfaing mercredi 23 avril","datePublished":"2025-04-14T09:55:53+00:00","dateModified":"2025-04-14T09:51:24+00:00","mainEntityOfPage":{"@id":"https:\/\/vosgesinfo.fr\/saintdieinfo\/2025\/04\/don-de-sang-collecte-a-plainfaing-mercredi-23-avril\/"},"wordCount":76,"commentCount":0,"publisher":{"@id":"https:\/\/vosgesinfo.fr\/saintdieinfo\/#organization"},"image":{"@id":"https:\/\/vosgesinfo.fr\/saintdieinfo\/2025\/04\/don-de-sang-collecte-a-plainfaing-mercredi-23-avril\/#primaryimage"},"thumbnailUrl":"https:\/\/vosgesinfo.fr\/app\/uploads\/sites\/4\/2025\/03\/202008don-du-sang11-41.jpg","keywords":["Collecte de sang \u00e0 Plainfaing","Donneurs de Sang B\u00e9n\u00e9voles","EFS Grand Est","Plainfaing"],"articleSection":["Br\u00e8ves","D\u00e9odatie","Sant\u00e9","Solidarit\u00e9","Vie Associative"],"inLanguage":"fr-FR","potentialAction":[{"@type":"CommentAction","name":"Comment","target":["https:\/\/vosgesinfo.fr\/saintdieinfo\/2025\/04\/don-de-sang-collecte-a-plainfaing-mercredi-23-avril\/#respond"]}]},{"@type":"WebPage","@id":"https:\/\/vosgesinfo.fr\/saintdieinfo\/2025\/04\/don-de-sang-collecte-a-plainfaing-mercredi-23-avril\/","url":"https:\/\/vosgesinfo.fr\/saintdieinfo\/2025\/04\/don-de-sang-collecte-a-plainfaing-mercredi-23-avril\/","name":"Don de sang : collecte \u00e0 Plainfaing mercredi 23 avril - Saint Die Info","isPartOf":{"@id":"https:\/\/vosgesinfo.fr\/saintdieinfo\/#website"},"primaryImageOfPage":{"@id":"https:\/\/vosgesinfo.fr\/saintdieinfo\/2025\/04\/don-de-sang-collecte-a-plainfaing-mercredi-23-avril\/#primaryimage"},"image":{"@id":"https:\/\/vosgesinfo.fr\/saintdieinfo\/2025\/04\/don-de-sang-collecte-a-plainfaing-mercredi-23-avril\/#primaryimage"},"thumbnailUrl":"https:\/\/vosgesinfo.fr\/app\/uploads\/sites\/4\/2025\/03\/202008don-du-sang11-41.jpg","datePublished":"2025-04-14T09:55:53+00:00","dateModified":"2025-04-14T09:51:24+00:00","breadcrumb":{"@id":"https:\/\/vosgesinfo.fr\/saintdieinfo\/2025\/04\/don-de-sang-collecte-a-plainfaing-mercredi-23-avril\/#breadcrumb"},"inLanguage":"fr-FR","potentialAction":[{"@type":"ReadAction","target":["https:\/\/vosgesinfo.fr\/saintdieinfo\/2025\/04\/don-de-sang-collecte-a-plainfaing-mercredi-23-avril\/"]}]},{"@type":"ImageObject","inLanguage":"fr-FR","@id":"https:\/\/vosgesinfo.fr\/saintdieinfo\/2025\/04\/don-de-sang-collecte-a-plainfaing-mercredi-23-avril\/#primaryimage","url":"https:\/\/vosgesinfo.fr\/app\/uploads\/sites\/4\/2025\/03\/202008don-du-sang11-41.jpg","contentUrl":"https:\/\/vosgesinfo.fr\/app\/uploads\/sites\/4\/2025\/03\/202008don-du-sang11-41.jpg","width":600,"height":402,"caption":"(Illustration)"},{"@type":"BreadcrumbList","@id":"https:\/\/vosgesinfo.fr\/saintdieinfo\/2025\/04\/don-de-sang-collecte-a-plainfaing-mercredi-23-avril\/#breadcrumb","itemListElement":[{"@type":"ListItem","position":1,"name":"Home","item":"https:\/\/vosgesinfo.fr\/saintdieinfo\/"},{"@type":"ListItem","position":2,"name":"Don de sang : collecte \u00e0 Plainfaing mercredi 23 avril"}]},{"@type":"WebSite","@id":"https:\/\/vosgesinfo.fr\/saintdieinfo\/#website","url":"https:\/\/vosgesinfo.fr\/saintdieinfo\/","name":"Saint Die Info","description":"Toute l&#039;actualit\u00e9 de Saint-Di\u00e9-Des-Vosges","publisher":{"@id":"https:\/\/vosgesinfo.fr\/saintdieinfo\/#organization"},"alternateName":"Toute l'actualit\u00e9 de Saint-Di\u00e9-Des-Vosges","potentialAction":[{"@type":"SearchAction","target":{"@type":"EntryPoint","urlTemplate":"https:\/\/vosgesinfo.fr\/saintdieinfo\/?s={search_term_string}"},"query-input":"required name=search_term_string"}],"inLanguage":"fr-FR"},{"@type":"Organization","@id":"https:\/\/vosgesinfo.fr\/saintdieinfo\/#organization","name":"Saint Die Info","url":"https:\/\/vosgesinfo.fr\/saintdieinfo\/","logo":{"@type":"ImageObject","inLanguage":"fr-FR","@id":"https:\/\/vosgesinfo.fr\/saintdieinfo\/#\/schema\/logo\/image\/","url":"https:\/\/vosgesinfo.fr\/app\/uploads\/sites\/4\/2024\/02\/logo-sdi.jpg","contentUrl":"https:\/\/vosgesinfo.fr\/app\/uploads\/sites\/4\/2024\/02\/logo-sdi.jpg","width":600,"height":600,"caption":"Saint Die Info"},"image":{"@id":"https:\/\/vosgesinfo.fr\/saintdieinfo\/#\/schema\/logo\/image\/"},"sameAs":["https:\/\/www.facebook.com\/Saintdieinfofr","https:\/\/x.com\/VosgesInfo88","https:\/\/www.youtube.com\/@vosgesinfo"]},{"@type":"Person","@id":"https:\/\/vosgesinfo.fr\/saintdieinfo\/#\/schema\/person\/fa73e9f726d67bb88f46d5b7943cb572","name":"J.J.","image":{"@type":"ImageObject","inLanguage":"fr-FR","@id":"https:\/\/vosgesinfo.fr\/saintdieinfo\/#\/schema\/person\/image\/","url":"https:\/\/secure.gravatar.com\/avatar\/219e749e47ffbcca018a360ae4add7d4cdf1cdaaf8bc7676b27efade3fe65615?s=96&d=mm&r=g","contentUrl":"https:\/\/secure.gravatar.com\/avatar\/219e749e47ffbcca018a360ae4add7d4cdf1cdaaf8bc7676b27efade3fe65615?s=96&d=mm&r=g","caption":"J.J."},"url":"https:\/\/vosgesinfo.fr\/saintdieinfo\/author\/j-j\/"}]}},"_links":{"self":[{"href":"https:\/\/vosgesinfo.fr\/saintdieinfo\/wp-json\/wp\/v2\/posts\/76760","targetHints":{"allow":["GET"]}}],"collection":[{"href":"https:\/\/vosgesinfo.fr\/saintdieinfo\/wp-json\/wp\/v2\/posts"}],"about":[{"href":"https:\/\/vosgesinfo.fr\/saintdieinfo\/wp-json\/wp\/v2\/types\/post"}],"author":[{"embeddable":true,"href":"https:\/\/vosgesinfo.fr\/saintdieinfo\/wp-json\/wp\/v2\/users\/46"}],"replies":[{"embeddable":true,"href":"https:\/\/vosgesinfo.fr\/saintdieinfo\/wp-json\/wp\/v2\/comments?post=76760"}],"version-history":[{"count":1,"href":"https:\/\/vosgesinfo.fr\/saintdieinfo\/wp-json\/wp\/v2\/posts\/76760\/revisions"}],"predecessor-version":[{"id":76762,"href":"https:\/\/vosgesinfo.fr\/saintdieinfo\/wp-json\/wp\/v2\/posts\/76760\/revisions\/76762"}],"wp:featuredmedia":[{"embeddable":true,"href":"https:\/\/vosgesinfo.fr\/saintdieinfo\/wp-json\/wp\/v2\/media\/74683"}],"wp:attachment":[{"href":"https:\/\/vosgesinfo.fr\/saintdieinfo\/wp-json\/wp\/v2\/media?parent=76760"}],"wp:term":[{"taxonomy":"category","embeddable":true,"href":"https:\/\/vosgesinfo.fr\/saintdieinfo\/wp-json\/wp\/v2\/categories?post=76760"},{"taxonomy":"post_tag","embeddable":true,"href":"https:\/\/vosgesinfo.fr\/saintdieinfo\/wp-json\/wp\/v2\/tags?post=76760"}],"curies":[{"name":"wp","href":"https:\/\/api.w.org\/{rel}","templated":true}]}}