{"id":76789,"date":"2025-04-14T17:30:34","date_gmt":"2025-04-14T15:30:34","guid":{"rendered":"https:\/\/vosgesinfo.fr\/saintdieinfo\/?p=76789"},"modified":"2025-10-28T10:42:43","modified_gmt":"2025-10-28T09:42:43","slug":"de-nouveaux-habitats-inclusifs-dans-le-patrimoine-de-vosgelis","status":"publish","type":"post","link":"https:\/\/vosgesinfo.fr\/saintdieinfo\/2025\/04\/de-nouveaux-habitats-inclusifs-dans-le-patrimoine-de-vosgelis\/","title":{"rendered":"De nouveaux Habitats Inclusifs dans le patrimoine de Vosgelis"},"content":{"rendered":"<div id=\"attachment_76874\" style=\"width: 1034px\" class=\"wp-caption aligncenter\"><a href=\"https:\/\/vosgesinfo.fr\/app\/uploads\/sites\/6\/2025\/04\/photo-premium.jpg\"><img decoding=\"async\" aria-describedby=\"caption-attachment-76874\" class=\"size-large wp-image-76874\" src=\"https:\/\/vosgesinfo.fr\/app\/uploads\/sites\/6\/2025\/04\/photo-premium-1024x768.jpg\" alt=\"\" width=\"1024\" height=\"768\" \/><\/a><p id=\"caption-attachment-76874\" class=\"wp-caption-text\">Les \u00e9quipes de Vosgelis remettent les cl\u00e9s de l\u2019Habitat Inclusif d\u2019Etival-Clairefontaine aux repr\u00e9sentants de l\u2019ADMR Vosges.<\/p><\/div>\n\n\t\t<style type=\"text\/css\">\n\t\t\t#gallery-1 {\n\t\t\t\tmargin: auto;\n\t\t\t}\n\t\t\t#gallery-1 .gallery-item {\n\t\t\t\tfloat: left;\n\t\t\t\tmargin-top: 10px;\n\t\t\t\ttext-align: center;\n\t\t\t\twidth: 33%;\n\t\t\t}\n\t\t\t#gallery-1 img {\n\t\t\t\tborder: 2px solid #cfcfcf;\n\t\t\t}\n\t\t\t#gallery-1 .gallery-caption {\n\t\t\t\tmargin-left: 0;\n\t\t\t}\n\t\t\t\/* see gallery_shortcode() in wp-includes\/media.php *\/\n\t\t<\/style>\n\t\t<div id='gallery-1' class='gallery galleryid-76789 gallery-columns-3 gallery-size-thumbnail'><dl class='gallery-item'>\n\t\t\t<dt class='gallery-icon landscape'>\n\t\t\t\t<a href='https:\/\/vosgesinfo.fr\/app\/uploads\/sites\/4\/2025\/04\/etival2.jpg'><img decoding=\"async\" width=\"150\" height=\"150\" src=\"https:\/\/vosgesinfo.fr\/app\/uploads\/sites\/4\/2025\/04\/etival2-150x150.jpg\" class=\"attachment-thumbnail size-thumbnail\" alt=\"\" srcset=\"https:\/\/vosgesinfo.fr\/app\/uploads\/sites\/4\/2025\/04\/etival2-150x150.jpg 150w, https:\/\/vosgesinfo.fr\/app\/uploads\/sites\/4\/2025\/04\/etival2-300x300.jpg 300w, https:\/\/vosgesinfo.fr\/app\/uploads\/sites\/4\/2025\/04\/etival2-1024x1024.jpg 1024w, https:\/\/vosgesinfo.fr\/app\/uploads\/sites\/4\/2025\/04\/etival2-768x768.jpg 768w, https:\/\/vosgesinfo.fr\/app\/uploads\/sites\/4\/2025\/04\/etival2.jpg 1500w\" sizes=\"(max-width: 150px) 100vw, 150px\" \/><\/a>\n\t\t\t<\/dt><\/dl><dl class='gallery-item'>\n\t\t\t<dt class='gallery-icon landscape'>\n\t\t\t\t<a href='https:\/\/vosgesinfo.fr\/app\/uploads\/sites\/4\/2025\/04\/vagney.jpg'><img decoding=\"async\" width=\"150\" height=\"150\" src=\"https:\/\/vosgesinfo.fr\/app\/uploads\/sites\/4\/2025\/04\/vagney-150x150.jpg\" class=\"attachment-thumbnail size-thumbnail\" alt=\"\" srcset=\"https:\/\/vosgesinfo.fr\/app\/uploads\/sites\/4\/2025\/04\/vagney-150x150.jpg 150w, https:\/\/vosgesinfo.fr\/app\/uploads\/sites\/4\/2025\/04\/vagney-300x300.jpg 300w, https:\/\/vosgesinfo.fr\/app\/uploads\/sites\/4\/2025\/04\/vagney-1024x1024.jpg 1024w, https:\/\/vosgesinfo.fr\/app\/uploads\/sites\/4\/2025\/04\/vagney-768x768.jpg 768w, https:\/\/vosgesinfo.fr\/app\/uploads\/sites\/4\/2025\/04\/vagney.jpg 1500w\" sizes=\"(max-width: 150px) 100vw, 150px\" \/><\/a>\n\t\t\t<\/dt><\/dl>\n\t\t\t<br style='clear: both' \/>\n\t\t<\/div>\n\n<p><span style=\"font-size: medium;\"><b>Cette ann\u00e9e, 7 nouveaux habitats inclusifs ouvriront leurs portes dans le parc de Vosgelis. Situ\u00e9s \u00e0 Saint-Di\u00e9-des-Vosges, Etival-Clairefontaine, G\u00e9rardmer, Saint-Nabord, Golbey, Charmes et Xertigny, ils proposeront 84 places au total.<\/b><\/span><\/p>\n<p>Qu\u2019est-ce qu\u2019un habitat inclusif\u00a0? <b>Ces dispositifs permettent de prolonger le vivre \u00e0 domicile pour des s\u00e9niors ou personnes en situation de handicap<\/b>, gr\u00e2ce \u00e0 la pr\u00e9sence d&rsquo;une animatrice dans un local am\u00e9nag\u00e9 par Vosgelis. Ces personnes remarquables et d\u00e9vou\u00e9es sont mises \u00e0 disposition par ADAVIE, Adapei88, ADMR Vosges ou encore l&rsquo;Association Tut\u00e9laire des Vosges.<\/p>\n<div id=\"attachment_76875\" style=\"width: 310px\" class=\"wp-caption alignright\"><a href=\"https:\/\/vosgesinfo.fr\/app\/uploads\/sites\/6\/2025\/04\/st-die-lorme2.jpg\"><img decoding=\"async\" aria-describedby=\"caption-attachment-76875\" class=\"wp-image-76875 size-medium\" src=\"https:\/\/vosgesinfo.fr\/app\/uploads\/sites\/6\/2025\/04\/st-die-lorme2-300x300.jpg\" alt=\"Saint Di\u00e9\" width=\"300\" height=\"300\" \/><\/a><p id=\"caption-attachment-76875\" class=\"wp-caption-text\">Saint Di\u00e9 L&rsquo;Orme<\/p><\/div>\n<p>Aupr\u00e8s de leurs animatrices, les b\u00e9n\u00e9ficiaires des Habitats Inclusifs peuvent trouver de l\u2019aide administrative, des conseils pour la mise en place de services (repas \u00e0 domicile, soins, mobilit\u00e9 etc.). Mais encore et surtout, ils partagent des moments de rencontres et de convivialit\u00e9\u00a0: ateliers \u00e0 th\u00e8mes, sorties, jeux, go\u00fbters, tombolas<b>\u2026 Pour certains d\u2019entre eux, l\u2019Habitat Inclusif a permis de rompre l\u2019isolement et leur a m\u00eame redonn\u00e9 go\u00fbt \u00e0 la vie<\/b>.<\/p>\n<p>Le premier Habitat Inclusif a \u00e9t\u00e9 inaugur\u00e9 en 2020 \u00e0 Epinal, quai Barbier. A fin 2024, on comptait d\u00e9j\u00e0 86 places de ce type chez Vosgelis. En 2025, la capacit\u00e9 va donc quasiment doubler.<\/p>\n<p><iframe loading=\"lazy\" src=\"\/\/www.youtube.com\/embed\/ysVQW7FC4CQ?si=53EiGqfyvOVditvP\" width=\"560\" height=\"314\" allowfullscreen=\"allowfullscreen\"><\/iframe><\/p>\n<p>&nbsp;<\/p>\n<p>Les Habitats Inclusifs sont financ\u00e9s par le Conseil d\u00e9partemental des Vosges, l&rsquo;Agence R\u00e9gionale de Sant\u00e9 Grand Est, Carsat Nord-Est, la Caisse nationale de solidarit\u00e9 pour l&rsquo;autonomie, L&rsquo;Union Europ\u00e9enne (UE), France Relance et la Commission des financeurs pour la perte d&rsquo;autonomie.<\/p>\n<p>&nbsp;<\/p>\n<div id=\"attachment_76876\" style=\"width: 1034px\" class=\"wp-caption aligncenter\"><a href=\"https:\/\/vosgesinfo.fr\/app\/uploads\/sites\/6\/2025\/04\/etival1.jpg\"><img decoding=\"async\" aria-describedby=\"caption-attachment-76876\" class=\"wp-image-76876 size-large\" src=\"https:\/\/vosgesinfo.fr\/app\/uploads\/sites\/6\/2025\/04\/etival1-1024x1024.jpg\" alt=\"\" width=\"1024\" height=\"1024\" \/><\/a><p id=\"caption-attachment-76876\" class=\"wp-caption-text\">Etival<\/p><\/div>\n","protected":false},"excerpt":{"rendered":"<p>Cette ann\u00e9e, 7 nouveaux habitats inclusifs ouvriront leurs portes dans le parc de Vosgelis. Situ\u00e9s \u00e0 Saint-Di\u00e9-des-Vosges, Etival-Clairefontaine, G\u00e9rardmer, Saint-Nabord, [&hellip;]<\/p>\n","protected":false},"author":391,"featured_media":76790,"comment_status":"open","ping_status":"open","sticky":false,"template":"","format":"standard","meta":{"footnotes":""},"categories":[460,5392,5391,5389,4099,4100,18],"tags":[1902],"class_list":["post-76789","post","type-post","status-publish","format-standard","has-post-thumbnail","hentry","category-a-la-une","category-epinal","category-gerardmer","category-la-plaine-des-vosges","category-remiremont","category-saint-die","category-vosges","tag-vosgelis"],"acf":[],"yoast_head":"<!-- This site is optimized with the Yoast SEO plugin v22.5 - https:\/\/yoast.com\/wordpress\/plugins\/seo\/ -->\n<title>De nouveaux Habitats Inclusifs dans le patrimoine de Vosgelis - Saint Die Info<\/title>\n<meta name=\"robots\" content=\"index, follow, max-snippet:-1, max-image-preview:large, max-video-preview:-1\" \/>\n<link rel=\"canonical\" href=\"https:\/\/vosgesinfo.fr\/saintdieinfo\/2025\/04\/de-nouveaux-habitats-inclusifs-dans-le-patrimoine-de-vosgelis\/\" \/>\n<meta name=\"twitter:card\" content=\"summary_large_image\" \/>\n<meta name=\"twitter:title\" content=\"De nouveaux Habitats Inclusifs dans le patrimoine de Vosgelis - Saint Die Info\" \/>\n<meta name=\"twitter:description\" content=\"Cette ann\u00e9e, 7 nouveaux habitats inclusifs ouvriront leurs portes dans le parc de Vosgelis. Situ\u00e9s \u00e0 Saint-Di\u00e9-des-Vosges, Etival-Clairefontaine, G\u00e9rardmer, Saint-Nabord, [&hellip;]\" \/>\n<meta name=\"twitter:image\" content=\"https:\/\/vosgesinfo.fr\/app\/uploads\/sites\/4\/2025\/04\/photo-premium.jpg\" \/>\n<meta name=\"twitter:creator\" content=\"@VosgesInfo88\" \/>\n<meta name=\"twitter:site\" content=\"@VosgesInfo88\" \/>\n<meta name=\"twitter:label1\" content=\"\u00c9crit par\" \/>\n\t<meta name=\"twitter:data1\" content=\"La redaction\" \/>\n\t<meta name=\"twitter:label2\" content=\"Dur\u00e9e de lecture estim\u00e9e\" \/>\n\t<meta name=\"twitter:data2\" content=\"3 minutes\" \/>\n<script type=\"application\/ld+json\" class=\"yoast-schema-graph\">{\"@context\":\"https:\/\/schema.org\",\"@graph\":[{\"@type\":\"Article\",\"@id\":\"https:\/\/vosgesinfo.fr\/saintdieinfo\/2025\/04\/de-nouveaux-habitats-inclusifs-dans-le-patrimoine-de-vosgelis\/#article\",\"isPartOf\":{\"@id\":\"https:\/\/vosgesinfo.fr\/saintdieinfo\/2025\/04\/de-nouveaux-habitats-inclusifs-dans-le-patrimoine-de-vosgelis\/\"},\"author\":{\"name\":\"La redaction\",\"@id\":\"https:\/\/vosgesinfo.fr\/saintdieinfo\/#\/schema\/person\/27a3695b06db98895b354c0765cdfc31\"},\"headline\":\"De nouveaux Habitats Inclusifs dans le patrimoine de Vosgelis\",\"datePublished\":\"2025-04-14T15:30:34+00:00\",\"dateModified\":\"2025-10-28T09:42:43+00:00\",\"mainEntityOfPage\":{\"@id\":\"https:\/\/vosgesinfo.fr\/saintdieinfo\/2025\/04\/de-nouveaux-habitats-inclusifs-dans-le-patrimoine-de-vosgelis\/\"},\"wordCount\":310,\"commentCount\":2,\"publisher\":{\"@id\":\"https:\/\/vosgesinfo.fr\/saintdieinfo\/#organization\"},\"image\":{\"@id\":\"https:\/\/vosgesinfo.fr\/saintdieinfo\/2025\/04\/de-nouveaux-habitats-inclusifs-dans-le-patrimoine-de-vosgelis\/#primaryimage\"},\"thumbnailUrl\":\"https:\/\/vosgesinfo.fr\/app\/uploads\/sites\/4\/2025\/04\/photo-premium.jpg\",\"keywords\":[\"Vosgelis\"],\"articleSection\":[\"A la Une\",\"Epinal\",\"Gerardmer\",\"La plaine des vosges\",\"Remiremont\",\"Saint-di\u00e9\",\"Vosges\"],\"inLanguage\":\"fr-FR\",\"potentialAction\":[{\"@type\":\"CommentAction\",\"name\":\"Comment\",\"target\":[\"https:\/\/vosgesinfo.fr\/saintdieinfo\/2025\/04\/de-nouveaux-habitats-inclusifs-dans-le-patrimoine-de-vosgelis\/#respond\"]}]},{\"@type\":\"WebPage\",\"@id\":\"https:\/\/vosgesinfo.fr\/saintdieinfo\/2025\/04\/de-nouveaux-habitats-inclusifs-dans-le-patrimoine-de-vosgelis\/\",\"url\":\"https:\/\/vosgesinfo.fr\/saintdieinfo\/2025\/04\/de-nouveaux-habitats-inclusifs-dans-le-patrimoine-de-vosgelis\/\",\"name\":\"De nouveaux Habitats Inclusifs dans le patrimoine de Vosgelis - Saint Die Info\",\"isPartOf\":{\"@id\":\"https:\/\/vosgesinfo.fr\/saintdieinfo\/#website\"},\"primaryImageOfPage\":{\"@id\":\"https:\/\/vosgesinfo.fr\/saintdieinfo\/2025\/04\/de-nouveaux-habitats-inclusifs-dans-le-patrimoine-de-vosgelis\/#primaryimage\"},\"image\":{\"@id\":\"https:\/\/vosgesinfo.fr\/saintdieinfo\/2025\/04\/de-nouveaux-habitats-inclusifs-dans-le-patrimoine-de-vosgelis\/#primaryimage\"},\"thumbnailUrl\":\"https:\/\/vosgesinfo.fr\/app\/uploads\/sites\/4\/2025\/04\/photo-premium.jpg\",\"datePublished\":\"2025-04-14T15:30:34+00:00\",\"dateModified\":\"2025-10-28T09:42:43+00:00\",\"breadcrumb\":{\"@id\":\"https:\/\/vosgesinfo.fr\/saintdieinfo\/2025\/04\/de-nouveaux-habitats-inclusifs-dans-le-patrimoine-de-vosgelis\/#breadcrumb\"},\"inLanguage\":\"fr-FR\",\"potentialAction\":[{\"@type\":\"ReadAction\",\"target\":[\"https:\/\/vosgesinfo.fr\/saintdieinfo\/2025\/04\/de-nouveaux-habitats-inclusifs-dans-le-patrimoine-de-vosgelis\/\"]}]},{\"@type\":\"ImageObject\",\"inLanguage\":\"fr-FR\",\"@id\":\"https:\/\/vosgesinfo.fr\/saintdieinfo\/2025\/04\/de-nouveaux-habitats-inclusifs-dans-le-patrimoine-de-vosgelis\/#primaryimage\",\"url\":\"https:\/\/vosgesinfo.fr\/app\/uploads\/sites\/4\/2025\/04\/photo-premium.jpg\",\"contentUrl\":\"https:\/\/vosgesinfo.fr\/app\/uploads\/sites\/4\/2025\/04\/photo-premium.jpg\",\"width\":2000,\"height\":1500},{\"@type\":\"BreadcrumbList\",\"@id\":\"https:\/\/vosgesinfo.fr\/saintdieinfo\/2025\/04\/de-nouveaux-habitats-inclusifs-dans-le-patrimoine-de-vosgelis\/#breadcrumb\",\"itemListElement\":[{\"@type\":\"ListItem\",\"position\":1,\"name\":\"Home\",\"item\":\"https:\/\/vosgesinfo.fr\/saintdieinfo\/\"},{\"@type\":\"ListItem\",\"position\":2,\"name\":\"De nouveaux Habitats Inclusifs dans le patrimoine de Vosgelis\"}]},{\"@type\":\"WebSite\",\"@id\":\"https:\/\/vosgesinfo.fr\/saintdieinfo\/#website\",\"url\":\"https:\/\/vosgesinfo.fr\/saintdieinfo\/\",\"name\":\"Saint Die Info\",\"description\":\"Toute l&#039;actualit\u00e9 de Saint-Di\u00e9-Des-Vosges\",\"publisher\":{\"@id\":\"https:\/\/vosgesinfo.fr\/saintdieinfo\/#organization\"},\"alternateName\":\"Toute l'actualit\u00e9 de Saint-Di\u00e9-Des-Vosges\",\"potentialAction\":[{\"@type\":\"SearchAction\",\"target\":{\"@type\":\"EntryPoint\",\"urlTemplate\":\"https:\/\/vosgesinfo.fr\/saintdieinfo\/?s={search_term_string}\"},\"query-input\":\"required name=search_term_string\"}],\"inLanguage\":\"fr-FR\"},{\"@type\":\"Organization\",\"@id\":\"https:\/\/vosgesinfo.fr\/saintdieinfo\/#organization\",\"name\":\"Saint Die Info\",\"url\":\"https:\/\/vosgesinfo.fr\/saintdieinfo\/\",\"logo\":{\"@type\":\"ImageObject\",\"inLanguage\":\"fr-FR\",\"@id\":\"https:\/\/vosgesinfo.fr\/saintdieinfo\/#\/schema\/logo\/image\/\",\"url\":\"https:\/\/vosgesinfo.fr\/app\/uploads\/sites\/4\/2024\/02\/logo-sdi.jpg\",\"contentUrl\":\"https:\/\/vosgesinfo.fr\/app\/uploads\/sites\/4\/2024\/02\/logo-sdi.jpg\",\"width\":600,\"height\":600,\"caption\":\"Saint Die Info\"},\"image\":{\"@id\":\"https:\/\/vosgesinfo.fr\/saintdieinfo\/#\/schema\/logo\/image\/\"},\"sameAs\":[\"https:\/\/www.facebook.com\/Saintdieinfofr\",\"https:\/\/x.com\/VosgesInfo88\",\"https:\/\/www.youtube.com\/@vosgesinfo\"]},{\"@type\":\"Person\",\"@id\":\"https:\/\/vosgesinfo.fr\/saintdieinfo\/#\/schema\/person\/27a3695b06db98895b354c0765cdfc31\",\"name\":\"La redaction\",\"image\":{\"@type\":\"ImageObject\",\"inLanguage\":\"fr-FR\",\"@id\":\"https:\/\/vosgesinfo.fr\/saintdieinfo\/#\/schema\/person\/image\/\",\"url\":\"https:\/\/secure.gravatar.com\/avatar\/64c76a78e501cedee55736f43f332df901e1896ae9cd8fad269ae2236dd0e8b6?s=96&d=mm&r=g\",\"contentUrl\":\"https:\/\/secure.gravatar.com\/avatar\/64c76a78e501cedee55736f43f332df901e1896ae9cd8fad269ae2236dd0e8b6?s=96&d=mm&r=g\",\"caption\":\"La redaction\"},\"url\":\"https:\/\/vosgesinfo.fr\/saintdieinfo\/author\/la-redaction\/\"}]}<\/script>\n<!-- \/ Yoast SEO plugin. -->","yoast_head_json":{"title":"De nouveaux Habitats Inclusifs dans le patrimoine de Vosgelis - Saint Die Info","robots":{"index":"index","follow":"follow","max-snippet":"max-snippet:-1","max-image-preview":"max-image-preview:large","max-video-preview":"max-video-preview:-1"},"canonical":"https:\/\/vosgesinfo.fr\/saintdieinfo\/2025\/04\/de-nouveaux-habitats-inclusifs-dans-le-patrimoine-de-vosgelis\/","twitter_card":"summary_large_image","twitter_title":"De nouveaux Habitats Inclusifs dans le patrimoine de Vosgelis - Saint Die Info","twitter_description":"Cette ann\u00e9e, 7 nouveaux habitats inclusifs ouvriront leurs portes dans le parc de Vosgelis. Situ\u00e9s \u00e0 Saint-Di\u00e9-des-Vosges, Etival-Clairefontaine, G\u00e9rardmer, Saint-Nabord, [&hellip;]","twitter_image":"https:\/\/vosgesinfo.fr\/app\/uploads\/sites\/4\/2025\/04\/photo-premium.jpg","twitter_creator":"@VosgesInfo88","twitter_site":"@VosgesInfo88","twitter_misc":{"\u00c9crit par":"La redaction","Dur\u00e9e de lecture estim\u00e9e":"3 minutes"},"schema":{"@context":"https:\/\/schema.org","@graph":[{"@type":"Article","@id":"https:\/\/vosgesinfo.fr\/saintdieinfo\/2025\/04\/de-nouveaux-habitats-inclusifs-dans-le-patrimoine-de-vosgelis\/#article","isPartOf":{"@id":"https:\/\/vosgesinfo.fr\/saintdieinfo\/2025\/04\/de-nouveaux-habitats-inclusifs-dans-le-patrimoine-de-vosgelis\/"},"author":{"name":"La redaction","@id":"https:\/\/vosgesinfo.fr\/saintdieinfo\/#\/schema\/person\/27a3695b06db98895b354c0765cdfc31"},"headline":"De nouveaux Habitats Inclusifs dans le patrimoine de Vosgelis","datePublished":"2025-04-14T15:30:34+00:00","dateModified":"2025-10-28T09:42:43+00:00","mainEntityOfPage":{"@id":"https:\/\/vosgesinfo.fr\/saintdieinfo\/2025\/04\/de-nouveaux-habitats-inclusifs-dans-le-patrimoine-de-vosgelis\/"},"wordCount":310,"commentCount":2,"publisher":{"@id":"https:\/\/vosgesinfo.fr\/saintdieinfo\/#organization"},"image":{"@id":"https:\/\/vosgesinfo.fr\/saintdieinfo\/2025\/04\/de-nouveaux-habitats-inclusifs-dans-le-patrimoine-de-vosgelis\/#primaryimage"},"thumbnailUrl":"https:\/\/vosgesinfo.fr\/app\/uploads\/sites\/4\/2025\/04\/photo-premium.jpg","keywords":["Vosgelis"],"articleSection":["A la Une","Epinal","Gerardmer","La plaine des vosges","Remiremont","Saint-di\u00e9","Vosges"],"inLanguage":"fr-FR","potentialAction":[{"@type":"CommentAction","name":"Comment","target":["https:\/\/vosgesinfo.fr\/saintdieinfo\/2025\/04\/de-nouveaux-habitats-inclusifs-dans-le-patrimoine-de-vosgelis\/#respond"]}]},{"@type":"WebPage","@id":"https:\/\/vosgesinfo.fr\/saintdieinfo\/2025\/04\/de-nouveaux-habitats-inclusifs-dans-le-patrimoine-de-vosgelis\/","url":"https:\/\/vosgesinfo.fr\/saintdieinfo\/2025\/04\/de-nouveaux-habitats-inclusifs-dans-le-patrimoine-de-vosgelis\/","name":"De nouveaux Habitats Inclusifs dans le patrimoine de Vosgelis - Saint Die Info","isPartOf":{"@id":"https:\/\/vosgesinfo.fr\/saintdieinfo\/#website"},"primaryImageOfPage":{"@id":"https:\/\/vosgesinfo.fr\/saintdieinfo\/2025\/04\/de-nouveaux-habitats-inclusifs-dans-le-patrimoine-de-vosgelis\/#primaryimage"},"image":{"@id":"https:\/\/vosgesinfo.fr\/saintdieinfo\/2025\/04\/de-nouveaux-habitats-inclusifs-dans-le-patrimoine-de-vosgelis\/#primaryimage"},"thumbnailUrl":"https:\/\/vosgesinfo.fr\/app\/uploads\/sites\/4\/2025\/04\/photo-premium.jpg","datePublished":"2025-04-14T15:30:34+00:00","dateModified":"2025-10-28T09:42:43+00:00","breadcrumb":{"@id":"https:\/\/vosgesinfo.fr\/saintdieinfo\/2025\/04\/de-nouveaux-habitats-inclusifs-dans-le-patrimoine-de-vosgelis\/#breadcrumb"},"inLanguage":"fr-FR","potentialAction":[{"@type":"ReadAction","target":["https:\/\/vosgesinfo.fr\/saintdieinfo\/2025\/04\/de-nouveaux-habitats-inclusifs-dans-le-patrimoine-de-vosgelis\/"]}]},{"@type":"ImageObject","inLanguage":"fr-FR","@id":"https:\/\/vosgesinfo.fr\/saintdieinfo\/2025\/04\/de-nouveaux-habitats-inclusifs-dans-le-patrimoine-de-vosgelis\/#primaryimage","url":"https:\/\/vosgesinfo.fr\/app\/uploads\/sites\/4\/2025\/04\/photo-premium.jpg","contentUrl":"https:\/\/vosgesinfo.fr\/app\/uploads\/sites\/4\/2025\/04\/photo-premium.jpg","width":2000,"height":1500},{"@type":"BreadcrumbList","@id":"https:\/\/vosgesinfo.fr\/saintdieinfo\/2025\/04\/de-nouveaux-habitats-inclusifs-dans-le-patrimoine-de-vosgelis\/#breadcrumb","itemListElement":[{"@type":"ListItem","position":1,"name":"Home","item":"https:\/\/vosgesinfo.fr\/saintdieinfo\/"},{"@type":"ListItem","position":2,"name":"De nouveaux Habitats Inclusifs dans le patrimoine de Vosgelis"}]},{"@type":"WebSite","@id":"https:\/\/vosgesinfo.fr\/saintdieinfo\/#website","url":"https:\/\/vosgesinfo.fr\/saintdieinfo\/","name":"Saint Die Info","description":"Toute l&#039;actualit\u00e9 de Saint-Di\u00e9-Des-Vosges","publisher":{"@id":"https:\/\/vosgesinfo.fr\/saintdieinfo\/#organization"},"alternateName":"Toute l'actualit\u00e9 de Saint-Di\u00e9-Des-Vosges","potentialAction":[{"@type":"SearchAction","target":{"@type":"EntryPoint","urlTemplate":"https:\/\/vosgesinfo.fr\/saintdieinfo\/?s={search_term_string}"},"query-input":"required name=search_term_string"}],"inLanguage":"fr-FR"},{"@type":"Organization","@id":"https:\/\/vosgesinfo.fr\/saintdieinfo\/#organization","name":"Saint Die Info","url":"https:\/\/vosgesinfo.fr\/saintdieinfo\/","logo":{"@type":"ImageObject","inLanguage":"fr-FR","@id":"https:\/\/vosgesinfo.fr\/saintdieinfo\/#\/schema\/logo\/image\/","url":"https:\/\/vosgesinfo.fr\/app\/uploads\/sites\/4\/2024\/02\/logo-sdi.jpg","contentUrl":"https:\/\/vosgesinfo.fr\/app\/uploads\/sites\/4\/2024\/02\/logo-sdi.jpg","width":600,"height":600,"caption":"Saint Die Info"},"image":{"@id":"https:\/\/vosgesinfo.fr\/saintdieinfo\/#\/schema\/logo\/image\/"},"sameAs":["https:\/\/www.facebook.com\/Saintdieinfofr","https:\/\/x.com\/VosgesInfo88","https:\/\/www.youtube.com\/@vosgesinfo"]},{"@type":"Person","@id":"https:\/\/vosgesinfo.fr\/saintdieinfo\/#\/schema\/person\/27a3695b06db98895b354c0765cdfc31","name":"La redaction","image":{"@type":"ImageObject","inLanguage":"fr-FR","@id":"https:\/\/vosgesinfo.fr\/saintdieinfo\/#\/schema\/person\/image\/","url":"https:\/\/secure.gravatar.com\/avatar\/64c76a78e501cedee55736f43f332df901e1896ae9cd8fad269ae2236dd0e8b6?s=96&d=mm&r=g","contentUrl":"https:\/\/secure.gravatar.com\/avatar\/64c76a78e501cedee55736f43f332df901e1896ae9cd8fad269ae2236dd0e8b6?s=96&d=mm&r=g","caption":"La redaction"},"url":"https:\/\/vosgesinfo.fr\/saintdieinfo\/author\/la-redaction\/"}]}},"_links":{"self":[{"href":"https:\/\/vosgesinfo.fr\/saintdieinfo\/wp-json\/wp\/v2\/posts\/76789","targetHints":{"allow":["GET"]}}],"collection":[{"href":"https:\/\/vosgesinfo.fr\/saintdieinfo\/wp-json\/wp\/v2\/posts"}],"about":[{"href":"https:\/\/vosgesinfo.fr\/saintdieinfo\/wp-json\/wp\/v2\/types\/post"}],"author":[{"embeddable":true,"href":"https:\/\/vosgesinfo.fr\/saintdieinfo\/wp-json\/wp\/v2\/users\/391"}],"replies":[{"embeddable":true,"href":"https:\/\/vosgesinfo.fr\/saintdieinfo\/wp-json\/wp\/v2\/comments?post=76789"}],"version-history":[{"count":1,"href":"https:\/\/vosgesinfo.fr\/saintdieinfo\/wp-json\/wp\/v2\/posts\/76789\/revisions"}],"predecessor-version":[{"id":76799,"href":"https:\/\/vosgesinfo.fr\/saintdieinfo\/wp-json\/wp\/v2\/posts\/76789\/revisions\/76799"}],"wp:featuredmedia":[{"embeddable":true,"href":"https:\/\/vosgesinfo.fr\/saintdieinfo\/wp-json\/wp\/v2\/media\/76790"}],"wp:attachment":[{"href":"https:\/\/vosgesinfo.fr\/saintdieinfo\/wp-json\/wp\/v2\/media?parent=76789"}],"wp:term":[{"taxonomy":"category","embeddable":true,"href":"https:\/\/vosgesinfo.fr\/saintdieinfo\/wp-json\/wp\/v2\/categories?post=76789"},{"taxonomy":"post_tag","embeddable":true,"href":"https:\/\/vosgesinfo.fr\/saintdieinfo\/wp-json\/wp\/v2\/tags?post=76789"}],"curies":[{"name":"wp","href":"https:\/\/api.w.org\/{rel}","templated":true}]}}