{"id":76793,"date":"2025-04-14T18:16:07","date_gmt":"2025-04-14T16:16:07","guid":{"rendered":"https:\/\/vosgesinfo.fr\/saintdieinfo\/?p=76793"},"modified":"2025-04-14T18:16:07","modified_gmt":"2025-04-14T16:16:07","slug":"ville-sur-illon-les-mecenes-en-reunion-au-musee-vosgien-de-la-brasserie","status":"publish","type":"post","link":"https:\/\/vosgesinfo.fr\/saintdieinfo\/2025\/04\/ville-sur-illon-les-mecenes-en-reunion-au-musee-vosgien-de-la-brasserie\/","title":{"rendered":"Ville-sur-Illon &#8211; Les m\u00e9c\u00e8nes en r\u00e9union au mus\u00e9e vosgien de la brasserie"},"content":{"rendered":"<h2><strong><a href=\"https:\/\/vosgesinfo.fr\/app\/uploads\/sites\/3\/2025\/04\/musee-brasserie-ville-sur-illon.jpg\"><img decoding=\"async\" class=\"aligncenter size-full wp-image-130968\" src=\"https:\/\/vosgesinfo.fr\/app\/uploads\/sites\/3\/2025\/04\/musee-brasserie-ville-sur-illon.jpg\" alt=\"\" width=\"1920\" height=\"1440\" \/><\/a>Les entreprises du Club des m\u00e9c\u00e8nes 88 de la fondation du patrimoine, invit\u00e9s par Jackie FR\u00c9MONT, d\u00e9l\u00e9gu\u00e9 d\u00e9partemental, et Denis SCHAMING, d\u00e9l\u00e9gu\u00e9 r\u00e9gional Lorraine, se sont retrouv\u00e9es au Mus\u00e9e Vosgien de la Brasserie de Ville-sur-Illon, v\u00e9ritable t\u00e9moin du patrimoine industriel de notre r\u00e9gion.<\/strong><\/h2>\n<p>Le club des m\u00e9c\u00e8nes 88 a contribu\u00e9 \u00e0 la restauration d\u2019une grande partie des toitures du mus\u00e9e ainsi que des fa\u00e7ades. Les travaux, en cours et en phase finale seront livr\u00e9s prochainement. Les dirigeants de Batt et associ\u00e9s, Bontempi, Bov\u00e9, Caisse d\u2019\u00e9pargne grand est europe, Coanus, Cornu fr\u00e8res, Car avenue, 2L logistics, M-\u00e9nergie, Piantanida, Suez France, Sebeler composaient la d\u00e9l\u00e9gation pr\u00e9sente \u00e0 Ville-sur-illon, \u00e0 noter que la majorit\u00e9 de ces entreprises est habilit\u00e9e pour la restauration des monuments historiques.<\/p>\n<p>Apr\u00e8s une visite passionnante du site par Jean-Aim\u00e9 MORIZOT, historien et pr\u00e9sident de l\u2019association, les m\u00e9c\u00e8nes se sont retrouv\u00e9s en salle d\u2019expo, pour leur r\u00e9union au cours de laquelle ils ont d\u00e9cid\u00e9 de soutenir 3 nouveaux projets pour ce d\u00e9but d\u2019ann\u00e9e : la chapelle de Bonneval \u00e0 Saint-Baslemont, l\u2019orgue de l\u2019\u00e9glise de Dommartin-l\u00e8s-Remiremont, les 2 tableaux de l\u2019\u00e9glise Saint-Nicolas des Lorrains \u00e0 Rome<\/p>\n<p>Le projet de restauration du mus\u00e9e vosgien de la brasserie arrive \u00e0 son terme, c\u2019est une grande fiert\u00e9 pour les b\u00e9n\u00e9voles du mus\u00e9e qui ont d\u00e9pos\u00e9 le dossier \u00e0 la fondation en 2022 pour arriver \u00e0 cet aboutissement exceptionnel. Une inauguration officielle est pr\u00e9vue le samedi 27 septembre, ou les donateurs priv\u00e9s, m\u00e9c\u00e8nes et collectivit\u00e9s territoriales pourront constater de visu cette belle r\u00e9alisation.<\/p>\n\n\t\t<style type=\"text\/css\">\n\t\t\t#gallery-1 {\n\t\t\t\tmargin: auto;\n\t\t\t}\n\t\t\t#gallery-1 .gallery-item {\n\t\t\t\tfloat: left;\n\t\t\t\tmargin-top: 10px;\n\t\t\t\ttext-align: center;\n\t\t\t\twidth: 33%;\n\t\t\t}\n\t\t\t#gallery-1 img {\n\t\t\t\tborder: 2px solid #cfcfcf;\n\t\t\t}\n\t\t\t#gallery-1 .gallery-caption {\n\t\t\t\tmargin-left: 0;\n\t\t\t}\n\t\t\t\/* see gallery_shortcode() in wp-includes\/media.php *\/\n\t\t<\/style>\n\t\t<div id='gallery-1' class='gallery galleryid-76793 gallery-columns-3 gallery-size-thumbnail'><dl class='gallery-item'>\n\t\t\t<dt class='gallery-icon landscape'>\n\t\t\t\t<a href='https:\/\/vosgesinfo.fr\/app\/uploads\/sites\/4\/2025\/04\/musee-brasserie-ville-sur-illon3.jpg'><img decoding=\"async\" width=\"150\" height=\"150\" src=\"https:\/\/vosgesinfo.fr\/app\/uploads\/sites\/4\/2025\/04\/musee-brasserie-ville-sur-illon3-150x150.jpg\" class=\"attachment-thumbnail size-thumbnail\" alt=\"\" \/><\/a>\n\t\t\t<\/dt><\/dl><dl class='gallery-item'>\n\t\t\t<dt class='gallery-icon portrait'>\n\t\t\t\t<a href='https:\/\/vosgesinfo.fr\/app\/uploads\/sites\/4\/2025\/04\/musee-brasserie-ville-sur-illon4.jpg'><img decoding=\"async\" width=\"150\" height=\"150\" src=\"https:\/\/vosgesinfo.fr\/app\/uploads\/sites\/4\/2025\/04\/musee-brasserie-ville-sur-illon4-150x150.jpg\" class=\"attachment-thumbnail size-thumbnail\" alt=\"\" \/><\/a>\n\t\t\t<\/dt><\/dl>\n\t\t\t<br style='clear: both' \/>\n\t\t<\/div>\n\n","protected":false},"excerpt":{"rendered":"<p>Les entreprises du Club des m\u00e9c\u00e8nes 88 de la fondation du patrimoine, invit\u00e9s par Jackie FR\u00c9MONT, d\u00e9l\u00e9gu\u00e9 d\u00e9partemental, et Denis [&hellip;]<\/p>\n","protected":false},"author":52,"featured_media":76794,"comment_status":"open","ping_status":"open","sticky":false,"template":"","format":"standard","meta":{"footnotes":""},"categories":[460,5392,5391,5389,4099,4100],"tags":[],"class_list":["post-76793","post","type-post","status-publish","format-standard","has-post-thumbnail","hentry","category-a-la-une","category-epinal","category-gerardmer","category-la-plaine-des-vosges","category-remiremont","category-saint-die"],"acf":[],"yoast_head":"<!-- This site is optimized with the Yoast SEO plugin v22.5 - https:\/\/yoast.com\/wordpress\/plugins\/seo\/ -->\n<title>Ville-sur-Illon - Les m\u00e9c\u00e8nes en r\u00e9union au mus\u00e9e vosgien de la brasserie - Saint Die Info<\/title>\n<meta name=\"robots\" content=\"index, follow, max-snippet:-1, max-image-preview:large, max-video-preview:-1\" \/>\n<link rel=\"canonical\" href=\"https:\/\/vosgesinfo.fr\/saintdieinfo\/2025\/04\/ville-sur-illon-les-mecenes-en-reunion-au-musee-vosgien-de-la-brasserie\/\" \/>\n<meta name=\"twitter:card\" content=\"summary_large_image\" \/>\n<meta name=\"twitter:title\" content=\"Ville-sur-Illon - Les m\u00e9c\u00e8nes en r\u00e9union au mus\u00e9e vosgien de la brasserie - Saint Die Info\" \/>\n<meta name=\"twitter:description\" content=\"Les entreprises du Club des m\u00e9c\u00e8nes 88 de la fondation du patrimoine, invit\u00e9s par Jackie FR\u00c9MONT, d\u00e9l\u00e9gu\u00e9 d\u00e9partemental, et Denis [&hellip;]\" \/>\n<meta name=\"twitter:image\" content=\"https:\/\/vosgesinfo.fr\/app\/uploads\/sites\/4\/2025\/04\/musee-brasserie-ville-sur-illon.jpg\" \/>\n<meta name=\"twitter:creator\" content=\"@VosgesInfo88\" \/>\n<meta name=\"twitter:site\" content=\"@VosgesInfo88\" \/>\n<meta name=\"twitter:label1\" content=\"\u00c9crit par\" \/>\n\t<meta name=\"twitter:data1\" content=\"C.K.\" \/>\n\t<meta name=\"twitter:label2\" content=\"Dur\u00e9e de lecture estim\u00e9e\" \/>\n\t<meta name=\"twitter:data2\" content=\"1 minute\" \/>\n<script type=\"application\/ld+json\" class=\"yoast-schema-graph\">{\"@context\":\"https:\/\/schema.org\",\"@graph\":[{\"@type\":\"Article\",\"@id\":\"https:\/\/vosgesinfo.fr\/saintdieinfo\/2025\/04\/ville-sur-illon-les-mecenes-en-reunion-au-musee-vosgien-de-la-brasserie\/#article\",\"isPartOf\":{\"@id\":\"https:\/\/vosgesinfo.fr\/saintdieinfo\/2025\/04\/ville-sur-illon-les-mecenes-en-reunion-au-musee-vosgien-de-la-brasserie\/\"},\"author\":{\"name\":\"C.K.\",\"@id\":\"https:\/\/vosgesinfo.fr\/saintdieinfo\/#\/schema\/person\/6f9a650eeea99d969b6c4ab78fccbe81\"},\"headline\":\"Ville-sur-Illon &#8211; Les m\u00e9c\u00e8nes en r\u00e9union au mus\u00e9e vosgien de la brasserie\",\"datePublished\":\"2025-04-14T16:16:07+00:00\",\"dateModified\":\"2025-04-14T16:16:07+00:00\",\"mainEntityOfPage\":{\"@id\":\"https:\/\/vosgesinfo.fr\/saintdieinfo\/2025\/04\/ville-sur-illon-les-mecenes-en-reunion-au-musee-vosgien-de-la-brasserie\/\"},\"wordCount\":310,\"commentCount\":0,\"publisher\":{\"@id\":\"https:\/\/vosgesinfo.fr\/saintdieinfo\/#organization\"},\"image\":{\"@id\":\"https:\/\/vosgesinfo.fr\/saintdieinfo\/2025\/04\/ville-sur-illon-les-mecenes-en-reunion-au-musee-vosgien-de-la-brasserie\/#primaryimage\"},\"thumbnailUrl\":\"https:\/\/vosgesinfo.fr\/app\/uploads\/sites\/4\/2025\/04\/musee-brasserie-ville-sur-illon.jpg\",\"articleSection\":[\"A la Une\",\"Epinal\",\"Gerardmer\",\"La plaine des vosges\",\"Remiremont\",\"Saint-di\u00e9\"],\"inLanguage\":\"fr-FR\",\"potentialAction\":[{\"@type\":\"CommentAction\",\"name\":\"Comment\",\"target\":[\"https:\/\/vosgesinfo.fr\/saintdieinfo\/2025\/04\/ville-sur-illon-les-mecenes-en-reunion-au-musee-vosgien-de-la-brasserie\/#respond\"]}]},{\"@type\":\"WebPage\",\"@id\":\"https:\/\/vosgesinfo.fr\/saintdieinfo\/2025\/04\/ville-sur-illon-les-mecenes-en-reunion-au-musee-vosgien-de-la-brasserie\/\",\"url\":\"https:\/\/vosgesinfo.fr\/saintdieinfo\/2025\/04\/ville-sur-illon-les-mecenes-en-reunion-au-musee-vosgien-de-la-brasserie\/\",\"name\":\"Ville-sur-Illon - Les m\u00e9c\u00e8nes en r\u00e9union au mus\u00e9e vosgien de la brasserie - Saint Die Info\",\"isPartOf\":{\"@id\":\"https:\/\/vosgesinfo.fr\/saintdieinfo\/#website\"},\"primaryImageOfPage\":{\"@id\":\"https:\/\/vosgesinfo.fr\/saintdieinfo\/2025\/04\/ville-sur-illon-les-mecenes-en-reunion-au-musee-vosgien-de-la-brasserie\/#primaryimage\"},\"image\":{\"@id\":\"https:\/\/vosgesinfo.fr\/saintdieinfo\/2025\/04\/ville-sur-illon-les-mecenes-en-reunion-au-musee-vosgien-de-la-brasserie\/#primaryimage\"},\"thumbnailUrl\":\"https:\/\/vosgesinfo.fr\/app\/uploads\/sites\/4\/2025\/04\/musee-brasserie-ville-sur-illon.jpg\",\"datePublished\":\"2025-04-14T16:16:07+00:00\",\"dateModified\":\"2025-04-14T16:16:07+00:00\",\"breadcrumb\":{\"@id\":\"https:\/\/vosgesinfo.fr\/saintdieinfo\/2025\/04\/ville-sur-illon-les-mecenes-en-reunion-au-musee-vosgien-de-la-brasserie\/#breadcrumb\"},\"inLanguage\":\"fr-FR\",\"potentialAction\":[{\"@type\":\"ReadAction\",\"target\":[\"https:\/\/vosgesinfo.fr\/saintdieinfo\/2025\/04\/ville-sur-illon-les-mecenes-en-reunion-au-musee-vosgien-de-la-brasserie\/\"]}]},{\"@type\":\"ImageObject\",\"inLanguage\":\"fr-FR\",\"@id\":\"https:\/\/vosgesinfo.fr\/saintdieinfo\/2025\/04\/ville-sur-illon-les-mecenes-en-reunion-au-musee-vosgien-de-la-brasserie\/#primaryimage\",\"url\":\"https:\/\/vosgesinfo.fr\/app\/uploads\/sites\/4\/2025\/04\/musee-brasserie-ville-sur-illon.jpg\",\"contentUrl\":\"https:\/\/vosgesinfo.fr\/app\/uploads\/sites\/4\/2025\/04\/musee-brasserie-ville-sur-illon.jpg\",\"width\":1920,\"height\":1440},{\"@type\":\"BreadcrumbList\",\"@id\":\"https:\/\/vosgesinfo.fr\/saintdieinfo\/2025\/04\/ville-sur-illon-les-mecenes-en-reunion-au-musee-vosgien-de-la-brasserie\/#breadcrumb\",\"itemListElement\":[{\"@type\":\"ListItem\",\"position\":1,\"name\":\"Home\",\"item\":\"https:\/\/vosgesinfo.fr\/saintdieinfo\/\"},{\"@type\":\"ListItem\",\"position\":2,\"name\":\"Ville-sur-Illon &#8211; Les m\u00e9c\u00e8nes en r\u00e9union au mus\u00e9e vosgien de la brasserie\"}]},{\"@type\":\"WebSite\",\"@id\":\"https:\/\/vosgesinfo.fr\/saintdieinfo\/#website\",\"url\":\"https:\/\/vosgesinfo.fr\/saintdieinfo\/\",\"name\":\"Saint Die Info\",\"description\":\"Toute l&#039;actualit\u00e9 de Saint-Di\u00e9-Des-Vosges\",\"publisher\":{\"@id\":\"https:\/\/vosgesinfo.fr\/saintdieinfo\/#organization\"},\"alternateName\":\"Toute l'actualit\u00e9 de Saint-Di\u00e9-Des-Vosges\",\"potentialAction\":[{\"@type\":\"SearchAction\",\"target\":{\"@type\":\"EntryPoint\",\"urlTemplate\":\"https:\/\/vosgesinfo.fr\/saintdieinfo\/?s={search_term_string}\"},\"query-input\":\"required name=search_term_string\"}],\"inLanguage\":\"fr-FR\"},{\"@type\":\"Organization\",\"@id\":\"https:\/\/vosgesinfo.fr\/saintdieinfo\/#organization\",\"name\":\"Saint Die Info\",\"url\":\"https:\/\/vosgesinfo.fr\/saintdieinfo\/\",\"logo\":{\"@type\":\"ImageObject\",\"inLanguage\":\"fr-FR\",\"@id\":\"https:\/\/vosgesinfo.fr\/saintdieinfo\/#\/schema\/logo\/image\/\",\"url\":\"https:\/\/vosgesinfo.fr\/app\/uploads\/sites\/4\/2024\/02\/logo-sdi.jpg\",\"contentUrl\":\"https:\/\/vosgesinfo.fr\/app\/uploads\/sites\/4\/2024\/02\/logo-sdi.jpg\",\"width\":600,\"height\":600,\"caption\":\"Saint Die Info\"},\"image\":{\"@id\":\"https:\/\/vosgesinfo.fr\/saintdieinfo\/#\/schema\/logo\/image\/\"},\"sameAs\":[\"https:\/\/www.facebook.com\/Saintdieinfofr\",\"https:\/\/x.com\/VosgesInfo88\",\"https:\/\/www.youtube.com\/@vosgesinfo\"]},{\"@type\":\"Person\",\"@id\":\"https:\/\/vosgesinfo.fr\/saintdieinfo\/#\/schema\/person\/6f9a650eeea99d969b6c4ab78fccbe81\",\"name\":\"C.K.\",\"image\":{\"@type\":\"ImageObject\",\"inLanguage\":\"fr-FR\",\"@id\":\"https:\/\/vosgesinfo.fr\/saintdieinfo\/#\/schema\/person\/image\/\",\"url\":\"https:\/\/secure.gravatar.com\/avatar\/48e3fc7f8421ba8942be6b74a2b7f014ca39bc00dece156b7a8e098ae7dc87bf?s=96&d=mm&r=g\",\"contentUrl\":\"https:\/\/secure.gravatar.com\/avatar\/48e3fc7f8421ba8942be6b74a2b7f014ca39bc00dece156b7a8e098ae7dc87bf?s=96&d=mm&r=g\",\"caption\":\"C.K.\"},\"url\":\"https:\/\/vosgesinfo.fr\/saintdieinfo\/author\/celia-k-n\/\"}]}<\/script>\n<!-- \/ Yoast SEO plugin. -->","yoast_head_json":{"title":"Ville-sur-Illon - Les m\u00e9c\u00e8nes en r\u00e9union au mus\u00e9e vosgien de la brasserie - Saint Die Info","robots":{"index":"index","follow":"follow","max-snippet":"max-snippet:-1","max-image-preview":"max-image-preview:large","max-video-preview":"max-video-preview:-1"},"canonical":"https:\/\/vosgesinfo.fr\/saintdieinfo\/2025\/04\/ville-sur-illon-les-mecenes-en-reunion-au-musee-vosgien-de-la-brasserie\/","twitter_card":"summary_large_image","twitter_title":"Ville-sur-Illon - Les m\u00e9c\u00e8nes en r\u00e9union au mus\u00e9e vosgien de la brasserie - Saint Die Info","twitter_description":"Les entreprises du Club des m\u00e9c\u00e8nes 88 de la fondation du patrimoine, invit\u00e9s par Jackie FR\u00c9MONT, d\u00e9l\u00e9gu\u00e9 d\u00e9partemental, et Denis [&hellip;]","twitter_image":"https:\/\/vosgesinfo.fr\/app\/uploads\/sites\/4\/2025\/04\/musee-brasserie-ville-sur-illon.jpg","twitter_creator":"@VosgesInfo88","twitter_site":"@VosgesInfo88","twitter_misc":{"\u00c9crit par":"C.K.","Dur\u00e9e de lecture estim\u00e9e":"1 minute"},"schema":{"@context":"https:\/\/schema.org","@graph":[{"@type":"Article","@id":"https:\/\/vosgesinfo.fr\/saintdieinfo\/2025\/04\/ville-sur-illon-les-mecenes-en-reunion-au-musee-vosgien-de-la-brasserie\/#article","isPartOf":{"@id":"https:\/\/vosgesinfo.fr\/saintdieinfo\/2025\/04\/ville-sur-illon-les-mecenes-en-reunion-au-musee-vosgien-de-la-brasserie\/"},"author":{"name":"C.K.","@id":"https:\/\/vosgesinfo.fr\/saintdieinfo\/#\/schema\/person\/6f9a650eeea99d969b6c4ab78fccbe81"},"headline":"Ville-sur-Illon &#8211; Les m\u00e9c\u00e8nes en r\u00e9union au mus\u00e9e vosgien de la brasserie","datePublished":"2025-04-14T16:16:07+00:00","dateModified":"2025-04-14T16:16:07+00:00","mainEntityOfPage":{"@id":"https:\/\/vosgesinfo.fr\/saintdieinfo\/2025\/04\/ville-sur-illon-les-mecenes-en-reunion-au-musee-vosgien-de-la-brasserie\/"},"wordCount":310,"commentCount":0,"publisher":{"@id":"https:\/\/vosgesinfo.fr\/saintdieinfo\/#organization"},"image":{"@id":"https:\/\/vosgesinfo.fr\/saintdieinfo\/2025\/04\/ville-sur-illon-les-mecenes-en-reunion-au-musee-vosgien-de-la-brasserie\/#primaryimage"},"thumbnailUrl":"https:\/\/vosgesinfo.fr\/app\/uploads\/sites\/4\/2025\/04\/musee-brasserie-ville-sur-illon.jpg","articleSection":["A la Une","Epinal","Gerardmer","La plaine des vosges","Remiremont","Saint-di\u00e9"],"inLanguage":"fr-FR","potentialAction":[{"@type":"CommentAction","name":"Comment","target":["https:\/\/vosgesinfo.fr\/saintdieinfo\/2025\/04\/ville-sur-illon-les-mecenes-en-reunion-au-musee-vosgien-de-la-brasserie\/#respond"]}]},{"@type":"WebPage","@id":"https:\/\/vosgesinfo.fr\/saintdieinfo\/2025\/04\/ville-sur-illon-les-mecenes-en-reunion-au-musee-vosgien-de-la-brasserie\/","url":"https:\/\/vosgesinfo.fr\/saintdieinfo\/2025\/04\/ville-sur-illon-les-mecenes-en-reunion-au-musee-vosgien-de-la-brasserie\/","name":"Ville-sur-Illon - Les m\u00e9c\u00e8nes en r\u00e9union au mus\u00e9e vosgien de la brasserie - Saint Die Info","isPartOf":{"@id":"https:\/\/vosgesinfo.fr\/saintdieinfo\/#website"},"primaryImageOfPage":{"@id":"https:\/\/vosgesinfo.fr\/saintdieinfo\/2025\/04\/ville-sur-illon-les-mecenes-en-reunion-au-musee-vosgien-de-la-brasserie\/#primaryimage"},"image":{"@id":"https:\/\/vosgesinfo.fr\/saintdieinfo\/2025\/04\/ville-sur-illon-les-mecenes-en-reunion-au-musee-vosgien-de-la-brasserie\/#primaryimage"},"thumbnailUrl":"https:\/\/vosgesinfo.fr\/app\/uploads\/sites\/4\/2025\/04\/musee-brasserie-ville-sur-illon.jpg","datePublished":"2025-04-14T16:16:07+00:00","dateModified":"2025-04-14T16:16:07+00:00","breadcrumb":{"@id":"https:\/\/vosgesinfo.fr\/saintdieinfo\/2025\/04\/ville-sur-illon-les-mecenes-en-reunion-au-musee-vosgien-de-la-brasserie\/#breadcrumb"},"inLanguage":"fr-FR","potentialAction":[{"@type":"ReadAction","target":["https:\/\/vosgesinfo.fr\/saintdieinfo\/2025\/04\/ville-sur-illon-les-mecenes-en-reunion-au-musee-vosgien-de-la-brasserie\/"]}]},{"@type":"ImageObject","inLanguage":"fr-FR","@id":"https:\/\/vosgesinfo.fr\/saintdieinfo\/2025\/04\/ville-sur-illon-les-mecenes-en-reunion-au-musee-vosgien-de-la-brasserie\/#primaryimage","url":"https:\/\/vosgesinfo.fr\/app\/uploads\/sites\/4\/2025\/04\/musee-brasserie-ville-sur-illon.jpg","contentUrl":"https:\/\/vosgesinfo.fr\/app\/uploads\/sites\/4\/2025\/04\/musee-brasserie-ville-sur-illon.jpg","width":1920,"height":1440},{"@type":"BreadcrumbList","@id":"https:\/\/vosgesinfo.fr\/saintdieinfo\/2025\/04\/ville-sur-illon-les-mecenes-en-reunion-au-musee-vosgien-de-la-brasserie\/#breadcrumb","itemListElement":[{"@type":"ListItem","position":1,"name":"Home","item":"https:\/\/vosgesinfo.fr\/saintdieinfo\/"},{"@type":"ListItem","position":2,"name":"Ville-sur-Illon &#8211; Les m\u00e9c\u00e8nes en r\u00e9union au mus\u00e9e vosgien de la brasserie"}]},{"@type":"WebSite","@id":"https:\/\/vosgesinfo.fr\/saintdieinfo\/#website","url":"https:\/\/vosgesinfo.fr\/saintdieinfo\/","name":"Saint Die Info","description":"Toute l&#039;actualit\u00e9 de Saint-Di\u00e9-Des-Vosges","publisher":{"@id":"https:\/\/vosgesinfo.fr\/saintdieinfo\/#organization"},"alternateName":"Toute l'actualit\u00e9 de Saint-Di\u00e9-Des-Vosges","potentialAction":[{"@type":"SearchAction","target":{"@type":"EntryPoint","urlTemplate":"https:\/\/vosgesinfo.fr\/saintdieinfo\/?s={search_term_string}"},"query-input":"required name=search_term_string"}],"inLanguage":"fr-FR"},{"@type":"Organization","@id":"https:\/\/vosgesinfo.fr\/saintdieinfo\/#organization","name":"Saint Die Info","url":"https:\/\/vosgesinfo.fr\/saintdieinfo\/","logo":{"@type":"ImageObject","inLanguage":"fr-FR","@id":"https:\/\/vosgesinfo.fr\/saintdieinfo\/#\/schema\/logo\/image\/","url":"https:\/\/vosgesinfo.fr\/app\/uploads\/sites\/4\/2024\/02\/logo-sdi.jpg","contentUrl":"https:\/\/vosgesinfo.fr\/app\/uploads\/sites\/4\/2024\/02\/logo-sdi.jpg","width":600,"height":600,"caption":"Saint Die Info"},"image":{"@id":"https:\/\/vosgesinfo.fr\/saintdieinfo\/#\/schema\/logo\/image\/"},"sameAs":["https:\/\/www.facebook.com\/Saintdieinfofr","https:\/\/x.com\/VosgesInfo88","https:\/\/www.youtube.com\/@vosgesinfo"]},{"@type":"Person","@id":"https:\/\/vosgesinfo.fr\/saintdieinfo\/#\/schema\/person\/6f9a650eeea99d969b6c4ab78fccbe81","name":"C.K.","image":{"@type":"ImageObject","inLanguage":"fr-FR","@id":"https:\/\/vosgesinfo.fr\/saintdieinfo\/#\/schema\/person\/image\/","url":"https:\/\/secure.gravatar.com\/avatar\/48e3fc7f8421ba8942be6b74a2b7f014ca39bc00dece156b7a8e098ae7dc87bf?s=96&d=mm&r=g","contentUrl":"https:\/\/secure.gravatar.com\/avatar\/48e3fc7f8421ba8942be6b74a2b7f014ca39bc00dece156b7a8e098ae7dc87bf?s=96&d=mm&r=g","caption":"C.K."},"url":"https:\/\/vosgesinfo.fr\/saintdieinfo\/author\/celia-k-n\/"}]}},"_links":{"self":[{"href":"https:\/\/vosgesinfo.fr\/saintdieinfo\/wp-json\/wp\/v2\/posts\/76793","targetHints":{"allow":["GET"]}}],"collection":[{"href":"https:\/\/vosgesinfo.fr\/saintdieinfo\/wp-json\/wp\/v2\/posts"}],"about":[{"href":"https:\/\/vosgesinfo.fr\/saintdieinfo\/wp-json\/wp\/v2\/types\/post"}],"author":[{"embeddable":true,"href":"https:\/\/vosgesinfo.fr\/saintdieinfo\/wp-json\/wp\/v2\/users\/52"}],"replies":[{"embeddable":true,"href":"https:\/\/vosgesinfo.fr\/saintdieinfo\/wp-json\/wp\/v2\/comments?post=76793"}],"version-history":[{"count":0,"href":"https:\/\/vosgesinfo.fr\/saintdieinfo\/wp-json\/wp\/v2\/posts\/76793\/revisions"}],"wp:featuredmedia":[{"embeddable":true,"href":"https:\/\/vosgesinfo.fr\/saintdieinfo\/wp-json\/wp\/v2\/media\/76794"}],"wp:attachment":[{"href":"https:\/\/vosgesinfo.fr\/saintdieinfo\/wp-json\/wp\/v2\/media?parent=76793"}],"wp:term":[{"taxonomy":"category","embeddable":true,"href":"https:\/\/vosgesinfo.fr\/saintdieinfo\/wp-json\/wp\/v2\/categories?post=76793"},{"taxonomy":"post_tag","embeddable":true,"href":"https:\/\/vosgesinfo.fr\/saintdieinfo\/wp-json\/wp\/v2\/tags?post=76793"}],"curies":[{"name":"wp","href":"https:\/\/api.w.org\/{rel}","templated":true}]}}