{"id":76814,"date":"2025-04-15T11:08:28","date_gmt":"2025-04-15T09:08:28","guid":{"rendered":"https:\/\/vosgesinfo.fr\/saintdieinfo\/?p=76814"},"modified":"2025-04-15T10:54:52","modified_gmt":"2025-04-15T08:54:52","slug":"les-rouges-eaux-conference-le-darou-des-vosges-par-lassociation-berian","status":"publish","type":"post","link":"https:\/\/vosgesinfo.fr\/saintdieinfo\/2025\/04\/les-rouges-eaux-conference-le-darou-des-vosges-par-lassociation-berian\/","title":{"rendered":"Les Rouges-Eaux \u2013 Conf\u00e9rence \u00ab Le Darou des Vosges \u00bb par l\u2019association BERIAN"},"content":{"rendered":"<div id=\"attachment_76815\" style=\"width: 650px\" class=\"wp-caption alignnone\"><a href=\"https:\/\/vosgesinfo.fr\/app\/uploads\/sites\/4\/2025\/04\/darou-berian.jpg\"><img decoding=\"async\" aria-describedby=\"caption-attachment-76815\" class=\"size-full wp-image-76815\" src=\"https:\/\/vosgesinfo.fr\/app\/uploads\/sites\/4\/2025\/04\/darou-berian.jpg\" alt=\"\" width=\"640\" height=\"543\" srcset=\"https:\/\/vosgesinfo.fr\/app\/uploads\/sites\/4\/2025\/04\/darou-berian.jpg 640w, https:\/\/vosgesinfo.fr\/app\/uploads\/sites\/4\/2025\/04\/darou-berian-300x255.jpg 300w\" sizes=\"(max-width: 640px) 100vw, 640px\" \/><\/a><p id=\"caption-attachment-76815\" class=\"wp-caption-text\">(Image BERIAN)<\/p><\/div>\n<h2>Ce <strong>vendredi 18 avril \u00e0 20h45<\/strong>, l\u2019association naturaliste et historienne <strong>BERIAN<\/strong> donnera une conf\u00e9rence intitul\u00e9e <strong>\u00ab Le Darou des Vosges \u2013 Sur les traces d&rsquo;un animal imaginaire \u00bb<\/strong>.<\/h2>\n<p><!--more--><\/p>\n<p>\u00ab Voil\u00e0 un \u00e9trange animal assez bien connu dans nos contr\u00e9es, apr\u00e8s lequel certains ont eu la malchance de courir lors de dr\u00f4les de nuits. On pense souvent qu&rsquo;il s&rsquo;agit d&rsquo;une cr\u00e9ature bien de chez nous, mais <strong>c&rsquo;est en r\u00e9alit\u00e9 une tradition cosmopolite<\/strong> \u00bb explique le pr\u00e9sident de BERIAN, <strong>Jean-Micha\u00ebl Choserot<\/strong>, qui animera la conf\u00e9rence.<\/p>\n<p>Comme les pr\u00e9c\u00e9dentes conf\u00e9rences de l\u2019association, cette soir\u00e9e se d\u00e9roulera \u00e0 <strong>l\u2019Auberge de la Cholotte<\/strong>, situ\u00e9e \u00e0 <strong>La Cense de Saint-Di\u00e9 aux Rouges-Eaux<\/strong>. <strong>L\u2019entr\u00e9e est \u00e0 5 \u20ac<\/strong> par personne, sachant qu\u2019il sera possible de <strong>d\u00e9guster, \u00e0 partir de 12 \u20ac, les produits locaux<\/strong> de l\u2019auberge <strong>\u00ab La bonne cuisine de nos Grand\u2019m\u00e8res \u00bb<\/strong>.<\/p>\n<p>Les r\u00e9servations pour la soir\u00e9e se font aupr\u00e8s de l\u2019auberge de la Cholotte au <strong>03-29-50-56-93<\/strong> ou <strong>06-76-77-24-13<\/strong>.<\/p>\n<p>Pour suivre l\u2019actualit\u00e9 de l\u2019association BERIAN, rendez-vous sur <strong><a href=\"https:\/\/berian.jimdosite.com\/\" target=\"_blank\" rel=\"noopener\">https:\/\/berian.jimdosite.com\/<\/a><\/strong>.<\/p>\n","protected":false},"excerpt":{"rendered":"<p>Ce vendredi 18 avril \u00e0 20h45, l\u2019association naturaliste et historienne BERIAN donnera une conf\u00e9rence intitul\u00e9e \u00ab Le Darou des Vosges [&hellip;]<\/p>\n","protected":false},"author":46,"featured_media":76815,"comment_status":"open","ping_status":"open","sticky":false,"template":"","format":"standard","meta":{"footnotes":""},"categories":[3900,7847,3903,17,18],"tags":[3009,3010,3616,16884,3012],"class_list":["post-76814","post","type-post","status-publish","format-standard","has-post-thumbnail","hentry","category-breves","category-art-culture","category-deodatie","category-vie-associative","category-vosges","tag-auberge-de-la-cholotte","tag-berian","tag-jean-michael-choserot","tag-le-darou-des-vosges","tag-les-rouges-eaux"],"acf":[],"yoast_head":"<!-- This site is optimized with the Yoast SEO plugin v22.5 - https:\/\/yoast.com\/wordpress\/plugins\/seo\/ -->\n<title>Les Rouges-Eaux \u2013 Conf\u00e9rence \u00ab Le Darou des Vosges \u00bb par l\u2019association BERIAN - Saint Die Info<\/title>\n<meta name=\"robots\" content=\"index, follow, max-snippet:-1, max-image-preview:large, max-video-preview:-1\" \/>\n<link rel=\"canonical\" href=\"https:\/\/vosgesinfo.fr\/saintdieinfo\/2025\/04\/les-rouges-eaux-conference-le-darou-des-vosges-par-lassociation-berian\/\" \/>\n<meta name=\"twitter:card\" content=\"summary_large_image\" \/>\n<meta name=\"twitter:title\" content=\"Les Rouges-Eaux \u2013 Conf\u00e9rence \u00ab Le Darou des Vosges \u00bb par l\u2019association BERIAN - Saint Die Info\" \/>\n<meta name=\"twitter:description\" content=\"Ce vendredi 18 avril \u00e0 20h45, l\u2019association naturaliste et historienne BERIAN donnera une conf\u00e9rence intitul\u00e9e \u00ab Le Darou des Vosges [&hellip;]\" \/>\n<meta name=\"twitter:image\" content=\"https:\/\/vosgesinfo.fr\/app\/uploads\/sites\/4\/2025\/04\/darou-berian.jpg\" \/>\n<meta name=\"twitter:creator\" content=\"@VosgesInfo88\" \/>\n<meta name=\"twitter:site\" content=\"@VosgesInfo88\" \/>\n<meta name=\"twitter:label1\" content=\"\u00c9crit par\" \/>\n\t<meta name=\"twitter:data1\" content=\"J.J.\" \/>\n\t<meta name=\"twitter:label2\" content=\"Dur\u00e9e de lecture estim\u00e9e\" \/>\n\t<meta name=\"twitter:data2\" content=\"1 minute\" \/>\n<script type=\"application\/ld+json\" class=\"yoast-schema-graph\">{\"@context\":\"https:\/\/schema.org\",\"@graph\":[{\"@type\":\"Article\",\"@id\":\"https:\/\/vosgesinfo.fr\/saintdieinfo\/2025\/04\/les-rouges-eaux-conference-le-darou-des-vosges-par-lassociation-berian\/#article\",\"isPartOf\":{\"@id\":\"https:\/\/vosgesinfo.fr\/saintdieinfo\/2025\/04\/les-rouges-eaux-conference-le-darou-des-vosges-par-lassociation-berian\/\"},\"author\":{\"name\":\"J.J.\",\"@id\":\"https:\/\/vosgesinfo.fr\/saintdieinfo\/#\/schema\/person\/fa73e9f726d67bb88f46d5b7943cb572\"},\"headline\":\"Les Rouges-Eaux \u2013 Conf\u00e9rence \u00ab Le Darou des Vosges \u00bb par l\u2019association BERIAN\",\"datePublished\":\"2025-04-15T09:08:28+00:00\",\"dateModified\":\"2025-04-15T08:54:52+00:00\",\"mainEntityOfPage\":{\"@id\":\"https:\/\/vosgesinfo.fr\/saintdieinfo\/2025\/04\/les-rouges-eaux-conference-le-darou-des-vosges-par-lassociation-berian\/\"},\"wordCount\":213,\"commentCount\":0,\"publisher\":{\"@id\":\"https:\/\/vosgesinfo.fr\/saintdieinfo\/#organization\"},\"image\":{\"@id\":\"https:\/\/vosgesinfo.fr\/saintdieinfo\/2025\/04\/les-rouges-eaux-conference-le-darou-des-vosges-par-lassociation-berian\/#primaryimage\"},\"thumbnailUrl\":\"https:\/\/vosgesinfo.fr\/app\/uploads\/sites\/4\/2025\/04\/darou-berian.jpg\",\"keywords\":[\"Auberge de la Cholotte\",\"BERIAN\",\"Jean-Micha\u00ebl Choserot\",\"Le Darou des Vosges\",\"Les Rouges-Eaux\"],\"articleSection\":[\"Br\u00e8ves\",\"Culture\",\"D\u00e9odatie\",\"Vie Associative\",\"Vosges\"],\"inLanguage\":\"fr-FR\",\"potentialAction\":[{\"@type\":\"CommentAction\",\"name\":\"Comment\",\"target\":[\"https:\/\/vosgesinfo.fr\/saintdieinfo\/2025\/04\/les-rouges-eaux-conference-le-darou-des-vosges-par-lassociation-berian\/#respond\"]}]},{\"@type\":\"WebPage\",\"@id\":\"https:\/\/vosgesinfo.fr\/saintdieinfo\/2025\/04\/les-rouges-eaux-conference-le-darou-des-vosges-par-lassociation-berian\/\",\"url\":\"https:\/\/vosgesinfo.fr\/saintdieinfo\/2025\/04\/les-rouges-eaux-conference-le-darou-des-vosges-par-lassociation-berian\/\",\"name\":\"Les Rouges-Eaux \u2013 Conf\u00e9rence \u00ab Le Darou des Vosges \u00bb par l\u2019association BERIAN - Saint Die Info\",\"isPartOf\":{\"@id\":\"https:\/\/vosgesinfo.fr\/saintdieinfo\/#website\"},\"primaryImageOfPage\":{\"@id\":\"https:\/\/vosgesinfo.fr\/saintdieinfo\/2025\/04\/les-rouges-eaux-conference-le-darou-des-vosges-par-lassociation-berian\/#primaryimage\"},\"image\":{\"@id\":\"https:\/\/vosgesinfo.fr\/saintdieinfo\/2025\/04\/les-rouges-eaux-conference-le-darou-des-vosges-par-lassociation-berian\/#primaryimage\"},\"thumbnailUrl\":\"https:\/\/vosgesinfo.fr\/app\/uploads\/sites\/4\/2025\/04\/darou-berian.jpg\",\"datePublished\":\"2025-04-15T09:08:28+00:00\",\"dateModified\":\"2025-04-15T08:54:52+00:00\",\"breadcrumb\":{\"@id\":\"https:\/\/vosgesinfo.fr\/saintdieinfo\/2025\/04\/les-rouges-eaux-conference-le-darou-des-vosges-par-lassociation-berian\/#breadcrumb\"},\"inLanguage\":\"fr-FR\",\"potentialAction\":[{\"@type\":\"ReadAction\",\"target\":[\"https:\/\/vosgesinfo.fr\/saintdieinfo\/2025\/04\/les-rouges-eaux-conference-le-darou-des-vosges-par-lassociation-berian\/\"]}]},{\"@type\":\"ImageObject\",\"inLanguage\":\"fr-FR\",\"@id\":\"https:\/\/vosgesinfo.fr\/saintdieinfo\/2025\/04\/les-rouges-eaux-conference-le-darou-des-vosges-par-lassociation-berian\/#primaryimage\",\"url\":\"https:\/\/vosgesinfo.fr\/app\/uploads\/sites\/4\/2025\/04\/darou-berian.jpg\",\"contentUrl\":\"https:\/\/vosgesinfo.fr\/app\/uploads\/sites\/4\/2025\/04\/darou-berian.jpg\",\"width\":640,\"height\":543,\"caption\":\"(Image BERIAN)\"},{\"@type\":\"BreadcrumbList\",\"@id\":\"https:\/\/vosgesinfo.fr\/saintdieinfo\/2025\/04\/les-rouges-eaux-conference-le-darou-des-vosges-par-lassociation-berian\/#breadcrumb\",\"itemListElement\":[{\"@type\":\"ListItem\",\"position\":1,\"name\":\"Home\",\"item\":\"https:\/\/vosgesinfo.fr\/saintdieinfo\/\"},{\"@type\":\"ListItem\",\"position\":2,\"name\":\"Les Rouges-Eaux \u2013 Conf\u00e9rence \u00ab Le Darou des Vosges \u00bb par l\u2019association BERIAN\"}]},{\"@type\":\"WebSite\",\"@id\":\"https:\/\/vosgesinfo.fr\/saintdieinfo\/#website\",\"url\":\"https:\/\/vosgesinfo.fr\/saintdieinfo\/\",\"name\":\"Saint Die Info\",\"description\":\"Toute l&#039;actualit\u00e9 de Saint-Di\u00e9-Des-Vosges\",\"publisher\":{\"@id\":\"https:\/\/vosgesinfo.fr\/saintdieinfo\/#organization\"},\"alternateName\":\"Toute l'actualit\u00e9 de Saint-Di\u00e9-Des-Vosges\",\"potentialAction\":[{\"@type\":\"SearchAction\",\"target\":{\"@type\":\"EntryPoint\",\"urlTemplate\":\"https:\/\/vosgesinfo.fr\/saintdieinfo\/?s={search_term_string}\"},\"query-input\":\"required name=search_term_string\"}],\"inLanguage\":\"fr-FR\"},{\"@type\":\"Organization\",\"@id\":\"https:\/\/vosgesinfo.fr\/saintdieinfo\/#organization\",\"name\":\"Saint Die Info\",\"url\":\"https:\/\/vosgesinfo.fr\/saintdieinfo\/\",\"logo\":{\"@type\":\"ImageObject\",\"inLanguage\":\"fr-FR\",\"@id\":\"https:\/\/vosgesinfo.fr\/saintdieinfo\/#\/schema\/logo\/image\/\",\"url\":\"https:\/\/vosgesinfo.fr\/app\/uploads\/sites\/4\/2024\/02\/logo-sdi.jpg\",\"contentUrl\":\"https:\/\/vosgesinfo.fr\/app\/uploads\/sites\/4\/2024\/02\/logo-sdi.jpg\",\"width\":600,\"height\":600,\"caption\":\"Saint Die Info\"},\"image\":{\"@id\":\"https:\/\/vosgesinfo.fr\/saintdieinfo\/#\/schema\/logo\/image\/\"},\"sameAs\":[\"https:\/\/www.facebook.com\/Saintdieinfofr\",\"https:\/\/x.com\/VosgesInfo88\",\"https:\/\/www.youtube.com\/@vosgesinfo\"]},{\"@type\":\"Person\",\"@id\":\"https:\/\/vosgesinfo.fr\/saintdieinfo\/#\/schema\/person\/fa73e9f726d67bb88f46d5b7943cb572\",\"name\":\"J.J.\",\"image\":{\"@type\":\"ImageObject\",\"inLanguage\":\"fr-FR\",\"@id\":\"https:\/\/vosgesinfo.fr\/saintdieinfo\/#\/schema\/person\/image\/\",\"url\":\"https:\/\/secure.gravatar.com\/avatar\/219e749e47ffbcca018a360ae4add7d4cdf1cdaaf8bc7676b27efade3fe65615?s=96&d=mm&r=g\",\"contentUrl\":\"https:\/\/secure.gravatar.com\/avatar\/219e749e47ffbcca018a360ae4add7d4cdf1cdaaf8bc7676b27efade3fe65615?s=96&d=mm&r=g\",\"caption\":\"J.J.\"},\"url\":\"https:\/\/vosgesinfo.fr\/saintdieinfo\/author\/j-j\/\"}]}<\/script>\n<!-- \/ Yoast SEO plugin. -->","yoast_head_json":{"title":"Les Rouges-Eaux \u2013 Conf\u00e9rence \u00ab Le Darou des Vosges \u00bb par l\u2019association BERIAN - Saint Die Info","robots":{"index":"index","follow":"follow","max-snippet":"max-snippet:-1","max-image-preview":"max-image-preview:large","max-video-preview":"max-video-preview:-1"},"canonical":"https:\/\/vosgesinfo.fr\/saintdieinfo\/2025\/04\/les-rouges-eaux-conference-le-darou-des-vosges-par-lassociation-berian\/","twitter_card":"summary_large_image","twitter_title":"Les Rouges-Eaux \u2013 Conf\u00e9rence \u00ab Le Darou des Vosges \u00bb par l\u2019association BERIAN - Saint Die Info","twitter_description":"Ce vendredi 18 avril \u00e0 20h45, l\u2019association naturaliste et historienne BERIAN donnera une conf\u00e9rence intitul\u00e9e \u00ab Le Darou des Vosges [&hellip;]","twitter_image":"https:\/\/vosgesinfo.fr\/app\/uploads\/sites\/4\/2025\/04\/darou-berian.jpg","twitter_creator":"@VosgesInfo88","twitter_site":"@VosgesInfo88","twitter_misc":{"\u00c9crit par":"J.J.","Dur\u00e9e de lecture estim\u00e9e":"1 minute"},"schema":{"@context":"https:\/\/schema.org","@graph":[{"@type":"Article","@id":"https:\/\/vosgesinfo.fr\/saintdieinfo\/2025\/04\/les-rouges-eaux-conference-le-darou-des-vosges-par-lassociation-berian\/#article","isPartOf":{"@id":"https:\/\/vosgesinfo.fr\/saintdieinfo\/2025\/04\/les-rouges-eaux-conference-le-darou-des-vosges-par-lassociation-berian\/"},"author":{"name":"J.J.","@id":"https:\/\/vosgesinfo.fr\/saintdieinfo\/#\/schema\/person\/fa73e9f726d67bb88f46d5b7943cb572"},"headline":"Les Rouges-Eaux \u2013 Conf\u00e9rence \u00ab Le Darou des Vosges \u00bb par l\u2019association BERIAN","datePublished":"2025-04-15T09:08:28+00:00","dateModified":"2025-04-15T08:54:52+00:00","mainEntityOfPage":{"@id":"https:\/\/vosgesinfo.fr\/saintdieinfo\/2025\/04\/les-rouges-eaux-conference-le-darou-des-vosges-par-lassociation-berian\/"},"wordCount":213,"commentCount":0,"publisher":{"@id":"https:\/\/vosgesinfo.fr\/saintdieinfo\/#organization"},"image":{"@id":"https:\/\/vosgesinfo.fr\/saintdieinfo\/2025\/04\/les-rouges-eaux-conference-le-darou-des-vosges-par-lassociation-berian\/#primaryimage"},"thumbnailUrl":"https:\/\/vosgesinfo.fr\/app\/uploads\/sites\/4\/2025\/04\/darou-berian.jpg","keywords":["Auberge de la Cholotte","BERIAN","Jean-Micha\u00ebl Choserot","Le Darou des Vosges","Les Rouges-Eaux"],"articleSection":["Br\u00e8ves","Culture","D\u00e9odatie","Vie Associative","Vosges"],"inLanguage":"fr-FR","potentialAction":[{"@type":"CommentAction","name":"Comment","target":["https:\/\/vosgesinfo.fr\/saintdieinfo\/2025\/04\/les-rouges-eaux-conference-le-darou-des-vosges-par-lassociation-berian\/#respond"]}]},{"@type":"WebPage","@id":"https:\/\/vosgesinfo.fr\/saintdieinfo\/2025\/04\/les-rouges-eaux-conference-le-darou-des-vosges-par-lassociation-berian\/","url":"https:\/\/vosgesinfo.fr\/saintdieinfo\/2025\/04\/les-rouges-eaux-conference-le-darou-des-vosges-par-lassociation-berian\/","name":"Les Rouges-Eaux \u2013 Conf\u00e9rence \u00ab Le Darou des Vosges \u00bb par l\u2019association BERIAN - Saint Die Info","isPartOf":{"@id":"https:\/\/vosgesinfo.fr\/saintdieinfo\/#website"},"primaryImageOfPage":{"@id":"https:\/\/vosgesinfo.fr\/saintdieinfo\/2025\/04\/les-rouges-eaux-conference-le-darou-des-vosges-par-lassociation-berian\/#primaryimage"},"image":{"@id":"https:\/\/vosgesinfo.fr\/saintdieinfo\/2025\/04\/les-rouges-eaux-conference-le-darou-des-vosges-par-lassociation-berian\/#primaryimage"},"thumbnailUrl":"https:\/\/vosgesinfo.fr\/app\/uploads\/sites\/4\/2025\/04\/darou-berian.jpg","datePublished":"2025-04-15T09:08:28+00:00","dateModified":"2025-04-15T08:54:52+00:00","breadcrumb":{"@id":"https:\/\/vosgesinfo.fr\/saintdieinfo\/2025\/04\/les-rouges-eaux-conference-le-darou-des-vosges-par-lassociation-berian\/#breadcrumb"},"inLanguage":"fr-FR","potentialAction":[{"@type":"ReadAction","target":["https:\/\/vosgesinfo.fr\/saintdieinfo\/2025\/04\/les-rouges-eaux-conference-le-darou-des-vosges-par-lassociation-berian\/"]}]},{"@type":"ImageObject","inLanguage":"fr-FR","@id":"https:\/\/vosgesinfo.fr\/saintdieinfo\/2025\/04\/les-rouges-eaux-conference-le-darou-des-vosges-par-lassociation-berian\/#primaryimage","url":"https:\/\/vosgesinfo.fr\/app\/uploads\/sites\/4\/2025\/04\/darou-berian.jpg","contentUrl":"https:\/\/vosgesinfo.fr\/app\/uploads\/sites\/4\/2025\/04\/darou-berian.jpg","width":640,"height":543,"caption":"(Image BERIAN)"},{"@type":"BreadcrumbList","@id":"https:\/\/vosgesinfo.fr\/saintdieinfo\/2025\/04\/les-rouges-eaux-conference-le-darou-des-vosges-par-lassociation-berian\/#breadcrumb","itemListElement":[{"@type":"ListItem","position":1,"name":"Home","item":"https:\/\/vosgesinfo.fr\/saintdieinfo\/"},{"@type":"ListItem","position":2,"name":"Les Rouges-Eaux \u2013 Conf\u00e9rence \u00ab Le Darou des Vosges \u00bb par l\u2019association BERIAN"}]},{"@type":"WebSite","@id":"https:\/\/vosgesinfo.fr\/saintdieinfo\/#website","url":"https:\/\/vosgesinfo.fr\/saintdieinfo\/","name":"Saint Die Info","description":"Toute l&#039;actualit\u00e9 de Saint-Di\u00e9-Des-Vosges","publisher":{"@id":"https:\/\/vosgesinfo.fr\/saintdieinfo\/#organization"},"alternateName":"Toute l'actualit\u00e9 de Saint-Di\u00e9-Des-Vosges","potentialAction":[{"@type":"SearchAction","target":{"@type":"EntryPoint","urlTemplate":"https:\/\/vosgesinfo.fr\/saintdieinfo\/?s={search_term_string}"},"query-input":"required name=search_term_string"}],"inLanguage":"fr-FR"},{"@type":"Organization","@id":"https:\/\/vosgesinfo.fr\/saintdieinfo\/#organization","name":"Saint Die Info","url":"https:\/\/vosgesinfo.fr\/saintdieinfo\/","logo":{"@type":"ImageObject","inLanguage":"fr-FR","@id":"https:\/\/vosgesinfo.fr\/saintdieinfo\/#\/schema\/logo\/image\/","url":"https:\/\/vosgesinfo.fr\/app\/uploads\/sites\/4\/2024\/02\/logo-sdi.jpg","contentUrl":"https:\/\/vosgesinfo.fr\/app\/uploads\/sites\/4\/2024\/02\/logo-sdi.jpg","width":600,"height":600,"caption":"Saint Die Info"},"image":{"@id":"https:\/\/vosgesinfo.fr\/saintdieinfo\/#\/schema\/logo\/image\/"},"sameAs":["https:\/\/www.facebook.com\/Saintdieinfofr","https:\/\/x.com\/VosgesInfo88","https:\/\/www.youtube.com\/@vosgesinfo"]},{"@type":"Person","@id":"https:\/\/vosgesinfo.fr\/saintdieinfo\/#\/schema\/person\/fa73e9f726d67bb88f46d5b7943cb572","name":"J.J.","image":{"@type":"ImageObject","inLanguage":"fr-FR","@id":"https:\/\/vosgesinfo.fr\/saintdieinfo\/#\/schema\/person\/image\/","url":"https:\/\/secure.gravatar.com\/avatar\/219e749e47ffbcca018a360ae4add7d4cdf1cdaaf8bc7676b27efade3fe65615?s=96&d=mm&r=g","contentUrl":"https:\/\/secure.gravatar.com\/avatar\/219e749e47ffbcca018a360ae4add7d4cdf1cdaaf8bc7676b27efade3fe65615?s=96&d=mm&r=g","caption":"J.J."},"url":"https:\/\/vosgesinfo.fr\/saintdieinfo\/author\/j-j\/"}]}},"_links":{"self":[{"href":"https:\/\/vosgesinfo.fr\/saintdieinfo\/wp-json\/wp\/v2\/posts\/76814","targetHints":{"allow":["GET"]}}],"collection":[{"href":"https:\/\/vosgesinfo.fr\/saintdieinfo\/wp-json\/wp\/v2\/posts"}],"about":[{"href":"https:\/\/vosgesinfo.fr\/saintdieinfo\/wp-json\/wp\/v2\/types\/post"}],"author":[{"embeddable":true,"href":"https:\/\/vosgesinfo.fr\/saintdieinfo\/wp-json\/wp\/v2\/users\/46"}],"replies":[{"embeddable":true,"href":"https:\/\/vosgesinfo.fr\/saintdieinfo\/wp-json\/wp\/v2\/comments?post=76814"}],"version-history":[{"count":1,"href":"https:\/\/vosgesinfo.fr\/saintdieinfo\/wp-json\/wp\/v2\/posts\/76814\/revisions"}],"predecessor-version":[{"id":76816,"href":"https:\/\/vosgesinfo.fr\/saintdieinfo\/wp-json\/wp\/v2\/posts\/76814\/revisions\/76816"}],"wp:featuredmedia":[{"embeddable":true,"href":"https:\/\/vosgesinfo.fr\/saintdieinfo\/wp-json\/wp\/v2\/media\/76815"}],"wp:attachment":[{"href":"https:\/\/vosgesinfo.fr\/saintdieinfo\/wp-json\/wp\/v2\/media?parent=76814"}],"wp:term":[{"taxonomy":"category","embeddable":true,"href":"https:\/\/vosgesinfo.fr\/saintdieinfo\/wp-json\/wp\/v2\/categories?post=76814"},{"taxonomy":"post_tag","embeddable":true,"href":"https:\/\/vosgesinfo.fr\/saintdieinfo\/wp-json\/wp\/v2\/tags?post=76814"}],"curies":[{"name":"wp","href":"https:\/\/api.w.org\/{rel}","templated":true}]}}