{"id":76847,"date":"2025-04-15T17:51:03","date_gmt":"2025-04-15T15:51:03","guid":{"rendered":"https:\/\/vosgesinfo.fr\/saintdieinfo\/?p=76847"},"modified":"2025-04-15T17:40:14","modified_gmt":"2025-04-15T15:40:14","slug":"ban-sur-meurthe-clefcy-reouverture-du-restaurant-la-clef-du-ban","status":"publish","type":"post","link":"https:\/\/vosgesinfo.fr\/saintdieinfo\/2025\/04\/ban-sur-meurthe-clefcy-reouverture-du-restaurant-la-clef-du-ban\/","title":{"rendered":"Ban-sur-Meurthe-Clefcy \u2013 R\u00e9ouverture du restaurant \u00ab\u00a0La Clef du Ban\u00a0\u00bb"},"content":{"rendered":"<div id=\"attachment_76848\" style=\"width: 1034px\" class=\"wp-caption alignnone\"><a href=\"https:\/\/vosgesinfo.fr\/app\/uploads\/sites\/4\/2025\/04\/ban-sur-meurthe-clefcy-reouverture-clef-du-ban-scaled.jpg\"><img decoding=\"async\" aria-describedby=\"caption-attachment-76848\" class=\"size-large wp-image-76848\" src=\"https:\/\/vosgesinfo.fr\/app\/uploads\/sites\/4\/2025\/04\/ban-sur-meurthe-clefcy-reouverture-clef-du-ban-1024x692.jpg\" alt=\"\" width=\"1024\" height=\"692\" srcset=\"https:\/\/vosgesinfo.fr\/app\/uploads\/sites\/4\/2025\/04\/ban-sur-meurthe-clefcy-reouverture-clef-du-ban-1024x692.jpg 1024w, https:\/\/vosgesinfo.fr\/app\/uploads\/sites\/4\/2025\/04\/ban-sur-meurthe-clefcy-reouverture-clef-du-ban-300x203.jpg 300w, https:\/\/vosgesinfo.fr\/app\/uploads\/sites\/4\/2025\/04\/ban-sur-meurthe-clefcy-reouverture-clef-du-ban-768x519.jpg 768w, https:\/\/vosgesinfo.fr\/app\/uploads\/sites\/4\/2025\/04\/ban-sur-meurthe-clefcy-reouverture-clef-du-ban-1536x1038.jpg 1536w, https:\/\/vosgesinfo.fr\/app\/uploads\/sites\/4\/2025\/04\/ban-sur-meurthe-clefcy-reouverture-clef-du-ban-2048x1384.jpg 2048w\" sizes=\"(max-width: 1024px) 100vw, 1024px\" \/><\/a><p id=\"caption-attachment-76848\" class=\"wp-caption-text\">(Capture d&rsquo;\u00e9cran Google Maps)<\/p><\/div>\n<h2 data-start=\"137\" data-end=\"392\">Le restaurant <strong data-start=\"151\" data-end=\"173\">\u00ab La Clef du Ban \u00bb<\/strong> \u00e9tait ferm\u00e9 depuis un certain temps, suite \u00e0 une <strong data-start=\"223\" data-end=\"249\">liquidation judiciaire<\/strong> prononc\u00e9e en <strong data-start=\"263\" data-end=\"271\">2022<\/strong>. Depuis ce <strong data-start=\"283\" data-end=\"309\">samedi 12 avril \u00e0 midi<\/strong>, le restaurant situ\u00e9 au centre de <strong data-start=\"344\" data-end=\"370\">Ban-sur-Meurthe-Clefcy<\/strong> a rouvert ses portes.<\/h2>\n<p data-start=\"137\" data-end=\"392\"><!--more--><\/p>\n<p class=\"\" data-start=\"394\" data-end=\"752\">Derri\u00e8re cette r\u00e9ouverture, on retrouve la <strong data-start=\"437\" data-end=\"466\">Plainfinoise Cindy Krauss<\/strong>. Cette derni\u00e8re, qui a notamment \u00e9t\u00e9 cuisini\u00e8re \u00e0 <strong data-start=\"517\" data-end=\"557\">l&rsquo;Auberge de la Grange de Plainfaing<\/strong>, est la <strong data-start=\"566\" data-end=\"586\">nouvelle g\u00e9rante<\/strong> de <strong data-start=\"590\" data-end=\"612\">\u00ab La Clef du Ban \u00bb<\/strong>. Le restaurant est <strong data-start=\"632\" data-end=\"669\">ouvert uniquement sur r\u00e9servation<\/strong>, du <strong data-start=\"674\" data-end=\"703\">lundi au dimanche le midi<\/strong>, ainsi que le <strong data-start=\"718\" data-end=\"751\">vendredi et le samedi le soir<\/strong>.<\/p>\n<p data-start=\"394\" data-end=\"752\">J.J.<\/p>\n","protected":false},"excerpt":{"rendered":"<p>Le restaurant \u00ab La Clef du Ban \u00bb \u00e9tait ferm\u00e9 depuis un certain temps, suite \u00e0 une liquidation judiciaire prononc\u00e9e [&hellip;]<\/p>\n","protected":false},"author":46,"featured_media":76848,"comment_status":"open","ping_status":"open","sticky":false,"template":"","format":"standard","meta":{"footnotes":""},"categories":[460,3903],"tags":[3822,16897,16896],"class_list":["post-76847","post","type-post","status-publish","format-standard","has-post-thumbnail","hentry","category-a-la-une","category-deodatie","tag-ban-sur-meurthe-clefcy","tag-la-clef-du-ban","tag-reouverture-du-restaurant-la-clef-du-ban"],"acf":[],"yoast_head":"<!-- This site is optimized with the Yoast SEO plugin v22.5 - https:\/\/yoast.com\/wordpress\/plugins\/seo\/ -->\n<title>Ban-sur-Meurthe-Clefcy \u2013 R\u00e9ouverture du restaurant \u00ab\u00a0La Clef du Ban\u00a0\u00bb - Saint Die Info<\/title>\n<meta name=\"robots\" content=\"index, follow, max-snippet:-1, max-image-preview:large, max-video-preview:-1\" \/>\n<link rel=\"canonical\" href=\"https:\/\/vosgesinfo.fr\/saintdieinfo\/2025\/04\/ban-sur-meurthe-clefcy-reouverture-du-restaurant-la-clef-du-ban\/\" \/>\n<meta name=\"twitter:card\" content=\"summary_large_image\" \/>\n<meta name=\"twitter:title\" content=\"Ban-sur-Meurthe-Clefcy \u2013 R\u00e9ouverture du restaurant \u00ab\u00a0La Clef du Ban\u00a0\u00bb - Saint Die Info\" \/>\n<meta name=\"twitter:description\" content=\"Le restaurant \u00ab La Clef du Ban \u00bb \u00e9tait ferm\u00e9 depuis un certain temps, suite \u00e0 une liquidation judiciaire prononc\u00e9e [&hellip;]\" \/>\n<meta name=\"twitter:image\" content=\"https:\/\/vosgesinfo.fr\/app\/uploads\/sites\/4\/2025\/04\/ban-sur-meurthe-clefcy-reouverture-clef-du-ban-scaled.jpg\" \/>\n<meta name=\"twitter:creator\" content=\"@VosgesInfo88\" \/>\n<meta name=\"twitter:site\" content=\"@VosgesInfo88\" \/>\n<meta name=\"twitter:label1\" content=\"\u00c9crit par\" \/>\n\t<meta name=\"twitter:data1\" content=\"J.J.\" \/>\n\t<meta name=\"twitter:label2\" content=\"Dur\u00e9e de lecture estim\u00e9e\" \/>\n\t<meta name=\"twitter:data2\" content=\"1 minute\" \/>\n<script type=\"application\/ld+json\" class=\"yoast-schema-graph\">{\"@context\":\"https:\/\/schema.org\",\"@graph\":[{\"@type\":\"Article\",\"@id\":\"https:\/\/vosgesinfo.fr\/saintdieinfo\/2025\/04\/ban-sur-meurthe-clefcy-reouverture-du-restaurant-la-clef-du-ban\/#article\",\"isPartOf\":{\"@id\":\"https:\/\/vosgesinfo.fr\/saintdieinfo\/2025\/04\/ban-sur-meurthe-clefcy-reouverture-du-restaurant-la-clef-du-ban\/\"},\"author\":{\"name\":\"J.J.\",\"@id\":\"https:\/\/vosgesinfo.fr\/saintdieinfo\/#\/schema\/person\/fa73e9f726d67bb88f46d5b7943cb572\"},\"headline\":\"Ban-sur-Meurthe-Clefcy \u2013 R\u00e9ouverture du restaurant \u00ab\u00a0La Clef du Ban\u00a0\u00bb\",\"datePublished\":\"2025-04-15T15:51:03+00:00\",\"dateModified\":\"2025-04-15T15:40:14+00:00\",\"mainEntityOfPage\":{\"@id\":\"https:\/\/vosgesinfo.fr\/saintdieinfo\/2025\/04\/ban-sur-meurthe-clefcy-reouverture-du-restaurant-la-clef-du-ban\/\"},\"wordCount\":118,\"commentCount\":0,\"publisher\":{\"@id\":\"https:\/\/vosgesinfo.fr\/saintdieinfo\/#organization\"},\"image\":{\"@id\":\"https:\/\/vosgesinfo.fr\/saintdieinfo\/2025\/04\/ban-sur-meurthe-clefcy-reouverture-du-restaurant-la-clef-du-ban\/#primaryimage\"},\"thumbnailUrl\":\"https:\/\/vosgesinfo.fr\/app\/uploads\/sites\/4\/2025\/04\/ban-sur-meurthe-clefcy-reouverture-clef-du-ban-scaled.jpg\",\"keywords\":[\"Ban-sur-Meurthe-Clefcy\",\"La Clef du Ban\",\"R\u00e9ouverture du restaurant La Clef du Ban\"],\"articleSection\":[\"A la Une\",\"D\u00e9odatie\"],\"inLanguage\":\"fr-FR\",\"potentialAction\":[{\"@type\":\"CommentAction\",\"name\":\"Comment\",\"target\":[\"https:\/\/vosgesinfo.fr\/saintdieinfo\/2025\/04\/ban-sur-meurthe-clefcy-reouverture-du-restaurant-la-clef-du-ban\/#respond\"]}]},{\"@type\":\"WebPage\",\"@id\":\"https:\/\/vosgesinfo.fr\/saintdieinfo\/2025\/04\/ban-sur-meurthe-clefcy-reouverture-du-restaurant-la-clef-du-ban\/\",\"url\":\"https:\/\/vosgesinfo.fr\/saintdieinfo\/2025\/04\/ban-sur-meurthe-clefcy-reouverture-du-restaurant-la-clef-du-ban\/\",\"name\":\"Ban-sur-Meurthe-Clefcy \u2013 R\u00e9ouverture du restaurant \u00ab\u00a0La Clef du Ban\u00a0\u00bb - Saint Die Info\",\"isPartOf\":{\"@id\":\"https:\/\/vosgesinfo.fr\/saintdieinfo\/#website\"},\"primaryImageOfPage\":{\"@id\":\"https:\/\/vosgesinfo.fr\/saintdieinfo\/2025\/04\/ban-sur-meurthe-clefcy-reouverture-du-restaurant-la-clef-du-ban\/#primaryimage\"},\"image\":{\"@id\":\"https:\/\/vosgesinfo.fr\/saintdieinfo\/2025\/04\/ban-sur-meurthe-clefcy-reouverture-du-restaurant-la-clef-du-ban\/#primaryimage\"},\"thumbnailUrl\":\"https:\/\/vosgesinfo.fr\/app\/uploads\/sites\/4\/2025\/04\/ban-sur-meurthe-clefcy-reouverture-clef-du-ban-scaled.jpg\",\"datePublished\":\"2025-04-15T15:51:03+00:00\",\"dateModified\":\"2025-04-15T15:40:14+00:00\",\"breadcrumb\":{\"@id\":\"https:\/\/vosgesinfo.fr\/saintdieinfo\/2025\/04\/ban-sur-meurthe-clefcy-reouverture-du-restaurant-la-clef-du-ban\/#breadcrumb\"},\"inLanguage\":\"fr-FR\",\"potentialAction\":[{\"@type\":\"ReadAction\",\"target\":[\"https:\/\/vosgesinfo.fr\/saintdieinfo\/2025\/04\/ban-sur-meurthe-clefcy-reouverture-du-restaurant-la-clef-du-ban\/\"]}]},{\"@type\":\"ImageObject\",\"inLanguage\":\"fr-FR\",\"@id\":\"https:\/\/vosgesinfo.fr\/saintdieinfo\/2025\/04\/ban-sur-meurthe-clefcy-reouverture-du-restaurant-la-clef-du-ban\/#primaryimage\",\"url\":\"https:\/\/vosgesinfo.fr\/app\/uploads\/sites\/4\/2025\/04\/ban-sur-meurthe-clefcy-reouverture-clef-du-ban-scaled.jpg\",\"contentUrl\":\"https:\/\/vosgesinfo.fr\/app\/uploads\/sites\/4\/2025\/04\/ban-sur-meurthe-clefcy-reouverture-clef-du-ban-scaled.jpg\",\"width\":2560,\"height\":1730,\"caption\":\"(Capture d'\u00e9cran Google Maps)\"},{\"@type\":\"BreadcrumbList\",\"@id\":\"https:\/\/vosgesinfo.fr\/saintdieinfo\/2025\/04\/ban-sur-meurthe-clefcy-reouverture-du-restaurant-la-clef-du-ban\/#breadcrumb\",\"itemListElement\":[{\"@type\":\"ListItem\",\"position\":1,\"name\":\"Home\",\"item\":\"https:\/\/vosgesinfo.fr\/saintdieinfo\/\"},{\"@type\":\"ListItem\",\"position\":2,\"name\":\"Ban-sur-Meurthe-Clefcy \u2013 R\u00e9ouverture du restaurant \u00ab\u00a0La Clef du Ban\u00a0\u00bb\"}]},{\"@type\":\"WebSite\",\"@id\":\"https:\/\/vosgesinfo.fr\/saintdieinfo\/#website\",\"url\":\"https:\/\/vosgesinfo.fr\/saintdieinfo\/\",\"name\":\"Saint Die Info\",\"description\":\"Toute l&#039;actualit\u00e9 de Saint-Di\u00e9-Des-Vosges\",\"publisher\":{\"@id\":\"https:\/\/vosgesinfo.fr\/saintdieinfo\/#organization\"},\"alternateName\":\"Toute l'actualit\u00e9 de Saint-Di\u00e9-Des-Vosges\",\"potentialAction\":[{\"@type\":\"SearchAction\",\"target\":{\"@type\":\"EntryPoint\",\"urlTemplate\":\"https:\/\/vosgesinfo.fr\/saintdieinfo\/?s={search_term_string}\"},\"query-input\":\"required name=search_term_string\"}],\"inLanguage\":\"fr-FR\"},{\"@type\":\"Organization\",\"@id\":\"https:\/\/vosgesinfo.fr\/saintdieinfo\/#organization\",\"name\":\"Saint Die Info\",\"url\":\"https:\/\/vosgesinfo.fr\/saintdieinfo\/\",\"logo\":{\"@type\":\"ImageObject\",\"inLanguage\":\"fr-FR\",\"@id\":\"https:\/\/vosgesinfo.fr\/saintdieinfo\/#\/schema\/logo\/image\/\",\"url\":\"https:\/\/vosgesinfo.fr\/app\/uploads\/sites\/4\/2024\/02\/logo-sdi.jpg\",\"contentUrl\":\"https:\/\/vosgesinfo.fr\/app\/uploads\/sites\/4\/2024\/02\/logo-sdi.jpg\",\"width\":600,\"height\":600,\"caption\":\"Saint Die Info\"},\"image\":{\"@id\":\"https:\/\/vosgesinfo.fr\/saintdieinfo\/#\/schema\/logo\/image\/\"},\"sameAs\":[\"https:\/\/www.facebook.com\/Saintdieinfofr\",\"https:\/\/x.com\/VosgesInfo88\",\"https:\/\/www.youtube.com\/@vosgesinfo\"]},{\"@type\":\"Person\",\"@id\":\"https:\/\/vosgesinfo.fr\/saintdieinfo\/#\/schema\/person\/fa73e9f726d67bb88f46d5b7943cb572\",\"name\":\"J.J.\",\"image\":{\"@type\":\"ImageObject\",\"inLanguage\":\"fr-FR\",\"@id\":\"https:\/\/vosgesinfo.fr\/saintdieinfo\/#\/schema\/person\/image\/\",\"url\":\"https:\/\/secure.gravatar.com\/avatar\/219e749e47ffbcca018a360ae4add7d4cdf1cdaaf8bc7676b27efade3fe65615?s=96&d=mm&r=g\",\"contentUrl\":\"https:\/\/secure.gravatar.com\/avatar\/219e749e47ffbcca018a360ae4add7d4cdf1cdaaf8bc7676b27efade3fe65615?s=96&d=mm&r=g\",\"caption\":\"J.J.\"},\"url\":\"https:\/\/vosgesinfo.fr\/saintdieinfo\/author\/j-j\/\"}]}<\/script>\n<!-- \/ Yoast SEO plugin. -->","yoast_head_json":{"title":"Ban-sur-Meurthe-Clefcy \u2013 R\u00e9ouverture du restaurant \u00ab\u00a0La Clef du Ban\u00a0\u00bb - Saint Die Info","robots":{"index":"index","follow":"follow","max-snippet":"max-snippet:-1","max-image-preview":"max-image-preview:large","max-video-preview":"max-video-preview:-1"},"canonical":"https:\/\/vosgesinfo.fr\/saintdieinfo\/2025\/04\/ban-sur-meurthe-clefcy-reouverture-du-restaurant-la-clef-du-ban\/","twitter_card":"summary_large_image","twitter_title":"Ban-sur-Meurthe-Clefcy \u2013 R\u00e9ouverture du restaurant \u00ab\u00a0La Clef du Ban\u00a0\u00bb - Saint Die Info","twitter_description":"Le restaurant \u00ab La Clef du Ban \u00bb \u00e9tait ferm\u00e9 depuis un certain temps, suite \u00e0 une liquidation judiciaire prononc\u00e9e [&hellip;]","twitter_image":"https:\/\/vosgesinfo.fr\/app\/uploads\/sites\/4\/2025\/04\/ban-sur-meurthe-clefcy-reouverture-clef-du-ban-scaled.jpg","twitter_creator":"@VosgesInfo88","twitter_site":"@VosgesInfo88","twitter_misc":{"\u00c9crit par":"J.J.","Dur\u00e9e de lecture estim\u00e9e":"1 minute"},"schema":{"@context":"https:\/\/schema.org","@graph":[{"@type":"Article","@id":"https:\/\/vosgesinfo.fr\/saintdieinfo\/2025\/04\/ban-sur-meurthe-clefcy-reouverture-du-restaurant-la-clef-du-ban\/#article","isPartOf":{"@id":"https:\/\/vosgesinfo.fr\/saintdieinfo\/2025\/04\/ban-sur-meurthe-clefcy-reouverture-du-restaurant-la-clef-du-ban\/"},"author":{"name":"J.J.","@id":"https:\/\/vosgesinfo.fr\/saintdieinfo\/#\/schema\/person\/fa73e9f726d67bb88f46d5b7943cb572"},"headline":"Ban-sur-Meurthe-Clefcy \u2013 R\u00e9ouverture du restaurant \u00ab\u00a0La Clef du Ban\u00a0\u00bb","datePublished":"2025-04-15T15:51:03+00:00","dateModified":"2025-04-15T15:40:14+00:00","mainEntityOfPage":{"@id":"https:\/\/vosgesinfo.fr\/saintdieinfo\/2025\/04\/ban-sur-meurthe-clefcy-reouverture-du-restaurant-la-clef-du-ban\/"},"wordCount":118,"commentCount":0,"publisher":{"@id":"https:\/\/vosgesinfo.fr\/saintdieinfo\/#organization"},"image":{"@id":"https:\/\/vosgesinfo.fr\/saintdieinfo\/2025\/04\/ban-sur-meurthe-clefcy-reouverture-du-restaurant-la-clef-du-ban\/#primaryimage"},"thumbnailUrl":"https:\/\/vosgesinfo.fr\/app\/uploads\/sites\/4\/2025\/04\/ban-sur-meurthe-clefcy-reouverture-clef-du-ban-scaled.jpg","keywords":["Ban-sur-Meurthe-Clefcy","La Clef du Ban","R\u00e9ouverture du restaurant La Clef du Ban"],"articleSection":["A la Une","D\u00e9odatie"],"inLanguage":"fr-FR","potentialAction":[{"@type":"CommentAction","name":"Comment","target":["https:\/\/vosgesinfo.fr\/saintdieinfo\/2025\/04\/ban-sur-meurthe-clefcy-reouverture-du-restaurant-la-clef-du-ban\/#respond"]}]},{"@type":"WebPage","@id":"https:\/\/vosgesinfo.fr\/saintdieinfo\/2025\/04\/ban-sur-meurthe-clefcy-reouverture-du-restaurant-la-clef-du-ban\/","url":"https:\/\/vosgesinfo.fr\/saintdieinfo\/2025\/04\/ban-sur-meurthe-clefcy-reouverture-du-restaurant-la-clef-du-ban\/","name":"Ban-sur-Meurthe-Clefcy \u2013 R\u00e9ouverture du restaurant \u00ab\u00a0La Clef du Ban\u00a0\u00bb - Saint Die Info","isPartOf":{"@id":"https:\/\/vosgesinfo.fr\/saintdieinfo\/#website"},"primaryImageOfPage":{"@id":"https:\/\/vosgesinfo.fr\/saintdieinfo\/2025\/04\/ban-sur-meurthe-clefcy-reouverture-du-restaurant-la-clef-du-ban\/#primaryimage"},"image":{"@id":"https:\/\/vosgesinfo.fr\/saintdieinfo\/2025\/04\/ban-sur-meurthe-clefcy-reouverture-du-restaurant-la-clef-du-ban\/#primaryimage"},"thumbnailUrl":"https:\/\/vosgesinfo.fr\/app\/uploads\/sites\/4\/2025\/04\/ban-sur-meurthe-clefcy-reouverture-clef-du-ban-scaled.jpg","datePublished":"2025-04-15T15:51:03+00:00","dateModified":"2025-04-15T15:40:14+00:00","breadcrumb":{"@id":"https:\/\/vosgesinfo.fr\/saintdieinfo\/2025\/04\/ban-sur-meurthe-clefcy-reouverture-du-restaurant-la-clef-du-ban\/#breadcrumb"},"inLanguage":"fr-FR","potentialAction":[{"@type":"ReadAction","target":["https:\/\/vosgesinfo.fr\/saintdieinfo\/2025\/04\/ban-sur-meurthe-clefcy-reouverture-du-restaurant-la-clef-du-ban\/"]}]},{"@type":"ImageObject","inLanguage":"fr-FR","@id":"https:\/\/vosgesinfo.fr\/saintdieinfo\/2025\/04\/ban-sur-meurthe-clefcy-reouverture-du-restaurant-la-clef-du-ban\/#primaryimage","url":"https:\/\/vosgesinfo.fr\/app\/uploads\/sites\/4\/2025\/04\/ban-sur-meurthe-clefcy-reouverture-clef-du-ban-scaled.jpg","contentUrl":"https:\/\/vosgesinfo.fr\/app\/uploads\/sites\/4\/2025\/04\/ban-sur-meurthe-clefcy-reouverture-clef-du-ban-scaled.jpg","width":2560,"height":1730,"caption":"(Capture d'\u00e9cran Google Maps)"},{"@type":"BreadcrumbList","@id":"https:\/\/vosgesinfo.fr\/saintdieinfo\/2025\/04\/ban-sur-meurthe-clefcy-reouverture-du-restaurant-la-clef-du-ban\/#breadcrumb","itemListElement":[{"@type":"ListItem","position":1,"name":"Home","item":"https:\/\/vosgesinfo.fr\/saintdieinfo\/"},{"@type":"ListItem","position":2,"name":"Ban-sur-Meurthe-Clefcy \u2013 R\u00e9ouverture du restaurant \u00ab\u00a0La Clef du Ban\u00a0\u00bb"}]},{"@type":"WebSite","@id":"https:\/\/vosgesinfo.fr\/saintdieinfo\/#website","url":"https:\/\/vosgesinfo.fr\/saintdieinfo\/","name":"Saint Die Info","description":"Toute l&#039;actualit\u00e9 de Saint-Di\u00e9-Des-Vosges","publisher":{"@id":"https:\/\/vosgesinfo.fr\/saintdieinfo\/#organization"},"alternateName":"Toute l'actualit\u00e9 de Saint-Di\u00e9-Des-Vosges","potentialAction":[{"@type":"SearchAction","target":{"@type":"EntryPoint","urlTemplate":"https:\/\/vosgesinfo.fr\/saintdieinfo\/?s={search_term_string}"},"query-input":"required name=search_term_string"}],"inLanguage":"fr-FR"},{"@type":"Organization","@id":"https:\/\/vosgesinfo.fr\/saintdieinfo\/#organization","name":"Saint Die Info","url":"https:\/\/vosgesinfo.fr\/saintdieinfo\/","logo":{"@type":"ImageObject","inLanguage":"fr-FR","@id":"https:\/\/vosgesinfo.fr\/saintdieinfo\/#\/schema\/logo\/image\/","url":"https:\/\/vosgesinfo.fr\/app\/uploads\/sites\/4\/2024\/02\/logo-sdi.jpg","contentUrl":"https:\/\/vosgesinfo.fr\/app\/uploads\/sites\/4\/2024\/02\/logo-sdi.jpg","width":600,"height":600,"caption":"Saint Die Info"},"image":{"@id":"https:\/\/vosgesinfo.fr\/saintdieinfo\/#\/schema\/logo\/image\/"},"sameAs":["https:\/\/www.facebook.com\/Saintdieinfofr","https:\/\/x.com\/VosgesInfo88","https:\/\/www.youtube.com\/@vosgesinfo"]},{"@type":"Person","@id":"https:\/\/vosgesinfo.fr\/saintdieinfo\/#\/schema\/person\/fa73e9f726d67bb88f46d5b7943cb572","name":"J.J.","image":{"@type":"ImageObject","inLanguage":"fr-FR","@id":"https:\/\/vosgesinfo.fr\/saintdieinfo\/#\/schema\/person\/image\/","url":"https:\/\/secure.gravatar.com\/avatar\/219e749e47ffbcca018a360ae4add7d4cdf1cdaaf8bc7676b27efade3fe65615?s=96&d=mm&r=g","contentUrl":"https:\/\/secure.gravatar.com\/avatar\/219e749e47ffbcca018a360ae4add7d4cdf1cdaaf8bc7676b27efade3fe65615?s=96&d=mm&r=g","caption":"J.J."},"url":"https:\/\/vosgesinfo.fr\/saintdieinfo\/author\/j-j\/"}]}},"_links":{"self":[{"href":"https:\/\/vosgesinfo.fr\/saintdieinfo\/wp-json\/wp\/v2\/posts\/76847","targetHints":{"allow":["GET"]}}],"collection":[{"href":"https:\/\/vosgesinfo.fr\/saintdieinfo\/wp-json\/wp\/v2\/posts"}],"about":[{"href":"https:\/\/vosgesinfo.fr\/saintdieinfo\/wp-json\/wp\/v2\/types\/post"}],"author":[{"embeddable":true,"href":"https:\/\/vosgesinfo.fr\/saintdieinfo\/wp-json\/wp\/v2\/users\/46"}],"replies":[{"embeddable":true,"href":"https:\/\/vosgesinfo.fr\/saintdieinfo\/wp-json\/wp\/v2\/comments?post=76847"}],"version-history":[{"count":2,"href":"https:\/\/vosgesinfo.fr\/saintdieinfo\/wp-json\/wp\/v2\/posts\/76847\/revisions"}],"predecessor-version":[{"id":76850,"href":"https:\/\/vosgesinfo.fr\/saintdieinfo\/wp-json\/wp\/v2\/posts\/76847\/revisions\/76850"}],"wp:featuredmedia":[{"embeddable":true,"href":"https:\/\/vosgesinfo.fr\/saintdieinfo\/wp-json\/wp\/v2\/media\/76848"}],"wp:attachment":[{"href":"https:\/\/vosgesinfo.fr\/saintdieinfo\/wp-json\/wp\/v2\/media?parent=76847"}],"wp:term":[{"taxonomy":"category","embeddable":true,"href":"https:\/\/vosgesinfo.fr\/saintdieinfo\/wp-json\/wp\/v2\/categories?post=76847"},{"taxonomy":"post_tag","embeddable":true,"href":"https:\/\/vosgesinfo.fr\/saintdieinfo\/wp-json\/wp\/v2\/tags?post=76847"}],"curies":[{"name":"wp","href":"https:\/\/api.w.org\/{rel}","templated":true}]}}