{"id":76851,"date":"2025-04-16T08:35:36","date_gmt":"2025-04-16T06:35:36","guid":{"rendered":"https:\/\/vosgesinfo.fr\/saintdieinfo\/?p=76851"},"modified":"2025-10-28T10:42:53","modified_gmt":"2025-10-28T09:42:53","slug":"sublimer-son-interieur-avec-concept-dinteriors","status":"publish","type":"post","link":"https:\/\/vosgesinfo.fr\/saintdieinfo\/2025\/04\/sublimer-son-interieur-avec-concept-dinteriors\/","title":{"rendered":"Sublimer son int\u00e9rieur avec Concept d\u2019Int\u00e9riors !"},"content":{"rendered":"<p align=\"JUSTIFY\"><a href=\"https:\/\/vosgesinfo.fr\/app\/uploads\/sites\/4\/2025\/04\/concept-dinteriors-photo-premium.jpg\"><img decoding=\"async\" class=\"alignnone size-full wp-image-76859\" src=\"https:\/\/vosgesinfo.fr\/app\/uploads\/sites\/4\/2025\/04\/concept-dinteriors-photo-premium.jpg\" alt=\"\" width=\"912\" height=\"600\" srcset=\"https:\/\/vosgesinfo.fr\/app\/uploads\/sites\/4\/2025\/04\/concept-dinteriors-photo-premium.jpg 912w, https:\/\/vosgesinfo.fr\/app\/uploads\/sites\/4\/2025\/04\/concept-dinteriors-photo-premium-300x197.jpg 300w, https:\/\/vosgesinfo.fr\/app\/uploads\/sites\/4\/2025\/04\/concept-dinteriors-photo-premium-768x505.jpg 768w\" sizes=\"(max-width: 912px) 100vw, 912px\" \/><\/a><\/p>\n<h2 style=\"text-align: left;\" align=\"JUSTIFY\"><span style=\"font-size: medium;\"><b>Leader du chauffage au bois dans le secteur des Vosges, d\u2019Alsace et de Meurthe et Moselle, Concept d\u2019Int\u00e9riors vous a concoct\u00e9 des remises jusqu\u2019\u00e0 20% sur une s\u00e9lection de po\u00eales, de chemin\u00e9es et d\u2019inserts, jusqu\u2019au 26 Avril prochain. Les stocks sont limit\u00e9s !<\/b><\/span><\/h2>\n<p align=\"JUSTIFY\"><!--more--><\/p>\n<p style=\"text-align: left;\" align=\"JUSTIFY\"><span style=\"font-size: medium;\"><b>Situ\u00e9 en haut de la rue d\u2019Alsace \u00e0 Saint-Di\u00e9-Des-Vosges<\/b><\/span><span style=\"font-size: small;\">, le<\/span><b> <\/b><span style=\"font-size: small;\">magasin Concept d\u2019Int\u00e9riors, sp\u00e9cialis\u00e9 dans le conseil et l\u2018installation de po\u00eales \u00e0 granul\u00e9s, \u00e0 bois, de chemin\u00e9es, de conduit isol\u00e9 et le tubage, est \u00e0 votre service. <\/span><\/p>\n<p style=\"text-align: left;\" align=\"JUSTIFY\"><span style=\"font-size: small;\"><b>Pour partager des moments chaleureux aupr\u00e8s de vos proches et r\u00e9chauffer votre foyer avec efficacit\u00e9 et design<\/b><\/span><span style=\"font-size: small;\">, <\/span><span style=\"font-size: small;\"><b>Marie Gremillet et Louis, vous conseilleront avec grand professionnalisme et bienveillance, dans le choix et l\u2019installation de chauffage \u00e0 bois ou \u00e0 pellets qui vous correspond.<\/b><\/span><\/p>\n\n\t\t<style type=\"text\/css\">\n\t\t\t#gallery-1 {\n\t\t\t\tmargin: auto;\n\t\t\t}\n\t\t\t#gallery-1 .gallery-item {\n\t\t\t\tfloat: left;\n\t\t\t\tmargin-top: 10px;\n\t\t\t\ttext-align: center;\n\t\t\t\twidth: 33%;\n\t\t\t}\n\t\t\t#gallery-1 img {\n\t\t\t\tborder: 2px solid #cfcfcf;\n\t\t\t}\n\t\t\t#gallery-1 .gallery-caption {\n\t\t\t\tmargin-left: 0;\n\t\t\t}\n\t\t\t\/* see gallery_shortcode() in wp-includes\/media.php *\/\n\t\t<\/style>\n\t\t<div id='gallery-1' class='gallery galleryid-76851 gallery-columns-3 gallery-size-thumbnail'><dl class='gallery-item'>\n\t\t\t<dt class='gallery-icon landscape'>\n\t\t\t\t<a href='https:\/\/vosgesinfo.fr\/app\/uploads\/sites\/4\/2025\/04\/concept-dint-2.png'><img decoding=\"async\" width=\"150\" height=\"150\" src=\"https:\/\/vosgesinfo.fr\/app\/uploads\/sites\/4\/2025\/04\/concept-dint-2-150x150.png\" class=\"attachment-thumbnail size-thumbnail\" alt=\"\" \/><\/a>\n\t\t\t<\/dt><\/dl><dl class='gallery-item'>\n\t\t\t<dt class='gallery-icon landscape'>\n\t\t\t\t<a href='https:\/\/vosgesinfo.fr\/app\/uploads\/sites\/4\/2025\/04\/concept-dint-3.png'><img decoding=\"async\" width=\"150\" height=\"150\" src=\"https:\/\/vosgesinfo.fr\/app\/uploads\/sites\/4\/2025\/04\/concept-dint-3-150x150.png\" class=\"attachment-thumbnail size-thumbnail\" alt=\"\" \/><\/a>\n\t\t\t<\/dt><\/dl><dl class='gallery-item'>\n\t\t\t<dt class='gallery-icon landscape'>\n\t\t\t\t<a href='https:\/\/vosgesinfo.fr\/app\/uploads\/sites\/4\/2025\/04\/concept-dint-4.png'><img decoding=\"async\" width=\"150\" height=\"150\" src=\"https:\/\/vosgesinfo.fr\/app\/uploads\/sites\/4\/2025\/04\/concept-dint-4-150x150.png\" class=\"attachment-thumbnail size-thumbnail\" alt=\"\" \/><\/a>\n\t\t\t<\/dt><\/dl><br style=\"clear: both\" \/>\n\t\t<\/div>\n\n<p style=\"text-align: left;\" align=\"JUSTIFY\"><span style=\"font-size: small;\"><b>Sur une surface de 160 m2, le show-room tr\u00e9s spacieux vous d\u00e9voilera une grande diversit\u00e9 de chauffage \u00e9cologique et \u00e9conomique ! <\/b><\/span><span style=\"font-size: small;\">Et pour cause ! D\u00e8s l\u2019entr\u00e9e,<\/span><b> <\/b><span style=\"font-size: small;\">vous d\u00e9couvrirez <\/span><span style=\"font-size: small;\"><b>les collections de po\u00eales des grandes marques, de derni\u00e8re g\u00e9n\u00e9ration, aussi bien \u00e0 bois qu\u2019\u00e0 pellets, <\/b><\/span><span style=\"font-size: small;\">tels que Edilkamin, Oranier, Seguin, au <\/span><span style=\"font-size: small;\">rendement maximum.<\/span><\/p>\n<p style=\"text-align: left;\" align=\"JUSTIFY\"><span style=\"font-size: small;\">Vous n\u2019aurez que l\u2019embarras du choix, parmi les meilleurs<\/span><span style=\"font-size: small;\"> po\u00eales du march\u00e9 expos\u00e9s au magasin et qui c\u00f4toient les chemin\u00e9es, aussi bien classiques que d\u00e9sign\u00e9es \u00e0 la perfection ; notamment les <\/span><span style=\"font-size: small;\"><b>sublimes \u201c JC Bordelet\u201c,<\/b><\/span> <span style=\"font-size: small;\"><b> qui sont les chemin\u00e9es de fabrication fran\u00e7aise, <\/b><\/span><span style=\"font-size: small;\">modernes et uniques, elles peuvent \u00eatre centrale, murale, ou encore suspendue, et vont ravir les amateurs de confort et d\u2019esth\u00e9tique.<\/span><\/p>\n\n\t\t<style type=\"text\/css\">\n\t\t\t#gallery-2 {\n\t\t\t\tmargin: auto;\n\t\t\t}\n\t\t\t#gallery-2 .gallery-item {\n\t\t\t\tfloat: left;\n\t\t\t\tmargin-top: 10px;\n\t\t\t\ttext-align: center;\n\t\t\t\twidth: 33%;\n\t\t\t}\n\t\t\t#gallery-2 img {\n\t\t\t\tborder: 2px solid #cfcfcf;\n\t\t\t}\n\t\t\t#gallery-2 .gallery-caption {\n\t\t\t\tmargin-left: 0;\n\t\t\t}\n\t\t\t\/* see gallery_shortcode() in wp-includes\/media.php *\/\n\t\t<\/style>\n\t\t<div id='gallery-2' class='gallery galleryid-76851 gallery-columns-3 gallery-size-thumbnail'><dl class='gallery-item'>\n\t\t\t<dt class='gallery-icon landscape'>\n\t\t\t\t<a href='https:\/\/vosgesinfo.fr\/app\/uploads\/sites\/4\/2025\/04\/concept-dint-p-1.png'><img decoding=\"async\" width=\"150\" height=\"150\" src=\"https:\/\/vosgesinfo.fr\/app\/uploads\/sites\/4\/2025\/04\/concept-dint-p-1-150x150.png\" class=\"attachment-thumbnail size-thumbnail\" alt=\"\" \/><\/a>\n\t\t\t<\/dt><\/dl><dl class='gallery-item'>\n\t\t\t<dt class='gallery-icon landscape'>\n\t\t\t\t<a href='https:\/\/vosgesinfo.fr\/app\/uploads\/sites\/4\/2025\/04\/concept-dinteriors-poele-3.jpg'><img decoding=\"async\" width=\"150\" height=\"150\" src=\"https:\/\/vosgesinfo.fr\/app\/uploads\/sites\/4\/2025\/04\/concept-dinteriors-poele-3-150x150.jpg\" class=\"attachment-thumbnail size-thumbnail\" alt=\"\" srcset=\"https:\/\/vosgesinfo.fr\/app\/uploads\/sites\/4\/2025\/04\/concept-dinteriors-poele-3-150x150.jpg 150w, https:\/\/vosgesinfo.fr\/app\/uploads\/sites\/4\/2025\/04\/concept-dinteriors-poele-3-300x300.jpg 300w, https:\/\/vosgesinfo.fr\/app\/uploads\/sites\/4\/2025\/04\/concept-dinteriors-poele-3.jpg 600w\" sizes=\"(max-width: 150px) 100vw, 150px\" \/><\/a>\n\t\t\t<\/dt><\/dl><dl class='gallery-item'>\n\t\t\t<dt class='gallery-icon portrait'>\n\t\t\t\t<a href='https:\/\/vosgesinfo.fr\/app\/uploads\/sites\/4\/2025\/04\/concept-dinteriors-poele.jpg'><img decoding=\"async\" width=\"150\" height=\"150\" src=\"https:\/\/vosgesinfo.fr\/app\/uploads\/sites\/4\/2025\/04\/concept-dinteriors-poele-150x150.jpg\" class=\"attachment-thumbnail size-thumbnail\" alt=\"\" \/><\/a>\n\t\t\t<\/dt><\/dl><br style=\"clear: both\" \/>\n\t\t<\/div>\n\n<p style=\"text-align: left;\" align=\"JUSTIFY\"><span style=\"font-size: small;\"><b>Marie et Louis se feront un plaisir de vous satisfaire, selon vos envies et vos possibilit\u00e9s<\/b><\/span><span style=\"font-size: small;\"> ; L\u2019\u00e9quipe se d\u00e9place \u00e0 votre domicile afin de vous apporter l&rsquo;offre la plus adapt\u00e9e, en fonction de la faisabilit\u00e9. <\/span><span style=\"font-size: small;\"><b>Le financement est \u00e9galement possible <\/b><\/span><span style=\"font-size: small;\">avec des mensualit\u00e9s convenant \u00e0 tous les budgets.<\/span><\/p>\n<p align=\"JUSTIFY\"><strong>Alors bienvenue chez Concept d\u2018Int\u00e9riors et profitez des promotions en cours !<\/strong><\/p>\n<p align=\"JUSTIFY\"><a href=\"https:\/\/vosgesinfo.fr\/app\/uploads\/sites\/4\/2025\/04\/concept-dinteriors-batiment.jpg\"><img decoding=\"async\" class=\"alignnone size-full wp-image-76856\" src=\"https:\/\/vosgesinfo.fr\/app\/uploads\/sites\/4\/2025\/04\/concept-dinteriors-batiment.jpg\" alt=\"\" width=\"1000\" height=\"655\" srcset=\"https:\/\/vosgesinfo.fr\/app\/uploads\/sites\/4\/2025\/04\/concept-dinteriors-batiment.jpg 1000w, https:\/\/vosgesinfo.fr\/app\/uploads\/sites\/4\/2025\/04\/concept-dinteriors-batiment-300x197.jpg 300w, https:\/\/vosgesinfo.fr\/app\/uploads\/sites\/4\/2025\/04\/concept-dinteriors-batiment-768x503.jpg 768w\" sizes=\"(max-width: 1000px) 100vw, 1000px\" \/><\/a><\/p>\n<p style=\"text-align: left;\" align=\"JUSTIFY\"><strong><span style=\"font-size: small;\">148, rue d&rsquo;Alsace 88100 Saint-Di\u00e9-des-Vosges<\/span><\/strong><\/p>\n<p style=\"text-align: left;\" align=\"JUSTIFY\"><span style=\"font-size: small;\">T\u00e9l\u00e9phone : 03-29-56-88-52<\/span><\/p>\n<p style=\"text-align: left;\" align=\"JUSTIFY\"><span style=\"font-size: small;\">E-Mail : <\/span><a href=\"mailto:concept.interiors@live.fr\" target=\"_blank\" rel=\"noopener\"><span style=\"color: #dc2300;\"><span style=\"font-size: small;\"><b>concept.interiors@live.fr<\/b><\/span><\/span><\/a><\/p>\n<p style=\"text-align: left;\" align=\"JUSTIFY\"><span style=\"font-size: small;\"><b>Horaires d&rsquo;ouverture :<\/b><\/span><span style=\"font-size: small;\"> du mardi au samedi, de 9h \u00e0 12h et de 14h \u00e0 19h.<\/span><\/p>\n<p style=\"text-align: left;\" align=\"JUSTIFY\"><span style=\"font-size: small;\"><b>Site Internet :<\/b><\/span> <a href=\"https:\/\/www.conceptdinteriors.com\" target=\"_blank\" rel=\"noopener\"><span style=\"color: #dc2300;\"><span style=\"font-size: small;\"><b>www.conceptdinteriors.com<\/b><\/span><\/span><\/a><\/p>\n<p style=\"text-align: left;\" align=\"JUSTIFY\"><span style=\"font-size: small;\">R\u00e9daction et photos : Patricia Ferry-Demange<\/span><\/p>\n<p style=\"text-align: left;\" align=\"JUSTIFY\"><span style=\"font-size: small;\">Patricia.ferrydemange@gmail.com<\/span><\/p>\n","protected":false},"excerpt":{"rendered":"<p>Leader du chauffage au bois dans le secteur des Vosges, d\u2019Alsace et de Meurthe et Moselle, Concept d\u2019Int\u00e9riors vous a [&hellip;]<\/p>\n","protected":false},"author":46,"featured_media":76859,"comment_status":"open","ping_status":"open","sticky":false,"template":"","format":"standard","meta":{"footnotes":""},"categories":[460,5391,167],"tags":[],"class_list":["post-76851","post","type-post","status-publish","format-standard","has-post-thumbnail","hentry","category-a-la-une","category-gerardmer","category-saint-die-des-vosges"],"acf":[],"yoast_head":"<!-- This site is optimized with the Yoast SEO plugin v22.5 - https:\/\/yoast.com\/wordpress\/plugins\/seo\/ -->\n<title>Sublimer son int\u00e9rieur avec Concept d\u2019Int\u00e9riors ! - Saint Die Info<\/title>\n<meta name=\"robots\" content=\"index, follow, max-snippet:-1, max-image-preview:large, max-video-preview:-1\" \/>\n<link rel=\"canonical\" href=\"https:\/\/vosgesinfo.fr\/saintdieinfo\/2025\/04\/sublimer-son-interieur-avec-concept-dinteriors\/\" \/>\n<meta name=\"twitter:card\" content=\"summary_large_image\" \/>\n<meta name=\"twitter:title\" content=\"Sublimer son int\u00e9rieur avec Concept d\u2019Int\u00e9riors ! - Saint Die Info\" \/>\n<meta name=\"twitter:description\" content=\"Leader du chauffage au bois dans le secteur des Vosges, d\u2019Alsace et de Meurthe et Moselle, Concept d\u2019Int\u00e9riors vous a [&hellip;]\" \/>\n<meta name=\"twitter:image\" content=\"https:\/\/vosgesinfo.fr\/app\/uploads\/sites\/4\/2025\/04\/concept-dinteriors-photo-premium.jpg\" \/>\n<meta name=\"twitter:creator\" content=\"@VosgesInfo88\" \/>\n<meta name=\"twitter:site\" content=\"@VosgesInfo88\" \/>\n<meta name=\"twitter:label1\" content=\"\u00c9crit par\" \/>\n\t<meta name=\"twitter:data1\" content=\"J.J.\" \/>\n\t<meta name=\"twitter:label2\" content=\"Dur\u00e9e de lecture estim\u00e9e\" \/>\n\t<meta name=\"twitter:data2\" content=\"3 minutes\" \/>\n<script type=\"application\/ld+json\" class=\"yoast-schema-graph\">{\"@context\":\"https:\/\/schema.org\",\"@graph\":[{\"@type\":\"Article\",\"@id\":\"https:\/\/vosgesinfo.fr\/saintdieinfo\/2025\/04\/sublimer-son-interieur-avec-concept-dinteriors\/#article\",\"isPartOf\":{\"@id\":\"https:\/\/vosgesinfo.fr\/saintdieinfo\/2025\/04\/sublimer-son-interieur-avec-concept-dinteriors\/\"},\"author\":{\"name\":\"J.J.\",\"@id\":\"https:\/\/vosgesinfo.fr\/saintdieinfo\/#\/schema\/person\/fa73e9f726d67bb88f46d5b7943cb572\"},\"headline\":\"Sublimer son int\u00e9rieur avec Concept d\u2019Int\u00e9riors !\",\"datePublished\":\"2025-04-16T06:35:36+00:00\",\"dateModified\":\"2025-10-28T09:42:53+00:00\",\"mainEntityOfPage\":{\"@id\":\"https:\/\/vosgesinfo.fr\/saintdieinfo\/2025\/04\/sublimer-son-interieur-avec-concept-dinteriors\/\"},\"wordCount\":393,\"commentCount\":0,\"publisher\":{\"@id\":\"https:\/\/vosgesinfo.fr\/saintdieinfo\/#organization\"},\"image\":{\"@id\":\"https:\/\/vosgesinfo.fr\/saintdieinfo\/2025\/04\/sublimer-son-interieur-avec-concept-dinteriors\/#primaryimage\"},\"thumbnailUrl\":\"https:\/\/vosgesinfo.fr\/app\/uploads\/sites\/4\/2025\/04\/concept-dinteriors-photo-premium.jpg\",\"articleSection\":[\"A la Une\",\"Gerardmer\",\"Saint-Di\u00e9-des-Vosges\"],\"inLanguage\":\"fr-FR\",\"potentialAction\":[{\"@type\":\"CommentAction\",\"name\":\"Comment\",\"target\":[\"https:\/\/vosgesinfo.fr\/saintdieinfo\/2025\/04\/sublimer-son-interieur-avec-concept-dinteriors\/#respond\"]}]},{\"@type\":\"WebPage\",\"@id\":\"https:\/\/vosgesinfo.fr\/saintdieinfo\/2025\/04\/sublimer-son-interieur-avec-concept-dinteriors\/\",\"url\":\"https:\/\/vosgesinfo.fr\/saintdieinfo\/2025\/04\/sublimer-son-interieur-avec-concept-dinteriors\/\",\"name\":\"Sublimer son int\u00e9rieur avec Concept d\u2019Int\u00e9riors ! - Saint Die Info\",\"isPartOf\":{\"@id\":\"https:\/\/vosgesinfo.fr\/saintdieinfo\/#website\"},\"primaryImageOfPage\":{\"@id\":\"https:\/\/vosgesinfo.fr\/saintdieinfo\/2025\/04\/sublimer-son-interieur-avec-concept-dinteriors\/#primaryimage\"},\"image\":{\"@id\":\"https:\/\/vosgesinfo.fr\/saintdieinfo\/2025\/04\/sublimer-son-interieur-avec-concept-dinteriors\/#primaryimage\"},\"thumbnailUrl\":\"https:\/\/vosgesinfo.fr\/app\/uploads\/sites\/4\/2025\/04\/concept-dinteriors-photo-premium.jpg\",\"datePublished\":\"2025-04-16T06:35:36+00:00\",\"dateModified\":\"2025-10-28T09:42:53+00:00\",\"breadcrumb\":{\"@id\":\"https:\/\/vosgesinfo.fr\/saintdieinfo\/2025\/04\/sublimer-son-interieur-avec-concept-dinteriors\/#breadcrumb\"},\"inLanguage\":\"fr-FR\",\"potentialAction\":[{\"@type\":\"ReadAction\",\"target\":[\"https:\/\/vosgesinfo.fr\/saintdieinfo\/2025\/04\/sublimer-son-interieur-avec-concept-dinteriors\/\"]}]},{\"@type\":\"ImageObject\",\"inLanguage\":\"fr-FR\",\"@id\":\"https:\/\/vosgesinfo.fr\/saintdieinfo\/2025\/04\/sublimer-son-interieur-avec-concept-dinteriors\/#primaryimage\",\"url\":\"https:\/\/vosgesinfo.fr\/app\/uploads\/sites\/4\/2025\/04\/concept-dinteriors-photo-premium.jpg\",\"contentUrl\":\"https:\/\/vosgesinfo.fr\/app\/uploads\/sites\/4\/2025\/04\/concept-dinteriors-photo-premium.jpg\",\"width\":912,\"height\":600},{\"@type\":\"BreadcrumbList\",\"@id\":\"https:\/\/vosgesinfo.fr\/saintdieinfo\/2025\/04\/sublimer-son-interieur-avec-concept-dinteriors\/#breadcrumb\",\"itemListElement\":[{\"@type\":\"ListItem\",\"position\":1,\"name\":\"Home\",\"item\":\"https:\/\/vosgesinfo.fr\/saintdieinfo\/\"},{\"@type\":\"ListItem\",\"position\":2,\"name\":\"Sublimer son int\u00e9rieur avec Concept d\u2019Int\u00e9riors !\"}]},{\"@type\":\"WebSite\",\"@id\":\"https:\/\/vosgesinfo.fr\/saintdieinfo\/#website\",\"url\":\"https:\/\/vosgesinfo.fr\/saintdieinfo\/\",\"name\":\"Saint Die Info\",\"description\":\"Toute l&#039;actualit\u00e9 de Saint-Di\u00e9-Des-Vosges\",\"publisher\":{\"@id\":\"https:\/\/vosgesinfo.fr\/saintdieinfo\/#organization\"},\"alternateName\":\"Toute l'actualit\u00e9 de Saint-Di\u00e9-Des-Vosges\",\"potentialAction\":[{\"@type\":\"SearchAction\",\"target\":{\"@type\":\"EntryPoint\",\"urlTemplate\":\"https:\/\/vosgesinfo.fr\/saintdieinfo\/?s={search_term_string}\"},\"query-input\":\"required name=search_term_string\"}],\"inLanguage\":\"fr-FR\"},{\"@type\":\"Organization\",\"@id\":\"https:\/\/vosgesinfo.fr\/saintdieinfo\/#organization\",\"name\":\"Saint Die Info\",\"url\":\"https:\/\/vosgesinfo.fr\/saintdieinfo\/\",\"logo\":{\"@type\":\"ImageObject\",\"inLanguage\":\"fr-FR\",\"@id\":\"https:\/\/vosgesinfo.fr\/saintdieinfo\/#\/schema\/logo\/image\/\",\"url\":\"https:\/\/vosgesinfo.fr\/app\/uploads\/sites\/4\/2024\/02\/logo-sdi.jpg\",\"contentUrl\":\"https:\/\/vosgesinfo.fr\/app\/uploads\/sites\/4\/2024\/02\/logo-sdi.jpg\",\"width\":600,\"height\":600,\"caption\":\"Saint Die Info\"},\"image\":{\"@id\":\"https:\/\/vosgesinfo.fr\/saintdieinfo\/#\/schema\/logo\/image\/\"},\"sameAs\":[\"https:\/\/www.facebook.com\/Saintdieinfofr\",\"https:\/\/x.com\/VosgesInfo88\",\"https:\/\/www.youtube.com\/@vosgesinfo\"]},{\"@type\":\"Person\",\"@id\":\"https:\/\/vosgesinfo.fr\/saintdieinfo\/#\/schema\/person\/fa73e9f726d67bb88f46d5b7943cb572\",\"name\":\"J.J.\",\"image\":{\"@type\":\"ImageObject\",\"inLanguage\":\"fr-FR\",\"@id\":\"https:\/\/vosgesinfo.fr\/saintdieinfo\/#\/schema\/person\/image\/\",\"url\":\"https:\/\/secure.gravatar.com\/avatar\/219e749e47ffbcca018a360ae4add7d4cdf1cdaaf8bc7676b27efade3fe65615?s=96&d=mm&r=g\",\"contentUrl\":\"https:\/\/secure.gravatar.com\/avatar\/219e749e47ffbcca018a360ae4add7d4cdf1cdaaf8bc7676b27efade3fe65615?s=96&d=mm&r=g\",\"caption\":\"J.J.\"},\"url\":\"https:\/\/vosgesinfo.fr\/saintdieinfo\/author\/j-j\/\"}]}<\/script>\n<!-- \/ Yoast SEO plugin. -->","yoast_head_json":{"title":"Sublimer son int\u00e9rieur avec Concept d\u2019Int\u00e9riors ! - Saint Die Info","robots":{"index":"index","follow":"follow","max-snippet":"max-snippet:-1","max-image-preview":"max-image-preview:large","max-video-preview":"max-video-preview:-1"},"canonical":"https:\/\/vosgesinfo.fr\/saintdieinfo\/2025\/04\/sublimer-son-interieur-avec-concept-dinteriors\/","twitter_card":"summary_large_image","twitter_title":"Sublimer son int\u00e9rieur avec Concept d\u2019Int\u00e9riors ! - Saint Die Info","twitter_description":"Leader du chauffage au bois dans le secteur des Vosges, d\u2019Alsace et de Meurthe et Moselle, Concept d\u2019Int\u00e9riors vous a [&hellip;]","twitter_image":"https:\/\/vosgesinfo.fr\/app\/uploads\/sites\/4\/2025\/04\/concept-dinteriors-photo-premium.jpg","twitter_creator":"@VosgesInfo88","twitter_site":"@VosgesInfo88","twitter_misc":{"\u00c9crit par":"J.J.","Dur\u00e9e de lecture estim\u00e9e":"3 minutes"},"schema":{"@context":"https:\/\/schema.org","@graph":[{"@type":"Article","@id":"https:\/\/vosgesinfo.fr\/saintdieinfo\/2025\/04\/sublimer-son-interieur-avec-concept-dinteriors\/#article","isPartOf":{"@id":"https:\/\/vosgesinfo.fr\/saintdieinfo\/2025\/04\/sublimer-son-interieur-avec-concept-dinteriors\/"},"author":{"name":"J.J.","@id":"https:\/\/vosgesinfo.fr\/saintdieinfo\/#\/schema\/person\/fa73e9f726d67bb88f46d5b7943cb572"},"headline":"Sublimer son int\u00e9rieur avec Concept d\u2019Int\u00e9riors !","datePublished":"2025-04-16T06:35:36+00:00","dateModified":"2025-10-28T09:42:53+00:00","mainEntityOfPage":{"@id":"https:\/\/vosgesinfo.fr\/saintdieinfo\/2025\/04\/sublimer-son-interieur-avec-concept-dinteriors\/"},"wordCount":393,"commentCount":0,"publisher":{"@id":"https:\/\/vosgesinfo.fr\/saintdieinfo\/#organization"},"image":{"@id":"https:\/\/vosgesinfo.fr\/saintdieinfo\/2025\/04\/sublimer-son-interieur-avec-concept-dinteriors\/#primaryimage"},"thumbnailUrl":"https:\/\/vosgesinfo.fr\/app\/uploads\/sites\/4\/2025\/04\/concept-dinteriors-photo-premium.jpg","articleSection":["A la Une","Gerardmer","Saint-Di\u00e9-des-Vosges"],"inLanguage":"fr-FR","potentialAction":[{"@type":"CommentAction","name":"Comment","target":["https:\/\/vosgesinfo.fr\/saintdieinfo\/2025\/04\/sublimer-son-interieur-avec-concept-dinteriors\/#respond"]}]},{"@type":"WebPage","@id":"https:\/\/vosgesinfo.fr\/saintdieinfo\/2025\/04\/sublimer-son-interieur-avec-concept-dinteriors\/","url":"https:\/\/vosgesinfo.fr\/saintdieinfo\/2025\/04\/sublimer-son-interieur-avec-concept-dinteriors\/","name":"Sublimer son int\u00e9rieur avec Concept d\u2019Int\u00e9riors ! - Saint Die Info","isPartOf":{"@id":"https:\/\/vosgesinfo.fr\/saintdieinfo\/#website"},"primaryImageOfPage":{"@id":"https:\/\/vosgesinfo.fr\/saintdieinfo\/2025\/04\/sublimer-son-interieur-avec-concept-dinteriors\/#primaryimage"},"image":{"@id":"https:\/\/vosgesinfo.fr\/saintdieinfo\/2025\/04\/sublimer-son-interieur-avec-concept-dinteriors\/#primaryimage"},"thumbnailUrl":"https:\/\/vosgesinfo.fr\/app\/uploads\/sites\/4\/2025\/04\/concept-dinteriors-photo-premium.jpg","datePublished":"2025-04-16T06:35:36+00:00","dateModified":"2025-10-28T09:42:53+00:00","breadcrumb":{"@id":"https:\/\/vosgesinfo.fr\/saintdieinfo\/2025\/04\/sublimer-son-interieur-avec-concept-dinteriors\/#breadcrumb"},"inLanguage":"fr-FR","potentialAction":[{"@type":"ReadAction","target":["https:\/\/vosgesinfo.fr\/saintdieinfo\/2025\/04\/sublimer-son-interieur-avec-concept-dinteriors\/"]}]},{"@type":"ImageObject","inLanguage":"fr-FR","@id":"https:\/\/vosgesinfo.fr\/saintdieinfo\/2025\/04\/sublimer-son-interieur-avec-concept-dinteriors\/#primaryimage","url":"https:\/\/vosgesinfo.fr\/app\/uploads\/sites\/4\/2025\/04\/concept-dinteriors-photo-premium.jpg","contentUrl":"https:\/\/vosgesinfo.fr\/app\/uploads\/sites\/4\/2025\/04\/concept-dinteriors-photo-premium.jpg","width":912,"height":600},{"@type":"BreadcrumbList","@id":"https:\/\/vosgesinfo.fr\/saintdieinfo\/2025\/04\/sublimer-son-interieur-avec-concept-dinteriors\/#breadcrumb","itemListElement":[{"@type":"ListItem","position":1,"name":"Home","item":"https:\/\/vosgesinfo.fr\/saintdieinfo\/"},{"@type":"ListItem","position":2,"name":"Sublimer son int\u00e9rieur avec Concept d\u2019Int\u00e9riors !"}]},{"@type":"WebSite","@id":"https:\/\/vosgesinfo.fr\/saintdieinfo\/#website","url":"https:\/\/vosgesinfo.fr\/saintdieinfo\/","name":"Saint Die Info","description":"Toute l&#039;actualit\u00e9 de Saint-Di\u00e9-Des-Vosges","publisher":{"@id":"https:\/\/vosgesinfo.fr\/saintdieinfo\/#organization"},"alternateName":"Toute l'actualit\u00e9 de Saint-Di\u00e9-Des-Vosges","potentialAction":[{"@type":"SearchAction","target":{"@type":"EntryPoint","urlTemplate":"https:\/\/vosgesinfo.fr\/saintdieinfo\/?s={search_term_string}"},"query-input":"required name=search_term_string"}],"inLanguage":"fr-FR"},{"@type":"Organization","@id":"https:\/\/vosgesinfo.fr\/saintdieinfo\/#organization","name":"Saint Die Info","url":"https:\/\/vosgesinfo.fr\/saintdieinfo\/","logo":{"@type":"ImageObject","inLanguage":"fr-FR","@id":"https:\/\/vosgesinfo.fr\/saintdieinfo\/#\/schema\/logo\/image\/","url":"https:\/\/vosgesinfo.fr\/app\/uploads\/sites\/4\/2024\/02\/logo-sdi.jpg","contentUrl":"https:\/\/vosgesinfo.fr\/app\/uploads\/sites\/4\/2024\/02\/logo-sdi.jpg","width":600,"height":600,"caption":"Saint Die Info"},"image":{"@id":"https:\/\/vosgesinfo.fr\/saintdieinfo\/#\/schema\/logo\/image\/"},"sameAs":["https:\/\/www.facebook.com\/Saintdieinfofr","https:\/\/x.com\/VosgesInfo88","https:\/\/www.youtube.com\/@vosgesinfo"]},{"@type":"Person","@id":"https:\/\/vosgesinfo.fr\/saintdieinfo\/#\/schema\/person\/fa73e9f726d67bb88f46d5b7943cb572","name":"J.J.","image":{"@type":"ImageObject","inLanguage":"fr-FR","@id":"https:\/\/vosgesinfo.fr\/saintdieinfo\/#\/schema\/person\/image\/","url":"https:\/\/secure.gravatar.com\/avatar\/219e749e47ffbcca018a360ae4add7d4cdf1cdaaf8bc7676b27efade3fe65615?s=96&d=mm&r=g","contentUrl":"https:\/\/secure.gravatar.com\/avatar\/219e749e47ffbcca018a360ae4add7d4cdf1cdaaf8bc7676b27efade3fe65615?s=96&d=mm&r=g","caption":"J.J."},"url":"https:\/\/vosgesinfo.fr\/saintdieinfo\/author\/j-j\/"}]}},"_links":{"self":[{"href":"https:\/\/vosgesinfo.fr\/saintdieinfo\/wp-json\/wp\/v2\/posts\/76851","targetHints":{"allow":["GET"]}}],"collection":[{"href":"https:\/\/vosgesinfo.fr\/saintdieinfo\/wp-json\/wp\/v2\/posts"}],"about":[{"href":"https:\/\/vosgesinfo.fr\/saintdieinfo\/wp-json\/wp\/v2\/types\/post"}],"author":[{"embeddable":true,"href":"https:\/\/vosgesinfo.fr\/saintdieinfo\/wp-json\/wp\/v2\/users\/46"}],"replies":[{"embeddable":true,"href":"https:\/\/vosgesinfo.fr\/saintdieinfo\/wp-json\/wp\/v2\/comments?post=76851"}],"version-history":[{"count":3,"href":"https:\/\/vosgesinfo.fr\/saintdieinfo\/wp-json\/wp\/v2\/posts\/76851\/revisions"}],"predecessor-version":[{"id":76862,"href":"https:\/\/vosgesinfo.fr\/saintdieinfo\/wp-json\/wp\/v2\/posts\/76851\/revisions\/76862"}],"wp:featuredmedia":[{"embeddable":true,"href":"https:\/\/vosgesinfo.fr\/saintdieinfo\/wp-json\/wp\/v2\/media\/76859"}],"wp:attachment":[{"href":"https:\/\/vosgesinfo.fr\/saintdieinfo\/wp-json\/wp\/v2\/media?parent=76851"}],"wp:term":[{"taxonomy":"category","embeddable":true,"href":"https:\/\/vosgesinfo.fr\/saintdieinfo\/wp-json\/wp\/v2\/categories?post=76851"},{"taxonomy":"post_tag","embeddable":true,"href":"https:\/\/vosgesinfo.fr\/saintdieinfo\/wp-json\/wp\/v2\/tags?post=76851"}],"curies":[{"name":"wp","href":"https:\/\/api.w.org\/{rel}","templated":true}]}}