{"id":76925,"date":"2025-04-16T21:12:29","date_gmt":"2025-04-16T19:12:29","guid":{"rendered":"https:\/\/vosgesinfo.fr\/saintdieinfo\/?p=76925"},"modified":"2025-04-16T21:01:09","modified_gmt":"2025-04-16T19:01:09","slug":"droits-des-patients-un-stand-dinformation-au-centre-hospitalier-de-saint-die-des-vosges","status":"publish","type":"post","link":"https:\/\/vosgesinfo.fr\/saintdieinfo\/2025\/04\/droits-des-patients-un-stand-dinformation-au-centre-hospitalier-de-saint-die-des-vosges\/","title":{"rendered":"Droits des patients : un stand d\u2019information au Centre Hospitalier de Saint-Di\u00e9-des-Vosges"},"content":{"rendered":"<div id=\"attachment_62694\" style=\"width: 1034px\" class=\"wp-caption alignnone\"><a href=\"https:\/\/vosgesinfo.fr\/app\/uploads\/sites\/4\/2024\/08\/201710centre-hospitalier-saint-charles-31.jpg\"><img decoding=\"async\" aria-describedby=\"caption-attachment-62694\" class=\"size-large wp-image-62694\" src=\"https:\/\/vosgesinfo.fr\/app\/uploads\/sites\/4\/2024\/08\/201710centre-hospitalier-saint-charles-31-1024x486.jpg\" alt=\"\" width=\"1024\" height=\"486\" srcset=\"https:\/\/vosgesinfo.fr\/app\/uploads\/sites\/4\/2024\/08\/201710centre-hospitalier-saint-charles-31-1024x486.jpg 1024w, https:\/\/vosgesinfo.fr\/app\/uploads\/sites\/4\/2024\/08\/201710centre-hospitalier-saint-charles-31-300x143.jpg 300w, https:\/\/vosgesinfo.fr\/app\/uploads\/sites\/4\/2024\/08\/201710centre-hospitalier-saint-charles-31-768x365.jpg 768w, https:\/\/vosgesinfo.fr\/app\/uploads\/sites\/4\/2024\/08\/201710centre-hospitalier-saint-charles-31-1536x730.jpg 1536w, https:\/\/vosgesinfo.fr\/app\/uploads\/sites\/4\/2024\/08\/201710centre-hospitalier-saint-charles-31-2048x973.jpg 2048w\" sizes=\"(max-width: 1024px) 100vw, 1024px\" \/><\/a><p id=\"caption-attachment-62694\" class=\"wp-caption-text\">(Capture d&rsquo;\u00e9cran Google Maps)<\/p><\/div>\n<h2>Dans le cadre des <strong>Journ\u00e9es Europ\u00e9ennes des Droits de la Sant\u00e9 \u2013 JEDS \u2013<\/strong> les <strong>Repr\u00e9sentants des Usagers \u2013 RU \u2013<\/strong> du <strong>Centre Hospitalier Intercommunal des H\u00f4pitaux du Massif des Vosges <\/strong><strong>\u2013 <\/strong><strong>CHI HMV <\/strong><strong>\u2013 <\/strong>tiendront un <strong>stand d&rsquo;information<\/strong> le <strong>mardi 22 avril<\/strong>, de <strong>13h30 \u00e0 16h30 <\/strong>dans le hall <strong>du Centre Hospitalier de Saint-Di\u00e9-des-Vosges<\/strong>.<\/h2>\n<p><!--more--><\/p>\n<p>Cette initiative vise \u00e0 <strong>sensibiliser les patients <\/strong>sur leurs droits en mati\u00e8re de sant\u00e9. Seront notamment abord\u00e9es des questions telles que<strong> \u00ab\u00a0Qui peut \u00eatre une personne de confiance ?\u00a0\u00bb<\/strong> ou <strong>\u00ab\u00a0Les directives anticip\u00e9es, c&rsquo;est quoi ?\u00a0\u00bb<\/strong>. L&rsquo;occasion \u00e9galement <strong>d&rsquo;informer le public sur l&rsquo;espace sant\u00e9<\/strong>, et <strong>d&rsquo;expliquer le r\u00f4le des RU.<\/strong><\/p>\n<p>Ces derniers ont pour mission principale de <strong>repr\u00e9senter les usagers du syst\u00e8me de sant\u00e9<\/strong> et de veiller au <strong>respect de leurs droits et int\u00e9r\u00eats. <\/strong>Et ce \u00e0 diff\u00e9rents \u00e9chelons : local, territorial, r\u00e9gional et national.<\/p>\n<p>D\u2019autres stands seront \u00e9galement propos\u00e9s <strong>en juin<\/strong> sur les <strong>autres sites des HMV.<\/strong> Les dates pr\u00e9cises seront communiqu\u00e9es ult\u00e9rieurement.<\/p>\n","protected":false},"excerpt":{"rendered":"<p>Dans le cadre des Journ\u00e9es Europ\u00e9ennes des Droits de la Sant\u00e9 \u2013 JEDS \u2013 les Repr\u00e9sentants des Usagers \u2013 RU [&hellip;]<\/p>\n","protected":false},"author":46,"featured_media":62694,"comment_status":"open","ping_status":"open","sticky":false,"template":"","format":"standard","meta":{"footnotes":""},"categories":[460,167,4152],"tags":[3056,16922,16923],"class_list":["post-76925","post","type-post","status-publish","format-standard","has-post-thumbnail","hentry","category-a-la-une","category-saint-die-des-vosges","category-sante","tag-centre-hospitalier-de-saint-die-des-vosges","tag-journees-europeennes-des-droits-de-la-sante","tag-representants-des-usagers"],"acf":[],"yoast_head":"<!-- This site is optimized with the Yoast SEO plugin v22.5 - https:\/\/yoast.com\/wordpress\/plugins\/seo\/ -->\n<title>Droits des patients : un stand d\u2019information au Centre Hospitalier de Saint-Di\u00e9-des-Vosges - Saint Die Info<\/title>\n<meta name=\"robots\" content=\"index, follow, max-snippet:-1, max-image-preview:large, max-video-preview:-1\" \/>\n<link rel=\"canonical\" href=\"https:\/\/vosgesinfo.fr\/saintdieinfo\/2025\/04\/droits-des-patients-un-stand-dinformation-au-centre-hospitalier-de-saint-die-des-vosges\/\" \/>\n<meta name=\"twitter:card\" content=\"summary_large_image\" \/>\n<meta name=\"twitter:title\" content=\"Droits des patients : un stand d\u2019information au Centre Hospitalier de Saint-Di\u00e9-des-Vosges - Saint Die Info\" \/>\n<meta name=\"twitter:description\" content=\"Dans le cadre des Journ\u00e9es Europ\u00e9ennes des Droits de la Sant\u00e9 \u2013 JEDS \u2013 les Repr\u00e9sentants des Usagers \u2013 RU [&hellip;]\" \/>\n<meta name=\"twitter:image\" content=\"https:\/\/vosgesinfo.fr\/app\/uploads\/sites\/4\/2024\/08\/201710centre-hospitalier-saint-charles-31.jpg\" \/>\n<meta name=\"twitter:creator\" content=\"@VosgesInfo88\" \/>\n<meta name=\"twitter:site\" content=\"@VosgesInfo88\" \/>\n<meta name=\"twitter:label1\" content=\"\u00c9crit par\" \/>\n\t<meta name=\"twitter:data1\" content=\"J.J.\" \/>\n\t<meta name=\"twitter:label2\" content=\"Dur\u00e9e de lecture estim\u00e9e\" \/>\n\t<meta name=\"twitter:data2\" content=\"1 minute\" \/>\n<script type=\"application\/ld+json\" class=\"yoast-schema-graph\">{\"@context\":\"https:\/\/schema.org\",\"@graph\":[{\"@type\":\"Article\",\"@id\":\"https:\/\/vosgesinfo.fr\/saintdieinfo\/2025\/04\/droits-des-patients-un-stand-dinformation-au-centre-hospitalier-de-saint-die-des-vosges\/#article\",\"isPartOf\":{\"@id\":\"https:\/\/vosgesinfo.fr\/saintdieinfo\/2025\/04\/droits-des-patients-un-stand-dinformation-au-centre-hospitalier-de-saint-die-des-vosges\/\"},\"author\":{\"name\":\"J.J.\",\"@id\":\"https:\/\/vosgesinfo.fr\/saintdieinfo\/#\/schema\/person\/fa73e9f726d67bb88f46d5b7943cb572\"},\"headline\":\"Droits des patients : un stand d\u2019information au Centre Hospitalier de Saint-Di\u00e9-des-Vosges\",\"datePublished\":\"2025-04-16T19:12:29+00:00\",\"dateModified\":\"2025-04-16T19:01:09+00:00\",\"mainEntityOfPage\":{\"@id\":\"https:\/\/vosgesinfo.fr\/saintdieinfo\/2025\/04\/droits-des-patients-un-stand-dinformation-au-centre-hospitalier-de-saint-die-des-vosges\/\"},\"wordCount\":197,\"commentCount\":2,\"publisher\":{\"@id\":\"https:\/\/vosgesinfo.fr\/saintdieinfo\/#organization\"},\"image\":{\"@id\":\"https:\/\/vosgesinfo.fr\/saintdieinfo\/2025\/04\/droits-des-patients-un-stand-dinformation-au-centre-hospitalier-de-saint-die-des-vosges\/#primaryimage\"},\"thumbnailUrl\":\"https:\/\/vosgesinfo.fr\/app\/uploads\/sites\/4\/2024\/08\/201710centre-hospitalier-saint-charles-31.jpg\",\"keywords\":[\"Centre Hospitalier de Saint-Di\u00e9-des-Vosges\",\"Journ\u00e9es Europ\u00e9ennes des Droits de la Sant\u00e9\",\"Repr\u00e9sentants des Usagers\"],\"articleSection\":[\"A la Une\",\"Saint-Di\u00e9-des-Vosges\",\"Sant\u00e9\"],\"inLanguage\":\"fr-FR\",\"potentialAction\":[{\"@type\":\"CommentAction\",\"name\":\"Comment\",\"target\":[\"https:\/\/vosgesinfo.fr\/saintdieinfo\/2025\/04\/droits-des-patients-un-stand-dinformation-au-centre-hospitalier-de-saint-die-des-vosges\/#respond\"]}]},{\"@type\":\"WebPage\",\"@id\":\"https:\/\/vosgesinfo.fr\/saintdieinfo\/2025\/04\/droits-des-patients-un-stand-dinformation-au-centre-hospitalier-de-saint-die-des-vosges\/\",\"url\":\"https:\/\/vosgesinfo.fr\/saintdieinfo\/2025\/04\/droits-des-patients-un-stand-dinformation-au-centre-hospitalier-de-saint-die-des-vosges\/\",\"name\":\"Droits des patients : un stand d\u2019information au Centre Hospitalier de Saint-Di\u00e9-des-Vosges - Saint Die Info\",\"isPartOf\":{\"@id\":\"https:\/\/vosgesinfo.fr\/saintdieinfo\/#website\"},\"primaryImageOfPage\":{\"@id\":\"https:\/\/vosgesinfo.fr\/saintdieinfo\/2025\/04\/droits-des-patients-un-stand-dinformation-au-centre-hospitalier-de-saint-die-des-vosges\/#primaryimage\"},\"image\":{\"@id\":\"https:\/\/vosgesinfo.fr\/saintdieinfo\/2025\/04\/droits-des-patients-un-stand-dinformation-au-centre-hospitalier-de-saint-die-des-vosges\/#primaryimage\"},\"thumbnailUrl\":\"https:\/\/vosgesinfo.fr\/app\/uploads\/sites\/4\/2024\/08\/201710centre-hospitalier-saint-charles-31.jpg\",\"datePublished\":\"2025-04-16T19:12:29+00:00\",\"dateModified\":\"2025-04-16T19:01:09+00:00\",\"breadcrumb\":{\"@id\":\"https:\/\/vosgesinfo.fr\/saintdieinfo\/2025\/04\/droits-des-patients-un-stand-dinformation-au-centre-hospitalier-de-saint-die-des-vosges\/#breadcrumb\"},\"inLanguage\":\"fr-FR\",\"potentialAction\":[{\"@type\":\"ReadAction\",\"target\":[\"https:\/\/vosgesinfo.fr\/saintdieinfo\/2025\/04\/droits-des-patients-un-stand-dinformation-au-centre-hospitalier-de-saint-die-des-vosges\/\"]}]},{\"@type\":\"ImageObject\",\"inLanguage\":\"fr-FR\",\"@id\":\"https:\/\/vosgesinfo.fr\/saintdieinfo\/2025\/04\/droits-des-patients-un-stand-dinformation-au-centre-hospitalier-de-saint-die-des-vosges\/#primaryimage\",\"url\":\"https:\/\/vosgesinfo.fr\/app\/uploads\/sites\/4\/2024\/08\/201710centre-hospitalier-saint-charles-31.jpg\",\"contentUrl\":\"https:\/\/vosgesinfo.fr\/app\/uploads\/sites\/4\/2024\/08\/201710centre-hospitalier-saint-charles-31.jpg\",\"width\":2126,\"height\":1010,\"caption\":\"(Capture d'\u00e9cran Google Maps)\"},{\"@type\":\"BreadcrumbList\",\"@id\":\"https:\/\/vosgesinfo.fr\/saintdieinfo\/2025\/04\/droits-des-patients-un-stand-dinformation-au-centre-hospitalier-de-saint-die-des-vosges\/#breadcrumb\",\"itemListElement\":[{\"@type\":\"ListItem\",\"position\":1,\"name\":\"Home\",\"item\":\"https:\/\/vosgesinfo.fr\/saintdieinfo\/\"},{\"@type\":\"ListItem\",\"position\":2,\"name\":\"Droits des patients : un stand d\u2019information au Centre Hospitalier de Saint-Di\u00e9-des-Vosges\"}]},{\"@type\":\"WebSite\",\"@id\":\"https:\/\/vosgesinfo.fr\/saintdieinfo\/#website\",\"url\":\"https:\/\/vosgesinfo.fr\/saintdieinfo\/\",\"name\":\"Saint Die Info\",\"description\":\"Toute l&#039;actualit\u00e9 de Saint-Di\u00e9-Des-Vosges\",\"publisher\":{\"@id\":\"https:\/\/vosgesinfo.fr\/saintdieinfo\/#organization\"},\"alternateName\":\"Toute l'actualit\u00e9 de Saint-Di\u00e9-Des-Vosges\",\"potentialAction\":[{\"@type\":\"SearchAction\",\"target\":{\"@type\":\"EntryPoint\",\"urlTemplate\":\"https:\/\/vosgesinfo.fr\/saintdieinfo\/?s={search_term_string}\"},\"query-input\":\"required name=search_term_string\"}],\"inLanguage\":\"fr-FR\"},{\"@type\":\"Organization\",\"@id\":\"https:\/\/vosgesinfo.fr\/saintdieinfo\/#organization\",\"name\":\"Saint Die Info\",\"url\":\"https:\/\/vosgesinfo.fr\/saintdieinfo\/\",\"logo\":{\"@type\":\"ImageObject\",\"inLanguage\":\"fr-FR\",\"@id\":\"https:\/\/vosgesinfo.fr\/saintdieinfo\/#\/schema\/logo\/image\/\",\"url\":\"https:\/\/vosgesinfo.fr\/app\/uploads\/sites\/4\/2024\/02\/logo-sdi.jpg\",\"contentUrl\":\"https:\/\/vosgesinfo.fr\/app\/uploads\/sites\/4\/2024\/02\/logo-sdi.jpg\",\"width\":600,\"height\":600,\"caption\":\"Saint Die Info\"},\"image\":{\"@id\":\"https:\/\/vosgesinfo.fr\/saintdieinfo\/#\/schema\/logo\/image\/\"},\"sameAs\":[\"https:\/\/www.facebook.com\/Saintdieinfofr\",\"https:\/\/x.com\/VosgesInfo88\",\"https:\/\/www.youtube.com\/@vosgesinfo\"]},{\"@type\":\"Person\",\"@id\":\"https:\/\/vosgesinfo.fr\/saintdieinfo\/#\/schema\/person\/fa73e9f726d67bb88f46d5b7943cb572\",\"name\":\"J.J.\",\"image\":{\"@type\":\"ImageObject\",\"inLanguage\":\"fr-FR\",\"@id\":\"https:\/\/vosgesinfo.fr\/saintdieinfo\/#\/schema\/person\/image\/\",\"url\":\"https:\/\/secure.gravatar.com\/avatar\/219e749e47ffbcca018a360ae4add7d4cdf1cdaaf8bc7676b27efade3fe65615?s=96&d=mm&r=g\",\"contentUrl\":\"https:\/\/secure.gravatar.com\/avatar\/219e749e47ffbcca018a360ae4add7d4cdf1cdaaf8bc7676b27efade3fe65615?s=96&d=mm&r=g\",\"caption\":\"J.J.\"},\"url\":\"https:\/\/vosgesinfo.fr\/saintdieinfo\/author\/j-j\/\"}]}<\/script>\n<!-- \/ Yoast SEO plugin. -->","yoast_head_json":{"title":"Droits des patients : un stand d\u2019information au Centre Hospitalier de Saint-Di\u00e9-des-Vosges - Saint Die Info","robots":{"index":"index","follow":"follow","max-snippet":"max-snippet:-1","max-image-preview":"max-image-preview:large","max-video-preview":"max-video-preview:-1"},"canonical":"https:\/\/vosgesinfo.fr\/saintdieinfo\/2025\/04\/droits-des-patients-un-stand-dinformation-au-centre-hospitalier-de-saint-die-des-vosges\/","twitter_card":"summary_large_image","twitter_title":"Droits des patients : un stand d\u2019information au Centre Hospitalier de Saint-Di\u00e9-des-Vosges - Saint Die Info","twitter_description":"Dans le cadre des Journ\u00e9es Europ\u00e9ennes des Droits de la Sant\u00e9 \u2013 JEDS \u2013 les Repr\u00e9sentants des Usagers \u2013 RU [&hellip;]","twitter_image":"https:\/\/vosgesinfo.fr\/app\/uploads\/sites\/4\/2024\/08\/201710centre-hospitalier-saint-charles-31.jpg","twitter_creator":"@VosgesInfo88","twitter_site":"@VosgesInfo88","twitter_misc":{"\u00c9crit par":"J.J.","Dur\u00e9e de lecture estim\u00e9e":"1 minute"},"schema":{"@context":"https:\/\/schema.org","@graph":[{"@type":"Article","@id":"https:\/\/vosgesinfo.fr\/saintdieinfo\/2025\/04\/droits-des-patients-un-stand-dinformation-au-centre-hospitalier-de-saint-die-des-vosges\/#article","isPartOf":{"@id":"https:\/\/vosgesinfo.fr\/saintdieinfo\/2025\/04\/droits-des-patients-un-stand-dinformation-au-centre-hospitalier-de-saint-die-des-vosges\/"},"author":{"name":"J.J.","@id":"https:\/\/vosgesinfo.fr\/saintdieinfo\/#\/schema\/person\/fa73e9f726d67bb88f46d5b7943cb572"},"headline":"Droits des patients : un stand d\u2019information au Centre Hospitalier de Saint-Di\u00e9-des-Vosges","datePublished":"2025-04-16T19:12:29+00:00","dateModified":"2025-04-16T19:01:09+00:00","mainEntityOfPage":{"@id":"https:\/\/vosgesinfo.fr\/saintdieinfo\/2025\/04\/droits-des-patients-un-stand-dinformation-au-centre-hospitalier-de-saint-die-des-vosges\/"},"wordCount":197,"commentCount":2,"publisher":{"@id":"https:\/\/vosgesinfo.fr\/saintdieinfo\/#organization"},"image":{"@id":"https:\/\/vosgesinfo.fr\/saintdieinfo\/2025\/04\/droits-des-patients-un-stand-dinformation-au-centre-hospitalier-de-saint-die-des-vosges\/#primaryimage"},"thumbnailUrl":"https:\/\/vosgesinfo.fr\/app\/uploads\/sites\/4\/2024\/08\/201710centre-hospitalier-saint-charles-31.jpg","keywords":["Centre Hospitalier de Saint-Di\u00e9-des-Vosges","Journ\u00e9es Europ\u00e9ennes des Droits de la Sant\u00e9","Repr\u00e9sentants des Usagers"],"articleSection":["A la Une","Saint-Di\u00e9-des-Vosges","Sant\u00e9"],"inLanguage":"fr-FR","potentialAction":[{"@type":"CommentAction","name":"Comment","target":["https:\/\/vosgesinfo.fr\/saintdieinfo\/2025\/04\/droits-des-patients-un-stand-dinformation-au-centre-hospitalier-de-saint-die-des-vosges\/#respond"]}]},{"@type":"WebPage","@id":"https:\/\/vosgesinfo.fr\/saintdieinfo\/2025\/04\/droits-des-patients-un-stand-dinformation-au-centre-hospitalier-de-saint-die-des-vosges\/","url":"https:\/\/vosgesinfo.fr\/saintdieinfo\/2025\/04\/droits-des-patients-un-stand-dinformation-au-centre-hospitalier-de-saint-die-des-vosges\/","name":"Droits des patients : un stand d\u2019information au Centre Hospitalier de Saint-Di\u00e9-des-Vosges - Saint Die Info","isPartOf":{"@id":"https:\/\/vosgesinfo.fr\/saintdieinfo\/#website"},"primaryImageOfPage":{"@id":"https:\/\/vosgesinfo.fr\/saintdieinfo\/2025\/04\/droits-des-patients-un-stand-dinformation-au-centre-hospitalier-de-saint-die-des-vosges\/#primaryimage"},"image":{"@id":"https:\/\/vosgesinfo.fr\/saintdieinfo\/2025\/04\/droits-des-patients-un-stand-dinformation-au-centre-hospitalier-de-saint-die-des-vosges\/#primaryimage"},"thumbnailUrl":"https:\/\/vosgesinfo.fr\/app\/uploads\/sites\/4\/2024\/08\/201710centre-hospitalier-saint-charles-31.jpg","datePublished":"2025-04-16T19:12:29+00:00","dateModified":"2025-04-16T19:01:09+00:00","breadcrumb":{"@id":"https:\/\/vosgesinfo.fr\/saintdieinfo\/2025\/04\/droits-des-patients-un-stand-dinformation-au-centre-hospitalier-de-saint-die-des-vosges\/#breadcrumb"},"inLanguage":"fr-FR","potentialAction":[{"@type":"ReadAction","target":["https:\/\/vosgesinfo.fr\/saintdieinfo\/2025\/04\/droits-des-patients-un-stand-dinformation-au-centre-hospitalier-de-saint-die-des-vosges\/"]}]},{"@type":"ImageObject","inLanguage":"fr-FR","@id":"https:\/\/vosgesinfo.fr\/saintdieinfo\/2025\/04\/droits-des-patients-un-stand-dinformation-au-centre-hospitalier-de-saint-die-des-vosges\/#primaryimage","url":"https:\/\/vosgesinfo.fr\/app\/uploads\/sites\/4\/2024\/08\/201710centre-hospitalier-saint-charles-31.jpg","contentUrl":"https:\/\/vosgesinfo.fr\/app\/uploads\/sites\/4\/2024\/08\/201710centre-hospitalier-saint-charles-31.jpg","width":2126,"height":1010,"caption":"(Capture d'\u00e9cran Google Maps)"},{"@type":"BreadcrumbList","@id":"https:\/\/vosgesinfo.fr\/saintdieinfo\/2025\/04\/droits-des-patients-un-stand-dinformation-au-centre-hospitalier-de-saint-die-des-vosges\/#breadcrumb","itemListElement":[{"@type":"ListItem","position":1,"name":"Home","item":"https:\/\/vosgesinfo.fr\/saintdieinfo\/"},{"@type":"ListItem","position":2,"name":"Droits des patients : un stand d\u2019information au Centre Hospitalier de Saint-Di\u00e9-des-Vosges"}]},{"@type":"WebSite","@id":"https:\/\/vosgesinfo.fr\/saintdieinfo\/#website","url":"https:\/\/vosgesinfo.fr\/saintdieinfo\/","name":"Saint Die Info","description":"Toute l&#039;actualit\u00e9 de Saint-Di\u00e9-Des-Vosges","publisher":{"@id":"https:\/\/vosgesinfo.fr\/saintdieinfo\/#organization"},"alternateName":"Toute l'actualit\u00e9 de Saint-Di\u00e9-Des-Vosges","potentialAction":[{"@type":"SearchAction","target":{"@type":"EntryPoint","urlTemplate":"https:\/\/vosgesinfo.fr\/saintdieinfo\/?s={search_term_string}"},"query-input":"required name=search_term_string"}],"inLanguage":"fr-FR"},{"@type":"Organization","@id":"https:\/\/vosgesinfo.fr\/saintdieinfo\/#organization","name":"Saint Die Info","url":"https:\/\/vosgesinfo.fr\/saintdieinfo\/","logo":{"@type":"ImageObject","inLanguage":"fr-FR","@id":"https:\/\/vosgesinfo.fr\/saintdieinfo\/#\/schema\/logo\/image\/","url":"https:\/\/vosgesinfo.fr\/app\/uploads\/sites\/4\/2024\/02\/logo-sdi.jpg","contentUrl":"https:\/\/vosgesinfo.fr\/app\/uploads\/sites\/4\/2024\/02\/logo-sdi.jpg","width":600,"height":600,"caption":"Saint Die Info"},"image":{"@id":"https:\/\/vosgesinfo.fr\/saintdieinfo\/#\/schema\/logo\/image\/"},"sameAs":["https:\/\/www.facebook.com\/Saintdieinfofr","https:\/\/x.com\/VosgesInfo88","https:\/\/www.youtube.com\/@vosgesinfo"]},{"@type":"Person","@id":"https:\/\/vosgesinfo.fr\/saintdieinfo\/#\/schema\/person\/fa73e9f726d67bb88f46d5b7943cb572","name":"J.J.","image":{"@type":"ImageObject","inLanguage":"fr-FR","@id":"https:\/\/vosgesinfo.fr\/saintdieinfo\/#\/schema\/person\/image\/","url":"https:\/\/secure.gravatar.com\/avatar\/219e749e47ffbcca018a360ae4add7d4cdf1cdaaf8bc7676b27efade3fe65615?s=96&d=mm&r=g","contentUrl":"https:\/\/secure.gravatar.com\/avatar\/219e749e47ffbcca018a360ae4add7d4cdf1cdaaf8bc7676b27efade3fe65615?s=96&d=mm&r=g","caption":"J.J."},"url":"https:\/\/vosgesinfo.fr\/saintdieinfo\/author\/j-j\/"}]}},"_links":{"self":[{"href":"https:\/\/vosgesinfo.fr\/saintdieinfo\/wp-json\/wp\/v2\/posts\/76925","targetHints":{"allow":["GET"]}}],"collection":[{"href":"https:\/\/vosgesinfo.fr\/saintdieinfo\/wp-json\/wp\/v2\/posts"}],"about":[{"href":"https:\/\/vosgesinfo.fr\/saintdieinfo\/wp-json\/wp\/v2\/types\/post"}],"author":[{"embeddable":true,"href":"https:\/\/vosgesinfo.fr\/saintdieinfo\/wp-json\/wp\/v2\/users\/46"}],"replies":[{"embeddable":true,"href":"https:\/\/vosgesinfo.fr\/saintdieinfo\/wp-json\/wp\/v2\/comments?post=76925"}],"version-history":[{"count":1,"href":"https:\/\/vosgesinfo.fr\/saintdieinfo\/wp-json\/wp\/v2\/posts\/76925\/revisions"}],"predecessor-version":[{"id":76927,"href":"https:\/\/vosgesinfo.fr\/saintdieinfo\/wp-json\/wp\/v2\/posts\/76925\/revisions\/76927"}],"wp:featuredmedia":[{"embeddable":true,"href":"https:\/\/vosgesinfo.fr\/saintdieinfo\/wp-json\/wp\/v2\/media\/62694"}],"wp:attachment":[{"href":"https:\/\/vosgesinfo.fr\/saintdieinfo\/wp-json\/wp\/v2\/media?parent=76925"}],"wp:term":[{"taxonomy":"category","embeddable":true,"href":"https:\/\/vosgesinfo.fr\/saintdieinfo\/wp-json\/wp\/v2\/categories?post=76925"},{"taxonomy":"post_tag","embeddable":true,"href":"https:\/\/vosgesinfo.fr\/saintdieinfo\/wp-json\/wp\/v2\/tags?post=76925"}],"curies":[{"name":"wp","href":"https:\/\/api.w.org\/{rel}","templated":true}]}}